{"id":45575,"date":"2026-08-04T10:40:07","date_gmt":"2026-08-04T10:40:07","guid":{"rendered":"https:\/\/www.amatimmobiliaris.com\/w\/?p=45575"},"modified":"2026-09-04T06:59:58","modified_gmt":"2026-09-04T06:59:58","slug":"obra-nueva","status":"publish","type":"post","link":"https:\/\/www.amatimmobiliaris.com\/w\/2026\/08\/obra-nueva\/","title":{"rendered":"Obras nuevas"},"content":{"rendered":"<h1 class=\"PDq2pG_selectionAnchorContainer\"><strong>Obra nueva:<\/strong> descubre las promociones que empiezan, las que avanzan a buen ritmo y las que ya est\u00e1n listas para entrar a vivir<\/h1>\n<p style=\"margin-bottom: 15px;\">Comprar una vivienda de obra nueva es mucho m\u00e1s que adquirir una casa: es elegir un proyecto de vida. Adem\u00e1s, el momento en que reservas una vivienda puede ofrecerte diferentes ventajas.<\/p>\n<p style=\"margin-bottom: 15px;\">En AMAT disponemos de promociones en diferentes fases de comercializaci\u00f3n. Tanto si buscas reservar hoy una vivienda que se entregar\u00e1 en 2028, como si prefieres una vivienda que ya est\u00e9 pr\u00e1cticamente terminada y lista para entrar a vivir, tenemos opciones para ti.<\/p>\n<p>&nbsp;<\/p>\n<h2>Promociones que empiezan: reserva hoy y planifica tu futuro<\/h2>\n<p>&nbsp;<\/p>\n<p style=\"margin-bottom: 15px;\">Las promociones que inician su comercializaci\u00f3n son una gran oportunidad para quienes quieren comprar con previsi\u00f3n. Reservar ahora te permite disponer de tiempo hasta la entrega de llaves para planificar el ahorro y, adem\u00e1s, escoger entre un mayor n\u00famero de viviendas disponibles.<\/p>\n<p style=\"margin-bottom: 15px;\">Actualmente, las promociones que empiezan son:<\/p>\n<p>&nbsp;<\/p>\n<ul>\n<li><strong>CD6<\/strong>, en <strong>Tiana<\/strong>.<\/li>\n<li><strong>AP Granollers<\/strong>.<\/li>\n<li><strong>AP Begues<\/strong>.<\/li>\n<li><strong>Castellbisbal Homes<\/strong>, con el <strong>60% de las viviendas ya vendidas<\/strong>.<\/li>\n<li><strong>Estap\u00e9<\/strong>, en <strong>Sant Cugat del Vall\u00e8s<\/strong>, con solo <strong>2 \u00faltimas viviendas<\/strong> disponibles.<\/li>\n<li><strong>Granados<\/strong>, tambi\u00e9n en <strong>Sant Cugat del Vall\u00e8s<\/strong>, con <strong>2 \u00faltimas viviendas<\/strong>.<\/li>\n<\/ul>\n<p style=\"margin-bottom: 15px;\">Si quieres tener el m\u00e1ximo margen para escoger orientaci\u00f3n, distribuci\u00f3n o tipolog\u00eda, este es el mejor momento para reservar.<\/p>\n<p><a href=\"https:\/\/www.amatimmobiliaris.com\/ca\/obra-nova\/pisos\/barcelona\/granollers\/can-bassa\/ap-granollers\"><br \/>\n<\/a><a href=\"https:\/\/www.amatimmobiliaris.com\/es\/obra-nueva\/pisos\/barcelona\/granollers\/can-bassa\/ap-granollers\"><img loading=\"lazy\" decoding=\"async\" class=\"alignnone wp-image-45130\" src=\"https:\/\/www.amatimmobiliaris.com\/w\/wp-content\/uploads\/2026\/08\/2-819x1024.png\" alt=\"AP GRANOLLERS\" width=\"172\" height=\"215\" srcset=\"https:\/\/www.amatimmobiliaris.com\/w\/wp-content\/uploads\/2026\/08\/2-819x1024.png 819w, https:\/\/www.amatimmobiliaris.com\/w\/wp-content\/uploads\/2026\/08\/2-240x300.png 240w, https:\/\/www.amatimmobiliaris.com\/w\/wp-content\/uploads\/2026\/08\/2-768x960.png 768w, https:\/\/www.amatimmobiliaris.com\/w\/wp-content\/uploads\/2026\/08\/2.png 1080w\" sizes=\"(max-width: 172px) 100vw, 172px\" \/><\/a> <a href=\"https:\/\/www.amatimmobiliaris.com\/es\/obra-nueva\/pisos\/barcelona\/tiana\/cd6-tiana\" target=\"_blank\" rel=\"noopener\"><img loading=\"lazy\" decoding=\"async\" class=\"alignnone wp-image-45133\" src=\"https:\/\/www.amatimmobiliaris.com\/w\/wp-content\/uploads\/2026\/08\/3-819x1024.png\" alt=\"CD6 TIANA\" width=\"172\" height=\"215\" srcset=\"https:\/\/www.amatimmobiliaris.com\/w\/wp-content\/uploads\/2026\/08\/3-819x1024.png 819w, https:\/\/www.amatimmobiliaris.com\/w\/wp-content\/uploads\/2026\/08\/3-240x300.png 240w, https:\/\/www.amatimmobiliaris.com\/w\/wp-content\/uploads\/2026\/08\/3-768x960.png 768w, https:\/\/www.amatimmobiliaris.com\/w\/wp-content\/uploads\/2026\/08\/3.png 1080w\" sizes=\"(max-width: 172px) 100vw, 172px\" \/><\/a><a href=\"https:\/\/www.amatimmobiliaris.com\/ca\/obra-nova\/chalets-adosados\/barcelona\/begues\/ap-begues\" target=\"_blank\" rel=\"noopener\">\u00a0<\/a><a href=\"https:\/\/www.amatimmobiliaris.com\/es\/obra-nueva\/chalets-adosados\/barcelona\/begues\/ap-begues\" target=\"_blank\" rel=\"noopener\"><img loading=\"lazy\" decoding=\"async\" class=\"alignnone wp-image-45136\" src=\"https:\/\/www.amatimmobiliaris.com\/w\/wp-content\/uploads\/2026\/08\/4-819x1024.png\" alt=\"AP BEGUES\" width=\"172\" height=\"215\" srcset=\"https:\/\/www.amatimmobiliaris.com\/w\/wp-content\/uploads\/2026\/08\/4-819x1024.png 819w, https:\/\/www.amatimmobiliaris.com\/w\/wp-content\/uploads\/2026\/08\/4-240x300.png 240w, https:\/\/www.amatimmobiliaris.com\/w\/wp-content\/uploads\/2026\/08\/4-768x960.png 768w, https:\/\/www.amatimmobiliaris.com\/w\/wp-content\/uploads\/2026\/08\/4.png 1080w\" sizes=\"(max-width: 172px) 100vw, 172px\" \/><\/a><\/p>\n<p><a href=\"https:\/\/www.amatimmobiliaris.com\/ca\/obra-nova\/pisos\/barcelona\/sant-cugat-del-valles\/sant-domenec\/estape-pisos-nous-a-sant-domenec\" target=\"_blank\" rel=\"noopener\"><br \/>\n<\/a><a href=\"https:\/\/www.amatimmobiliaris.com\/es\/obra-nueva\/chalets-adosados\/barcelona\/castellbisbal\/castellbisbal-homes-casas-nuevas-adosadas\" target=\"_blank\" rel=\"noopener\"><img loading=\"lazy\" decoding=\"async\" class=\"alignnone wp-image-45142\" src=\"https:\/\/www.amatimmobiliaris.com\/w\/wp-content\/uploads\/2026\/08\/6-819x1024.png\" alt=\"CASTELLBISBAL HOMES\" width=\"172\" height=\"215\" srcset=\"https:\/\/www.amatimmobiliaris.com\/w\/wp-content\/uploads\/2026\/08\/6-819x1024.png 819w, https:\/\/www.amatimmobiliaris.com\/w\/wp-content\/uploads\/2026\/08\/6-240x300.png 240w, https:\/\/www.amatimmobiliaris.com\/w\/wp-content\/uploads\/2026\/08\/6-768x960.png 768w, https:\/\/www.amatimmobiliaris.com\/w\/wp-content\/uploads\/2026\/08\/6.png 1080w\" sizes=\"(max-width: 172px) 100vw, 172px\" \/><\/a> <a href=\"https:\/\/www.amatimmobiliaris.com\/es\/obra-nueva\/pisos\/barcelona\/sant-cugat-del-valles\/sant-domenec\/estape-pisos-nuevos-en-sant-domenec\" target=\"_blank\" rel=\"noopener\"><img loading=\"lazy\" decoding=\"async\" class=\"alignnone wp-image-45145\" src=\"https:\/\/www.amatimmobiliaris.com\/w\/wp-content\/uploads\/2026\/08\/7-819x1024.png\" alt=\"ESTAP\u00c9\" width=\"172\" height=\"215\" srcset=\"https:\/\/www.amatimmobiliaris.com\/w\/wp-content\/uploads\/2026\/08\/7-819x1024.png 819w, https:\/\/www.amatimmobiliaris.com\/w\/wp-content\/uploads\/2026\/08\/7-240x300.png 240w, https:\/\/www.amatimmobiliaris.com\/w\/wp-content\/uploads\/2026\/08\/7-768x960.png 768w, https:\/\/www.amatimmobiliaris.com\/w\/wp-content\/uploads\/2026\/08\/7.png 1080w\" sizes=\"(max-width: 172px) 100vw, 172px\" \/> <\/a><a href=\"https:\/\/www.amatimmobiliaris.com\/es\/obra-nueva\/pisos\/barcelona\/sant-cugat-del-valles\/granados-pisos-nuevos-en-el-centro\" target=\"_blank\" rel=\"noopener\"><img loading=\"lazy\" decoding=\"async\" class=\"alignnone wp-image-45148\" src=\"https:\/\/www.amatimmobiliaris.com\/w\/wp-content\/uploads\/2026\/08\/8-819x1024.png\" alt=\"GRANADOS\" width=\"172\" height=\"215\" srcset=\"https:\/\/www.amatimmobiliaris.com\/w\/wp-content\/uploads\/2026\/08\/8-819x1024.png 819w, https:\/\/www.amatimmobiliaris.com\/w\/wp-content\/uploads\/2026\/08\/8-240x300.png 240w, https:\/\/www.amatimmobiliaris.com\/w\/wp-content\/uploads\/2026\/08\/8-768x960.png 768w, https:\/\/www.amatimmobiliaris.com\/w\/wp-content\/uploads\/2026\/08\/8.png 1080w\" sizes=\"(max-width: 172px) 100vw, 172px\" \/><\/a><\/p>\n<h2>Promociones en construcci\u00f3n: cada vez m\u00e1s cerca<\/h2>\n<p>&nbsp;<\/p>\n<p style=\"margin-bottom: 15px;\">Las obras avanzan a buen ritmo y la entrega est\u00e1 prevista durante <strong>2027<\/strong>. Todav\u00eda est\u00e1s a tiempo de reservar las \u00faltimas unidades disponibles.<\/p>\n<p style=\"margin-bottom: 15px;\">Entre estas promociones destacan:<\/p>\n<ul>\n<li><strong>SINGULAR<\/strong>, en <strong>El Prat de Llobregat<\/strong>, con el <strong>60% de la promoci\u00f3n vendida<\/strong>. Actualmente, los compradores pueden <strong>escoger los acabados<\/strong> de su futura vivienda.<\/li>\n<li><strong>Miravern-Vil\u00e0<\/strong>, en <strong>Sant Just Desvern<\/strong>, donde ya es posible visitar el <strong>showroom<\/strong> para conocer los materiales, los acabados y los detalles constructivos.<\/li>\n<li><strong>Torre de l&#8217;Hereu<\/strong>, en <strong>Sant Just Desvern<\/strong>, con solo <strong>2 \u00faltimas viviendas<\/strong> disponibles.<\/li>\n<li><strong>GP40<\/strong>, en <strong>Rub\u00ed<\/strong>, donde solo queda <strong>la \u00faltima vivienda<\/strong>.<\/li>\n<li><strong>Creu 8<\/strong>, en <strong>Sant Just Desvern<\/strong>, promoci\u00f3n <strong>completamente vendida<\/strong>, confirmando el inter\u00e9s que sigue despertando la obra nueva en esta ubicaci\u00f3n.<\/li>\n<li><strong>Garrofers-Merl\u00e8s<\/strong>, en <strong>Sant Just Desvern<\/strong>, donde solo quedan <strong>3 \u00faltimas viviendas<\/strong>.<\/li>\n<\/ul>\n<p><a href=\"https:\/\/www.amatimmobiliaris.com\/ca\/obra-nova\/pisos\/barcelona\/prat-de-llobregat-el\/centro-urbano\/descobreix-un-estil-de-vida-singular\" target=\"_blank\" rel=\"noopener\"><br \/>\n<\/a><a href=\"https:\/\/www.amatimmobiliaris.com\/es\/obra-nueva\/pisos\/barcelona\/prat-de-llobregat-el\/centro-urbano\/descubre-un-estilo-de-vida-singular\" target=\"_blank\" rel=\"noopener\"><img loading=\"lazy\" decoding=\"async\" class=\"alignnone wp-image-45162\" src=\"https:\/\/www.amatimmobiliaris.com\/w\/wp-content\/uploads\/2026\/08\/9-819x1024.png\" alt=\"SINGULAR PRAT\" width=\"172\" height=\"215\" srcset=\"https:\/\/www.amatimmobiliaris.com\/w\/wp-content\/uploads\/2026\/08\/9-819x1024.png 819w, https:\/\/www.amatimmobiliaris.com\/w\/wp-content\/uploads\/2026\/08\/9-240x300.png 240w, https:\/\/www.amatimmobiliaris.com\/w\/wp-content\/uploads\/2026\/08\/9-768x960.png 768w, https:\/\/www.amatimmobiliaris.com\/w\/wp-content\/uploads\/2026\/08\/9.png 1080w\" sizes=\"(max-width: 172px) 100vw, 172px\" \/><\/a> <a href=\"https:\/\/www.amatimmobiliaris.com\/es\/obra-nueva\/pisos\/barcelona\/sant-just-desvern\/mas-llui\/miravern-vila-pisos-nuevos-en-torreblanca\" target=\"_blank\" rel=\"noopener\"><img loading=\"lazy\" decoding=\"async\" class=\"alignnone wp-image-45191\" src=\"https:\/\/www.amatimmobiliaris.com\/w\/wp-content\/uploads\/2026\/08\/10-1-819x1024.png\" alt=\"MIRAVERN VIL\u00c0\" width=\"172\" height=\"215\" srcset=\"https:\/\/www.amatimmobiliaris.com\/w\/wp-content\/uploads\/2026\/08\/10-1-819x1024.png 819w, https:\/\/www.amatimmobiliaris.com\/w\/wp-content\/uploads\/2026\/08\/10-1-240x300.png 240w, https:\/\/www.amatimmobiliaris.com\/w\/wp-content\/uploads\/2026\/08\/10-1-768x960.png 768w, https:\/\/www.amatimmobiliaris.com\/w\/wp-content\/uploads\/2026\/08\/10-1.png 1080w\" sizes=\"(max-width: 172px) 100vw, 172px\" \/><\/a><a href=\"https:\/\/www.amatimmobiliaris.com\/es\/obra-nueva\/pisos\/barcelona\/sant-just-desvern\/barri-centre\/torre-hereu-exclusivas-viviendas-nuevas-con-historia\" target=\"_blank\" rel=\"noopener\"><img loading=\"lazy\" decoding=\"async\" class=\"alignnone wp-image-45168\" src=\"https:\/\/www.amatimmobiliaris.com\/w\/wp-content\/uploads\/2026\/08\/11-819x1024.png\" alt=\"TORRE HEREU\" width=\"172\" height=\"215\" srcset=\"https:\/\/www.amatimmobiliaris.com\/w\/wp-content\/uploads\/2026\/08\/11-819x1024.png 819w, https:\/\/www.amatimmobiliaris.com\/w\/wp-content\/uploads\/2026\/08\/11-240x300.png 240w, https:\/\/www.amatimmobiliaris.com\/w\/wp-content\/uploads\/2026\/08\/11-768x960.png 768w, https:\/\/www.amatimmobiliaris.com\/w\/wp-content\/uploads\/2026\/08\/11.png 1080w\" sizes=\"(max-width: 172px) 100vw, 172px\" \/><\/a><\/p>\n<p><a href=\"https:\/\/www.amatimmobiliaris.com\/es\/obra-nueva\/pisos\/barcelona\/rubi\/zona-centro\/gp40-pisos-nuevos-en-el-centro\" target=\"_blank\" rel=\"noopener\"><img loading=\"lazy\" decoding=\"async\" class=\"alignnone wp-image-45171\" src=\"https:\/\/www.amatimmobiliaris.com\/w\/wp-content\/uploads\/2026\/08\/12-819x1024.png\" alt=\"GP 40\" width=\"172\" height=\"215\" srcset=\"https:\/\/www.amatimmobiliaris.com\/w\/wp-content\/uploads\/2026\/08\/12-819x1024.png 819w, https:\/\/www.amatimmobiliaris.com\/w\/wp-content\/uploads\/2026\/08\/12-240x300.png 240w, https:\/\/www.amatimmobiliaris.com\/w\/wp-content\/uploads\/2026\/08\/12-768x960.png 768w, https:\/\/www.amatimmobiliaris.com\/w\/wp-content\/uploads\/2026\/08\/12.png 1080w\" sizes=\"(max-width: 172px) 100vw, 172px\" \/><\/a><a href=\"https:\/\/www.amatimmobiliaris.com\/ca\/obra-nova\/pisos\/barcelona\/sant-just-desvern\/barri-centre\/creu-8-exclusius-habitatges-nous-al-centre\" target=\"_blank\" rel=\"noopener nofollow\" class=\"broken_link\"><img loading=\"lazy\" decoding=\"async\" class=\"alignnone wp-image-45174\" src=\"https:\/\/www.amatimmobiliaris.com\/w\/wp-content\/uploads\/2026\/08\/13-819x1024.png\" alt=\"CREU 8\" width=\"172\" height=\"215\" srcset=\"https:\/\/www.amatimmobiliaris.com\/w\/wp-content\/uploads\/2026\/08\/13-819x1024.png 819w, https:\/\/www.amatimmobiliaris.com\/w\/wp-content\/uploads\/2026\/08\/13-240x300.png 240w, https:\/\/www.amatimmobiliaris.com\/w\/wp-content\/uploads\/2026\/08\/13-768x960.png 768w, https:\/\/www.amatimmobiliaris.com\/w\/wp-content\/uploads\/2026\/08\/13.png 1080w\" sizes=\"(max-width: 172px) 100vw, 172px\" \/> <\/a><a href=\"https:\/\/www.amatimmobiliaris.com\/es\/obra-nueva\/pisos\/barcelona\/sant-just-desvern\/bellsoleig\/els-garrofers-merles\" target=\"_blank\" rel=\"noopener\"><img loading=\"lazy\" decoding=\"async\" class=\"alignnone wp-image-45139\" src=\"https:\/\/www.amatimmobiliaris.com\/w\/wp-content\/uploads\/2026\/08\/5-819x1024.png\" alt=\"GARROFERS MERL\u00c8S\" width=\"172\" height=\"215\" srcset=\"https:\/\/www.amatimmobiliaris.com\/w\/wp-content\/uploads\/2026\/08\/5-819x1024.png 819w, https:\/\/www.amatimmobiliaris.com\/w\/wp-content\/uploads\/2026\/08\/5-240x300.png 240w, https:\/\/www.amatimmobiliaris.com\/w\/wp-content\/uploads\/2026\/08\/5-768x960.png 768w, https:\/\/www.amatimmobiliaris.com\/w\/wp-content\/uploads\/2026\/08\/5.png 1080w\" sizes=\"(max-width: 172px) 100vw, 172px\" \/><\/a><\/p>\n<h2>Viviendas listas para entrar a vivir<\/h2>\n<p>&nbsp;<\/p>\n<p style=\"margin-bottom: 15px;\">Si lo que buscas es estrenar casa sin esperar, tambi\u00e9n disponemos de promociones con entrega este mismo a\u00f1o.<\/p>\n<p style=\"margin-bottom: 15px;\">Es el caso de <strong>Garrofers Solanes<\/strong>, en <strong>Sant Just Desvern<\/strong>, con viviendas <strong>listas para entrar a vivir<\/strong>.<\/p>\n<p style=\"margin-bottom: 15px;\">Otras promociones finalizadas en 2026, como <strong>Remunta Centre II<\/strong>, en <strong>L&#8217;Hospitalet de Llobregat<\/strong>, y <strong>Can Nolla<\/strong>, en <strong>Vilassar de Dalt<\/strong>, ya han sido <strong>comercializadas \u00edntegramente<\/strong>, un indicador de la buena acogida que sigue teniendo la obra nueva.<\/p>\n<p style=\"margin-bottom: 15px;\"><a href=\"https:\/\/www.amatimmobiliaris.com\/ca\/obra-nova\/pisos\/barcelona\/sant-just-desvern\/can-melich\/els-garrofers-solanes\" target=\"_blank\" rel=\"noopener\"><br \/>\n<\/a><a href=\"https:\/\/www.amatimmobiliaris.com\/es\/obra-nueva\/pisos\/barcelona\/sant-just-desvern\/can-melich\/els-garrofers-solanes\" target=\"_blank\" rel=\"noopener\"><img loading=\"lazy\" decoding=\"async\" class=\"alignnone wp-image-45180\" src=\"https:\/\/www.amatimmobiliaris.com\/w\/wp-content\/uploads\/2026\/08\/14-819x1024.png\" alt=\"GARROFERS SOLANES\" width=\"172\" height=\"215\" srcset=\"https:\/\/www.amatimmobiliaris.com\/w\/wp-content\/uploads\/2026\/08\/14-819x1024.png 819w, https:\/\/www.amatimmobiliaris.com\/w\/wp-content\/uploads\/2026\/08\/14-240x300.png 240w, https:\/\/www.amatimmobiliaris.com\/w\/wp-content\/uploads\/2026\/08\/14-768x960.png 768w, https:\/\/www.amatimmobiliaris.com\/w\/wp-content\/uploads\/2026\/08\/14.png 1080w\" sizes=\"(max-width: 172px) 100vw, 172px\" \/><\/a> <a href=\"https:\/\/www.amatimmobiliaris.com\/es\/obra-nueva\/pisos\/barcelona\/hospitalet-de-llobregat-l\/centro\/remunta-centre-fase-2\" target=\"_blank\" rel=\"noopener\"><img loading=\"lazy\" decoding=\"async\" class=\"alignnone wp-image-45183\" src=\"https:\/\/www.amatimmobiliaris.com\/w\/wp-content\/uploads\/2026\/08\/15-819x1024.png\" alt=\"REMUNTA\" width=\"172\" height=\"215\" srcset=\"https:\/\/www.amatimmobiliaris.com\/w\/wp-content\/uploads\/2026\/08\/15-819x1024.png 819w, https:\/\/www.amatimmobiliaris.com\/w\/wp-content\/uploads\/2026\/08\/15-240x300.png 240w, https:\/\/www.amatimmobiliaris.com\/w\/wp-content\/uploads\/2026\/08\/15-768x960.png 768w, https:\/\/www.amatimmobiliaris.com\/w\/wp-content\/uploads\/2026\/08\/15.png 1080w\" sizes=\"(max-width: 172px) 100vw, 172px\" \/> <\/a><a href=\"https:\/\/www.amatimmobiliaris.com\/es\/obra-nueva\/chalets-unifamiliares\/barcelona\/vilassar-de-dalt\/can-nolla-casas-nuevas-con-jardin-y-piscina-privados\" target=\"_blank\" rel=\"noopener\"><img loading=\"lazy\" decoding=\"async\" class=\"alignnone wp-image-45186\" src=\"https:\/\/www.amatimmobiliaris.com\/w\/wp-content\/uploads\/2026\/08\/16-819x1024.png\" alt=\"CAN NOLLA\" width=\"172\" height=\"215\" srcset=\"https:\/\/www.amatimmobiliaris.com\/w\/wp-content\/uploads\/2026\/08\/16-819x1024.png 819w, https:\/\/www.amatimmobiliaris.com\/w\/wp-content\/uploads\/2026\/08\/16-240x300.png 240w, https:\/\/www.amatimmobiliaris.com\/w\/wp-content\/uploads\/2026\/08\/16-768x960.png 768w, https:\/\/www.amatimmobiliaris.com\/w\/wp-content\/uploads\/2026\/08\/16.png 1080w\" sizes=\"(max-width: 172px) 100vw, 172px\" \/><\/a><\/p>\n<p>&nbsp;<\/p>\n<h2>\u00bfCu\u00e1l es el mejor momento para comprar?<\/h2>\n<p>&nbsp;<\/p>\n<p style=\"margin-bottom: 15px;\">No hay una \u00fanica respuesta. Depender\u00e1 de tu proyecto personal.<\/p>\n<ul>\n<li><strong>Si quieres el m\u00e1ximo margen para escoger vivienda y planificar el ahorro<\/strong>, las promociones que empiezan son la mejor opci\u00f3n.<\/li>\n<li><strong>Si prefieres ver la evoluci\u00f3n de las obras y entrar a vivir durante 2027<\/strong>, las promociones en construcci\u00f3n todav\u00eda ofrecen excelentes oportunidades.<\/li>\n<li><strong>Si necesitas mudarte pronto<\/strong>, las viviendas con entrega inmediata son la soluci\u00f3n ideal.<\/li>\n<\/ul>\n<p style=\"margin-bottom: 15px;\">En <strong>AMAT Immobiliaris<\/strong> te acompa\u00f1amos durante todo el proceso para que puedas encontrar la promoci\u00f3n que mejor se adapte a tus necesidades.<\/p>\n<p style=\"margin-bottom: 15px;\"><strong>\u00bfQuieres m\u00e1s informaci\u00f3n sobre alguna de estas promociones? Contacta con nuestro equipo y te ayudaremos a encontrar tu nueva vivienda.<\/strong><\/p>\n<p>&nbsp;<\/p>\n<h5 style=\"text-align: justify;\"><strong>\u00bfTe ha gustado este contenido? <b>\u00a1Comp\u00e1rtelo!<\/b><\/strong><\/h5>\n<h5 style=\"text-align: justify;\"><a href=\"https:\/\/www.facebook.com\/sharer\/sharer.php?u=https%3A%2F%2Fwww.amatimmobiliaris.com%2Fw%2Fca%2F2024%2F01%2F11un-repas-rapid-del-2023-diari-del-canvi-no101%2F\" class=\"broken_link\" rel=\"nofollow\"><br \/>\n<img loading=\"lazy\" decoding=\"async\" class=\"alignnone size-full wp-image-19024\" src=\"https:\/\/www.amatimmobiliaris.com\/w\/wp-content\/uploads\/2021\/11\/fb.png\" alt=\"\" width=\"12\" height=\"24\" \/><br \/>\n<\/a><\/h5>\n<p><a href=\"https:\/\/www.linkedin.com\/sharing\/share-offsite\/?url=https%3A%2F%2Fwww.amatimmobiliaris.com%2Fw%2Fca%2F2024%2F01%2F11un-repas-rapid-del-2023-diari-del-canvi-no101%2F\"><br \/>\n<img loading=\"lazy\" decoding=\"async\" class=\"alignnone size-full wp-image-19028\" src=\"https:\/\/www.amatimmobiliaris.com\/w\/wp-content\/uploads\/2021\/11\/linkedin.png\" alt=\"\" width=\"25\" height=\"25\" \/><br \/>\n<\/a><\/p>\n","protected":false},"excerpt":{"rendered":"<p>Obra nueva: descubre las promociones que empiezan, las que avanzan a buen ritmo y las que ya est\u00e1n listas para entrar a vivir Comprar una vivienda de obra nueva es mucho m\u00e1s que adquirir una casa: es elegir un proyecto de vida. Adem\u00e1s, el momento en que reservas una vivienda puede ofrecerte diferentes ventajas. En [&hellip;]<\/p>\n","protected":false},"author":6,"featured_media":45581,"comment_status":"closed","ping_status":"closed","sticky":false,"template":"","format":"standard","meta":{"content-type":"","footnotes":""},"categories":[2125],"tags":[],"yoast_head":"<!-- This site is optimized with the Yoast SEO plugin v23.9 - https:\/\/yoast.com\/wordpress\/plugins\/seo\/ -->\n<title>Obras nuevas | Amat Immobiliaris<\/title>\n<meta name=\"description\" content=\"Comprar una vivienda de obra nueva es mucho m\u00e1s que adquirir una casa: es elegir un proyecto de vida. Adem\u00e1s, el momento en que reservas una vivienda puede ofrecerte diferentes ventajas.En AMAT disponemos de promociones en diferentes fases de comercializaci\u00f3n. Tanto si buscas reservar hoy una vivienda que se entregar\u00e1 en 2028, como si prefieres una vivienda que ya est\u00e9 pr\u00e1cticamente terminada y lista para entrar a vivir, tenemos opciones para ti.\" \/>\n<meta name=\"robots\" content=\"index, follow, max-snippet:-1, max-image-preview:large, max-video-preview:-1\" \/>\n<link rel=\"canonical\" href=\"https:\/\/www.amatimmobiliaris.com\/pasar-pagina\" \/>\n<meta property=\"og:locale\" content=\"es_ES\" \/>\n<meta property=\"og:type\" content=\"article\" \/>\n<meta property=\"og:title\" content=\"Obras nuevas | Amat Immobiliaris\" \/>\n<meta property=\"og:description\" content=\"Comprar una vivienda de obra nueva es mucho m\u00e1s que adquirir una casa: es elegir un proyecto de vida. Adem\u00e1s, el momento en que reservas una vivienda puede ofrecerte diferentes ventajas.En AMAT disponemos de promociones en diferentes fases de comercializaci\u00f3n. Tanto si buscas reservar hoy una vivienda que se entregar\u00e1 en 2028, como si prefieres una vivienda que ya est\u00e9 pr\u00e1cticamente terminada y lista para entrar a vivir, tenemos opciones para ti.\" \/>\n<meta property=\"og:url\" content=\"https:\/\/www.amatimmobiliaris.com\/pasar-pagina\" \/>\n<meta property=\"og:site_name\" content=\"Amat Immobiliaris\" \/>\n<meta property=\"article:publisher\" content=\"https:\/\/www.facebook.com\/amatimmobiliaris\" \/>\n<meta property=\"article:published_time\" content=\"2026-08-04T10:40:07+00:00\" \/>\n<meta property=\"article:modified_time\" content=\"2026-09-04T06:59:58+00:00\" \/>\n<meta property=\"og:image\" content=\"https:\/\/www.amatimmobiliaris.com\/w\/wp-content\/uploads\/2026\/08\/1.png\" \/>\n\t<meta property=\"og:image:width\" content=\"1080\" \/>\n\t<meta property=\"og:image:height\" content=\"1350\" \/>\n\t<meta property=\"og:image:type\" content=\"image\/png\" \/>\n<meta name=\"author\" content=\"Carol Gimeno\" \/>\n<meta name=\"twitter:card\" content=\"summary_large_image\" \/>\n<meta name=\"twitter:creator\" content=\"@amat_cat\" \/>\n<meta name=\"twitter:site\" content=\"@amat_cat\" \/>\n<meta name=\"twitter:label1\" content=\"Escrito por\" \/>\n\t<meta name=\"twitter:data1\" content=\"Carol Gimeno\" \/>\n\t<meta name=\"twitter:label2\" content=\"Tiempo de lectura\" \/>\n\t<meta name=\"twitter:data2\" content=\"7 minutos\" \/>\n<script type=\"application\/ld+json\" class=\"yoast-schema-graph\">{\"@context\":\"https:\/\/schema.org\",\"@graph\":[{\"@type\":\"Article\",\"@id\":\"https:\/\/www.amatimmobiliaris.com\/pasar-pagina#article\",\"isPartOf\":{\"@id\":\"https:\/\/www.amatimmobiliaris.com\/w\/2026\/08\/obra-nueva\/\"},\"author\":{\"name\":\"Carol Gimeno\",\"@id\":\"https:\/\/www.amatimmobiliaris.com\/w\/#\/schema\/person\/55733486ef4ed9dc8f062a5c17ec8598\"},\"headline\":\"Obras nuevas\",\"datePublished\":\"2026-08-04T10:40:07+00:00\",\"dateModified\":\"2026-09-04T06:59:58+00:00\",\"mainEntityOfPage\":{\"@id\":\"https:\/\/www.amatimmobiliaris.com\/w\/2026\/08\/obra-nueva\/\"},\"wordCount\":582,\"publisher\":{\"@id\":\"https:\/\/www.amatimmobiliaris.com\/w\/#organization\"},\"image\":{\"@id\":\"https:\/\/www.amatimmobiliaris.com\/pasar-pagina#primaryimage\"},\"thumbnailUrl\":\"https:\/\/www.amatimmobiliaris.com\/w\/wp-content\/uploads\/2026\/08\/1.png\",\"articleSection\":[\"Immuebles destacados\"],\"inLanguage\":\"es\"},{\"@type\":\"WebPage\",\"@id\":\"https:\/\/www.amatimmobiliaris.com\/w\/2026\/08\/obra-nueva\/\",\"url\":\"https:\/\/www.amatimmobiliaris.com\/pasar-pagina\",\"name\":\"Obras nuevas | Amat Immobiliaris\",\"isPartOf\":{\"@id\":\"https:\/\/www.amatimmobiliaris.com\/w\/#website\"},\"primaryImageOfPage\":{\"@id\":\"https:\/\/www.amatimmobiliaris.com\/pasar-pagina#primaryimage\"},\"image\":{\"@id\":\"https:\/\/www.amatimmobiliaris.com\/pasar-pagina#primaryimage\"},\"thumbnailUrl\":\"https:\/\/www.amatimmobiliaris.com\/w\/wp-content\/uploads\/2026\/08\/1.png\",\"datePublished\":\"2026-08-04T10:40:07+00:00\",\"dateModified\":\"2026-09-04T06:59:58+00:00\",\"description\":\"Comprar una vivienda de obra nueva es mucho m\u00e1s que adquirir una casa: es elegir un proyecto de vida. Adem\u00e1s, el momento en que reservas una vivienda puede ofrecerte diferentes ventajas.En AMAT disponemos de promociones en diferentes fases de comercializaci\u00f3n. Tanto si buscas reservar hoy una vivienda que se entregar\u00e1 en 2028, como si prefieres una vivienda que ya est\u00e9 pr\u00e1cticamente terminada y lista para entrar a vivir, tenemos opciones para ti.\",\"breadcrumb\":{\"@id\":\"https:\/\/www.amatimmobiliaris.com\/pasar-pagina#breadcrumb\"},\"inLanguage\":\"es\",\"potentialAction\":[{\"@type\":\"ReadAction\",\"target\":[\"https:\/\/www.amatimmobiliaris.com\/pasar-pagina\"]}]},{\"@type\":\"ImageObject\",\"inLanguage\":\"es\",\"@id\":\"https:\/\/www.amatimmobiliaris.com\/pasar-pagina#primaryimage\",\"url\":\"https:\/\/www.amatimmobiliaris.com\/w\/wp-content\/uploads\/2026\/08\/1.png\",\"contentUrl\":\"https:\/\/www.amatimmobiliaris.com\/w\/wp-content\/uploads\/2026\/08\/1.png\",\"width\":1080,\"height\":1350},{\"@type\":\"BreadcrumbList\",\"@id\":\"https:\/\/www.amatimmobiliaris.com\/pasar-pagina#breadcrumb\",\"itemListElement\":[{\"@type\":\"ListItem\",\"position\":1,\"name\":\"Home\",\"item\":\"https:\/\/www.amatimmobiliaris.com\/w\/\"},{\"@type\":\"ListItem\",\"position\":2,\"name\":\"Immuebles destacados\",\"item\":\"https:\/\/www.amatimmobiliaris.com\/w\/category\/immuebles-destacados\/\"},{\"@type\":\"ListItem\",\"position\":3,\"name\":\"Obras nuevas\"}]},{\"@type\":\"WebSite\",\"@id\":\"https:\/\/www.amatimmobiliaris.com\/w\/#website\",\"url\":\"https:\/\/www.amatimmobiliaris.com\/w\/\",\"name\":\"Amat Immobiliaris\",\"description\":\"Empresa familiar del sector inmobiliario con oficinas en Barcelona, Sant Cugat del Vall\u00e9s y Sant Just Desvern. Te ayudamos a comprar, alquilar o vender tu casa o piso. Somos un equipo coherente con una cultura de empresa honesta, innovadora y eficaz. Tambi\u00e9n en www.amatluxury.com\",\"publisher\":{\"@id\":\"https:\/\/www.amatimmobiliaris.com\/w\/#organization\"},\"alternateName\":\"AmatImmo\",\"potentialAction\":[{\"@type\":\"SearchAction\",\"target\":{\"@type\":\"EntryPoint\",\"urlTemplate\":\"https:\/\/www.amatimmobiliaris.com\/w\/?s={search_term_string}\"},\"query-input\":{\"@type\":\"PropertyValueSpecification\",\"valueRequired\":true,\"valueName\":\"search_term_string\"}}],\"inLanguage\":\"es\"},{\"@type\":\"Organization\",\"@id\":\"https:\/\/www.amatimmobiliaris.com\/w\/#organization\",\"name\":\"Amat Immobiliaris\",\"url\":\"https:\/\/www.amatimmobiliaris.com\/w\/\",\"logo\":{\"@type\":\"ImageObject\",\"inLanguage\":\"es\",\"@id\":\"https:\/\/www.amatimmobiliaris.com\/w\/#\/schema\/logo\/image\/\",\"url\":\"https:\/\/www.amatimmobiliaris.com\/w\/wp-content\/uploads\/2022\/10\/amat-logo.jpg\",\"contentUrl\":\"https:\/\/www.amatimmobiliaris.com\/w\/wp-content\/uploads\/2022\/10\/amat-logo.jpg\",\"width\":900,\"height\":900,\"caption\":\"Amat Immobiliaris\"},\"image\":{\"@id\":\"https:\/\/www.amatimmobiliaris.com\/w\/#\/schema\/logo\/image\/\"},\"sameAs\":[\"https:\/\/www.facebook.com\/amatimmobiliaris\",\"https:\/\/x.com\/amat_cat\",\"https:\/\/www.instagram.com\/amat_immo\/\",\"https:\/\/www.linkedin.com\/company\/amat-finques\/\",\"https:\/\/www.youtube.com\/@amatimmobiliaris\"]},{\"@type\":\"Person\",\"@id\":\"https:\/\/www.amatimmobiliaris.com\/w\/#\/schema\/person\/55733486ef4ed9dc8f062a5c17ec8598\",\"name\":\"Carol Gimeno\"}]}<\/script>\n<!-- \/ Yoast SEO plugin. -->","yoast_head_json":{"title":"Obras nuevas | Amat Immobiliaris","description":"Comprar una vivienda de obra nueva es mucho m\u00e1s que adquirir una casa: es elegir un proyecto de vida. Adem\u00e1s, el momento en que reservas una vivienda puede ofrecerte diferentes ventajas.En AMAT disponemos de promociones en diferentes fases de comercializaci\u00f3n. Tanto si buscas reservar hoy una vivienda que se entregar\u00e1 en 2028, como si prefieres una vivienda que ya est\u00e9 pr\u00e1cticamente terminada y lista para entrar a vivir, tenemos opciones para ti.","robots":{"index":"index","follow":"follow","max-snippet":"max-snippet:-1","max-image-preview":"max-image-preview:large","max-video-preview":"max-video-preview:-1"},"canonical":"https:\/\/www.amatimmobiliaris.com\/pasar-pagina","og_locale":"es_ES","og_type":"article","og_title":"Obras nuevas | Amat Immobiliaris","og_description":"Comprar una vivienda de obra nueva es mucho m\u00e1s que adquirir una casa: es elegir un proyecto de vida. Adem\u00e1s, el momento en que reservas una vivienda puede ofrecerte diferentes ventajas.En AMAT disponemos de promociones en diferentes fases de comercializaci\u00f3n. Tanto si buscas reservar hoy una vivienda que se entregar\u00e1 en 2028, como si prefieres una vivienda que ya est\u00e9 pr\u00e1cticamente terminada y lista para entrar a vivir, tenemos opciones para ti.","og_url":"https:\/\/www.amatimmobiliaris.com\/pasar-pagina","og_site_name":"Amat Immobiliaris","article_publisher":"https:\/\/www.facebook.com\/amatimmobiliaris","article_published_time":"2026-08-04T10:40:07+00:00","article_modified_time":"2026-09-04T06:59:58+00:00","og_image":[{"width":1080,"height":1350,"url":"https:\/\/www.amatimmobiliaris.com\/w\/wp-content\/uploads\/2026\/08\/1.png","type":"image\/png"}],"author":"Carol Gimeno","twitter_card":"summary_large_image","twitter_creator":"@amat_cat","twitter_site":"@amat_cat","twitter_misc":{"Escrito por":"Carol Gimeno","Tiempo de lectura":"7 minutos"},"schema":{"@context":"https:\/\/schema.org","@graph":[{"@type":"Article","@id":"https:\/\/www.amatimmobiliaris.com\/pasar-pagina#article","isPartOf":{"@id":"https:\/\/www.amatimmobiliaris.com\/w\/2026\/08\/obra-nueva\/"},"author":{"name":"Carol Gimeno","@id":"https:\/\/www.amatimmobiliaris.com\/w\/#\/schema\/person\/55733486ef4ed9dc8f062a5c17ec8598"},"headline":"Obras nuevas","datePublished":"2026-08-04T10:40:07+00:00","dateModified":"2026-09-04T06:59:58+00:00","mainEntityOfPage":{"@id":"https:\/\/www.amatimmobiliaris.com\/w\/2026\/08\/obra-nueva\/"},"wordCount":582,"publisher":{"@id":"https:\/\/www.amatimmobiliaris.com\/w\/#organization"},"image":{"@id":"https:\/\/www.amatimmobiliaris.com\/pasar-pagina#primaryimage"},"thumbnailUrl":"https:\/\/www.amatimmobiliaris.com\/w\/wp-content\/uploads\/2026\/08\/1.png","articleSection":["Immuebles destacados"],"inLanguage":"es"},{"@type":"WebPage","@id":"https:\/\/www.amatimmobiliaris.com\/w\/2026\/08\/obra-nueva\/","url":"https:\/\/www.amatimmobiliaris.com\/pasar-pagina","name":"Obras nuevas | Amat Immobiliaris","isPartOf":{"@id":"https:\/\/www.amatimmobiliaris.com\/w\/#website"},"primaryImageOfPage":{"@id":"https:\/\/www.amatimmobiliaris.com\/pasar-pagina#primaryimage"},"image":{"@id":"https:\/\/www.amatimmobiliaris.com\/pasar-pagina#primaryimage"},"thumbnailUrl":"https:\/\/www.amatimmobiliaris.com\/w\/wp-content\/uploads\/2026\/08\/1.png","datePublished":"2026-08-04T10:40:07+00:00","dateModified":"2026-09-04T06:59:58+00:00","description":"Comprar una vivienda de obra nueva es mucho m\u00e1s que adquirir una casa: es elegir un proyecto de vida. Adem\u00e1s, el momento en que reservas una vivienda puede ofrecerte diferentes ventajas.En AMAT disponemos de promociones en diferentes fases de comercializaci\u00f3n. Tanto si buscas reservar hoy una vivienda que se entregar\u00e1 en 2028, como si prefieres una vivienda que ya est\u00e9 pr\u00e1cticamente terminada y lista para entrar a vivir, tenemos opciones para ti.","breadcrumb":{"@id":"https:\/\/www.amatimmobiliaris.com\/pasar-pagina#breadcrumb"},"inLanguage":"es","potentialAction":[{"@type":"ReadAction","target":["https:\/\/www.amatimmobiliaris.com\/pasar-pagina"]}]},{"@type":"ImageObject","inLanguage":"es","@id":"https:\/\/www.amatimmobiliaris.com\/pasar-pagina#primaryimage","url":"https:\/\/www.amatimmobiliaris.com\/w\/wp-content\/uploads\/2026\/08\/1.png","contentUrl":"https:\/\/www.amatimmobiliaris.com\/w\/wp-content\/uploads\/2026\/08\/1.png","width":1080,"height":1350},{"@type":"BreadcrumbList","@id":"https:\/\/www.amatimmobiliaris.com\/pasar-pagina#breadcrumb","itemListElement":[{"@type":"ListItem","position":1,"name":"Home","item":"https:\/\/www.amatimmobiliaris.com\/w\/"},{"@type":"ListItem","position":2,"name":"Immuebles destacados","item":"https:\/\/www.amatimmobiliaris.com\/w\/category\/immuebles-destacados\/"},{"@type":"ListItem","position":3,"name":"Obras nuevas"}]},{"@type":"WebSite","@id":"https:\/\/www.amatimmobiliaris.com\/w\/#website","url":"https:\/\/www.amatimmobiliaris.com\/w\/","name":"Amat Immobiliaris","description":"Empresa familiar del sector inmobiliario con oficinas en Barcelona, Sant Cugat del Vall\u00e9s y Sant Just Desvern. Te ayudamos a comprar, alquilar o vender tu casa o piso. Somos un equipo coherente con una cultura de empresa honesta, innovadora y eficaz. Tambi\u00e9n en www.amatluxury.com","publisher":{"@id":"https:\/\/www.amatimmobiliaris.com\/w\/#organization"},"alternateName":"AmatImmo","potentialAction":[{"@type":"SearchAction","target":{"@type":"EntryPoint","urlTemplate":"https:\/\/www.amatimmobiliaris.com\/w\/?s={search_term_string}"},"query-input":{"@type":"PropertyValueSpecification","valueRequired":true,"valueName":"search_term_string"}}],"inLanguage":"es"},{"@type":"Organization","@id":"https:\/\/www.amatimmobiliaris.com\/w\/#organization","name":"Amat Immobiliaris","url":"https:\/\/www.amatimmobiliaris.com\/w\/","logo":{"@type":"ImageObject","inLanguage":"es","@id":"https:\/\/www.amatimmobiliaris.com\/w\/#\/schema\/logo\/image\/","url":"https:\/\/www.amatimmobiliaris.com\/w\/wp-content\/uploads\/2022\/10\/amat-logo.jpg","contentUrl":"https:\/\/www.amatimmobiliaris.com\/w\/wp-content\/uploads\/2022\/10\/amat-logo.jpg","width":900,"height":900,"caption":"Amat Immobiliaris"},"image":{"@id":"https:\/\/www.amatimmobiliaris.com\/w\/#\/schema\/logo\/image\/"},"sameAs":["https:\/\/www.facebook.com\/amatimmobiliaris","https:\/\/x.com\/amat_cat","https:\/\/www.instagram.com\/amat_immo\/","https:\/\/www.linkedin.com\/company\/amat-finques\/","https:\/\/www.youtube.com\/@amatimmobiliaris"]},{"@type":"Person","@id":"https:\/\/www.amatimmobiliaris.com\/w\/#\/schema\/person\/55733486ef4ed9dc8f062a5c17ec8598","name":"Carol Gimeno"}]}},"_links":{"self":[{"href":"https:\/\/www.amatimmobiliaris.com\/w\/wp-json\/wp\/v2\/posts\/45575"}],"collection":[{"href":"https:\/\/www.amatimmobiliaris.com\/w\/wp-json\/wp\/v2\/posts"}],"about":[{"href":"https:\/\/www.amatimmobiliaris.com\/w\/wp-json\/wp\/v2\/types\/post"}],"author":[{"embeddable":true,"href":"https:\/\/www.amatimmobiliaris.com\/w\/wp-json\/wp\/v2\/users\/6"}],"replies":[{"embeddable":true,"href":"https:\/\/www.amatimmobiliaris.com\/w\/wp-json\/wp\/v2\/comments?post=45575"}],"version-history":[{"count":4,"href":"https:\/\/www.amatimmobiliaris.com\/w\/wp-json\/wp\/v2\/posts\/45575\/revisions"}],"predecessor-version":[{"id":45586,"href":"https:\/\/www.amatimmobiliaris.com\/w\/wp-json\/wp\/v2\/posts\/45575\/revisions\/45586"}],"wp:featuredmedia":[{"embeddable":true,"href":"https:\/\/www.amatimmobiliaris.com\/w\/wp-json\/wp\/v2\/media\/45581"}],"wp:attachment":[{"href":"https:\/\/www.amatimmobiliaris.com\/w\/wp-json\/wp\/v2\/media?parent=45575"}],"wp:term":[{"taxonomy":"category","embeddable":true,"href":"https:\/\/www.amatimmobiliaris.com\/w\/wp-json\/wp\/v2\/categories?post=45575"},{"taxonomy":"post_tag","embeddable":true,"href":"https:\/\/www.amatimmobiliaris.com\/w\/wp-json\/wp\/v2\/tags?post=45575"}],"curies":[{"name":"wp","href":"https:\/\/api.w.org\/{rel}","templated":true}]}}