{"id":43534,"date":"2026-04-08T11:02:35","date_gmt":"2026-04-08T11:02:35","guid":{"rendered":"https:\/\/www.amatimmobiliaris.com\/w\/?p=43534"},"modified":"2026-04-28T11:15:38","modified_gmt":"2026-04-28T11:15:38","slug":"novedades-para-la-renta-2025","status":"publish","type":"post","link":"https:\/\/www.amatimmobiliaris.com\/w\/2026\/04\/novedades-para-la-renta-2025\/","title":{"rendered":"Novedades para la Renta 2025"},"content":{"rendered":"<h2>Llega la campa\u00f1a de la Renta 2025: fechas clave de la declaraci\u00f3n y novedades<\/h2>\n<p class=\"p1\">La <a href=\"https:\/\/sede.agenciatributaria.gob.es\/Sede\/Renta.html\">campa\u00f1a de la Renta y el Patrimonio<\/a> de 2025 est\u00e1 a punto de comenzar, concretamente, el d\u00eda <strong>8 de abril<\/strong>.<\/p>\n<p class=\"p1\">Este a\u00f1o, los plazos de presentaci\u00f3n de la declaraci\u00f3n son:<\/p>\n<ul>\n<li><strong>General<\/strong>: del 8 de abril hasta el 30 de junio de 2026, ambos inclusive.<\/li>\n<li>En caso de <strong>domiciliaci\u00f3n bancaria<\/strong>: hasta el 25 de junio de 2025, ambos inclusive.<\/li>\n<\/ul>\n<h3 style=\"text-align: left;\">Estos son los <span style=\"color: #da291c;\">aspectos a destacar<\/span> y algunas <span style=\"color: #da291c;\">novedades<\/span> de la campa\u00f1a de este a\u00f1o:<\/h3>\n<p><strong><span style=\"color: #da291c;\">Obligados a declarar:<\/span><\/strong> Al igual que el a\u00f1o pasado:<\/p>\n<ul>\n<li>Cuando hay <strong>m\u00e1s de un pagador<\/strong> =&gt; el l\u00edmite contin\u00faa siendo de <strong>15.876 \u20ac<\/strong>.<\/li>\n<li>En caso de tener un <strong>\u00fanico pagador<\/strong> =&gt; el l\u00edmite contin\u00faa siendo de <strong>22.000 \u20ac<\/strong>.<\/li>\n<\/ul>\n<p><span style=\"color: #da291c;\"><strong>Aut\u00f3nomos:<\/strong><\/span> Al igual que el a\u00f1o pasado, desde el 1 de enero de 2023, est\u00e1 obligada a declarar <strong>toda persona f\u00edsica<\/strong> que, en cualquier momento del periodo impositivo, <strong>haya estado dada de alta como trabajador por cuenta propia<\/strong> en el R\u00e9gimen Especial de Trabajadores Aut\u00f3nomos.<\/p>\n<p><span style=\"color: #da291c;\"><strong>Desempleados e Ingreso M\u00ednimo Vital:<\/strong><\/span><\/p>\n<ul>\n<li>Finalmente, <strong>se elimina la obligaci\u00f3n<\/strong> de declarar para aquellas personas f\u00edsicas que, en cualquier momento del periodo impositivo, hayan sido <strong>beneficiarias de prestaciones por desempleo, salvo que superen los l\u00edmites establecidos<\/strong>.<\/li>\n<li>No obstante, s\u00ed estar\u00e1n obligados a presentar la declaraci\u00f3n los <strong>perceptores del Ingreso M\u00ednimo Vital<\/strong>, por el solo hecho de percibir la prestaci\u00f3n.<\/li>\n<\/ul>\n<p><span style=\"color: #da291c;\"><strong>Determinaci\u00f3n del rendimiento del capital inmobiliario:<\/strong> <span style=\"color: #000000;\">Les recordamos que, desde el 26\/05\/2023, las reducciones aplicables podr\u00e1n ser:<\/span><\/span><\/p>\n<ul>\n<li>Contratos celebrados <strong>antes del 26\/05\/2023<\/strong> =&gt; <strong>reducci\u00f3n del 60%<\/strong>, conforme a la normativa anterior a la Ley 12\/2023.<\/li>\n<li>Contratos celebrados <strong>despu\u00e9s del 26\/05\/2023<\/strong> =&gt; <strong>reducciones del 90%, 70%, 60% o 50%<\/strong>, en funci\u00f3n de las circunstancias del contrato.<\/li>\n<\/ul>\n<p><span style=\"color: #da291c;\"><strong>Escala del ahorro:<\/strong><\/span> Se incrementa el tipo m\u00e1ximo aplicable sobre la base liquidable del ahorro en un 2%, que <strong>pasa a ser del 30%<\/strong> (antes era del 28%) cuando la base liquidable supere los 300.000 \u20ac. Recordamos que esta escala <strong>afecta tanto a los rendimientos del capital mobiliario como a las ganancias patrimoniales<\/strong> del ejercicio.<\/p>\n<p><a href=\"mailto:martina.homedes@amatimmo.cat\" target=\"_blank\" rel=\"noopener\"><img loading=\"lazy\" decoding=\"async\" class=\"alignnone wp-image-44006 size-full\" src=\"https:\/\/www.amatimmobiliaris.com\/w\/wp-content\/uploads\/2026\/04\/boton-renta-esp.jpg\" alt=\"\" width=\"535\" height=\"98\" srcset=\"https:\/\/www.amatimmobiliaris.com\/w\/wp-content\/uploads\/2026\/04\/boton-renta-esp.jpg 535w, https:\/\/www.amatimmobiliaris.com\/w\/wp-content\/uploads\/2026\/04\/boton-renta-esp-300x55.jpg 300w\" sizes=\"(max-width: 535px) 100vw, 535px\" \/><\/a><\/p>\n<p>Es importante recordar, como siempre, que los datos fiscales proceden de la informaci\u00f3n facilitada por terceros y sirven de base para realizar los c\u00e1lculos de la Renta, permitiendo contrast ensured posibles diferencias entre los datos fiscales y los datos reales. Por este motivo, <strong>es muy importante revisar el contenido de los datos fiscales y del borrador para evitar posibles errores en la liquidaci\u00f3n<\/strong>.<\/p>\n<p>&nbsp;<\/p>\n<p>\u00bfDesea saber m\u00e1s sobre lo que <strong>Amat<\/strong> puede gestionar por usted en <strong><a href=\"https:\/\/www.amatimmobiliaris.com\/w\/ca\/serveis\/fiscal-i-juridic\/\">materia FISCAL, JUR\u00cdDICA<\/a><\/strong> u otros servicios?<\/p>\n<p>&nbsp;<\/p>\n<h5><strong>\u00bfTe ha gustado el art\u00edculo? <b>\u00a1Comp\u00e1rtelo!<\/b><\/strong><\/h5>\n<p><a href=\"https:\/\/www.facebook.com\/sharer\/sharer.php?u=https%3A%2F%2Fwww.amatimmobiliaris.com%2Fw%2Fca%2F2024%2F03%2Fnovetats-per-la-renda-2023%2F\" class=\"broken_link\" rel=\"nofollow\"><img loading=\"lazy\" decoding=\"async\" class=\"alignnone wp-image-19024 size-full\" src=\"https:\/\/www.amatimmobiliaris.com\/w\/wp-content\/uploads\/2021\/11\/fb.png\" alt=\"\" width=\"12\" height=\"24\" \/><\/a><a href=\"https:\/\/www.linkedin.com\/sharing\/share-offsite\/?url=https%3A%2F%2Fwww.amatimmobiliaris.com%2Fw%2Fca%2F2024%2F03%2Fnovetats-per-la-renda-2023%2F\"><img loading=\"lazy\" decoding=\"async\" class=\"alignnone wp-image-19028 size-full\" src=\"https:\/\/www.amatimmobiliaris.com\/w\/wp-content\/uploads\/2021\/11\/linkedin.png\" alt=\"\" width=\"25\" height=\"25\" \/><\/a><\/p>\n","protected":false},"excerpt":{"rendered":"<p>Llega la campa\u00f1a de la Renta 2025: fechas clave de la declaraci\u00f3n y novedades La campa\u00f1a de la Renta y el Patrimonio de 2025 est\u00e1 a punto de comenzar, concretamente, el d\u00eda 8 de abril. Este a\u00f1o, los plazos de presentaci\u00f3n de la declaraci\u00f3n son: General: del 8 de abril hasta el 30 de junio [&hellip;]<\/p>\n","protected":false},"author":4,"featured_media":39086,"comment_status":"closed","ping_status":"closed","sticky":false,"template":"","format":"standard","meta":{"content-type":"","footnotes":""},"categories":[871,903,889,1427],"tags":[1735,1678,1222,1013,1056,1672,1669,1677,1766,1670,998,1002,1003,996,1658,1017,1659,1652,1260],"yoast_head":"<!-- This site is optimized with the Yoast SEO plugin v23.9 - https:\/\/yoast.com\/wordpress\/plugins\/seo\/ -->\n<title>Novedades para la Renta 2025 | Amat Immobiliaris<\/title>\n<meta name=\"description\" content=\"Descubre las fechas y las novedades m\u00e1s relevantes sobre la declaraci\u00f3n de la renta 2024. \u00a1Te lo he explicamos!\" \/>\n<meta name=\"robots\" content=\"index, follow, max-snippet:-1, max-image-preview:large, max-video-preview:-1\" \/>\n<link rel=\"canonical\" href=\"https:\/\/www.amatimmobiliaris.com\/w\/2024\/03\/novedades-para-la-renta-2024\/\" \/>\n<meta property=\"og:locale\" content=\"es_ES\" \/>\n<meta property=\"og:type\" content=\"article\" \/>\n<meta property=\"og:title\" content=\"Novedades para la Renta 2025 | Amat Immobiliaris\" \/>\n<meta property=\"og:description\" content=\"Descubre las fechas y las novedades m\u00e1s relevantes sobre la declaraci\u00f3n de la renta 2024. \u00a1Te lo he explicamos!\" \/>\n<meta property=\"og:url\" content=\"https:\/\/www.amatimmobiliaris.com\/w\/2024\/03\/novedades-para-la-renta-2024\/\" \/>\n<meta property=\"og:site_name\" content=\"Amat Immobiliaris\" \/>\n<meta property=\"article:publisher\" content=\"https:\/\/www.facebook.com\/amatimmobiliaris\" \/>\n<meta property=\"article:published_time\" content=\"2026-04-08T11:02:35+00:00\" \/>\n<meta property=\"article:modified_time\" content=\"2026-04-28T11:15:38+00:00\" \/>\n<meta property=\"og:image\" content=\"https:\/\/www.amatimmobiliaris.com\/w\/wp-content\/uploads\/2025\/04\/IMATGE-JURIDIC.jpg\" \/>\n\t<meta property=\"og:image:width\" content=\"2000\" \/>\n\t<meta property=\"og:image:height\" content=\"1500\" \/>\n\t<meta property=\"og:image:type\" content=\"image\/jpeg\" \/>\n<meta name=\"author\" content=\"Marina Payan\" \/>\n<meta name=\"twitter:card\" content=\"summary_large_image\" \/>\n<meta name=\"twitter:creator\" content=\"@amat_cat\" \/>\n<meta name=\"twitter:site\" content=\"@amat_cat\" \/>\n<meta name=\"twitter:label1\" content=\"Escrito por\" \/>\n\t<meta name=\"twitter:data1\" content=\"Marina Payan\" \/>\n\t<meta name=\"twitter:label2\" content=\"Tiempo de lectura\" \/>\n\t<meta name=\"twitter:data2\" content=\"3 minutos\" \/>\n<script type=\"application\/ld+json\" class=\"yoast-schema-graph\">{\"@context\":\"https:\/\/schema.org\",\"@graph\":[{\"@type\":\"Article\",\"@id\":\"https:\/\/www.amatimmobiliaris.com\/w\/2024\/03\/novedades-para-la-renta-2024\/#article\",\"isPartOf\":{\"@id\":\"https:\/\/www.amatimmobiliaris.com\/w\/2026\/04\/novedades-para-la-renta-2025\/\"},\"author\":{\"name\":\"Marina Payan\",\"@id\":\"https:\/\/www.amatimmobiliaris.com\/w\/#\/schema\/person\/d62b55fd12a2bc4550743759f52bdc8f\"},\"headline\":\"Novedades para la Renta 2025\",\"datePublished\":\"2026-04-08T11:02:35+00:00\",\"dateModified\":\"2026-04-28T11:15:38+00:00\",\"mainEntityOfPage\":{\"@id\":\"https:\/\/www.amatimmobiliaris.com\/w\/2026\/04\/novedades-para-la-renta-2025\/\"},\"wordCount\":447,\"publisher\":{\"@id\":\"https:\/\/www.amatimmobiliaris.com\/w\/#organization\"},\"image\":{\"@id\":\"https:\/\/www.amatimmobiliaris.com\/w\/2024\/03\/novedades-para-la-renta-2024\/#primaryimage\"},\"thumbnailUrl\":\"https:\/\/www.amatimmobiliaris.com\/w\/wp-content\/uploads\/2025\/04\/IMATGE-JURIDIC.jpg\",\"keywords\":[\"Agencia Tributaria\",\"Casa\",\"Catalu\u00f1a\",\"Declaraci\u00f3n de la renta\",\"Eficiencia energ\u00e9tica\",\"Fiscal\",\"Fiscalidad\",\"Hogar\",\"IBI\",\"IRPF\",\"Obra nueva\",\"Paneles fotovoltaicos\",\"placas solares\",\"Rehabilitaci\u00f3n\",\"Renovar\",\"Renta\",\"Sol\",\"Sostenibilidad\",\"Vivienda\"],\"articleSection\":[\"Consejos\",\"Fiscalidad\",\"Noticias\",\"Renta\"],\"inLanguage\":\"es\"},{\"@type\":\"WebPage\",\"@id\":\"https:\/\/www.amatimmobiliaris.com\/w\/2026\/04\/novedades-para-la-renta-2025\/\",\"url\":\"https:\/\/www.amatimmobiliaris.com\/w\/2024\/03\/novedades-para-la-renta-2024\/\",\"name\":\"Novedades para la Renta 2025 | Amat Immobiliaris\",\"isPartOf\":{\"@id\":\"https:\/\/www.amatimmobiliaris.com\/w\/#website\"},\"primaryImageOfPage\":{\"@id\":\"https:\/\/www.amatimmobiliaris.com\/w\/2024\/03\/novedades-para-la-renta-2024\/#primaryimage\"},\"image\":{\"@id\":\"https:\/\/www.amatimmobiliaris.com\/w\/2024\/03\/novedades-para-la-renta-2024\/#primaryimage\"},\"thumbnailUrl\":\"https:\/\/www.amatimmobiliaris.com\/w\/wp-content\/uploads\/2025\/04\/IMATGE-JURIDIC.jpg\",\"datePublished\":\"2026-04-08T11:02:35+00:00\",\"dateModified\":\"2026-04-28T11:15:38+00:00\",\"description\":\"Descubre las fechas y las novedades m\u00e1s relevantes sobre la declaraci\u00f3n de la renta 2024. \u00a1Te lo he explicamos!\",\"breadcrumb\":{\"@id\":\"https:\/\/www.amatimmobiliaris.com\/w\/2024\/03\/novedades-para-la-renta-2024\/#breadcrumb\"},\"inLanguage\":\"es\",\"potentialAction\":[{\"@type\":\"ReadAction\",\"target\":[\"https:\/\/www.amatimmobiliaris.com\/w\/2024\/03\/novedades-para-la-renta-2024\/\"]}]},{\"@type\":\"ImageObject\",\"inLanguage\":\"es\",\"@id\":\"https:\/\/www.amatimmobiliaris.com\/w\/2024\/03\/novedades-para-la-renta-2024\/#primaryimage\",\"url\":\"https:\/\/www.amatimmobiliaris.com\/w\/wp-content\/uploads\/2025\/04\/IMATGE-JURIDIC.jpg\",\"contentUrl\":\"https:\/\/www.amatimmobiliaris.com\/w\/wp-content\/uploads\/2025\/04\/IMATGE-JURIDIC.jpg\",\"width\":2000,\"height\":1500},{\"@type\":\"BreadcrumbList\",\"@id\":\"https:\/\/www.amatimmobiliaris.com\/w\/2024\/03\/novedades-para-la-renta-2024\/#breadcrumb\",\"itemListElement\":[{\"@type\":\"ListItem\",\"position\":1,\"name\":\"Home\",\"item\":\"https:\/\/www.amatimmobiliaris.com\/w\/\"},{\"@type\":\"ListItem\",\"position\":2,\"name\":\"Fiscalitat\",\"item\":\"https:\/\/www.amatimmobiliaris.com\/w\/ca\/categoria-ca\/fiscalitat-ca\/\"},{\"@type\":\"ListItem\",\"position\":3,\"name\":\"Renda\",\"item\":\"https:\/\/www.amatimmobiliaris.com\/w\/ca\/categoria-ca\/fiscalitat-ca\/renda-ca\/\"},{\"@type\":\"ListItem\",\"position\":4,\"name\":\"Novedades para la Renta 2025\"}]},{\"@type\":\"WebSite\",\"@id\":\"https:\/\/www.amatimmobiliaris.com\/w\/#website\",\"url\":\"https:\/\/www.amatimmobiliaris.com\/w\/\",\"name\":\"Amat Immobiliaris\",\"description\":\"Empresa familiar del sector inmobiliario con oficinas en Barcelona, Sant Cugat del Vall\u00e9s y Sant Just Desvern. Te ayudamos a comprar, alquilar o vender tu casa o piso. Somos un equipo coherente con una cultura de empresa honesta, innovadora y eficaz. Tambi\u00e9n en www.amatluxury.com\",\"publisher\":{\"@id\":\"https:\/\/www.amatimmobiliaris.com\/w\/#organization\"},\"alternateName\":\"AmatImmo\",\"potentialAction\":[{\"@type\":\"SearchAction\",\"target\":{\"@type\":\"EntryPoint\",\"urlTemplate\":\"https:\/\/www.amatimmobiliaris.com\/w\/?s={search_term_string}\"},\"query-input\":{\"@type\":\"PropertyValueSpecification\",\"valueRequired\":true,\"valueName\":\"search_term_string\"}}],\"inLanguage\":\"es\"},{\"@type\":\"Organization\",\"@id\":\"https:\/\/www.amatimmobiliaris.com\/w\/#organization\",\"name\":\"Amat Immobiliaris\",\"url\":\"https:\/\/www.amatimmobiliaris.com\/w\/\",\"logo\":{\"@type\":\"ImageObject\",\"inLanguage\":\"es\",\"@id\":\"https:\/\/www.amatimmobiliaris.com\/w\/#\/schema\/logo\/image\/\",\"url\":\"https:\/\/www.amatimmobiliaris.com\/w\/wp-content\/uploads\/2022\/10\/amat-logo.jpg\",\"contentUrl\":\"https:\/\/www.amatimmobiliaris.com\/w\/wp-content\/uploads\/2022\/10\/amat-logo.jpg\",\"width\":900,\"height\":900,\"caption\":\"Amat Immobiliaris\"},\"image\":{\"@id\":\"https:\/\/www.amatimmobiliaris.com\/w\/#\/schema\/logo\/image\/\"},\"sameAs\":[\"https:\/\/www.facebook.com\/amatimmobiliaris\",\"https:\/\/x.com\/amat_cat\",\"https:\/\/www.instagram.com\/amat_immo\/\",\"https:\/\/www.linkedin.com\/company\/amat-finques\/\",\"https:\/\/www.youtube.com\/@amatimmobiliaris\"]},{\"@type\":\"Person\",\"@id\":\"https:\/\/www.amatimmobiliaris.com\/w\/#\/schema\/person\/d62b55fd12a2bc4550743759f52bdc8f\",\"name\":\"Marina Payan\"}]}<\/script>\n<!-- \/ Yoast SEO plugin. -->","yoast_head_json":{"title":"Novedades para la Renta 2025 | Amat Immobiliaris","description":"Descubre las fechas y las novedades m\u00e1s relevantes sobre la declaraci\u00f3n de la renta 2024. \u00a1Te lo he explicamos!","robots":{"index":"index","follow":"follow","max-snippet":"max-snippet:-1","max-image-preview":"max-image-preview:large","max-video-preview":"max-video-preview:-1"},"canonical":"https:\/\/www.amatimmobiliaris.com\/w\/2024\/03\/novedades-para-la-renta-2024\/","og_locale":"es_ES","og_type":"article","og_title":"Novedades para la Renta 2025 | Amat Immobiliaris","og_description":"Descubre las fechas y las novedades m\u00e1s relevantes sobre la declaraci\u00f3n de la renta 2024. \u00a1Te lo he explicamos!","og_url":"https:\/\/www.amatimmobiliaris.com\/w\/2024\/03\/novedades-para-la-renta-2024\/","og_site_name":"Amat Immobiliaris","article_publisher":"https:\/\/www.facebook.com\/amatimmobiliaris","article_published_time":"2026-04-08T11:02:35+00:00","article_modified_time":"2026-04-28T11:15:38+00:00","og_image":[{"width":2000,"height":1500,"url":"https:\/\/www.amatimmobiliaris.com\/w\/wp-content\/uploads\/2025\/04\/IMATGE-JURIDIC.jpg","type":"image\/jpeg"}],"author":"Marina Payan","twitter_card":"summary_large_image","twitter_creator":"@amat_cat","twitter_site":"@amat_cat","twitter_misc":{"Escrito por":"Marina Payan","Tiempo de lectura":"3 minutos"},"schema":{"@context":"https:\/\/schema.org","@graph":[{"@type":"Article","@id":"https:\/\/www.amatimmobiliaris.com\/w\/2024\/03\/novedades-para-la-renta-2024\/#article","isPartOf":{"@id":"https:\/\/www.amatimmobiliaris.com\/w\/2026\/04\/novedades-para-la-renta-2025\/"},"author":{"name":"Marina Payan","@id":"https:\/\/www.amatimmobiliaris.com\/w\/#\/schema\/person\/d62b55fd12a2bc4550743759f52bdc8f"},"headline":"Novedades para la Renta 2025","datePublished":"2026-04-08T11:02:35+00:00","dateModified":"2026-04-28T11:15:38+00:00","mainEntityOfPage":{"@id":"https:\/\/www.amatimmobiliaris.com\/w\/2026\/04\/novedades-para-la-renta-2025\/"},"wordCount":447,"publisher":{"@id":"https:\/\/www.amatimmobiliaris.com\/w\/#organization"},"image":{"@id":"https:\/\/www.amatimmobiliaris.com\/w\/2024\/03\/novedades-para-la-renta-2024\/#primaryimage"},"thumbnailUrl":"https:\/\/www.amatimmobiliaris.com\/w\/wp-content\/uploads\/2025\/04\/IMATGE-JURIDIC.jpg","keywords":["Agencia Tributaria","Casa","Catalu\u00f1a","Declaraci\u00f3n de la renta","Eficiencia energ\u00e9tica","Fiscal","Fiscalidad","Hogar","IBI","IRPF","Obra nueva","Paneles fotovoltaicos","placas solares","Rehabilitaci\u00f3n","Renovar","Renta","Sol","Sostenibilidad","Vivienda"],"articleSection":["Consejos","Fiscalidad","Noticias","Renta"],"inLanguage":"es"},{"@type":"WebPage","@id":"https:\/\/www.amatimmobiliaris.com\/w\/2026\/04\/novedades-para-la-renta-2025\/","url":"https:\/\/www.amatimmobiliaris.com\/w\/2024\/03\/novedades-para-la-renta-2024\/","name":"Novedades para la Renta 2025 | Amat Immobiliaris","isPartOf":{"@id":"https:\/\/www.amatimmobiliaris.com\/w\/#website"},"primaryImageOfPage":{"@id":"https:\/\/www.amatimmobiliaris.com\/w\/2024\/03\/novedades-para-la-renta-2024\/#primaryimage"},"image":{"@id":"https:\/\/www.amatimmobiliaris.com\/w\/2024\/03\/novedades-para-la-renta-2024\/#primaryimage"},"thumbnailUrl":"https:\/\/www.amatimmobiliaris.com\/w\/wp-content\/uploads\/2025\/04\/IMATGE-JURIDIC.jpg","datePublished":"2026-04-08T11:02:35+00:00","dateModified":"2026-04-28T11:15:38+00:00","description":"Descubre las fechas y las novedades m\u00e1s relevantes sobre la declaraci\u00f3n de la renta 2024. \u00a1Te lo he explicamos!","breadcrumb":{"@id":"https:\/\/www.amatimmobiliaris.com\/w\/2024\/03\/novedades-para-la-renta-2024\/#breadcrumb"},"inLanguage":"es","potentialAction":[{"@type":"ReadAction","target":["https:\/\/www.amatimmobiliaris.com\/w\/2024\/03\/novedades-para-la-renta-2024\/"]}]},{"@type":"ImageObject","inLanguage":"es","@id":"https:\/\/www.amatimmobiliaris.com\/w\/2024\/03\/novedades-para-la-renta-2024\/#primaryimage","url":"https:\/\/www.amatimmobiliaris.com\/w\/wp-content\/uploads\/2025\/04\/IMATGE-JURIDIC.jpg","contentUrl":"https:\/\/www.amatimmobiliaris.com\/w\/wp-content\/uploads\/2025\/04\/IMATGE-JURIDIC.jpg","width":2000,"height":1500},{"@type":"BreadcrumbList","@id":"https:\/\/www.amatimmobiliaris.com\/w\/2024\/03\/novedades-para-la-renta-2024\/#breadcrumb","itemListElement":[{"@type":"ListItem","position":1,"name":"Home","item":"https:\/\/www.amatimmobiliaris.com\/w\/"},{"@type":"ListItem","position":2,"name":"Fiscalitat","item":"https:\/\/www.amatimmobiliaris.com\/w\/ca\/categoria-ca\/fiscalitat-ca\/"},{"@type":"ListItem","position":3,"name":"Renda","item":"https:\/\/www.amatimmobiliaris.com\/w\/ca\/categoria-ca\/fiscalitat-ca\/renda-ca\/"},{"@type":"ListItem","position":4,"name":"Novedades para la Renta 2025"}]},{"@type":"WebSite","@id":"https:\/\/www.amatimmobiliaris.com\/w\/#website","url":"https:\/\/www.amatimmobiliaris.com\/w\/","name":"Amat Immobiliaris","description":"Empresa familiar del sector inmobiliario con oficinas en Barcelona, Sant Cugat del Vall\u00e9s y Sant Just Desvern. Te ayudamos a comprar, alquilar o vender tu casa o piso. Somos un equipo coherente con una cultura de empresa honesta, innovadora y eficaz. Tambi\u00e9n en www.amatluxury.com","publisher":{"@id":"https:\/\/www.amatimmobiliaris.com\/w\/#organization"},"alternateName":"AmatImmo","potentialAction":[{"@type":"SearchAction","target":{"@type":"EntryPoint","urlTemplate":"https:\/\/www.amatimmobiliaris.com\/w\/?s={search_term_string}"},"query-input":{"@type":"PropertyValueSpecification","valueRequired":true,"valueName":"search_term_string"}}],"inLanguage":"es"},{"@type":"Organization","@id":"https:\/\/www.amatimmobiliaris.com\/w\/#organization","name":"Amat Immobiliaris","url":"https:\/\/www.amatimmobiliaris.com\/w\/","logo":{"@type":"ImageObject","inLanguage":"es","@id":"https:\/\/www.amatimmobiliaris.com\/w\/#\/schema\/logo\/image\/","url":"https:\/\/www.amatimmobiliaris.com\/w\/wp-content\/uploads\/2022\/10\/amat-logo.jpg","contentUrl":"https:\/\/www.amatimmobiliaris.com\/w\/wp-content\/uploads\/2022\/10\/amat-logo.jpg","width":900,"height":900,"caption":"Amat Immobiliaris"},"image":{"@id":"https:\/\/www.amatimmobiliaris.com\/w\/#\/schema\/logo\/image\/"},"sameAs":["https:\/\/www.facebook.com\/amatimmobiliaris","https:\/\/x.com\/amat_cat","https:\/\/www.instagram.com\/amat_immo\/","https:\/\/www.linkedin.com\/company\/amat-finques\/","https:\/\/www.youtube.com\/@amatimmobiliaris"]},{"@type":"Person","@id":"https:\/\/www.amatimmobiliaris.com\/w\/#\/schema\/person\/d62b55fd12a2bc4550743759f52bdc8f","name":"Marina Payan"}]}},"_links":{"self":[{"href":"https:\/\/www.amatimmobiliaris.com\/w\/wp-json\/wp\/v2\/posts\/43534"}],"collection":[{"href":"https:\/\/www.amatimmobiliaris.com\/w\/wp-json\/wp\/v2\/posts"}],"about":[{"href":"https:\/\/www.amatimmobiliaris.com\/w\/wp-json\/wp\/v2\/types\/post"}],"author":[{"embeddable":true,"href":"https:\/\/www.amatimmobiliaris.com\/w\/wp-json\/wp\/v2\/users\/4"}],"replies":[{"embeddable":true,"href":"https:\/\/www.amatimmobiliaris.com\/w\/wp-json\/wp\/v2\/comments?post=43534"}],"version-history":[{"count":1,"href":"https:\/\/www.amatimmobiliaris.com\/w\/wp-json\/wp\/v2\/posts\/43534\/revisions"}],"predecessor-version":[{"id":44009,"href":"https:\/\/www.amatimmobiliaris.com\/w\/wp-json\/wp\/v2\/posts\/43534\/revisions\/44009"}],"wp:featuredmedia":[{"embeddable":true,"href":"https:\/\/www.amatimmobiliaris.com\/w\/wp-json\/wp\/v2\/media\/39086"}],"wp:attachment":[{"href":"https:\/\/www.amatimmobiliaris.com\/w\/wp-json\/wp\/v2\/media?parent=43534"}],"wp:term":[{"taxonomy":"category","embeddable":true,"href":"https:\/\/www.amatimmobiliaris.com\/w\/wp-json\/wp\/v2\/categories?post=43534"},{"taxonomy":"post_tag","embeddable":true,"href":"https:\/\/www.amatimmobiliaris.com\/w\/wp-json\/wp\/v2\/tags?post=43534"}],"curies":[{"name":"wp","href":"https:\/\/api.w.org\/{rel}","templated":true}]}}