{"id":43323,"date":"2026-03-27T10:23:47","date_gmt":"2026-03-27T10:23:47","guid":{"rendered":"https:\/\/www.amatimmobiliaris.com\/w\/?p=43323"},"modified":"2026-04-28T10:36:44","modified_gmt":"2026-04-28T10:36:44","slug":"presentamos-el-informe-de-mercado-del-2025-a-la-prensa","status":"publish","type":"post","link":"https:\/\/www.amatimmobiliaris.com\/w\/2026\/03\/presentamos-el-informe-de-mercado-del-2025-a-la-prensa\/","title":{"rendered":"Presentamos el Informe de Mercado del 2025 a la prensa"},"content":{"rendered":"<h2>El director general de Amat, Guifr\u00e9 Homedes, presenta el Informe de Mercado 2025 en nuestra oficina Luxury en Barcelona.<\/h2>\n<p>&nbsp;<\/p>\n<p style=\"text-align: justify;\">Un a\u00f1o m\u00e1s, este pasado 18 de marzo, nuestro director general, Guifr\u00e9 Homedes, present\u00f3 ante los medios el <strong>13\u00ba Informe de Mercado 2025 de Amat Immobiliaris<\/strong>, un an\u00e1lisis elaborado a partir de datos propios que permite entender la evoluci\u00f3n real del mercado durante 2025 e identificar las tendencias que siguen marcando el sector.<\/p>\n<p data-start=\"711\" data-end=\"1095\">Analizar la vivienda se ha convertido en un ejercicio cada vez m\u00e1s complejo. El mercado se encuentra en una situaci\u00f3n de <strong data-start=\"826\" data-end=\"843\">m\u00e1xima tensi\u00f3n<\/strong>, y la percepci\u00f3n de su funcionamiento depende claramente del punto de vista: mientras que para la demanda el acceso a la vivienda es cada vez m\u00e1s dif\u00edcil, para la oferta el entorno regulador y la inseguridad jur\u00eddica condicionan fuertemente la toma de decisiones.<\/p>\n<p style=\"text-align: justify;\">Unos 16 medios asistieron a la presentaci\u00f3n que realizamos en nuestra oficina de Amat Luxury de Balmes, donde hablamos de la falta de oferta de vivienda, especialmente en el parque de alquiler, del crecimiento de los inquilinos extranjeros, as\u00ed como del aumento de la venta de segunda mano y de promociones de obra nueva.<\/p>\n<p><a href=\"https:\/\/info.amatimmobiliaris.com\/ca-es\/landing-pop-up\" target=\"_blank\" rel=\"noopener\"><img loading=\"lazy\" decoding=\"async\" class=\"alignnone wp-image-43989\" src=\"https:\/\/www.amatimmobiliaris.com\/w\/wp-content\/uploads\/2026\/04\/boton-informe-de-mercado.png\" alt=\"\" width=\"494\" height=\"112\" srcset=\"https:\/\/www.amatimmobiliaris.com\/w\/wp-content\/uploads\/2026\/04\/boton-informe-de-mercado.png 697w, https:\/\/www.amatimmobiliaris.com\/w\/wp-content\/uploads\/2026\/04\/boton-informe-de-mercado-300x68.png 300w\" sizes=\"(max-width: 494px) 100vw, 494px\" \/><\/a><\/p>\n<div id='gallery-1' class='gallery galleryid-43323 gallery-columns-3 gallery-size-large'><figure class='gallery-item'>\n\t\t\t<div class='gallery-icon portrait'>\n\t\t\t\t<a href='https:\/\/www.amatimmobiliaris.com\/w\/2026\/03\/presentamos-el-informe-de-mercado-del-2025-a-la-prensa\/mr_foto-2\/'><img loading=\"lazy\" decoding=\"async\" width=\"768\" height=\"1024\" src=\"https:\/\/www.amatimmobiliaris.com\/w\/wp-content\/uploads\/2026\/03\/MR_foto-768x1024.jpg\" class=\"attachment-large size-large\" alt=\"Presentaci\u00f3 Informe de Mercat 2025 Amat\" srcset=\"https:\/\/www.amatimmobiliaris.com\/w\/wp-content\/uploads\/2026\/03\/MR_foto-768x1024.jpg 768w, https:\/\/www.amatimmobiliaris.com\/w\/wp-content\/uploads\/2026\/03\/MR_foto-225x300.jpg 225w, https:\/\/www.amatimmobiliaris.com\/w\/wp-content\/uploads\/2026\/03\/MR_foto-1152x1536.jpg 1152w, https:\/\/www.amatimmobiliaris.com\/w\/wp-content\/uploads\/2026\/03\/MR_foto-1536x2048.jpg 1536w, https:\/\/www.amatimmobiliaris.com\/w\/wp-content\/uploads\/2026\/03\/MR_foto-scaled.jpg 1920w\" sizes=\"(max-width: 768px) 100vw, 768px\" \/><\/a>\n\t\t\t<\/div><\/figure><figure class='gallery-item'>\n\t\t\t<div class='gallery-icon portrait'>\n\t\t\t\t<a href='https:\/\/www.amatimmobiliaris.com\/w\/2026\/03\/presentamos-el-informe-de-mercado-del-2025-a-la-prensa\/image00005-2\/'><img loading=\"lazy\" decoding=\"async\" width=\"768\" height=\"1024\" src=\"https:\/\/www.amatimmobiliaris.com\/w\/wp-content\/uploads\/2026\/03\/image00005-768x1024.jpeg\" class=\"attachment-large size-large\" alt=\"Presentaci\u00f3 Informe de Mercat 2025 Amat\" srcset=\"https:\/\/www.amatimmobiliaris.com\/w\/wp-content\/uploads\/2026\/03\/image00005-768x1024.jpeg 768w, https:\/\/www.amatimmobiliaris.com\/w\/wp-content\/uploads\/2026\/03\/image00005-225x300.jpeg 225w, https:\/\/www.amatimmobiliaris.com\/w\/wp-content\/uploads\/2026\/03\/image00005-1152x1536.jpeg 1152w, https:\/\/www.amatimmobiliaris.com\/w\/wp-content\/uploads\/2026\/03\/image00005-1536x2048.jpeg 1536w, https:\/\/www.amatimmobiliaris.com\/w\/wp-content\/uploads\/2026\/03\/image00005-scaled.jpeg 1920w\" sizes=\"(max-width: 768px) 100vw, 768px\" \/><\/a>\n\t\t\t<\/div><\/figure><figure class='gallery-item'>\n\t\t\t<div class='gallery-icon portrait'>\n\t\t\t\t<a href='https:\/\/www.amatimmobiliaris.com\/w\/2026\/03\/presentamos-el-informe-de-mercado-del-2025-a-la-prensa\/image00017-2\/'><img loading=\"lazy\" decoding=\"async\" width=\"768\" height=\"1024\" src=\"https:\/\/www.amatimmobiliaris.com\/w\/wp-content\/uploads\/2026\/03\/image00017-768x1024.jpeg\" class=\"attachment-large size-large\" alt=\"Presentaci\u00f3 Informe de Mercat 2025 Amat\" srcset=\"https:\/\/www.amatimmobiliaris.com\/w\/wp-content\/uploads\/2026\/03\/image00017-768x1024.jpeg 768w, https:\/\/www.amatimmobiliaris.com\/w\/wp-content\/uploads\/2026\/03\/image00017-225x300.jpeg 225w, https:\/\/www.amatimmobiliaris.com\/w\/wp-content\/uploads\/2026\/03\/image00017-1152x1536.jpeg 1152w, https:\/\/www.amatimmobiliaris.com\/w\/wp-content\/uploads\/2026\/03\/image00017-1536x2048.jpeg 1536w, https:\/\/www.amatimmobiliaris.com\/w\/wp-content\/uploads\/2026\/03\/image00017-scaled.jpeg 1920w\" sizes=\"(max-width: 768px) 100vw, 768px\" \/><\/a>\n\t\t\t<\/div><\/figure>\n\t\t<\/div>\n\n<p>&nbsp;<\/p>\n<h3><strong>Mercado del alquiler<\/strong><\/h3>\n<p data-start=\"1124\" data-end=\"1431\">La accesibilidad al alquiler sigue siendo uno de los principales retos del mercado inmobiliario. Durante 2025 se han formalizado <strong data-start=\"1249\" data-end=\"1283\">un 8,1% m\u00e1s de nuevos contratos<\/strong> que el a\u00f1o anterior, pero esta mayor actividad no ha ido acompa\u00f1ada de una mejora estructural de la oferta, que se mantiene en niveles muy bajos.<\/p>\n<p data-start=\"1433\" data-end=\"1936\">El mercado sigue condicionado por una <strong data-start=\"1471\" data-end=\"1522\">escasez estructural de viviendas disponibles<\/strong>, lo que determina el volumen de contratos, la tipolog\u00eda de inmuebles que salen al mercado, los precios y el perfil de los inquilinos. El incremento de operaciones responde principalmente a una ligera mejora de la rotaci\u00f3n del parque existente \u2014motivada por compras de vivienda, cambios personales o desplazamientos fuera del \u00e1rea metropolitana\u2014, mientras que la nueva inversi\u00f3n en alquiler de larga duraci\u00f3n sigue pr\u00e1cticamente en m\u00ednimos.<\/p>\n<p data-start=\"1938\" data-end=\"2315\">En este contexto, los <strong data-start=\"1961\" data-end=\"1999\">precios del alquiler vuelven a crecer<\/strong>. La repercusi\u00f3n media se sit\u00faa en <strong data-start=\"2036\" data-end=\"2062\">16,43 \u20ac\/m\u00b2\/mes (+8,9%)<\/strong>, y la renta media alcanza los <strong data-start=\"2094\" data-end=\"2117\">1.482 \u20ac\/mes (+7,1%)<\/strong>. Este incremento est\u00e1 fuertemente condicionado por el <strong data-start=\"2167\" data-end=\"2197\">mix de vivienda disponible<\/strong>, con un peso creciente de pisos medianos y grandes, mientras que la vivienda de tipolog\u00eda media es cada vez menos presente.<\/p>\n<p data-start=\"2317\" data-end=\"2585\">En cuanto al perfil del inquilino, se consolida el <strong data-start=\"2368\" data-end=\"2398\">peso del inquilino extranjero<\/strong>, especialmente en <strong>Barcelona<\/strong>, y disminuye por segundo a\u00f1o consecutivo el porcentaje de perfiles j\u00f3venes, evidenciando el agravamiento del problema de accesibilidad.<\/p>\n<p>&nbsp;<\/p>\n<blockquote>\n<h4 style=\"text-align: center;\"><span style=\"color: #9d3540;\">\u201cM\u00e1s actividad no significa m\u00e1s normalizaci\u00f3n: el problema de fondo del mercado del alquiler sigue siendo una oferta estructuralmente insuficiente.\u201d<\/span><\/h4>\n<\/blockquote>\n<p>&nbsp;<\/p>\n<h5><strong><b><span style=\"color: #9d3540;\">Alquiler de temporada<\/span><\/b><\/strong><\/h5>\n<p data-start=\"2768\" data-end=\"3092\">El mercado del alquiler de temporada ha mantenido un comportamiento continuista durante 2025, con un crecimiento moderado de la actividad y una demanda sostenida. Uno de los indicadores m\u00e1s relevantes del a\u00f1o ha sido el <strong data-start=\"2980\" data-end=\"3029\">aumento de la estancia media hasta los 17 meses<\/strong>, confirmando una tendencia ya observada en ejercicios anteriores.<\/p>\n<p data-start=\"3094\" data-end=\"3449\">Esta evoluci\u00f3n refuerza la idea de que el alquiler de temporada <strong data-start=\"3155\" data-end=\"3206\">no responde mayoritariamente a estancias muy cortas<\/strong>, sino a necesidades reales de residencia temporal vinculadas a proyectos profesionales y acad\u00e9micos. Los principales motivos de los contratos siguen siendo los desplazamientos laborales y los estudios, con un claro predominio de perfiles internacionales.<\/p>\n<p data-start=\"3451\" data-end=\"3696\">Desde el punto de vista de la oferta, no se ha detectado un trasvase significativo de viviendas del alquiler de larga duraci\u00f3n hacia la temporada. Aun as\u00ed, los pocos inversores activos tienden a priorizar este segmento ante la incertidumbre regulatoria.<\/p>\n<p>&nbsp;<\/p>\n<h4 style=\"text-align: center;\"><span style=\"color: #9d3540;\">\u201cEl alquiler de temporada cubre una demanda estructural y sostenida, muy alineada con el modelo de ciudad.\u201d<\/span><\/h4>\n<p>&nbsp;<\/p>\n<h3><strong>Mercado de venta<\/strong><\/h3>\n<h5><strong><b><span style=\"color: #9d3540;\">Segunda mano<\/span><\/b><\/strong><\/h5>\n<p data-start=\"3852\" data-end=\"4104\">2025 ha sido un <strong data-start=\"3872\" data-end=\"3927\">a\u00f1o claramente expansivo para el mercado de compraventa<\/strong>. La actividad ha crecido por encima del <strong>10%<\/strong>, tanto en n\u00famero de operaciones como en volumen econ\u00f3mico transaccionado, consolidando una tendencia que ya se hab\u00eda iniciado el a\u00f1o anterior.<\/p>\n<p data-start=\"4106\" data-end=\"4399\">La dificultad de acceso al alquiler ha actuado como elemento dinamizador de la compra, tanto por parte de la demanda como de la oferta, acompa\u00f1ada de la consolidaci\u00f3n de unos <strong data-start=\"4272\" data-end=\"4318\">tipos de inter\u00e9s m\u00e1s estables y competitivos<\/strong>. Este contexto ha aportado seguridad y previsibilidad a la financiaci\u00f3n hipotecaria.<\/p>\n<p data-start=\"4401\" data-end=\"4809\">Los precios de venta se han mantenido globalmente estables, con una <strong data-start=\"4465\" data-end=\"4502\">ligera tendencia alcista del 2%<\/strong>. En Barcelona, la repercusi\u00f3n media se sit\u00faa en <strong>5.103 \u20ac\/m\u00b2<\/strong>, mientras que <strong>Sant Cugat del Vall\u00e8s<\/strong> consolida un nuevo m\u00e1ximo con <strong>5.217 \u20ac\/m\u00b2<\/strong>. En <strong>Sant Just Desvern<\/strong>, la repercusi\u00f3n se modera, pero el <strong data-start=\"4740\" data-end=\"4808\">precio medio absoluto supera por segundo a\u00f1o consecutivo los 800.000 \u20ac<\/strong>.<\/p>\n<p data-start=\"4811\" data-end=\"5046\">Uno de los elementos m\u00e1s relevantes de 2025 es la <strong data-start=\"4858\" data-end=\"4896\">pr\u00e1ctica desaparici\u00f3n del inversor<\/strong>, hecho que consideramos preocupante desde el punto de vista del equilibrio del mercado, ya que reduce a\u00fan m\u00e1s la capacidad de ampliar la oferta de alquiler.<\/p>\n<p>&nbsp;<\/p>\n<h4 style=\"text-align: center;\"><span style=\"color: #9d3540;\">\u201cLa complejidad del mercado del alquiler ha impulsado la compraventa, pero la desaparici\u00f3n del inversor no ayuda a resolver el problema estructural de oferta.\u201d<\/span><\/h4>\n<p>&nbsp;<\/p>\n<h5><strong><b><span style=\"color: #9d3540;\">Obra nueva<\/span><\/b><\/strong><\/h5>\n<p data-start=\"5229\" data-end=\"5456\">La venta de obra nueva ha experimentado un <strong data-start=\"5269\" data-end=\"5291\">crecimiento del 40%<\/strong> durante 2025, impulsada principalmente por un mayor n\u00famero de promociones en fase de comercializaci\u00f3n y por una demanda muy activa con necesidad real de vivienda.<\/p>\n<p data-start=\"5458\" data-end=\"5713\">La repercusi\u00f3n media de venta ha sido aproximadamente un <strong data-start=\"5517\" data-end=\"5547\">15% superior a la de 2024<\/strong>, aunque este dato debe leerse con prudencia, ya que las comparativas interanuales no siempre son homog\u00e9neas y dependen de la fase y tipolog\u00eda de cada proyecto.<\/p>\n<p data-start=\"5715\" data-end=\"5903\">La obra nueva sigue destacando por su <strong data-start=\"5758\" data-end=\"5788\">alta eficiencia energ\u00e9tica<\/strong>, situ\u00e1ndose mayoritariamente entre las calificaciones A y B, lo que aporta ahorro y confort a los nuevos propietarios.<\/p>\n<p>&nbsp;<\/p>\n<blockquote>\n<h4 style=\"text-align: center;\"><span style=\"color: #9d3540;\">\u201cA pesar del incremento de precios, el recorrido al alza de la obra nueva es limitado en las zonas metropolitanas.\u201d<\/span><\/h4>\n<\/blockquote>\n<p>&nbsp;<\/p>\n<h5><strong><b><span style=\"color: #9d3540;\">Luxury<\/span><\/b><\/strong><\/h5>\n<p data-start=\"6050\" data-end=\"6296\">El segmento de alto standing ha mantenido un <strong data-start=\"6092\" data-end=\"6116\">comportamiento alcista<\/strong>, con un incremento moderado de precios superior al 2%. La mayor parte de las operaciones corresponden a casas y viviendas unifamiliares, y la demanda sigue siendo mayoritariamente local.<\/p>\n<p data-start=\"6298\" data-end=\"6471\">Destaca especialmente el retorno de perfiles locales que hab\u00edan vivido en el extranjero y que regresan para establecerse en Barcelona o su entorno, ocupando este segmento del mercado.<\/p>\n<p>&nbsp;<\/p>\n<h4 style=\"text-align: center;\"><span style=\"color: #9d3540;\">\u201cIncluso en el alto standing, el peso de la demanda local es m\u00e1s importante de lo que a menudo se percibe.\u201d<\/span><\/h4>\n<p>&nbsp;<\/p>\n<h3><strong>Conclusiones<\/strong><\/h3>\n<p data-start=\"6603\" data-end=\"6820\">2025 no hace sino reforzar tendencias que ya venimos se\u00f1alando en informes anteriores:<br \/>\n<strong>oferta estructuralmente insuficiente, precios que no retroceden y una competencia muy elevada por cada vivienda disponible<\/strong>.<\/p>\n<p>Adem\u00e1s, uno de los factores clave que se consolida es la <strong>progresiva desaparici\u00f3n del inversor residencial<\/strong>. Durante a\u00f1os, este perfil compraba viviendas para destinarlas al alquiler, contribuyendo a ampliar el parque disponible. Hoy, sin embargo, el entorno regulador y la inseguridad jur\u00eddica han desincentivado esta actividad, reduciendo la entrada de nuevas viviendas al mercado y <strong>agravando a\u00fan m\u00e1s la actual falta de oferta de alquiler<\/strong>.<\/p>\n<p>Sin cambios estructurales ni consensos amplios, 2026 apunta a ser una continuaci\u00f3n de 2025, con un mercado altamente tensionado tanto para la demanda como para la oferta.<\/p>\n<p>&nbsp;<\/p>\n<h4 style=\"text-align: center;\"><span style=\"color: #9d3540;\">\u201cM\u00e1s operaciones y m\u00e1s precio, pero sin soluciones estructurales al problema de accesibilidad.\u201d<\/span><\/h4>\n<p><a href=\"https:\/\/info.amatimmobiliaris.com\/ca-es\/landing-pop-up\"><img loading=\"lazy\" decoding=\"async\" class=\"alignnone wp-image-43989\" src=\"https:\/\/www.amatimmobiliaris.com\/w\/wp-content\/uploads\/2026\/04\/boton-informe-de-mercado.png\" alt=\"\" width=\"494\" height=\"112\" srcset=\"https:\/\/www.amatimmobiliaris.com\/w\/wp-content\/uploads\/2026\/04\/boton-informe-de-mercado.png 697w, https:\/\/www.amatimmobiliaris.com\/w\/wp-content\/uploads\/2026\/04\/boton-informe-de-mercado-300x68.png 300w\" sizes=\"(max-width: 494px) 100vw, 494px\" \/><\/a><\/p>\n<p>&nbsp;<\/p>\n<p><a href=\"https:\/\/www.ara.cat\/economia\/immobiliari\/regulacio-dels-lloguers-beneficia-mes-adquisitiu-segons-amat-immobiliaris_1_5682035.html\"><img loading=\"lazy\" decoding=\"async\" class=\"alignnone wp-image-43351 size-full\" src=\"https:\/\/www.amatimmobiliaris.com\/w\/wp-content\/uploads\/2026\/03\/2026.03.18-Ara-e1773921339491.jpg\" alt=\"\" width=\"648\" height=\"340\" srcset=\"https:\/\/www.amatimmobiliaris.com\/w\/wp-content\/uploads\/2026\/03\/2026.03.18-Ara-e1773921339491.jpg 648w, https:\/\/www.amatimmobiliaris.com\/w\/wp-content\/uploads\/2026\/03\/2026.03.18-Ara-e1773921339491-300x157.jpg 300w\" sizes=\"(max-width: 648px) 100vw, 648px\" \/><\/a> \u00a0 <a href=\"https:\/\/www.vilaweb.cat\/noticies\/immobiliari-mercat-pindola-goula\/\"><img loading=\"lazy\" decoding=\"async\" class=\"alignnone wp-image-43366 size-full\" src=\"https:\/\/www.amatimmobiliaris.com\/w\/wp-content\/uploads\/2026\/03\/2026.03.18-Vilaweb.jpg\" alt=\"\" width=\"992\" height=\"357\" srcset=\"https:\/\/www.amatimmobiliaris.com\/w\/wp-content\/uploads\/2026\/03\/2026.03.18-Vilaweb.jpg 992w, https:\/\/www.amatimmobiliaris.com\/w\/wp-content\/uploads\/2026\/03\/2026.03.18-Vilaweb-300x108.jpg 300w, https:\/\/www.amatimmobiliaris.com\/w\/wp-content\/uploads\/2026\/03\/2026.03.18-Vilaweb-768x276.jpg 768w\" sizes=\"(max-width: 992px) 100vw, 992px\" \/><\/a> \u00a0 <a href=\"https:\/\/www.acn.cat\/new\/els-contractes-de-lloguer-de-pisos-que-es-van-allargant-tacitament-passen-del-6-al-29-en-una-decada\/texts\"><img loading=\"lazy\" decoding=\"async\" class=\"alignnone wp-image-43436 size-large\" src=\"https:\/\/www.amatimmobiliaris.com\/w\/wp-content\/uploads\/2026\/03\/2026.03.18-ACN-1024x275.png\" alt=\"\" width=\"800\" height=\"215\" srcset=\"https:\/\/www.amatimmobiliaris.com\/w\/wp-content\/uploads\/2026\/03\/2026.03.18-ACN-1024x275.png 1024w, https:\/\/www.amatimmobiliaris.com\/w\/wp-content\/uploads\/2026\/03\/2026.03.18-ACN-300x81.png 300w, https:\/\/www.amatimmobiliaris.com\/w\/wp-content\/uploads\/2026\/03\/2026.03.18-ACN-768x206.png 768w, https:\/\/www.amatimmobiliaris.com\/w\/wp-content\/uploads\/2026\/03\/2026.03.18-ACN.png 1263w\" sizes=\"(max-width: 800px) 100vw, 800px\" \/><\/a> \u00a0 <a href=\"https:\/\/www.lavanguardia.com\/economia\/20260318\/11493352\/rentas-altas-copando-pisos-alquiler-catalunya-alerta-sector.html\"><img loading=\"lazy\" decoding=\"async\" class=\"alignnone wp-image-43354 size-full\" src=\"https:\/\/www.amatimmobiliaris.com\/w\/wp-content\/uploads\/2026\/03\/2026.03.18-LaVanguardia-e1773921429331.jpg\" alt=\"\" width=\"890\" height=\"237\" srcset=\"https:\/\/www.amatimmobiliaris.com\/w\/wp-content\/uploads\/2026\/03\/2026.03.18-LaVanguardia-e1773921429331.jpg 890w, https:\/\/www.amatimmobiliaris.com\/w\/wp-content\/uploads\/2026\/03\/2026.03.18-LaVanguardia-e1773921429331-300x80.jpg 300w, https:\/\/www.amatimmobiliaris.com\/w\/wp-content\/uploads\/2026\/03\/2026.03.18-LaVanguardia-e1773921429331-768x205.jpg 768w\" sizes=\"(max-width: 890px) 100vw, 890px\" \/><\/a> <a href=\"https:\/\/www.amatimmobiliaris.com\/w\/wp-content\/uploads\/2026\/03\/2026.03.19-ElPeriodico-lloguers-a-lAMB.jpg\"><img loading=\"lazy\" decoding=\"async\" class=\"alignnone wp-image-43433 size-full\" src=\"https:\/\/www.amatimmobiliaris.com\/w\/wp-content\/uploads\/2026\/03\/2026.03.19-ElPeriodico-lloguers-a-lAMB.jpg\" alt=\"\" width=\"987\" height=\"343\" srcset=\"https:\/\/www.amatimmobiliaris.com\/w\/wp-content\/uploads\/2026\/03\/2026.03.19-ElPeriodico-lloguers-a-lAMB.jpg 987w, https:\/\/www.amatimmobiliaris.com\/w\/wp-content\/uploads\/2026\/03\/2026.03.19-ElPeriodico-lloguers-a-lAMB-300x104.jpg 300w, https:\/\/www.amatimmobiliaris.com\/w\/wp-content\/uploads\/2026\/03\/2026.03.19-ElPeriodico-lloguers-a-lAMB-768x267.jpg 768w\" sizes=\"(max-width: 987px) 100vw, 987px\" \/><\/a> \u00a0 <a href=\"https:\/\/www.viaempresa.cat\/economia\/mercat-habitatge-installat-cicle-mentrestant-res-no-canviara-fins-2030_2232031_102.html\"><img loading=\"lazy\" decoding=\"async\" class=\"alignnone wp-image-43363 size-large\" src=\"https:\/\/www.amatimmobiliaris.com\/w\/wp-content\/uploads\/2026\/03\/2026.03.18-ViaEmpresa-1024x442.jpg\" alt=\"\" width=\"800\" height=\"345\" srcset=\"https:\/\/www.amatimmobiliaris.com\/w\/wp-content\/uploads\/2026\/03\/2026.03.18-ViaEmpresa-1024x442.jpg 1024w, https:\/\/www.amatimmobiliaris.com\/w\/wp-content\/uploads\/2026\/03\/2026.03.18-ViaEmpresa-300x130.jpg 300w, https:\/\/www.amatimmobiliaris.com\/w\/wp-content\/uploads\/2026\/03\/2026.03.18-ViaEmpresa-768x332.jpg 768w, https:\/\/www.amatimmobiliaris.com\/w\/wp-content\/uploads\/2026\/03\/2026.03.18-ViaEmpresa.jpg 1236w\" sizes=\"(max-width: 800px) 100vw, 800px\" \/><\/a> <a href=\"https:\/\/www.totsantcugat.cat\/actualitat\/economia\/expats-arriben-sant-cugat-meitat-nous-llogaters-son-estrangers_2211782102.html\"><img loading=\"lazy\" decoding=\"async\" class=\"alignnone wp-image-43404 size-large\" src=\"https:\/\/www.amatimmobiliaris.com\/w\/wp-content\/uploads\/2026\/03\/2025.10.09-Tot-Sant-Cugat-e1774254117108-1024x383.png\" alt=\"\" width=\"800\" height=\"299\" srcset=\"https:\/\/www.amatimmobiliaris.com\/w\/wp-content\/uploads\/2026\/03\/2025.10.09-Tot-Sant-Cugat-e1774254117108-1024x383.png 1024w, https:\/\/www.amatimmobiliaris.com\/w\/wp-content\/uploads\/2026\/03\/2025.10.09-Tot-Sant-Cugat-e1774254117108-300x112.png 300w, https:\/\/www.amatimmobiliaris.com\/w\/wp-content\/uploads\/2026\/03\/2025.10.09-Tot-Sant-Cugat-e1774254117108-768x287.png 768w, https:\/\/www.amatimmobiliaris.com\/w\/wp-content\/uploads\/2026\/03\/2025.10.09-Tot-Sant-Cugat-e1774254117108.png 1080w\" sizes=\"(max-width: 800px) 100vw, 800px\" \/><\/a> \u00a0 \u00a0 <a href=\"https:\/\/construnews.com\/vivienda\/el-mercado-de-la-vivienda-en-barcelona-se-tensiona-en-2025-con-subidas-de-precios-y-una-oferta-estructural-insuficiente\/\"><img loading=\"lazy\" decoding=\"async\" class=\"alignnone wp-image-43429 size-full\" src=\"https:\/\/www.amatimmobiliaris.com\/w\/wp-content\/uploads\/2026\/03\/2026.03.19-ConstruNews-El-mercado-de-la-vivienda-en-barcelona-se-tensiona-en-2025.jpg\" alt=\"\" width=\"913\" height=\"864\" srcset=\"https:\/\/www.amatimmobiliaris.com\/w\/wp-content\/uploads\/2026\/03\/2026.03.19-ConstruNews-El-mercado-de-la-vivienda-en-barcelona-se-tensiona-en-2025.jpg 913w, https:\/\/www.amatimmobiliaris.com\/w\/wp-content\/uploads\/2026\/03\/2026.03.19-ConstruNews-El-mercado-de-la-vivienda-en-barcelona-se-tensiona-en-2025-300x284.jpg 300w, https:\/\/www.amatimmobiliaris.com\/w\/wp-content\/uploads\/2026\/03\/2026.03.19-ConstruNews-El-mercado-de-la-vivienda-en-barcelona-se-tensiona-en-2025-768x727.jpg 768w\" sizes=\"(max-width: 913px) 100vw, 913px\" \/><\/a> \u00a0 \u00a0 <a href=\"https:\/\/www.idealista.com\/news\/inmobiliario\/vivienda\/2026\/03\/26\/890240-el-alquiler-en-barcelona-se-rompe-en-dos-crecen-los-minipisos-y-los-grandes-pero\"><img loading=\"lazy\" decoding=\"async\" class=\"alignnone wp-image-43463\" src=\"https:\/\/www.amatimmobiliaris.com\/w\/wp-content\/uploads\/2026\/03\/2026.03.26-Idealista.jpg\" alt=\"\" width=\"907\" height=\"372\" srcset=\"https:\/\/www.amatimmobiliaris.com\/w\/wp-content\/uploads\/2026\/03\/2026.03.26-Idealista.jpg 561w, https:\/\/www.amatimmobiliaris.com\/w\/wp-content\/uploads\/2026\/03\/2026.03.26-Idealista-300x123.jpg 300w\" sizes=\"(max-width: 907px) 100vw, 907px\" \/><\/a><\/p>\n<p style=\"text-align: justify;\">Para cualquier duda, o si deseas m\u00e1s informaci\u00f3n, puedes contactar con nosotros a trav\u00e9s de <a href=\"mailto:info@amatimmo.cat\">info@amatimmo.cat<\/a> o llam\u00e1ndonos al (+34) 934 803 400.<\/p>\n","protected":false},"excerpt":{"rendered":"<p>El director general de Amat, Guifr\u00e9 Homedes, presenta el Informe de Mercado 2025 en nuestra oficina Luxury en Barcelona. &nbsp; Un a\u00f1o m\u00e1s, este pasado 18 de marzo, nuestro director general, Guifr\u00e9 Homedes, present\u00f3 ante los medios el 13\u00ba Informe de Mercado 2025 de Amat Immobiliaris, un an\u00e1lisis elaborado a partir de datos propios que [&hellip;]<\/p>\n","protected":false},"author":4,"featured_media":43371,"comment_status":"closed","ping_status":"closed","sticky":false,"template":"","format":"standard","meta":{"content-type":"","footnotes":""},"categories":[741,889],"tags":[958,1761,1235,1765,1754,1802,959,942,991,974,998,996,1658,1809,1822],"yoast_head":"<!-- This site is optimized with the Yoast SEO plugin v23.9 - https:\/\/yoast.com\/wordpress\/plugins\/seo\/ -->\n<title>Presentamos el Informe de Mercado del 2025 a la prensa | Amat Immobiliaris<\/title>\n<meta name=\"description\" content=\"El pasado 25 de marzo nuestro Director General, Guifr\u00e9 Homedes, present\u00f3 delante de la prensa el Informe de Mercado del 2024\u00a0de Amat.\" \/>\n<meta name=\"robots\" content=\"index, follow, max-snippet:-1, max-image-preview:large, max-video-preview:-1\" \/>\n<link rel=\"canonical\" href=\"https:\/\/www.amatimmobiliaris.com\/w\/2024\/03\/presentamos-el-informe-de-mercado-del-2024-a-la-prensa\" \/>\n<meta property=\"og:locale\" content=\"es_ES\" \/>\n<meta property=\"og:type\" content=\"article\" \/>\n<meta property=\"og:title\" content=\"Presentamos el Informe de Mercado del 2025 a la prensa | Amat Immobiliaris\" \/>\n<meta property=\"og:description\" content=\"El pasado 25 de marzo nuestro Director General, Guifr\u00e9 Homedes, present\u00f3 delante de la prensa el Informe de Mercado del 2024\u00a0de Amat.\" \/>\n<meta property=\"og:url\" content=\"https:\/\/www.amatimmobiliaris.com\/w\/2024\/03\/presentamos-el-informe-de-mercado-del-2024-a-la-prensa\" \/>\n<meta property=\"og:site_name\" content=\"Amat Immobiliaris\" \/>\n<meta property=\"article:publisher\" content=\"https:\/\/www.facebook.com\/amatimmobiliaris\" \/>\n<meta property=\"article:published_time\" content=\"2026-03-27T10:23:47+00:00\" \/>\n<meta property=\"article:modified_time\" content=\"2026-04-28T10:36:44+00:00\" \/>\n<meta property=\"og:image\" content=\"https:\/\/www.amatimmobiliaris.com\/w\/wp-content\/uploads\/2026\/03\/0-scaled-e1773923999290.jpg\" \/>\n\t<meta property=\"og:image:width\" content=\"2560\" \/>\n\t<meta property=\"og:image:height\" content=\"1920\" \/>\n\t<meta property=\"og:image:type\" content=\"image\/jpeg\" \/>\n<meta name=\"author\" content=\"Marina Payan\" \/>\n<meta name=\"twitter:card\" content=\"summary_large_image\" \/>\n<meta name=\"twitter:creator\" content=\"@amat_cat\" \/>\n<meta name=\"twitter:site\" content=\"@amat_cat\" \/>\n<meta name=\"twitter:label1\" content=\"Escrito por\" \/>\n\t<meta name=\"twitter:data1\" content=\"Marina Payan\" \/>\n\t<meta name=\"twitter:label2\" content=\"Tiempo de lectura\" \/>\n\t<meta name=\"twitter:data2\" content=\"8 minutos\" \/>\n<script type=\"application\/ld+json\" class=\"yoast-schema-graph\">{\"@context\":\"https:\/\/schema.org\",\"@graph\":[{\"@type\":\"Article\",\"@id\":\"https:\/\/www.amatimmobiliaris.com\/w\/2024\/03\/presentamos-el-informe-de-mercado-del-2024-a-la-prensa#article\",\"isPartOf\":{\"@id\":\"https:\/\/www.amatimmobiliaris.com\/w\/2026\/03\/presentamos-el-informe-de-mercado-del-2025-a-la-prensa\/\"},\"author\":{\"name\":\"Marina Payan\",\"@id\":\"https:\/\/www.amatimmobiliaris.com\/w\/#\/schema\/person\/d62b55fd12a2bc4550743759f52bdc8f\"},\"headline\":\"Presentamos el Informe de Mercado del 2025 a la prensa\",\"datePublished\":\"2026-03-27T10:23:47+00:00\",\"dateModified\":\"2026-04-28T10:36:44+00:00\",\"mainEntityOfPage\":{\"@id\":\"https:\/\/www.amatimmobiliaris.com\/w\/2026\/03\/presentamos-el-informe-de-mercado-del-2025-a-la-prensa\/\"},\"wordCount\":1270,\"publisher\":{\"@id\":\"https:\/\/www.amatimmobiliaris.com\/w\/#organization\"},\"image\":{\"@id\":\"https:\/\/www.amatimmobiliaris.com\/w\/2024\/03\/presentamos-el-informe-de-mercado-del-2024-a-la-prensa#primaryimage\"},\"thumbnailUrl\":\"https:\/\/www.amatimmobiliaris.com\/w\/wp-content\/uploads\/2026\/03\/0-scaled-e1773923999290.jpg\",\"keywords\":[\"Alquiler\",\"Amat Luxury\",\"Econom\u00eda\",\"Entorno Inmobiliario\",\"Guifre Homedes\",\"Habitaci\u00f3n\",\"Informe de mercado\",\"Inmobiliaria\",\"Lujo\",\"Mercado inmobiliario\",\"Obra nueva\",\"Rehabilitaci\u00f3n\",\"Renovar\",\"Sector inmobiliario\",\"Sociedad\"],\"articleSection\":[\"El mundo Amat\",\"Noticias\"],\"inLanguage\":\"es\"},{\"@type\":\"WebPage\",\"@id\":\"https:\/\/www.amatimmobiliaris.com\/w\/2026\/03\/presentamos-el-informe-de-mercado-del-2025-a-la-prensa\/\",\"url\":\"https:\/\/www.amatimmobiliaris.com\/w\/2024\/03\/presentamos-el-informe-de-mercado-del-2024-a-la-prensa\",\"name\":\"Presentamos el Informe de Mercado del 2025 a la prensa | Amat Immobiliaris\",\"isPartOf\":{\"@id\":\"https:\/\/www.amatimmobiliaris.com\/w\/#website\"},\"primaryImageOfPage\":{\"@id\":\"https:\/\/www.amatimmobiliaris.com\/w\/2024\/03\/presentamos-el-informe-de-mercado-del-2024-a-la-prensa#primaryimage\"},\"image\":{\"@id\":\"https:\/\/www.amatimmobiliaris.com\/w\/2024\/03\/presentamos-el-informe-de-mercado-del-2024-a-la-prensa#primaryimage\"},\"thumbnailUrl\":\"https:\/\/www.amatimmobiliaris.com\/w\/wp-content\/uploads\/2026\/03\/0-scaled-e1773923999290.jpg\",\"datePublished\":\"2026-03-27T10:23:47+00:00\",\"dateModified\":\"2026-04-28T10:36:44+00:00\",\"description\":\"El pasado 25 de marzo nuestro Director General, Guifr\u00e9 Homedes, present\u00f3 delante de la prensa el Informe de Mercado del 2024\u00a0de Amat.\",\"breadcrumb\":{\"@id\":\"https:\/\/www.amatimmobiliaris.com\/w\/2024\/03\/presentamos-el-informe-de-mercado-del-2024-a-la-prensa#breadcrumb\"},\"inLanguage\":\"es\",\"potentialAction\":[{\"@type\":\"ReadAction\",\"target\":[\"https:\/\/www.amatimmobiliaris.com\/w\/2024\/03\/presentamos-el-informe-de-mercado-del-2024-a-la-prensa\"]}]},{\"@type\":\"ImageObject\",\"inLanguage\":\"es\",\"@id\":\"https:\/\/www.amatimmobiliaris.com\/w\/2024\/03\/presentamos-el-informe-de-mercado-del-2024-a-la-prensa#primaryimage\",\"url\":\"https:\/\/www.amatimmobiliaris.com\/w\/wp-content\/uploads\/2026\/03\/0-scaled-e1773923999290.jpg\",\"contentUrl\":\"https:\/\/www.amatimmobiliaris.com\/w\/wp-content\/uploads\/2026\/03\/0-scaled-e1773923999290.jpg\",\"width\":2560,\"height\":1920},{\"@type\":\"BreadcrumbList\",\"@id\":\"https:\/\/www.amatimmobiliaris.com\/w\/2024\/03\/presentamos-el-informe-de-mercado-del-2024-a-la-prensa#breadcrumb\",\"itemListElement\":[{\"@type\":\"ListItem\",\"position\":1,\"name\":\"Home\",\"item\":\"https:\/\/www.amatimmobiliaris.com\/w\/\"},{\"@type\":\"ListItem\",\"position\":2,\"name\":\"El mundo Amat\",\"item\":\"https:\/\/www.amatimmobiliaris.com\/w\/category\/el-mundo-amat\/\"},{\"@type\":\"ListItem\",\"position\":3,\"name\":\"Presentamos el Informe de Mercado del 2025 a la prensa\"}]},{\"@type\":\"WebSite\",\"@id\":\"https:\/\/www.amatimmobiliaris.com\/w\/#website\",\"url\":\"https:\/\/www.amatimmobiliaris.com\/w\/\",\"name\":\"Amat Immobiliaris\",\"description\":\"Empresa familiar del sector inmobiliario con oficinas en Barcelona, Sant Cugat del Vall\u00e9s y Sant Just Desvern. Te ayudamos a comprar, alquilar o vender tu casa o piso. Somos un equipo coherente con una cultura de empresa honesta, innovadora y eficaz. Tambi\u00e9n en www.amatluxury.com\",\"publisher\":{\"@id\":\"https:\/\/www.amatimmobiliaris.com\/w\/#organization\"},\"alternateName\":\"AmatImmo\",\"potentialAction\":[{\"@type\":\"SearchAction\",\"target\":{\"@type\":\"EntryPoint\",\"urlTemplate\":\"https:\/\/www.amatimmobiliaris.com\/w\/?s={search_term_string}\"},\"query-input\":{\"@type\":\"PropertyValueSpecification\",\"valueRequired\":true,\"valueName\":\"search_term_string\"}}],\"inLanguage\":\"es\"},{\"@type\":\"Organization\",\"@id\":\"https:\/\/www.amatimmobiliaris.com\/w\/#organization\",\"name\":\"Amat Immobiliaris\",\"url\":\"https:\/\/www.amatimmobiliaris.com\/w\/\",\"logo\":{\"@type\":\"ImageObject\",\"inLanguage\":\"es\",\"@id\":\"https:\/\/www.amatimmobiliaris.com\/w\/#\/schema\/logo\/image\/\",\"url\":\"https:\/\/www.amatimmobiliaris.com\/w\/wp-content\/uploads\/2022\/10\/amat-logo.jpg\",\"contentUrl\":\"https:\/\/www.amatimmobiliaris.com\/w\/wp-content\/uploads\/2022\/10\/amat-logo.jpg\",\"width\":900,\"height\":900,\"caption\":\"Amat Immobiliaris\"},\"image\":{\"@id\":\"https:\/\/www.amatimmobiliaris.com\/w\/#\/schema\/logo\/image\/\"},\"sameAs\":[\"https:\/\/www.facebook.com\/amatimmobiliaris\",\"https:\/\/x.com\/amat_cat\",\"https:\/\/www.instagram.com\/amat_immo\/\",\"https:\/\/www.linkedin.com\/company\/amat-finques\/\",\"https:\/\/www.youtube.com\/@amatimmobiliaris\"]},{\"@type\":\"Person\",\"@id\":\"https:\/\/www.amatimmobiliaris.com\/w\/#\/schema\/person\/d62b55fd12a2bc4550743759f52bdc8f\",\"name\":\"Marina Payan\"}]}<\/script>\n<!-- \/ Yoast SEO plugin. -->","yoast_head_json":{"title":"Presentamos el Informe de Mercado del 2025 a la prensa | Amat Immobiliaris","description":"El pasado 25 de marzo nuestro Director General, Guifr\u00e9 Homedes, present\u00f3 delante de la prensa el Informe de Mercado del 2024\u00a0de Amat.","robots":{"index":"index","follow":"follow","max-snippet":"max-snippet:-1","max-image-preview":"max-image-preview:large","max-video-preview":"max-video-preview:-1"},"canonical":"https:\/\/www.amatimmobiliaris.com\/w\/2024\/03\/presentamos-el-informe-de-mercado-del-2024-a-la-prensa","og_locale":"es_ES","og_type":"article","og_title":"Presentamos el Informe de Mercado del 2025 a la prensa | Amat Immobiliaris","og_description":"El pasado 25 de marzo nuestro Director General, Guifr\u00e9 Homedes, present\u00f3 delante de la prensa el Informe de Mercado del 2024\u00a0de Amat.","og_url":"https:\/\/www.amatimmobiliaris.com\/w\/2024\/03\/presentamos-el-informe-de-mercado-del-2024-a-la-prensa","og_site_name":"Amat Immobiliaris","article_publisher":"https:\/\/www.facebook.com\/amatimmobiliaris","article_published_time":"2026-03-27T10:23:47+00:00","article_modified_time":"2026-04-28T10:36:44+00:00","og_image":[{"width":2560,"height":1920,"url":"https:\/\/www.amatimmobiliaris.com\/w\/wp-content\/uploads\/2026\/03\/0-scaled-e1773923999290.jpg","type":"image\/jpeg"}],"author":"Marina Payan","twitter_card":"summary_large_image","twitter_creator":"@amat_cat","twitter_site":"@amat_cat","twitter_misc":{"Escrito por":"Marina Payan","Tiempo de lectura":"8 minutos"},"schema":{"@context":"https:\/\/schema.org","@graph":[{"@type":"Article","@id":"https:\/\/www.amatimmobiliaris.com\/w\/2024\/03\/presentamos-el-informe-de-mercado-del-2024-a-la-prensa#article","isPartOf":{"@id":"https:\/\/www.amatimmobiliaris.com\/w\/2026\/03\/presentamos-el-informe-de-mercado-del-2025-a-la-prensa\/"},"author":{"name":"Marina Payan","@id":"https:\/\/www.amatimmobiliaris.com\/w\/#\/schema\/person\/d62b55fd12a2bc4550743759f52bdc8f"},"headline":"Presentamos el Informe de Mercado del 2025 a la prensa","datePublished":"2026-03-27T10:23:47+00:00","dateModified":"2026-04-28T10:36:44+00:00","mainEntityOfPage":{"@id":"https:\/\/www.amatimmobiliaris.com\/w\/2026\/03\/presentamos-el-informe-de-mercado-del-2025-a-la-prensa\/"},"wordCount":1270,"publisher":{"@id":"https:\/\/www.amatimmobiliaris.com\/w\/#organization"},"image":{"@id":"https:\/\/www.amatimmobiliaris.com\/w\/2024\/03\/presentamos-el-informe-de-mercado-del-2024-a-la-prensa#primaryimage"},"thumbnailUrl":"https:\/\/www.amatimmobiliaris.com\/w\/wp-content\/uploads\/2026\/03\/0-scaled-e1773923999290.jpg","keywords":["Alquiler","Amat Luxury","Econom\u00eda","Entorno Inmobiliario","Guifre Homedes","Habitaci\u00f3n","Informe de mercado","Inmobiliaria","Lujo","Mercado inmobiliario","Obra nueva","Rehabilitaci\u00f3n","Renovar","Sector inmobiliario","Sociedad"],"articleSection":["El mundo Amat","Noticias"],"inLanguage":"es"},{"@type":"WebPage","@id":"https:\/\/www.amatimmobiliaris.com\/w\/2026\/03\/presentamos-el-informe-de-mercado-del-2025-a-la-prensa\/","url":"https:\/\/www.amatimmobiliaris.com\/w\/2024\/03\/presentamos-el-informe-de-mercado-del-2024-a-la-prensa","name":"Presentamos el Informe de Mercado del 2025 a la prensa | Amat Immobiliaris","isPartOf":{"@id":"https:\/\/www.amatimmobiliaris.com\/w\/#website"},"primaryImageOfPage":{"@id":"https:\/\/www.amatimmobiliaris.com\/w\/2024\/03\/presentamos-el-informe-de-mercado-del-2024-a-la-prensa#primaryimage"},"image":{"@id":"https:\/\/www.amatimmobiliaris.com\/w\/2024\/03\/presentamos-el-informe-de-mercado-del-2024-a-la-prensa#primaryimage"},"thumbnailUrl":"https:\/\/www.amatimmobiliaris.com\/w\/wp-content\/uploads\/2026\/03\/0-scaled-e1773923999290.jpg","datePublished":"2026-03-27T10:23:47+00:00","dateModified":"2026-04-28T10:36:44+00:00","description":"El pasado 25 de marzo nuestro Director General, Guifr\u00e9 Homedes, present\u00f3 delante de la prensa el Informe de Mercado del 2024\u00a0de Amat.","breadcrumb":{"@id":"https:\/\/www.amatimmobiliaris.com\/w\/2024\/03\/presentamos-el-informe-de-mercado-del-2024-a-la-prensa#breadcrumb"},"inLanguage":"es","potentialAction":[{"@type":"ReadAction","target":["https:\/\/www.amatimmobiliaris.com\/w\/2024\/03\/presentamos-el-informe-de-mercado-del-2024-a-la-prensa"]}]},{"@type":"ImageObject","inLanguage":"es","@id":"https:\/\/www.amatimmobiliaris.com\/w\/2024\/03\/presentamos-el-informe-de-mercado-del-2024-a-la-prensa#primaryimage","url":"https:\/\/www.amatimmobiliaris.com\/w\/wp-content\/uploads\/2026\/03\/0-scaled-e1773923999290.jpg","contentUrl":"https:\/\/www.amatimmobiliaris.com\/w\/wp-content\/uploads\/2026\/03\/0-scaled-e1773923999290.jpg","width":2560,"height":1920},{"@type":"BreadcrumbList","@id":"https:\/\/www.amatimmobiliaris.com\/w\/2024\/03\/presentamos-el-informe-de-mercado-del-2024-a-la-prensa#breadcrumb","itemListElement":[{"@type":"ListItem","position":1,"name":"Home","item":"https:\/\/www.amatimmobiliaris.com\/w\/"},{"@type":"ListItem","position":2,"name":"El mundo Amat","item":"https:\/\/www.amatimmobiliaris.com\/w\/category\/el-mundo-amat\/"},{"@type":"ListItem","position":3,"name":"Presentamos el Informe de Mercado del 2025 a la prensa"}]},{"@type":"WebSite","@id":"https:\/\/www.amatimmobiliaris.com\/w\/#website","url":"https:\/\/www.amatimmobiliaris.com\/w\/","name":"Amat Immobiliaris","description":"Empresa familiar del sector inmobiliario con oficinas en Barcelona, Sant Cugat del Vall\u00e9s y Sant Just Desvern. Te ayudamos a comprar, alquilar o vender tu casa o piso. Somos un equipo coherente con una cultura de empresa honesta, innovadora y eficaz. Tambi\u00e9n en www.amatluxury.com","publisher":{"@id":"https:\/\/www.amatimmobiliaris.com\/w\/#organization"},"alternateName":"AmatImmo","potentialAction":[{"@type":"SearchAction","target":{"@type":"EntryPoint","urlTemplate":"https:\/\/www.amatimmobiliaris.com\/w\/?s={search_term_string}"},"query-input":{"@type":"PropertyValueSpecification","valueRequired":true,"valueName":"search_term_string"}}],"inLanguage":"es"},{"@type":"Organization","@id":"https:\/\/www.amatimmobiliaris.com\/w\/#organization","name":"Amat Immobiliaris","url":"https:\/\/www.amatimmobiliaris.com\/w\/","logo":{"@type":"ImageObject","inLanguage":"es","@id":"https:\/\/www.amatimmobiliaris.com\/w\/#\/schema\/logo\/image\/","url":"https:\/\/www.amatimmobiliaris.com\/w\/wp-content\/uploads\/2022\/10\/amat-logo.jpg","contentUrl":"https:\/\/www.amatimmobiliaris.com\/w\/wp-content\/uploads\/2022\/10\/amat-logo.jpg","width":900,"height":900,"caption":"Amat Immobiliaris"},"image":{"@id":"https:\/\/www.amatimmobiliaris.com\/w\/#\/schema\/logo\/image\/"},"sameAs":["https:\/\/www.facebook.com\/amatimmobiliaris","https:\/\/x.com\/amat_cat","https:\/\/www.instagram.com\/amat_immo\/","https:\/\/www.linkedin.com\/company\/amat-finques\/","https:\/\/www.youtube.com\/@amatimmobiliaris"]},{"@type":"Person","@id":"https:\/\/www.amatimmobiliaris.com\/w\/#\/schema\/person\/d62b55fd12a2bc4550743759f52bdc8f","name":"Marina Payan"}]}},"_links":{"self":[{"href":"https:\/\/www.amatimmobiliaris.com\/w\/wp-json\/wp\/v2\/posts\/43323"}],"collection":[{"href":"https:\/\/www.amatimmobiliaris.com\/w\/wp-json\/wp\/v2\/posts"}],"about":[{"href":"https:\/\/www.amatimmobiliaris.com\/w\/wp-json\/wp\/v2\/types\/post"}],"author":[{"embeddable":true,"href":"https:\/\/www.amatimmobiliaris.com\/w\/wp-json\/wp\/v2\/users\/4"}],"replies":[{"embeddable":true,"href":"https:\/\/www.amatimmobiliaris.com\/w\/wp-json\/wp\/v2\/comments?post=43323"}],"version-history":[{"count":3,"href":"https:\/\/www.amatimmobiliaris.com\/w\/wp-json\/wp\/v2\/posts\/43323\/revisions"}],"predecessor-version":[{"id":44004,"href":"https:\/\/www.amatimmobiliaris.com\/w\/wp-json\/wp\/v2\/posts\/43323\/revisions\/44004"}],"wp:featuredmedia":[{"embeddable":true,"href":"https:\/\/www.amatimmobiliaris.com\/w\/wp-json\/wp\/v2\/media\/43371"}],"wp:attachment":[{"href":"https:\/\/www.amatimmobiliaris.com\/w\/wp-json\/wp\/v2\/media?parent=43323"}],"wp:term":[{"taxonomy":"category","embeddable":true,"href":"https:\/\/www.amatimmobiliaris.com\/w\/wp-json\/wp\/v2\/categories?post=43323"},{"taxonomy":"post_tag","embeddable":true,"href":"https:\/\/www.amatimmobiliaris.com\/w\/wp-json\/wp\/v2\/tags?post=43323"}],"curies":[{"name":"wp","href":"https:\/\/api.w.org\/{rel}","templated":true}]}}