{"id":42557,"date":"2025-12-15T09:48:38","date_gmt":"2025-12-15T09:48:38","guid":{"rendered":"https:\/\/www.amatimmobiliaris.com\/w\/?p=42557"},"modified":"2025-12-15T09:48:38","modified_gmt":"2025-12-15T09:48:38","slug":"felices-fiestas-y-feliz-ano-2026","status":"publish","type":"post","link":"https:\/\/www.amatimmobiliaris.com\/w\/2025\/12\/felices-fiestas-y-feliz-ano-2026\/","title":{"rendered":"Felices Fiestas y Feliz A\u00f1o 2026"},"content":{"rendered":"<h2>\u00a1El equipo Amat les desea Felices Fiestas y un Pr\u00f3spero A\u00f1o 2026!<\/h2>\n<p>&nbsp;<\/p>\n<p><a href=\"https:\/\/youtu.be\/xuPLIQkpk8c?si=JxNFGSVuqVhCmoj_\"><img loading=\"lazy\" decoding=\"async\" class=\"alignnone wp-image-42558\" src=\"https:\/\/www.amatimmobiliaris.com\/w\/wp-content\/uploads\/2025\/12\/calendari-2026_0-1024x576.jpg\" alt=\"\" width=\"726\" height=\"411\" \/><\/a><\/p>\n<h2>El calendario Amat<\/h2>\n<p style=\"text-align: justify;\">Como siempre, con la llegada de un nuevo a\u00f1o, hemos elaborado el <a href=\"https:\/\/issuu.com\/amatimmobiliaris\/docs\/calendari_amat_2026\" target=\"_blank\" rel=\"noopener\">CALENDARIO 2026<\/a> para todos nuestros clientes, proveedores y colaboradores, que muy pronto llegar\u00e1 a sus hogares.<\/p>\n<p>Este a\u00f1o hemos creado un calendario muy especial, dedicado a la conmemoraci\u00f3n del <strong>150\u00ba aniversario del nacimiento de Pau Casals<\/strong>, una de las figuras m\u00e1s universales de la m\u00fasica y de la cultura catalana.<\/p>\n<p>A lo largo de todo el calendario podr\u00e9is descubrir <strong>fotograf\u00edas que recorren su trayectoria profesional<\/strong>, as\u00ed como <strong>frases c\u00e9lebres<\/strong> que reflejan su legado art\u00edstico, humano y comprometido con la paz.<\/p>\n<p>Adem\u00e1s, cada p\u00e1gina del calendario incorpora un <strong>c\u00f3digo QR<\/strong> que os llevar\u00e1 directamente a una <strong>lista de reproducci\u00f3n con algunas de las piezas m\u00e1s escuchadas y representativas del artista<\/strong>, para poder acompa\u00f1ar cada mes con su m\u00fasica.<\/p>\n<p>Con este calendario queremos rendir homenaje a Pau Casals y mantener vivo su esp\u00edritu, su obra y sus valores.<\/p>\n<p>&nbsp;<\/p>\n<p><strong>\u00a1Esperamos que les guste tanto como a nosotros!<\/strong><br \/>\nAgradecemos a nuestros patrocinadores <a href=\"https:\/\/www.mutuadepropietarios.es\/\" target=\"_blank\" rel=\"noopener\">Mutua de Propietarios<\/a>, <a href=\"http:\/\/onwork.cat\/\" target=\"_blank\" rel=\"noopener\">Onwork<\/a>, <a href=\"https:\/\/www.aurialpadel.com\/\" target=\"_blank\" rel=\"noopener\">Aurial Padel<\/a>, <a href=\"https:\/\/www.tkelevator.com\/es-es\/\" target=\"_blank\" rel=\"noopener\">TK Elevator<\/a>, <a href=\"http:\/\/vanguardgrafic.com\/\" target=\"_blank\" rel=\"noopener\">Vanguard Gr\u00e0fic<\/a> por haberlo hecho posible.<\/p>\n<p><a href=\"https:\/\/issuu.com\/amatimmobiliaris\/docs\/calendari_amat_2026\"><img loading=\"lazy\" decoding=\"async\" class=\"alignnone size-large wp-image-42561\" src=\"https:\/\/www.amatimmobiliaris.com\/w\/wp-content\/uploads\/2025\/12\/Calendari-Amat-2026_mockup-cuadrado-1024x657.jpg\" alt=\"\" width=\"800\" height=\"513\" srcset=\"https:\/\/www.amatimmobiliaris.com\/w\/wp-content\/uploads\/2025\/12\/Calendari-Amat-2026_mockup-cuadrado-1024x657.jpg 1024w, https:\/\/www.amatimmobiliaris.com\/w\/wp-content\/uploads\/2025\/12\/Calendari-Amat-2026_mockup-cuadrado-300x193.jpg 300w, https:\/\/www.amatimmobiliaris.com\/w\/wp-content\/uploads\/2025\/12\/Calendari-Amat-2026_mockup-cuadrado-768x493.jpg 768w, https:\/\/www.amatimmobiliaris.com\/w\/wp-content\/uploads\/2025\/12\/Calendari-Amat-2026_mockup-cuadrado.jpg 1170w\" sizes=\"(max-width: 800px) 100vw, 800px\" \/><\/a><\/p>\n<p><a href=\"https:\/\/www.facebook.com\/sharer\/sharer.php?u=https%3A%2F%2Fwww.amatimmobiliaris.com%2Fw%2Fca%2F2023%2F12%2Fbones-festes-i-bon-any-2024%2F\" class=\"broken_link\" rel=\"nofollow\"><img loading=\"lazy\" decoding=\"async\" class=\"alignnone size-full wp-image-19024\" src=\"https:\/\/www.amatimmobiliaris.com\/w\/wp-content\/uploads\/2021\/11\/fb.png\" alt=\"\" width=\"12\" height=\"24\" \/><\/a><a href=\"https:\/\/www.linkedin.com\/sharing\/share-offsite\/?url=https%3A%2F%2Fwww.amatimmobiliaris.com%2Fw%2Fca%2F2023%2F12%2Fbones-festes-i-bon-any-2024%2F\"><img loading=\"lazy\" decoding=\"async\" class=\"alignnone size-full wp-image-19028\" src=\"https:\/\/www.amatimmobiliaris.com\/w\/wp-content\/uploads\/2021\/11\/linkedin.png\" alt=\"\" width=\"25\" height=\"25\" \/><\/a><\/p>\n<p style=\"text-align: justify;\">Hemos utilizado papel reciclado para realizar el Calendario Amat 2026.<\/p>\n","protected":false},"excerpt":{"rendered":"<p>\u00a1El equipo Amat les desea Felices Fiestas y un Pr\u00f3spero A\u00f1o 2026! &nbsp; El calendario Amat Como siempre, con la llegada de un nuevo a\u00f1o, hemos elaborado el CALENDARIO 2026 para todos nuestros clientes, proveedores y colaboradores, que muy pronto llegar\u00e1 a sus hogares. Este a\u00f1o hemos creado un calendario muy especial, dedicado a la [&hellip;]<\/p>\n","protected":false},"author":4,"featured_media":42566,"comment_status":"closed","ping_status":"closed","sticky":false,"template":"","format":"standard","meta":{"content-type":"","footnotes":""},"categories":[741,746],"tags":[2073,950,2074,2075,1676],"yoast_head":"<!-- This site is optimized with the Yoast SEO plugin v23.9 - https:\/\/yoast.com\/wordpress\/plugins\/seo\/ -->\n<title>Felices Fiestas y Feliz A\u00f1o 2026 | Amat Immobiliaris<\/title>\n<meta name=\"description\" content=\"Con la entrada de un nuevo a\u00f1o, hemos hecho un calendario para todos nuestros clientes, proveedores y colaboradores. \u00a1Feliz A\u00f1o 2026!\" \/>\n<meta name=\"robots\" content=\"index, follow, max-snippet:-1, max-image-preview:large, max-video-preview:-1\" \/>\n<link rel=\"canonical\" href=\"https:\/\/www.amatimmobiliaris.com\/blog\/felices-fiestas-y-feliz-ano-2026\" \/>\n<meta property=\"og:locale\" content=\"es_ES\" \/>\n<meta property=\"og:type\" content=\"article\" \/>\n<meta property=\"og:title\" content=\"Felices Fiestas y Feliz A\u00f1o 2026 | Amat Immobiliaris\" \/>\n<meta property=\"og:description\" content=\"Con la entrada de un nuevo a\u00f1o, hemos hecho un calendario para todos nuestros clientes, proveedores y colaboradores. \u00a1Feliz A\u00f1o 2026!\" \/>\n<meta property=\"og:url\" content=\"https:\/\/www.amatimmobiliaris.com\/blog\/felices-fiestas-y-feliz-ano-2026\" \/>\n<meta property=\"og:site_name\" content=\"Amat Immobiliaris\" \/>\n<meta property=\"article:publisher\" content=\"https:\/\/www.facebook.com\/amatimmobiliaris\" \/>\n<meta property=\"article:published_time\" content=\"2025-12-15T09:48:38+00:00\" \/>\n<meta property=\"og:image\" content=\"https:\/\/www.amatimmobiliaris.com\/w\/wp-content\/uploads\/2025\/12\/calendari-2026.jpg\" \/>\n\t<meta property=\"og:image:width\" content=\"1920\" \/>\n\t<meta property=\"og:image:height\" content=\"1080\" \/>\n\t<meta property=\"og:image:type\" content=\"image\/jpeg\" \/>\n<meta name=\"author\" content=\"Marina Payan\" \/>\n<meta name=\"twitter:card\" content=\"summary_large_image\" \/>\n<meta name=\"twitter:creator\" content=\"@amat_cat\" \/>\n<meta name=\"twitter:site\" content=\"@amat_cat\" \/>\n<meta name=\"twitter:label1\" content=\"Escrito por\" \/>\n\t<meta name=\"twitter:data1\" content=\"Marina Payan\" \/>\n\t<meta name=\"twitter:label2\" content=\"Tiempo de lectura\" \/>\n\t<meta name=\"twitter:data2\" content=\"2 minutos\" \/>\n<script type=\"application\/ld+json\" class=\"yoast-schema-graph\">{\"@context\":\"https:\/\/schema.org\",\"@graph\":[{\"@type\":\"Article\",\"@id\":\"https:\/\/www.amatimmobiliaris.com\/blog\/felices-fiestas-y-feliz-ano-2026#article\",\"isPartOf\":{\"@id\":\"https:\/\/www.amatimmobiliaris.com\/w\/2025\/12\/felices-fiestas-y-feliz-ano-2026\/\"},\"author\":{\"name\":\"Marina Payan\",\"@id\":\"https:\/\/www.amatimmobiliaris.com\/w\/#\/schema\/person\/d62b55fd12a2bc4550743759f52bdc8f\"},\"headline\":\"Felices Fiestas y Feliz A\u00f1o 2026\",\"datePublished\":\"2025-12-15T09:48:38+00:00\",\"dateModified\":\"2025-12-15T09:48:38+00:00\",\"mainEntityOfPage\":{\"@id\":\"https:\/\/www.amatimmobiliaris.com\/w\/2025\/12\/felices-fiestas-y-feliz-ano-2026\/\"},\"wordCount\":223,\"publisher\":{\"@id\":\"https:\/\/www.amatimmobiliaris.com\/w\/#organization\"},\"image\":{\"@id\":\"https:\/\/www.amatimmobiliaris.com\/blog\/felices-fiestas-y-feliz-ano-2026#primaryimage\"},\"thumbnailUrl\":\"https:\/\/www.amatimmobiliaris.com\/w\/wp-content\/uploads\/2025\/12\/calendari-2026.jpg\",\"keywords\":[\"Amat\",\"Calendario\",\"Felices Fiestas\",\"Feliz A\u00f1o\",\"Navidad\"],\"articleSection\":[\"El mundo Amat\",\"Reflexiones\"],\"inLanguage\":\"es\"},{\"@type\":\"WebPage\",\"@id\":\"https:\/\/www.amatimmobiliaris.com\/w\/2025\/12\/felices-fiestas-y-feliz-ano-2026\/\",\"url\":\"https:\/\/www.amatimmobiliaris.com\/blog\/felices-fiestas-y-feliz-ano-2026\",\"name\":\"Felices Fiestas y Feliz A\u00f1o 2026 | Amat Immobiliaris\",\"isPartOf\":{\"@id\":\"https:\/\/www.amatimmobiliaris.com\/w\/#website\"},\"primaryImageOfPage\":{\"@id\":\"https:\/\/www.amatimmobiliaris.com\/blog\/felices-fiestas-y-feliz-ano-2026#primaryimage\"},\"image\":{\"@id\":\"https:\/\/www.amatimmobiliaris.com\/blog\/felices-fiestas-y-feliz-ano-2026#primaryimage\"},\"thumbnailUrl\":\"https:\/\/www.amatimmobiliaris.com\/w\/wp-content\/uploads\/2025\/12\/calendari-2026.jpg\",\"datePublished\":\"2025-12-15T09:48:38+00:00\",\"dateModified\":\"2025-12-15T09:48:38+00:00\",\"description\":\"Con la entrada de un nuevo a\u00f1o, hemos hecho un calendario para todos nuestros clientes, proveedores y colaboradores. \u00a1Feliz A\u00f1o 2026!\",\"breadcrumb\":{\"@id\":\"https:\/\/www.amatimmobiliaris.com\/blog\/felices-fiestas-y-feliz-ano-2026#breadcrumb\"},\"inLanguage\":\"es\",\"potentialAction\":[{\"@type\":\"ReadAction\",\"target\":[\"https:\/\/www.amatimmobiliaris.com\/blog\/felices-fiestas-y-feliz-ano-2026\"]}]},{\"@type\":\"ImageObject\",\"inLanguage\":\"es\",\"@id\":\"https:\/\/www.amatimmobiliaris.com\/blog\/felices-fiestas-y-feliz-ano-2026#primaryimage\",\"url\":\"https:\/\/www.amatimmobiliaris.com\/w\/wp-content\/uploads\/2025\/12\/calendari-2026.jpg\",\"contentUrl\":\"https:\/\/www.amatimmobiliaris.com\/w\/wp-content\/uploads\/2025\/12\/calendari-2026.jpg\",\"width\":1920,\"height\":1080},{\"@type\":\"BreadcrumbList\",\"@id\":\"https:\/\/www.amatimmobiliaris.com\/blog\/felices-fiestas-y-feliz-ano-2026#breadcrumb\",\"itemListElement\":[{\"@type\":\"ListItem\",\"position\":1,\"name\":\"Home\",\"item\":\"https:\/\/www.amatimmobiliaris.com\/w\/\"},{\"@type\":\"ListItem\",\"position\":2,\"name\":\"El m\u00f3n Amat\",\"item\":\"https:\/\/www.amatimmobiliaris.com\/w\/ca\/categoria-ca\/el-mon-amat-ca\/\"},{\"@type\":\"ListItem\",\"position\":3,\"name\":\"Felices Fiestas y Feliz A\u00f1o 2026\"}]},{\"@type\":\"WebSite\",\"@id\":\"https:\/\/www.amatimmobiliaris.com\/w\/#website\",\"url\":\"https:\/\/www.amatimmobiliaris.com\/w\/\",\"name\":\"Amat Immobiliaris\",\"description\":\"Empresa familiar del sector inmobiliario con oficinas en Barcelona, Sant Cugat del Vall\u00e9s y Sant Just Desvern. Te ayudamos a comprar, alquilar o vender tu casa o piso. Somos un equipo coherente con una cultura de empresa honesta, innovadora y eficaz. Tambi\u00e9n en www.amatluxury.com\",\"publisher\":{\"@id\":\"https:\/\/www.amatimmobiliaris.com\/w\/#organization\"},\"alternateName\":\"AmatImmo\",\"potentialAction\":[{\"@type\":\"SearchAction\",\"target\":{\"@type\":\"EntryPoint\",\"urlTemplate\":\"https:\/\/www.amatimmobiliaris.com\/w\/?s={search_term_string}\"},\"query-input\":{\"@type\":\"PropertyValueSpecification\",\"valueRequired\":true,\"valueName\":\"search_term_string\"}}],\"inLanguage\":\"es\"},{\"@type\":\"Organization\",\"@id\":\"https:\/\/www.amatimmobiliaris.com\/w\/#organization\",\"name\":\"Amat Immobiliaris\",\"url\":\"https:\/\/www.amatimmobiliaris.com\/w\/\",\"logo\":{\"@type\":\"ImageObject\",\"inLanguage\":\"es\",\"@id\":\"https:\/\/www.amatimmobiliaris.com\/w\/#\/schema\/logo\/image\/\",\"url\":\"https:\/\/www.amatimmobiliaris.com\/w\/wp-content\/uploads\/2022\/10\/amat-logo.jpg\",\"contentUrl\":\"https:\/\/www.amatimmobiliaris.com\/w\/wp-content\/uploads\/2022\/10\/amat-logo.jpg\",\"width\":900,\"height\":900,\"caption\":\"Amat Immobiliaris\"},\"image\":{\"@id\":\"https:\/\/www.amatimmobiliaris.com\/w\/#\/schema\/logo\/image\/\"},\"sameAs\":[\"https:\/\/www.facebook.com\/amatimmobiliaris\",\"https:\/\/x.com\/amat_cat\",\"https:\/\/www.instagram.com\/amat_immo\/\",\"https:\/\/www.linkedin.com\/company\/amat-finques\/\",\"https:\/\/www.youtube.com\/@amatimmobiliaris\"]},{\"@type\":\"Person\",\"@id\":\"https:\/\/www.amatimmobiliaris.com\/w\/#\/schema\/person\/d62b55fd12a2bc4550743759f52bdc8f\",\"name\":\"Marina Payan\"}]}<\/script>\n<!-- \/ Yoast SEO plugin. -->","yoast_head_json":{"title":"Felices Fiestas y Feliz A\u00f1o 2026 | Amat Immobiliaris","description":"Con la entrada de un nuevo a\u00f1o, hemos hecho un calendario para todos nuestros clientes, proveedores y colaboradores. \u00a1Feliz A\u00f1o 2026!","robots":{"index":"index","follow":"follow","max-snippet":"max-snippet:-1","max-image-preview":"max-image-preview:large","max-video-preview":"max-video-preview:-1"},"canonical":"https:\/\/www.amatimmobiliaris.com\/blog\/felices-fiestas-y-feliz-ano-2026","og_locale":"es_ES","og_type":"article","og_title":"Felices Fiestas y Feliz A\u00f1o 2026 | Amat Immobiliaris","og_description":"Con la entrada de un nuevo a\u00f1o, hemos hecho un calendario para todos nuestros clientes, proveedores y colaboradores. \u00a1Feliz A\u00f1o 2026!","og_url":"https:\/\/www.amatimmobiliaris.com\/blog\/felices-fiestas-y-feliz-ano-2026","og_site_name":"Amat Immobiliaris","article_publisher":"https:\/\/www.facebook.com\/amatimmobiliaris","article_published_time":"2025-12-15T09:48:38+00:00","og_image":[{"width":1920,"height":1080,"url":"https:\/\/www.amatimmobiliaris.com\/w\/wp-content\/uploads\/2025\/12\/calendari-2026.jpg","type":"image\/jpeg"}],"author":"Marina Payan","twitter_card":"summary_large_image","twitter_creator":"@amat_cat","twitter_site":"@amat_cat","twitter_misc":{"Escrito por":"Marina Payan","Tiempo de lectura":"2 minutos"},"schema":{"@context":"https:\/\/schema.org","@graph":[{"@type":"Article","@id":"https:\/\/www.amatimmobiliaris.com\/blog\/felices-fiestas-y-feliz-ano-2026#article","isPartOf":{"@id":"https:\/\/www.amatimmobiliaris.com\/w\/2025\/12\/felices-fiestas-y-feliz-ano-2026\/"},"author":{"name":"Marina Payan","@id":"https:\/\/www.amatimmobiliaris.com\/w\/#\/schema\/person\/d62b55fd12a2bc4550743759f52bdc8f"},"headline":"Felices Fiestas y Feliz A\u00f1o 2026","datePublished":"2025-12-15T09:48:38+00:00","dateModified":"2025-12-15T09:48:38+00:00","mainEntityOfPage":{"@id":"https:\/\/www.amatimmobiliaris.com\/w\/2025\/12\/felices-fiestas-y-feliz-ano-2026\/"},"wordCount":223,"publisher":{"@id":"https:\/\/www.amatimmobiliaris.com\/w\/#organization"},"image":{"@id":"https:\/\/www.amatimmobiliaris.com\/blog\/felices-fiestas-y-feliz-ano-2026#primaryimage"},"thumbnailUrl":"https:\/\/www.amatimmobiliaris.com\/w\/wp-content\/uploads\/2025\/12\/calendari-2026.jpg","keywords":["Amat","Calendario","Felices Fiestas","Feliz A\u00f1o","Navidad"],"articleSection":["El mundo Amat","Reflexiones"],"inLanguage":"es"},{"@type":"WebPage","@id":"https:\/\/www.amatimmobiliaris.com\/w\/2025\/12\/felices-fiestas-y-feliz-ano-2026\/","url":"https:\/\/www.amatimmobiliaris.com\/blog\/felices-fiestas-y-feliz-ano-2026","name":"Felices Fiestas y Feliz A\u00f1o 2026 | Amat Immobiliaris","isPartOf":{"@id":"https:\/\/www.amatimmobiliaris.com\/w\/#website"},"primaryImageOfPage":{"@id":"https:\/\/www.amatimmobiliaris.com\/blog\/felices-fiestas-y-feliz-ano-2026#primaryimage"},"image":{"@id":"https:\/\/www.amatimmobiliaris.com\/blog\/felices-fiestas-y-feliz-ano-2026#primaryimage"},"thumbnailUrl":"https:\/\/www.amatimmobiliaris.com\/w\/wp-content\/uploads\/2025\/12\/calendari-2026.jpg","datePublished":"2025-12-15T09:48:38+00:00","dateModified":"2025-12-15T09:48:38+00:00","description":"Con la entrada de un nuevo a\u00f1o, hemos hecho un calendario para todos nuestros clientes, proveedores y colaboradores. \u00a1Feliz A\u00f1o 2026!","breadcrumb":{"@id":"https:\/\/www.amatimmobiliaris.com\/blog\/felices-fiestas-y-feliz-ano-2026#breadcrumb"},"inLanguage":"es","potentialAction":[{"@type":"ReadAction","target":["https:\/\/www.amatimmobiliaris.com\/blog\/felices-fiestas-y-feliz-ano-2026"]}]},{"@type":"ImageObject","inLanguage":"es","@id":"https:\/\/www.amatimmobiliaris.com\/blog\/felices-fiestas-y-feliz-ano-2026#primaryimage","url":"https:\/\/www.amatimmobiliaris.com\/w\/wp-content\/uploads\/2025\/12\/calendari-2026.jpg","contentUrl":"https:\/\/www.amatimmobiliaris.com\/w\/wp-content\/uploads\/2025\/12\/calendari-2026.jpg","width":1920,"height":1080},{"@type":"BreadcrumbList","@id":"https:\/\/www.amatimmobiliaris.com\/blog\/felices-fiestas-y-feliz-ano-2026#breadcrumb","itemListElement":[{"@type":"ListItem","position":1,"name":"Home","item":"https:\/\/www.amatimmobiliaris.com\/w\/"},{"@type":"ListItem","position":2,"name":"El m\u00f3n Amat","item":"https:\/\/www.amatimmobiliaris.com\/w\/ca\/categoria-ca\/el-mon-amat-ca\/"},{"@type":"ListItem","position":3,"name":"Felices Fiestas y Feliz A\u00f1o 2026"}]},{"@type":"WebSite","@id":"https:\/\/www.amatimmobiliaris.com\/w\/#website","url":"https:\/\/www.amatimmobiliaris.com\/w\/","name":"Amat Immobiliaris","description":"Empresa familiar del sector inmobiliario con oficinas en Barcelona, Sant Cugat del Vall\u00e9s y Sant Just Desvern. Te ayudamos a comprar, alquilar o vender tu casa o piso. Somos un equipo coherente con una cultura de empresa honesta, innovadora y eficaz. Tambi\u00e9n en www.amatluxury.com","publisher":{"@id":"https:\/\/www.amatimmobiliaris.com\/w\/#organization"},"alternateName":"AmatImmo","potentialAction":[{"@type":"SearchAction","target":{"@type":"EntryPoint","urlTemplate":"https:\/\/www.amatimmobiliaris.com\/w\/?s={search_term_string}"},"query-input":{"@type":"PropertyValueSpecification","valueRequired":true,"valueName":"search_term_string"}}],"inLanguage":"es"},{"@type":"Organization","@id":"https:\/\/www.amatimmobiliaris.com\/w\/#organization","name":"Amat Immobiliaris","url":"https:\/\/www.amatimmobiliaris.com\/w\/","logo":{"@type":"ImageObject","inLanguage":"es","@id":"https:\/\/www.amatimmobiliaris.com\/w\/#\/schema\/logo\/image\/","url":"https:\/\/www.amatimmobiliaris.com\/w\/wp-content\/uploads\/2022\/10\/amat-logo.jpg","contentUrl":"https:\/\/www.amatimmobiliaris.com\/w\/wp-content\/uploads\/2022\/10\/amat-logo.jpg","width":900,"height":900,"caption":"Amat Immobiliaris"},"image":{"@id":"https:\/\/www.amatimmobiliaris.com\/w\/#\/schema\/logo\/image\/"},"sameAs":["https:\/\/www.facebook.com\/amatimmobiliaris","https:\/\/x.com\/amat_cat","https:\/\/www.instagram.com\/amat_immo\/","https:\/\/www.linkedin.com\/company\/amat-finques\/","https:\/\/www.youtube.com\/@amatimmobiliaris"]},{"@type":"Person","@id":"https:\/\/www.amatimmobiliaris.com\/w\/#\/schema\/person\/d62b55fd12a2bc4550743759f52bdc8f","name":"Marina Payan"}]}},"_links":{"self":[{"href":"https:\/\/www.amatimmobiliaris.com\/w\/wp-json\/wp\/v2\/posts\/42557"}],"collection":[{"href":"https:\/\/www.amatimmobiliaris.com\/w\/wp-json\/wp\/v2\/posts"}],"about":[{"href":"https:\/\/www.amatimmobiliaris.com\/w\/wp-json\/wp\/v2\/types\/post"}],"author":[{"embeddable":true,"href":"https:\/\/www.amatimmobiliaris.com\/w\/wp-json\/wp\/v2\/users\/4"}],"replies":[{"embeddable":true,"href":"https:\/\/www.amatimmobiliaris.com\/w\/wp-json\/wp\/v2\/comments?post=42557"}],"version-history":[{"count":2,"href":"https:\/\/www.amatimmobiliaris.com\/w\/wp-json\/wp\/v2\/posts\/42557\/revisions"}],"predecessor-version":[{"id":42571,"href":"https:\/\/www.amatimmobiliaris.com\/w\/wp-json\/wp\/v2\/posts\/42557\/revisions\/42571"}],"wp:featuredmedia":[{"embeddable":true,"href":"https:\/\/www.amatimmobiliaris.com\/w\/wp-json\/wp\/v2\/media\/42566"}],"wp:attachment":[{"href":"https:\/\/www.amatimmobiliaris.com\/w\/wp-json\/wp\/v2\/media?parent=42557"}],"wp:term":[{"taxonomy":"category","embeddable":true,"href":"https:\/\/www.amatimmobiliaris.com\/w\/wp-json\/wp\/v2\/categories?post=42557"},{"taxonomy":"post_tag","embeddable":true,"href":"https:\/\/www.amatimmobiliaris.com\/w\/wp-json\/wp\/v2\/tags?post=42557"}],"curies":[{"name":"wp","href":"https:\/\/api.w.org\/{rel}","templated":true}]}}