{"id":40065,"date":"2025-06-12T11:05:59","date_gmt":"2025-06-12T11:05:59","guid":{"rendered":"https:\/\/www.amatimmobiliaris.com\/w\/?p=40065"},"modified":"2025-12-10T09:10:01","modified_gmt":"2025-12-10T09:10:01","slug":"vender-casa-verano-consejos","status":"publish","type":"post","link":"https:\/\/www.amatimmobiliaris.com\/w\/2025\/06\/vender-casa-verano-consejos\/","title":{"rendered":"C\u00f3mo vender tu casa en verano: consejos para preparar tu vivienda"},"content":{"rendered":"<h2><strong data-start=\"130\" data-end=\"213\">Estrategias para vender tu casa en verano: aprovecha el solsticio para destacar tu vivienda<\/strong><\/h2>\n<p><strong data-start=\"900\" data-end=\"948\">\u00bfEst\u00e1s pensando en vender tu casa en verano?<\/strong> El solsticio del 21 de junio marca el inicio de una excelente temporada para poner tu vivienda en el mercado. En esta gu\u00eda, te damos consejos pr\u00e1cticos para que tu propiedad destaque y se venda m\u00e1s r\u00e1pido aprovechando las ventajas del verano.<\/p>\n<p data-start=\"673\" data-end=\"979\">El verano es una de las mejores \u00e9pocas del a\u00f1o para vender una vivienda. Los d\u00edas son m\u00e1s largos, la luz natural realza los espacios, y muchas familias buscan mudarse antes del inicio del nuevo ciclo escolar. Adem\u00e1s, el buen clima facilita las visitas y hace que tu propiedad luzca mucho m\u00e1s atractiva.<\/p>\n<section>\n<h2>Consejos para preparar tu casa y atraer compradores en verano<\/h2>\n<\/section>\n<section>\n<h3>1. Maximiza la luz natural<\/h3>\n<p>La iluminaci\u00f3n natural es una de las cualidades m\u00e1s valoradas por los compradores. Abre cortinas, limpia ventanas, usa espejos y mant\u00e9n los espacios despejados para que la luz fluya.<\/p>\n<h3>2. Cuida los exteriores<\/h3>\n<p data-start=\"1474\" data-end=\"1707\">Si tu propiedad tiene jard\u00edn, terraza o balc\u00f3n, <strong data-start=\"1522\" data-end=\"1541\">haz que destaquen<\/strong>. Corta el c\u00e9sped, a\u00f1ade plantas con flores de temporada, y crea un peque\u00f1o rinc\u00f3n con sillas o cojines. \u00a1Los compradores deben imaginarse disfrutando del verano ah\u00ed!<\/p>\n<h3>3. Controla el clima interior<\/h3>\n<\/section>\n<p data-start=\"1964\" data-end=\"2144\">Si hay aire acondicionado, aseg\u00farate de que funcione correctamente. Si no, utiliza ventiladores o aromatizadores frescos para mantener la temperatura agradable durante las visitas.<\/p>\n<h3>4. Neutraliza el ambiente<\/h3>\n<p data-start=\"1744\" data-end=\"1923\">Utiliza colores claros y decoraci\u00f3n ligera. Reemplaza textiles oscuros por otros m\u00e1s frescos y veraniegos. Esto ayuda a que los espacios se vean m\u00e1s grandes, limpios y agradables.<\/p>\n<h3>5. Fotograf\u00eda en el mejor momento del d\u00eda<\/h3>\n<p>Las fotos con luz c\u00e1lida de la tarde o la ma\u00f1ana tienen mejor rendimiento en portales inmobiliarios. Recuerda que <strong data-start=\"2311\" data-end=\"2345\">la primera impresi\u00f3n es visual<\/strong>.<\/p>\n<p>&nbsp;<\/p>\n<p><img loading=\"lazy\" decoding=\"async\" class=\"alignnone wp-image-40071\" title=\"Consejos para vender tu casa en verano\" src=\"https:\/\/www.amatimmobiliaris.com\/w\/wp-content\/uploads\/2025\/06\/casa-soleada-1-1024x682.jpg\" alt=\"\" width=\"1845\" height=\"1229\" srcset=\"https:\/\/www.amatimmobiliaris.com\/w\/wp-content\/uploads\/2025\/06\/casa-soleada-1-1024x682.jpg 1024w, https:\/\/www.amatimmobiliaris.com\/w\/wp-content\/uploads\/2025\/06\/casa-soleada-1-300x200.jpg 300w, https:\/\/www.amatimmobiliaris.com\/w\/wp-content\/uploads\/2025\/06\/casa-soleada-1-768x512.jpg 768w, https:\/\/www.amatimmobiliaris.com\/w\/wp-content\/uploads\/2025\/06\/casa-soleada-1-1536x1024.jpg 1536w, https:\/\/www.amatimmobiliaris.com\/w\/wp-content\/uploads\/2025\/06\/casa-soleada-1.jpg 2000w\" sizes=\"(max-width: 1845px) 100vw, 1845px\" \/><\/p>\n<h3 data-start=\"2353\" data-end=\"2400\">\u00bfCu\u00e1les son las ventajas de vender tu vivienda en verano? Te estar\u00e1s preguntando.<\/h3>\n<p data-start=\"2404\" data-end=\"2492\"><strong data-start=\"2404\" data-end=\"2439\">Un mayor movimiento de compradores, <\/strong>ya que las personas cuentan con m\u00e1s tiempo libre o planificaci\u00f3n familiar.<\/p>\n<p data-start=\"2495\" data-end=\"2567\"><strong data-start=\"2495\" data-end=\"2526\">Una mejor imagen de la vivienda,<\/strong>\u00a0gracias a la luz y al entorno exterior.<\/p>\n<p data-start=\"2570\" data-end=\"2640\"><strong data-start=\"2570\" data-end=\"2591\">Una menor competencia, <\/strong>ya que\u00a0muchas personas esperan al oto\u00f1o para publicar.<\/p>\n<p>&nbsp;<\/p>\n<h3 data-start=\"2647\" data-end=\"2680\">\u00bfEst\u00e1s pensando en vender?<\/h3>\n<p data-start=\"2682\" data-end=\"2853\">En <a href=\"https:\/\/www.amatimmobiliaris.com\/w\/vender\/\">Amat Immobiliaris,<\/a> te ayudamos a vender tu inmueble, con asesoramiento personalizado y marketing profesional adaptado a cada necesidad.<\/p>\n<h4><\/h4>\n<h4>Cont\u00e1ctanos y te asesoraremos en todo lo que necesites. Puedes contactarnos a trav\u00e9s de <a style=\"color: #0000ff;\" href=\"mailto:info@amatimmo.cat\">info@amatimmo.cat<\/a> o llam\u00e1ndonos al (+34) 934 803 400.<\/h4>\n<h5><strong>\u00bfTe ha gustado el art\u00edculo? <b>\u00a1Comp\u00e1rtelo!<\/b><\/strong><\/h5>\n<footer>\n<div style=\"margin-top: 40px;\">S\u00edguenos en redes:<a href=\"https:\/\/www.instagram.com\/amat_immo\/\" target=\"_blank\" rel=\"noopener noreferrer\"><br \/>\n<img loading=\"lazy\" decoding=\"async\" style=\"margin-right: 10px;\" src=\"https:\/\/www.amatimmobiliaris.com\/w\/wp-content\/uploads\/2021\/11\/instagram.png\" alt=\"Instagram\" width=\"25\" height=\"25\" \/><\/a><a href=\"https:\/\/www.tiktok.com\/@amat_immo?is_from_webapp=1&amp;sender_device=pc\" target=\"_blank\" rel=\"noopener noreferrer\"><img loading=\"lazy\" decoding=\"async\" style=\"margin-right: 10px;\" src=\"https:\/\/www.amatimmobiliaris.com\/w\/wp-content\/uploads\/2021\/11\/tiktok.png\" alt=\"TikTok\" width=\"25\" height=\"25\" \/><\/a><a href=\"https:\/\/www.amatimmobiliaris.com\/w\/\" target=\"_blank\" rel=\"noopener noreferrer\"><img loading=\"lazy\" decoding=\"async\" src=\"https:\/\/www.amatimmobiliaris.com\/w\/wp-content\/uploads\/2021\/11\/fb.png\" alt=\"Facebook\" width=\"12\" height=\"24\" \/><\/a><a href=\"https:\/\/www.linkedin.com\/sharing\/share-offsite\/?url=https%3A%2F%2Fwww.amatimmobiliaris.com%2Fw%2Fca%2F2024%2F02%2Fhabitatges-que-enamoren%2F\" target=\"_blank\" rel=\"noopener noreferrer\"><img loading=\"lazy\" decoding=\"async\" src=\"https:\/\/www.amatimmobiliaris.com\/w\/wp-content\/uploads\/2021\/11\/linkedin.png\" alt=\"LinkedIn\" width=\"25\" height=\"25\" \/><\/a><\/div>\n<\/footer>\n","protected":false},"excerpt":{"rendered":"<p>Estrategias para vender tu casa en verano: aprovecha el solsticio para destacar tu vivienda \u00bfEst\u00e1s pensando en vender tu casa en verano? El solsticio del 21 de junio marca el inicio de una excelente temporada para poner tu vivienda en el mercado. En esta gu\u00eda, te damos consejos pr\u00e1cticos para que tu propiedad destaque y [&hellip;]<\/p>\n","protected":false},"author":4,"featured_media":40068,"comment_status":"closed","ping_status":"closed","sticky":false,"template":"","format":"standard","meta":{"content-type":"","footnotes":""},"categories":[1622,871,745,1634,889,865],"tags":[1678,942,2063,1260],"yoast_head":"<!-- This site is optimized with the Yoast SEO plugin v23.9 - https:\/\/yoast.com\/wordpress\/plugins\/seo\/ -->\n<title>Consejos para vender tu vivienda en verano<\/title>\n<meta name=\"description\" content=\"\u00bfQuieres vender tu casa este verano? Descubre c\u00f3mo preparar tu vivienda para atraer compradores y cerrar la venta con estos consejos clave.\" \/>\n<meta name=\"robots\" content=\"index, follow, max-snippet:-1, max-image-preview:large, max-video-preview:-1\" \/>\n<link rel=\"canonical\" href=\"https:\/\/www.amatimmobiliaris.com\/vender-casa-verano-consejos\" \/>\n<meta property=\"og:locale\" content=\"es_ES\" \/>\n<meta property=\"og:type\" content=\"article\" \/>\n<meta property=\"og:title\" content=\"Consejos para vender tu vivienda en verano\" \/>\n<meta property=\"og:description\" content=\"\u00bfQuieres vender tu casa este verano? Descubre c\u00f3mo preparar tu vivienda para atraer compradores y cerrar la venta con estos consejos clave.\" \/>\n<meta property=\"og:url\" content=\"https:\/\/www.amatimmobiliaris.com\/vender-casa-verano-consejos\" \/>\n<meta property=\"og:site_name\" content=\"Amat Immobiliaris\" \/>\n<meta property=\"article:publisher\" content=\"https:\/\/www.facebook.com\/amatimmobiliaris\" \/>\n<meta property=\"article:published_time\" content=\"2025-06-12T11:05:59+00:00\" \/>\n<meta property=\"article:modified_time\" content=\"2025-12-10T09:10:01+00:00\" \/>\n<meta property=\"og:image\" content=\"https:\/\/www.amatimmobiliaris.com\/w\/wp-content\/uploads\/2025\/06\/casa-soleada.jpg\" \/>\n\t<meta property=\"og:image:width\" content=\"2000\" \/>\n\t<meta property=\"og:image:height\" content=\"1333\" \/>\n\t<meta property=\"og:image:type\" content=\"image\/jpeg\" \/>\n<meta name=\"author\" content=\"Marina Payan\" \/>\n<meta name=\"twitter:card\" content=\"summary_large_image\" \/>\n<meta name=\"twitter:title\" content=\"5 salones impresionantes\" \/>\n<meta name=\"twitter:description\" content=\"Casas y pisos con #comedores impresionados a la #venta @amat_immo\" \/>\n<meta name=\"twitter:creator\" content=\"@amat_cat\" \/>\n<meta name=\"twitter:site\" content=\"@amat_cat\" \/>\n<meta name=\"twitter:label1\" content=\"Escrito por\" \/>\n\t<meta name=\"twitter:data1\" content=\"Marina Payan\" \/>\n\t<meta name=\"twitter:label2\" content=\"Tiempo de lectura\" \/>\n\t<meta name=\"twitter:data2\" content=\"4 minutos\" \/>\n<script type=\"application\/ld+json\" class=\"yoast-schema-graph\">{\"@context\":\"https:\/\/schema.org\",\"@graph\":[{\"@type\":\"Article\",\"@id\":\"https:\/\/www.amatimmobiliaris.com\/vender-casa-verano-consejos#article\",\"isPartOf\":{\"@id\":\"https:\/\/www.amatimmobiliaris.com\/w\/2025\/06\/vender-casa-verano-consejos\/\"},\"author\":{\"name\":\"Marina Payan\",\"@id\":\"https:\/\/www.amatimmobiliaris.com\/w\/#\/schema\/person\/d62b55fd12a2bc4550743759f52bdc8f\"},\"headline\":\"C\u00f3mo vender tu casa en verano: consejos para preparar tu vivienda\",\"datePublished\":\"2025-06-12T11:05:59+00:00\",\"dateModified\":\"2025-12-10T09:10:01+00:00\",\"mainEntityOfPage\":{\"@id\":\"https:\/\/www.amatimmobiliaris.com\/w\/2025\/06\/vender-casa-verano-consejos\/\"},\"wordCount\":451,\"publisher\":{\"@id\":\"https:\/\/www.amatimmobiliaris.com\/w\/#organization\"},\"image\":{\"@id\":\"https:\/\/www.amatimmobiliaris.com\/vender-casa-verano-consejos#primaryimage\"},\"thumbnailUrl\":\"https:\/\/www.amatimmobiliaris.com\/w\/wp-content\/uploads\/2025\/06\/casa-soleada.jpg\",\"keywords\":[\"Casa\",\"Inmobiliaria\",\"pisos\",\"Vivienda\"],\"articleSection\":[\"Actualidad\",\"Consejos\",\"El usuario pregunta\",\"Mensual\",\"Noticias\",\"Sector Inmobiliario\"],\"inLanguage\":\"es\"},{\"@type\":\"WebPage\",\"@id\":\"https:\/\/www.amatimmobiliaris.com\/w\/2025\/06\/vender-casa-verano-consejos\/\",\"url\":\"https:\/\/www.amatimmobiliaris.com\/vender-casa-verano-consejos\",\"name\":\"Consejos para vender tu vivienda en verano\",\"isPartOf\":{\"@id\":\"https:\/\/www.amatimmobiliaris.com\/w\/#website\"},\"primaryImageOfPage\":{\"@id\":\"https:\/\/www.amatimmobiliaris.com\/vender-casa-verano-consejos#primaryimage\"},\"image\":{\"@id\":\"https:\/\/www.amatimmobiliaris.com\/vender-casa-verano-consejos#primaryimage\"},\"thumbnailUrl\":\"https:\/\/www.amatimmobiliaris.com\/w\/wp-content\/uploads\/2025\/06\/casa-soleada.jpg\",\"datePublished\":\"2025-06-12T11:05:59+00:00\",\"dateModified\":\"2025-12-10T09:10:01+00:00\",\"description\":\"\u00bfQuieres vender tu casa este verano? Descubre c\u00f3mo preparar tu vivienda para atraer compradores y cerrar la venta con estos consejos clave.\",\"breadcrumb\":{\"@id\":\"https:\/\/www.amatimmobiliaris.com\/vender-casa-verano-consejos#breadcrumb\"},\"inLanguage\":\"es\",\"potentialAction\":[{\"@type\":\"ReadAction\",\"target\":[\"https:\/\/www.amatimmobiliaris.com\/vender-casa-verano-consejos\"]}]},{\"@type\":\"ImageObject\",\"inLanguage\":\"es\",\"@id\":\"https:\/\/www.amatimmobiliaris.com\/vender-casa-verano-consejos#primaryimage\",\"url\":\"https:\/\/www.amatimmobiliaris.com\/w\/wp-content\/uploads\/2025\/06\/casa-soleada.jpg\",\"contentUrl\":\"https:\/\/www.amatimmobiliaris.com\/w\/wp-content\/uploads\/2025\/06\/casa-soleada.jpg\",\"width\":2000,\"height\":1333,\"caption\":\"Consejos para vender tu casa en verano\"},{\"@type\":\"BreadcrumbList\",\"@id\":\"https:\/\/www.amatimmobiliaris.com\/vender-casa-verano-consejos#breadcrumb\",\"itemListElement\":[{\"@type\":\"ListItem\",\"position\":1,\"name\":\"Home\",\"item\":\"https:\/\/www.amatimmobiliaris.com\/w\/\"},{\"@type\":\"ListItem\",\"position\":2,\"name\":\"Consejos\",\"item\":\"https:\/\/www.amatimmobiliaris.com\/w\/category\/consejos\/\"},{\"@type\":\"ListItem\",\"position\":3,\"name\":\"C\u00f3mo vender tu casa en verano: consejos para preparar tu vivienda\"}]},{\"@type\":\"WebSite\",\"@id\":\"https:\/\/www.amatimmobiliaris.com\/w\/#website\",\"url\":\"https:\/\/www.amatimmobiliaris.com\/w\/\",\"name\":\"Amat Immobiliaris\",\"description\":\"Empresa familiar del sector inmobiliario con oficinas en Barcelona, Sant Cugat del Vall\u00e9s y Sant Just Desvern. Te ayudamos a comprar, alquilar o vender tu casa o piso. Somos un equipo coherente con una cultura de empresa honesta, innovadora y eficaz. Tambi\u00e9n en www.amatluxury.com\",\"publisher\":{\"@id\":\"https:\/\/www.amatimmobiliaris.com\/w\/#organization\"},\"alternateName\":\"AmatImmo\",\"potentialAction\":[{\"@type\":\"SearchAction\",\"target\":{\"@type\":\"EntryPoint\",\"urlTemplate\":\"https:\/\/www.amatimmobiliaris.com\/w\/?s={search_term_string}\"},\"query-input\":{\"@type\":\"PropertyValueSpecification\",\"valueRequired\":true,\"valueName\":\"search_term_string\"}}],\"inLanguage\":\"es\"},{\"@type\":\"Organization\",\"@id\":\"https:\/\/www.amatimmobiliaris.com\/w\/#organization\",\"name\":\"Amat Immobiliaris\",\"url\":\"https:\/\/www.amatimmobiliaris.com\/w\/\",\"logo\":{\"@type\":\"ImageObject\",\"inLanguage\":\"es\",\"@id\":\"https:\/\/www.amatimmobiliaris.com\/w\/#\/schema\/logo\/image\/\",\"url\":\"https:\/\/www.amatimmobiliaris.com\/w\/wp-content\/uploads\/2022\/10\/amat-logo.jpg\",\"contentUrl\":\"https:\/\/www.amatimmobiliaris.com\/w\/wp-content\/uploads\/2022\/10\/amat-logo.jpg\",\"width\":900,\"height\":900,\"caption\":\"Amat Immobiliaris\"},\"image\":{\"@id\":\"https:\/\/www.amatimmobiliaris.com\/w\/#\/schema\/logo\/image\/\"},\"sameAs\":[\"https:\/\/www.facebook.com\/amatimmobiliaris\",\"https:\/\/x.com\/amat_cat\",\"https:\/\/www.instagram.com\/amat_immo\/\",\"https:\/\/www.linkedin.com\/company\/amat-finques\/\",\"https:\/\/www.youtube.com\/@amatimmobiliaris\"]},{\"@type\":\"Person\",\"@id\":\"https:\/\/www.amatimmobiliaris.com\/w\/#\/schema\/person\/d62b55fd12a2bc4550743759f52bdc8f\",\"name\":\"Marina Payan\"}]}<\/script>\n<!-- \/ Yoast SEO plugin. -->","yoast_head_json":{"title":"Consejos para vender tu vivienda en verano","description":"\u00bfQuieres vender tu casa este verano? Descubre c\u00f3mo preparar tu vivienda para atraer compradores y cerrar la venta con estos consejos clave.","robots":{"index":"index","follow":"follow","max-snippet":"max-snippet:-1","max-image-preview":"max-image-preview:large","max-video-preview":"max-video-preview:-1"},"canonical":"https:\/\/www.amatimmobiliaris.com\/vender-casa-verano-consejos","og_locale":"es_ES","og_type":"article","og_title":"Consejos para vender tu vivienda en verano","og_description":"\u00bfQuieres vender tu casa este verano? Descubre c\u00f3mo preparar tu vivienda para atraer compradores y cerrar la venta con estos consejos clave.","og_url":"https:\/\/www.amatimmobiliaris.com\/vender-casa-verano-consejos","og_site_name":"Amat Immobiliaris","article_publisher":"https:\/\/www.facebook.com\/amatimmobiliaris","article_published_time":"2025-06-12T11:05:59+00:00","article_modified_time":"2025-12-10T09:10:01+00:00","og_image":[{"width":2000,"height":1333,"url":"https:\/\/www.amatimmobiliaris.com\/w\/wp-content\/uploads\/2025\/06\/casa-soleada.jpg","type":"image\/jpeg"}],"author":"Marina Payan","twitter_card":"summary_large_image","twitter_title":"5 salones impresionantes","twitter_description":"Casas y pisos con #comedores impresionados a la #venta @amat_immo","twitter_creator":"@amat_cat","twitter_site":"@amat_cat","twitter_misc":{"Escrito por":"Marina Payan","Tiempo de lectura":"4 minutos"},"schema":{"@context":"https:\/\/schema.org","@graph":[{"@type":"Article","@id":"https:\/\/www.amatimmobiliaris.com\/vender-casa-verano-consejos#article","isPartOf":{"@id":"https:\/\/www.amatimmobiliaris.com\/w\/2025\/06\/vender-casa-verano-consejos\/"},"author":{"name":"Marina Payan","@id":"https:\/\/www.amatimmobiliaris.com\/w\/#\/schema\/person\/d62b55fd12a2bc4550743759f52bdc8f"},"headline":"C\u00f3mo vender tu casa en verano: consejos para preparar tu vivienda","datePublished":"2025-06-12T11:05:59+00:00","dateModified":"2025-12-10T09:10:01+00:00","mainEntityOfPage":{"@id":"https:\/\/www.amatimmobiliaris.com\/w\/2025\/06\/vender-casa-verano-consejos\/"},"wordCount":451,"publisher":{"@id":"https:\/\/www.amatimmobiliaris.com\/w\/#organization"},"image":{"@id":"https:\/\/www.amatimmobiliaris.com\/vender-casa-verano-consejos#primaryimage"},"thumbnailUrl":"https:\/\/www.amatimmobiliaris.com\/w\/wp-content\/uploads\/2025\/06\/casa-soleada.jpg","keywords":["Casa","Inmobiliaria","pisos","Vivienda"],"articleSection":["Actualidad","Consejos","El usuario pregunta","Mensual","Noticias","Sector Inmobiliario"],"inLanguage":"es"},{"@type":"WebPage","@id":"https:\/\/www.amatimmobiliaris.com\/w\/2025\/06\/vender-casa-verano-consejos\/","url":"https:\/\/www.amatimmobiliaris.com\/vender-casa-verano-consejos","name":"Consejos para vender tu vivienda en verano","isPartOf":{"@id":"https:\/\/www.amatimmobiliaris.com\/w\/#website"},"primaryImageOfPage":{"@id":"https:\/\/www.amatimmobiliaris.com\/vender-casa-verano-consejos#primaryimage"},"image":{"@id":"https:\/\/www.amatimmobiliaris.com\/vender-casa-verano-consejos#primaryimage"},"thumbnailUrl":"https:\/\/www.amatimmobiliaris.com\/w\/wp-content\/uploads\/2025\/06\/casa-soleada.jpg","datePublished":"2025-06-12T11:05:59+00:00","dateModified":"2025-12-10T09:10:01+00:00","description":"\u00bfQuieres vender tu casa este verano? Descubre c\u00f3mo preparar tu vivienda para atraer compradores y cerrar la venta con estos consejos clave.","breadcrumb":{"@id":"https:\/\/www.amatimmobiliaris.com\/vender-casa-verano-consejos#breadcrumb"},"inLanguage":"es","potentialAction":[{"@type":"ReadAction","target":["https:\/\/www.amatimmobiliaris.com\/vender-casa-verano-consejos"]}]},{"@type":"ImageObject","inLanguage":"es","@id":"https:\/\/www.amatimmobiliaris.com\/vender-casa-verano-consejos#primaryimage","url":"https:\/\/www.amatimmobiliaris.com\/w\/wp-content\/uploads\/2025\/06\/casa-soleada.jpg","contentUrl":"https:\/\/www.amatimmobiliaris.com\/w\/wp-content\/uploads\/2025\/06\/casa-soleada.jpg","width":2000,"height":1333,"caption":"Consejos para vender tu casa en verano"},{"@type":"BreadcrumbList","@id":"https:\/\/www.amatimmobiliaris.com\/vender-casa-verano-consejos#breadcrumb","itemListElement":[{"@type":"ListItem","position":1,"name":"Home","item":"https:\/\/www.amatimmobiliaris.com\/w\/"},{"@type":"ListItem","position":2,"name":"Consejos","item":"https:\/\/www.amatimmobiliaris.com\/w\/category\/consejos\/"},{"@type":"ListItem","position":3,"name":"C\u00f3mo vender tu casa en verano: consejos para preparar tu vivienda"}]},{"@type":"WebSite","@id":"https:\/\/www.amatimmobiliaris.com\/w\/#website","url":"https:\/\/www.amatimmobiliaris.com\/w\/","name":"Amat Immobiliaris","description":"Empresa familiar del sector inmobiliario con oficinas en Barcelona, Sant Cugat del Vall\u00e9s y Sant Just Desvern. Te ayudamos a comprar, alquilar o vender tu casa o piso. Somos un equipo coherente con una cultura de empresa honesta, innovadora y eficaz. Tambi\u00e9n en www.amatluxury.com","publisher":{"@id":"https:\/\/www.amatimmobiliaris.com\/w\/#organization"},"alternateName":"AmatImmo","potentialAction":[{"@type":"SearchAction","target":{"@type":"EntryPoint","urlTemplate":"https:\/\/www.amatimmobiliaris.com\/w\/?s={search_term_string}"},"query-input":{"@type":"PropertyValueSpecification","valueRequired":true,"valueName":"search_term_string"}}],"inLanguage":"es"},{"@type":"Organization","@id":"https:\/\/www.amatimmobiliaris.com\/w\/#organization","name":"Amat Immobiliaris","url":"https:\/\/www.amatimmobiliaris.com\/w\/","logo":{"@type":"ImageObject","inLanguage":"es","@id":"https:\/\/www.amatimmobiliaris.com\/w\/#\/schema\/logo\/image\/","url":"https:\/\/www.amatimmobiliaris.com\/w\/wp-content\/uploads\/2022\/10\/amat-logo.jpg","contentUrl":"https:\/\/www.amatimmobiliaris.com\/w\/wp-content\/uploads\/2022\/10\/amat-logo.jpg","width":900,"height":900,"caption":"Amat Immobiliaris"},"image":{"@id":"https:\/\/www.amatimmobiliaris.com\/w\/#\/schema\/logo\/image\/"},"sameAs":["https:\/\/www.facebook.com\/amatimmobiliaris","https:\/\/x.com\/amat_cat","https:\/\/www.instagram.com\/amat_immo\/","https:\/\/www.linkedin.com\/company\/amat-finques\/","https:\/\/www.youtube.com\/@amatimmobiliaris"]},{"@type":"Person","@id":"https:\/\/www.amatimmobiliaris.com\/w\/#\/schema\/person\/d62b55fd12a2bc4550743759f52bdc8f","name":"Marina Payan"}]}},"_links":{"self":[{"href":"https:\/\/www.amatimmobiliaris.com\/w\/wp-json\/wp\/v2\/posts\/40065"}],"collection":[{"href":"https:\/\/www.amatimmobiliaris.com\/w\/wp-json\/wp\/v2\/posts"}],"about":[{"href":"https:\/\/www.amatimmobiliaris.com\/w\/wp-json\/wp\/v2\/types\/post"}],"author":[{"embeddable":true,"href":"https:\/\/www.amatimmobiliaris.com\/w\/wp-json\/wp\/v2\/users\/4"}],"replies":[{"embeddable":true,"href":"https:\/\/www.amatimmobiliaris.com\/w\/wp-json\/wp\/v2\/comments?post=40065"}],"version-history":[{"count":4,"href":"https:\/\/www.amatimmobiliaris.com\/w\/wp-json\/wp\/v2\/posts\/40065\/revisions"}],"predecessor-version":[{"id":42504,"href":"https:\/\/www.amatimmobiliaris.com\/w\/wp-json\/wp\/v2\/posts\/40065\/revisions\/42504"}],"wp:featuredmedia":[{"embeddable":true,"href":"https:\/\/www.amatimmobiliaris.com\/w\/wp-json\/wp\/v2\/media\/40068"}],"wp:attachment":[{"href":"https:\/\/www.amatimmobiliaris.com\/w\/wp-json\/wp\/v2\/media?parent=40065"}],"wp:term":[{"taxonomy":"category","embeddable":true,"href":"https:\/\/www.amatimmobiliaris.com\/w\/wp-json\/wp\/v2\/categories?post=40065"},{"taxonomy":"post_tag","embeddable":true,"href":"https:\/\/www.amatimmobiliaris.com\/w\/wp-json\/wp\/v2\/tags?post=40065"}],"curies":[{"name":"wp","href":"https:\/\/api.w.org\/{rel}","templated":true}]}}