{"id":3908,"date":"2018-06-11T14:54:18","date_gmt":"2018-06-11T14:54:18","guid":{"rendered":"https:\/\/amat-inmo-wp.localhost\/2018\/06\/11\/bonica-casa-al-mig-de-la-natura-a-la-floresta\/"},"modified":"2023-05-11T10:12:16","modified_gmt":"2023-05-11T10:12:16","slug":"bonita-casa-en-medio-de-la-naturaleza-en-la-floresta","status":"publish","type":"post","link":"https:\/\/www.amatimmobiliaris.com\/w\/2018\/06\/bonita-casa-en-medio-de-la-naturaleza-en-la-floresta\/","title":{"rendered":"VENDIDA: Bonita casa en medio de la naturaleza en La Floresta"},"content":{"rendered":"<p>\u00bfConoces La Floresta?<\/p>\n<p>Es una urbanizaci\u00f3n que pertenece al municipio de Sant Cugat del Vall\u00e8s y se encuentra rodeada de naturaleza, desde donde se disfruta tambi\u00e9n de bonitas vistas. Justo en este entorno se encuentra esta confortable casa unifamiliar.<\/p>\n<div id='gallery-1' class='gallery galleryid-3908 gallery-columns-2 gallery-size-large'><figure class='gallery-item'>\n\t\t\t<div class='gallery-icon landscape'>\n\t\t\t\t<a href='https:\/\/www.amatimmobiliaris.com\/w\/img_5631-2\/'><img loading=\"lazy\" decoding=\"async\" width=\"800\" height=\"600\" src=\"https:\/\/www.amatimmobiliaris.com\/w\/wp-content\/uploads\/2022\/01\/img_5631-1024x768.jpg\" class=\"attachment-large size-large\" alt=\"\" srcset=\"https:\/\/www.amatimmobiliaris.com\/w\/wp-content\/uploads\/2022\/01\/img_5631-1024x768.jpg 1024w, https:\/\/www.amatimmobiliaris.com\/w\/wp-content\/uploads\/2022\/01\/img_5631-300x225.jpg 300w, https:\/\/www.amatimmobiliaris.com\/w\/wp-content\/uploads\/2022\/01\/img_5631-768x576.jpg 768w, https:\/\/www.amatimmobiliaris.com\/w\/wp-content\/uploads\/2022\/01\/img_5631-1536x1152.jpg 1536w, https:\/\/www.amatimmobiliaris.com\/w\/wp-content\/uploads\/2022\/01\/img_5631-2048x1536.jpg 2048w\" sizes=\"(max-width: 800px) 100vw, 800px\" \/><\/a>\n\t\t\t<\/div><\/figure><figure class='gallery-item'>\n\t\t\t<div class='gallery-icon landscape'>\n\t\t\t\t<a href='https:\/\/www.amatimmobiliaris.com\/w\/img_5610-2\/'><img loading=\"lazy\" decoding=\"async\" width=\"800\" height=\"600\" src=\"https:\/\/www.amatimmobiliaris.com\/w\/wp-content\/uploads\/2022\/01\/img_5610-1024x768.jpg\" class=\"attachment-large size-large\" alt=\"\" srcset=\"https:\/\/www.amatimmobiliaris.com\/w\/wp-content\/uploads\/2022\/01\/img_5610-1024x768.jpg 1024w, https:\/\/www.amatimmobiliaris.com\/w\/wp-content\/uploads\/2022\/01\/img_5610-300x225.jpg 300w, https:\/\/www.amatimmobiliaris.com\/w\/wp-content\/uploads\/2022\/01\/img_5610-768x576.jpg 768w, https:\/\/www.amatimmobiliaris.com\/w\/wp-content\/uploads\/2022\/01\/img_5610-1536x1152.jpg 1536w, https:\/\/www.amatimmobiliaris.com\/w\/wp-content\/uploads\/2022\/01\/img_5610-2048x1536.jpg 2048w\" sizes=\"(max-width: 800px) 100vw, 800px\" \/><\/a>\n\t\t\t<\/div><\/figure>\n\t\t<\/div>\n\n<p>&nbsp;<\/p>\n<p>A s\u00f3lo 10 min. de la estaci\u00f3n, esta casa de 3 plantas har\u00e1 las delicias de cualquier familia que tenga la necesidad de gozar de la tranquilidad que ofrece esta \u00e1rea residencial y la buena conexi\u00f3n con la ciudad de Barcelona.<\/p>\n<p>La casa est\u00e1 distribuida en 2 plantas m\u00e1s semis\u00f3tano. Dispone de 5 habitaciones y 4 ba\u00f1os, ideal para una familia con ni\u00f1os. Su espacio exterior es perfecto para disfrutar de momentos en familia y amigos tanto en verano como en invierno.<\/p>\n<div id='gallery-2' class='gallery galleryid-3908 gallery-columns-2 gallery-size-large'><figure class='gallery-item'>\n\t\t\t<div class='gallery-icon landscape'>\n\t\t\t\t<a href='https:\/\/www.amatimmobiliaris.com\/w\/img_5612-2\/'><img loading=\"lazy\" decoding=\"async\" width=\"800\" height=\"600\" src=\"https:\/\/www.amatimmobiliaris.com\/w\/wp-content\/uploads\/2022\/01\/img_5612-1024x768.jpg\" class=\"attachment-large size-large\" alt=\"\" srcset=\"https:\/\/www.amatimmobiliaris.com\/w\/wp-content\/uploads\/2022\/01\/img_5612-1024x768.jpg 1024w, https:\/\/www.amatimmobiliaris.com\/w\/wp-content\/uploads\/2022\/01\/img_5612-300x225.jpg 300w, https:\/\/www.amatimmobiliaris.com\/w\/wp-content\/uploads\/2022\/01\/img_5612-768x576.jpg 768w, https:\/\/www.amatimmobiliaris.com\/w\/wp-content\/uploads\/2022\/01\/img_5612-1536x1152.jpg 1536w, https:\/\/www.amatimmobiliaris.com\/w\/wp-content\/uploads\/2022\/01\/img_5612-2048x1536.jpg 2048w\" sizes=\"(max-width: 800px) 100vw, 800px\" \/><\/a>\n\t\t\t<\/div><\/figure><figure class='gallery-item'>\n\t\t\t<div class='gallery-icon landscape'>\n\t\t\t\t<a href='https:\/\/www.amatimmobiliaris.com\/w\/img_5633-2\/'><img loading=\"lazy\" decoding=\"async\" width=\"800\" height=\"600\" src=\"https:\/\/www.amatimmobiliaris.com\/w\/wp-content\/uploads\/2022\/01\/img_5633-1024x768.jpg\" class=\"attachment-large size-large\" alt=\"\" srcset=\"https:\/\/www.amatimmobiliaris.com\/w\/wp-content\/uploads\/2022\/01\/img_5633-1024x768.jpg 1024w, https:\/\/www.amatimmobiliaris.com\/w\/wp-content\/uploads\/2022\/01\/img_5633-300x225.jpg 300w, https:\/\/www.amatimmobiliaris.com\/w\/wp-content\/uploads\/2022\/01\/img_5633-768x576.jpg 768w, https:\/\/www.amatimmobiliaris.com\/w\/wp-content\/uploads\/2022\/01\/img_5633-1536x1152.jpg 1536w, https:\/\/www.amatimmobiliaris.com\/w\/wp-content\/uploads\/2022\/01\/img_5633-2048x1536.jpg 2048w\" sizes=\"(max-width: 800px) 100vw, 800px\" \/><\/a>\n\t\t\t<\/div><\/figure>\n\t\t<\/div>\n\n<p>&nbsp;<\/p>\n<p>Entrando a nivel de calle encontramos la primera planta con sal\u00f3n comedor con cocina americana y salida a terraza con vistas, 1 habitaci\u00f3n doble, 1 individual y un ba\u00f1o completo reformado.<\/p>\n<div id='gallery-3' class='gallery galleryid-3908 gallery-columns-2 gallery-size-medium'><figure class='gallery-item'>\n\t\t\t<div class='gallery-icon landscape'>\n\t\t\t\t<a href='https:\/\/www.amatimmobiliaris.com\/w\/img_5616-2\/'><img loading=\"lazy\" decoding=\"async\" width=\"300\" height=\"225\" src=\"https:\/\/www.amatimmobiliaris.com\/w\/wp-content\/uploads\/2022\/01\/img_5616-300x225.jpg\" class=\"attachment-medium size-medium\" alt=\"\" srcset=\"https:\/\/www.amatimmobiliaris.com\/w\/wp-content\/uploads\/2022\/01\/img_5616-300x225.jpg 300w, https:\/\/www.amatimmobiliaris.com\/w\/wp-content\/uploads\/2022\/01\/img_5616-1024x768.jpg 1024w, https:\/\/www.amatimmobiliaris.com\/w\/wp-content\/uploads\/2022\/01\/img_5616-768x576.jpg 768w, https:\/\/www.amatimmobiliaris.com\/w\/wp-content\/uploads\/2022\/01\/img_5616-1536x1152.jpg 1536w, https:\/\/www.amatimmobiliaris.com\/w\/wp-content\/uploads\/2022\/01\/img_5616-2048x1536.jpg 2048w\" sizes=\"(max-width: 300px) 100vw, 300px\" \/><\/a>\n\t\t\t<\/div><\/figure><figure class='gallery-item'>\n\t\t\t<div class='gallery-icon landscape'>\n\t\t\t\t<a href='https:\/\/www.amatimmobiliaris.com\/w\/img_5630-2\/'><img loading=\"lazy\" decoding=\"async\" width=\"300\" height=\"225\" src=\"https:\/\/www.amatimmobiliaris.com\/w\/wp-content\/uploads\/2022\/01\/img_5630-300x225.jpg\" class=\"attachment-medium size-medium\" alt=\"\" srcset=\"https:\/\/www.amatimmobiliaris.com\/w\/wp-content\/uploads\/2022\/01\/img_5630-300x225.jpg 300w, https:\/\/www.amatimmobiliaris.com\/w\/wp-content\/uploads\/2022\/01\/img_5630-1024x768.jpg 1024w, https:\/\/www.amatimmobiliaris.com\/w\/wp-content\/uploads\/2022\/01\/img_5630-768x576.jpg 768w, https:\/\/www.amatimmobiliaris.com\/w\/wp-content\/uploads\/2022\/01\/img_5630-1536x1152.jpg 1536w, https:\/\/www.amatimmobiliaris.com\/w\/wp-content\/uploads\/2022\/01\/img_5630-2048x1536.jpg 2048w\" sizes=\"(max-width: 300px) 100vw, 300px\" \/><\/a>\n\t\t\t<\/div><\/figure><figure class='gallery-item'>\n\t\t\t<div class='gallery-icon landscape'>\n\t\t\t\t<a href='https:\/\/www.amatimmobiliaris.com\/w\/img_5632-2\/'><img loading=\"lazy\" decoding=\"async\" width=\"300\" height=\"225\" src=\"https:\/\/www.amatimmobiliaris.com\/w\/wp-content\/uploads\/2022\/01\/img_5632-300x225.jpg\" class=\"attachment-medium size-medium\" alt=\"\" srcset=\"https:\/\/www.amatimmobiliaris.com\/w\/wp-content\/uploads\/2022\/01\/img_5632-300x225.jpg 300w, https:\/\/www.amatimmobiliaris.com\/w\/wp-content\/uploads\/2022\/01\/img_5632-1024x768.jpg 1024w, https:\/\/www.amatimmobiliaris.com\/w\/wp-content\/uploads\/2022\/01\/img_5632-768x576.jpg 768w, https:\/\/www.amatimmobiliaris.com\/w\/wp-content\/uploads\/2022\/01\/img_5632-1536x1152.jpg 1536w, https:\/\/www.amatimmobiliaris.com\/w\/wp-content\/uploads\/2022\/01\/img_5632-2048x1536.jpg 2048w\" sizes=\"(max-width: 300px) 100vw, 300px\" \/><\/a>\n\t\t\t<\/div><\/figure><figure class='gallery-item'>\n\t\t\t<div class='gallery-icon landscape'>\n\t\t\t\t<a href='https:\/\/www.amatimmobiliaris.com\/w\/img_5628-2\/'><img loading=\"lazy\" decoding=\"async\" width=\"300\" height=\"225\" src=\"https:\/\/www.amatimmobiliaris.com\/w\/wp-content\/uploads\/2022\/01\/img_5628-300x225.jpg\" class=\"attachment-medium size-medium\" alt=\"\" srcset=\"https:\/\/www.amatimmobiliaris.com\/w\/wp-content\/uploads\/2022\/01\/img_5628-300x225.jpg 300w, https:\/\/www.amatimmobiliaris.com\/w\/wp-content\/uploads\/2022\/01\/img_5628-1024x768.jpg 1024w, https:\/\/www.amatimmobiliaris.com\/w\/wp-content\/uploads\/2022\/01\/img_5628-768x576.jpg 768w, https:\/\/www.amatimmobiliaris.com\/w\/wp-content\/uploads\/2022\/01\/img_5628-1536x1152.jpg 1536w, https:\/\/www.amatimmobiliaris.com\/w\/wp-content\/uploads\/2022\/01\/img_5628-2048x1536.jpg 2048w\" sizes=\"(max-width: 300px) 100vw, 300px\" \/><\/a>\n\t\t\t<\/div><\/figure>\n\t\t<\/div>\n\n<p>&nbsp;<\/p>\n<p>En la planta inferior se encuentran las habitaciones: 1 suite con ba\u00f1o y vestidor, con salida a terraza, 2 habitaciones dobles con armarios empotrados y 1 ba\u00f1o completo.<\/p>\n<div id='gallery-4' class='gallery galleryid-3908 gallery-columns-2 gallery-size-medium'><figure class='gallery-item'>\n\t\t\t<div class='gallery-icon landscape'>\n\t\t\t\t<a href='https:\/\/www.amatimmobiliaris.com\/w\/img_5622-2\/'><img loading=\"lazy\" decoding=\"async\" width=\"300\" height=\"225\" src=\"https:\/\/www.amatimmobiliaris.com\/w\/wp-content\/uploads\/2022\/01\/img_5622-300x225.jpg\" class=\"attachment-medium size-medium\" alt=\"\" srcset=\"https:\/\/www.amatimmobiliaris.com\/w\/wp-content\/uploads\/2022\/01\/img_5622-300x225.jpg 300w, https:\/\/www.amatimmobiliaris.com\/w\/wp-content\/uploads\/2022\/01\/img_5622-1024x768.jpg 1024w, https:\/\/www.amatimmobiliaris.com\/w\/wp-content\/uploads\/2022\/01\/img_5622-768x576.jpg 768w, https:\/\/www.amatimmobiliaris.com\/w\/wp-content\/uploads\/2022\/01\/img_5622-1536x1152.jpg 1536w, https:\/\/www.amatimmobiliaris.com\/w\/wp-content\/uploads\/2022\/01\/img_5622-2048x1536.jpg 2048w\" sizes=\"(max-width: 300px) 100vw, 300px\" \/><\/a>\n\t\t\t<\/div><\/figure><figure class='gallery-item'>\n\t\t\t<div class='gallery-icon landscape'>\n\t\t\t\t<a href='https:\/\/www.amatimmobiliaris.com\/w\/img_5621-2\/'><img loading=\"lazy\" decoding=\"async\" width=\"300\" height=\"225\" src=\"https:\/\/www.amatimmobiliaris.com\/w\/wp-content\/uploads\/2022\/01\/img_5621-300x225.jpg\" class=\"attachment-medium size-medium\" alt=\"\" srcset=\"https:\/\/www.amatimmobiliaris.com\/w\/wp-content\/uploads\/2022\/01\/img_5621-300x225.jpg 300w, https:\/\/www.amatimmobiliaris.com\/w\/wp-content\/uploads\/2022\/01\/img_5621-1024x768.jpg 1024w, https:\/\/www.amatimmobiliaris.com\/w\/wp-content\/uploads\/2022\/01\/img_5621-768x576.jpg 768w, https:\/\/www.amatimmobiliaris.com\/w\/wp-content\/uploads\/2022\/01\/img_5621-1536x1152.jpg 1536w, https:\/\/www.amatimmobiliaris.com\/w\/wp-content\/uploads\/2022\/01\/img_5621-2048x1536.jpg 2048w\" sizes=\"(max-width: 300px) 100vw, 300px\" \/><\/a>\n\t\t\t<\/div><\/figure><figure class='gallery-item'>\n\t\t\t<div class='gallery-icon landscape'>\n\t\t\t\t<a href='https:\/\/www.amatimmobiliaris.com\/w\/img_5620-2\/'><img loading=\"lazy\" decoding=\"async\" width=\"300\" height=\"225\" src=\"https:\/\/www.amatimmobiliaris.com\/w\/wp-content\/uploads\/2022\/01\/img_5620-300x225.jpg\" class=\"attachment-medium size-medium\" alt=\"\" srcset=\"https:\/\/www.amatimmobiliaris.com\/w\/wp-content\/uploads\/2022\/01\/img_5620-300x225.jpg 300w, https:\/\/www.amatimmobiliaris.com\/w\/wp-content\/uploads\/2022\/01\/img_5620-1024x768.jpg 1024w, https:\/\/www.amatimmobiliaris.com\/w\/wp-content\/uploads\/2022\/01\/img_5620-768x576.jpg 768w, https:\/\/www.amatimmobiliaris.com\/w\/wp-content\/uploads\/2022\/01\/img_5620-1536x1152.jpg 1536w, https:\/\/www.amatimmobiliaris.com\/w\/wp-content\/uploads\/2022\/01\/img_5620-2048x1536.jpg 2048w\" sizes=\"(max-width: 300px) 100vw, 300px\" \/><\/a>\n\t\t\t<\/div><\/figure><figure class='gallery-item'>\n\t\t\t<div class='gallery-icon landscape'>\n\t\t\t\t<a href='https:\/\/www.amatimmobiliaris.com\/w\/img_5616-2\/'><img loading=\"lazy\" decoding=\"async\" width=\"300\" height=\"225\" src=\"https:\/\/www.amatimmobiliaris.com\/w\/wp-content\/uploads\/2022\/01\/img_5616-300x225.jpg\" class=\"attachment-medium size-medium\" alt=\"\" srcset=\"https:\/\/www.amatimmobiliaris.com\/w\/wp-content\/uploads\/2022\/01\/img_5616-300x225.jpg 300w, https:\/\/www.amatimmobiliaris.com\/w\/wp-content\/uploads\/2022\/01\/img_5616-1024x768.jpg 1024w, https:\/\/www.amatimmobiliaris.com\/w\/wp-content\/uploads\/2022\/01\/img_5616-768x576.jpg 768w, https:\/\/www.amatimmobiliaris.com\/w\/wp-content\/uploads\/2022\/01\/img_5616-1536x1152.jpg 1536w, https:\/\/www.amatimmobiliaris.com\/w\/wp-content\/uploads\/2022\/01\/img_5616-2048x1536.jpg 2048w\" sizes=\"(max-width: 300px) 100vw, 300px\" \/><\/a>\n\t\t\t<\/div><\/figure>\n\t\t<\/div>\n\n<p>&nbsp;<\/p>\n<p>Cabe destacar la plaza de garaje de que dispone, por la que se entra por la calle de acceso inferior, y los grandes acabados de alta calidad que tiene el inmueble, que dispone de ventanas de aluminio, suelos de parquet y terrazo.<\/p>\n<p><strong>Ref. 23341 &#8211; V<\/strong><strong>ENDIDA<\/strong><\/p>\n<p><a href=\"https:\/\/www.amatimmobiliaris.com\/w\/home-block\/\" target=\"_blank\" rel=\"noopener\">Ver m\u00e1s propiedades<\/a><\/p>\n","protected":false},"excerpt":{"rendered":"<p>\u00bfConoces La Floresta? Es una urbanizaci\u00f3n que pertenece al municipio de Sant Cugat del Vall\u00e8s y se encuentra rodeada de naturaleza, desde donde se disfruta tambi\u00e9n de bonitas vistas. Justo en este entorno se encuentra esta confortable casa unifamiliar. &nbsp; A s\u00f3lo 10 min. de la estaci\u00f3n, esta casa de 3 plantas har\u00e1 las delicias [&hellip;]<\/p>\n","protected":false},"author":1,"featured_media":3909,"comment_status":"closed","ping_status":"closed","sticky":false,"template":"","format":"standard","meta":{"content-type":"","footnotes":""},"categories":[866],"tags":[1678,1577,1570,1789,1802,942,1053,984,946,1260],"yoast_head":"<!-- This site is optimized with the Yoast SEO plugin v23.9 - https:\/\/yoast.com\/wordpress\/plugins\/seo\/ -->\n<title>VENDIDA: Bonita casa en medio de la naturaleza en La Floresta | Amat Immobiliaris<\/title>\n<meta name=\"description\" content=\"En una urbanizaci\u00f3n que pertenece al municipio de Sant Cugat del Vall\u00e8s se encuentra esta confortable casa unifamiliar. VENDIDA\" \/>\n<meta name=\"robots\" content=\"index, follow, max-snippet:-1, max-image-preview:large, max-video-preview:-1\" \/>\n<link rel=\"canonical\" href=\"https:\/\/www.amatimmobiliaris.com\/w\/2018\/06\/bonita-casa-en-medio-de-la-naturaleza-en-la-floresta\/\" \/>\n<meta property=\"og:locale\" content=\"es_ES\" \/>\n<meta property=\"og:type\" content=\"article\" \/>\n<meta property=\"og:title\" content=\"VENDIDA: Bonita casa en medio de la naturaleza en La Floresta | Amat Immobiliaris\" \/>\n<meta property=\"og:description\" content=\"En una urbanizaci\u00f3n que pertenece al municipio de Sant Cugat del Vall\u00e8s se encuentra esta confortable casa unifamiliar. VENDIDA\" \/>\n<meta property=\"og:url\" content=\"https:\/\/www.amatimmobiliaris.com\/w\/2018\/06\/bonita-casa-en-medio-de-la-naturaleza-en-la-floresta\/\" \/>\n<meta property=\"og:site_name\" content=\"Amat Immobiliaris\" \/>\n<meta property=\"article:publisher\" content=\"https:\/\/www.facebook.com\/amatimmobiliaris\" \/>\n<meta property=\"article:published_time\" content=\"2018-06-11T14:54:18+00:00\" \/>\n<meta property=\"article:modified_time\" content=\"2023-05-11T10:12:16+00:00\" \/>\n<meta property=\"og:image\" content=\"https:\/\/www.amatimmobiliaris.com\/w\/wp-content\/uploads\/2022\/01\/img_5631-scaled.jpg\" \/>\n\t<meta property=\"og:image:width\" content=\"2560\" \/>\n\t<meta property=\"og:image:height\" content=\"1920\" \/>\n\t<meta property=\"og:image:type\" content=\"image\/jpeg\" \/>\n<meta name=\"author\" content=\"Amat Immobiliaris\" \/>\n<meta name=\"twitter:card\" content=\"summary_large_image\" \/>\n<meta name=\"twitter:creator\" content=\"@amat_cat\" \/>\n<meta name=\"twitter:site\" content=\"@amat_cat\" \/>\n<meta name=\"twitter:label1\" content=\"Escrito por\" \/>\n\t<meta name=\"twitter:data1\" content=\"Amat Immobiliaris\" \/>\n\t<meta name=\"twitter:label2\" content=\"Tiempo de lectura\" \/>\n\t<meta name=\"twitter:data2\" content=\"2 minutos\" \/>\n<script type=\"application\/ld+json\" class=\"yoast-schema-graph\">{\"@context\":\"https:\/\/schema.org\",\"@graph\":[{\"@type\":\"Article\",\"@id\":\"https:\/\/www.amatimmobiliaris.com\/w\/2018\/06\/bonita-casa-en-medio-de-la-naturaleza-en-la-floresta\/#article\",\"isPartOf\":{\"@id\":\"https:\/\/www.amatimmobiliaris.com\/w\/2018\/06\/bonita-casa-en-medio-de-la-naturaleza-en-la-floresta\/\"},\"author\":{\"name\":\"Amat Immobiliaris\",\"@id\":\"https:\/\/www.amatimmobiliaris.com\/w\/#\/schema\/person\/c880da71d1e156e7ea6774ffb445e034\"},\"headline\":\"VENDIDA: Bonita casa en medio de la naturaleza en La Floresta\",\"datePublished\":\"2018-06-11T14:54:18+00:00\",\"dateModified\":\"2023-05-11T10:12:16+00:00\",\"mainEntityOfPage\":{\"@id\":\"https:\/\/www.amatimmobiliaris.com\/w\/2018\/06\/bonita-casa-en-medio-de-la-naturaleza-en-la-floresta\/\"},\"wordCount\":270,\"publisher\":{\"@id\":\"https:\/\/www.amatimmobiliaris.com\/w\/#organization\"},\"image\":{\"@id\":\"https:\/\/www.amatimmobiliaris.com\/w\/2018\/06\/bonita-casa-en-medio-de-la-naturaleza-en-la-floresta\/#primaryimage\"},\"thumbnailUrl\":\"https:\/\/www.amatimmobiliaris.com\/w\/wp-content\/uploads\/2022\/01\/img_5631-scaled.jpg\",\"keywords\":[\"Casa\",\"Comprar\",\"Compraventa\",\"Garaje\",\"Habitaci\u00f3n\",\"Inmobiliaria\",\"Inmueble\",\"Naturaleza\",\"Terraza\",\"Vivienda\"],\"articleSection\":[\"Pisos destacados\"],\"inLanguage\":\"es\"},{\"@type\":\"WebPage\",\"@id\":\"https:\/\/www.amatimmobiliaris.com\/w\/2018\/06\/bonita-casa-en-medio-de-la-naturaleza-en-la-floresta\/\",\"url\":\"https:\/\/www.amatimmobiliaris.com\/w\/2018\/06\/bonita-casa-en-medio-de-la-naturaleza-en-la-floresta\/\",\"name\":\"VENDIDA: Bonita casa en medio de la naturaleza en La Floresta | Amat Immobiliaris\",\"isPartOf\":{\"@id\":\"https:\/\/www.amatimmobiliaris.com\/w\/#website\"},\"primaryImageOfPage\":{\"@id\":\"https:\/\/www.amatimmobiliaris.com\/w\/2018\/06\/bonita-casa-en-medio-de-la-naturaleza-en-la-floresta\/#primaryimage\"},\"image\":{\"@id\":\"https:\/\/www.amatimmobiliaris.com\/w\/2018\/06\/bonita-casa-en-medio-de-la-naturaleza-en-la-floresta\/#primaryimage\"},\"thumbnailUrl\":\"https:\/\/www.amatimmobiliaris.com\/w\/wp-content\/uploads\/2022\/01\/img_5631-scaled.jpg\",\"datePublished\":\"2018-06-11T14:54:18+00:00\",\"dateModified\":\"2023-05-11T10:12:16+00:00\",\"description\":\"En una urbanizaci\u00f3n que pertenece al municipio de Sant Cugat del Vall\u00e8s se encuentra esta confortable casa unifamiliar. VENDIDA\",\"breadcrumb\":{\"@id\":\"https:\/\/www.amatimmobiliaris.com\/w\/2018\/06\/bonita-casa-en-medio-de-la-naturaleza-en-la-floresta\/#breadcrumb\"},\"inLanguage\":\"es\",\"potentialAction\":[{\"@type\":\"ReadAction\",\"target\":[\"https:\/\/www.amatimmobiliaris.com\/w\/2018\/06\/bonita-casa-en-medio-de-la-naturaleza-en-la-floresta\/\"]}]},{\"@type\":\"ImageObject\",\"inLanguage\":\"es\",\"@id\":\"https:\/\/www.amatimmobiliaris.com\/w\/2018\/06\/bonita-casa-en-medio-de-la-naturaleza-en-la-floresta\/#primaryimage\",\"url\":\"https:\/\/www.amatimmobiliaris.com\/w\/wp-content\/uploads\/2022\/01\/img_5631-scaled.jpg\",\"contentUrl\":\"https:\/\/www.amatimmobiliaris.com\/w\/wp-content\/uploads\/2022\/01\/img_5631-scaled.jpg\",\"width\":2560,\"height\":1920},{\"@type\":\"BreadcrumbList\",\"@id\":\"https:\/\/www.amatimmobiliaris.com\/w\/2018\/06\/bonita-casa-en-medio-de-la-naturaleza-en-la-floresta\/#breadcrumb\",\"itemListElement\":[{\"@type\":\"ListItem\",\"position\":1,\"name\":\"Home\",\"item\":\"https:\/\/www.amatimmobiliaris.com\/w\/\"},{\"@type\":\"ListItem\",\"position\":2,\"name\":\"Pisos destacados\",\"item\":\"https:\/\/www.amatimmobiliaris.com\/w\/category\/pisos-destacados\/\"},{\"@type\":\"ListItem\",\"position\":3,\"name\":\"VENDIDA: Bonita casa en medio de la naturaleza en La Floresta\"}]},{\"@type\":\"WebSite\",\"@id\":\"https:\/\/www.amatimmobiliaris.com\/w\/#website\",\"url\":\"https:\/\/www.amatimmobiliaris.com\/w\/\",\"name\":\"Amat Immobiliaris\",\"description\":\"Empresa familiar del sector inmobiliario con oficinas en Barcelona, Sant Cugat del Vall\u00e9s y Sant Just Desvern. Te ayudamos a comprar, alquilar o vender tu casa o piso. Somos un equipo coherente con una cultura de empresa honesta, innovadora y eficaz. Tambi\u00e9n en www.amatluxury.com\",\"publisher\":{\"@id\":\"https:\/\/www.amatimmobiliaris.com\/w\/#organization\"},\"alternateName\":\"AmatImmo\",\"potentialAction\":[{\"@type\":\"SearchAction\",\"target\":{\"@type\":\"EntryPoint\",\"urlTemplate\":\"https:\/\/www.amatimmobiliaris.com\/w\/?s={search_term_string}\"},\"query-input\":{\"@type\":\"PropertyValueSpecification\",\"valueRequired\":true,\"valueName\":\"search_term_string\"}}],\"inLanguage\":\"es\"},{\"@type\":\"Organization\",\"@id\":\"https:\/\/www.amatimmobiliaris.com\/w\/#organization\",\"name\":\"Amat Immobiliaris\",\"url\":\"https:\/\/www.amatimmobiliaris.com\/w\/\",\"logo\":{\"@type\":\"ImageObject\",\"inLanguage\":\"es\",\"@id\":\"https:\/\/www.amatimmobiliaris.com\/w\/#\/schema\/logo\/image\/\",\"url\":\"https:\/\/www.amatimmobiliaris.com\/w\/wp-content\/uploads\/2022\/10\/amat-logo.jpg\",\"contentUrl\":\"https:\/\/www.amatimmobiliaris.com\/w\/wp-content\/uploads\/2022\/10\/amat-logo.jpg\",\"width\":900,\"height\":900,\"caption\":\"Amat Immobiliaris\"},\"image\":{\"@id\":\"https:\/\/www.amatimmobiliaris.com\/w\/#\/schema\/logo\/image\/\"},\"sameAs\":[\"https:\/\/www.facebook.com\/amatimmobiliaris\",\"https:\/\/x.com\/amat_cat\",\"https:\/\/www.instagram.com\/amat_immo\/\",\"https:\/\/www.linkedin.com\/company\/amat-finques\/\",\"https:\/\/www.youtube.com\/@amatimmobiliaris\"]},{\"@type\":\"Person\",\"@id\":\"https:\/\/www.amatimmobiliaris.com\/w\/#\/schema\/person\/c880da71d1e156e7ea6774ffb445e034\",\"name\":\"Amat Immobiliaris\",\"sameAs\":[\"http:\/\/amat-inmo-wp.localhost\"]}]}<\/script>\n<!-- \/ Yoast SEO plugin. -->","yoast_head_json":{"title":"VENDIDA: Bonita casa en medio de la naturaleza en La Floresta | Amat Immobiliaris","description":"En una urbanizaci\u00f3n que pertenece al municipio de Sant Cugat del Vall\u00e8s se encuentra esta confortable casa unifamiliar. VENDIDA","robots":{"index":"index","follow":"follow","max-snippet":"max-snippet:-1","max-image-preview":"max-image-preview:large","max-video-preview":"max-video-preview:-1"},"canonical":"https:\/\/www.amatimmobiliaris.com\/w\/2018\/06\/bonita-casa-en-medio-de-la-naturaleza-en-la-floresta\/","og_locale":"es_ES","og_type":"article","og_title":"VENDIDA: Bonita casa en medio de la naturaleza en La Floresta | Amat Immobiliaris","og_description":"En una urbanizaci\u00f3n que pertenece al municipio de Sant Cugat del Vall\u00e8s se encuentra esta confortable casa unifamiliar. VENDIDA","og_url":"https:\/\/www.amatimmobiliaris.com\/w\/2018\/06\/bonita-casa-en-medio-de-la-naturaleza-en-la-floresta\/","og_site_name":"Amat Immobiliaris","article_publisher":"https:\/\/www.facebook.com\/amatimmobiliaris","article_published_time":"2018-06-11T14:54:18+00:00","article_modified_time":"2023-05-11T10:12:16+00:00","og_image":[{"width":2560,"height":1920,"url":"https:\/\/www.amatimmobiliaris.com\/w\/wp-content\/uploads\/2022\/01\/img_5631-scaled.jpg","type":"image\/jpeg"}],"author":"Amat Immobiliaris","twitter_card":"summary_large_image","twitter_creator":"@amat_cat","twitter_site":"@amat_cat","twitter_misc":{"Escrito por":"Amat Immobiliaris","Tiempo de lectura":"2 minutos"},"schema":{"@context":"https:\/\/schema.org","@graph":[{"@type":"Article","@id":"https:\/\/www.amatimmobiliaris.com\/w\/2018\/06\/bonita-casa-en-medio-de-la-naturaleza-en-la-floresta\/#article","isPartOf":{"@id":"https:\/\/www.amatimmobiliaris.com\/w\/2018\/06\/bonita-casa-en-medio-de-la-naturaleza-en-la-floresta\/"},"author":{"name":"Amat Immobiliaris","@id":"https:\/\/www.amatimmobiliaris.com\/w\/#\/schema\/person\/c880da71d1e156e7ea6774ffb445e034"},"headline":"VENDIDA: Bonita casa en medio de la naturaleza en La Floresta","datePublished":"2018-06-11T14:54:18+00:00","dateModified":"2023-05-11T10:12:16+00:00","mainEntityOfPage":{"@id":"https:\/\/www.amatimmobiliaris.com\/w\/2018\/06\/bonita-casa-en-medio-de-la-naturaleza-en-la-floresta\/"},"wordCount":270,"publisher":{"@id":"https:\/\/www.amatimmobiliaris.com\/w\/#organization"},"image":{"@id":"https:\/\/www.amatimmobiliaris.com\/w\/2018\/06\/bonita-casa-en-medio-de-la-naturaleza-en-la-floresta\/#primaryimage"},"thumbnailUrl":"https:\/\/www.amatimmobiliaris.com\/w\/wp-content\/uploads\/2022\/01\/img_5631-scaled.jpg","keywords":["Casa","Comprar","Compraventa","Garaje","Habitaci\u00f3n","Inmobiliaria","Inmueble","Naturaleza","Terraza","Vivienda"],"articleSection":["Pisos destacados"],"inLanguage":"es"},{"@type":"WebPage","@id":"https:\/\/www.amatimmobiliaris.com\/w\/2018\/06\/bonita-casa-en-medio-de-la-naturaleza-en-la-floresta\/","url":"https:\/\/www.amatimmobiliaris.com\/w\/2018\/06\/bonita-casa-en-medio-de-la-naturaleza-en-la-floresta\/","name":"VENDIDA: Bonita casa en medio de la naturaleza en La Floresta | Amat Immobiliaris","isPartOf":{"@id":"https:\/\/www.amatimmobiliaris.com\/w\/#website"},"primaryImageOfPage":{"@id":"https:\/\/www.amatimmobiliaris.com\/w\/2018\/06\/bonita-casa-en-medio-de-la-naturaleza-en-la-floresta\/#primaryimage"},"image":{"@id":"https:\/\/www.amatimmobiliaris.com\/w\/2018\/06\/bonita-casa-en-medio-de-la-naturaleza-en-la-floresta\/#primaryimage"},"thumbnailUrl":"https:\/\/www.amatimmobiliaris.com\/w\/wp-content\/uploads\/2022\/01\/img_5631-scaled.jpg","datePublished":"2018-06-11T14:54:18+00:00","dateModified":"2023-05-11T10:12:16+00:00","description":"En una urbanizaci\u00f3n que pertenece al municipio de Sant Cugat del Vall\u00e8s se encuentra esta confortable casa unifamiliar. VENDIDA","breadcrumb":{"@id":"https:\/\/www.amatimmobiliaris.com\/w\/2018\/06\/bonita-casa-en-medio-de-la-naturaleza-en-la-floresta\/#breadcrumb"},"inLanguage":"es","potentialAction":[{"@type":"ReadAction","target":["https:\/\/www.amatimmobiliaris.com\/w\/2018\/06\/bonita-casa-en-medio-de-la-naturaleza-en-la-floresta\/"]}]},{"@type":"ImageObject","inLanguage":"es","@id":"https:\/\/www.amatimmobiliaris.com\/w\/2018\/06\/bonita-casa-en-medio-de-la-naturaleza-en-la-floresta\/#primaryimage","url":"https:\/\/www.amatimmobiliaris.com\/w\/wp-content\/uploads\/2022\/01\/img_5631-scaled.jpg","contentUrl":"https:\/\/www.amatimmobiliaris.com\/w\/wp-content\/uploads\/2022\/01\/img_5631-scaled.jpg","width":2560,"height":1920},{"@type":"BreadcrumbList","@id":"https:\/\/www.amatimmobiliaris.com\/w\/2018\/06\/bonita-casa-en-medio-de-la-naturaleza-en-la-floresta\/#breadcrumb","itemListElement":[{"@type":"ListItem","position":1,"name":"Home","item":"https:\/\/www.amatimmobiliaris.com\/w\/"},{"@type":"ListItem","position":2,"name":"Pisos destacados","item":"https:\/\/www.amatimmobiliaris.com\/w\/category\/pisos-destacados\/"},{"@type":"ListItem","position":3,"name":"VENDIDA: Bonita casa en medio de la naturaleza en La Floresta"}]},{"@type":"WebSite","@id":"https:\/\/www.amatimmobiliaris.com\/w\/#website","url":"https:\/\/www.amatimmobiliaris.com\/w\/","name":"Amat Immobiliaris","description":"Empresa familiar del sector inmobiliario con oficinas en Barcelona, Sant Cugat del Vall\u00e9s y Sant Just Desvern. Te ayudamos a comprar, alquilar o vender tu casa o piso. Somos un equipo coherente con una cultura de empresa honesta, innovadora y eficaz. Tambi\u00e9n en www.amatluxury.com","publisher":{"@id":"https:\/\/www.amatimmobiliaris.com\/w\/#organization"},"alternateName":"AmatImmo","potentialAction":[{"@type":"SearchAction","target":{"@type":"EntryPoint","urlTemplate":"https:\/\/www.amatimmobiliaris.com\/w\/?s={search_term_string}"},"query-input":{"@type":"PropertyValueSpecification","valueRequired":true,"valueName":"search_term_string"}}],"inLanguage":"es"},{"@type":"Organization","@id":"https:\/\/www.amatimmobiliaris.com\/w\/#organization","name":"Amat Immobiliaris","url":"https:\/\/www.amatimmobiliaris.com\/w\/","logo":{"@type":"ImageObject","inLanguage":"es","@id":"https:\/\/www.amatimmobiliaris.com\/w\/#\/schema\/logo\/image\/","url":"https:\/\/www.amatimmobiliaris.com\/w\/wp-content\/uploads\/2022\/10\/amat-logo.jpg","contentUrl":"https:\/\/www.amatimmobiliaris.com\/w\/wp-content\/uploads\/2022\/10\/amat-logo.jpg","width":900,"height":900,"caption":"Amat Immobiliaris"},"image":{"@id":"https:\/\/www.amatimmobiliaris.com\/w\/#\/schema\/logo\/image\/"},"sameAs":["https:\/\/www.facebook.com\/amatimmobiliaris","https:\/\/x.com\/amat_cat","https:\/\/www.instagram.com\/amat_immo\/","https:\/\/www.linkedin.com\/company\/amat-finques\/","https:\/\/www.youtube.com\/@amatimmobiliaris"]},{"@type":"Person","@id":"https:\/\/www.amatimmobiliaris.com\/w\/#\/schema\/person\/c880da71d1e156e7ea6774ffb445e034","name":"Amat Immobiliaris","sameAs":["http:\/\/amat-inmo-wp.localhost"]}]}},"_links":{"self":[{"href":"https:\/\/www.amatimmobiliaris.com\/w\/wp-json\/wp\/v2\/posts\/3908"}],"collection":[{"href":"https:\/\/www.amatimmobiliaris.com\/w\/wp-json\/wp\/v2\/posts"}],"about":[{"href":"https:\/\/www.amatimmobiliaris.com\/w\/wp-json\/wp\/v2\/types\/post"}],"author":[{"embeddable":true,"href":"https:\/\/www.amatimmobiliaris.com\/w\/wp-json\/wp\/v2\/users\/1"}],"replies":[{"embeddable":true,"href":"https:\/\/www.amatimmobiliaris.com\/w\/wp-json\/wp\/v2\/comments?post=3908"}],"version-history":[{"count":4,"href":"https:\/\/www.amatimmobiliaris.com\/w\/wp-json\/wp\/v2\/posts\/3908\/revisions"}],"predecessor-version":[{"id":24713,"href":"https:\/\/www.amatimmobiliaris.com\/w\/wp-json\/wp\/v2\/posts\/3908\/revisions\/24713"}],"wp:featuredmedia":[{"embeddable":true,"href":"https:\/\/www.amatimmobiliaris.com\/w\/wp-json\/wp\/v2\/media\/3909"}],"wp:attachment":[{"href":"https:\/\/www.amatimmobiliaris.com\/w\/wp-json\/wp\/v2\/media?parent=3908"}],"wp:term":[{"taxonomy":"category","embeddable":true,"href":"https:\/\/www.amatimmobiliaris.com\/w\/wp-json\/wp\/v2\/categories?post=3908"},{"taxonomy":"post_tag","embeddable":true,"href":"https:\/\/www.amatimmobiliaris.com\/w\/wp-json\/wp\/v2\/tags?post=3908"}],"curies":[{"name":"wp","href":"https:\/\/api.w.org\/{rel}","templated":true}]}}