{"id":38698,"date":"2025-03-27T15:56:11","date_gmt":"2025-03-27T15:56:11","guid":{"rendered":"https:\/\/www.amatimmobiliaris.com\/w\/?p=38698"},"modified":"2025-03-27T15:56:11","modified_gmt":"2025-03-27T15:56:11","slug":"edificios-eficientes-cambio-climatico","status":"publish","type":"post","link":"https:\/\/www.amatimmobiliaris.com\/w\/2025\/03\/edificios-eficientes-cambio-climatico\/","title":{"rendered":"Construyendo un Futuro Sostenible: El Impacto del Clima en el Sector Inmobiliario"},"content":{"rendered":"<h2><strong>Edificios eficientes: la clave para combatir el cambio clim\u00e1tico. <\/strong><\/h2>\n<p>&nbsp;<\/p>\n<p data-start=\"153\" data-end=\"540\">El D\u00eda Mundial del Clima nos invita a reflexionar sobre la importancia de cuidar nuestro planeta y c\u00f3mo nuestras acciones diarias afectan al medio ambiente. En un mundo donde los efectos del cambio clim\u00e1tico son cada vez m\u00e1s evidentes, la sostenibilidad se ha convertido en un eje central en todos los sectores, incluido el inmobiliario.<\/p>\n<p data-start=\"542\" data-end=\"853\">En Amat Immobiliaris, entendemos que las decisiones que tomamos hoy pueden marcar la diferencia para las generaciones futuras. Por eso, queremos compartir contigo c\u00f3mo el sector inmobiliario puede contribuir al cuidado del clima y c\u00f3mo nosotros, como empresa, estamos comprometidos con la sostenibilidad.<\/p>\n<p>&nbsp;<\/p>\n<h4 data-pm-slice=\"1 1 []\">1. <strong>Edificios eficientes: la clave para un futuro sostenible<\/strong><\/h4>\n<p data-start=\"930\" data-end=\"1220\">Los edificios son responsables de aproximadamente el 40% del consumo de energ\u00eda a nivel mundial. Sin embargo, con avances tecnol\u00f3gicos y un dise\u00f1o arquitect\u00f3nico inteligente, es posible construir y gestionar inmuebles que consuman menos energ\u00eda y emitan menos gases de efecto invernadero.<\/p>\n<p data-start=\"1222\" data-end=\"1633\">En Amat, promovemos la <strong data-start=\"1261\" data-end=\"1350\">compra\/venta de propiedades con altos est\u00e1ndares de eficiencia energ\u00e9tica<\/strong>, lo que no solo beneficia al planeta, sino tambi\u00e9n a los bolsillos de los propietarios e inquilinos. Propiedades con aislamiento t\u00e9rmico, sistemas de iluminaci\u00f3n LED o instalaciones de energ\u00edas renovables son ejemplos de c\u00f3mo los edificios pueden ser m\u00e1s eficientes y sostenibles.<\/p>\n<p data-start=\"1635\" data-end=\"1835\">\u00bfSab\u00edas que un edificio eficiente puede reducir el consumo energ\u00e9tico hasta en un 30%? Este tipo de propiedades no solo cuidan el medio ambiente, sino que tambi\u00e9n incrementan su valor a largo plazo.<\/p>\n<h4>2. <strong>Invertir en sostenibilidad, una elecci\u00f3n inteligente<\/strong><\/h4>\n<p data-start=\"1908\" data-end=\"2091\">La sostenibilidad no es solo una necesidad ambiental, sino tambi\u00e9n una oportunidad econ\u00f3mica. Invertir en propiedades dise\u00f1adas con criterios sostenibles tiene m\u00faltiples beneficios:<\/p>\n<ul data-start=\"2092\" data-end=\"2447\">\n<li data-start=\"2092\" data-end=\"2203\"><strong data-start=\"2094\" data-end=\"2111\">Mayor demanda<\/strong>: Cada vez m\u00e1s compradores e inquilinos buscan espacios que reduzcan su impacto ambiental.<\/li>\n<li data-start=\"2204\" data-end=\"2343\"><strong data-start=\"2206\" data-end=\"2240\">Reducci\u00f3n de costes<\/strong>: Propiedades con sistemas eficientes consumen menos recursos, lo que reduce la inversi\u00f3n econ\u00f3mica diaria.<\/li>\n<li data-start=\"2344\" data-end=\"2447\"><strong data-start=\"2346\" data-end=\"2370\">Incremento del valor<\/strong>: Las propiedades sostenibles tienen una ventaja competitiva en el mercado.<\/li>\n<\/ul>\n<p data-start=\"2449\" data-end=\"2743\">Si est\u00e1s pensando en invertir, te invitamos a considerar proyectos que incorporen <strong data-start=\"2531\" data-end=\"2553\">tecnolog\u00edas verdes<\/strong>, <strong>como paneles solares, sistemas de captaci\u00f3n de agua de lluvia o materiales reciclados<\/strong>. Estas inversiones no solo generan un impacto positivo en el planeta, sino tambi\u00e9n en tu patrimonio.<\/p>\n<h4>3. <strong>Propiedades en entornos verdes: calidad de vida<\/strong><\/h4>\n<p data-start=\"2831\" data-end=\"3091\">Un entorno verde no solo es m\u00e1s saludable, sino tambi\u00e9n m\u00e1s valioso. Las propiedades ubicadas en zonas que respetan el medio ambiente, como aquellas con parques, jardines y \u00e1reas recreativas sostenibles, ofrecen una mejor calidad de vida para sus habitantes.<\/p>\n<p data-start=\"3093\" data-end=\"3425\">En nuestra cartera de propiedades, contamos con diferentes opciones para vivir rodeado de un entorno verde.<\/p>\n<p data-start=\"3093\" data-end=\"3425\">Vivir en un lugar donde el verde predomina no solo mejora la salud, sino que tambi\u00e9n contribuye al equilibrio clim\u00e1tico global.<\/p>\n<h4 data-pm-slice=\"1 1 []\">4. Comunidades sostenibles<\/h4>\n<p data-start=\"3490\" data-end=\"3624\">M\u00e1s all\u00e1 de viviendas individuales, es fundamental pensar en comunidades sostenibles. Estas comunidades incluyen pr\u00e1cticas como:<\/p>\n<ul data-start=\"3625\" data-end=\"3874\">\n<li data-start=\"3625\" data-end=\"3706\"><b>Cubiertas verdes<\/b><\/li>\n<li data-start=\"3707\" data-end=\"3783\"><strong data-start=\"3709\" data-end=\"3732\">Gesti\u00f3n de residuos<\/strong><\/li>\n<li data-start=\"3784\" data-end=\"3874\"><strong data-start=\"3786\" data-end=\"3805\">Huertos urbanos<\/strong><\/li>\n<li data-start=\"3784\" data-end=\"3874\"><strong>Placas solares<\/strong><\/li>\n<\/ul>\n<p><img loading=\"lazy\" decoding=\"async\" class=\"alignnone wp-image-38738\" src=\"https:\/\/www.amatimmobiliaris.com\/w\/wp-content\/uploads\/2025\/03\/Abans-Despres-Vinyes4-AMATZONIA-ESP-1024x768.jpg\" alt=\"\" width=\"1589\" height=\"1192\" srcset=\"https:\/\/www.amatimmobiliaris.com\/w\/wp-content\/uploads\/2025\/03\/Abans-Despres-Vinyes4-AMATZONIA-ESP-1024x768.jpg 1024w, https:\/\/www.amatimmobiliaris.com\/w\/wp-content\/uploads\/2025\/03\/Abans-Despres-Vinyes4-AMATZONIA-ESP-300x225.jpg 300w, https:\/\/www.amatimmobiliaris.com\/w\/wp-content\/uploads\/2025\/03\/Abans-Despres-Vinyes4-AMATZONIA-ESP-768x576.jpg 768w, https:\/\/www.amatimmobiliaris.com\/w\/wp-content\/uploads\/2025\/03\/Abans-Despres-Vinyes4-AMATZONIA-ESP-1536x1152.jpg 1536w, https:\/\/www.amatimmobiliaris.com\/w\/wp-content\/uploads\/2025\/03\/Abans-Despres-Vinyes4-AMATZONIA-ESP.jpg 2000w\" sizes=\"(max-width: 1589px) 100vw, 1589px\" \/><\/p>\n<p data-start=\"3876\" data-end=\"4073\">En Amat, contamos con nuestro servicio de edificos eficientes (AmatZonia). Apostamos por un parque inmobiliario m\u00e1s eficiente y sostenible para todos. Somos conscientes de que la eficiencia de los edificios es un factor clave en el valor patrimonial de cualquier inmueble. Por eso, hemos dise\u00f1ado el servicio <a href=\"https:\/\/www.amatimmobiliaris.com\/w\/servicios\/amatzonia\/\"><strong>AmatZonia<\/strong><\/a>, un programa de asesoramiento espec\u00edfico dedicado a mejorar la eficiencia energ\u00e9tica de los edificios. La sostenibilidad no solo es una responsabilidad ambiental, sino tambi\u00e9n una inversi\u00f3n inteligente que puede aumentar el valor de tu propiedad.<\/p>\n<h4 data-start=\"4633\" data-end=\"4675\"><strong data-start=\"4637\" data-end=\"4673\">Construyamos un Futuro M\u00e1s Verde<\/strong><\/h4>\n<p class=\"\" data-start=\"4676\" data-end=\"4944\">El cambio clim\u00e1tico es un desaf\u00edo global, pero tambi\u00e9n es una oportunidad para crear un mundo mejor. Cada decisi\u00f3n cuenta, y en Amat Immobiliaris, estamos aqu\u00ed para ayudarte a tomar decisiones inmobiliarias que beneficien tanto a tu vida como al medio ambiente, porque en Amat, estamos siempre.<\/p>\n<p class=\"\" data-start=\"4946\" data-end=\"5213\">Hoy es el D\u00eda Mundial del Clima, pero cada d\u00eda es una nueva oportunidad para construir un futuro m\u00e1s sostenible. Si est\u00e1s interesado en conocer m\u00e1s sobre edificios eficientes para combatir el cambio clim\u00e1tico, propiedades eficientes, proyectos sostenibles o c\u00f3mo invertir de manera responsable, <strong data-start=\"5185\" data-end=\"5210\">cont\u00e1ctanos hoy mismo<\/strong>.<\/p>\n<p class=\"\" data-start=\"5215\" data-end=\"5251\"><strong data-start=\"5215\" data-end=\"5249\">\u00a1Hagamos la diferencia juntos!<\/strong><\/p>\n<h5><strong><a href=\"https:\/\/www.amatimmobiliaris.com\/es\/obra-nueva\/chalets-adosados\/barcelona\/ametlla-del-valles-l\/jardins-de-lametlla\" target=\"_blank\" rel=\"noopener nofollow\" class=\"broken_link\">1. Ref. 50351-Jardins de l&#8217;Ametlla \u00b7 Ametlla del Vall\u00e9s<\/a><\/strong><\/h5>\n<table style=\"border: 0px solid #da291c; position: relative;\" width=\"100%\">\n<tbody>\n<tr>\n<td colspan=\"3\"><img loading=\"lazy\" decoding=\"async\" class=\"aligncenter\" src=\"https:\/\/www.amatimmobiliaris.com\/assets\/image\/promotion\/50351\/large_50351_1.jpg\" width=\"1458\" height=\"1094\" \/><\/td>\n<\/tr>\n<tr style=\"position: absolute; background-color: rgba(255, 255, 255, 0.4); bottom: 0; right: 0; padding-bottom: 5px; text-align: right;\">\n<td style=\"border: 0px solid white; padding-left: 15px; padding-right: 15px;\"><strong>Ametlla del Vall\u00e9s<\/strong><\/td>\n<td style=\"border: 0px solid white padding-left: 15px; padding-right: 15px;\"><strong>?\ufe0fDesde 419.500 \u20ac<\/strong><\/td>\n<td style=\"background-color: white; color: white; border: 2px solid white; padding-left: 15px; padding-right: 15px;\"><a href=\"https:\/\/www.amatimmobiliaris.com\/es\/obra-nueva\/chalets-adosados\/barcelona\/ametlla-del-valles-l\/jardins-de-lametlla\" target=\"_blank\" rel=\"noopener nofollow\" class=\"broken_link\"><strong>M\u00e1s informaci\u00f3n<\/strong><\/a><\/td>\n<\/tr>\n<\/tbody>\n<\/table>\n<p>&nbsp;<\/p>\n<h5><strong><a href=\"https:\/\/www.amatimmobiliaris.com\/es\/obra-nueva\/pisos\/barcelona\/sant-just-desvern\/can-melich\/els-garrofers\" target=\"_blank\" rel=\"noopener nofollow\" class=\"broken_link\">2. Ref. 50349 &#8211; Els Garrofers \u00b7 Sant Just Desvern<\/a><\/strong><\/h5>\n<table style=\"border: 0px solid #da291c; position: relative;\" width=\"100%\">\n<tbody>\n<tr>\n<td colspan=\"3\"><img loading=\"lazy\" decoding=\"async\" class=\"aligncenter\" src=\"https:\/\/www.amatimmobiliaris.com\/assets\/image\/promotion\/50349\/large_50349_1.jpg\" width=\"1461\" height=\"1088\" \/><\/td>\n<\/tr>\n<tr style=\"position: absolute; background-color: rgba(255, 255, 255, 0.4); bottom: 0; right: 0; padding-bottom: 5px; text-align: right;\">\n<td style=\"border: 0px solid white; padding-left: 15px; padding-right: 15px;\"><strong>?Sant Just Desvern<\/strong><\/td>\n<td style=\"border: 0px solid white padding-left: 15px; padding-right: 15px;\"><strong>?\ufe0f Desde 1.050.000 \u20ac<\/strong><\/td>\n<td style=\"background-color: white; color: white; border: 2px solid white; padding-left: 15px; padding-right: 15px;\"><a href=\"https:\/\/www.amatimmobiliaris.com\/es\/obra-nueva\/pisos\/barcelona\/sant-just-desvern\/can-melich\/els-garrofers\" target=\"_blank\" rel=\"noopener nofollow\" class=\"broken_link\"><strong>M\u00e1s informaci\u00f3n<\/strong><\/a><\/td>\n<\/tr>\n<\/tbody>\n<\/table>\n<p>&nbsp;<\/p>\n<h5><\/h5>\n<h5><strong><a href=\"https:\/\/www.amatimmobiliaris.com\/es\/obra-nueva\/pisos\/barcelona\/tiana\/jardins-de-can-matas\" target=\"_blank\" rel=\"noopener nofollow\" class=\"broken_link\">3. Ref. 50336 &#8211; Jardins de Can Matas \u00b7 Tiana<\/a><\/strong><\/h5>\n<table style=\"border: 0px solid #da291c; position: relative;\" width=\"100%\">\n<tbody>\n<tr>\n<td colspan=\"3\"><img loading=\"lazy\" decoding=\"async\" class=\"aligncenter\" src=\"https:\/\/www.amatimmobiliaris.com\/assets\/image\/promotion\/50336\/large_50336_1.jpg\" width=\"1497\" height=\"997\" \/><\/td>\n<\/tr>\n<tr style=\"position: absolute; background-color: rgba(255, 255, 255, 0.4); bottom: 0; right: 0; padding-bottom: 5px; text-align: right;\">\n<td style=\"border: 0px solid white; padding-left: 15px; padding-right: 15px;\"><strong>? Tiana<\/strong><\/td>\n<td style=\"border: 0px solid white padding-left: 15px; padding-right: 15px;\"><strong>?\ufe0f Des de 450.000 \u20ac<\/strong><\/td>\n<td style=\"background-color: white; color: white; border: 2px solid white; padding-left: 15px; padding-right: 15px;\"><a href=\"https:\/\/www.amatimmobiliaris.com\/es\/obra-nueva\/pisos\/barcelona\/tiana\/jardins-de-can-matas\" target=\"_blank\" rel=\"noopener nofollow\" class=\"broken_link\"><strong>M\u00e1s informaci\u00f3n<\/strong><\/a><\/td>\n<\/tr>\n<\/tbody>\n<\/table>\n<p>&nbsp;<\/p>\n<h5><strong><b>\u00bfQu\u00e9 te han parecido estos consejos sobre sostenibilidad para tu hogar?<\/b><\/strong><\/h5>\n<p>&nbsp;<\/p>\n<p style=\"text-align: justify;\">Para cualquier duda, o si deseas m\u00e1s informaci\u00f3n, puedes contactar con nosotros a trav\u00e9s de <span style=\"color: #0000ff;\"><a style=\"color: #0000ff;\" href=\"mailto:info@amatimmo.cat\">info@amatimmo.cat<\/a><\/span> o llamarnos al (+34) 934 803 400.<\/p>\n<p>&nbsp;<\/p>\n<p style=\"text-align: justify;\">Si ninguno de estos inmuebles te ha convencido, puedes ver m\u00e1s <a href=\"https:\/\/www.amatimmobiliaris.com\/ca\/immobles-en-venda\" target=\"_blank\" rel=\"noopener\">aqu\u00ed<\/a>!<\/p>\n<p>&nbsp;<\/p>\n<p style=\"text-align: justify;\"><em><strong>Si est\u00e1s pensando en rehabilitar la comunidad, estaremos encantados de asesorarte desde Amatzonia: Edificios eficientes.<\/strong><\/em><\/p>\n<h5><strong>\u00bfTe ha gustado el art\u00edculo? <b>\u00a1Comp\u00e1rtelo!<\/b><\/strong><\/h5>\n<p><a href=\"https:\/\/www.facebook.com\/sharer\/sharer.php?u=https%3A%2F%2Fwww.amatimmobiliaris.com%2Fw%2Fca%2F2024%2F02%2Fhabitatges-que-enamoren%2F\" class=\"broken_link\" rel=\"nofollow\"><img loading=\"lazy\" decoding=\"async\" class=\"alignnone wp-image-19024 size-full\" src=\"https:\/\/www.amatimmobiliaris.com\/w\/wp-content\/uploads\/2021\/11\/fb.png\" alt=\"\" width=\"12\" height=\"24\" \/><\/a><a href=\"https:\/\/www.linkedin.com\/sharing\/share-offsite\/?url=https%3A%2F%2Fwww.amatimmobiliaris.com%2Fw%2Fca%2F2024%2F02%2Fhabitatges-que-enamoren%2F\"><img loading=\"lazy\" decoding=\"async\" class=\"alignnone wp-image-19028 size-full\" src=\"https:\/\/www.amatimmobiliaris.com\/w\/wp-content\/uploads\/2021\/11\/linkedin.png\" alt=\"\" width=\"25\" height=\"25\" \/><\/a><\/p>\n","protected":false},"excerpt":{"rendered":"<p>Edificios eficientes: la clave para combatir el cambio clim\u00e1tico. &nbsp; El D\u00eda Mundial del Clima nos invita a reflexionar sobre la importancia de cuidar nuestro planeta y c\u00f3mo nuestras acciones diarias afectan al medio ambiente. En un mundo donde los efectos del cambio clim\u00e1tico son cada vez m\u00e1s evidentes, la sostenibilidad se ha convertido en [&hellip;]<\/p>\n","protected":false},"author":4,"featured_media":38734,"comment_status":"closed","ping_status":"closed","sticky":false,"template":"","format":"standard","meta":{"content-type":"","footnotes":""},"categories":[1622,879,871,1166,1634,866],"tags":[1678,942,2063,2104,1260],"yoast_head":"<!-- This site is optimized with the Yoast SEO plugin v23.9 - https:\/\/yoast.com\/wordpress\/plugins\/seo\/ -->\n<title>Construyendo un Futuro Sostenible: El Impacto del Clima en el Sector Inmobiliario | Amat Immobiliaris<\/title>\n<meta name=\"description\" content=\"Descubre c\u00f3mo los edificios eficientes y las inversiones sostenibles pueden combatir el cambio clim\u00e1tico. Aprende c\u00f3mo Amat promueve un futuro m\u00e1s verde.\" \/>\n<meta name=\"robots\" content=\"index, follow, max-snippet:-1, max-image-preview:large, max-video-preview:-1\" \/>\n<link rel=\"canonical\" href=\"https:\/\/www.amatimmobiliaris.com\/w\/2024\/02\/edificios-eficientes-cambio-climatico\" \/>\n<meta property=\"og:locale\" content=\"es_ES\" \/>\n<meta property=\"og:type\" content=\"article\" \/>\n<meta property=\"og:title\" content=\"Construyendo un Futuro Sostenible: El Impacto del Clima en el Sector Inmobiliario | Amat Immobiliaris\" \/>\n<meta property=\"og:description\" content=\"Descubre c\u00f3mo los edificios eficientes y las inversiones sostenibles pueden combatir el cambio clim\u00e1tico. Aprende c\u00f3mo Amat promueve un futuro m\u00e1s verde.\" \/>\n<meta property=\"og:url\" content=\"https:\/\/www.amatimmobiliaris.com\/w\/2024\/02\/edificios-eficientes-cambio-climatico\" \/>\n<meta property=\"og:site_name\" content=\"Amat Immobiliaris\" \/>\n<meta property=\"article:publisher\" content=\"https:\/\/www.facebook.com\/amatimmobiliaris\" \/>\n<meta property=\"article:published_time\" content=\"2025-03-27T15:56:11+00:00\" \/>\n<meta property=\"og:image\" content=\"https:\/\/www.amatimmobiliaris.com\/w\/wp-content\/uploads\/2025\/03\/AMATZONIA.jpg\" \/>\n\t<meta property=\"og:image:width\" content=\"2000\" \/>\n\t<meta property=\"og:image:height\" content=\"1500\" \/>\n\t<meta property=\"og:image:type\" content=\"image\/jpeg\" \/>\n<meta name=\"author\" content=\"Marina Payan\" \/>\n<meta name=\"twitter:card\" content=\"summary_large_image\" \/>\n<meta name=\"twitter:title\" content=\"5 salones impresionantes\" \/>\n<meta name=\"twitter:description\" content=\"Casas y pisos con #comedores impresionados a la #venta @amat_immo\" \/>\n<meta name=\"twitter:creator\" content=\"@amat_cat\" \/>\n<meta name=\"twitter:site\" content=\"@amat_cat\" \/>\n<meta name=\"twitter:label1\" content=\"Escrito por\" \/>\n\t<meta name=\"twitter:data1\" content=\"Marina Payan\" \/>\n\t<meta name=\"twitter:label2\" content=\"Tiempo de lectura\" \/>\n\t<meta name=\"twitter:data2\" content=\"5 minutos\" \/>\n<script type=\"application\/ld+json\" class=\"yoast-schema-graph\">{\"@context\":\"https:\/\/schema.org\",\"@graph\":[{\"@type\":\"Article\",\"@id\":\"https:\/\/www.amatimmobiliaris.com\/w\/2024\/02\/edificios-eficientes-cambio-climatico#article\",\"isPartOf\":{\"@id\":\"https:\/\/www.amatimmobiliaris.com\/w\/2025\/03\/edificios-eficientes-cambio-climatico\/\"},\"author\":{\"name\":\"Marina Payan\",\"@id\":\"https:\/\/www.amatimmobiliaris.com\/w\/#\/schema\/person\/d62b55fd12a2bc4550743759f52bdc8f\"},\"headline\":\"Construyendo un Futuro Sostenible: El Impacto del Clima en el Sector Inmobiliario\",\"datePublished\":\"2025-03-27T15:56:11+00:00\",\"dateModified\":\"2025-03-27T15:56:11+00:00\",\"mainEntityOfPage\":{\"@id\":\"https:\/\/www.amatimmobiliaris.com\/w\/2025\/03\/edificios-eficientes-cambio-climatico\/\"},\"wordCount\":859,\"publisher\":{\"@id\":\"https:\/\/www.amatimmobiliaris.com\/w\/#organization\"},\"image\":{\"@id\":\"https:\/\/www.amatimmobiliaris.com\/w\/2024\/02\/edificios-eficientes-cambio-climatico#primaryimage\"},\"thumbnailUrl\":\"https:\/\/www.amatimmobiliaris.com\/w\/wp-content\/uploads\/2025\/03\/AMATZONIA.jpg\",\"keywords\":[\"Casa\",\"Inmobiliaria\",\"pisos\",\"sant valentin\",\"Vivienda\"],\"articleSection\":[\"Actualidad\",\"Arquitectura y decoraci\u00f3n\",\"Consejos\",\"Eficiencia energ\u00e9tica\",\"Mensual\",\"Pisos destacados\"],\"inLanguage\":\"es\"},{\"@type\":\"WebPage\",\"@id\":\"https:\/\/www.amatimmobiliaris.com\/w\/2025\/03\/edificios-eficientes-cambio-climatico\/\",\"url\":\"https:\/\/www.amatimmobiliaris.com\/w\/2024\/02\/edificios-eficientes-cambio-climatico\",\"name\":\"Construyendo un Futuro Sostenible: El Impacto del Clima en el Sector Inmobiliario | Amat Immobiliaris\",\"isPartOf\":{\"@id\":\"https:\/\/www.amatimmobiliaris.com\/w\/#website\"},\"primaryImageOfPage\":{\"@id\":\"https:\/\/www.amatimmobiliaris.com\/w\/2024\/02\/edificios-eficientes-cambio-climatico#primaryimage\"},\"image\":{\"@id\":\"https:\/\/www.amatimmobiliaris.com\/w\/2024\/02\/edificios-eficientes-cambio-climatico#primaryimage\"},\"thumbnailUrl\":\"https:\/\/www.amatimmobiliaris.com\/w\/wp-content\/uploads\/2025\/03\/AMATZONIA.jpg\",\"datePublished\":\"2025-03-27T15:56:11+00:00\",\"dateModified\":\"2025-03-27T15:56:11+00:00\",\"description\":\"Descubre c\u00f3mo los edificios eficientes y las inversiones sostenibles pueden combatir el cambio clim\u00e1tico. Aprende c\u00f3mo Amat promueve un futuro m\u00e1s verde.\",\"breadcrumb\":{\"@id\":\"https:\/\/www.amatimmobiliaris.com\/w\/2024\/02\/edificios-eficientes-cambio-climatico#breadcrumb\"},\"inLanguage\":\"es\",\"potentialAction\":[{\"@type\":\"ReadAction\",\"target\":[\"https:\/\/www.amatimmobiliaris.com\/w\/2024\/02\/edificios-eficientes-cambio-climatico\"]}]},{\"@type\":\"ImageObject\",\"inLanguage\":\"es\",\"@id\":\"https:\/\/www.amatimmobiliaris.com\/w\/2024\/02\/edificios-eficientes-cambio-climatico#primaryimage\",\"url\":\"https:\/\/www.amatimmobiliaris.com\/w\/wp-content\/uploads\/2025\/03\/AMATZONIA.jpg\",\"contentUrl\":\"https:\/\/www.amatimmobiliaris.com\/w\/wp-content\/uploads\/2025\/03\/AMATZONIA.jpg\",\"width\":2000,\"height\":1500,\"caption\":\"Edificios eficientes y sostenibles\"},{\"@type\":\"BreadcrumbList\",\"@id\":\"https:\/\/www.amatimmobiliaris.com\/w\/2024\/02\/edificios-eficientes-cambio-climatico#breadcrumb\",\"itemListElement\":[{\"@type\":\"ListItem\",\"position\":1,\"name\":\"Home\",\"item\":\"https:\/\/www.amatimmobiliaris.com\/w\/\"},{\"@type\":\"ListItem\",\"position\":2,\"name\":\"Pisos destacados\",\"item\":\"https:\/\/www.amatimmobiliaris.com\/w\/category\/pisos-destacados\/\"},{\"@type\":\"ListItem\",\"position\":3,\"name\":\"Construyendo un Futuro Sostenible: El Impacto del Clima en el Sector Inmobiliario\"}]},{\"@type\":\"WebSite\",\"@id\":\"https:\/\/www.amatimmobiliaris.com\/w\/#website\",\"url\":\"https:\/\/www.amatimmobiliaris.com\/w\/\",\"name\":\"Amat Immobiliaris\",\"description\":\"Empresa familiar del sector inmobiliario con oficinas en Barcelona, Sant Cugat del Vall\u00e9s y Sant Just Desvern. Te ayudamos a comprar, alquilar o vender tu casa o piso. Somos un equipo coherente con una cultura de empresa honesta, innovadora y eficaz. Tambi\u00e9n en www.amatluxury.com\",\"publisher\":{\"@id\":\"https:\/\/www.amatimmobiliaris.com\/w\/#organization\"},\"alternateName\":\"AmatImmo\",\"potentialAction\":[{\"@type\":\"SearchAction\",\"target\":{\"@type\":\"EntryPoint\",\"urlTemplate\":\"https:\/\/www.amatimmobiliaris.com\/w\/?s={search_term_string}\"},\"query-input\":{\"@type\":\"PropertyValueSpecification\",\"valueRequired\":true,\"valueName\":\"search_term_string\"}}],\"inLanguage\":\"es\"},{\"@type\":\"Organization\",\"@id\":\"https:\/\/www.amatimmobiliaris.com\/w\/#organization\",\"name\":\"Amat Immobiliaris\",\"url\":\"https:\/\/www.amatimmobiliaris.com\/w\/\",\"logo\":{\"@type\":\"ImageObject\",\"inLanguage\":\"es\",\"@id\":\"https:\/\/www.amatimmobiliaris.com\/w\/#\/schema\/logo\/image\/\",\"url\":\"https:\/\/www.amatimmobiliaris.com\/w\/wp-content\/uploads\/2022\/10\/amat-logo.jpg\",\"contentUrl\":\"https:\/\/www.amatimmobiliaris.com\/w\/wp-content\/uploads\/2022\/10\/amat-logo.jpg\",\"width\":900,\"height\":900,\"caption\":\"Amat Immobiliaris\"},\"image\":{\"@id\":\"https:\/\/www.amatimmobiliaris.com\/w\/#\/schema\/logo\/image\/\"},\"sameAs\":[\"https:\/\/www.facebook.com\/amatimmobiliaris\",\"https:\/\/x.com\/amat_cat\",\"https:\/\/www.instagram.com\/amat_immo\/\",\"https:\/\/www.linkedin.com\/company\/amat-finques\/\",\"https:\/\/www.youtube.com\/@amatimmobiliaris\"]},{\"@type\":\"Person\",\"@id\":\"https:\/\/www.amatimmobiliaris.com\/w\/#\/schema\/person\/d62b55fd12a2bc4550743759f52bdc8f\",\"name\":\"Marina Payan\"}]}<\/script>\n<!-- \/ Yoast SEO plugin. -->","yoast_head_json":{"title":"Construyendo un Futuro Sostenible: El Impacto del Clima en el Sector Inmobiliario | Amat Immobiliaris","description":"Descubre c\u00f3mo los edificios eficientes y las inversiones sostenibles pueden combatir el cambio clim\u00e1tico. Aprende c\u00f3mo Amat promueve un futuro m\u00e1s verde.","robots":{"index":"index","follow":"follow","max-snippet":"max-snippet:-1","max-image-preview":"max-image-preview:large","max-video-preview":"max-video-preview:-1"},"canonical":"https:\/\/www.amatimmobiliaris.com\/w\/2024\/02\/edificios-eficientes-cambio-climatico","og_locale":"es_ES","og_type":"article","og_title":"Construyendo un Futuro Sostenible: El Impacto del Clima en el Sector Inmobiliario | Amat Immobiliaris","og_description":"Descubre c\u00f3mo los edificios eficientes y las inversiones sostenibles pueden combatir el cambio clim\u00e1tico. Aprende c\u00f3mo Amat promueve un futuro m\u00e1s verde.","og_url":"https:\/\/www.amatimmobiliaris.com\/w\/2024\/02\/edificios-eficientes-cambio-climatico","og_site_name":"Amat Immobiliaris","article_publisher":"https:\/\/www.facebook.com\/amatimmobiliaris","article_published_time":"2025-03-27T15:56:11+00:00","og_image":[{"width":2000,"height":1500,"url":"https:\/\/www.amatimmobiliaris.com\/w\/wp-content\/uploads\/2025\/03\/AMATZONIA.jpg","type":"image\/jpeg"}],"author":"Marina Payan","twitter_card":"summary_large_image","twitter_title":"5 salones impresionantes","twitter_description":"Casas y pisos con #comedores impresionados a la #venta @amat_immo","twitter_creator":"@amat_cat","twitter_site":"@amat_cat","twitter_misc":{"Escrito por":"Marina Payan","Tiempo de lectura":"5 minutos"},"schema":{"@context":"https:\/\/schema.org","@graph":[{"@type":"Article","@id":"https:\/\/www.amatimmobiliaris.com\/w\/2024\/02\/edificios-eficientes-cambio-climatico#article","isPartOf":{"@id":"https:\/\/www.amatimmobiliaris.com\/w\/2025\/03\/edificios-eficientes-cambio-climatico\/"},"author":{"name":"Marina Payan","@id":"https:\/\/www.amatimmobiliaris.com\/w\/#\/schema\/person\/d62b55fd12a2bc4550743759f52bdc8f"},"headline":"Construyendo un Futuro Sostenible: El Impacto del Clima en el Sector Inmobiliario","datePublished":"2025-03-27T15:56:11+00:00","dateModified":"2025-03-27T15:56:11+00:00","mainEntityOfPage":{"@id":"https:\/\/www.amatimmobiliaris.com\/w\/2025\/03\/edificios-eficientes-cambio-climatico\/"},"wordCount":859,"publisher":{"@id":"https:\/\/www.amatimmobiliaris.com\/w\/#organization"},"image":{"@id":"https:\/\/www.amatimmobiliaris.com\/w\/2024\/02\/edificios-eficientes-cambio-climatico#primaryimage"},"thumbnailUrl":"https:\/\/www.amatimmobiliaris.com\/w\/wp-content\/uploads\/2025\/03\/AMATZONIA.jpg","keywords":["Casa","Inmobiliaria","pisos","sant valentin","Vivienda"],"articleSection":["Actualidad","Arquitectura y decoraci\u00f3n","Consejos","Eficiencia energ\u00e9tica","Mensual","Pisos destacados"],"inLanguage":"es"},{"@type":"WebPage","@id":"https:\/\/www.amatimmobiliaris.com\/w\/2025\/03\/edificios-eficientes-cambio-climatico\/","url":"https:\/\/www.amatimmobiliaris.com\/w\/2024\/02\/edificios-eficientes-cambio-climatico","name":"Construyendo un Futuro Sostenible: El Impacto del Clima en el Sector Inmobiliario | Amat Immobiliaris","isPartOf":{"@id":"https:\/\/www.amatimmobiliaris.com\/w\/#website"},"primaryImageOfPage":{"@id":"https:\/\/www.amatimmobiliaris.com\/w\/2024\/02\/edificios-eficientes-cambio-climatico#primaryimage"},"image":{"@id":"https:\/\/www.amatimmobiliaris.com\/w\/2024\/02\/edificios-eficientes-cambio-climatico#primaryimage"},"thumbnailUrl":"https:\/\/www.amatimmobiliaris.com\/w\/wp-content\/uploads\/2025\/03\/AMATZONIA.jpg","datePublished":"2025-03-27T15:56:11+00:00","dateModified":"2025-03-27T15:56:11+00:00","description":"Descubre c\u00f3mo los edificios eficientes y las inversiones sostenibles pueden combatir el cambio clim\u00e1tico. Aprende c\u00f3mo Amat promueve un futuro m\u00e1s verde.","breadcrumb":{"@id":"https:\/\/www.amatimmobiliaris.com\/w\/2024\/02\/edificios-eficientes-cambio-climatico#breadcrumb"},"inLanguage":"es","potentialAction":[{"@type":"ReadAction","target":["https:\/\/www.amatimmobiliaris.com\/w\/2024\/02\/edificios-eficientes-cambio-climatico"]}]},{"@type":"ImageObject","inLanguage":"es","@id":"https:\/\/www.amatimmobiliaris.com\/w\/2024\/02\/edificios-eficientes-cambio-climatico#primaryimage","url":"https:\/\/www.amatimmobiliaris.com\/w\/wp-content\/uploads\/2025\/03\/AMATZONIA.jpg","contentUrl":"https:\/\/www.amatimmobiliaris.com\/w\/wp-content\/uploads\/2025\/03\/AMATZONIA.jpg","width":2000,"height":1500,"caption":"Edificios eficientes y sostenibles"},{"@type":"BreadcrumbList","@id":"https:\/\/www.amatimmobiliaris.com\/w\/2024\/02\/edificios-eficientes-cambio-climatico#breadcrumb","itemListElement":[{"@type":"ListItem","position":1,"name":"Home","item":"https:\/\/www.amatimmobiliaris.com\/w\/"},{"@type":"ListItem","position":2,"name":"Pisos destacados","item":"https:\/\/www.amatimmobiliaris.com\/w\/category\/pisos-destacados\/"},{"@type":"ListItem","position":3,"name":"Construyendo un Futuro Sostenible: El Impacto del Clima en el Sector Inmobiliario"}]},{"@type":"WebSite","@id":"https:\/\/www.amatimmobiliaris.com\/w\/#website","url":"https:\/\/www.amatimmobiliaris.com\/w\/","name":"Amat Immobiliaris","description":"Empresa familiar del sector inmobiliario con oficinas en Barcelona, Sant Cugat del Vall\u00e9s y Sant Just Desvern. Te ayudamos a comprar, alquilar o vender tu casa o piso. Somos un equipo coherente con una cultura de empresa honesta, innovadora y eficaz. Tambi\u00e9n en www.amatluxury.com","publisher":{"@id":"https:\/\/www.amatimmobiliaris.com\/w\/#organization"},"alternateName":"AmatImmo","potentialAction":[{"@type":"SearchAction","target":{"@type":"EntryPoint","urlTemplate":"https:\/\/www.amatimmobiliaris.com\/w\/?s={search_term_string}"},"query-input":{"@type":"PropertyValueSpecification","valueRequired":true,"valueName":"search_term_string"}}],"inLanguage":"es"},{"@type":"Organization","@id":"https:\/\/www.amatimmobiliaris.com\/w\/#organization","name":"Amat Immobiliaris","url":"https:\/\/www.amatimmobiliaris.com\/w\/","logo":{"@type":"ImageObject","inLanguage":"es","@id":"https:\/\/www.amatimmobiliaris.com\/w\/#\/schema\/logo\/image\/","url":"https:\/\/www.amatimmobiliaris.com\/w\/wp-content\/uploads\/2022\/10\/amat-logo.jpg","contentUrl":"https:\/\/www.amatimmobiliaris.com\/w\/wp-content\/uploads\/2022\/10\/amat-logo.jpg","width":900,"height":900,"caption":"Amat Immobiliaris"},"image":{"@id":"https:\/\/www.amatimmobiliaris.com\/w\/#\/schema\/logo\/image\/"},"sameAs":["https:\/\/www.facebook.com\/amatimmobiliaris","https:\/\/x.com\/amat_cat","https:\/\/www.instagram.com\/amat_immo\/","https:\/\/www.linkedin.com\/company\/amat-finques\/","https:\/\/www.youtube.com\/@amatimmobiliaris"]},{"@type":"Person","@id":"https:\/\/www.amatimmobiliaris.com\/w\/#\/schema\/person\/d62b55fd12a2bc4550743759f52bdc8f","name":"Marina Payan"}]}},"_links":{"self":[{"href":"https:\/\/www.amatimmobiliaris.com\/w\/wp-json\/wp\/v2\/posts\/38698"}],"collection":[{"href":"https:\/\/www.amatimmobiliaris.com\/w\/wp-json\/wp\/v2\/posts"}],"about":[{"href":"https:\/\/www.amatimmobiliaris.com\/w\/wp-json\/wp\/v2\/types\/post"}],"author":[{"embeddable":true,"href":"https:\/\/www.amatimmobiliaris.com\/w\/wp-json\/wp\/v2\/users\/4"}],"replies":[{"embeddable":true,"href":"https:\/\/www.amatimmobiliaris.com\/w\/wp-json\/wp\/v2\/comments?post=38698"}],"version-history":[{"count":5,"href":"https:\/\/www.amatimmobiliaris.com\/w\/wp-json\/wp\/v2\/posts\/38698\/revisions"}],"predecessor-version":[{"id":38869,"href":"https:\/\/www.amatimmobiliaris.com\/w\/wp-json\/wp\/v2\/posts\/38698\/revisions\/38869"}],"wp:featuredmedia":[{"embeddable":true,"href":"https:\/\/www.amatimmobiliaris.com\/w\/wp-json\/wp\/v2\/media\/38734"}],"wp:attachment":[{"href":"https:\/\/www.amatimmobiliaris.com\/w\/wp-json\/wp\/v2\/media?parent=38698"}],"wp:term":[{"taxonomy":"category","embeddable":true,"href":"https:\/\/www.amatimmobiliaris.com\/w\/wp-json\/wp\/v2\/categories?post=38698"},{"taxonomy":"post_tag","embeddable":true,"href":"https:\/\/www.amatimmobiliaris.com\/w\/wp-json\/wp\/v2\/tags?post=38698"}],"curies":[{"name":"wp","href":"https:\/\/api.w.org\/{rel}","templated":true}]}}