{"id":37383,"date":"2024-12-20T11:24:36","date_gmt":"2024-12-20T11:24:36","guid":{"rendered":"https:\/\/www.amatimmobiliaris.com\/w\/?p=37383"},"modified":"2024-12-20T11:25:16","modified_gmt":"2024-12-20T11:25:16","slug":"felices-fiestas-y-feliz-ano-2025","status":"publish","type":"post","link":"https:\/\/www.amatimmobiliaris.com\/w\/2024\/12\/felices-fiestas-y-feliz-ano-2025\/","title":{"rendered":"Felices Fiestas y Feliz A\u00f1o 2025"},"content":{"rendered":"<h2>\u00a1El equipo Amat les desea Felices Fiestas y un Feliz A\u00f1o 2025!<\/h2>\n<p><img loading=\"lazy\" decoding=\"async\" class=\"wp-image-37384\" src=\"https:\/\/www.amatimmobiliaris.com\/w\/wp-content\/uploads\/2024\/12\/NADAL-2024-2025-1024x561.jpg\" alt=\"FELIZ NAVIDAD 2025_Amat\" width=\"825\" height=\"452\" srcset=\"https:\/\/www.amatimmobiliaris.com\/w\/wp-content\/uploads\/2024\/12\/NADAL-2024-2025-1024x561.jpg 1024w, https:\/\/www.amatimmobiliaris.com\/w\/wp-content\/uploads\/2024\/12\/NADAL-2024-2025-300x164.jpg 300w, https:\/\/www.amatimmobiliaris.com\/w\/wp-content\/uploads\/2024\/12\/NADAL-2024-2025-768x421.jpg 768w, https:\/\/www.amatimmobiliaris.com\/w\/wp-content\/uploads\/2024\/12\/NADAL-2024-2025-1536x841.jpg 1536w, https:\/\/www.amatimmobiliaris.com\/w\/wp-content\/uploads\/2024\/12\/NADAL-2024-2025-2048x1122.jpg 2048w\" sizes=\"(max-width: 825px) 100vw, 825px\" \/><\/p>\n<p>&nbsp;<\/p>\n<h2>El calendario Amat<\/h2>\n<p style=\"text-align: justify;\">Como siempre, con la llegada de un nuevo a\u00f1o, hemos creado el <a href=\"https:\/\/issuu.com\/amatimmobiliaris\/docs\/1_calendari_2025_14x14_v5_issu?fr=xGAEoAT3_NTU1\" target=\"_blank\" rel=\"noopener\">CALENDARIO 2025<\/a> para todos nuestros clientes, proveedores y colaboradores, que muy pronto llegar\u00e1 a sus hogares.<\/p>\n<p>Este 2025, tenemos el placer de presentarles \u00ab<em>Las casas de los meses<\/em>\u00ab, un poemario creado exclusivamente para Amat, por el poeta <a href=\"https:\/\/www.instagram.com\/lordalorda\/?hl=es\" target=\"_blank\" rel=\"noopener\">Jaume C. Pons Alorda<\/a>.<\/p>\n<p>&nbsp;<\/p>\n<p style=\"text-align: center;\"><em>Tot \u00e9s infinit, res no t\u00e9 final:<br \/>\nquan tot fineix, el no-res reverbera<br \/>\ni en efecte tot torna a comen\u00e7ar.<\/em><\/p>\n<p>&nbsp;<\/p>\n<p><strong>\u00a1Esperamos que les guste tanto como a nosotros!<\/strong><br \/>\nAgradecemos a nuestros patrocinadores <a href=\"https:\/\/www.mutuadepropietarios.es\/\" target=\"_blank\" rel=\"noopener\">Mutua de Propietarios<\/a><strong>, <\/strong><a href=\"http:\/\/onwork.cat\/\" target=\"_blank\" rel=\"noopener\">Onwork<\/a><strong>, <\/strong><a href=\"https:\/\/www.aurialpadel.com\/\" target=\"_blank\" rel=\"noopener\">Aurial Padel<\/a><strong>, <\/strong><a href=\"https:\/\/www.tkelevator.com\/es-es\/\" target=\"_blank\" rel=\"noopener\">TK Elevator<\/a><strong>, <\/strong><a href=\"http:\/\/vanguardgrafic.com\/\" target=\"_blank\" rel=\"noopener\">Vanguard Gr\u00e0fic<\/a> que han ayudado a hacerlo posible.<\/p>\n<p><a href=\"https:\/\/issuu.com\/amatimmobiliaris\/docs\/1_calendari_2025_14x14_v5_issu\"><img loading=\"lazy\" decoding=\"async\" class=\"alignnone wp-image-37387 size-large\" src=\"https:\/\/www.amatimmobiliaris.com\/w\/wp-content\/uploads\/2024\/12\/Calendari-Amat-2025_mockup-cuadrado-1024x657.jpg\" alt=\"Calendario Amat 2025_mockup cuadrado\" width=\"800\" height=\"513\" srcset=\"https:\/\/www.amatimmobiliaris.com\/w\/wp-content\/uploads\/2024\/12\/Calendari-Amat-2025_mockup-cuadrado-1024x657.jpg 1024w, https:\/\/www.amatimmobiliaris.com\/w\/wp-content\/uploads\/2024\/12\/Calendari-Amat-2025_mockup-cuadrado-300x193.jpg 300w, https:\/\/www.amatimmobiliaris.com\/w\/wp-content\/uploads\/2024\/12\/Calendari-Amat-2025_mockup-cuadrado-768x493.jpg 768w, https:\/\/www.amatimmobiliaris.com\/w\/wp-content\/uploads\/2024\/12\/Calendari-Amat-2025_mockup-cuadrado.jpg 1170w\" sizes=\"(max-width: 800px) 100vw, 800px\" \/><\/a><\/p>\n<p><a href=\"https:\/\/twitter.com\/intent\/tweet?text=Calendario%20Amat%202024%0A%40amat_cat%0A&amp;url=https%3A%2F%2Fwww.amatimmobiliaris.com%2Fw%2Fca%2F2023%2F12%2Fbones-festes-i-bon-any-2024%2F\" target=\"_blank\" rel=\"noopener\"><img loading=\"lazy\" decoding=\"async\" class=\"alignnone wp-image-19030 size-full\" src=\"https:\/\/www.amatimmobiliaris.com\/w\/wp-content\/uploads\/2021\/11\/twitter.png\" alt=\"\" width=\"25\" height=\"20\" \/><\/a><a href=\"https:\/\/www.facebook.com\/sharer\/sharer.php?u=https%3A%2F%2Fwww.amatimmobiliaris.com%2Fw%2Fca%2F2023%2F12%2Fbones-festes-i-bon-any-2024%2F\" class=\"broken_link\" rel=\"nofollow\"><img loading=\"lazy\" decoding=\"async\" class=\"alignnone size-full wp-image-19024\" src=\"https:\/\/www.amatimmobiliaris.com\/w\/wp-content\/uploads\/2021\/11\/fb.png\" alt=\"\" width=\"12\" height=\"24\" \/><\/a><a href=\"https:\/\/www.linkedin.com\/sharing\/share-offsite\/?url=https%3A%2F%2Fwww.amatimmobiliaris.com%2Fw%2Fca%2F2023%2F12%2Fbones-festes-i-bon-any-2024%2F\"><img loading=\"lazy\" decoding=\"async\" class=\"alignnone size-full wp-image-19028\" src=\"https:\/\/www.amatimmobiliaris.com\/w\/wp-content\/uploads\/2021\/11\/linkedin.png\" alt=\"\" width=\"25\" height=\"25\" \/><\/a><\/p>\n<p style=\"text-align: justify;\">Hemos utilizado papel reciclado para crear el Calendario Amat 2025.<\/p>\n","protected":false},"excerpt":{"rendered":"<p>\u00a1El equipo Amat les desea Felices Fiestas y un Feliz A\u00f1o 2025! &nbsp; El calendario Amat Como siempre, con la llegada de un nuevo a\u00f1o, hemos creado el CALENDARIO 2025 para todos nuestros clientes, proveedores y colaboradores, que muy pronto llegar\u00e1 a sus hogares. Este 2025, tenemos el placer de presentarles \u00abLas casas de los [&hellip;]<\/p>\n","protected":false},"author":4,"featured_media":37386,"comment_status":"closed","ping_status":"closed","sticky":false,"template":"","format":"standard","meta":{"content-type":"","footnotes":""},"categories":[741,746],"tags":[2073,950,2074,2075,1676],"yoast_head":"<!-- This site is optimized with the Yoast SEO plugin v23.9 - https:\/\/yoast.com\/wordpress\/plugins\/seo\/ -->\n<title>Felices Fiestas y Feliz A\u00f1o 2025 | Amat Immobiliaris<\/title>\n<meta name=\"description\" content=\"Con la entrada de un nuevo a\u00f1o, hemos hecho un calendario para todos nuestros clientes, proveedores y colaboradores. \u00a1Feliz A\u00f1o 2025!\" \/>\n<meta name=\"robots\" content=\"index, follow, max-snippet:-1, max-image-preview:large, max-video-preview:-1\" \/>\n<link rel=\"canonical\" href=\"https:\/\/www.amatimmobiliaris.com\/w\/2024\/12\/felices-fiestas-y-feliz-ano-2025\/\" \/>\n<meta property=\"og:locale\" content=\"es_ES\" \/>\n<meta property=\"og:type\" content=\"article\" \/>\n<meta property=\"og:title\" content=\"Felices Fiestas y Feliz A\u00f1o 2025 | Amat Immobiliaris\" \/>\n<meta property=\"og:description\" content=\"Con la entrada de un nuevo a\u00f1o, hemos hecho un calendario para todos nuestros clientes, proveedores y colaboradores. \u00a1Feliz A\u00f1o 2025!\" \/>\n<meta property=\"og:url\" content=\"https:\/\/www.amatimmobiliaris.com\/w\/2024\/12\/felices-fiestas-y-feliz-ano-2025\/\" \/>\n<meta property=\"og:site_name\" content=\"Amat Immobiliaris\" \/>\n<meta property=\"article:publisher\" content=\"https:\/\/www.facebook.com\/amatimmobiliaris\" \/>\n<meta property=\"article:published_time\" content=\"2024-12-20T11:24:36+00:00\" \/>\n<meta property=\"article:modified_time\" content=\"2024-12-20T11:25:16+00:00\" \/>\n<meta property=\"og:image\" content=\"https:\/\/www.amatimmobiliaris.com\/w\/wp-content\/uploads\/2024\/12\/NADAL-2024-2025-scaled.jpg\" \/>\n\t<meta property=\"og:image:width\" content=\"2560\" \/>\n\t<meta property=\"og:image:height\" content=\"1402\" \/>\n\t<meta property=\"og:image:type\" content=\"image\/jpeg\" \/>\n<meta name=\"author\" content=\"Marina Payan\" \/>\n<meta name=\"twitter:card\" content=\"summary_large_image\" \/>\n<meta name=\"twitter:creator\" content=\"@amat_cat\" \/>\n<meta name=\"twitter:site\" content=\"@amat_cat\" \/>\n<meta name=\"twitter:label1\" content=\"Escrito por\" \/>\n\t<meta name=\"twitter:data1\" content=\"Marina Payan\" \/>\n\t<meta name=\"twitter:label2\" content=\"Tiempo de lectura\" \/>\n\t<meta name=\"twitter:data2\" content=\"2 minutos\" \/>\n<script type=\"application\/ld+json\" class=\"yoast-schema-graph\">{\"@context\":\"https:\/\/schema.org\",\"@graph\":[{\"@type\":\"Article\",\"@id\":\"https:\/\/www.amatimmobiliaris.com\/w\/2024\/12\/felices-fiestas-y-feliz-ano-2025\/#article\",\"isPartOf\":{\"@id\":\"https:\/\/www.amatimmobiliaris.com\/w\/2024\/12\/felices-fiestas-y-feliz-ano-2025\/\"},\"author\":{\"name\":\"Marina Payan\",\"@id\":\"https:\/\/www.amatimmobiliaris.com\/w\/#\/schema\/person\/d62b55fd12a2bc4550743759f52bdc8f\"},\"headline\":\"Felices Fiestas y Feliz A\u00f1o 2025\",\"datePublished\":\"2024-12-20T11:24:36+00:00\",\"dateModified\":\"2024-12-20T11:25:16+00:00\",\"mainEntityOfPage\":{\"@id\":\"https:\/\/www.amatimmobiliaris.com\/w\/2024\/12\/felices-fiestas-y-feliz-ano-2025\/\"},\"wordCount\":135,\"publisher\":{\"@id\":\"https:\/\/www.amatimmobiliaris.com\/w\/#organization\"},\"image\":{\"@id\":\"https:\/\/www.amatimmobiliaris.com\/w\/2024\/12\/felices-fiestas-y-feliz-ano-2025\/#primaryimage\"},\"thumbnailUrl\":\"https:\/\/www.amatimmobiliaris.com\/w\/wp-content\/uploads\/2024\/12\/NADAL-2024-2025-scaled.jpg\",\"keywords\":[\"Amat\",\"Calendario\",\"Felices Fiestas\",\"Feliz A\u00f1o\",\"Navidad\"],\"articleSection\":[\"El mundo Amat\",\"Reflexiones\"],\"inLanguage\":\"es\"},{\"@type\":\"WebPage\",\"@id\":\"https:\/\/www.amatimmobiliaris.com\/w\/2024\/12\/felices-fiestas-y-feliz-ano-2025\/\",\"url\":\"https:\/\/www.amatimmobiliaris.com\/w\/2024\/12\/felices-fiestas-y-feliz-ano-2025\/\",\"name\":\"Felices Fiestas y Feliz A\u00f1o 2025 | Amat Immobiliaris\",\"isPartOf\":{\"@id\":\"https:\/\/www.amatimmobiliaris.com\/w\/#website\"},\"primaryImageOfPage\":{\"@id\":\"https:\/\/www.amatimmobiliaris.com\/w\/2024\/12\/felices-fiestas-y-feliz-ano-2025\/#primaryimage\"},\"image\":{\"@id\":\"https:\/\/www.amatimmobiliaris.com\/w\/2024\/12\/felices-fiestas-y-feliz-ano-2025\/#primaryimage\"},\"thumbnailUrl\":\"https:\/\/www.amatimmobiliaris.com\/w\/wp-content\/uploads\/2024\/12\/NADAL-2024-2025-scaled.jpg\",\"datePublished\":\"2024-12-20T11:24:36+00:00\",\"dateModified\":\"2024-12-20T11:25:16+00:00\",\"description\":\"Con la entrada de un nuevo a\u00f1o, hemos hecho un calendario para todos nuestros clientes, proveedores y colaboradores. \u00a1Feliz A\u00f1o 2025!\",\"breadcrumb\":{\"@id\":\"https:\/\/www.amatimmobiliaris.com\/w\/2024\/12\/felices-fiestas-y-feliz-ano-2025\/#breadcrumb\"},\"inLanguage\":\"es\",\"potentialAction\":[{\"@type\":\"ReadAction\",\"target\":[\"https:\/\/www.amatimmobiliaris.com\/w\/2024\/12\/felices-fiestas-y-feliz-ano-2025\/\"]}]},{\"@type\":\"ImageObject\",\"inLanguage\":\"es\",\"@id\":\"https:\/\/www.amatimmobiliaris.com\/w\/2024\/12\/felices-fiestas-y-feliz-ano-2025\/#primaryimage\",\"url\":\"https:\/\/www.amatimmobiliaris.com\/w\/wp-content\/uploads\/2024\/12\/NADAL-2024-2025-scaled.jpg\",\"contentUrl\":\"https:\/\/www.amatimmobiliaris.com\/w\/wp-content\/uploads\/2024\/12\/NADAL-2024-2025-scaled.jpg\",\"width\":2560,\"height\":1402,\"caption\":\"BON NADAL 2025_Amat\"},{\"@type\":\"BreadcrumbList\",\"@id\":\"https:\/\/www.amatimmobiliaris.com\/w\/2024\/12\/felices-fiestas-y-feliz-ano-2025\/#breadcrumb\",\"itemListElement\":[{\"@type\":\"ListItem\",\"position\":1,\"name\":\"Home\",\"item\":\"https:\/\/www.amatimmobiliaris.com\/w\/\"},{\"@type\":\"ListItem\",\"position\":2,\"name\":\"El mundo Amat\",\"item\":\"https:\/\/www.amatimmobiliaris.com\/w\/category\/el-mundo-amat\/\"},{\"@type\":\"ListItem\",\"position\":3,\"name\":\"Reflexiones\",\"item\":\"https:\/\/www.amatimmobiliaris.com\/w\/category\/el-mundo-amat\/reflexiones\/\"},{\"@type\":\"ListItem\",\"position\":4,\"name\":\"Felices Fiestas y Feliz A\u00f1o 2025\"}]},{\"@type\":\"WebSite\",\"@id\":\"https:\/\/www.amatimmobiliaris.com\/w\/#website\",\"url\":\"https:\/\/www.amatimmobiliaris.com\/w\/\",\"name\":\"Amat Immobiliaris\",\"description\":\"Empresa familiar del sector inmobiliario con oficinas en Barcelona, Sant Cugat del Vall\u00e9s y Sant Just Desvern. Te ayudamos a comprar, alquilar o vender tu casa o piso. Somos un equipo coherente con una cultura de empresa honesta, innovadora y eficaz. Tambi\u00e9n en www.amatluxury.com\",\"publisher\":{\"@id\":\"https:\/\/www.amatimmobiliaris.com\/w\/#organization\"},\"alternateName\":\"AmatImmo\",\"potentialAction\":[{\"@type\":\"SearchAction\",\"target\":{\"@type\":\"EntryPoint\",\"urlTemplate\":\"https:\/\/www.amatimmobiliaris.com\/w\/?s={search_term_string}\"},\"query-input\":{\"@type\":\"PropertyValueSpecification\",\"valueRequired\":true,\"valueName\":\"search_term_string\"}}],\"inLanguage\":\"es\"},{\"@type\":\"Organization\",\"@id\":\"https:\/\/www.amatimmobiliaris.com\/w\/#organization\",\"name\":\"Amat Immobiliaris\",\"url\":\"https:\/\/www.amatimmobiliaris.com\/w\/\",\"logo\":{\"@type\":\"ImageObject\",\"inLanguage\":\"es\",\"@id\":\"https:\/\/www.amatimmobiliaris.com\/w\/#\/schema\/logo\/image\/\",\"url\":\"https:\/\/www.amatimmobiliaris.com\/w\/wp-content\/uploads\/2022\/10\/amat-logo.jpg\",\"contentUrl\":\"https:\/\/www.amatimmobiliaris.com\/w\/wp-content\/uploads\/2022\/10\/amat-logo.jpg\",\"width\":900,\"height\":900,\"caption\":\"Amat Immobiliaris\"},\"image\":{\"@id\":\"https:\/\/www.amatimmobiliaris.com\/w\/#\/schema\/logo\/image\/\"},\"sameAs\":[\"https:\/\/www.facebook.com\/amatimmobiliaris\",\"https:\/\/x.com\/amat_cat\",\"https:\/\/www.instagram.com\/amat_immo\/\",\"https:\/\/www.linkedin.com\/company\/amat-finques\/\",\"https:\/\/www.youtube.com\/@amatimmobiliaris\"]},{\"@type\":\"Person\",\"@id\":\"https:\/\/www.amatimmobiliaris.com\/w\/#\/schema\/person\/d62b55fd12a2bc4550743759f52bdc8f\",\"name\":\"Marina Payan\"}]}<\/script>\n<!-- \/ Yoast SEO plugin. -->","yoast_head_json":{"title":"Felices Fiestas y Feliz A\u00f1o 2025 | Amat Immobiliaris","description":"Con la entrada de un nuevo a\u00f1o, hemos hecho un calendario para todos nuestros clientes, proveedores y colaboradores. \u00a1Feliz A\u00f1o 2025!","robots":{"index":"index","follow":"follow","max-snippet":"max-snippet:-1","max-image-preview":"max-image-preview:large","max-video-preview":"max-video-preview:-1"},"canonical":"https:\/\/www.amatimmobiliaris.com\/w\/2024\/12\/felices-fiestas-y-feliz-ano-2025\/","og_locale":"es_ES","og_type":"article","og_title":"Felices Fiestas y Feliz A\u00f1o 2025 | Amat Immobiliaris","og_description":"Con la entrada de un nuevo a\u00f1o, hemos hecho un calendario para todos nuestros clientes, proveedores y colaboradores. \u00a1Feliz A\u00f1o 2025!","og_url":"https:\/\/www.amatimmobiliaris.com\/w\/2024\/12\/felices-fiestas-y-feliz-ano-2025\/","og_site_name":"Amat Immobiliaris","article_publisher":"https:\/\/www.facebook.com\/amatimmobiliaris","article_published_time":"2024-12-20T11:24:36+00:00","article_modified_time":"2024-12-20T11:25:16+00:00","og_image":[{"width":2560,"height":1402,"url":"https:\/\/www.amatimmobiliaris.com\/w\/wp-content\/uploads\/2024\/12\/NADAL-2024-2025-scaled.jpg","type":"image\/jpeg"}],"author":"Marina Payan","twitter_card":"summary_large_image","twitter_creator":"@amat_cat","twitter_site":"@amat_cat","twitter_misc":{"Escrito por":"Marina Payan","Tiempo de lectura":"2 minutos"},"schema":{"@context":"https:\/\/schema.org","@graph":[{"@type":"Article","@id":"https:\/\/www.amatimmobiliaris.com\/w\/2024\/12\/felices-fiestas-y-feliz-ano-2025\/#article","isPartOf":{"@id":"https:\/\/www.amatimmobiliaris.com\/w\/2024\/12\/felices-fiestas-y-feliz-ano-2025\/"},"author":{"name":"Marina Payan","@id":"https:\/\/www.amatimmobiliaris.com\/w\/#\/schema\/person\/d62b55fd12a2bc4550743759f52bdc8f"},"headline":"Felices Fiestas y Feliz A\u00f1o 2025","datePublished":"2024-12-20T11:24:36+00:00","dateModified":"2024-12-20T11:25:16+00:00","mainEntityOfPage":{"@id":"https:\/\/www.amatimmobiliaris.com\/w\/2024\/12\/felices-fiestas-y-feliz-ano-2025\/"},"wordCount":135,"publisher":{"@id":"https:\/\/www.amatimmobiliaris.com\/w\/#organization"},"image":{"@id":"https:\/\/www.amatimmobiliaris.com\/w\/2024\/12\/felices-fiestas-y-feliz-ano-2025\/#primaryimage"},"thumbnailUrl":"https:\/\/www.amatimmobiliaris.com\/w\/wp-content\/uploads\/2024\/12\/NADAL-2024-2025-scaled.jpg","keywords":["Amat","Calendario","Felices Fiestas","Feliz A\u00f1o","Navidad"],"articleSection":["El mundo Amat","Reflexiones"],"inLanguage":"es"},{"@type":"WebPage","@id":"https:\/\/www.amatimmobiliaris.com\/w\/2024\/12\/felices-fiestas-y-feliz-ano-2025\/","url":"https:\/\/www.amatimmobiliaris.com\/w\/2024\/12\/felices-fiestas-y-feliz-ano-2025\/","name":"Felices Fiestas y Feliz A\u00f1o 2025 | Amat Immobiliaris","isPartOf":{"@id":"https:\/\/www.amatimmobiliaris.com\/w\/#website"},"primaryImageOfPage":{"@id":"https:\/\/www.amatimmobiliaris.com\/w\/2024\/12\/felices-fiestas-y-feliz-ano-2025\/#primaryimage"},"image":{"@id":"https:\/\/www.amatimmobiliaris.com\/w\/2024\/12\/felices-fiestas-y-feliz-ano-2025\/#primaryimage"},"thumbnailUrl":"https:\/\/www.amatimmobiliaris.com\/w\/wp-content\/uploads\/2024\/12\/NADAL-2024-2025-scaled.jpg","datePublished":"2024-12-20T11:24:36+00:00","dateModified":"2024-12-20T11:25:16+00:00","description":"Con la entrada de un nuevo a\u00f1o, hemos hecho un calendario para todos nuestros clientes, proveedores y colaboradores. \u00a1Feliz A\u00f1o 2025!","breadcrumb":{"@id":"https:\/\/www.amatimmobiliaris.com\/w\/2024\/12\/felices-fiestas-y-feliz-ano-2025\/#breadcrumb"},"inLanguage":"es","potentialAction":[{"@type":"ReadAction","target":["https:\/\/www.amatimmobiliaris.com\/w\/2024\/12\/felices-fiestas-y-feliz-ano-2025\/"]}]},{"@type":"ImageObject","inLanguage":"es","@id":"https:\/\/www.amatimmobiliaris.com\/w\/2024\/12\/felices-fiestas-y-feliz-ano-2025\/#primaryimage","url":"https:\/\/www.amatimmobiliaris.com\/w\/wp-content\/uploads\/2024\/12\/NADAL-2024-2025-scaled.jpg","contentUrl":"https:\/\/www.amatimmobiliaris.com\/w\/wp-content\/uploads\/2024\/12\/NADAL-2024-2025-scaled.jpg","width":2560,"height":1402,"caption":"BON NADAL 2025_Amat"},{"@type":"BreadcrumbList","@id":"https:\/\/www.amatimmobiliaris.com\/w\/2024\/12\/felices-fiestas-y-feliz-ano-2025\/#breadcrumb","itemListElement":[{"@type":"ListItem","position":1,"name":"Home","item":"https:\/\/www.amatimmobiliaris.com\/w\/"},{"@type":"ListItem","position":2,"name":"El mundo Amat","item":"https:\/\/www.amatimmobiliaris.com\/w\/category\/el-mundo-amat\/"},{"@type":"ListItem","position":3,"name":"Reflexiones","item":"https:\/\/www.amatimmobiliaris.com\/w\/category\/el-mundo-amat\/reflexiones\/"},{"@type":"ListItem","position":4,"name":"Felices Fiestas y Feliz A\u00f1o 2025"}]},{"@type":"WebSite","@id":"https:\/\/www.amatimmobiliaris.com\/w\/#website","url":"https:\/\/www.amatimmobiliaris.com\/w\/","name":"Amat Immobiliaris","description":"Empresa familiar del sector inmobiliario con oficinas en Barcelona, Sant Cugat del Vall\u00e9s y Sant Just Desvern. Te ayudamos a comprar, alquilar o vender tu casa o piso. Somos un equipo coherente con una cultura de empresa honesta, innovadora y eficaz. Tambi\u00e9n en www.amatluxury.com","publisher":{"@id":"https:\/\/www.amatimmobiliaris.com\/w\/#organization"},"alternateName":"AmatImmo","potentialAction":[{"@type":"SearchAction","target":{"@type":"EntryPoint","urlTemplate":"https:\/\/www.amatimmobiliaris.com\/w\/?s={search_term_string}"},"query-input":{"@type":"PropertyValueSpecification","valueRequired":true,"valueName":"search_term_string"}}],"inLanguage":"es"},{"@type":"Organization","@id":"https:\/\/www.amatimmobiliaris.com\/w\/#organization","name":"Amat Immobiliaris","url":"https:\/\/www.amatimmobiliaris.com\/w\/","logo":{"@type":"ImageObject","inLanguage":"es","@id":"https:\/\/www.amatimmobiliaris.com\/w\/#\/schema\/logo\/image\/","url":"https:\/\/www.amatimmobiliaris.com\/w\/wp-content\/uploads\/2022\/10\/amat-logo.jpg","contentUrl":"https:\/\/www.amatimmobiliaris.com\/w\/wp-content\/uploads\/2022\/10\/amat-logo.jpg","width":900,"height":900,"caption":"Amat Immobiliaris"},"image":{"@id":"https:\/\/www.amatimmobiliaris.com\/w\/#\/schema\/logo\/image\/"},"sameAs":["https:\/\/www.facebook.com\/amatimmobiliaris","https:\/\/x.com\/amat_cat","https:\/\/www.instagram.com\/amat_immo\/","https:\/\/www.linkedin.com\/company\/amat-finques\/","https:\/\/www.youtube.com\/@amatimmobiliaris"]},{"@type":"Person","@id":"https:\/\/www.amatimmobiliaris.com\/w\/#\/schema\/person\/d62b55fd12a2bc4550743759f52bdc8f","name":"Marina Payan"}]}},"_links":{"self":[{"href":"https:\/\/www.amatimmobiliaris.com\/w\/wp-json\/wp\/v2\/posts\/37383"}],"collection":[{"href":"https:\/\/www.amatimmobiliaris.com\/w\/wp-json\/wp\/v2\/posts"}],"about":[{"href":"https:\/\/www.amatimmobiliaris.com\/w\/wp-json\/wp\/v2\/types\/post"}],"author":[{"embeddable":true,"href":"https:\/\/www.amatimmobiliaris.com\/w\/wp-json\/wp\/v2\/users\/4"}],"replies":[{"embeddable":true,"href":"https:\/\/www.amatimmobiliaris.com\/w\/wp-json\/wp\/v2\/comments?post=37383"}],"version-history":[{"count":2,"href":"https:\/\/www.amatimmobiliaris.com\/w\/wp-json\/wp\/v2\/posts\/37383\/revisions"}],"predecessor-version":[{"id":37430,"href":"https:\/\/www.amatimmobiliaris.com\/w\/wp-json\/wp\/v2\/posts\/37383\/revisions\/37430"}],"wp:featuredmedia":[{"embeddable":true,"href":"https:\/\/www.amatimmobiliaris.com\/w\/wp-json\/wp\/v2\/media\/37386"}],"wp:attachment":[{"href":"https:\/\/www.amatimmobiliaris.com\/w\/wp-json\/wp\/v2\/media?parent=37383"}],"wp:term":[{"taxonomy":"category","embeddable":true,"href":"https:\/\/www.amatimmobiliaris.com\/w\/wp-json\/wp\/v2\/categories?post=37383"},{"taxonomy":"post_tag","embeddable":true,"href":"https:\/\/www.amatimmobiliaris.com\/w\/wp-json\/wp\/v2\/tags?post=37383"}],"curies":[{"name":"wp","href":"https:\/\/api.w.org\/{rel}","templated":true}]}}