{"id":35259,"date":"2024-06-10T09:54:51","date_gmt":"2024-06-10T09:54:51","guid":{"rendered":"https:\/\/www.amatimmobiliaris.com\/w\/?p=35259"},"modified":"2024-06-11T14:56:00","modified_gmt":"2024-06-11T14:56:00","slug":"medidas-de-seguridad-en-los-ascensores","status":"publish","type":"post","link":"https:\/\/www.amatimmobiliaris.com\/w\/2024\/06\/medidas-de-seguridad-en-los-ascensores\/","title":{"rendered":"Nuevas medidas de seguridad de los ascensores ITC 2024"},"content":{"rendered":"<h2 style=\"text-align: justify;\">\u00bfQu\u00e9 debes saber sobre las nuevas medidas de seguridad de los ascensores?<\/h2>\n<p style=\"text-align: justify;\">El Bolet\u00edn Oficial del Estado (BOE) ha anunciado recientemente la publicaci\u00f3n de la Instrucci\u00f3n T\u00e9cnica Complementaria ITC AEM 1 de Ascensores. Este nuevo reglamento establece las bases para la puesta en servicio, modificaci\u00f3n, mantenimiento e inspecci\u00f3n de los ascensores en Espa\u00f1a. Es por eso que se han establecido una serie de <strong>nuevas medidas de seguridad para los ascensores<\/strong> que deben implementarse.<\/p>\n<p>&nbsp;<\/p>\n<p style=\"text-align: justify;\">El <strong>parque nacional de ascensores<\/strong> requiere <strong>mejoras en seguridad,<\/strong> pues, se estima que el 50% de este parque tiene m\u00e1s de 25 a\u00f1os de antig\u00fcedad. Por esta raz\u00f3n, el <strong>gobierno del Estado Espa\u00f1ol<\/strong> ha aprobado el <strong>proyecto de la nueva ITC de ascensores 2024.<\/strong><\/p>\n<p>&nbsp;<\/p>\n<p style=\"text-align: justify;\">Descubre cu\u00e1les son las<strong> 7 medidas principales que han sido aprobadas.<\/strong><\/p>\n<p>&nbsp;<\/p>\n<h5 style=\"text-align: justify;\"><span style=\"color: #923d43;\"><strong><b>1. Nivelaci\u00f3n deficiente<\/b><\/strong><\/span><\/h5>\n<p style=\"text-align: justify;\">Para corregir la precisi\u00f3n de parada ser\u00e1 necesario<strong> instalar un variador de frecuencia<\/strong>.<\/p>\n<p>&nbsp;<\/p>\n<p style=\"text-align: justify;\">El plazo para hacerlo ser\u00e1 de 1 a\u00f1o a partir de la inspecci\u00f3n obligatoria. Este plazo se reducir\u00e1 a 6 meses en caso de accidente por falta de nivelaci\u00f3n.<\/p>\n<figure id=\"attachment_35283\" aria-describedby=\"caption-attachment-35283\" style=\"width: 244px\" class=\"wp-caption alignnone\"><img loading=\"lazy\" decoding=\"async\" class=\"wp-image-35283\" src=\"https:\/\/www.amatimmobiliaris.com\/w\/wp-content\/uploads\/2024\/06\/Imagenascensors-1.png\" alt=\"Nuevas medidas de seguridad de los ascensores ITC 2024\" width=\"244\" height=\"327\" srcset=\"https:\/\/www.amatimmobiliaris.com\/w\/wp-content\/uploads\/2024\/06\/Imagenascensors-1.png 225w, https:\/\/www.amatimmobiliaris.com\/w\/wp-content\/uploads\/2024\/06\/Imagenascensors-1-224x300.png 224w\" sizes=\"(max-width: 244px) 100vw, 244px\" \/><figcaption id=\"caption-attachment-35283\" class=\"wp-caption-text\">Imagen cedida por ASZENDE.<\/figcaption><\/figure>\n<h5 style=\"text-align: justify;\"><span style=\"color: #923d43;\"><strong><b>2. Protecci\u00f3n del usuario contra el cierre de puertas<\/b><\/strong><\/span><\/h5>\n<p style=\"text-align: justify;\">Esta medida se deber\u00e1 ejecutar siempre que sea posible y no suponga la sustituci\u00f3n de las puertas de la cabina. Para garantizar esta medida se deber\u00e1<strong> instalar una cortina fotoel\u00e9ctrica<\/strong>.<\/p>\n<p>&nbsp;<\/p>\n<p style=\"text-align: justify;\">El plazo para hacerlo ser\u00e1 de 1 a\u00f1o a partir de la inspecci\u00f3n obligatoria donde se detecte que no hay barrera fotoel\u00e9ctrica; este plazo se reducir\u00e1 a 6 meses en caso de accidente.<\/p>\n<figure id=\"attachment_35286\" aria-describedby=\"caption-attachment-35286\" style=\"width: 278px\" class=\"wp-caption alignnone\"><img loading=\"lazy\" decoding=\"async\" class=\"wp-image-35286\" src=\"https:\/\/www.amatimmobiliaris.com\/w\/wp-content\/uploads\/2024\/06\/Imagenascensors-2.png\" alt=\"Nuevas medidas de seguridad de los ascensores ITC 2024\" width=\"278\" height=\"378\" \/><figcaption id=\"caption-attachment-35286\" class=\"wp-caption-text\">Imagen cedida por ASZENDE.<\/figcaption><\/figure>\n<h5 style=\"text-align: justify;\"><span style=\"color: #923d43;\"><strong><b>3. Protecci\u00f3n del usuario contra movimientos incontrolados<\/b><\/strong><\/span><\/h5>\n<p style=\"text-align: justify;\">Se deber\u00e1 incorporar un <strong>dispositivo de seguridad<\/strong> en todos los ascensores en el momento en que simult\u00e1neamente se sustituya el grupo tractor y su maniobra.<\/p>\n<figure id=\"attachment_35289\" aria-describedby=\"caption-attachment-35289\" style=\"width: 289px\" class=\"wp-caption alignnone\"><img loading=\"lazy\" decoding=\"async\" class=\"wp-image-35289\" src=\"https:\/\/www.amatimmobiliaris.com\/w\/wp-content\/uploads\/2024\/06\/Imagenascensors-3.png\" alt=\"Nuevas medidas de seguridad de los ascensores ITC 2024\" width=\"289\" height=\"409\" \/><figcaption id=\"caption-attachment-35289\" class=\"wp-caption-text\">Imagen cedida por ASZENDE.<\/figcaption><\/figure>\n<h5 style=\"text-align: justify;\"><span style=\"color: #923d43;\"><strong><b>4. Comunicaci\u00f3n bidireccional: Rescate de usuarios atrapados<\/b><\/strong><\/span><\/h5>\n<p style=\"text-align: justify;\">Para garantizar que todos los usuarios atrapados puedan pedir ayuda, se deber\u00e1<strong> instalar un sistema de comunicaci\u00f3n bidireccional<\/strong> que lo garantice; este sistema deber\u00e1 ser accesible para personas con discapacidad f\u00edsica. El plazo para hacerlo ser\u00e1 de 1 a\u00f1o a partir de la inspecci\u00f3n obligatoria.<\/p>\n<figure id=\"attachment_35292\" aria-describedby=\"caption-attachment-35292\" style=\"width: 321px\" class=\"wp-caption alignnone\"><img loading=\"lazy\" decoding=\"async\" class=\"wp-image-35292\" src=\"https:\/\/www.amatimmobiliaris.com\/w\/wp-content\/uploads\/2024\/06\/Imagenascensors-4.png\" alt=\"Nuevas medidas de seguridad de los ascensores ITC 2024\" width=\"321\" height=\"311\" srcset=\"https:\/\/www.amatimmobiliaris.com\/w\/wp-content\/uploads\/2024\/06\/Imagenascensors-4.png 390w, https:\/\/www.amatimmobiliaris.com\/w\/wp-content\/uploads\/2024\/06\/Imagenascensors-4-300x291.png 300w\" sizes=\"(max-width: 321px) 100vw, 321px\" \/><figcaption id=\"caption-attachment-35292\" class=\"wp-caption-text\">Imagen cedida por ASZENDE.<\/figcaption><\/figure>\n<h5 style=\"text-align: justify;\"><span style=\"color: #923d43;\"><strong><b>5. Sustituci\u00f3n de gu\u00edas<\/b><\/strong><\/span><\/h5>\n<p style=\"text-align: justify;\">Los ascensores ya no podr\u00e1n tener gu\u00edas de cabina y\/o contrapeso cil\u00edndricas, de ra\u00edl o de madera (excepto los catalogados como patrimonio hist\u00f3rico).<\/p>\n<ul style=\"text-align: left;\">\n<li><strong>Ascensores instalados anteriores al 06\/09\/1952.<\/strong><br \/>\nLas gu\u00edas de madera y cil\u00edndricas deber\u00e1n sustituirse antes de 3 a\u00f1os. El resto antes de 6 a\u00f1os.<\/li>\n<li><strong>Ascensores instalados entre el 06\/09\/1952 y 01\/04\/1967.<\/strong><br \/>\nLas gu\u00edas de madera y cil\u00edndricas deber\u00e1n sustituirse antes de 3 a\u00f1os. El resto antes de 8 a\u00f1os.<\/li>\n<li><strong>Ascensores instalados a partir del 01\/04\/1967.<\/strong><br \/>\nLas gu\u00edas de madera y cil\u00edndricas deber\u00e1n sustituirse antes de 10 a\u00f1os.<\/li>\n<\/ul>\n<p style=\"text-align: left;\">En todos los casos, el plazo comenzar\u00e1 a contar a partir de la pr\u00f3xima inspecci\u00f3n peri\u00f3dica.<\/p>\n<p>&nbsp;<\/p>\n<h5 style=\"text-align: justify;\"><span style=\"color: #923d43;\"><strong><b>6. Dispositivo de control de carga<\/b><\/strong><\/span><\/h5>\n<p style=\"text-align: justify;\">Con esta medida se quiere impedir la sobrecarga de la cabina, por lo que se deber\u00e1<strong> instalar siempre que sea t\u00e9cnicamente viable y no implique cambiar el cuadro de maniobra<\/strong>. El plazo para hacerlo ser\u00e1 de 1 a\u00f1o a partir de la inspecci\u00f3n obligatoria.<\/p>\n<p>&nbsp;<\/p>\n<p style=\"text-align: justify;\">En el caso de los ascensores catalogados, donde no se sustituyan las gu\u00edas, se deber\u00e1 reducir la carga en un 50%.<\/p>\n<figure id=\"attachment_35295\" aria-describedby=\"caption-attachment-35295\" style=\"width: 292px\" class=\"wp-caption alignnone\"><img loading=\"lazy\" decoding=\"async\" class=\"wp-image-35295\" src=\"https:\/\/www.amatimmobiliaris.com\/w\/wp-content\/uploads\/2024\/06\/Imagenascensors-5.png\" alt=\"Nuevas medidas de seguridad de los ascensores ITC 2024\" width=\"292\" height=\"282\" \/><figcaption id=\"caption-attachment-35295\" class=\"wp-caption-text\">Imagen cedida por ASZENDE.<\/figcaption><\/figure>\n<h5 style=\"text-align: justify;\"><span style=\"color: #923d43;\"><strong><b>7. Contrapeso<\/b><\/strong><\/span><\/h5>\n<p style=\"text-align: left;\">Para garantizar la seguridad se tomar\u00e1n las medidas necesarias para que los contrapesos y su sistema de guiado puedan ser inspeccionados en todo su recorrido.<\/p>\n<ul style=\"text-align: left;\">\n<li><strong>Ascensores instalados anteriores al 06\/09\/1952.<\/strong><br \/>\nAquellos que tengan gu\u00edas de madera y cil\u00edndricas deber\u00e1n sustituirse antes de 3 a\u00f1os. El resto antes de 6 a\u00f1os.<\/li>\n<li><strong>Ascensores instalados entre el 06\/09\/1952 y 01\/04\/1967.<\/strong><br \/>\nAquellos que tengan gu\u00edas de madera y cil\u00edndricas deber\u00e1n sustituirse antes de 3 a\u00f1os. El resto antes de 8 a\u00f1os.<\/li>\n<li><strong>Ascensores instalados a partir del 01\/04\/1967.<\/strong><br \/>\nAntes de 10 a\u00f1os.<\/li>\n<\/ul>\n<p style=\"text-align: left;\">En todos los casos, el plazo comenzar\u00e1 a contar a partir de la pr\u00f3xima inspecci\u00f3n peri\u00f3dica.<\/p>\n<p style=\"text-align: left;\">Como no pod\u00eda ser de otra manera, se mantienen todas las medidas de seguridad ya introducidas por el RD 57\/2005: interruptor de parada en el foso, interrupci\u00f3n de iluminaci\u00f3n, protecci\u00f3n de poleas, etc.<\/p>\n<p>&nbsp;<\/p>\n<h3>AmatZonia: Edificios eficientes<\/h3>\n<p>&nbsp;<\/p>\n<p style=\"text-align: justify;\">Desde <a href=\"https:\/\/www.amatimmobiliaris.com\/w\/ca\/serveis\/#Amatzonia\" target=\"_blank\" rel=\"noopener\">AmatZonia<\/a>, aspiramos a proporcionar una gu\u00eda completa para propietarios y administradores de comunidades que quieran tomar medidas hacia una infraestructura de carga el\u00e9ctrica m\u00e1s sostenible y legalmente s\u00f3lida.<\/p>\n<p><a href=\"https:\/\/www.amatimmobiliaris.com\/w\/ca\/serveis\/#Amatzonia\"><img loading=\"lazy\" decoding=\"async\" class=\"aligncenter wp-image-32881 size-full\" src=\"https:\/\/www.amatimmobiliaris.com\/w\/wp-content\/uploads\/2024\/01\/Sostenibilidad-en-comunidad_CAT.jpg\" alt=\"beneficios de los cargadores el\u00e9ctricos\" width=\"800\" height=\"200\" srcset=\"https:\/\/www.amatimmobiliaris.com\/w\/wp-content\/uploads\/2024\/01\/Sostenibilidad-en-comunidad_CAT.jpg 800w, https:\/\/www.amatimmobiliaris.com\/w\/wp-content\/uploads\/2024\/01\/Sostenibilidad-en-comunidad_CAT-300x75.jpg 300w, https:\/\/www.amatimmobiliaris.com\/w\/wp-content\/uploads\/2024\/01\/Sostenibilidad-en-comunidad_CAT-768x192.jpg 768w\" sizes=\"(max-width: 800px) 100vw, 800px\" \/><\/a><\/p>\n<p style=\"text-align: justify;\">Para obtener m\u00e1s informaci\u00f3n sobre la normativa legal actual, puede consultar la <a href=\"https:\/\/www.gencat.cat\/\" target=\"_blank\" rel=\"noopener noreferrer\">Generalitat de Catalunya<\/a> y el <a href=\"https:\/\/www.boe.es\/\" target=\"_blank\" rel=\"noopener noreferrer\">Bolet\u00edn Oficial del Estado<\/a>.<\/p>\n<p>&nbsp;<\/p>\n<p style=\"text-align: justify;\">En <a href=\"https:\/\/www.amatimmobiliaris.cat\/\" target=\"_blank\" rel=\"noopener nofollow\" class=\"broken_link\">Amat Immobiliaris<\/a>, estamos comprometidos a que las comunidades avancen hacia un futuro m\u00e1s sostenible e innovador.<\/p>\n<p>&nbsp;<\/p>\n<p style=\"text-align: justify;\">Para cualquier duda, o si desea informaci\u00f3n, puede contactarnos a trav\u00e9s de<a style=\"color: #0000ff;\" href=\"mailto:info@amatimmo.cat\"> info@amatimmo.cat<\/a> o llam\u00e1ndonos al (+34) 934 803 400.<\/p>\n<p>&nbsp;<\/p>\n<h5><strong>\u00bfTe ha gustado el art\u00edculo? <b>\u00a1Comp\u00e1rtelo!<\/b><\/strong><\/h5>\n<p><a href=\"https:\/\/twitter.com\/intent\/tweet?text=Descubre el uso del %23cargador%20 %23el\u00e9ctrico%20 en %23comunidades%20 y edificios. %40amat_cat te asesorar\u00e1 en la transici\u00f3n %23sostenible%20.%0A &amp;url=https:\/\/www.amatimmobiliaris.com\/w\/ca\/2024\/01\/cargador-electricos-en-comunidades\/\" target=\"_blank\" rel=\"noopener\"><img loading=\"lazy\" decoding=\"async\" class=\"alignnone wp-image-19030 size-full\" src=\"https:\/\/www.amatimmobiliaris.com\/w\/wp-content\/uploads\/2021\/11\/twitter.png\" alt=\"\" width=\"25\" height=\"20\" \/><\/a><a href=\"https:\/\/www.facebook.com\/sharer\/sharer.php?u=https%3A%2F%2Fwww.amatimmobiliaris.com%2Fw%2Fca%2F2024%2F01%2Fcargador-electricos-en-comunidades%2F\" class=\"broken_link\" rel=\"nofollow\"><img loading=\"lazy\" decoding=\"async\" class=\"alignnone size-full wp-image-19024\" src=\"https:\/\/www.amatimmobiliaris.com\/w\/wp-content\/uploads\/2021\/11\/fb.png\" alt=\"\" width=\"12\" height=\"24\" \/><\/a><a href=\"https:\/\/www.linkedin.com\/sharing\/share-offsite\/?url=https%3A%2F%2Fwww.amatimmobiliaris.com%2Fw%2Fca%2F2024%2F01%2Fcargador-electricos-en-comunidades%2F\"><img loading=\"lazy\" decoding=\"async\" class=\"alignnone size-full wp-image-19028\" src=\"https:\/\/www.amatimmobiliaris.com\/w\/wp-content\/uploads\/2021\/11\/linkedin.png\" alt=\"\" width=\"25\" height=\"25\" \/><\/a><\/p>\n","protected":false},"excerpt":{"rendered":"<p>\u00bfQu\u00e9 debes saber sobre las nuevas medidas de seguridad de los ascensores? El Bolet\u00edn Oficial del Estado (BOE) ha anunciado recientemente la publicaci\u00f3n de la Instrucci\u00f3n T\u00e9cnica Complementaria ITC AEM 1 de Ascensores. Este nuevo reglamento establece las bases para la puesta en servicio, modificaci\u00f3n, mantenimiento e inspecci\u00f3n de los ascensores en Espa\u00f1a. Es por [&hellip;]<\/p>\n","protected":false},"author":1,"featured_media":35301,"comment_status":"closed","ping_status":"closed","sticky":false,"template":"","format":"standard","meta":{"content-type":"","footnotes":""},"categories":[1622,879,1166,745,903,889],"tags":[958,1742,1773,1794,965,1809,1652,1771,1260],"yoast_head":"<!-- This site is optimized with the Yoast SEO plugin v23.9 - https:\/\/yoast.com\/wordpress\/plugins\/seo\/ -->\n<title>Nuevas medidas de seguridad de los ascensores ITC 2024 | Amat Immobiliaris<\/title>\n<meta name=\"description\" content=\"\u00bfQue hace falta tener en cuenta sobre las nuevas medidas de seguridad de los ascensores ITC 2024? Como podemos saber si nos afectara?\" \/>\n<meta name=\"robots\" content=\"index, follow, max-snippet:-1, max-image-preview:large, max-video-preview:-1\" \/>\n<link rel=\"canonical\" href=\"https:\/\/www.amatimmobiliaris.com\/w\/2024\/01\/medidas-de-seguridad-en-los-ascensores\" \/>\n<meta property=\"og:locale\" content=\"es_ES\" \/>\n<meta property=\"og:type\" content=\"article\" \/>\n<meta property=\"og:title\" content=\"Nuevas medidas de seguridad de los ascensores ITC 2024 | Amat Immobiliaris\" \/>\n<meta property=\"og:description\" content=\"\u00bfQue hace falta tener en cuenta sobre las nuevas medidas de seguridad de los ascensores ITC 2024? Como podemos saber si nos afectara?\" \/>\n<meta property=\"og:url\" content=\"https:\/\/www.amatimmobiliaris.com\/w\/2024\/01\/medidas-de-seguridad-en-los-ascensores\" \/>\n<meta property=\"og:site_name\" content=\"Amat Immobiliaris\" \/>\n<meta property=\"article:publisher\" content=\"https:\/\/www.facebook.com\/amatimmobiliaris\" \/>\n<meta property=\"article:published_time\" content=\"2024-06-10T09:54:51+00:00\" \/>\n<meta property=\"article:modified_time\" content=\"2024-06-11T14:56:00+00:00\" \/>\n<meta property=\"og:image\" content=\"https:\/\/www.amatimmobiliaris.com\/w\/wp-content\/uploads\/2024\/06\/delivery-man-with-package-elevator-close-up-scaled.jpg\" \/>\n\t<meta property=\"og:image:width\" content=\"2560\" \/>\n\t<meta property=\"og:image:height\" content=\"1707\" \/>\n\t<meta property=\"og:image:type\" content=\"image\/jpeg\" \/>\n<meta name=\"author\" content=\"Amat Immobiliaris\" \/>\n<meta name=\"twitter:card\" content=\"summary_large_image\" \/>\n<meta name=\"twitter:creator\" content=\"@amat_cat\" \/>\n<meta name=\"twitter:site\" content=\"@amat_cat\" \/>\n<meta name=\"twitter:label1\" content=\"Escrito por\" \/>\n\t<meta name=\"twitter:data1\" content=\"Amat Immobiliaris\" \/>\n\t<meta name=\"twitter:label2\" content=\"Tiempo de lectura\" \/>\n\t<meta name=\"twitter:data2\" content=\"6 minutos\" \/>\n<script type=\"application\/ld+json\" class=\"yoast-schema-graph\">{\"@context\":\"https:\/\/schema.org\",\"@graph\":[{\"@type\":\"Article\",\"@id\":\"https:\/\/www.amatimmobiliaris.com\/w\/2024\/01\/medidas-de-seguridad-en-los-ascensores#article\",\"isPartOf\":{\"@id\":\"https:\/\/www.amatimmobiliaris.com\/w\/2024\/06\/medidas-de-seguridad-en-los-ascensores\/\"},\"author\":{\"name\":\"Amat Immobiliaris\",\"@id\":\"https:\/\/www.amatimmobiliaris.com\/w\/#\/schema\/person\/c880da71d1e156e7ea6774ffb445e034\"},\"headline\":\"Nuevas medidas de seguridad de los ascensores ITC 2024\",\"datePublished\":\"2024-06-10T09:54:51+00:00\",\"dateModified\":\"2024-06-11T14:56:00+00:00\",\"mainEntityOfPage\":{\"@id\":\"https:\/\/www.amatimmobiliaris.com\/w\/2024\/06\/medidas-de-seguridad-en-los-ascensores\/\"},\"wordCount\":870,\"publisher\":{\"@id\":\"https:\/\/www.amatimmobiliaris.com\/w\/#organization\"},\"image\":{\"@id\":\"https:\/\/www.amatimmobiliaris.com\/w\/2024\/01\/medidas-de-seguridad-en-los-ascensores#primaryimage\"},\"thumbnailUrl\":\"https:\/\/www.amatimmobiliaris.com\/w\/wp-content\/uploads\/2024\/06\/delivery-man-with-package-elevator-close-up-scaled.jpg\",\"keywords\":[\"Alquiler\",\"Arquitectura\",\"Ascensor\",\"Beneficios\",\"Comunidad\",\"Sector inmobiliario\",\"Sostenibilidad\",\"Sostenible\",\"Vivienda\"],\"articleSection\":[\"Actualidad\",\"Arquitectura y decoraci\u00f3n\",\"Eficiencia energ\u00e9tica\",\"El usuario pregunta\",\"Fiscalidad\",\"Noticias\"],\"inLanguage\":\"es\"},{\"@type\":\"WebPage\",\"@id\":\"https:\/\/www.amatimmobiliaris.com\/w\/2024\/06\/medidas-de-seguridad-en-los-ascensores\/\",\"url\":\"https:\/\/www.amatimmobiliaris.com\/w\/2024\/01\/medidas-de-seguridad-en-los-ascensores\",\"name\":\"Nuevas medidas de seguridad de los ascensores ITC 2024 | Amat Immobiliaris\",\"isPartOf\":{\"@id\":\"https:\/\/www.amatimmobiliaris.com\/w\/#website\"},\"primaryImageOfPage\":{\"@id\":\"https:\/\/www.amatimmobiliaris.com\/w\/2024\/01\/medidas-de-seguridad-en-los-ascensores#primaryimage\"},\"image\":{\"@id\":\"https:\/\/www.amatimmobiliaris.com\/w\/2024\/01\/medidas-de-seguridad-en-los-ascensores#primaryimage\"},\"thumbnailUrl\":\"https:\/\/www.amatimmobiliaris.com\/w\/wp-content\/uploads\/2024\/06\/delivery-man-with-package-elevator-close-up-scaled.jpg\",\"datePublished\":\"2024-06-10T09:54:51+00:00\",\"dateModified\":\"2024-06-11T14:56:00+00:00\",\"description\":\"\u00bfQue hace falta tener en cuenta sobre las nuevas medidas de seguridad de los ascensores ITC 2024? Como podemos saber si nos afectara?\",\"breadcrumb\":{\"@id\":\"https:\/\/www.amatimmobiliaris.com\/w\/2024\/01\/medidas-de-seguridad-en-los-ascensores#breadcrumb\"},\"inLanguage\":\"es\",\"potentialAction\":[{\"@type\":\"ReadAction\",\"target\":[\"https:\/\/www.amatimmobiliaris.com\/w\/2024\/01\/medidas-de-seguridad-en-los-ascensores\"]}]},{\"@type\":\"ImageObject\",\"inLanguage\":\"es\",\"@id\":\"https:\/\/www.amatimmobiliaris.com\/w\/2024\/01\/medidas-de-seguridad-en-los-ascensores#primaryimage\",\"url\":\"https:\/\/www.amatimmobiliaris.com\/w\/wp-content\/uploads\/2024\/06\/delivery-man-with-package-elevator-close-up-scaled.jpg\",\"contentUrl\":\"https:\/\/www.amatimmobiliaris.com\/w\/wp-content\/uploads\/2024\/06\/delivery-man-with-package-elevator-close-up-scaled.jpg\",\"width\":2560,\"height\":1707,\"caption\":\"Noves mesures de seguretat ascensors\"},{\"@type\":\"BreadcrumbList\",\"@id\":\"https:\/\/www.amatimmobiliaris.com\/w\/2024\/01\/medidas-de-seguridad-en-los-ascensores#breadcrumb\",\"itemListElement\":[{\"@type\":\"ListItem\",\"position\":1,\"name\":\"Home\",\"item\":\"https:\/\/www.amatimmobiliaris.com\/w\/\"},{\"@type\":\"ListItem\",\"position\":2,\"name\":\"Noticias\",\"item\":\"https:\/\/www.amatimmobiliaris.com\/w\/category\/noticias\/\"},{\"@type\":\"ListItem\",\"position\":3,\"name\":\"Actualidad\",\"item\":\"https:\/\/www.amatimmobiliaris.com\/w\/category\/noticias\/actualidad\/\"},{\"@type\":\"ListItem\",\"position\":4,\"name\":\"Nuevas medidas de seguridad de los ascensores ITC 2024\"}]},{\"@type\":\"WebSite\",\"@id\":\"https:\/\/www.amatimmobiliaris.com\/w\/#website\",\"url\":\"https:\/\/www.amatimmobiliaris.com\/w\/\",\"name\":\"Amat Immobiliaris\",\"description\":\"Empresa familiar del sector inmobiliario con oficinas en Barcelona, Sant Cugat del Vall\u00e9s y Sant Just Desvern. Te ayudamos a comprar, alquilar o vender tu casa o piso. Somos un equipo coherente con una cultura de empresa honesta, innovadora y eficaz. Tambi\u00e9n en www.amatluxury.com\",\"publisher\":{\"@id\":\"https:\/\/www.amatimmobiliaris.com\/w\/#organization\"},\"alternateName\":\"AmatImmo\",\"potentialAction\":[{\"@type\":\"SearchAction\",\"target\":{\"@type\":\"EntryPoint\",\"urlTemplate\":\"https:\/\/www.amatimmobiliaris.com\/w\/?s={search_term_string}\"},\"query-input\":{\"@type\":\"PropertyValueSpecification\",\"valueRequired\":true,\"valueName\":\"search_term_string\"}}],\"inLanguage\":\"es\"},{\"@type\":\"Organization\",\"@id\":\"https:\/\/www.amatimmobiliaris.com\/w\/#organization\",\"name\":\"Amat Immobiliaris\",\"url\":\"https:\/\/www.amatimmobiliaris.com\/w\/\",\"logo\":{\"@type\":\"ImageObject\",\"inLanguage\":\"es\",\"@id\":\"https:\/\/www.amatimmobiliaris.com\/w\/#\/schema\/logo\/image\/\",\"url\":\"https:\/\/www.amatimmobiliaris.com\/w\/wp-content\/uploads\/2022\/10\/amat-logo.jpg\",\"contentUrl\":\"https:\/\/www.amatimmobiliaris.com\/w\/wp-content\/uploads\/2022\/10\/amat-logo.jpg\",\"width\":900,\"height\":900,\"caption\":\"Amat Immobiliaris\"},\"image\":{\"@id\":\"https:\/\/www.amatimmobiliaris.com\/w\/#\/schema\/logo\/image\/\"},\"sameAs\":[\"https:\/\/www.facebook.com\/amatimmobiliaris\",\"https:\/\/x.com\/amat_cat\",\"https:\/\/www.instagram.com\/amat_immo\/\",\"https:\/\/www.linkedin.com\/company\/amat-finques\/\",\"https:\/\/www.youtube.com\/@amatimmobiliaris\"]},{\"@type\":\"Person\",\"@id\":\"https:\/\/www.amatimmobiliaris.com\/w\/#\/schema\/person\/c880da71d1e156e7ea6774ffb445e034\",\"name\":\"Amat Immobiliaris\",\"sameAs\":[\"http:\/\/amat-inmo-wp.localhost\"]}]}<\/script>\n<!-- \/ Yoast SEO plugin. -->","yoast_head_json":{"title":"Nuevas medidas de seguridad de los ascensores ITC 2024 | Amat Immobiliaris","description":"\u00bfQue hace falta tener en cuenta sobre las nuevas medidas de seguridad de los ascensores ITC 2024? Como podemos saber si nos afectara?","robots":{"index":"index","follow":"follow","max-snippet":"max-snippet:-1","max-image-preview":"max-image-preview:large","max-video-preview":"max-video-preview:-1"},"canonical":"https:\/\/www.amatimmobiliaris.com\/w\/2024\/01\/medidas-de-seguridad-en-los-ascensores","og_locale":"es_ES","og_type":"article","og_title":"Nuevas medidas de seguridad de los ascensores ITC 2024 | Amat Immobiliaris","og_description":"\u00bfQue hace falta tener en cuenta sobre las nuevas medidas de seguridad de los ascensores ITC 2024? Como podemos saber si nos afectara?","og_url":"https:\/\/www.amatimmobiliaris.com\/w\/2024\/01\/medidas-de-seguridad-en-los-ascensores","og_site_name":"Amat Immobiliaris","article_publisher":"https:\/\/www.facebook.com\/amatimmobiliaris","article_published_time":"2024-06-10T09:54:51+00:00","article_modified_time":"2024-06-11T14:56:00+00:00","og_image":[{"width":2560,"height":1707,"url":"https:\/\/www.amatimmobiliaris.com\/w\/wp-content\/uploads\/2024\/06\/delivery-man-with-package-elevator-close-up-scaled.jpg","type":"image\/jpeg"}],"author":"Amat Immobiliaris","twitter_card":"summary_large_image","twitter_creator":"@amat_cat","twitter_site":"@amat_cat","twitter_misc":{"Escrito por":"Amat Immobiliaris","Tiempo de lectura":"6 minutos"},"schema":{"@context":"https:\/\/schema.org","@graph":[{"@type":"Article","@id":"https:\/\/www.amatimmobiliaris.com\/w\/2024\/01\/medidas-de-seguridad-en-los-ascensores#article","isPartOf":{"@id":"https:\/\/www.amatimmobiliaris.com\/w\/2024\/06\/medidas-de-seguridad-en-los-ascensores\/"},"author":{"name":"Amat Immobiliaris","@id":"https:\/\/www.amatimmobiliaris.com\/w\/#\/schema\/person\/c880da71d1e156e7ea6774ffb445e034"},"headline":"Nuevas medidas de seguridad de los ascensores ITC 2024","datePublished":"2024-06-10T09:54:51+00:00","dateModified":"2024-06-11T14:56:00+00:00","mainEntityOfPage":{"@id":"https:\/\/www.amatimmobiliaris.com\/w\/2024\/06\/medidas-de-seguridad-en-los-ascensores\/"},"wordCount":870,"publisher":{"@id":"https:\/\/www.amatimmobiliaris.com\/w\/#organization"},"image":{"@id":"https:\/\/www.amatimmobiliaris.com\/w\/2024\/01\/medidas-de-seguridad-en-los-ascensores#primaryimage"},"thumbnailUrl":"https:\/\/www.amatimmobiliaris.com\/w\/wp-content\/uploads\/2024\/06\/delivery-man-with-package-elevator-close-up-scaled.jpg","keywords":["Alquiler","Arquitectura","Ascensor","Beneficios","Comunidad","Sector inmobiliario","Sostenibilidad","Sostenible","Vivienda"],"articleSection":["Actualidad","Arquitectura y decoraci\u00f3n","Eficiencia energ\u00e9tica","El usuario pregunta","Fiscalidad","Noticias"],"inLanguage":"es"},{"@type":"WebPage","@id":"https:\/\/www.amatimmobiliaris.com\/w\/2024\/06\/medidas-de-seguridad-en-los-ascensores\/","url":"https:\/\/www.amatimmobiliaris.com\/w\/2024\/01\/medidas-de-seguridad-en-los-ascensores","name":"Nuevas medidas de seguridad de los ascensores ITC 2024 | Amat Immobiliaris","isPartOf":{"@id":"https:\/\/www.amatimmobiliaris.com\/w\/#website"},"primaryImageOfPage":{"@id":"https:\/\/www.amatimmobiliaris.com\/w\/2024\/01\/medidas-de-seguridad-en-los-ascensores#primaryimage"},"image":{"@id":"https:\/\/www.amatimmobiliaris.com\/w\/2024\/01\/medidas-de-seguridad-en-los-ascensores#primaryimage"},"thumbnailUrl":"https:\/\/www.amatimmobiliaris.com\/w\/wp-content\/uploads\/2024\/06\/delivery-man-with-package-elevator-close-up-scaled.jpg","datePublished":"2024-06-10T09:54:51+00:00","dateModified":"2024-06-11T14:56:00+00:00","description":"\u00bfQue hace falta tener en cuenta sobre las nuevas medidas de seguridad de los ascensores ITC 2024? Como podemos saber si nos afectara?","breadcrumb":{"@id":"https:\/\/www.amatimmobiliaris.com\/w\/2024\/01\/medidas-de-seguridad-en-los-ascensores#breadcrumb"},"inLanguage":"es","potentialAction":[{"@type":"ReadAction","target":["https:\/\/www.amatimmobiliaris.com\/w\/2024\/01\/medidas-de-seguridad-en-los-ascensores"]}]},{"@type":"ImageObject","inLanguage":"es","@id":"https:\/\/www.amatimmobiliaris.com\/w\/2024\/01\/medidas-de-seguridad-en-los-ascensores#primaryimage","url":"https:\/\/www.amatimmobiliaris.com\/w\/wp-content\/uploads\/2024\/06\/delivery-man-with-package-elevator-close-up-scaled.jpg","contentUrl":"https:\/\/www.amatimmobiliaris.com\/w\/wp-content\/uploads\/2024\/06\/delivery-man-with-package-elevator-close-up-scaled.jpg","width":2560,"height":1707,"caption":"Noves mesures de seguretat ascensors"},{"@type":"BreadcrumbList","@id":"https:\/\/www.amatimmobiliaris.com\/w\/2024\/01\/medidas-de-seguridad-en-los-ascensores#breadcrumb","itemListElement":[{"@type":"ListItem","position":1,"name":"Home","item":"https:\/\/www.amatimmobiliaris.com\/w\/"},{"@type":"ListItem","position":2,"name":"Noticias","item":"https:\/\/www.amatimmobiliaris.com\/w\/category\/noticias\/"},{"@type":"ListItem","position":3,"name":"Actualidad","item":"https:\/\/www.amatimmobiliaris.com\/w\/category\/noticias\/actualidad\/"},{"@type":"ListItem","position":4,"name":"Nuevas medidas de seguridad de los ascensores ITC 2024"}]},{"@type":"WebSite","@id":"https:\/\/www.amatimmobiliaris.com\/w\/#website","url":"https:\/\/www.amatimmobiliaris.com\/w\/","name":"Amat Immobiliaris","description":"Empresa familiar del sector inmobiliario con oficinas en Barcelona, Sant Cugat del Vall\u00e9s y Sant Just Desvern. Te ayudamos a comprar, alquilar o vender tu casa o piso. Somos un equipo coherente con una cultura de empresa honesta, innovadora y eficaz. Tambi\u00e9n en www.amatluxury.com","publisher":{"@id":"https:\/\/www.amatimmobiliaris.com\/w\/#organization"},"alternateName":"AmatImmo","potentialAction":[{"@type":"SearchAction","target":{"@type":"EntryPoint","urlTemplate":"https:\/\/www.amatimmobiliaris.com\/w\/?s={search_term_string}"},"query-input":{"@type":"PropertyValueSpecification","valueRequired":true,"valueName":"search_term_string"}}],"inLanguage":"es"},{"@type":"Organization","@id":"https:\/\/www.amatimmobiliaris.com\/w\/#organization","name":"Amat Immobiliaris","url":"https:\/\/www.amatimmobiliaris.com\/w\/","logo":{"@type":"ImageObject","inLanguage":"es","@id":"https:\/\/www.amatimmobiliaris.com\/w\/#\/schema\/logo\/image\/","url":"https:\/\/www.amatimmobiliaris.com\/w\/wp-content\/uploads\/2022\/10\/amat-logo.jpg","contentUrl":"https:\/\/www.amatimmobiliaris.com\/w\/wp-content\/uploads\/2022\/10\/amat-logo.jpg","width":900,"height":900,"caption":"Amat Immobiliaris"},"image":{"@id":"https:\/\/www.amatimmobiliaris.com\/w\/#\/schema\/logo\/image\/"},"sameAs":["https:\/\/www.facebook.com\/amatimmobiliaris","https:\/\/x.com\/amat_cat","https:\/\/www.instagram.com\/amat_immo\/","https:\/\/www.linkedin.com\/company\/amat-finques\/","https:\/\/www.youtube.com\/@amatimmobiliaris"]},{"@type":"Person","@id":"https:\/\/www.amatimmobiliaris.com\/w\/#\/schema\/person\/c880da71d1e156e7ea6774ffb445e034","name":"Amat Immobiliaris","sameAs":["http:\/\/amat-inmo-wp.localhost"]}]}},"_links":{"self":[{"href":"https:\/\/www.amatimmobiliaris.com\/w\/wp-json\/wp\/v2\/posts\/35259"}],"collection":[{"href":"https:\/\/www.amatimmobiliaris.com\/w\/wp-json\/wp\/v2\/posts"}],"about":[{"href":"https:\/\/www.amatimmobiliaris.com\/w\/wp-json\/wp\/v2\/types\/post"}],"author":[{"embeddable":true,"href":"https:\/\/www.amatimmobiliaris.com\/w\/wp-json\/wp\/v2\/users\/1"}],"replies":[{"embeddable":true,"href":"https:\/\/www.amatimmobiliaris.com\/w\/wp-json\/wp\/v2\/comments?post=35259"}],"version-history":[{"count":13,"href":"https:\/\/www.amatimmobiliaris.com\/w\/wp-json\/wp\/v2\/posts\/35259\/revisions"}],"predecessor-version":[{"id":35374,"href":"https:\/\/www.amatimmobiliaris.com\/w\/wp-json\/wp\/v2\/posts\/35259\/revisions\/35374"}],"wp:featuredmedia":[{"embeddable":true,"href":"https:\/\/www.amatimmobiliaris.com\/w\/wp-json\/wp\/v2\/media\/35301"}],"wp:attachment":[{"href":"https:\/\/www.amatimmobiliaris.com\/w\/wp-json\/wp\/v2\/media?parent=35259"}],"wp:term":[{"taxonomy":"category","embeddable":true,"href":"https:\/\/www.amatimmobiliaris.com\/w\/wp-json\/wp\/v2\/categories?post=35259"},{"taxonomy":"post_tag","embeddable":true,"href":"https:\/\/www.amatimmobiliaris.com\/w\/wp-json\/wp\/v2\/tags?post=35259"}],"curies":[{"name":"wp","href":"https:\/\/api.w.org\/{rel}","templated":true}]}}