{"id":28592,"date":"2023-06-20T08:00:08","date_gmt":"2023-06-20T08:00:08","guid":{"rendered":"https:\/\/www.amatimmobiliaris.com\/w\/?p=28592"},"modified":"2023-06-22T11:53:35","modified_gmt":"2023-06-22T11:53:35","slug":"acelerar-la-transicion-hacia-el-uso-de-energia-sostenible","status":"publish","type":"post","link":"https:\/\/www.amatimmobiliaris.com\/w\/2023\/06\/acelerar-la-transicion-hacia-el-uso-de-energia-sostenible\/","title":{"rendered":"Acelerar la transici\u00f3n hacia el uso de energ\u00eda sostenible"},"content":{"rendered":"<h4>Promoci\u00f3n de la eficiencia energ\u00e9tica y las energ\u00edas renovables: Acompa\u00f1\u00e1ndoos hacia un futuro sostenible.<\/h4>\n<p>&nbsp;<\/p>\n<p style=\"text-align: left;\">Del 20 al 22 de junio se celebra la Semana Europea de la Energ\u00eda Sostenible, conocida como <em><a href=\"https:\/\/sustainable-energy-week.ec.europa.eu\/index_en\" target=\"_blank\" rel=\"noopener\">European Sustainable Energy Week<\/a><\/em> (EUSEW) en ingl\u00e9s. Esta semana es una iniciativa de la Comisi\u00f3n Europea con el objetivo de promover la eficiencia energ\u00e9tica y las energ\u00edas renovables en la Uni\u00f3n Europea y otros pa\u00edses.<\/p>\n<p>&nbsp;<\/p>\n<p style=\"text-align: justify;\">Se trata del evento anual m\u00e1s grande dedicado a las energ\u00edas renovables y al uso eficiente de la energ\u00eda en Europa.<\/p>\n<p>&nbsp;<\/p>\n<p style=\"text-align: justify;\">Sabemos que actualmente estamos consumiendo demasiada energ\u00eda en pr\u00e1cticamente todas las actividades de nuestro d\u00eda a d\u00eda, pero tal vez no siempre somos conscientes de todo lo que podemos mejorar para reducir este consumo.<\/p>\n<p>&nbsp;<\/p>\n<p style=\"text-align: justify;\">En casa pensamos en los electrodom\u00e9sticos que tengan una mejor clasificaci\u00f3n energ\u00e9tica para que consuman menos, en cambiar la iluminaci\u00f3n por LED&#8230;,\u00a0 pero tal vez no siempre pensamos que uno de los grandes consumidores de energ\u00eda es el propio edificio donde se encuentra el piso.<\/p>\n<p>&nbsp;<\/p>\n<h5 style=\"text-align: left;\"><strong>Renovaci\u00f3n de edificios para que sean m\u00e1s energ\u00e9ticamente eficientes<\/strong><\/h5>\n<p>&nbsp;<\/p>\n<p style=\"text-align: justify;\">En Francia, han denominado a los pisos que consumen mucha energ\u00eda como \u00ab<em><span class=\"hiddenSpellError\">Passoires<\/span> <span class=\"hiddenSpellError\">\u00e9nerg\u00e9tiques<\/span><\/em>\u00ab, es decir, Coladores energ\u00e9ticos, imponiendo ciertas restricciones a los mismos hasta que mejoren su calificaci\u00f3n energ\u00e9tica.<\/p>\n<p>&nbsp;<\/p>\n<p style=\"text-align: justify;\">La gran mayor\u00eda de los edificios fueron construidos antes de la entrada en vigor del C\u00f3digo T\u00e9cnico de Edificaci\u00f3n, por lo tanto, no se tuvieron en cuenta los aislamientos al construirlos. Aproximadamente el <a href=\"https:\/\/www.amatimmobiliaris.com\/w\/2023\/03\/certificado-de-eficiencia-d-como-minimo-en-2033\/\" target=\"_blank\" rel=\"noopener\">80% del parque inmobiliario se clasifica en las categor\u00edas E, F y G<\/a>.<\/p>\n<p>&nbsp;<\/p>\n<p style=\"text-align: justify;\"><strong>AmatZonia<\/strong> ofrece el <a href=\"https:\/\/www.amatimmobiliaris.com\/w\/2023\/06\/servicio-de-prediagnostico-para-conseguir-las-ayudas-para-la-rehabilitacion-de-edificios\/\" target=\"_blank\" rel=\"noopener\">servicio de pre-diagn\u00f3stico del edificio<\/a> para conocer, inicialmente, el consumo de energ\u00eda de vuestro edificio, planteando opciones de rehabilitaci\u00f3n en eficiencia energ\u00e9tica para poder realizar una rehabilitaci\u00f3n con <strong>Fondos Next Generation<\/strong>, con ayudas de hasta el 80%.<\/p>\n<p>&nbsp;<\/p>\n<p style=\"text-align: justify;\">Pero adem\u00e1s de consumir menos, tambi\u00e9n debemos pensar en consumir de manera m\u00e1s \u00ablimpia\u00bb, por lo tanto, debemos considerar las energ\u00edas renovables.<\/p>\n<p>&nbsp;<\/p>\n<p style=\"text-align: justify;\">Hoy en d\u00eda existen muchas alternativas para consumir energ\u00eda sostenible, tanto en edificios unifamiliares como en los plurifamiliares. En <a href=\"https:\/\/www.amatimmobiliaris.com\/w\/2023\/06\/placas-fotovoltaicas-en-residencial\/\" target=\"_blank\" rel=\"noopener\">este post del blog<\/a> pod\u00e9is conocer estas alternativas.<\/p>\n<p>&nbsp;<\/p>\n<p style=\"text-align: justify;\">Desde <a href=\"https:\/\/www.amatimmobiliaris.com\/w\/servicios\/#Amatzonia\" target=\"_blank\" rel=\"noopener\">AmatZonia<\/a> queremos contribuir a este uso m\u00e1s eficiente de la energ\u00eda, no solo durante esta semana, sino acompa\u00f1\u00e1ndoos a lo largo de un proceso de renovaci\u00f3n del edificio. Con esto, logramos reducir tanto el consumo de energ\u00eda de nuestros hogares como garantizar que este consumo sea m\u00e1s limpio, utilizando fuentes de energ\u00eda sostenibles.<\/p>\n<p>&nbsp;<\/p>\n<p style=\"text-align: justify;\">Si quer\u00e9is un edificio que consuma menos energ\u00eda, que esta sea m\u00e1s limpia, que se revalorice y ayude a mejorar la salud, todo ello aprovechando ayudas a la rehabilitaci\u00f3n de hasta el 80%, no dud\u00e9is en <a href=\"https:\/\/www.amatimmobiliaris.com\/w\/contacto\/\" target=\"_blank\" rel=\"noopener\">contactarnos<\/a>. Estaremos encantados de asesoraros.<\/p>\n<p>&nbsp;<\/p>\n<p style=\"text-align: justify;\"><strong>\u00bfQuieres <a href=\"https:\/\/www.amatimmobiliaris.com\/w\/\" target=\"_blank\" rel=\"noopener\">conocer m\u00e1s sobre Amat Immobiliaris<\/a> y los servicios que ofrecemos? Haz clic <a href=\"https:\/\/www.amatimmobiliaris.com\/w\/servicios\/\" target=\"_blank\" rel=\"noopener\">aqu\u00ed<\/a>.<\/strong><\/p>\n<p>&nbsp;<\/p>\n<h5><strong>\u00bfTe ha gustado el art\u00edculo? <b>\u00a1Comp\u00e1rtelo!<\/b><\/strong><\/h5>\n<p><a href=\"https:\/\/twitter.com\/intent\/tweet?text=Es la Semana Europea de la Energ\u00eda Sostenible en la que el objetivo es promover la eficiencia energ\u00e9tica y fomentar el uso de energ\u00edas limpias.%0A%40amat_cat%0A%23energiarenovable%20%0A&amp;url=https:\/\/www.amatimmobiliaris.com\/w\/2023\/06\/acelerar-la-transicion-hacia-el-uso-de-energia-sostenible\/\" target=\"_blank\" rel=\"noopener\"><img loading=\"lazy\" decoding=\"async\" class=\"alignnone wp-image-19030 size-full\" src=\"https:\/\/www.amatimmobiliaris.com\/w\/wp-content\/uploads\/2021\/11\/twitter.png\" alt=\"\" width=\"25\" height=\"20\" \/><\/a><a href=\"https:\/\/www.facebook.com\/sharer\/sharer.php?u=https%3A%2F%2Fwww.amatimmobiliaris.com%2Fw%2F2023%2F06%2acelerar-la-transicion-hacia-el-uso-de-energia-sostenible%2F\" class=\"broken_link\" rel=\"nofollow\"><img loading=\"lazy\" decoding=\"async\" class=\"alignnone size-full wp-image-19024\" src=\"https:\/\/www.amatimmobiliaris.com\/w\/wp-content\/uploads\/2021\/11\/fb.png\" alt=\"\" width=\"12\" height=\"24\" \/><\/a><a href=\"https:\/\/www.linkedin.com\/sharing\/share-offsite\/?url=https%3A%2F%2Fwww.amatimmobiliaris.com%2Fw%2F2023%2F06%2Facelerar-la-transicion-hacia-el-uso-de-energia-sostenible%2F\"><img loading=\"lazy\" decoding=\"async\" class=\"alignnone size-full wp-image-19028\" src=\"https:\/\/www.amatimmobiliaris.com\/w\/wp-content\/uploads\/2021\/11\/linkedin.png\" alt=\"\" width=\"25\" height=\"25\" \/><\/a><\/p>\n","protected":false},"excerpt":{"rendered":"<p>Promoci\u00f3n de la eficiencia energ\u00e9tica y las energ\u00edas renovables: Acompa\u00f1\u00e1ndoos hacia un futuro sostenible. &nbsp; Del 20 al 22 de junio se celebra la Semana Europea de la Energ\u00eda Sostenible, conocida como European Sustainable Energy Week (EUSEW) en ingl\u00e9s. Esta semana es una iniciativa de la Comisi\u00f3n Europea con el objetivo de promover la eficiencia [&hellip;]<\/p>\n","protected":false},"author":1,"featured_media":28523,"comment_status":"closed","ping_status":"closed","sticky":false,"template":"","format":"standard","meta":{"content-type":"","footnotes":""},"categories":[879,1166,865],"tags":[958,1742,1097,1794,1678,1222,1028,1235,1056,942,974,1806,1003,1560,1260],"yoast_head":"<!-- This site is optimized with the Yoast SEO plugin v23.9 - https:\/\/yoast.com\/wordpress\/plugins\/seo\/ -->\n<title>Acelerar la transici\u00f3n hacia el uso de energ\u00eda sostenible | Amat Immobiliaris<\/title>\n<meta name=\"description\" content=\"Es la Semana Europea de la Energ\u00eda Sostenible en la que el objetivo es promover la eficiencia energ\u00e9tica y fomentar el uso de energ\u00edas limpias.\" \/>\n<meta name=\"robots\" content=\"index, follow, max-snippet:-1, max-image-preview:large, max-video-preview:-1\" \/>\n<link rel=\"canonical\" href=\"https:\/\/www.amatimmobiliaris.com\/w\/2023\/06\/acelerar-la-transicion-hacia-el-uso-de-energia-sostenible\/\" \/>\n<meta property=\"og:locale\" content=\"es_ES\" \/>\n<meta property=\"og:type\" content=\"article\" \/>\n<meta property=\"og:title\" content=\"Acelerar la transici\u00f3n hacia el uso de energ\u00eda sostenible | Amat Immobiliaris\" \/>\n<meta property=\"og:description\" content=\"Es la Semana Europea de la Energ\u00eda Sostenible en la que el objetivo es promover la eficiencia energ\u00e9tica y fomentar el uso de energ\u00edas limpias.\" \/>\n<meta property=\"og:url\" content=\"https:\/\/www.amatimmobiliaris.com\/w\/2023\/06\/acelerar-la-transicion-hacia-el-uso-de-energia-sostenible\/\" \/>\n<meta property=\"og:site_name\" content=\"Amat Immobiliaris\" \/>\n<meta property=\"article:publisher\" content=\"https:\/\/www.facebook.com\/amatimmobiliaris\" \/>\n<meta property=\"article:published_time\" content=\"2023-06-20T08:00:08+00:00\" \/>\n<meta property=\"article:modified_time\" content=\"2023-06-22T11:53:35+00:00\" \/>\n<meta property=\"og:image\" content=\"https:\/\/www.amatimmobiliaris.com\/w\/wp-content\/uploads\/2023\/06\/ajuts-per-a-la-rehabilitacio-dedificis-scaled.jpg\" \/>\n\t<meta property=\"og:image:width\" content=\"2560\" \/>\n\t<meta property=\"og:image:height\" content=\"1707\" \/>\n\t<meta property=\"og:image:type\" content=\"image\/jpeg\" \/>\n<meta name=\"author\" content=\"Amat Immobiliaris\" \/>\n<meta name=\"twitter:card\" content=\"summary_large_image\" \/>\n<meta name=\"twitter:creator\" content=\"@amat_cat\" \/>\n<meta name=\"twitter:site\" content=\"@amat_cat\" \/>\n<meta name=\"twitter:label1\" content=\"Escrito por\" \/>\n\t<meta name=\"twitter:data1\" content=\"Amat Immobiliaris\" \/>\n\t<meta name=\"twitter:label2\" content=\"Tiempo de lectura\" \/>\n\t<meta name=\"twitter:data2\" content=\"3 minutos\" \/>\n<script type=\"application\/ld+json\" class=\"yoast-schema-graph\">{\"@context\":\"https:\/\/schema.org\",\"@graph\":[{\"@type\":\"Article\",\"@id\":\"https:\/\/www.amatimmobiliaris.com\/w\/2023\/06\/acelerar-la-transicion-hacia-el-uso-de-energia-sostenible\/#article\",\"isPartOf\":{\"@id\":\"https:\/\/www.amatimmobiliaris.com\/w\/2023\/06\/acelerar-la-transicion-hacia-el-uso-de-energia-sostenible\/\"},\"author\":{\"name\":\"Amat Immobiliaris\",\"@id\":\"https:\/\/www.amatimmobiliaris.com\/w\/#\/schema\/person\/c880da71d1e156e7ea6774ffb445e034\"},\"headline\":\"Acelerar la transici\u00f3n hacia el uso de energ\u00eda sostenible\",\"datePublished\":\"2023-06-20T08:00:08+00:00\",\"dateModified\":\"2023-06-22T11:53:35+00:00\",\"mainEntityOfPage\":{\"@id\":\"https:\/\/www.amatimmobiliaris.com\/w\/2023\/06\/acelerar-la-transicion-hacia-el-uso-de-energia-sostenible\/\"},\"wordCount\":538,\"publisher\":{\"@id\":\"https:\/\/www.amatimmobiliaris.com\/w\/#organization\"},\"image\":{\"@id\":\"https:\/\/www.amatimmobiliaris.com\/w\/2023\/06\/acelerar-la-transicion-hacia-el-uso-de-energia-sostenible\/#primaryimage\"},\"thumbnailUrl\":\"https:\/\/www.amatimmobiliaris.com\/w\/wp-content\/uploads\/2023\/06\/ajuts-per-a-la-rehabilitacio-dedificis-scaled.jpg\",\"keywords\":[\"Alquiler\",\"Arquitectura\",\"Barcelona\",\"Beneficios\",\"Casa\",\"Catalu\u00f1a\",\"Cubierta verde\",\"Econom\u00eda\",\"Eficiencia energ\u00e9tica\",\"Inmobiliaria\",\"Mercado inmobiliario\",\"Piso\",\"placas solares\",\"Promotor\",\"Vivienda\"],\"articleSection\":[\"Arquitectura y decoraci\u00f3n\",\"Eficiencia energ\u00e9tica\",\"Sector Inmobiliario\"],\"inLanguage\":\"es\"},{\"@type\":\"WebPage\",\"@id\":\"https:\/\/www.amatimmobiliaris.com\/w\/2023\/06\/acelerar-la-transicion-hacia-el-uso-de-energia-sostenible\/\",\"url\":\"https:\/\/www.amatimmobiliaris.com\/w\/2023\/06\/acelerar-la-transicion-hacia-el-uso-de-energia-sostenible\/\",\"name\":\"Acelerar la transici\u00f3n hacia el uso de energ\u00eda sostenible | Amat Immobiliaris\",\"isPartOf\":{\"@id\":\"https:\/\/www.amatimmobiliaris.com\/w\/#website\"},\"primaryImageOfPage\":{\"@id\":\"https:\/\/www.amatimmobiliaris.com\/w\/2023\/06\/acelerar-la-transicion-hacia-el-uso-de-energia-sostenible\/#primaryimage\"},\"image\":{\"@id\":\"https:\/\/www.amatimmobiliaris.com\/w\/2023\/06\/acelerar-la-transicion-hacia-el-uso-de-energia-sostenible\/#primaryimage\"},\"thumbnailUrl\":\"https:\/\/www.amatimmobiliaris.com\/w\/wp-content\/uploads\/2023\/06\/ajuts-per-a-la-rehabilitacio-dedificis-scaled.jpg\",\"datePublished\":\"2023-06-20T08:00:08+00:00\",\"dateModified\":\"2023-06-22T11:53:35+00:00\",\"description\":\"Es la Semana Europea de la Energ\u00eda Sostenible en la que el objetivo es promover la eficiencia energ\u00e9tica y fomentar el uso de energ\u00edas limpias.\",\"breadcrumb\":{\"@id\":\"https:\/\/www.amatimmobiliaris.com\/w\/2023\/06\/acelerar-la-transicion-hacia-el-uso-de-energia-sostenible\/#breadcrumb\"},\"inLanguage\":\"es\",\"potentialAction\":[{\"@type\":\"ReadAction\",\"target\":[\"https:\/\/www.amatimmobiliaris.com\/w\/2023\/06\/acelerar-la-transicion-hacia-el-uso-de-energia-sostenible\/\"]}]},{\"@type\":\"ImageObject\",\"inLanguage\":\"es\",\"@id\":\"https:\/\/www.amatimmobiliaris.com\/w\/2023\/06\/acelerar-la-transicion-hacia-el-uso-de-energia-sostenible\/#primaryimage\",\"url\":\"https:\/\/www.amatimmobiliaris.com\/w\/wp-content\/uploads\/2023\/06\/ajuts-per-a-la-rehabilitacio-dedificis-scaled.jpg\",\"contentUrl\":\"https:\/\/www.amatimmobiliaris.com\/w\/wp-content\/uploads\/2023\/06\/ajuts-per-a-la-rehabilitacio-dedificis-scaled.jpg\",\"width\":2560,\"height\":1707,\"caption\":\"Imagen de Freepik\"},{\"@type\":\"BreadcrumbList\",\"@id\":\"https:\/\/www.amatimmobiliaris.com\/w\/2023\/06\/acelerar-la-transicion-hacia-el-uso-de-energia-sostenible\/#breadcrumb\",\"itemListElement\":[{\"@type\":\"ListItem\",\"position\":1,\"name\":\"Home\",\"item\":\"https:\/\/www.amatimmobiliaris.com\/w\/\"},{\"@type\":\"ListItem\",\"position\":2,\"name\":\"Noticias\",\"item\":\"https:\/\/www.amatimmobiliaris.com\/w\/category\/noticias\/\"},{\"@type\":\"ListItem\",\"position\":3,\"name\":\"Sector Inmobiliario\",\"item\":\"https:\/\/www.amatimmobiliaris.com\/w\/category\/noticias\/sector-inmobiliario\/\"},{\"@type\":\"ListItem\",\"position\":4,\"name\":\"Acelerar la transici\u00f3n hacia el uso de energ\u00eda sostenible\"}]},{\"@type\":\"WebSite\",\"@id\":\"https:\/\/www.amatimmobiliaris.com\/w\/#website\",\"url\":\"https:\/\/www.amatimmobiliaris.com\/w\/\",\"name\":\"Amat Immobiliaris\",\"description\":\"Empresa familiar del sector inmobiliario con oficinas en Barcelona, Sant Cugat del Vall\u00e9s y Sant Just Desvern. Te ayudamos a comprar, alquilar o vender tu casa o piso. Somos un equipo coherente con una cultura de empresa honesta, innovadora y eficaz. Tambi\u00e9n en www.amatluxury.com\",\"publisher\":{\"@id\":\"https:\/\/www.amatimmobiliaris.com\/w\/#organization\"},\"alternateName\":\"AmatImmo\",\"potentialAction\":[{\"@type\":\"SearchAction\",\"target\":{\"@type\":\"EntryPoint\",\"urlTemplate\":\"https:\/\/www.amatimmobiliaris.com\/w\/?s={search_term_string}\"},\"query-input\":{\"@type\":\"PropertyValueSpecification\",\"valueRequired\":true,\"valueName\":\"search_term_string\"}}],\"inLanguage\":\"es\"},{\"@type\":\"Organization\",\"@id\":\"https:\/\/www.amatimmobiliaris.com\/w\/#organization\",\"name\":\"Amat Immobiliaris\",\"url\":\"https:\/\/www.amatimmobiliaris.com\/w\/\",\"logo\":{\"@type\":\"ImageObject\",\"inLanguage\":\"es\",\"@id\":\"https:\/\/www.amatimmobiliaris.com\/w\/#\/schema\/logo\/image\/\",\"url\":\"https:\/\/www.amatimmobiliaris.com\/w\/wp-content\/uploads\/2022\/10\/amat-logo.jpg\",\"contentUrl\":\"https:\/\/www.amatimmobiliaris.com\/w\/wp-content\/uploads\/2022\/10\/amat-logo.jpg\",\"width\":900,\"height\":900,\"caption\":\"Amat Immobiliaris\"},\"image\":{\"@id\":\"https:\/\/www.amatimmobiliaris.com\/w\/#\/schema\/logo\/image\/\"},\"sameAs\":[\"https:\/\/www.facebook.com\/amatimmobiliaris\",\"https:\/\/x.com\/amat_cat\",\"https:\/\/www.instagram.com\/amat_immo\/\",\"https:\/\/www.linkedin.com\/company\/amat-finques\/\",\"https:\/\/www.youtube.com\/@amatimmobiliaris\"]},{\"@type\":\"Person\",\"@id\":\"https:\/\/www.amatimmobiliaris.com\/w\/#\/schema\/person\/c880da71d1e156e7ea6774ffb445e034\",\"name\":\"Amat Immobiliaris\",\"sameAs\":[\"http:\/\/amat-inmo-wp.localhost\"]}]}<\/script>\n<!-- \/ Yoast SEO plugin. -->","yoast_head_json":{"title":"Acelerar la transici\u00f3n hacia el uso de energ\u00eda sostenible | Amat Immobiliaris","description":"Es la Semana Europea de la Energ\u00eda Sostenible en la que el objetivo es promover la eficiencia energ\u00e9tica y fomentar el uso de energ\u00edas limpias.","robots":{"index":"index","follow":"follow","max-snippet":"max-snippet:-1","max-image-preview":"max-image-preview:large","max-video-preview":"max-video-preview:-1"},"canonical":"https:\/\/www.amatimmobiliaris.com\/w\/2023\/06\/acelerar-la-transicion-hacia-el-uso-de-energia-sostenible\/","og_locale":"es_ES","og_type":"article","og_title":"Acelerar la transici\u00f3n hacia el uso de energ\u00eda sostenible | Amat Immobiliaris","og_description":"Es la Semana Europea de la Energ\u00eda Sostenible en la que el objetivo es promover la eficiencia energ\u00e9tica y fomentar el uso de energ\u00edas limpias.","og_url":"https:\/\/www.amatimmobiliaris.com\/w\/2023\/06\/acelerar-la-transicion-hacia-el-uso-de-energia-sostenible\/","og_site_name":"Amat Immobiliaris","article_publisher":"https:\/\/www.facebook.com\/amatimmobiliaris","article_published_time":"2023-06-20T08:00:08+00:00","article_modified_time":"2023-06-22T11:53:35+00:00","og_image":[{"width":2560,"height":1707,"url":"https:\/\/www.amatimmobiliaris.com\/w\/wp-content\/uploads\/2023\/06\/ajuts-per-a-la-rehabilitacio-dedificis-scaled.jpg","type":"image\/jpeg"}],"author":"Amat Immobiliaris","twitter_card":"summary_large_image","twitter_creator":"@amat_cat","twitter_site":"@amat_cat","twitter_misc":{"Escrito por":"Amat Immobiliaris","Tiempo de lectura":"3 minutos"},"schema":{"@context":"https:\/\/schema.org","@graph":[{"@type":"Article","@id":"https:\/\/www.amatimmobiliaris.com\/w\/2023\/06\/acelerar-la-transicion-hacia-el-uso-de-energia-sostenible\/#article","isPartOf":{"@id":"https:\/\/www.amatimmobiliaris.com\/w\/2023\/06\/acelerar-la-transicion-hacia-el-uso-de-energia-sostenible\/"},"author":{"name":"Amat Immobiliaris","@id":"https:\/\/www.amatimmobiliaris.com\/w\/#\/schema\/person\/c880da71d1e156e7ea6774ffb445e034"},"headline":"Acelerar la transici\u00f3n hacia el uso de energ\u00eda sostenible","datePublished":"2023-06-20T08:00:08+00:00","dateModified":"2023-06-22T11:53:35+00:00","mainEntityOfPage":{"@id":"https:\/\/www.amatimmobiliaris.com\/w\/2023\/06\/acelerar-la-transicion-hacia-el-uso-de-energia-sostenible\/"},"wordCount":538,"publisher":{"@id":"https:\/\/www.amatimmobiliaris.com\/w\/#organization"},"image":{"@id":"https:\/\/www.amatimmobiliaris.com\/w\/2023\/06\/acelerar-la-transicion-hacia-el-uso-de-energia-sostenible\/#primaryimage"},"thumbnailUrl":"https:\/\/www.amatimmobiliaris.com\/w\/wp-content\/uploads\/2023\/06\/ajuts-per-a-la-rehabilitacio-dedificis-scaled.jpg","keywords":["Alquiler","Arquitectura","Barcelona","Beneficios","Casa","Catalu\u00f1a","Cubierta verde","Econom\u00eda","Eficiencia energ\u00e9tica","Inmobiliaria","Mercado inmobiliario","Piso","placas solares","Promotor","Vivienda"],"articleSection":["Arquitectura y decoraci\u00f3n","Eficiencia energ\u00e9tica","Sector Inmobiliario"],"inLanguage":"es"},{"@type":"WebPage","@id":"https:\/\/www.amatimmobiliaris.com\/w\/2023\/06\/acelerar-la-transicion-hacia-el-uso-de-energia-sostenible\/","url":"https:\/\/www.amatimmobiliaris.com\/w\/2023\/06\/acelerar-la-transicion-hacia-el-uso-de-energia-sostenible\/","name":"Acelerar la transici\u00f3n hacia el uso de energ\u00eda sostenible | Amat Immobiliaris","isPartOf":{"@id":"https:\/\/www.amatimmobiliaris.com\/w\/#website"},"primaryImageOfPage":{"@id":"https:\/\/www.amatimmobiliaris.com\/w\/2023\/06\/acelerar-la-transicion-hacia-el-uso-de-energia-sostenible\/#primaryimage"},"image":{"@id":"https:\/\/www.amatimmobiliaris.com\/w\/2023\/06\/acelerar-la-transicion-hacia-el-uso-de-energia-sostenible\/#primaryimage"},"thumbnailUrl":"https:\/\/www.amatimmobiliaris.com\/w\/wp-content\/uploads\/2023\/06\/ajuts-per-a-la-rehabilitacio-dedificis-scaled.jpg","datePublished":"2023-06-20T08:00:08+00:00","dateModified":"2023-06-22T11:53:35+00:00","description":"Es la Semana Europea de la Energ\u00eda Sostenible en la que el objetivo es promover la eficiencia energ\u00e9tica y fomentar el uso de energ\u00edas limpias.","breadcrumb":{"@id":"https:\/\/www.amatimmobiliaris.com\/w\/2023\/06\/acelerar-la-transicion-hacia-el-uso-de-energia-sostenible\/#breadcrumb"},"inLanguage":"es","potentialAction":[{"@type":"ReadAction","target":["https:\/\/www.amatimmobiliaris.com\/w\/2023\/06\/acelerar-la-transicion-hacia-el-uso-de-energia-sostenible\/"]}]},{"@type":"ImageObject","inLanguage":"es","@id":"https:\/\/www.amatimmobiliaris.com\/w\/2023\/06\/acelerar-la-transicion-hacia-el-uso-de-energia-sostenible\/#primaryimage","url":"https:\/\/www.amatimmobiliaris.com\/w\/wp-content\/uploads\/2023\/06\/ajuts-per-a-la-rehabilitacio-dedificis-scaled.jpg","contentUrl":"https:\/\/www.amatimmobiliaris.com\/w\/wp-content\/uploads\/2023\/06\/ajuts-per-a-la-rehabilitacio-dedificis-scaled.jpg","width":2560,"height":1707,"caption":"Imagen de Freepik"},{"@type":"BreadcrumbList","@id":"https:\/\/www.amatimmobiliaris.com\/w\/2023\/06\/acelerar-la-transicion-hacia-el-uso-de-energia-sostenible\/#breadcrumb","itemListElement":[{"@type":"ListItem","position":1,"name":"Home","item":"https:\/\/www.amatimmobiliaris.com\/w\/"},{"@type":"ListItem","position":2,"name":"Noticias","item":"https:\/\/www.amatimmobiliaris.com\/w\/category\/noticias\/"},{"@type":"ListItem","position":3,"name":"Sector Inmobiliario","item":"https:\/\/www.amatimmobiliaris.com\/w\/category\/noticias\/sector-inmobiliario\/"},{"@type":"ListItem","position":4,"name":"Acelerar la transici\u00f3n hacia el uso de energ\u00eda sostenible"}]},{"@type":"WebSite","@id":"https:\/\/www.amatimmobiliaris.com\/w\/#website","url":"https:\/\/www.amatimmobiliaris.com\/w\/","name":"Amat Immobiliaris","description":"Empresa familiar del sector inmobiliario con oficinas en Barcelona, Sant Cugat del Vall\u00e9s y Sant Just Desvern. Te ayudamos a comprar, alquilar o vender tu casa o piso. Somos un equipo coherente con una cultura de empresa honesta, innovadora y eficaz. Tambi\u00e9n en www.amatluxury.com","publisher":{"@id":"https:\/\/www.amatimmobiliaris.com\/w\/#organization"},"alternateName":"AmatImmo","potentialAction":[{"@type":"SearchAction","target":{"@type":"EntryPoint","urlTemplate":"https:\/\/www.amatimmobiliaris.com\/w\/?s={search_term_string}"},"query-input":{"@type":"PropertyValueSpecification","valueRequired":true,"valueName":"search_term_string"}}],"inLanguage":"es"},{"@type":"Organization","@id":"https:\/\/www.amatimmobiliaris.com\/w\/#organization","name":"Amat Immobiliaris","url":"https:\/\/www.amatimmobiliaris.com\/w\/","logo":{"@type":"ImageObject","inLanguage":"es","@id":"https:\/\/www.amatimmobiliaris.com\/w\/#\/schema\/logo\/image\/","url":"https:\/\/www.amatimmobiliaris.com\/w\/wp-content\/uploads\/2022\/10\/amat-logo.jpg","contentUrl":"https:\/\/www.amatimmobiliaris.com\/w\/wp-content\/uploads\/2022\/10\/amat-logo.jpg","width":900,"height":900,"caption":"Amat Immobiliaris"},"image":{"@id":"https:\/\/www.amatimmobiliaris.com\/w\/#\/schema\/logo\/image\/"},"sameAs":["https:\/\/www.facebook.com\/amatimmobiliaris","https:\/\/x.com\/amat_cat","https:\/\/www.instagram.com\/amat_immo\/","https:\/\/www.linkedin.com\/company\/amat-finques\/","https:\/\/www.youtube.com\/@amatimmobiliaris"]},{"@type":"Person","@id":"https:\/\/www.amatimmobiliaris.com\/w\/#\/schema\/person\/c880da71d1e156e7ea6774ffb445e034","name":"Amat Immobiliaris","sameAs":["http:\/\/amat-inmo-wp.localhost"]}]}},"_links":{"self":[{"href":"https:\/\/www.amatimmobiliaris.com\/w\/wp-json\/wp\/v2\/posts\/28592"}],"collection":[{"href":"https:\/\/www.amatimmobiliaris.com\/w\/wp-json\/wp\/v2\/posts"}],"about":[{"href":"https:\/\/www.amatimmobiliaris.com\/w\/wp-json\/wp\/v2\/types\/post"}],"author":[{"embeddable":true,"href":"https:\/\/www.amatimmobiliaris.com\/w\/wp-json\/wp\/v2\/users\/1"}],"replies":[{"embeddable":true,"href":"https:\/\/www.amatimmobiliaris.com\/w\/wp-json\/wp\/v2\/comments?post=28592"}],"version-history":[{"count":3,"href":"https:\/\/www.amatimmobiliaris.com\/w\/wp-json\/wp\/v2\/posts\/28592\/revisions"}],"predecessor-version":[{"id":28658,"href":"https:\/\/www.amatimmobiliaris.com\/w\/wp-json\/wp\/v2\/posts\/28592\/revisions\/28658"}],"wp:featuredmedia":[{"embeddable":true,"href":"https:\/\/www.amatimmobiliaris.com\/w\/wp-json\/wp\/v2\/media\/28523"}],"wp:attachment":[{"href":"https:\/\/www.amatimmobiliaris.com\/w\/wp-json\/wp\/v2\/media?parent=28592"}],"wp:term":[{"taxonomy":"category","embeddable":true,"href":"https:\/\/www.amatimmobiliaris.com\/w\/wp-json\/wp\/v2\/categories?post=28592"},{"taxonomy":"post_tag","embeddable":true,"href":"https:\/\/www.amatimmobiliaris.com\/w\/wp-json\/wp\/v2\/tags?post=28592"}],"curies":[{"name":"wp","href":"https:\/\/api.w.org\/{rel}","templated":true}]}}