{"id":28459,"date":"2023-06-08T08:00:26","date_gmt":"2023-06-08T08:00:26","guid":{"rendered":"https:\/\/www.amatimmobiliaris.com\/w\/?p=28459"},"modified":"2023-06-13T15:47:51","modified_gmt":"2023-06-13T15:47:51","slug":"placas-fotovoltaicas-en-residencial","status":"publish","type":"post","link":"https:\/\/www.amatimmobiliaris.com\/w\/2023\/06\/placas-fotovoltaicas-en-residencial\/","title":{"rendered":"Placas fotovoltaicas en residencial"},"content":{"rendered":"<h3>La instalaci\u00f3n de placas fotovoltaicas son una mejora para el ahorro econ\u00f3mico individual y para lograr edificios energ\u00e9ticamente m\u00e1s eficientes.<\/h3>\n<p>&nbsp;<\/p>\n<p style=\"text-align: left;\">En <a href=\"https:\/\/www.amatimmobiliaris.com\/w\/servicios\/#Amatzonia\" target=\"_blank\" rel=\"noopener\">AmatZonia<\/a>, uno de nuestros principales objetivos es ayudar a los propietarios a alcanzar edificios energ\u00e9ticamente m\u00e1s eficientes, y una de las formas de lograrlo es a trav\u00e9s de las Energ\u00edas Renovables, concretamente, mediante la instalaci\u00f3n de placas fotovoltaicas.<\/p>\n<p>&nbsp;<\/p>\n<p style=\"text-align: justify;\">Estas son obras de mejoras esenciales que se requieren tanto para el ahorro econ\u00f3mico a nivel individual como para contribuir a la mitigaci\u00f3n del cambio clim\u00e1tico mediante la generaci\u00f3n de energ\u00eda verde.<\/p>\n<p>&nbsp;<\/p>\n<p style=\"text-align: justify;\">El <a href=\"https:\/\/www.parlament.cat\/web\/index.html\" target=\"_blank\" rel=\"noopener\"><em>Parlament de Catalunya<\/em><\/a> aprob\u00f3 el Decreto Ley 28\/2021, de 21 de diciembre, que modifica el libro quinto del C\u00f3digo Civil de Catalu\u00f1a, con el objetivo de incorporar la regulaci\u00f3n de las instalaciones destinadas a la eficiencia energ\u00e9tica o h\u00eddrica y de promover sistemas de energ\u00edas renovables en los edificios sujetos al r\u00e9gimen de propiedad horizontal. Los objetivos en relaci\u00f3n con las instalaciones de autoconsumo son los siguientes:<\/p>\n<ul style=\"text-align: justify;\">\n<li>Los acuerdos relativos a la eficiencia energ\u00e9tica de los edificios se aprueban por mayor\u00eda simple.<\/li>\n<li>Posibilidad de financiaci\u00f3n por parte de la comunidad para hacer frente a los gastos derivados por la ejecuci\u00f3n de las obras.<\/li>\n<\/ul>\n<p>&nbsp;<\/p>\n<h5 style=\"text-align: justify;\"><strong><b>El tipo de instalaciones m\u00e1s habituales son:<\/b><\/strong><\/h5>\n<ul style=\"text-align: justify;\">\n<li>Individuales en viviendas unifamiliares.<\/li>\n<li>Colectivas en viviendas plurifamiliares, proporcionando energ\u00eda a servicios comunes y vecinos.<\/li>\n<\/ul>\n<p style=\"text-align: justify;\">Las instalaciones fotovoltaicas se pueden combinar con una <a href=\"https:\/\/www.amatimmobiliaris.com\/w\/2021\/06\/los-beneficios-las-cubiertas-verdes-edificios\/\">cubierta verde<\/a>, lo que permite dar una nueva vida a la cubierta de nuestro edificio. En muchas ocasiones, esta zona se tiene poco en cuenta y, sin embargo, nos ofrece muchas posibilidades.<\/p>\n<p>&nbsp;<\/p>\n<p style=\"text-align: justify;\">Es importante destacar que en todos los casos se requiere realizar un estudio adaptado a las necesidades reales, ya que cuanto m\u00e1s se ajuste el autoconsumo, mayor ser\u00e1 el ahorro generado y m\u00e1s r\u00e1pida ser\u00e1 la amortizaci\u00f3n de la instalaci\u00f3n.<\/p>\n<figure id=\"attachment_28468\" aria-describedby=\"caption-attachment-28468\" style=\"width: 2000px\" class=\"wp-caption alignnone\"><img loading=\"lazy\" decoding=\"async\" class=\"size-full wp-image-28468\" src=\"https:\/\/www.amatimmobiliaris.com\/w\/wp-content\/uploads\/2023\/06\/Cubiertas-verdes-Mannigroup.webp\" alt=\"Cubiertas verdes\" width=\"2000\" height=\"878\" srcset=\"https:\/\/www.amatimmobiliaris.com\/w\/wp-content\/uploads\/2023\/06\/Cubiertas-verdes-Mannigroup.webp 2000w, https:\/\/www.amatimmobiliaris.com\/w\/wp-content\/uploads\/2023\/06\/Cubiertas-verdes-Mannigroup-300x132.webp 300w, https:\/\/www.amatimmobiliaris.com\/w\/wp-content\/uploads\/2023\/06\/Cubiertas-verdes-Mannigroup-1024x450.webp 1024w, https:\/\/www.amatimmobiliaris.com\/w\/wp-content\/uploads\/2023\/06\/Cubiertas-verdes-Mannigroup-768x337.webp 768w, https:\/\/www.amatimmobiliaris.com\/w\/wp-content\/uploads\/2023\/06\/Cubiertas-verdes-Mannigroup-1536x674.webp 1536w\" sizes=\"(max-width: 2000px) 100vw, 2000px\" \/><figcaption id=\"caption-attachment-28468\" class=\"wp-caption-text\">Fuente <a href=\"https:\/\/blog.mannigroup.com\/es-es\/isopan\/instalar-cubierta-verde\" target=\"_blank\" rel=\"noopener\">MANNI GROUP<\/a><\/figcaption><\/figure>\n<h5 style=\"text-align: justify;\"><strong><b>Los principales beneficios de una instalaci\u00f3n de autoconsumo son:<\/b><\/strong><\/h5>\n<ul style=\"text-align: justify;\">\n<li>Conseguir un ahorro energ\u00e9tico y econ\u00f3mico reduciendo el importe de la factura.<\/li>\n<li>Gestionar la energ\u00eda generada.<\/li>\n<li>Facilitar el acceso al veh\u00edculo el\u00e9ctrico con energ\u00eda km 0.<\/li>\n<li>Reducir las emisiones del sistema convencional.<\/li>\n<li>Disminuir la dependencia energ\u00e9tica exterior.<\/li>\n<li>Luchar contra el cambio clim\u00e1tico y mejorar la calidad del aire.<\/li>\n<\/ul>\n<p>&nbsp;<\/p>\n<h5 style=\"text-align: justify;\"><strong><b>Adem\u00e1s, existen diversos tipos de ayudas importantes a tener en cuenta:<\/b><\/strong><\/h5>\n<ul style=\"text-align: justify;\">\n<li>Bonificaciones en el Impuesto de Bienes Inmuebles (IBI) por parte de los Ayuntamientos: en algunos casos, el municipio puede llegar a cubrir el 100% del coste de la instalaci\u00f3n.<\/li>\n<li>Ayudas ICAEN (Instituto Catal\u00e1n de la Energ\u00eda): aunque la dotaci\u00f3n ha sido superada, existe una convocatoria abierta para acceder a estas ayudas.<\/li>\n<\/ul>\n<p style=\"text-align: justify;\">Tambi\u00e9n se puede realizar la instalaci\u00f3n como parte de las acciones para la rehabilitaci\u00f3n en eficiencia energ\u00e9tica, utilizando los <strong>Fondos Next Generation<\/strong>.\u00a0En nuestro blog, <a href=\"https:\/\/www.amatimmobiliaris.com\/w\/2022\/07\/ya-se-pueden-tramitar-las-solicitudes-de-los-fondos-next-generation-para-la-rehabilitacion-en-la-eficiencia-energetica\/\" target=\"_blank\" rel=\"noopener\">proporcionamos informaci\u00f3n detallada sobre estos fondos y c\u00f3mo aprovecharlos.<\/a><\/p>\n<p>&nbsp;<\/p>\n<p style=\"text-align: justify;\">Desde <a href=\"https:\/\/www.amatimmobiliaris.com\/w\/2022\/02\/os-presentamos-amatzonia\/\">AmatZonia,<\/a> estamos encantados de asesoraros sobre la mejor opci\u00f3n para vuestra vivienda con el objetivo de generar energ\u00eda para autoconsumo, aprovechando al m\u00e1ximo todas las ventajas que esto conlleva.<\/p>\n<p>&nbsp;<\/p>\n<p style=\"text-align: justify;\"><strong>\u00bfQuieres <a href=\"https:\/\/www.amatimmobiliaris.com\/w\/\" target=\"_blank\" rel=\"noopener\">conocer m\u00e1s sobre Amat Immobiliaris<\/a> y los servicios que ofrecemos? Haz clic <a href=\"https:\/\/www.amatimmobiliaris.com\/w\/servicios\/\" target=\"_blank\" rel=\"noopener\">aqu\u00ed<\/a>.<\/strong><\/p>\n<p>&nbsp;<\/p>\n<h5><strong>\u00bfTe ha gustado el art\u00edculo? <b>\u00a1Comp\u00e1rtelo!<\/b><\/strong><\/h5>\n<p><a href=\"https:\/\/twitter.com\/intent\/tweet?text=La+instalaci%C3%B3n+de+placas+fotovoltaicas+son+un+paso+al+ahorro+econ%C3%B3mico+individual+y+a+edificios+eficientes+energ\u00e9ticamente.%0A%40amat_cat%0A%23energiarenovable%20%0A&amp;url=https:\/\/www.amatimmobiliaris.com\/w\/2023\/06\/placas-fotovoltaicas-en-residencial\/\" target=\"_blank\" rel=\"noopener\"><img loading=\"lazy\" decoding=\"async\" class=\"alignnone wp-image-19030 size-full\" src=\"https:\/\/www.amatimmobiliaris.com\/w\/wp-content\/uploads\/2021\/11\/twitter.png\" alt=\"\" width=\"25\" height=\"20\" \/><\/a><a href=\"https:\/\/www.facebook.com\/sharer\/sharer.php?u=https%3A%2F%2Fwww.amatimmobiliaris.com%2Fw%2F2023%2F06%2Fplacas-fotovoltaicas-en-residencial%2F\" class=\"broken_link\" rel=\"nofollow\"><img loading=\"lazy\" decoding=\"async\" class=\"alignnone size-full wp-image-19024\" src=\"https:\/\/www.amatimmobiliaris.com\/w\/wp-content\/uploads\/2021\/11\/fb.png\" alt=\"\" width=\"12\" height=\"24\" \/><\/a><a href=\"https:\/\/www.linkedin.com\/sharing\/share-offsite\/?url=https%3A%2F%2Fwww.amatimmobiliaris.com%2Fw%2F2023%2F06%2Fplacas-fotovoltaicas-en-residencial%2F\"><img loading=\"lazy\" decoding=\"async\" class=\"alignnone size-full wp-image-19028\" src=\"https:\/\/www.amatimmobiliaris.com\/w\/wp-content\/uploads\/2021\/11\/linkedin.png\" alt=\"\" width=\"25\" height=\"25\" \/><\/a><\/p>\n","protected":false},"excerpt":{"rendered":"<p>La instalaci\u00f3n de placas fotovoltaicas son una mejora para el ahorro econ\u00f3mico individual y para lograr edificios energ\u00e9ticamente m\u00e1s eficientes. &nbsp; En AmatZonia, uno de nuestros principales objetivos es ayudar a los propietarios a alcanzar edificios energ\u00e9ticamente m\u00e1s eficientes, y una de las formas de lograrlo es a trav\u00e9s de las Energ\u00edas Renovables, concretamente, mediante [&hellip;]<\/p>\n","protected":false},"author":1,"featured_media":28466,"comment_status":"closed","ping_status":"closed","sticky":false,"template":"","format":"standard","meta":{"content-type":"","footnotes":""},"categories":[879,1166,865],"tags":[958,1742,1097,1794,1678,1222,1028,1235,1056,942,974,998,1806,1003,1560,1260],"yoast_head":"<!-- This site is optimized with the Yoast SEO plugin v23.9 - https:\/\/yoast.com\/wordpress\/plugins\/seo\/ -->\n<title>Placas fotovoltaicas en residencial | Amat Immobiliaris<\/title>\n<meta name=\"description\" content=\"La instalaci\u00f3n de placas fotovoltaicas es una de las v\u00edas para conseguir edificios energ\u00e9ticamente m\u00e1s eficientes.\" \/>\n<meta name=\"robots\" content=\"index, follow, max-snippet:-1, max-image-preview:large, max-video-preview:-1\" \/>\n<link rel=\"canonical\" href=\"https:\/\/www.amatimmobiliaris.com\/w\/2023\/06\/placas-fotovoltaicas-en-residencial\/\" \/>\n<meta property=\"og:locale\" content=\"es_ES\" \/>\n<meta property=\"og:type\" content=\"article\" \/>\n<meta property=\"og:title\" content=\"Placas fotovoltaicas en residencial | Amat Immobiliaris\" \/>\n<meta property=\"og:description\" content=\"La instalaci\u00f3n de placas fotovoltaicas es una de las v\u00edas para conseguir edificios energ\u00e9ticamente m\u00e1s eficientes.\" \/>\n<meta property=\"og:url\" content=\"https:\/\/www.amatimmobiliaris.com\/w\/2023\/06\/placas-fotovoltaicas-en-residencial\/\" \/>\n<meta property=\"og:site_name\" content=\"Amat Immobiliaris\" \/>\n<meta property=\"article:publisher\" content=\"https:\/\/www.facebook.com\/amatimmobiliaris\" \/>\n<meta property=\"article:published_time\" content=\"2023-06-08T08:00:26+00:00\" \/>\n<meta property=\"article:modified_time\" content=\"2023-06-13T15:47:51+00:00\" \/>\n<meta property=\"og:image\" content=\"https:\/\/www.amatimmobiliaris.com\/w\/wp-content\/uploads\/2023\/06\/Paneles-solares4.jpeg\" \/>\n\t<meta property=\"og:image:width\" content=\"1020\" \/>\n\t<meta property=\"og:image:height\" content=\"573\" \/>\n\t<meta property=\"og:image:type\" content=\"image\/jpeg\" \/>\n<meta name=\"author\" content=\"Amat Immobiliaris\" \/>\n<meta name=\"twitter:card\" content=\"summary_large_image\" \/>\n<meta name=\"twitter:creator\" content=\"@amat_cat\" \/>\n<meta name=\"twitter:site\" content=\"@amat_cat\" \/>\n<meta name=\"twitter:label1\" content=\"Escrito por\" \/>\n\t<meta name=\"twitter:data1\" content=\"Amat Immobiliaris\" \/>\n\t<meta name=\"twitter:label2\" content=\"Tiempo de lectura\" \/>\n\t<meta name=\"twitter:data2\" content=\"4 minutos\" \/>\n<script type=\"application\/ld+json\" class=\"yoast-schema-graph\">{\"@context\":\"https:\/\/schema.org\",\"@graph\":[{\"@type\":\"Article\",\"@id\":\"https:\/\/www.amatimmobiliaris.com\/w\/2023\/06\/placas-fotovoltaicas-en-residencial\/#article\",\"isPartOf\":{\"@id\":\"https:\/\/www.amatimmobiliaris.com\/w\/2023\/06\/placas-fotovoltaicas-en-residencial\/\"},\"author\":{\"name\":\"Amat Immobiliaris\",\"@id\":\"https:\/\/www.amatimmobiliaris.com\/w\/#\/schema\/person\/c880da71d1e156e7ea6774ffb445e034\"},\"headline\":\"Placas fotovoltaicas en residencial\",\"datePublished\":\"2023-06-08T08:00:26+00:00\",\"dateModified\":\"2023-06-13T15:47:51+00:00\",\"mainEntityOfPage\":{\"@id\":\"https:\/\/www.amatimmobiliaris.com\/w\/2023\/06\/placas-fotovoltaicas-en-residencial\/\"},\"wordCount\":578,\"publisher\":{\"@id\":\"https:\/\/www.amatimmobiliaris.com\/w\/#organization\"},\"image\":{\"@id\":\"https:\/\/www.amatimmobiliaris.com\/w\/2023\/06\/placas-fotovoltaicas-en-residencial\/#primaryimage\"},\"thumbnailUrl\":\"https:\/\/www.amatimmobiliaris.com\/w\/wp-content\/uploads\/2023\/06\/Paneles-solares4.jpeg\",\"keywords\":[\"Alquiler\",\"Arquitectura\",\"Barcelona\",\"Beneficios\",\"Casa\",\"Catalu\u00f1a\",\"Cubierta verde\",\"Econom\u00eda\",\"Eficiencia energ\u00e9tica\",\"Inmobiliaria\",\"Mercado inmobiliario\",\"Obra nueva\",\"Piso\",\"placas solares\",\"Promotor\",\"Vivienda\"],\"articleSection\":[\"Arquitectura y decoraci\u00f3n\",\"Eficiencia energ\u00e9tica\",\"Sector Inmobiliario\"],\"inLanguage\":\"es\"},{\"@type\":\"WebPage\",\"@id\":\"https:\/\/www.amatimmobiliaris.com\/w\/2023\/06\/placas-fotovoltaicas-en-residencial\/\",\"url\":\"https:\/\/www.amatimmobiliaris.com\/w\/2023\/06\/placas-fotovoltaicas-en-residencial\/\",\"name\":\"Placas fotovoltaicas en residencial | Amat Immobiliaris\",\"isPartOf\":{\"@id\":\"https:\/\/www.amatimmobiliaris.com\/w\/#website\"},\"primaryImageOfPage\":{\"@id\":\"https:\/\/www.amatimmobiliaris.com\/w\/2023\/06\/placas-fotovoltaicas-en-residencial\/#primaryimage\"},\"image\":{\"@id\":\"https:\/\/www.amatimmobiliaris.com\/w\/2023\/06\/placas-fotovoltaicas-en-residencial\/#primaryimage\"},\"thumbnailUrl\":\"https:\/\/www.amatimmobiliaris.com\/w\/wp-content\/uploads\/2023\/06\/Paneles-solares4.jpeg\",\"datePublished\":\"2023-06-08T08:00:26+00:00\",\"dateModified\":\"2023-06-13T15:47:51+00:00\",\"description\":\"La instalaci\u00f3n de placas fotovoltaicas es una de las v\u00edas para conseguir edificios energ\u00e9ticamente m\u00e1s eficientes.\",\"breadcrumb\":{\"@id\":\"https:\/\/www.amatimmobiliaris.com\/w\/2023\/06\/placas-fotovoltaicas-en-residencial\/#breadcrumb\"},\"inLanguage\":\"es\",\"potentialAction\":[{\"@type\":\"ReadAction\",\"target\":[\"https:\/\/www.amatimmobiliaris.com\/w\/2023\/06\/placas-fotovoltaicas-en-residencial\/\"]}]},{\"@type\":\"ImageObject\",\"inLanguage\":\"es\",\"@id\":\"https:\/\/www.amatimmobiliaris.com\/w\/2023\/06\/placas-fotovoltaicas-en-residencial\/#primaryimage\",\"url\":\"https:\/\/www.amatimmobiliaris.com\/w\/wp-content\/uploads\/2023\/06\/Paneles-solares4.jpeg\",\"contentUrl\":\"https:\/\/www.amatimmobiliaris.com\/w\/wp-content\/uploads\/2023\/06\/Paneles-solares4.jpeg\",\"width\":1020,\"height\":573,\"caption\":\"Plaques fotovoltaiques\"},{\"@type\":\"BreadcrumbList\",\"@id\":\"https:\/\/www.amatimmobiliaris.com\/w\/2023\/06\/placas-fotovoltaicas-en-residencial\/#breadcrumb\",\"itemListElement\":[{\"@type\":\"ListItem\",\"position\":1,\"name\":\"Home\",\"item\":\"https:\/\/www.amatimmobiliaris.com\/w\/\"},{\"@type\":\"ListItem\",\"position\":2,\"name\":\"Noticias\",\"item\":\"https:\/\/www.amatimmobiliaris.com\/w\/category\/noticias\/\"},{\"@type\":\"ListItem\",\"position\":3,\"name\":\"Sector Inmobiliario\",\"item\":\"https:\/\/www.amatimmobiliaris.com\/w\/category\/noticias\/sector-inmobiliario\/\"},{\"@type\":\"ListItem\",\"position\":4,\"name\":\"Placas fotovoltaicas en residencial\"}]},{\"@type\":\"WebSite\",\"@id\":\"https:\/\/www.amatimmobiliaris.com\/w\/#website\",\"url\":\"https:\/\/www.amatimmobiliaris.com\/w\/\",\"name\":\"Amat Immobiliaris\",\"description\":\"Empresa familiar del sector inmobiliario con oficinas en Barcelona, Sant Cugat del Vall\u00e9s y Sant Just Desvern. Te ayudamos a comprar, alquilar o vender tu casa o piso. Somos un equipo coherente con una cultura de empresa honesta, innovadora y eficaz. Tambi\u00e9n en www.amatluxury.com\",\"publisher\":{\"@id\":\"https:\/\/www.amatimmobiliaris.com\/w\/#organization\"},\"alternateName\":\"AmatImmo\",\"potentialAction\":[{\"@type\":\"SearchAction\",\"target\":{\"@type\":\"EntryPoint\",\"urlTemplate\":\"https:\/\/www.amatimmobiliaris.com\/w\/?s={search_term_string}\"},\"query-input\":{\"@type\":\"PropertyValueSpecification\",\"valueRequired\":true,\"valueName\":\"search_term_string\"}}],\"inLanguage\":\"es\"},{\"@type\":\"Organization\",\"@id\":\"https:\/\/www.amatimmobiliaris.com\/w\/#organization\",\"name\":\"Amat Immobiliaris\",\"url\":\"https:\/\/www.amatimmobiliaris.com\/w\/\",\"logo\":{\"@type\":\"ImageObject\",\"inLanguage\":\"es\",\"@id\":\"https:\/\/www.amatimmobiliaris.com\/w\/#\/schema\/logo\/image\/\",\"url\":\"https:\/\/www.amatimmobiliaris.com\/w\/wp-content\/uploads\/2022\/10\/amat-logo.jpg\",\"contentUrl\":\"https:\/\/www.amatimmobiliaris.com\/w\/wp-content\/uploads\/2022\/10\/amat-logo.jpg\",\"width\":900,\"height\":900,\"caption\":\"Amat Immobiliaris\"},\"image\":{\"@id\":\"https:\/\/www.amatimmobiliaris.com\/w\/#\/schema\/logo\/image\/\"},\"sameAs\":[\"https:\/\/www.facebook.com\/amatimmobiliaris\",\"https:\/\/x.com\/amat_cat\",\"https:\/\/www.instagram.com\/amat_immo\/\",\"https:\/\/www.linkedin.com\/company\/amat-finques\/\",\"https:\/\/www.youtube.com\/@amatimmobiliaris\"]},{\"@type\":\"Person\",\"@id\":\"https:\/\/www.amatimmobiliaris.com\/w\/#\/schema\/person\/c880da71d1e156e7ea6774ffb445e034\",\"name\":\"Amat Immobiliaris\",\"sameAs\":[\"http:\/\/amat-inmo-wp.localhost\"]}]}<\/script>\n<!-- \/ Yoast SEO plugin. -->","yoast_head_json":{"title":"Placas fotovoltaicas en residencial | Amat Immobiliaris","description":"La instalaci\u00f3n de placas fotovoltaicas es una de las v\u00edas para conseguir edificios energ\u00e9ticamente m\u00e1s eficientes.","robots":{"index":"index","follow":"follow","max-snippet":"max-snippet:-1","max-image-preview":"max-image-preview:large","max-video-preview":"max-video-preview:-1"},"canonical":"https:\/\/www.amatimmobiliaris.com\/w\/2023\/06\/placas-fotovoltaicas-en-residencial\/","og_locale":"es_ES","og_type":"article","og_title":"Placas fotovoltaicas en residencial | Amat Immobiliaris","og_description":"La instalaci\u00f3n de placas fotovoltaicas es una de las v\u00edas para conseguir edificios energ\u00e9ticamente m\u00e1s eficientes.","og_url":"https:\/\/www.amatimmobiliaris.com\/w\/2023\/06\/placas-fotovoltaicas-en-residencial\/","og_site_name":"Amat Immobiliaris","article_publisher":"https:\/\/www.facebook.com\/amatimmobiliaris","article_published_time":"2023-06-08T08:00:26+00:00","article_modified_time":"2023-06-13T15:47:51+00:00","og_image":[{"width":1020,"height":573,"url":"https:\/\/www.amatimmobiliaris.com\/w\/wp-content\/uploads\/2023\/06\/Paneles-solares4.jpeg","type":"image\/jpeg"}],"author":"Amat Immobiliaris","twitter_card":"summary_large_image","twitter_creator":"@amat_cat","twitter_site":"@amat_cat","twitter_misc":{"Escrito por":"Amat Immobiliaris","Tiempo de lectura":"4 minutos"},"schema":{"@context":"https:\/\/schema.org","@graph":[{"@type":"Article","@id":"https:\/\/www.amatimmobiliaris.com\/w\/2023\/06\/placas-fotovoltaicas-en-residencial\/#article","isPartOf":{"@id":"https:\/\/www.amatimmobiliaris.com\/w\/2023\/06\/placas-fotovoltaicas-en-residencial\/"},"author":{"name":"Amat Immobiliaris","@id":"https:\/\/www.amatimmobiliaris.com\/w\/#\/schema\/person\/c880da71d1e156e7ea6774ffb445e034"},"headline":"Placas fotovoltaicas en residencial","datePublished":"2023-06-08T08:00:26+00:00","dateModified":"2023-06-13T15:47:51+00:00","mainEntityOfPage":{"@id":"https:\/\/www.amatimmobiliaris.com\/w\/2023\/06\/placas-fotovoltaicas-en-residencial\/"},"wordCount":578,"publisher":{"@id":"https:\/\/www.amatimmobiliaris.com\/w\/#organization"},"image":{"@id":"https:\/\/www.amatimmobiliaris.com\/w\/2023\/06\/placas-fotovoltaicas-en-residencial\/#primaryimage"},"thumbnailUrl":"https:\/\/www.amatimmobiliaris.com\/w\/wp-content\/uploads\/2023\/06\/Paneles-solares4.jpeg","keywords":["Alquiler","Arquitectura","Barcelona","Beneficios","Casa","Catalu\u00f1a","Cubierta verde","Econom\u00eda","Eficiencia energ\u00e9tica","Inmobiliaria","Mercado inmobiliario","Obra nueva","Piso","placas solares","Promotor","Vivienda"],"articleSection":["Arquitectura y decoraci\u00f3n","Eficiencia energ\u00e9tica","Sector Inmobiliario"],"inLanguage":"es"},{"@type":"WebPage","@id":"https:\/\/www.amatimmobiliaris.com\/w\/2023\/06\/placas-fotovoltaicas-en-residencial\/","url":"https:\/\/www.amatimmobiliaris.com\/w\/2023\/06\/placas-fotovoltaicas-en-residencial\/","name":"Placas fotovoltaicas en residencial | Amat Immobiliaris","isPartOf":{"@id":"https:\/\/www.amatimmobiliaris.com\/w\/#website"},"primaryImageOfPage":{"@id":"https:\/\/www.amatimmobiliaris.com\/w\/2023\/06\/placas-fotovoltaicas-en-residencial\/#primaryimage"},"image":{"@id":"https:\/\/www.amatimmobiliaris.com\/w\/2023\/06\/placas-fotovoltaicas-en-residencial\/#primaryimage"},"thumbnailUrl":"https:\/\/www.amatimmobiliaris.com\/w\/wp-content\/uploads\/2023\/06\/Paneles-solares4.jpeg","datePublished":"2023-06-08T08:00:26+00:00","dateModified":"2023-06-13T15:47:51+00:00","description":"La instalaci\u00f3n de placas fotovoltaicas es una de las v\u00edas para conseguir edificios energ\u00e9ticamente m\u00e1s eficientes.","breadcrumb":{"@id":"https:\/\/www.amatimmobiliaris.com\/w\/2023\/06\/placas-fotovoltaicas-en-residencial\/#breadcrumb"},"inLanguage":"es","potentialAction":[{"@type":"ReadAction","target":["https:\/\/www.amatimmobiliaris.com\/w\/2023\/06\/placas-fotovoltaicas-en-residencial\/"]}]},{"@type":"ImageObject","inLanguage":"es","@id":"https:\/\/www.amatimmobiliaris.com\/w\/2023\/06\/placas-fotovoltaicas-en-residencial\/#primaryimage","url":"https:\/\/www.amatimmobiliaris.com\/w\/wp-content\/uploads\/2023\/06\/Paneles-solares4.jpeg","contentUrl":"https:\/\/www.amatimmobiliaris.com\/w\/wp-content\/uploads\/2023\/06\/Paneles-solares4.jpeg","width":1020,"height":573,"caption":"Plaques fotovoltaiques"},{"@type":"BreadcrumbList","@id":"https:\/\/www.amatimmobiliaris.com\/w\/2023\/06\/placas-fotovoltaicas-en-residencial\/#breadcrumb","itemListElement":[{"@type":"ListItem","position":1,"name":"Home","item":"https:\/\/www.amatimmobiliaris.com\/w\/"},{"@type":"ListItem","position":2,"name":"Noticias","item":"https:\/\/www.amatimmobiliaris.com\/w\/category\/noticias\/"},{"@type":"ListItem","position":3,"name":"Sector Inmobiliario","item":"https:\/\/www.amatimmobiliaris.com\/w\/category\/noticias\/sector-inmobiliario\/"},{"@type":"ListItem","position":4,"name":"Placas fotovoltaicas en residencial"}]},{"@type":"WebSite","@id":"https:\/\/www.amatimmobiliaris.com\/w\/#website","url":"https:\/\/www.amatimmobiliaris.com\/w\/","name":"Amat Immobiliaris","description":"Empresa familiar del sector inmobiliario con oficinas en Barcelona, Sant Cugat del Vall\u00e9s y Sant Just Desvern. Te ayudamos a comprar, alquilar o vender tu casa o piso. Somos un equipo coherente con una cultura de empresa honesta, innovadora y eficaz. Tambi\u00e9n en www.amatluxury.com","publisher":{"@id":"https:\/\/www.amatimmobiliaris.com\/w\/#organization"},"alternateName":"AmatImmo","potentialAction":[{"@type":"SearchAction","target":{"@type":"EntryPoint","urlTemplate":"https:\/\/www.amatimmobiliaris.com\/w\/?s={search_term_string}"},"query-input":{"@type":"PropertyValueSpecification","valueRequired":true,"valueName":"search_term_string"}}],"inLanguage":"es"},{"@type":"Organization","@id":"https:\/\/www.amatimmobiliaris.com\/w\/#organization","name":"Amat Immobiliaris","url":"https:\/\/www.amatimmobiliaris.com\/w\/","logo":{"@type":"ImageObject","inLanguage":"es","@id":"https:\/\/www.amatimmobiliaris.com\/w\/#\/schema\/logo\/image\/","url":"https:\/\/www.amatimmobiliaris.com\/w\/wp-content\/uploads\/2022\/10\/amat-logo.jpg","contentUrl":"https:\/\/www.amatimmobiliaris.com\/w\/wp-content\/uploads\/2022\/10\/amat-logo.jpg","width":900,"height":900,"caption":"Amat Immobiliaris"},"image":{"@id":"https:\/\/www.amatimmobiliaris.com\/w\/#\/schema\/logo\/image\/"},"sameAs":["https:\/\/www.facebook.com\/amatimmobiliaris","https:\/\/x.com\/amat_cat","https:\/\/www.instagram.com\/amat_immo\/","https:\/\/www.linkedin.com\/company\/amat-finques\/","https:\/\/www.youtube.com\/@amatimmobiliaris"]},{"@type":"Person","@id":"https:\/\/www.amatimmobiliaris.com\/w\/#\/schema\/person\/c880da71d1e156e7ea6774ffb445e034","name":"Amat Immobiliaris","sameAs":["http:\/\/amat-inmo-wp.localhost"]}]}},"_links":{"self":[{"href":"https:\/\/www.amatimmobiliaris.com\/w\/wp-json\/wp\/v2\/posts\/28459"}],"collection":[{"href":"https:\/\/www.amatimmobiliaris.com\/w\/wp-json\/wp\/v2\/posts"}],"about":[{"href":"https:\/\/www.amatimmobiliaris.com\/w\/wp-json\/wp\/v2\/types\/post"}],"author":[{"embeddable":true,"href":"https:\/\/www.amatimmobiliaris.com\/w\/wp-json\/wp\/v2\/users\/1"}],"replies":[{"embeddable":true,"href":"https:\/\/www.amatimmobiliaris.com\/w\/wp-json\/wp\/v2\/comments?post=28459"}],"version-history":[{"count":7,"href":"https:\/\/www.amatimmobiliaris.com\/w\/wp-json\/wp\/v2\/posts\/28459\/revisions"}],"predecessor-version":[{"id":28498,"href":"https:\/\/www.amatimmobiliaris.com\/w\/wp-json\/wp\/v2\/posts\/28459\/revisions\/28498"}],"wp:featuredmedia":[{"embeddable":true,"href":"https:\/\/www.amatimmobiliaris.com\/w\/wp-json\/wp\/v2\/media\/28466"}],"wp:attachment":[{"href":"https:\/\/www.amatimmobiliaris.com\/w\/wp-json\/wp\/v2\/media?parent=28459"}],"wp:term":[{"taxonomy":"category","embeddable":true,"href":"https:\/\/www.amatimmobiliaris.com\/w\/wp-json\/wp\/v2\/categories?post=28459"},{"taxonomy":"post_tag","embeddable":true,"href":"https:\/\/www.amatimmobiliaris.com\/w\/wp-json\/wp\/v2\/tags?post=28459"}],"curies":[{"name":"wp","href":"https:\/\/api.w.org\/{rel}","templated":true}]}}