{"id":28040,"date":"2023-05-24T08:13:03","date_gmt":"2023-05-24T08:13:03","guid":{"rendered":"https:\/\/www.amatimmobiliaris.com\/w\/?p=28040"},"modified":"2023-05-30T13:35:57","modified_gmt":"2023-05-30T13:35:57","slug":"auca-historia-75-anos-amat","status":"publish","type":"post","link":"https:\/\/www.amatimmobiliaris.com\/w\/2023\/05\/auca-historia-75-anos-amat\/","title":{"rendered":"Auca Historia 75 A\u00f1os Amat&#8230;"},"content":{"rendered":"<h3><strong>Pilar\u00edn Bay\u00e9s<\/strong> dibuja<strong>\u00a0<\/strong>un <strong>auca explicando nuestra historia \u00ab75 A\u00f1os Amat&#8230;\u00bb<\/strong><\/h3>\n<p>&nbsp;<\/p>\n<p style=\"text-align: justify;\">El pasado <strong>mi\u00e9rcoles 3 de mayo celebramos en la Sala Oriol Martorell del Auditorio de Barcelona el <a href=\"https:\/\/www.amatimmobiliaris.com\/w\/2023\/05\/75-aniversario-de-amat-immobilaris\/\" target=\"_blank\" rel=\"noopener\">75 aniversario de Amat Immobiliaris<\/a>.<\/strong> Un acto dedicado a homenajear, recorrer y valorar el pasado de la empresa, as\u00ed como reconocer la importancia de la familia, mujeres, cultura y sociedad como pilares vitales de la empresa. Durante este acto, la entra\u00f1able <strong><a href=\"https:\/\/www.instagram.com\/pilarinbayes\/\" target=\"_blank\" rel=\"noopener\">Pilar\u00edn Bay\u00e9s<\/a><\/strong> hizo un repaso por el pasado de la empresa comentando el <strong>auca que ha dibujado y que cuenta los 75 A\u00f1os de Amat&#8230;<\/strong><\/p>\n<p>&nbsp;<\/p>\n<h5><strong><b>Los 75 a\u00f1os de Amat empiezan en 1948<\/b><\/strong><\/h5>\n<p style=\"text-align: justify;\"><strong>Amat nace en 1948 cuando<\/strong> un joven \u2013al que hoy llamar\u00edamos emprendedor\u2013, <strong>Joan Amat<\/strong>, de 24 a\u00f1os y con estudios mercantiles, <strong>pone en marcha<\/strong> en su casa de\u00a0Sant Just Desvern y en Barcelona <strong>un despacho profesional de administraci\u00f3n de fincas.\u00a0<\/strong>Cuatro a\u00f1os m\u00e1s tarde, <strong>en 1952, Joan muere<\/strong> a consecuencia de un c\u00e1ncer fulminante, <strong>dejando viuda a Concepci\u00f3,<\/strong> de 25 a\u00f1os. En ese momento, y con dos hijas peque\u00f1as, Concepci\u00f3 <b>decide continuar con el despacho. <\/b>En pleno<b> franquismo y en un mundo machista,<\/b> Concepci\u00f3, <b>pierde la mitad de sus clientes. No puede ir sola a hacer negocios, su hermano, <\/b>un hombre, <b>ha de acompa\u00f1arla para que los clientes conf\u00eden en ella.<\/b><\/p>\n<p><img loading=\"lazy\" decoding=\"async\" class=\"alignnone size-full wp-image-28121\" src=\"https:\/\/www.amatimmobiliaris.com\/w\/wp-content\/uploads\/2023\/05\/Auca01.jpg\" alt=\"Auca 75 A\u00f1os_Amat Immobiliaris_PIlar\u00edn Bay\u00e9s\" width=\"1920\" height=\"556\" srcset=\"https:\/\/www.amatimmobiliaris.com\/w\/wp-content\/uploads\/2023\/05\/Auca01.jpg 1920w, https:\/\/www.amatimmobiliaris.com\/w\/wp-content\/uploads\/2023\/05\/Auca01-300x87.jpg 300w, https:\/\/www.amatimmobiliaris.com\/w\/wp-content\/uploads\/2023\/05\/Auca01-1024x297.jpg 1024w, https:\/\/www.amatimmobiliaris.com\/w\/wp-content\/uploads\/2023\/05\/Auca01-768x222.jpg 768w, https:\/\/www.amatimmobiliaris.com\/w\/wp-content\/uploads\/2023\/05\/Auca01-1536x445.jpg 1536w\" sizes=\"(max-width: 1920px) 100vw, 1920px\" \/><\/p>\n<h5><strong><b>La expansi\u00f3n de mano de las mujeres<\/b><\/strong><\/h5>\n<p style=\"text-align: justify;\">La \u00abViuda Amat\u00bb, tal y como se la conoce, ve recompensada su dedicaci\u00f3n, esfuerzo y trabajo, y recupera antiguos clientes. Sus hijas,<strong> Immaculada y Joana,<\/strong> combinan estudios y trabajo en el despacho, <strong>yendo a cobrar los recibos de alquiler<\/strong>, que en ese momento se realizaban a mano. A partir de <strong>1960, con la publicaci\u00f3n de la Ley de Propiedad Horizontal,<\/strong> Amat gestiona m\u00e1s trabajo. Abrimos oficina en Sant Just y en <strong>1970, Immaculada, abogada, y Joana, Administradora de Fincas, se incorporan plenamente al despacho.<\/strong> Ya no se las conoce como \u00abel despacho de la Viuda Amat\u00bb, sino como el <strong>despacho Amat, especializado en Asesoramiento Administrativo de Fincas.<\/strong> <strong>Concepci\u00f3 y sus hijas adoptan una postura \u00abfeminista\u00bb<\/strong> y a principios de los <strong>a\u00f1os 80 deciden convertirse en una empresa conformada exclusivamente por mujeres, <\/strong>implementando pol\u00edticas de conciliaci\u00f3n antes incluso de que el concepto se popularizara.<\/p>\n<p><img loading=\"lazy\" decoding=\"async\" class=\"alignnone size-full wp-image-28124\" src=\"https:\/\/www.amatimmobiliaris.com\/w\/wp-content\/uploads\/2023\/05\/Auca02.jpg\" alt=\"Auca 75 A\u00f1os_Amat Immobiliaris_PIlar\u00edn Bay\u00e9s\" width=\"1920\" height=\"556\" srcset=\"https:\/\/www.amatimmobiliaris.com\/w\/wp-content\/uploads\/2023\/05\/Auca02.jpg 1920w, https:\/\/www.amatimmobiliaris.com\/w\/wp-content\/uploads\/2023\/05\/Auca02-300x87.jpg 300w, https:\/\/www.amatimmobiliaris.com\/w\/wp-content\/uploads\/2023\/05\/Auca02-1024x297.jpg 1024w, https:\/\/www.amatimmobiliaris.com\/w\/wp-content\/uploads\/2023\/05\/Auca02-768x222.jpg 768w, https:\/\/www.amatimmobiliaris.com\/w\/wp-content\/uploads\/2023\/05\/Auca02-1536x445.jpg 1536w\" sizes=\"(max-width: 1920px) 100vw, 1920px\" \/><\/p>\n<h5><strong><b>Una empresa y un pueblo fuertes y decididos<\/b><\/strong><\/h5>\n<p style=\"text-align: justify;\">En los a\u00f1os <strong>80, el despacho experiment\u00f3 su primera informatizaci\u00f3n<\/strong>. En <strong>1997<\/strong>, en colaboraci\u00f3n con el CEl Grupo, <strong>desarrollamos el primer programa inform\u00e1tico para la comercializaci\u00f3n y gesti\u00f3n interna de Agencias Inmobiliarias.<\/strong> Es el momento de seguir creciendo, y Sant Cugat del Vall\u00e9s es perfecto para ello. En <strong>1998, celebramos el 50 aniversario de Amat<\/strong> con un evento en el Hotel Juan Carlos al que asistieron 350 personas. Un a\u00f1o despu\u00e9s, en <strong>1999, Concepci\u00f3 Amig\u00f3 recibi\u00f3 la Medalla Francesc Maci\u00e0 de manos del Presidente de la Generalidad, Jordi Pujol.<\/strong> Este reconocimiento se otorga a personas destacadas por sus cualidades personales, m\u00e9ritos o servicios en beneficio de los intereses generales en el \u00e1mbito laboral. Seguimos siendo una empresa de mujeres y <strong>lanzamos \u00abla maternidad a la carta\u00bb, una iniciativa que ofrece programas de trabajo personalizados para cada empleada seg\u00fan su situaci\u00f3n y necesidades.<\/strong> Esto nunca supuso un problema con nuestros clientes.<\/p>\n<p><img loading=\"lazy\" decoding=\"async\" class=\"alignnone size-full wp-image-28191\" src=\"https:\/\/www.amatimmobiliaris.com\/w\/wp-content\/uploads\/2023\/05\/Auca-4-v9-12.jpg\" alt=\"Auca 75 A\u00f1os_Amat Immobiliaris_PIlar\u00edn Bay\u00e9s\" width=\"1920\" height=\"556\" srcset=\"https:\/\/www.amatimmobiliaris.com\/w\/wp-content\/uploads\/2023\/05\/Auca-4-v9-12.jpg 1920w, https:\/\/www.amatimmobiliaris.com\/w\/wp-content\/uploads\/2023\/05\/Auca-4-v9-12-300x87.jpg 300w, https:\/\/www.amatimmobiliaris.com\/w\/wp-content\/uploads\/2023\/05\/Auca-4-v9-12-1024x297.jpg 1024w, https:\/\/www.amatimmobiliaris.com\/w\/wp-content\/uploads\/2023\/05\/Auca-4-v9-12-768x222.jpg 768w, https:\/\/www.amatimmobiliaris.com\/w\/wp-content\/uploads\/2023\/05\/Auca-4-v9-12-1536x445.jpg 1536w\" sizes=\"(max-width: 1920px) 100vw, 1920px\" \/><\/p>\n<h5><strong><b>Llega la crisis, pero seguimos adelante y salimos reforzados<\/b><\/strong><\/h5>\n<p style=\"text-align: justify;\">En <strong>2000, la plantilla la forman 42 mujeres<\/strong> e invertimos cada vez m\u00e1s en formaci\u00f3n. Adem\u00e1s, <strong>somos la primera empresa del sector en conseguir la certificaci\u00f3n ISO 9001<\/strong>. En <strong>2004, lanzamos la Administraci\u00f3n de Fincas on-line e implementamos el teletrabajo<\/strong> para brindar apoyo a las mujeres que cuidaban de ni\u00f1os o personas mayores. En <strong>2008, tras la entrada en vigor de la Ley de Igualdad, contratamos al primer hombre.<\/strong> Hasta entonces, nos hab\u00edamos mantenido firmes en nuestra idea de ser una empresa exclusivamente de mujeres. Estamos en plena crisis, pero seguimos adelante y salimos fortalecidos. La <strong>tercera generaci\u00f3n, Guifr\u00e9 y Martina Homedes Amat y Nadia Massagu\u00e9 Amat, se incorporan en 2010.<\/strong> En la primavera de <strong>2014, celebramos los 65 a\u00f1os de Amat<\/strong> en un acto econ\u00f3mico, cultural y social en la Pedrera, <strong>donde rendimos homenaje a la fundadora, Concepci\u00f3 Amig\u00f3,<\/strong> quien ya contaba con 88 a\u00f1os.<\/p>\n<p><img loading=\"lazy\" decoding=\"async\" class=\"alignnone wp-image-28130 size-full\" src=\"https:\/\/www.amatimmobiliaris.com\/w\/wp-content\/uploads\/2023\/05\/Auca04.jpg\" alt=\"Auca 75 A\u00f1os_Amat Immobiliaris_PIlar\u00edn Bay\u00e9s\" width=\"1920\" height=\"556\" srcset=\"https:\/\/www.amatimmobiliaris.com\/w\/wp-content\/uploads\/2023\/05\/Auca04.jpg 1920w, https:\/\/www.amatimmobiliaris.com\/w\/wp-content\/uploads\/2023\/05\/Auca04-300x87.jpg 300w, https:\/\/www.amatimmobiliaris.com\/w\/wp-content\/uploads\/2023\/05\/Auca04-1024x297.jpg 1024w, https:\/\/www.amatimmobiliaris.com\/w\/wp-content\/uploads\/2023\/05\/Auca04-768x222.jpg 768w, https:\/\/www.amatimmobiliaris.com\/w\/wp-content\/uploads\/2023\/05\/Auca04-1536x445.jpg 1536w\" sizes=\"(max-width: 1920px) 100vw, 1920px\" \/><\/p>\n<h5><strong><b>Trabajando por el futuro<\/b><\/strong><\/h5>\n<p style=\"text-align: justify;\">Tras superar la crisis, llega la reactivaci\u00f3n inmobiliaria. En <strong>2015 nace AmatLuxury,<\/strong> la marca enfocada a propiedades de lujo. En <strong>2018, Guifr\u00e9 Homedes se convierte en el director general de Amat<\/strong>, lo que lleva a <strong>Imma y Joana a distanciarse<\/strong> <strong>y<\/strong> trasladarse a la nueva oficina en V\u00eda Augusta. Con este cambio, <strong>dedican gran parte de su tiempo a entidades sociales con las que est\u00e1n comprometidas<\/strong>, tanto antiguas como nuevas. La <strong>3\u00aa generaci\u00f3n ha asumido el liderazgo de la empresa<\/strong> y parece que, despu\u00e9s de todo lo vivido, nada puede sorprendernos. Sin embargo, en <strong>2020, llega una pandemia mundial<\/strong>, un concepto que parec\u00eda propio de la Edad Media y para el cual nadie estaba preparado. A pesar de todo, <strong>nuestras pol\u00edticas de conciliaci\u00f3n y nuestra apuesta por la tecnolog\u00eda nos permitieron afrontar el confinamiento de manera efectiva<\/strong>. El teletrabajo era posible en Amat desde 2013 y la Administraci\u00f3n de Fincas on-line estaba operativa desde 2004. Es <strong>2023 y en Amat, casi sin darnos cuenta, cumplimos 75 a\u00f1os.<\/strong><\/p>\n<p><img loading=\"lazy\" decoding=\"async\" class=\"alignnone size-full wp-image-28135\" src=\"https:\/\/www.amatimmobiliaris.com\/w\/wp-content\/uploads\/2023\/05\/Auca05.jpg\" alt=\"Auca 75 A\u00f1os_Amat Immobiliaris_PIlar\u00edn Bay\u00e9s\" width=\"1920\" height=\"556\" srcset=\"https:\/\/www.amatimmobiliaris.com\/w\/wp-content\/uploads\/2023\/05\/Auca05.jpg 1920w, https:\/\/www.amatimmobiliaris.com\/w\/wp-content\/uploads\/2023\/05\/Auca05-300x87.jpg 300w, https:\/\/www.amatimmobiliaris.com\/w\/wp-content\/uploads\/2023\/05\/Auca05-1024x297.jpg 1024w, https:\/\/www.amatimmobiliaris.com\/w\/wp-content\/uploads\/2023\/05\/Auca05-768x222.jpg 768w, https:\/\/www.amatimmobiliaris.com\/w\/wp-content\/uploads\/2023\/05\/Auca05-1536x445.jpg 1536w\" sizes=\"(max-width: 1920px) 100vw, 1920px\" \/><\/p>\n<p style=\"text-align: justify;\">Conoce los <strong>75 a\u00f1os de Amat&#8230; de la mano de Pilar\u00edn Bay\u00e9s<\/strong> o si lo prefieres, lee <a style=\"font-weight: bold;\" href=\"https:\/\/issuu.com\/amatimmobiliaris\/docs\/llibre_historia_75anys_amat?fr=sNTY4NDYwOTY4MDQ\" target=\"_blank\" rel=\"noopener\">el Libro Historia 75 A\u00f1os de Amat<\/a><b>. Si quieres ver el\u00a0<\/b><a style=\"font-weight: bold;\" href=\"https:\/\/www.flickr.com\/photos\/94174776@N05\/52916952145\/in\/dateposted\/\" target=\"_blank\" rel=\"noopener\">Auca completa, haz clic aqu\u00ed<\/a><b> o ac\u00e9rcate a nuestras oficinas de Sant Just Desvern o V\u00eda Agusta, <\/b>donde actualmente estas expuestas en la recepci\u00f3n. A continuaci\u00f3n pod\u00e9is ver\u00a0algunas<strong> fotos del 75 aniversario mientras <a href=\"https:\/\/twitter.com\/antonibassas\" target=\"_blank\" rel=\"noopener\">Antoni Bassas<\/a> entrevistaba a <a href=\"https:\/\/pilarin.cat\/\" target=\"_blank\" rel=\"noopener\">Pilar Bay\u00e9s<\/a><\/strong> sobre el auca.<\/p>\n<p>&nbsp;<\/p>\n<div id='gallery-1' class='gallery galleryid-28040 gallery-columns-2 gallery-size-large'><figure class='gallery-item'>\n\t\t\t<div class='gallery-icon landscape'>\n\t\t\t\t<a href='https:\/\/www.amatimmobiliaris.com\/w\/2023\/05\/auca-historia-75-anos-amat\/52885967547_0ad8f44b8b_k\/'><img loading=\"lazy\" decoding=\"async\" width=\"800\" height=\"534\" src=\"https:\/\/www.amatimmobiliaris.com\/w\/wp-content\/uploads\/2023\/05\/52885967547_0ad8f44b8b_k-1024x683.jpg\" class=\"attachment-large size-large\" alt=\"Auca Historia 75 a\u00f1os Amat Immobiliaris\" srcset=\"https:\/\/www.amatimmobiliaris.com\/w\/wp-content\/uploads\/2023\/05\/52885967547_0ad8f44b8b_k-1024x683.jpg 1024w, https:\/\/www.amatimmobiliaris.com\/w\/wp-content\/uploads\/2023\/05\/52885967547_0ad8f44b8b_k-300x200.jpg 300w, https:\/\/www.amatimmobiliaris.com\/w\/wp-content\/uploads\/2023\/05\/52885967547_0ad8f44b8b_k-768x512.jpg 768w, https:\/\/www.amatimmobiliaris.com\/w\/wp-content\/uploads\/2023\/05\/52885967547_0ad8f44b8b_k-1536x1025.jpg 1536w, https:\/\/www.amatimmobiliaris.com\/w\/wp-content\/uploads\/2023\/05\/52885967547_0ad8f44b8b_k.jpg 2048w\" sizes=\"(max-width: 800px) 100vw, 800px\" \/><\/a>\n\t\t\t<\/div><\/figure><figure class='gallery-item'>\n\t\t\t<div class='gallery-icon landscape'>\n\t\t\t\t<a href='https:\/\/www.amatimmobiliaris.com\/w\/2023\/05\/auca-historia-75-anos-amat\/52886540521_c8e5d89779_k\/'><img loading=\"lazy\" decoding=\"async\" width=\"800\" height=\"534\" src=\"https:\/\/www.amatimmobiliaris.com\/w\/wp-content\/uploads\/2023\/05\/52886540521_c8e5d89779_k-1024x683.jpg\" class=\"attachment-large size-large\" alt=\"Auca Historia 75 a\u00f1os Amat Immobiliaris\" srcset=\"https:\/\/www.amatimmobiliaris.com\/w\/wp-content\/uploads\/2023\/05\/52886540521_c8e5d89779_k-1024x683.jpg 1024w, https:\/\/www.amatimmobiliaris.com\/w\/wp-content\/uploads\/2023\/05\/52886540521_c8e5d89779_k-300x200.jpg 300w, https:\/\/www.amatimmobiliaris.com\/w\/wp-content\/uploads\/2023\/05\/52886540521_c8e5d89779_k-768x512.jpg 768w, https:\/\/www.amatimmobiliaris.com\/w\/wp-content\/uploads\/2023\/05\/52886540521_c8e5d89779_k-1536x1025.jpg 1536w, https:\/\/www.amatimmobiliaris.com\/w\/wp-content\/uploads\/2023\/05\/52886540521_c8e5d89779_k.jpg 2048w\" sizes=\"(max-width: 800px) 100vw, 800px\" \/><\/a>\n\t\t\t<\/div><\/figure><figure class='gallery-item'>\n\t\t\t<div class='gallery-icon landscape'>\n\t\t\t\t<a href='https:\/\/www.amatimmobiliaris.com\/w\/2023\/05\/auca-historia-75-anos-amat\/52886984148_b7dee9a156_k\/'><img loading=\"lazy\" decoding=\"async\" width=\"800\" height=\"534\" src=\"https:\/\/www.amatimmobiliaris.com\/w\/wp-content\/uploads\/2023\/05\/52886984148_b7dee9a156_k-1024x683.jpg\" class=\"attachment-large size-large\" alt=\"Auca Historia 75 a\u00f1os Amat Immobiliaris\" srcset=\"https:\/\/www.amatimmobiliaris.com\/w\/wp-content\/uploads\/2023\/05\/52886984148_b7dee9a156_k-1024x683.jpg 1024w, https:\/\/www.amatimmobiliaris.com\/w\/wp-content\/uploads\/2023\/05\/52886984148_b7dee9a156_k-300x200.jpg 300w, https:\/\/www.amatimmobiliaris.com\/w\/wp-content\/uploads\/2023\/05\/52886984148_b7dee9a156_k-768x512.jpg 768w, https:\/\/www.amatimmobiliaris.com\/w\/wp-content\/uploads\/2023\/05\/52886984148_b7dee9a156_k-1536x1025.jpg 1536w, https:\/\/www.amatimmobiliaris.com\/w\/wp-content\/uploads\/2023\/05\/52886984148_b7dee9a156_k.jpg 2048w\" sizes=\"(max-width: 800px) 100vw, 800px\" \/><\/a>\n\t\t\t<\/div><\/figure><figure class='gallery-item'>\n\t\t\t<div class='gallery-icon landscape'>\n\t\t\t\t<a href='https:\/\/www.amatimmobiliaris.com\/w\/2023\/05\/auca-historia-75-anos-amat\/52885965757_e9fa0ca82f_k\/'><img loading=\"lazy\" decoding=\"async\" width=\"800\" height=\"534\" src=\"https:\/\/www.amatimmobiliaris.com\/w\/wp-content\/uploads\/2023\/05\/52885965757_e9fa0ca82f_k-1024x683.jpg\" class=\"attachment-large size-large\" alt=\"Auca Historia 75 a\u00f1os Amat Immobiliaris\" srcset=\"https:\/\/www.amatimmobiliaris.com\/w\/wp-content\/uploads\/2023\/05\/52885965757_e9fa0ca82f_k-1024x683.jpg 1024w, https:\/\/www.amatimmobiliaris.com\/w\/wp-content\/uploads\/2023\/05\/52885965757_e9fa0ca82f_k-300x200.jpg 300w, https:\/\/www.amatimmobiliaris.com\/w\/wp-content\/uploads\/2023\/05\/52885965757_e9fa0ca82f_k-768x512.jpg 768w, https:\/\/www.amatimmobiliaris.com\/w\/wp-content\/uploads\/2023\/05\/52885965757_e9fa0ca82f_k-1536x1025.jpg 1536w, https:\/\/www.amatimmobiliaris.com\/w\/wp-content\/uploads\/2023\/05\/52885965757_e9fa0ca82f_k.jpg 2048w\" sizes=\"(max-width: 800px) 100vw, 800px\" \/><\/a>\n\t\t\t<\/div><\/figure>\n\t\t<\/div>\n\n<p style=\"text-align: justify;\">\u00bfQuieres saber c\u00f3mo fue el acto del 75 Aniversario de Amat? \u00a1Mira este video resumen o echa vistazo a las im\u00e1genes del evento <strong><a href=\"https:\/\/flic.kr\/s\/aHBqjADbDb\" target=\"_blank\" rel=\"noopener\">aqu\u00ed!<\/a><\/strong><\/p>\n<p>&nbsp;<\/p>\n<div class=\"ratio ratio-16x9\"><iframe loading=\"lazy\" title=\"ACTE AMAT 75 ANYS - AmatImmobiliaris - 75 Anys d&#039;hist\u00f2ria\" width=\"800\" height=\"450\" src=\"https:\/\/www.youtube.com\/embed\/sXXd21eyO8M?feature=oembed\" frameborder=\"0\" allow=\"accelerometer; autoplay; clipboard-write; encrypted-media; gyroscope; picture-in-picture; web-share\" allowfullscreen><\/iframe><\/div>\n<p>&nbsp;<\/p>\n<p style=\"text-align: justify;\"><strong>\u00bfQuieres <a href=\"https:\/\/www.amatimmobiliaris.com\/w\/\" target=\"_blank\" rel=\"noopener\">conocer m\u00e1s sobre Amat Immobiliaris<\/a> y los servicios que ofrecemos? Haz clic <a href=\"https:\/\/www.amatimmobiliaris.com\/w\/servicios\/\" target=\"_blank\" rel=\"noopener\">aqu\u00ed<\/a>.<\/strong><\/p>\n<p>&nbsp;<\/p>\n<h5><strong>\u00bfTe ha gustado el art\u00edculo? <b>\u00a1Comp\u00e1rtelo!<\/b><\/strong><\/h5>\n<p><a href=\"https:\/\/twitter.com\/intent\/tweet?text=Auca%2075%20a\u00f1os%0A%40amat_cat%0Aby%20Pilar\u00edn Bay\u00e9s%20&amp;url=https%3A%2F%2Fwww.amatimmobiliaris.com%2Fw%2F2023%2F05%2Fauca-historia-75-anos-amat%2F\" target=\"_blank\" rel=\"noopener\"><img loading=\"lazy\" decoding=\"async\" class=\"alignnone wp-image-19030 size-full\" src=\"https:\/\/www.amatimmobiliaris.com\/w\/wp-content\/uploads\/2021\/11\/twitter.png\" alt=\"\" width=\"25\" height=\"20\" \/><\/a><a href=\"https:\/\/www.facebook.com\/sharer\/sharer.php?u=https%3A%2F%2Fwww.amatimmobiliaris.com%2Fw%2F2023%2F05%2Fauca-historia-75-anos-amat%2F\" class=\"broken_link\" rel=\"nofollow\"><img loading=\"lazy\" decoding=\"async\" class=\"alignnone size-full wp-image-19024\" src=\"https:\/\/www.amatimmobiliaris.com\/w\/wp-content\/uploads\/2021\/11\/fb.png\" alt=\"\" width=\"12\" height=\"24\" \/><\/a><a href=\"https:\/\/www.linkedin.com\/sharing\/share-offsite\/?url=https%3A%2F%2Fwww.amatimmobiliaris.com%2Fw%2F2023%2F05%2Fauca-historia-75-anos-amat%2F\"><img loading=\"lazy\" decoding=\"async\" class=\"alignnone size-full wp-image-19028\" src=\"https:\/\/www.amatimmobiliaris.com\/w\/wp-content\/uploads\/2021\/11\/linkedin.png\" alt=\"\" width=\"25\" height=\"25\" \/><\/a><\/p>\n","protected":false},"excerpt":{"rendered":"<p>Pilar\u00edn Bay\u00e9s dibuja\u00a0un auca explicando nuestra historia \u00ab75 A\u00f1os Amat&#8230;\u00bb &nbsp; El pasado mi\u00e9rcoles 3 de mayo celebramos en la Sala Oriol Martorell del Auditorio de Barcelona el 75 aniversario de Amat Immobiliaris. Un acto dedicado a homenajear, recorrer y valorar el pasado de la empresa, as\u00ed como reconocer la importancia de la familia, mujeres, [&hellip;]<\/p>\n","protected":false},"author":1,"featured_media":28061,"comment_status":"closed","ping_status":"closed","sticky":false,"template":"","format":"standard","meta":{"content-type":"","footnotes":""},"categories":[741,865],"tags":[958,1097,1678,1222,1235,1754,1123,942,1122,974,998,1806,1560,1260],"yoast_head":"<!-- This site is optimized with the Yoast SEO plugin v23.9 - https:\/\/yoast.com\/wordpress\/plugins\/seo\/ -->\n<title>Auca Historia 75 A\u00f1os Amat... | Amat Immobiliaris<\/title>\n<meta name=\"description\" content=\"El pasado mi\u00e9rcoles 3 de mayo celebramos nuestro aniversario y para ello, Pilar\u00edn Bay\u00e9s nos hizo un Auca Historia 75 A\u00f1os Amat...\" \/>\n<meta name=\"robots\" content=\"index, follow, max-snippet:-1, max-image-preview:large, max-video-preview:-1\" \/>\n<link rel=\"canonical\" href=\"https:\/\/www.amatimmobiliaris.com\/w\/2023\/05\/auca-historia-75-anos-amat\/\" \/>\n<meta property=\"og:locale\" content=\"es_ES\" \/>\n<meta property=\"og:type\" content=\"article\" \/>\n<meta property=\"og:title\" content=\"Auca Historia 75 A\u00f1os Amat... | Amat Immobiliaris\" \/>\n<meta property=\"og:description\" content=\"El pasado mi\u00e9rcoles 3 de mayo celebramos nuestro aniversario y para ello, Pilar\u00edn Bay\u00e9s nos hizo un Auca Historia 75 A\u00f1os Amat...\" \/>\n<meta property=\"og:url\" content=\"https:\/\/www.amatimmobiliaris.com\/w\/2023\/05\/auca-historia-75-anos-amat\/\" \/>\n<meta property=\"og:site_name\" content=\"Amat Immobiliaris\" \/>\n<meta property=\"article:publisher\" content=\"https:\/\/www.facebook.com\/amatimmobiliaris\" \/>\n<meta property=\"article:published_time\" content=\"2023-05-24T08:13:03+00:00\" \/>\n<meta property=\"article:modified_time\" content=\"2023-05-30T13:35:57+00:00\" \/>\n<meta property=\"og:image\" content=\"https:\/\/www.amatimmobiliaris.com\/w\/wp-content\/uploads\/2023\/05\/23.05.04-AMat-primeres-per-Marta-Vilardell-1-scaled.jpg\" \/>\n\t<meta property=\"og:image:width\" content=\"2560\" \/>\n\t<meta property=\"og:image:height\" content=\"1707\" \/>\n\t<meta property=\"og:image:type\" content=\"image\/jpeg\" \/>\n<meta name=\"author\" content=\"Amat Immobiliaris\" \/>\n<meta name=\"twitter:card\" content=\"summary_large_image\" \/>\n<meta name=\"twitter:creator\" content=\"@amat_cat\" \/>\n<meta name=\"twitter:site\" content=\"@amat_cat\" \/>\n<meta name=\"twitter:label1\" content=\"Escrito por\" \/>\n\t<meta name=\"twitter:data1\" content=\"Amat Immobiliaris\" \/>\n\t<meta name=\"twitter:label2\" content=\"Tiempo de lectura\" \/>\n\t<meta name=\"twitter:data2\" content=\"7 minutos\" \/>\n<script type=\"application\/ld+json\" class=\"yoast-schema-graph\">{\"@context\":\"https:\/\/schema.org\",\"@graph\":[{\"@type\":\"Article\",\"@id\":\"https:\/\/www.amatimmobiliaris.com\/w\/2023\/05\/auca-historia-75-anos-amat\/#article\",\"isPartOf\":{\"@id\":\"https:\/\/www.amatimmobiliaris.com\/w\/2023\/05\/auca-historia-75-anos-amat\/\"},\"author\":{\"name\":\"Amat Immobiliaris\",\"@id\":\"https:\/\/www.amatimmobiliaris.com\/w\/#\/schema\/person\/c880da71d1e156e7ea6774ffb445e034\"},\"headline\":\"Auca Historia 75 A\u00f1os Amat&#8230;\",\"datePublished\":\"2023-05-24T08:13:03+00:00\",\"dateModified\":\"2023-05-30T13:35:57+00:00\",\"mainEntityOfPage\":{\"@id\":\"https:\/\/www.amatimmobiliaris.com\/w\/2023\/05\/auca-historia-75-anos-amat\/\"},\"wordCount\":1022,\"publisher\":{\"@id\":\"https:\/\/www.amatimmobiliaris.com\/w\/#organization\"},\"image\":{\"@id\":\"https:\/\/www.amatimmobiliaris.com\/w\/2023\/05\/auca-historia-75-anos-amat\/#primaryimage\"},\"thumbnailUrl\":\"https:\/\/www.amatimmobiliaris.com\/w\/wp-content\/uploads\/2023\/05\/23.05.04-AMat-primeres-per-Marta-Vilardell-1-scaled.jpg\",\"keywords\":[\"Alquiler\",\"Barcelona\",\"Casa\",\"Catalu\u00f1a\",\"Econom\u00eda\",\"Guifre Homedes\",\"Immaculada Amat\",\"Inmobiliaria\",\"Joana Amat\",\"Mercado inmobiliario\",\"Obra nueva\",\"Piso\",\"Promotor\",\"Vivienda\"],\"articleSection\":[\"El mundo Amat\",\"Sector Inmobiliario\"],\"inLanguage\":\"es\"},{\"@type\":\"WebPage\",\"@id\":\"https:\/\/www.amatimmobiliaris.com\/w\/2023\/05\/auca-historia-75-anos-amat\/\",\"url\":\"https:\/\/www.amatimmobiliaris.com\/w\/2023\/05\/auca-historia-75-anos-amat\/\",\"name\":\"Auca Historia 75 A\u00f1os Amat... | Amat Immobiliaris\",\"isPartOf\":{\"@id\":\"https:\/\/www.amatimmobiliaris.com\/w\/#website\"},\"primaryImageOfPage\":{\"@id\":\"https:\/\/www.amatimmobiliaris.com\/w\/2023\/05\/auca-historia-75-anos-amat\/#primaryimage\"},\"image\":{\"@id\":\"https:\/\/www.amatimmobiliaris.com\/w\/2023\/05\/auca-historia-75-anos-amat\/#primaryimage\"},\"thumbnailUrl\":\"https:\/\/www.amatimmobiliaris.com\/w\/wp-content\/uploads\/2023\/05\/23.05.04-AMat-primeres-per-Marta-Vilardell-1-scaled.jpg\",\"datePublished\":\"2023-05-24T08:13:03+00:00\",\"dateModified\":\"2023-05-30T13:35:57+00:00\",\"description\":\"El pasado mi\u00e9rcoles 3 de mayo celebramos nuestro aniversario y para ello, Pilar\u00edn Bay\u00e9s nos hizo un Auca Historia 75 A\u00f1os Amat...\",\"breadcrumb\":{\"@id\":\"https:\/\/www.amatimmobiliaris.com\/w\/2023\/05\/auca-historia-75-anos-amat\/#breadcrumb\"},\"inLanguage\":\"es\",\"potentialAction\":[{\"@type\":\"ReadAction\",\"target\":[\"https:\/\/www.amatimmobiliaris.com\/w\/2023\/05\/auca-historia-75-anos-amat\/\"]}]},{\"@type\":\"ImageObject\",\"inLanguage\":\"es\",\"@id\":\"https:\/\/www.amatimmobiliaris.com\/w\/2023\/05\/auca-historia-75-anos-amat\/#primaryimage\",\"url\":\"https:\/\/www.amatimmobiliaris.com\/w\/wp-content\/uploads\/2023\/05\/23.05.04-AMat-primeres-per-Marta-Vilardell-1-scaled.jpg\",\"contentUrl\":\"https:\/\/www.amatimmobiliaris.com\/w\/wp-content\/uploads\/2023\/05\/23.05.04-AMat-primeres-per-Marta-Vilardell-1-scaled.jpg\",\"width\":2560,\"height\":1707,\"caption\":\"Auca Historia 75 a\u00f1os Amat Immobiliaris\"},{\"@type\":\"BreadcrumbList\",\"@id\":\"https:\/\/www.amatimmobiliaris.com\/w\/2023\/05\/auca-historia-75-anos-amat\/#breadcrumb\",\"itemListElement\":[{\"@type\":\"ListItem\",\"position\":1,\"name\":\"Home\",\"item\":\"https:\/\/www.amatimmobiliaris.com\/w\/\"},{\"@type\":\"ListItem\",\"position\":2,\"name\":\"Noticias\",\"item\":\"https:\/\/www.amatimmobiliaris.com\/w\/category\/noticias\/\"},{\"@type\":\"ListItem\",\"position\":3,\"name\":\"Sector Inmobiliario\",\"item\":\"https:\/\/www.amatimmobiliaris.com\/w\/category\/noticias\/sector-inmobiliario\/\"},{\"@type\":\"ListItem\",\"position\":4,\"name\":\"Auca Historia 75 A\u00f1os Amat&#8230;\"}]},{\"@type\":\"WebSite\",\"@id\":\"https:\/\/www.amatimmobiliaris.com\/w\/#website\",\"url\":\"https:\/\/www.amatimmobiliaris.com\/w\/\",\"name\":\"Amat Immobiliaris\",\"description\":\"Empresa familiar del sector inmobiliario con oficinas en Barcelona, Sant Cugat del Vall\u00e9s y Sant Just Desvern. Te ayudamos a comprar, alquilar o vender tu casa o piso. Somos un equipo coherente con una cultura de empresa honesta, innovadora y eficaz. Tambi\u00e9n en www.amatluxury.com\",\"publisher\":{\"@id\":\"https:\/\/www.amatimmobiliaris.com\/w\/#organization\"},\"alternateName\":\"AmatImmo\",\"potentialAction\":[{\"@type\":\"SearchAction\",\"target\":{\"@type\":\"EntryPoint\",\"urlTemplate\":\"https:\/\/www.amatimmobiliaris.com\/w\/?s={search_term_string}\"},\"query-input\":{\"@type\":\"PropertyValueSpecification\",\"valueRequired\":true,\"valueName\":\"search_term_string\"}}],\"inLanguage\":\"es\"},{\"@type\":\"Organization\",\"@id\":\"https:\/\/www.amatimmobiliaris.com\/w\/#organization\",\"name\":\"Amat Immobiliaris\",\"url\":\"https:\/\/www.amatimmobiliaris.com\/w\/\",\"logo\":{\"@type\":\"ImageObject\",\"inLanguage\":\"es\",\"@id\":\"https:\/\/www.amatimmobiliaris.com\/w\/#\/schema\/logo\/image\/\",\"url\":\"https:\/\/www.amatimmobiliaris.com\/w\/wp-content\/uploads\/2022\/10\/amat-logo.jpg\",\"contentUrl\":\"https:\/\/www.amatimmobiliaris.com\/w\/wp-content\/uploads\/2022\/10\/amat-logo.jpg\",\"width\":900,\"height\":900,\"caption\":\"Amat Immobiliaris\"},\"image\":{\"@id\":\"https:\/\/www.amatimmobiliaris.com\/w\/#\/schema\/logo\/image\/\"},\"sameAs\":[\"https:\/\/www.facebook.com\/amatimmobiliaris\",\"https:\/\/x.com\/amat_cat\",\"https:\/\/www.instagram.com\/amat_immo\/\",\"https:\/\/www.linkedin.com\/company\/amat-finques\/\",\"https:\/\/www.youtube.com\/@amatimmobiliaris\"]},{\"@type\":\"Person\",\"@id\":\"https:\/\/www.amatimmobiliaris.com\/w\/#\/schema\/person\/c880da71d1e156e7ea6774ffb445e034\",\"name\":\"Amat Immobiliaris\",\"sameAs\":[\"http:\/\/amat-inmo-wp.localhost\"]}]}<\/script>\n<!-- \/ Yoast SEO plugin. -->","yoast_head_json":{"title":"Auca Historia 75 A\u00f1os Amat... | Amat Immobiliaris","description":"El pasado mi\u00e9rcoles 3 de mayo celebramos nuestro aniversario y para ello, Pilar\u00edn Bay\u00e9s nos hizo un Auca Historia 75 A\u00f1os Amat...","robots":{"index":"index","follow":"follow","max-snippet":"max-snippet:-1","max-image-preview":"max-image-preview:large","max-video-preview":"max-video-preview:-1"},"canonical":"https:\/\/www.amatimmobiliaris.com\/w\/2023\/05\/auca-historia-75-anos-amat\/","og_locale":"es_ES","og_type":"article","og_title":"Auca Historia 75 A\u00f1os Amat... | Amat Immobiliaris","og_description":"El pasado mi\u00e9rcoles 3 de mayo celebramos nuestro aniversario y para ello, Pilar\u00edn Bay\u00e9s nos hizo un Auca Historia 75 A\u00f1os Amat...","og_url":"https:\/\/www.amatimmobiliaris.com\/w\/2023\/05\/auca-historia-75-anos-amat\/","og_site_name":"Amat Immobiliaris","article_publisher":"https:\/\/www.facebook.com\/amatimmobiliaris","article_published_time":"2023-05-24T08:13:03+00:00","article_modified_time":"2023-05-30T13:35:57+00:00","og_image":[{"width":2560,"height":1707,"url":"https:\/\/www.amatimmobiliaris.com\/w\/wp-content\/uploads\/2023\/05\/23.05.04-AMat-primeres-per-Marta-Vilardell-1-scaled.jpg","type":"image\/jpeg"}],"author":"Amat Immobiliaris","twitter_card":"summary_large_image","twitter_creator":"@amat_cat","twitter_site":"@amat_cat","twitter_misc":{"Escrito por":"Amat Immobiliaris","Tiempo de lectura":"7 minutos"},"schema":{"@context":"https:\/\/schema.org","@graph":[{"@type":"Article","@id":"https:\/\/www.amatimmobiliaris.com\/w\/2023\/05\/auca-historia-75-anos-amat\/#article","isPartOf":{"@id":"https:\/\/www.amatimmobiliaris.com\/w\/2023\/05\/auca-historia-75-anos-amat\/"},"author":{"name":"Amat Immobiliaris","@id":"https:\/\/www.amatimmobiliaris.com\/w\/#\/schema\/person\/c880da71d1e156e7ea6774ffb445e034"},"headline":"Auca Historia 75 A\u00f1os Amat&#8230;","datePublished":"2023-05-24T08:13:03+00:00","dateModified":"2023-05-30T13:35:57+00:00","mainEntityOfPage":{"@id":"https:\/\/www.amatimmobiliaris.com\/w\/2023\/05\/auca-historia-75-anos-amat\/"},"wordCount":1022,"publisher":{"@id":"https:\/\/www.amatimmobiliaris.com\/w\/#organization"},"image":{"@id":"https:\/\/www.amatimmobiliaris.com\/w\/2023\/05\/auca-historia-75-anos-amat\/#primaryimage"},"thumbnailUrl":"https:\/\/www.amatimmobiliaris.com\/w\/wp-content\/uploads\/2023\/05\/23.05.04-AMat-primeres-per-Marta-Vilardell-1-scaled.jpg","keywords":["Alquiler","Barcelona","Casa","Catalu\u00f1a","Econom\u00eda","Guifre Homedes","Immaculada Amat","Inmobiliaria","Joana Amat","Mercado inmobiliario","Obra nueva","Piso","Promotor","Vivienda"],"articleSection":["El mundo Amat","Sector Inmobiliario"],"inLanguage":"es"},{"@type":"WebPage","@id":"https:\/\/www.amatimmobiliaris.com\/w\/2023\/05\/auca-historia-75-anos-amat\/","url":"https:\/\/www.amatimmobiliaris.com\/w\/2023\/05\/auca-historia-75-anos-amat\/","name":"Auca Historia 75 A\u00f1os Amat... | Amat Immobiliaris","isPartOf":{"@id":"https:\/\/www.amatimmobiliaris.com\/w\/#website"},"primaryImageOfPage":{"@id":"https:\/\/www.amatimmobiliaris.com\/w\/2023\/05\/auca-historia-75-anos-amat\/#primaryimage"},"image":{"@id":"https:\/\/www.amatimmobiliaris.com\/w\/2023\/05\/auca-historia-75-anos-amat\/#primaryimage"},"thumbnailUrl":"https:\/\/www.amatimmobiliaris.com\/w\/wp-content\/uploads\/2023\/05\/23.05.04-AMat-primeres-per-Marta-Vilardell-1-scaled.jpg","datePublished":"2023-05-24T08:13:03+00:00","dateModified":"2023-05-30T13:35:57+00:00","description":"El pasado mi\u00e9rcoles 3 de mayo celebramos nuestro aniversario y para ello, Pilar\u00edn Bay\u00e9s nos hizo un Auca Historia 75 A\u00f1os Amat...","breadcrumb":{"@id":"https:\/\/www.amatimmobiliaris.com\/w\/2023\/05\/auca-historia-75-anos-amat\/#breadcrumb"},"inLanguage":"es","potentialAction":[{"@type":"ReadAction","target":["https:\/\/www.amatimmobiliaris.com\/w\/2023\/05\/auca-historia-75-anos-amat\/"]}]},{"@type":"ImageObject","inLanguage":"es","@id":"https:\/\/www.amatimmobiliaris.com\/w\/2023\/05\/auca-historia-75-anos-amat\/#primaryimage","url":"https:\/\/www.amatimmobiliaris.com\/w\/wp-content\/uploads\/2023\/05\/23.05.04-AMat-primeres-per-Marta-Vilardell-1-scaled.jpg","contentUrl":"https:\/\/www.amatimmobiliaris.com\/w\/wp-content\/uploads\/2023\/05\/23.05.04-AMat-primeres-per-Marta-Vilardell-1-scaled.jpg","width":2560,"height":1707,"caption":"Auca Historia 75 a\u00f1os Amat Immobiliaris"},{"@type":"BreadcrumbList","@id":"https:\/\/www.amatimmobiliaris.com\/w\/2023\/05\/auca-historia-75-anos-amat\/#breadcrumb","itemListElement":[{"@type":"ListItem","position":1,"name":"Home","item":"https:\/\/www.amatimmobiliaris.com\/w\/"},{"@type":"ListItem","position":2,"name":"Noticias","item":"https:\/\/www.amatimmobiliaris.com\/w\/category\/noticias\/"},{"@type":"ListItem","position":3,"name":"Sector Inmobiliario","item":"https:\/\/www.amatimmobiliaris.com\/w\/category\/noticias\/sector-inmobiliario\/"},{"@type":"ListItem","position":4,"name":"Auca Historia 75 A\u00f1os Amat&#8230;"}]},{"@type":"WebSite","@id":"https:\/\/www.amatimmobiliaris.com\/w\/#website","url":"https:\/\/www.amatimmobiliaris.com\/w\/","name":"Amat Immobiliaris","description":"Empresa familiar del sector inmobiliario con oficinas en Barcelona, Sant Cugat del Vall\u00e9s y Sant Just Desvern. Te ayudamos a comprar, alquilar o vender tu casa o piso. Somos un equipo coherente con una cultura de empresa honesta, innovadora y eficaz. Tambi\u00e9n en www.amatluxury.com","publisher":{"@id":"https:\/\/www.amatimmobiliaris.com\/w\/#organization"},"alternateName":"AmatImmo","potentialAction":[{"@type":"SearchAction","target":{"@type":"EntryPoint","urlTemplate":"https:\/\/www.amatimmobiliaris.com\/w\/?s={search_term_string}"},"query-input":{"@type":"PropertyValueSpecification","valueRequired":true,"valueName":"search_term_string"}}],"inLanguage":"es"},{"@type":"Organization","@id":"https:\/\/www.amatimmobiliaris.com\/w\/#organization","name":"Amat Immobiliaris","url":"https:\/\/www.amatimmobiliaris.com\/w\/","logo":{"@type":"ImageObject","inLanguage":"es","@id":"https:\/\/www.amatimmobiliaris.com\/w\/#\/schema\/logo\/image\/","url":"https:\/\/www.amatimmobiliaris.com\/w\/wp-content\/uploads\/2022\/10\/amat-logo.jpg","contentUrl":"https:\/\/www.amatimmobiliaris.com\/w\/wp-content\/uploads\/2022\/10\/amat-logo.jpg","width":900,"height":900,"caption":"Amat Immobiliaris"},"image":{"@id":"https:\/\/www.amatimmobiliaris.com\/w\/#\/schema\/logo\/image\/"},"sameAs":["https:\/\/www.facebook.com\/amatimmobiliaris","https:\/\/x.com\/amat_cat","https:\/\/www.instagram.com\/amat_immo\/","https:\/\/www.linkedin.com\/company\/amat-finques\/","https:\/\/www.youtube.com\/@amatimmobiliaris"]},{"@type":"Person","@id":"https:\/\/www.amatimmobiliaris.com\/w\/#\/schema\/person\/c880da71d1e156e7ea6774ffb445e034","name":"Amat Immobiliaris","sameAs":["http:\/\/amat-inmo-wp.localhost"]}]}},"_links":{"self":[{"href":"https:\/\/www.amatimmobiliaris.com\/w\/wp-json\/wp\/v2\/posts\/28040"}],"collection":[{"href":"https:\/\/www.amatimmobiliaris.com\/w\/wp-json\/wp\/v2\/posts"}],"about":[{"href":"https:\/\/www.amatimmobiliaris.com\/w\/wp-json\/wp\/v2\/types\/post"}],"author":[{"embeddable":true,"href":"https:\/\/www.amatimmobiliaris.com\/w\/wp-json\/wp\/v2\/users\/1"}],"replies":[{"embeddable":true,"href":"https:\/\/www.amatimmobiliaris.com\/w\/wp-json\/wp\/v2\/comments?post=28040"}],"version-history":[{"count":34,"href":"https:\/\/www.amatimmobiliaris.com\/w\/wp-json\/wp\/v2\/posts\/28040\/revisions"}],"predecessor-version":[{"id":28219,"href":"https:\/\/www.amatimmobiliaris.com\/w\/wp-json\/wp\/v2\/posts\/28040\/revisions\/28219"}],"wp:featuredmedia":[{"embeddable":true,"href":"https:\/\/www.amatimmobiliaris.com\/w\/wp-json\/wp\/v2\/media\/28061"}],"wp:attachment":[{"href":"https:\/\/www.amatimmobiliaris.com\/w\/wp-json\/wp\/v2\/media?parent=28040"}],"wp:term":[{"taxonomy":"category","embeddable":true,"href":"https:\/\/www.amatimmobiliaris.com\/w\/wp-json\/wp\/v2\/categories?post=28040"},{"taxonomy":"post_tag","embeddable":true,"href":"https:\/\/www.amatimmobiliaris.com\/w\/wp-json\/wp\/v2\/tags?post=28040"}],"curies":[{"name":"wp","href":"https:\/\/api.w.org\/{rel}","templated":true}]}}