{"id":27433,"date":"2023-05-04T09:00:17","date_gmt":"2023-05-04T09:00:17","guid":{"rendered":"https:\/\/www.amatimmobiliaris.com\/w\/?p=27433"},"modified":"2023-05-12T09:48:13","modified_gmt":"2023-05-12T09:48:13","slug":"75-aniversario-de-amat-immobilaris","status":"publish","type":"post","link":"https:\/\/www.amatimmobiliaris.com\/w\/2023\/05\/75-aniversario-de-amat-immobilaris\/","title":{"rendered":"75 Aniversario de Amat Immobilaris"},"content":{"rendered":"<h3>Muchas gracias a todas y todos, amigos, colegas y socios, por compartir y celebrar el 75 Aniversario de Amat Immobiliaris con nosotros y ser parte de nuestra historia.<\/h3>\n<p>&nbsp;<\/p>\n<p style=\"text-align: justify;\">El pasado <strong>mi\u00e9rcoles 3 de mayo celebramos en la Sala Oriol Martorell del Auditorio de Barcelona el 75 aniversario de Amat Immobiliaris.<\/strong> Un acto dedicado a homenajear, recorrer y valorar el pasado de la empresa, as\u00ed como reconocer la importancia de la familia, mujeres, cultura y sociedad como pilares vitales de la empresa. Fue un acto elegante, emotivo y con humor, al que asistieron casi 600 personas, entre clientes, empresarios, compa\u00f1eros de sector, cargos pol\u00edticos, familia y amigos.<\/p>\n<p>&nbsp;<\/p>\n<p style=\"text-align: justify;\"><a href=\"https:\/\/twitter.com\/antonibassas\" target=\"_blank\" rel=\"noopener\"><strong>Antoni Bassas<\/strong>,<\/a> presentador del acto, dio la bienvenida a todos los invitados, y a la orquesta OMAC, encargada de poner la banda sonora a esta celebraci\u00f3n. El acto empez\u00f3 con un emotivo v\u00eddeo que repasaba la historia de Amat con im\u00e1genes, entrevistas e intervenciones, entre las que se inclu\u00edan los muy honorables se\u00f1ores expresidentes de la Generalitat <strong>Jordi Pujol, <\/strong><strong><a href=\"https:\/\/twitter.com\/montimar66\" target=\"_blank\" rel=\"noopener\">Jos\u00e9 Montilla<\/a> y <a href=\"https:\/\/twitter.com\/presidentMas\" target=\"_blank\" rel=\"noopener\">Artur Mas<\/a><\/strong>, recordando sus experiencias con Amat y reflejando c\u00f3mo durante estos 75 a\u00f1os, desde Amat, hemos trabajado para la empresa, la cultura y la sociedad.<\/p>\n<p>&nbsp;<\/p>\n<p style=\"text-align: justify;\">Los valores, en torno a los cuales ha girado siempre Amat Immobiliaris, se vieron reflejados durante las entrevistas por parte de Antoni Bassas, donde pudimos escuchar a <strong>Asun Rodriguez y N\u00faria Abad<\/strong>, ambas trabajadoras de la empresa desde hace 3 d\u00e9cadas que hablaron de su experiencia en Amat siendo mujer, trabajadora y madre. Sus respectivos hijos, <strong>Dani Ribera y Andrea P\u00e9rez<\/strong>, hoy forman parte del equipo Amat y tambi\u00e9n nos contaron su experiencia.<\/p>\n<p>&nbsp;<\/p>\n<p style=\"text-align: justify;\">La entra\u00f1able <strong><a href=\"https:\/\/www.instagram.com\/pilarinbayes\/\" target=\"_blank\" rel=\"noopener\">Pilar\u00edn Bay\u00e9s<\/a><\/strong> fue la encargada de hacer un repaso por el pasado de la empresa comentando el <strong><a href=\"https:\/\/www.instagram.com\/p\/Cr0X6hRIn-H\/\" target=\"_blank\" rel=\"noopener\">auca<\/a> que ha dibujado con motivo de este 75 aniversario.<\/strong><\/p>\n<p>&nbsp;<\/p>\n<p style=\"text-align: justify;\">El tono humor\u00edstico del acto lo puso <a href=\"https:\/\/www.instagram.com\/pobrechavala\/\" target=\"_blank\" rel=\"noopener\"><strong>Judit Martin<\/strong><\/a>, que nos explic\u00f3 \u201cLas 5 reglas de oro\u201d para alquilar\/comprar en el contexto social y econ\u00f3mico actual.<\/p>\n<p>&nbsp;<\/p>\n<p style=\"texto-align: justify;\">El muy honorable se\u00f1or expresidente <a href=\"https:\/\/twitter.com\/QuimTorraiPla\" target=\"_blank\" rel=\"noopener\"><strong>Joaquim Torra<\/strong><\/a>, en v\u00eddeo, hizo hincapi\u00e9 en la importancia de la empresa, la cultura y la sociedad, pilares vitales de Amat y sobre los que <strong><a href=\"https:\/\/es.wikipedia.org\/wiki\/Jordi_Cuixart\" target=\"_blank\" rel=\"noopener\">Jordi Cuixart<\/a><\/strong>, de forma presencial, y <a href=\"https:\/\/twitter.com\/campsoscar\" target=\" _blank\" rel=\"noopener\"><strong>\u00d2scar Camps<\/strong><\/a>, en v\u00eddeo, reflexionaron durante el acto. El muy honorable se\u00f1or expresidente <a href=\"https:\/\/twitter.com\/KRLS\" target=\"_blank\" rel=\"noopener\"><strong>Carles Puigdemont<\/strong><\/a>, tambi\u00e9n en v\u00eddeo, fue el encargado de cerrar este segmento, hablando del papel de las empresas para crear actividad econ\u00f3mica y riqueza.<\/p>\n<figure id=\"attachment_27421\" aria-describedby=\"caption-attachment-27421\" style=\"width: 2560px\" class=\"wp-caption aligncenter\"><img loading=\"lazy\" decoding=\"async\" class=\"wp-image-27421 size-full\" src=\"https:\/\/www.amatimmobiliaris.com\/w\/wp-content\/uploads\/2023\/05\/23.05.04-AMat-primeres-per-Marta-Vilardell-8-scaled.jpg\" alt=\"75\u00e8 Aniversari Amat\" width=\"2560\" height=\"1707\" srcset=\"https:\/\/www.amatimmobiliaris.com\/w\/wp-content\/uploads\/2023\/05\/23.05.04-AMat-primeres-per-Marta-Vilardell-8-scaled.jpg 2560w, https:\/\/www.amatimmobiliaris.com\/w\/wp-content\/uploads\/2023\/05\/23.05.04-AMat-primeres-per-Marta-Vilardell-8-300x200.jpg 300w, https:\/\/www.amatimmobiliaris.com\/w\/wp-content\/uploads\/2023\/05\/23.05.04-AMat-primeres-per-Marta-Vilardell-8-1024x683.jpg 1024w, https:\/\/www.amatimmobiliaris.com\/w\/wp-content\/uploads\/2023\/05\/23.05.04-AMat-primeres-per-Marta-Vilardell-8-768x512.jpg 768w, https:\/\/www.amatimmobiliaris.com\/w\/wp-content\/uploads\/2023\/05\/23.05.04-AMat-primeres-per-Marta-Vilardell-8-1536x1024.jpg 1536w, https:\/\/www.amatimmobiliaris.com\/w\/wp-content\/uploads\/2023\/05\/23.05.04-AMat-primeres-per-Marta-Vilardell-8-2048x1366.jpg 2048w\" sizes=\"(max-width: 2560px) 100vw, 2560px\" \/><figcaption id=\"caption-attachment-27421\" class=\"wp-caption-text\"><span style=\"color: #999999;\"><em>75 Aniversario de Amat<\/em><\/span><\/figcaption><\/figure>\n<p style=\"text-align: justify;\">Ya hacia el final del acto se hizo reconocimiento a dos generaciones de clientes,\u00a0y a <a href=\"https:\/\/www.oriolamat.cat\/\" target=\" _blank\" rel=\"noopener\"><strong>Oriol Amat<\/strong><\/a><strong>\u00a0<\/strong>catedr\u00e1tico de econom\u00eda y ponente en muchos de los actos organizados por Amat, acompa\u00f1ado por su amigo el profesor <strong>Andreu Mas &#8211; Colell<\/strong><strong>.<\/strong>\u00a0<strong>Joana Amat, Inmaculada Amat y Guifr\u00e9 Homedes<\/strong>, director de Amat Immobiliaris hicieron respectivos discursos finales de agradecimiento, recuerdo de quienes ya no est\u00e1n y de futuro. El acto lo cerr\u00f3 el muy honorable se\u00f1or <strong>presidente de la Generalitat <a href=\"https:\/\/twitter.com\/perearagones\" target=\"_blank\" rel=\"noopener\">Pere Aragon\u00e8s<\/a><\/strong> quien dio la enhorabuena y destac\u00f3 la importancia de hacer valer la continuidad de proyectos empresariales.<\/p>\n<p>&nbsp;<\/p>\n<p style=\"text-align: justify;\">Para terminar, queremos una vez m\u00e1s agradecer a todo el equipo de Amat que hizo posible la celebraci\u00f3n de nuestro 75 aniversario; especial agradecimiento al <strong><a href=\"https:\/\/www.auditori.cat\/es\/\" target=\"_blank\" rel=\"noopener\">Auditorio<\/a> y a la <a href=\"https:\/\/www.omac.cat\/\" target=\"_blank\" rel=\"noopener nofollow\" class=\"broken_link\">Orquesta OMAC<\/a><\/strong>, que complementaron toda la parte cultural del acto.<\/p>\n<p>&nbsp;<\/p>\n<p style=\"text-align: justify;\">En breve a\u00f1adiremos v\u00eddeos del acto a nuestro <strong><a href=\"https:\/\/www.youtube.com\/@amatimmobiliaris\" target=\"_blank\" rel=\"noopener\">canal de YouTube,<\/a><\/strong> mientras tanto pod\u00e9is ver im\u00e1genes del evento en nuestro <strong><a href=\"https:\/\/www.instagram.com\/stories\/highlights\/17981827498971743\/\" target=\"_blank\" rel=\"noopener\">Instagram<\/a> o <a href=\"https:\/\/flic.kr\/s\/aHBqjADbDb\" target=\"_blank\" rel=\"noopener\">aqu\u00ed.<\/a><\/strong><\/p>\n","protected":false},"excerpt":{"rendered":"<p>Muchas gracias a todas y todos, amigos, colegas y socios, por compartir y celebrar el 75 Aniversario de Amat Immobiliaris con nosotros y ser parte de nuestra historia. &nbsp; El pasado mi\u00e9rcoles 3 de mayo celebramos en la Sala Oriol Martorell del Auditorio de Barcelona el 75 aniversario de Amat Immobiliaris. Un acto dedicado a [&hellip;]<\/p>\n","protected":false},"author":1,"featured_media":27424,"comment_status":"closed","ping_status":"closed","sticky":false,"template":"","format":"standard","meta":{"content-type":"","footnotes":""},"categories":[741,742,889,865],"tags":[958,1232,1097,1678,1222,1235,1754,1123,942,1122,1757,974,998,409,1806,1560,1260],"yoast_head":"<!-- This site is optimized with the Yoast SEO plugin v23.9 - https:\/\/yoast.com\/wordpress\/plugins\/seo\/ -->\n<title>75 Aniversario de Amat Immobilaris | Amat Immobiliaris<\/title>\n<meta name=\"description\" content=\"El pasado mi\u00e9rcoles 3 de mayo celebramos en la Sala Oriol Martorell del Auditorio de Barcelona el 75 aniversario de Amat Immobiliaris. \u00a1Os lo explicamos!\" \/>\n<meta name=\"robots\" content=\"index, follow, max-snippet:-1, max-image-preview:large, max-video-preview:-1\" \/>\n<link rel=\"canonical\" href=\"https:\/\/www.amatimmobiliaris.com\/w\/2023\/05\/75-aniversario-de-amat-immobilaris\/\" \/>\n<meta property=\"og:locale\" content=\"es_ES\" \/>\n<meta property=\"og:type\" content=\"article\" \/>\n<meta property=\"og:title\" content=\"75 Aniversario de Amat Immobilaris | Amat Immobiliaris\" \/>\n<meta property=\"og:description\" content=\"El pasado mi\u00e9rcoles 3 de mayo celebramos en la Sala Oriol Martorell del Auditorio de Barcelona el 75 aniversario de Amat Immobiliaris. \u00a1Os lo explicamos!\" \/>\n<meta property=\"og:url\" content=\"https:\/\/www.amatimmobiliaris.com\/w\/2023\/05\/75-aniversario-de-amat-immobilaris\/\" \/>\n<meta property=\"og:site_name\" content=\"Amat Immobiliaris\" \/>\n<meta property=\"article:publisher\" content=\"https:\/\/www.facebook.com\/amatimmobiliaris\" \/>\n<meta property=\"article:published_time\" content=\"2023-05-04T09:00:17+00:00\" \/>\n<meta property=\"article:modified_time\" content=\"2023-05-12T09:48:13+00:00\" \/>\n<meta property=\"og:image\" content=\"https:\/\/www.amatimmobiliaris.com\/w\/wp-content\/uploads\/2023\/05\/0_23.05.04-AMat-primeres-per-Marta-Vilardell-3-scaled.jpg\" \/>\n\t<meta property=\"og:image:width\" content=\"2560\" \/>\n\t<meta property=\"og:image:height\" content=\"1707\" \/>\n\t<meta property=\"og:image:type\" content=\"image\/jpeg\" \/>\n<meta name=\"author\" content=\"Amat Immobiliaris\" \/>\n<meta name=\"twitter:card\" content=\"summary_large_image\" \/>\n<meta name=\"twitter:creator\" content=\"@amat_cat\" \/>\n<meta name=\"twitter:site\" content=\"@amat_cat\" \/>\n<meta name=\"twitter:label1\" content=\"Escrito por\" \/>\n\t<meta name=\"twitter:data1\" content=\"Amat Immobiliaris\" \/>\n\t<meta name=\"twitter:label2\" content=\"Tiempo de lectura\" \/>\n\t<meta name=\"twitter:data2\" content=\"3 minutos\" \/>\n<script type=\"application\/ld+json\" class=\"yoast-schema-graph\">{\"@context\":\"https:\/\/schema.org\",\"@graph\":[{\"@type\":\"Article\",\"@id\":\"https:\/\/www.amatimmobiliaris.com\/w\/2023\/05\/75-aniversario-de-amat-immobilaris\/#article\",\"isPartOf\":{\"@id\":\"https:\/\/www.amatimmobiliaris.com\/w\/2023\/05\/75-aniversario-de-amat-immobilaris\/\"},\"author\":{\"name\":\"Amat Immobiliaris\",\"@id\":\"https:\/\/www.amatimmobiliaris.com\/w\/#\/schema\/person\/c880da71d1e156e7ea6774ffb445e034\"},\"headline\":\"75 Aniversario de Amat Immobilaris\",\"datePublished\":\"2023-05-04T09:00:17+00:00\",\"dateModified\":\"2023-05-12T09:48:13+00:00\",\"mainEntityOfPage\":{\"@id\":\"https:\/\/www.amatimmobiliaris.com\/w\/2023\/05\/75-aniversario-de-amat-immobilaris\/\"},\"wordCount\":606,\"publisher\":{\"@id\":\"https:\/\/www.amatimmobiliaris.com\/w\/#organization\"},\"image\":{\"@id\":\"https:\/\/www.amatimmobiliaris.com\/w\/2023\/05\/75-aniversario-de-amat-immobilaris\/#primaryimage\"},\"thumbnailUrl\":\"https:\/\/www.amatimmobiliaris.com\/w\/wp-content\/uploads\/2023\/05\/0_23.05.04-AMat-primeres-per-Marta-Vilardell-3-scaled.jpg\",\"keywords\":[\"Alquiler\",\"Artur Mas\",\"Barcelona\",\"Casa\",\"Catalu\u00f1a\",\"Econom\u00eda\",\"Guifre Homedes\",\"Immaculada Amat\",\"Inmobiliaria\",\"Joana Amat\",\"Jordi Pujol\",\"Mercado inmobiliario\",\"Obra nueva\",\"Oriol Amat\",\"Piso\",\"Promotor\",\"Vivienda\"],\"articleSection\":[\"El mundo Amat\",\"Eventos\",\"Noticias\",\"Sector Inmobiliario\"],\"inLanguage\":\"es\"},{\"@type\":\"WebPage\",\"@id\":\"https:\/\/www.amatimmobiliaris.com\/w\/2023\/05\/75-aniversario-de-amat-immobilaris\/\",\"url\":\"https:\/\/www.amatimmobiliaris.com\/w\/2023\/05\/75-aniversario-de-amat-immobilaris\/\",\"name\":\"75 Aniversario de Amat Immobilaris | Amat Immobiliaris\",\"isPartOf\":{\"@id\":\"https:\/\/www.amatimmobiliaris.com\/w\/#website\"},\"primaryImageOfPage\":{\"@id\":\"https:\/\/www.amatimmobiliaris.com\/w\/2023\/05\/75-aniversario-de-amat-immobilaris\/#primaryimage\"},\"image\":{\"@id\":\"https:\/\/www.amatimmobiliaris.com\/w\/2023\/05\/75-aniversario-de-amat-immobilaris\/#primaryimage\"},\"thumbnailUrl\":\"https:\/\/www.amatimmobiliaris.com\/w\/wp-content\/uploads\/2023\/05\/0_23.05.04-AMat-primeres-per-Marta-Vilardell-3-scaled.jpg\",\"datePublished\":\"2023-05-04T09:00:17+00:00\",\"dateModified\":\"2023-05-12T09:48:13+00:00\",\"description\":\"El pasado mi\u00e9rcoles 3 de mayo celebramos en la Sala Oriol Martorell del Auditorio de Barcelona el 75 aniversario de Amat Immobiliaris. \u00a1Os lo explicamos!\",\"breadcrumb\":{\"@id\":\"https:\/\/www.amatimmobiliaris.com\/w\/2023\/05\/75-aniversario-de-amat-immobilaris\/#breadcrumb\"},\"inLanguage\":\"es\",\"potentialAction\":[{\"@type\":\"ReadAction\",\"target\":[\"https:\/\/www.amatimmobiliaris.com\/w\/2023\/05\/75-aniversario-de-amat-immobilaris\/\"]}]},{\"@type\":\"ImageObject\",\"inLanguage\":\"es\",\"@id\":\"https:\/\/www.amatimmobiliaris.com\/w\/2023\/05\/75-aniversario-de-amat-immobilaris\/#primaryimage\",\"url\":\"https:\/\/www.amatimmobiliaris.com\/w\/wp-content\/uploads\/2023\/05\/0_23.05.04-AMat-primeres-per-Marta-Vilardell-3-scaled.jpg\",\"contentUrl\":\"https:\/\/www.amatimmobiliaris.com\/w\/wp-content\/uploads\/2023\/05\/0_23.05.04-AMat-primeres-per-Marta-Vilardell-3-scaled.jpg\",\"width\":2560,\"height\":1707,\"caption\":\"75\u00e8 Aniversari Amat a l'Auditori\"},{\"@type\":\"BreadcrumbList\",\"@id\":\"https:\/\/www.amatimmobiliaris.com\/w\/2023\/05\/75-aniversario-de-amat-immobilaris\/#breadcrumb\",\"itemListElement\":[{\"@type\":\"ListItem\",\"position\":1,\"name\":\"Home\",\"item\":\"https:\/\/www.amatimmobiliaris.com\/w\/\"},{\"@type\":\"ListItem\",\"position\":2,\"name\":\"Noticias\",\"item\":\"https:\/\/www.amatimmobiliaris.com\/w\/category\/noticias\/\"},{\"@type\":\"ListItem\",\"position\":3,\"name\":\"Sector Inmobiliario\",\"item\":\"https:\/\/www.amatimmobiliaris.com\/w\/category\/noticias\/sector-inmobiliario\/\"},{\"@type\":\"ListItem\",\"position\":4,\"name\":\"75 Aniversario de Amat Immobilaris\"}]},{\"@type\":\"WebSite\",\"@id\":\"https:\/\/www.amatimmobiliaris.com\/w\/#website\",\"url\":\"https:\/\/www.amatimmobiliaris.com\/w\/\",\"name\":\"Amat Immobiliaris\",\"description\":\"Empresa familiar del sector inmobiliario con oficinas en Barcelona, Sant Cugat del Vall\u00e9s y Sant Just Desvern. Te ayudamos a comprar, alquilar o vender tu casa o piso. Somos un equipo coherente con una cultura de empresa honesta, innovadora y eficaz. Tambi\u00e9n en www.amatluxury.com\",\"publisher\":{\"@id\":\"https:\/\/www.amatimmobiliaris.com\/w\/#organization\"},\"alternateName\":\"AmatImmo\",\"potentialAction\":[{\"@type\":\"SearchAction\",\"target\":{\"@type\":\"EntryPoint\",\"urlTemplate\":\"https:\/\/www.amatimmobiliaris.com\/w\/?s={search_term_string}\"},\"query-input\":{\"@type\":\"PropertyValueSpecification\",\"valueRequired\":true,\"valueName\":\"search_term_string\"}}],\"inLanguage\":\"es\"},{\"@type\":\"Organization\",\"@id\":\"https:\/\/www.amatimmobiliaris.com\/w\/#organization\",\"name\":\"Amat Immobiliaris\",\"url\":\"https:\/\/www.amatimmobiliaris.com\/w\/\",\"logo\":{\"@type\":\"ImageObject\",\"inLanguage\":\"es\",\"@id\":\"https:\/\/www.amatimmobiliaris.com\/w\/#\/schema\/logo\/image\/\",\"url\":\"https:\/\/www.amatimmobiliaris.com\/w\/wp-content\/uploads\/2022\/10\/amat-logo.jpg\",\"contentUrl\":\"https:\/\/www.amatimmobiliaris.com\/w\/wp-content\/uploads\/2022\/10\/amat-logo.jpg\",\"width\":900,\"height\":900,\"caption\":\"Amat Immobiliaris\"},\"image\":{\"@id\":\"https:\/\/www.amatimmobiliaris.com\/w\/#\/schema\/logo\/image\/\"},\"sameAs\":[\"https:\/\/www.facebook.com\/amatimmobiliaris\",\"https:\/\/x.com\/amat_cat\",\"https:\/\/www.instagram.com\/amat_immo\/\",\"https:\/\/www.linkedin.com\/company\/amat-finques\/\",\"https:\/\/www.youtube.com\/@amatimmobiliaris\"]},{\"@type\":\"Person\",\"@id\":\"https:\/\/www.amatimmobiliaris.com\/w\/#\/schema\/person\/c880da71d1e156e7ea6774ffb445e034\",\"name\":\"Amat Immobiliaris\",\"sameAs\":[\"http:\/\/amat-inmo-wp.localhost\"]}]}<\/script>\n<!-- \/ Yoast SEO plugin. -->","yoast_head_json":{"title":"75 Aniversario de Amat Immobilaris | Amat Immobiliaris","description":"El pasado mi\u00e9rcoles 3 de mayo celebramos en la Sala Oriol Martorell del Auditorio de Barcelona el 75 aniversario de Amat Immobiliaris. \u00a1Os lo explicamos!","robots":{"index":"index","follow":"follow","max-snippet":"max-snippet:-1","max-image-preview":"max-image-preview:large","max-video-preview":"max-video-preview:-1"},"canonical":"https:\/\/www.amatimmobiliaris.com\/w\/2023\/05\/75-aniversario-de-amat-immobilaris\/","og_locale":"es_ES","og_type":"article","og_title":"75 Aniversario de Amat Immobilaris | Amat Immobiliaris","og_description":"El pasado mi\u00e9rcoles 3 de mayo celebramos en la Sala Oriol Martorell del Auditorio de Barcelona el 75 aniversario de Amat Immobiliaris. \u00a1Os lo explicamos!","og_url":"https:\/\/www.amatimmobiliaris.com\/w\/2023\/05\/75-aniversario-de-amat-immobilaris\/","og_site_name":"Amat Immobiliaris","article_publisher":"https:\/\/www.facebook.com\/amatimmobiliaris","article_published_time":"2023-05-04T09:00:17+00:00","article_modified_time":"2023-05-12T09:48:13+00:00","og_image":[{"width":2560,"height":1707,"url":"https:\/\/www.amatimmobiliaris.com\/w\/wp-content\/uploads\/2023\/05\/0_23.05.04-AMat-primeres-per-Marta-Vilardell-3-scaled.jpg","type":"image\/jpeg"}],"author":"Amat Immobiliaris","twitter_card":"summary_large_image","twitter_creator":"@amat_cat","twitter_site":"@amat_cat","twitter_misc":{"Escrito por":"Amat Immobiliaris","Tiempo de lectura":"3 minutos"},"schema":{"@context":"https:\/\/schema.org","@graph":[{"@type":"Article","@id":"https:\/\/www.amatimmobiliaris.com\/w\/2023\/05\/75-aniversario-de-amat-immobilaris\/#article","isPartOf":{"@id":"https:\/\/www.amatimmobiliaris.com\/w\/2023\/05\/75-aniversario-de-amat-immobilaris\/"},"author":{"name":"Amat Immobiliaris","@id":"https:\/\/www.amatimmobiliaris.com\/w\/#\/schema\/person\/c880da71d1e156e7ea6774ffb445e034"},"headline":"75 Aniversario de Amat Immobilaris","datePublished":"2023-05-04T09:00:17+00:00","dateModified":"2023-05-12T09:48:13+00:00","mainEntityOfPage":{"@id":"https:\/\/www.amatimmobiliaris.com\/w\/2023\/05\/75-aniversario-de-amat-immobilaris\/"},"wordCount":606,"publisher":{"@id":"https:\/\/www.amatimmobiliaris.com\/w\/#organization"},"image":{"@id":"https:\/\/www.amatimmobiliaris.com\/w\/2023\/05\/75-aniversario-de-amat-immobilaris\/#primaryimage"},"thumbnailUrl":"https:\/\/www.amatimmobiliaris.com\/w\/wp-content\/uploads\/2023\/05\/0_23.05.04-AMat-primeres-per-Marta-Vilardell-3-scaled.jpg","keywords":["Alquiler","Artur Mas","Barcelona","Casa","Catalu\u00f1a","Econom\u00eda","Guifre Homedes","Immaculada Amat","Inmobiliaria","Joana Amat","Jordi Pujol","Mercado inmobiliario","Obra nueva","Oriol Amat","Piso","Promotor","Vivienda"],"articleSection":["El mundo Amat","Eventos","Noticias","Sector Inmobiliario"],"inLanguage":"es"},{"@type":"WebPage","@id":"https:\/\/www.amatimmobiliaris.com\/w\/2023\/05\/75-aniversario-de-amat-immobilaris\/","url":"https:\/\/www.amatimmobiliaris.com\/w\/2023\/05\/75-aniversario-de-amat-immobilaris\/","name":"75 Aniversario de Amat Immobilaris | Amat Immobiliaris","isPartOf":{"@id":"https:\/\/www.amatimmobiliaris.com\/w\/#website"},"primaryImageOfPage":{"@id":"https:\/\/www.amatimmobiliaris.com\/w\/2023\/05\/75-aniversario-de-amat-immobilaris\/#primaryimage"},"image":{"@id":"https:\/\/www.amatimmobiliaris.com\/w\/2023\/05\/75-aniversario-de-amat-immobilaris\/#primaryimage"},"thumbnailUrl":"https:\/\/www.amatimmobiliaris.com\/w\/wp-content\/uploads\/2023\/05\/0_23.05.04-AMat-primeres-per-Marta-Vilardell-3-scaled.jpg","datePublished":"2023-05-04T09:00:17+00:00","dateModified":"2023-05-12T09:48:13+00:00","description":"El pasado mi\u00e9rcoles 3 de mayo celebramos en la Sala Oriol Martorell del Auditorio de Barcelona el 75 aniversario de Amat Immobiliaris. \u00a1Os lo explicamos!","breadcrumb":{"@id":"https:\/\/www.amatimmobiliaris.com\/w\/2023\/05\/75-aniversario-de-amat-immobilaris\/#breadcrumb"},"inLanguage":"es","potentialAction":[{"@type":"ReadAction","target":["https:\/\/www.amatimmobiliaris.com\/w\/2023\/05\/75-aniversario-de-amat-immobilaris\/"]}]},{"@type":"ImageObject","inLanguage":"es","@id":"https:\/\/www.amatimmobiliaris.com\/w\/2023\/05\/75-aniversario-de-amat-immobilaris\/#primaryimage","url":"https:\/\/www.amatimmobiliaris.com\/w\/wp-content\/uploads\/2023\/05\/0_23.05.04-AMat-primeres-per-Marta-Vilardell-3-scaled.jpg","contentUrl":"https:\/\/www.amatimmobiliaris.com\/w\/wp-content\/uploads\/2023\/05\/0_23.05.04-AMat-primeres-per-Marta-Vilardell-3-scaled.jpg","width":2560,"height":1707,"caption":"75\u00e8 Aniversari Amat a l'Auditori"},{"@type":"BreadcrumbList","@id":"https:\/\/www.amatimmobiliaris.com\/w\/2023\/05\/75-aniversario-de-amat-immobilaris\/#breadcrumb","itemListElement":[{"@type":"ListItem","position":1,"name":"Home","item":"https:\/\/www.amatimmobiliaris.com\/w\/"},{"@type":"ListItem","position":2,"name":"Noticias","item":"https:\/\/www.amatimmobiliaris.com\/w\/category\/noticias\/"},{"@type":"ListItem","position":3,"name":"Sector Inmobiliario","item":"https:\/\/www.amatimmobiliaris.com\/w\/category\/noticias\/sector-inmobiliario\/"},{"@type":"ListItem","position":4,"name":"75 Aniversario de Amat Immobilaris"}]},{"@type":"WebSite","@id":"https:\/\/www.amatimmobiliaris.com\/w\/#website","url":"https:\/\/www.amatimmobiliaris.com\/w\/","name":"Amat Immobiliaris","description":"Empresa familiar del sector inmobiliario con oficinas en Barcelona, Sant Cugat del Vall\u00e9s y Sant Just Desvern. Te ayudamos a comprar, alquilar o vender tu casa o piso. Somos un equipo coherente con una cultura de empresa honesta, innovadora y eficaz. Tambi\u00e9n en www.amatluxury.com","publisher":{"@id":"https:\/\/www.amatimmobiliaris.com\/w\/#organization"},"alternateName":"AmatImmo","potentialAction":[{"@type":"SearchAction","target":{"@type":"EntryPoint","urlTemplate":"https:\/\/www.amatimmobiliaris.com\/w\/?s={search_term_string}"},"query-input":{"@type":"PropertyValueSpecification","valueRequired":true,"valueName":"search_term_string"}}],"inLanguage":"es"},{"@type":"Organization","@id":"https:\/\/www.amatimmobiliaris.com\/w\/#organization","name":"Amat Immobiliaris","url":"https:\/\/www.amatimmobiliaris.com\/w\/","logo":{"@type":"ImageObject","inLanguage":"es","@id":"https:\/\/www.amatimmobiliaris.com\/w\/#\/schema\/logo\/image\/","url":"https:\/\/www.amatimmobiliaris.com\/w\/wp-content\/uploads\/2022\/10\/amat-logo.jpg","contentUrl":"https:\/\/www.amatimmobiliaris.com\/w\/wp-content\/uploads\/2022\/10\/amat-logo.jpg","width":900,"height":900,"caption":"Amat Immobiliaris"},"image":{"@id":"https:\/\/www.amatimmobiliaris.com\/w\/#\/schema\/logo\/image\/"},"sameAs":["https:\/\/www.facebook.com\/amatimmobiliaris","https:\/\/x.com\/amat_cat","https:\/\/www.instagram.com\/amat_immo\/","https:\/\/www.linkedin.com\/company\/amat-finques\/","https:\/\/www.youtube.com\/@amatimmobiliaris"]},{"@type":"Person","@id":"https:\/\/www.amatimmobiliaris.com\/w\/#\/schema\/person\/c880da71d1e156e7ea6774ffb445e034","name":"Amat Immobiliaris","sameAs":["http:\/\/amat-inmo-wp.localhost"]}]}},"_links":{"self":[{"href":"https:\/\/www.amatimmobiliaris.com\/w\/wp-json\/wp\/v2\/posts\/27433"}],"collection":[{"href":"https:\/\/www.amatimmobiliaris.com\/w\/wp-json\/wp\/v2\/posts"}],"about":[{"href":"https:\/\/www.amatimmobiliaris.com\/w\/wp-json\/wp\/v2\/types\/post"}],"author":[{"embeddable":true,"href":"https:\/\/www.amatimmobiliaris.com\/w\/wp-json\/wp\/v2\/users\/1"}],"replies":[{"embeddable":true,"href":"https:\/\/www.amatimmobiliaris.com\/w\/wp-json\/wp\/v2\/comments?post=27433"}],"version-history":[{"count":10,"href":"https:\/\/www.amatimmobiliaris.com\/w\/wp-json\/wp\/v2\/posts\/27433\/revisions"}],"predecessor-version":[{"id":27534,"href":"https:\/\/www.amatimmobiliaris.com\/w\/wp-json\/wp\/v2\/posts\/27433\/revisions\/27534"}],"wp:featuredmedia":[{"embeddable":true,"href":"https:\/\/www.amatimmobiliaris.com\/w\/wp-json\/wp\/v2\/media\/27424"}],"wp:attachment":[{"href":"https:\/\/www.amatimmobiliaris.com\/w\/wp-json\/wp\/v2\/media?parent=27433"}],"wp:term":[{"taxonomy":"category","embeddable":true,"href":"https:\/\/www.amatimmobiliaris.com\/w\/wp-json\/wp\/v2\/categories?post=27433"},{"taxonomy":"post_tag","embeddable":true,"href":"https:\/\/www.amatimmobiliaris.com\/w\/wp-json\/wp\/v2\/tags?post=27433"}],"curies":[{"name":"wp","href":"https:\/\/api.w.org\/{rel}","templated":true}]}}