{"id":25981,"date":"2016-02-03T10:32:11","date_gmt":"2016-02-03T10:32:11","guid":{"rendered":"https:\/\/www.amatimmobiliaris.com\/w\/?p=25981"},"modified":"2023-05-02T10:24:18","modified_gmt":"2023-05-02T10:24:18","slug":"estos-son-los-mejores-edificios-de-2015","status":"publish","type":"post","link":"https:\/\/www.amatimmobiliaris.com\/w\/2016\/02\/estos-son-los-mejores-edificios-de-2015\/","title":{"rendered":"Estos son los mejores edificios de 2015"},"content":{"rendered":"<p style=\"text-align: justify;\">Cada a\u00f1o tiene lugar en diferentes partes del mundo el Festival Mundial de Arquitectura o, lo que es lo mismo, el <a href=\"https:\/\/www.worldarchitecturefestival.com\/waf2023\/en\/page\/home\">WAF<\/a>, por sus siglas en ingl\u00e9s. El World Architecture Festival es el evento internacional de arquitectura m\u00e1s importante del mundo. Incluye el mayor programa de premios de arquitectura dedicado a celebrar la excelencia a trav\u00e9s de las deliberaciones de jurados internacionales. El WAF est\u00e1 reconocido como el \u00d3scar de la arquitectura.<\/p>\n<p style=\"text-align: justify;\">Los ganadores de este a\u00f1o incluyen una aldea vertical, un edificio helicoidal y un parque resistente a inundaciones, entre otros. Este a\u00f1o se ha celebrado en el hotel de lujo Marina Bay Sands, en Singapur.<\/p>\n<p><strong>Premio Mundial en el edificio del a\u00f1o 2015<\/strong><\/p>\n<p style=\"text-align: justify;\"><em>\u00abThe Interlace\u00bb <\/em>Conjunto residencial dise\u00f1ado por el estudio OMA y <a href=\"https:\/\/buro-os.com\/\"> Buro Ole Scheere<\/a> entre 2007 y 2013. Se trata de un espacio residencial de 1.040 apartamentos en la ciudad de Singapur. Las viviendas est\u00e1n agrupadas en una disposici\u00f3n entrelazada poco habitual: 31 bloques de seis plantas, apilados formando conjuntos hexagonales, y articulados alrededor de ocho patios. Rodeada de zonas verdes y de ocio, el &#8216;pueblo vertical&#8217; de 170.000 metros cuadrados presenta vol\u00famenes escalonados, conectados horizontalmente, que generan una geometr\u00eda irregular en un terreno con m\u00e1s de ocho hect\u00e1reas.<\/p>\n<p><a href=\"https:\/\/www.amatimmobiliaris.com\/w\/wp-content\/uploads\/2022\/01\/interlace-1.jpg\"><img loading=\"lazy\" decoding=\"async\" class=\"alignnone wp-image-4045 size-large\" src=\"https:\/\/www.amatimmobiliaris.com\/w\/wp-content\/uploads\/2022\/01\/interlace-1-1024x731.jpg\" alt=\"interlace\" width=\"1024\" height=\"731\" \/><\/a><\/p>\n<p><a href=\"https:\/\/www.amatimmobiliaris.com\/w\/wp-content\/uploads\/2022\/01\/02-the-interlace-1.jpg\"><img loading=\"lazy\" decoding=\"async\" class=\"alignnone wp-image-4046 size-large\" src=\"https:\/\/www.amatimmobiliaris.com\/w\/wp-content\/uploads\/2022\/01\/02-the-interlace-1-1024x682.jpg\" alt=\"02-the-interlace\" width=\"1024\" height=\"682\" \/><\/a><\/p>\n<p>&nbsp;<\/p>\n<p><strong>Premio Mejor Proyecto de Futuro<\/strong><\/p>\n<p><em>\u00abVancouver House\u00bb. <\/em>A cargo de\u00a0<span class=\"media-caption__text\"><a href=\"https:\/\/big.dk\/\">BIG Bjarke Ingells Group<\/a><\/span> y estar\u00e1 listo en 2018. <span class=\"media-caption__text\">La torre mide m\u00e1s de 150 metros de altura. El edificio ser\u00e1 un bloque residencial de 41 apartamentos, junto a la autopista. Su dise\u00f1o evita que ninguna ventana o balc\u00f3n den de cara a esta v\u00eda.<\/span><\/p>\n<p>Los 9 primeros pisos de la torre ser\u00e1n destinados a tiendas, restaurantes y oficinas, siendo posible disponer de plazas p\u00fablicas justo en la parte inferior de la autopista, gracias a la elevaci\u00f3n del edificio.<\/p>\n<p><a href=\"https:\/\/www.amatimmobiliaris.com\/w\/wp-content\/uploads\/2022\/01\/Vancouver-House-by-BIG_dezeen_936_0-1.jpg\"><img loading=\"lazy\" decoding=\"async\" class=\"wp-image-4048 size-large aligncenter\" src=\"https:\/\/www.amatimmobiliaris.com\/w\/wp-content\/uploads\/2022\/01\/Vancouver-House-by-BIG_dezeen_936_0-1-820x1024.jpg\" alt=\"Vancouver-House-by-BIG_dezeen_936_0\" width=\"820\" height=\"1024\" \/><\/a><\/p>\n<p><strong>Premio categor\u00eda mejor escuela<\/strong><\/p>\n<p>En San Petersburgo, Rusia, se encuentra esta escuela de ballet, proyectada por <a href=\"https:\/\/studio44.ru\/en\/projects\/\">Studio 44<\/a>, ganadores del mejor dise\u00f1o en la categor\u00eda Escuelas. La <span class=\"media-caption__text\">Boris Eifman Dance Academy<\/span> destaca por su luminosidad ya que est\u00e1 construida con cristal transl\u00facido.<\/p>\n<p><a href=\"https:\/\/www.amatimmobiliaris.com\/w\/wp-content\/uploads\/2022\/01\/boris2-1.jpg\"><img loading=\"lazy\" decoding=\"async\" class=\"aligncenter wp-image-4130 size-full\" src=\"https:\/\/www.amatimmobiliaris.com\/w\/wp-content\/uploads\/2022\/01\/boris2-1.jpg\" alt=\"boris2\" width=\"650\" height=\"973\" \/><\/a><\/p>\n<p style=\"text-align: center;\"><a href=\"https:\/\/www.amatimmobiliaris.com\/w\/wp-content\/uploads\/2022\/01\/Boris-Eifman-Dance-Academy1-1.jpg\"><img loading=\"lazy\" decoding=\"async\" class=\"aligncenter wp-image-4131 \" src=\"https:\/\/www.amatimmobiliaris.com\/w\/wp-content\/uploads\/2022\/01\/Boris-Eifman-Dance-Academy1-1.jpg\" alt=\"Boris Eifman Dance Academy1\" width=\"654\" height=\"436\" \/><\/a><a href=\"https:\/\/studio44.ru\/en\/projects\/\">Font<\/a><\/p>\n<p><strong>Premio Mejor Presentaci\u00f3n<\/strong><\/p>\n<p><span class=\"media-caption__text\">Este primer premio fue otorgado al Pabell\u00f3n Brasil\u00e9 creado por los arquitectos <a href=\"https:\/\/www.arthurcasas.com\/\">Arthur Casas<\/a> y <a href=\"https:\/\/markobrajovic.com\/en\">Marko Brajovic<\/a> por la Expo de Mil\u00e1n 2015. Es un lugar p\u00fablico donde se promueve la nutrici\u00f3n y la agricultura.<br \/>\n<\/span><\/p>\n<p style=\"text-align: center;\"><a href=\"https:\/\/www.amatimmobiliaris.com\/w\/wp-content\/uploads\/2022\/01\/pabellon-brasil-1-1.jpg\"><img loading=\"lazy\" decoding=\"async\" class=\"aligncenter wp-image-4129 \" src=\"https:\/\/www.amatimmobiliaris.com\/w\/wp-content\/uploads\/2022\/01\/pabellon-brasil-1-1-1024x1021.jpg\" alt=\"pabellon brasil 1\" width=\"826\" height=\"824\" \/><\/a><a href=\"https:\/\/arqa.com\/arquitectura\/brazilian-pavilion-at-expo-milan.html\">Font<\/a><\/p>\n<p style=\"text-align: center;\"><a href=\"https:\/\/www.amatimmobiliaris.com\/w\/wp-content\/uploads\/2022\/01\/brasil-pabellon-metalocus_-1.jpg\"><img loading=\"lazy\" decoding=\"async\" class=\"aligncenter wp-image-4128 \" src=\"https:\/\/www.amatimmobiliaris.com\/w\/wp-content\/uploads\/2022\/01\/brasil-pabellon-metalocus_-1-1024x683.jpg\" alt=\"brasil pabellon - metalocus_\" width=\"824\" height=\"549\" \/><\/a><\/p>\n<p><strong>Premio categor\u00eda Religi\u00f3n<\/strong><\/p>\n<p>Esta construcci\u00f3n en Qatar gan\u00f3 en la categor\u00eda de Religi\u00f3n. Se trata de la Facultad de Estudios Isl\u00e1micos, un proyecto dise\u00f1ado por el estudio <span class=\"media-caption__text\"><a href=\"https:\/\/www.myaa.eu\/\">Mangera Yvars Architects<\/a><\/span>. Ocupa 35 mil m2 y est\u00e1 rodeado por 4 jardines.<\/p>\n<p style=\"text-align: center;\"><a href=\"https:\/\/www.amatimmobiliaris.com\/w\/wp-content\/uploads\/2022\/01\/qatar-facultat-1.jpg\"><img loading=\"lazy\" decoding=\"async\" class=\"aligncenter wp-image-4127 \" src=\"https:\/\/www.amatimmobiliaris.com\/w\/wp-content\/uploads\/2022\/01\/qatar-facultat-1-1024x576.jpg\" alt=\"qatar facultat\" width=\"845\" height=\"475\" \/><\/a><a href=\"https:\/\/cementarium.tumblr.com\/\">Font<\/a><\/p>\n<p style=\"text-align: center;\"><a href=\"https:\/\/www.amatimmobiliaris.com\/w\/wp-content\/uploads\/2022\/01\/qatar-facultat-2-1.jpg\"><img loading=\"lazy\" decoding=\"async\" class=\"aligncenter wp-image-4126 \" src=\"https:\/\/www.amatimmobiliaris.com\/w\/wp-content\/uploads\/2022\/01\/qatar-facultat-2-1.jpg\" alt=\"qatar facultat 2\" width=\"848\" height=\"511\" \/><\/a><a href=\"https:\/\/cementarium.tumblr.com\/\">Font<\/a><\/p>\n<p>&nbsp;<\/p>\n<p><strong>Premio categor\u00eda Deportes<\/strong><\/p>\n<p>\u00c9ste es el estadio de f\u00fatbol San Mam\u00e9s, en Bilbao. Tiene una capacidad para 53 mil personas y fue dise\u00f1ado por <a href=\"https:\/\/www.idom.com\/media\/\">ACXT-IDOM <\/a>con motivo de &#8216;Eurocopa 2020.<\/p>\n<p style=\"text-align: center;\"><a href=\"https:\/\/www.amatimmobiliaris.com\/w\/wp-content\/uploads\/2022\/01\/estadi-2-1.jpg\"><img loading=\"lazy\" decoding=\"async\" class=\"aligncenter wp-image-4125 \" src=\"https:\/\/www.amatimmobiliaris.com\/w\/wp-content\/uploads\/2022\/01\/estadi-2-1.jpg\" alt=\"estadi 2\" width=\"854\" height=\"480\" \/><\/a><a href=\"https:\/\/penya-barcelona-japan.com\/\" class=\"broken_link\" rel=\"nofollow\">Font<\/a><\/p>\n<p><strong>Premio categor\u00eda Compras<\/strong><\/p>\n<p>China alberga el Premio al mejor edificio en la categor\u00eda de Compras en 2015. El centro comercial Sino-Ocean Taikoo Li se encuentra en\u00a0Chengdu y fue dise\u00f1ado por el estudio <span class=\"media-caption__text\">T<a href=\"https:\/\/www.ovalpartnership.com\/#\/people\/8\">he Oval Partnership Architects<\/a><\/span>, mientras <span class=\"media-caption__text\">Urbanists and Designers<\/span> se hizo cargo del proyecto.<\/p>\n<p style=\"text-align: center;\"><a href=\"https:\/\/www.amatimmobiliaris.com\/w\/wp-content\/uploads\/2022\/01\/centre-comercial-1.jpg\"><img loading=\"lazy\" decoding=\"async\" class=\"aligncenter wp-image-4124 \" src=\"https:\/\/www.amatimmobiliaris.com\/w\/wp-content\/uploads\/2022\/01\/centre-comercial-1.jpg\" alt=\"centre comercial\" width=\"863\" height=\"387\" \/><\/a><a href=\"https:\/\/www.pinterest.es\/pin\/514677063643016374\/\">Font<\/a><\/p>\n<p style=\"text-align: center;\"><a href=\"https:\/\/www.amatimmobiliaris.com\/w\/wp-content\/uploads\/2022\/01\/centre-comercial-2-1.jpg\"><img loading=\"lazy\" decoding=\"async\" class=\"aligncenter wp-image-4123 \" src=\"https:\/\/www.amatimmobiliaris.com\/w\/wp-content\/uploads\/2022\/01\/centre-comercial-2-1.jpg\" alt=\"centre comercial 2\" width=\"856\" height=\"856\" \/><\/a><a href=\"https:\/\/www.pinterest.es\/pin\/514677063643016374\/\">Font<\/a><\/p>\n<p><strong>Premio Paisaje del a\u00f1o<\/strong><br \/>\nTambi\u00e9n en China se encuentra el Premio al Paisaje del A\u00f1o. Este 2015 ha ido a parar a la ciudad de Jinhua por el parque Yanweizhou que se ubica en la desembocadura de tres r\u00edos con puentes peatonales, resistentes a inundaciones. Del proyecto fue responsable <a href=\"https:\/\/www.turenscape.com\/en\/home\/index.html\">Turenscape International<\/a>.<\/p>\n<p style=\"text-align: center;\"><a href=\"https:\/\/www.amatimmobiliaris.com\/w\/wp-content\/uploads\/2022\/01\/Yanweizhou-1.jpg\"><img loading=\"lazy\" decoding=\"async\" class=\"wp-image-4122 aligncenter\" src=\"https:\/\/www.amatimmobiliaris.com\/w\/wp-content\/uploads\/2022\/01\/Yanweizhou-1.jpg\" alt=\"Yanweizhou\" width=\"879\" height=\"517\" \/><\/a><a href=\"https:\/\/www.dezeen.com\/2015\/11\/06\/turenscape-yanweizhou-park-landscape-of-the-year-2015-award-world-architecture-festival\/\">Font<\/a><\/p>\n<p style=\"text-align: center;\"><a href=\"https:\/\/www.amatimmobiliaris.com\/w\/wp-content\/uploads\/2022\/01\/Yanweizhou-2-1.jpg\"><img loading=\"lazy\" decoding=\"async\" class=\"aligncenter wp-image-4121 \" src=\"https:\/\/www.amatimmobiliaris.com\/w\/wp-content\/uploads\/2022\/01\/Yanweizhou-2-1-1024x731.jpg\" alt=\"Yanweizhou 2\" width=\"875\" height=\"625\" \/><\/a><a href=\"https:\/\/www.dezeen.com\/2015\/11\/06\/turenscape-yanweizhou-park-landscape-of-the-year-2015-award-world-architecture-festival\/\">Font<\/a><\/p>\n<p>&nbsp;<\/p>\n<p><strong>Premio categor\u00eda Transporte<\/strong><\/p>\n<p>Una estaci\u00f3n del m\u00edtico metro de Manhattan ha sido el ganador del premio en la categor\u00eda de transporte. Exactamente la estaci\u00f3n Fulton Center, que conecta 6 estaciones m\u00e1s y 9 l\u00edneas de metro.<\/p>\n<p style=\"text-align: center;\"><a href=\"https:\/\/www.amatimmobiliaris.com\/w\/wp-content\/uploads\/2022\/01\/fulton-2-1.jpg\"><img loading=\"lazy\" decoding=\"async\" class=\"aligncenter wp-image-4120 \" src=\"https:\/\/www.amatimmobiliaris.com\/w\/wp-content\/uploads\/2022\/01\/fulton-2-1.jpg\" alt=\"fulton 2\" width=\"902\" height=\"601\" \/><\/a><a href=\"https:\/\/www.wsj.com\/articles\/photos-fulton-center-subway-station-1415638339\">Font<\/a><\/p>\n","protected":false},"excerpt":{"rendered":"<p>Cada a\u00f1o tiene lugar en diferentes partes del mundo el Festival Mundial de Arquitectura o, lo que es lo mismo, el WAF, por sus siglas en ingl\u00e9s. El World Architecture Festival es el evento internacional de arquitectura m\u00e1s importante del mundo. Incluye el mayor programa de premios de arquitectura dedicado a celebrar la excelencia a [&hellip;]<\/p>\n","protected":false},"author":1,"featured_media":12635,"comment_status":"closed","ping_status":"closed","sticky":false,"template":"","format":"standard","meta":{"content-type":"","footnotes":""},"categories":[879],"tags":[1121,1666],"yoast_head":"<!-- This site is optimized with the Yoast SEO plugin v23.9 - https:\/\/yoast.com\/wordpress\/plugins\/seo\/ -->\n<title>Estos son los mejores edificios de 2015 | Amat Immobiliaris<\/title>\n<meta name=\"robots\" content=\"index, follow, max-snippet:-1, max-image-preview:large, max-video-preview:-1\" \/>\n<link rel=\"canonical\" href=\"https:\/\/www.amatimmobiliaris.com\/w\/2016\/02\/estos-son-los-mejores-edificios-de-2015\/\" \/>\n<meta property=\"og:locale\" content=\"es_ES\" \/>\n<meta property=\"og:type\" content=\"article\" \/>\n<meta property=\"og:title\" content=\"Estos son los mejores edificios de 2015 | Amat Immobiliaris\" \/>\n<meta property=\"og:description\" content=\"Cada a\u00f1o tiene lugar en diferentes partes del mundo el Festival Mundial de Arquitectura o, lo que es lo mismo, el WAF, por sus siglas en ingl\u00e9s. El World Architecture Festival es el evento internacional de arquitectura m\u00e1s importante del mundo. Incluye el mayor programa de premios de arquitectura dedicado a celebrar la excelencia a [&hellip;]\" \/>\n<meta property=\"og:url\" content=\"https:\/\/www.amatimmobiliaris.com\/w\/2016\/02\/estos-son-los-mejores-edificios-de-2015\/\" \/>\n<meta property=\"og:site_name\" content=\"Amat Immobiliaris\" \/>\n<meta property=\"article:publisher\" content=\"https:\/\/www.facebook.com\/amatimmobiliaris\" \/>\n<meta property=\"article:published_time\" content=\"2016-02-03T10:32:11+00:00\" \/>\n<meta property=\"article:modified_time\" content=\"2023-05-02T10:24:18+00:00\" \/>\n<meta property=\"og:image\" content=\"https:\/\/www.amatimmobiliaris.com\/w\/wp-content\/uploads\/2022\/01\/interlace-1.jpg\" \/>\n\t<meta property=\"og:image:width\" content=\"1568\" \/>\n\t<meta property=\"og:image:height\" content=\"1120\" \/>\n\t<meta property=\"og:image:type\" content=\"image\/jpeg\" \/>\n<meta name=\"author\" content=\"Amat Immobiliaris\" \/>\n<meta name=\"twitter:card\" content=\"summary_large_image\" \/>\n<meta name=\"twitter:creator\" content=\"@amat_cat\" \/>\n<meta name=\"twitter:site\" content=\"@amat_cat\" \/>\n<meta name=\"twitter:label1\" content=\"Escrito por\" \/>\n\t<meta name=\"twitter:data1\" content=\"Amat Immobiliaris\" \/>\n\t<meta name=\"twitter:label2\" content=\"Tiempo de lectura\" \/>\n\t<meta name=\"twitter:data2\" content=\"6 minutos\" \/>\n<script type=\"application\/ld+json\" class=\"yoast-schema-graph\">{\"@context\":\"https:\/\/schema.org\",\"@graph\":[{\"@type\":\"Article\",\"@id\":\"https:\/\/www.amatimmobiliaris.com\/w\/2016\/02\/estos-son-los-mejores-edificios-de-2015\/#article\",\"isPartOf\":{\"@id\":\"https:\/\/www.amatimmobiliaris.com\/w\/2016\/02\/estos-son-los-mejores-edificios-de-2015\/\"},\"author\":{\"name\":\"Amat Immobiliaris\",\"@id\":\"https:\/\/www.amatimmobiliaris.com\/w\/#\/schema\/person\/c880da71d1e156e7ea6774ffb445e034\"},\"headline\":\"Estos son los mejores edificios de 2015\",\"datePublished\":\"2016-02-03T10:32:11+00:00\",\"dateModified\":\"2023-05-02T10:24:18+00:00\",\"mainEntityOfPage\":{\"@id\":\"https:\/\/www.amatimmobiliaris.com\/w\/2016\/02\/estos-son-los-mejores-edificios-de-2015\/\"},\"wordCount\":629,\"publisher\":{\"@id\":\"https:\/\/www.amatimmobiliaris.com\/w\/#organization\"},\"image\":{\"@id\":\"https:\/\/www.amatimmobiliaris.com\/w\/2016\/02\/estos-son-los-mejores-edificios-de-2015\/#primaryimage\"},\"thumbnailUrl\":\"https:\/\/www.amatimmobiliaris.com\/w\/wp-content\/uploads\/2022\/01\/interlace-1.jpg\",\"keywords\":[\"Premio\",\"Urbanismo\"],\"articleSection\":[\"Arquitectura y decoraci\u00f3n\"],\"inLanguage\":\"es\"},{\"@type\":\"WebPage\",\"@id\":\"https:\/\/www.amatimmobiliaris.com\/w\/2016\/02\/estos-son-los-mejores-edificios-de-2015\/\",\"url\":\"https:\/\/www.amatimmobiliaris.com\/w\/2016\/02\/estos-son-los-mejores-edificios-de-2015\/\",\"name\":\"Estos son los mejores edificios de 2015 | Amat Immobiliaris\",\"isPartOf\":{\"@id\":\"https:\/\/www.amatimmobiliaris.com\/w\/#website\"},\"primaryImageOfPage\":{\"@id\":\"https:\/\/www.amatimmobiliaris.com\/w\/2016\/02\/estos-son-los-mejores-edificios-de-2015\/#primaryimage\"},\"image\":{\"@id\":\"https:\/\/www.amatimmobiliaris.com\/w\/2016\/02\/estos-son-los-mejores-edificios-de-2015\/#primaryimage\"},\"thumbnailUrl\":\"https:\/\/www.amatimmobiliaris.com\/w\/wp-content\/uploads\/2022\/01\/interlace-1.jpg\",\"datePublished\":\"2016-02-03T10:32:11+00:00\",\"dateModified\":\"2023-05-02T10:24:18+00:00\",\"breadcrumb\":{\"@id\":\"https:\/\/www.amatimmobiliaris.com\/w\/2016\/02\/estos-son-los-mejores-edificios-de-2015\/#breadcrumb\"},\"inLanguage\":\"es\",\"potentialAction\":[{\"@type\":\"ReadAction\",\"target\":[\"https:\/\/www.amatimmobiliaris.com\/w\/2016\/02\/estos-son-los-mejores-edificios-de-2015\/\"]}]},{\"@type\":\"ImageObject\",\"inLanguage\":\"es\",\"@id\":\"https:\/\/www.amatimmobiliaris.com\/w\/2016\/02\/estos-son-los-mejores-edificios-de-2015\/#primaryimage\",\"url\":\"https:\/\/www.amatimmobiliaris.com\/w\/wp-content\/uploads\/2022\/01\/interlace-1.jpg\",\"contentUrl\":\"https:\/\/www.amatimmobiliaris.com\/w\/wp-content\/uploads\/2022\/01\/interlace-1.jpg\",\"width\":1568,\"height\":1120},{\"@type\":\"BreadcrumbList\",\"@id\":\"https:\/\/www.amatimmobiliaris.com\/w\/2016\/02\/estos-son-los-mejores-edificios-de-2015\/#breadcrumb\",\"itemListElement\":[{\"@type\":\"ListItem\",\"position\":1,\"name\":\"Home\",\"item\":\"https:\/\/www.amatimmobiliaris.com\/w\/\"},{\"@type\":\"ListItem\",\"position\":2,\"name\":\"Arquitectura y decoraci\u00f3n\",\"item\":\"https:\/\/www.amatimmobiliaris.com\/w\/category\/arquitectura-y-decoracion\/\"},{\"@type\":\"ListItem\",\"position\":3,\"name\":\"Estos son los mejores edificios de 2015\"}]},{\"@type\":\"WebSite\",\"@id\":\"https:\/\/www.amatimmobiliaris.com\/w\/#website\",\"url\":\"https:\/\/www.amatimmobiliaris.com\/w\/\",\"name\":\"Amat Immobiliaris\",\"description\":\"Empresa familiar del sector inmobiliario con oficinas en Barcelona, Sant Cugat del Vall\u00e9s y Sant Just Desvern. Te ayudamos a comprar, alquilar o vender tu casa o piso. Somos un equipo coherente con una cultura de empresa honesta, innovadora y eficaz. Tambi\u00e9n en www.amatluxury.com\",\"publisher\":{\"@id\":\"https:\/\/www.amatimmobiliaris.com\/w\/#organization\"},\"alternateName\":\"AmatImmo\",\"potentialAction\":[{\"@type\":\"SearchAction\",\"target\":{\"@type\":\"EntryPoint\",\"urlTemplate\":\"https:\/\/www.amatimmobiliaris.com\/w\/?s={search_term_string}\"},\"query-input\":{\"@type\":\"PropertyValueSpecification\",\"valueRequired\":true,\"valueName\":\"search_term_string\"}}],\"inLanguage\":\"es\"},{\"@type\":\"Organization\",\"@id\":\"https:\/\/www.amatimmobiliaris.com\/w\/#organization\",\"name\":\"Amat Immobiliaris\",\"url\":\"https:\/\/www.amatimmobiliaris.com\/w\/\",\"logo\":{\"@type\":\"ImageObject\",\"inLanguage\":\"es\",\"@id\":\"https:\/\/www.amatimmobiliaris.com\/w\/#\/schema\/logo\/image\/\",\"url\":\"https:\/\/www.amatimmobiliaris.com\/w\/wp-content\/uploads\/2022\/10\/amat-logo.jpg\",\"contentUrl\":\"https:\/\/www.amatimmobiliaris.com\/w\/wp-content\/uploads\/2022\/10\/amat-logo.jpg\",\"width\":900,\"height\":900,\"caption\":\"Amat Immobiliaris\"},\"image\":{\"@id\":\"https:\/\/www.amatimmobiliaris.com\/w\/#\/schema\/logo\/image\/\"},\"sameAs\":[\"https:\/\/www.facebook.com\/amatimmobiliaris\",\"https:\/\/x.com\/amat_cat\",\"https:\/\/www.instagram.com\/amat_immo\/\",\"https:\/\/www.linkedin.com\/company\/amat-finques\/\",\"https:\/\/www.youtube.com\/@amatimmobiliaris\"]},{\"@type\":\"Person\",\"@id\":\"https:\/\/www.amatimmobiliaris.com\/w\/#\/schema\/person\/c880da71d1e156e7ea6774ffb445e034\",\"name\":\"Amat Immobiliaris\",\"sameAs\":[\"http:\/\/amat-inmo-wp.localhost\"]}]}<\/script>\n<!-- \/ Yoast SEO plugin. -->","yoast_head_json":{"title":"Estos son los mejores edificios de 2015 | Amat Immobiliaris","robots":{"index":"index","follow":"follow","max-snippet":"max-snippet:-1","max-image-preview":"max-image-preview:large","max-video-preview":"max-video-preview:-1"},"canonical":"https:\/\/www.amatimmobiliaris.com\/w\/2016\/02\/estos-son-los-mejores-edificios-de-2015\/","og_locale":"es_ES","og_type":"article","og_title":"Estos son los mejores edificios de 2015 | Amat Immobiliaris","og_description":"Cada a\u00f1o tiene lugar en diferentes partes del mundo el Festival Mundial de Arquitectura o, lo que es lo mismo, el WAF, por sus siglas en ingl\u00e9s. El World Architecture Festival es el evento internacional de arquitectura m\u00e1s importante del mundo. Incluye el mayor programa de premios de arquitectura dedicado a celebrar la excelencia a [&hellip;]","og_url":"https:\/\/www.amatimmobiliaris.com\/w\/2016\/02\/estos-son-los-mejores-edificios-de-2015\/","og_site_name":"Amat Immobiliaris","article_publisher":"https:\/\/www.facebook.com\/amatimmobiliaris","article_published_time":"2016-02-03T10:32:11+00:00","article_modified_time":"2023-05-02T10:24:18+00:00","og_image":[{"width":1568,"height":1120,"url":"https:\/\/www.amatimmobiliaris.com\/w\/wp-content\/uploads\/2022\/01\/interlace-1.jpg","type":"image\/jpeg"}],"author":"Amat Immobiliaris","twitter_card":"summary_large_image","twitter_creator":"@amat_cat","twitter_site":"@amat_cat","twitter_misc":{"Escrito por":"Amat Immobiliaris","Tiempo de lectura":"6 minutos"},"schema":{"@context":"https:\/\/schema.org","@graph":[{"@type":"Article","@id":"https:\/\/www.amatimmobiliaris.com\/w\/2016\/02\/estos-son-los-mejores-edificios-de-2015\/#article","isPartOf":{"@id":"https:\/\/www.amatimmobiliaris.com\/w\/2016\/02\/estos-son-los-mejores-edificios-de-2015\/"},"author":{"name":"Amat Immobiliaris","@id":"https:\/\/www.amatimmobiliaris.com\/w\/#\/schema\/person\/c880da71d1e156e7ea6774ffb445e034"},"headline":"Estos son los mejores edificios de 2015","datePublished":"2016-02-03T10:32:11+00:00","dateModified":"2023-05-02T10:24:18+00:00","mainEntityOfPage":{"@id":"https:\/\/www.amatimmobiliaris.com\/w\/2016\/02\/estos-son-los-mejores-edificios-de-2015\/"},"wordCount":629,"publisher":{"@id":"https:\/\/www.amatimmobiliaris.com\/w\/#organization"},"image":{"@id":"https:\/\/www.amatimmobiliaris.com\/w\/2016\/02\/estos-son-los-mejores-edificios-de-2015\/#primaryimage"},"thumbnailUrl":"https:\/\/www.amatimmobiliaris.com\/w\/wp-content\/uploads\/2022\/01\/interlace-1.jpg","keywords":["Premio","Urbanismo"],"articleSection":["Arquitectura y decoraci\u00f3n"],"inLanguage":"es"},{"@type":"WebPage","@id":"https:\/\/www.amatimmobiliaris.com\/w\/2016\/02\/estos-son-los-mejores-edificios-de-2015\/","url":"https:\/\/www.amatimmobiliaris.com\/w\/2016\/02\/estos-son-los-mejores-edificios-de-2015\/","name":"Estos son los mejores edificios de 2015 | Amat Immobiliaris","isPartOf":{"@id":"https:\/\/www.amatimmobiliaris.com\/w\/#website"},"primaryImageOfPage":{"@id":"https:\/\/www.amatimmobiliaris.com\/w\/2016\/02\/estos-son-los-mejores-edificios-de-2015\/#primaryimage"},"image":{"@id":"https:\/\/www.amatimmobiliaris.com\/w\/2016\/02\/estos-son-los-mejores-edificios-de-2015\/#primaryimage"},"thumbnailUrl":"https:\/\/www.amatimmobiliaris.com\/w\/wp-content\/uploads\/2022\/01\/interlace-1.jpg","datePublished":"2016-02-03T10:32:11+00:00","dateModified":"2023-05-02T10:24:18+00:00","breadcrumb":{"@id":"https:\/\/www.amatimmobiliaris.com\/w\/2016\/02\/estos-son-los-mejores-edificios-de-2015\/#breadcrumb"},"inLanguage":"es","potentialAction":[{"@type":"ReadAction","target":["https:\/\/www.amatimmobiliaris.com\/w\/2016\/02\/estos-son-los-mejores-edificios-de-2015\/"]}]},{"@type":"ImageObject","inLanguage":"es","@id":"https:\/\/www.amatimmobiliaris.com\/w\/2016\/02\/estos-son-los-mejores-edificios-de-2015\/#primaryimage","url":"https:\/\/www.amatimmobiliaris.com\/w\/wp-content\/uploads\/2022\/01\/interlace-1.jpg","contentUrl":"https:\/\/www.amatimmobiliaris.com\/w\/wp-content\/uploads\/2022\/01\/interlace-1.jpg","width":1568,"height":1120},{"@type":"BreadcrumbList","@id":"https:\/\/www.amatimmobiliaris.com\/w\/2016\/02\/estos-son-los-mejores-edificios-de-2015\/#breadcrumb","itemListElement":[{"@type":"ListItem","position":1,"name":"Home","item":"https:\/\/www.amatimmobiliaris.com\/w\/"},{"@type":"ListItem","position":2,"name":"Arquitectura y decoraci\u00f3n","item":"https:\/\/www.amatimmobiliaris.com\/w\/category\/arquitectura-y-decoracion\/"},{"@type":"ListItem","position":3,"name":"Estos son los mejores edificios de 2015"}]},{"@type":"WebSite","@id":"https:\/\/www.amatimmobiliaris.com\/w\/#website","url":"https:\/\/www.amatimmobiliaris.com\/w\/","name":"Amat Immobiliaris","description":"Empresa familiar del sector inmobiliario con oficinas en Barcelona, Sant Cugat del Vall\u00e9s y Sant Just Desvern. Te ayudamos a comprar, alquilar o vender tu casa o piso. Somos un equipo coherente con una cultura de empresa honesta, innovadora y eficaz. Tambi\u00e9n en www.amatluxury.com","publisher":{"@id":"https:\/\/www.amatimmobiliaris.com\/w\/#organization"},"alternateName":"AmatImmo","potentialAction":[{"@type":"SearchAction","target":{"@type":"EntryPoint","urlTemplate":"https:\/\/www.amatimmobiliaris.com\/w\/?s={search_term_string}"},"query-input":{"@type":"PropertyValueSpecification","valueRequired":true,"valueName":"search_term_string"}}],"inLanguage":"es"},{"@type":"Organization","@id":"https:\/\/www.amatimmobiliaris.com\/w\/#organization","name":"Amat Immobiliaris","url":"https:\/\/www.amatimmobiliaris.com\/w\/","logo":{"@type":"ImageObject","inLanguage":"es","@id":"https:\/\/www.amatimmobiliaris.com\/w\/#\/schema\/logo\/image\/","url":"https:\/\/www.amatimmobiliaris.com\/w\/wp-content\/uploads\/2022\/10\/amat-logo.jpg","contentUrl":"https:\/\/www.amatimmobiliaris.com\/w\/wp-content\/uploads\/2022\/10\/amat-logo.jpg","width":900,"height":900,"caption":"Amat Immobiliaris"},"image":{"@id":"https:\/\/www.amatimmobiliaris.com\/w\/#\/schema\/logo\/image\/"},"sameAs":["https:\/\/www.facebook.com\/amatimmobiliaris","https:\/\/x.com\/amat_cat","https:\/\/www.instagram.com\/amat_immo\/","https:\/\/www.linkedin.com\/company\/amat-finques\/","https:\/\/www.youtube.com\/@amatimmobiliaris"]},{"@type":"Person","@id":"https:\/\/www.amatimmobiliaris.com\/w\/#\/schema\/person\/c880da71d1e156e7ea6774ffb445e034","name":"Amat Immobiliaris","sameAs":["http:\/\/amat-inmo-wp.localhost"]}]}},"_links":{"self":[{"href":"https:\/\/www.amatimmobiliaris.com\/w\/wp-json\/wp\/v2\/posts\/25981"}],"collection":[{"href":"https:\/\/www.amatimmobiliaris.com\/w\/wp-json\/wp\/v2\/posts"}],"about":[{"href":"https:\/\/www.amatimmobiliaris.com\/w\/wp-json\/wp\/v2\/types\/post"}],"author":[{"embeddable":true,"href":"https:\/\/www.amatimmobiliaris.com\/w\/wp-json\/wp\/v2\/users\/1"}],"replies":[{"embeddable":true,"href":"https:\/\/www.amatimmobiliaris.com\/w\/wp-json\/wp\/v2\/comments?post=25981"}],"version-history":[{"count":3,"href":"https:\/\/www.amatimmobiliaris.com\/w\/wp-json\/wp\/v2\/posts\/25981\/revisions"}],"predecessor-version":[{"id":25987,"href":"https:\/\/www.amatimmobiliaris.com\/w\/wp-json\/wp\/v2\/posts\/25981\/revisions\/25987"}],"wp:featuredmedia":[{"embeddable":true,"href":"https:\/\/www.amatimmobiliaris.com\/w\/wp-json\/wp\/v2\/media\/12635"}],"wp:attachment":[{"href":"https:\/\/www.amatimmobiliaris.com\/w\/wp-json\/wp\/v2\/media?parent=25981"}],"wp:term":[{"taxonomy":"category","embeddable":true,"href":"https:\/\/www.amatimmobiliaris.com\/w\/wp-json\/wp\/v2\/categories?post=25981"},{"taxonomy":"post_tag","embeddable":true,"href":"https:\/\/www.amatimmobiliaris.com\/w\/wp-json\/wp\/v2\/tags?post=25981"}],"curies":[{"name":"wp","href":"https:\/\/api.w.org\/{rel}","templated":true}]}}