{"id":25960,"date":"2017-05-07T10:11:55","date_gmt":"2017-05-07T10:11:55","guid":{"rendered":"https:\/\/www.amatimmobiliaris.com\/w\/?p=25960"},"modified":"2023-05-11T10:17:34","modified_gmt":"2023-05-11T10:17:34","slug":"corregimosladesigualdad","status":"publish","type":"post","link":"https:\/\/www.amatimmobiliaris.com\/w\/2017\/05\/corregimosladesigualdad\/","title":{"rendered":"#CorregimoslaDesigualdad"},"content":{"rendered":"<p style=\"text-align: justify;\">Per commemorar el Dia Internacional de les Dones, l\u2019Institut Catal\u00e0 de les Dones (ICD) ha endegat la campanya <strong>#CorregimlaDesigualtat,<\/strong> que ressalta la marca femenina de les paraules TreballadorA, EmprenedorA i ExpertA. Amb el missatge \u201cCorregir la desigualtat \u00e9s responsabilitat de tothom. Igualtat efectiva de dones i homes: Catalunya al capdavant\u201d, es vol promoure la implicaci\u00f3 de tota la ciutadania en la incorporaci\u00f3 de les dones a tots els \u00e0mbits de la societat catalana.<\/p>\n<p style=\"text-align: justify;\">La Generalitat de Catalunya se suma aix\u00ed a la <strong>iniciativa global en favor de L\u2019apoderament econ\u00f2mic de les dones<\/strong> en un entorn, el mercat de treball, sotm\u00e8s a constants canvis, el tema convingut per la Comissi\u00f3 Jur\u00eddica i Social de les Dones de les Nacions Unides.<\/p>\n<p style=\"text-align: justify;\">Per aquest motiu, avui dimarts 7 i el dimecres 8 tindran lloc els actes institucionals a tot el territori on es llegir\u00e0 la Declaraci\u00f3 institucional del Govern de la Generalitat de Catalunya.<\/p>\n<p style=\"text-align: justify;\">Aquesta tarda a les 19&#8217;3h al Palau de la Generalitat, <strong>Joana Amat, co-presidenta d&#8217;Amat assistir\u00e0 com a <a href=\"https:\/\/www.amatimmobiliaris.com\/w\/2016\/01\/joana-amat-nueva-presidenta-de-fidem\/\" target=\"_blank\" rel=\"noopener\">Presidenta i representant de FIDEM<\/a>.<\/strong><\/p>\n","protected":false},"excerpt":{"rendered":"<p>Per commemorar el Dia Internacional de les Dones, l\u2019Institut Catal\u00e0 de les Dones (ICD) ha endegat la campanya #CorregimlaDesigualtat, que ressalta la marca femenina de les paraules TreballadorA, EmprenedorA i ExpertA. Amb el missatge \u201cCorregir la desigualtat \u00e9s responsabilitat de tothom. Igualtat efectiva de dones i homes: Catalunya al capdavant\u201d, es vol promoure la implicaci\u00f3 [&hellip;]<\/p>\n","protected":false},"author":1,"featured_media":0,"comment_status":"closed","ping_status":"closed","sticky":false,"template":"","format":"standard","meta":{"content-type":"","footnotes":""},"categories":[741],"tags":[955,1131,1651,1753],"yoast_head":"<!-- This site is optimized with the Yoast SEO plugin v23.9 - https:\/\/yoast.com\/wordpress\/plugins\/seo\/ -->\n<title>#CorregimoslaDesigualdad | Amat Immobiliaris<\/title>\n<meta name=\"robots\" content=\"index, follow, max-snippet:-1, max-image-preview:large, max-video-preview:-1\" \/>\n<link rel=\"canonical\" href=\"https:\/\/www.amatimmobiliaris.com\/w\/2017\/05\/corregimosladesigualdad\/\" \/>\n<meta property=\"og:locale\" content=\"es_ES\" \/>\n<meta property=\"og:type\" content=\"article\" \/>\n<meta property=\"og:title\" content=\"#CorregimoslaDesigualdad | Amat Immobiliaris\" \/>\n<meta property=\"og:description\" content=\"Per commemorar el Dia Internacional de les Dones, l\u2019Institut Catal\u00e0 de les Dones (ICD) ha endegat la campanya #CorregimlaDesigualtat, que ressalta la marca femenina de les paraules TreballadorA, EmprenedorA i ExpertA. Amb el missatge \u201cCorregir la desigualtat \u00e9s responsabilitat de tothom. Igualtat efectiva de dones i homes: Catalunya al capdavant\u201d, es vol promoure la implicaci\u00f3 [&hellip;]\" \/>\n<meta property=\"og:url\" content=\"https:\/\/www.amatimmobiliaris.com\/w\/2017\/05\/corregimosladesigualdad\/\" \/>\n<meta property=\"og:site_name\" content=\"Amat Immobiliaris\" \/>\n<meta property=\"article:publisher\" content=\"https:\/\/www.facebook.com\/amatimmobiliaris\" \/>\n<meta property=\"article:published_time\" content=\"2017-05-07T10:11:55+00:00\" \/>\n<meta property=\"article:modified_time\" content=\"2023-05-11T10:17:34+00:00\" \/>\n<meta property=\"og:image\" content=\"https:\/\/www.amatimmobiliaris.com\/w\/wp-content\/uploads\/2022\/01\/2014-Saga-familiar-Amat-dw-1-1024x683.jpg\" \/>\n\t<meta property=\"og:image:width\" content=\"1024\" \/>\n\t<meta property=\"og:image:height\" content=\"683\" \/>\n\t<meta property=\"og:image:type\" content=\"image\/jpeg\" \/>\n<meta name=\"author\" content=\"Amat Immobiliaris\" \/>\n<meta name=\"twitter:card\" content=\"summary_large_image\" \/>\n<meta name=\"twitter:creator\" content=\"@amat_cat\" \/>\n<meta name=\"twitter:site\" content=\"@amat_cat\" \/>\n<meta name=\"twitter:label1\" content=\"Escrito por\" \/>\n\t<meta name=\"twitter:data1\" content=\"Amat Immobiliaris\" \/>\n\t<meta name=\"twitter:label2\" content=\"Tiempo de lectura\" \/>\n\t<meta name=\"twitter:data2\" content=\"1 minuto\" \/>\n<script type=\"application\/ld+json\" class=\"yoast-schema-graph\">{\"@context\":\"https:\/\/schema.org\",\"@graph\":[{\"@type\":\"Article\",\"@id\":\"https:\/\/www.amatimmobiliaris.com\/w\/2017\/05\/corregimosladesigualdad\/#article\",\"isPartOf\":{\"@id\":\"https:\/\/www.amatimmobiliaris.com\/w\/2017\/05\/corregimosladesigualdad\/\"},\"author\":{\"name\":\"Amat Immobiliaris\",\"@id\":\"https:\/\/www.amatimmobiliaris.com\/w\/#\/schema\/person\/c880da71d1e156e7ea6774ffb445e034\"},\"headline\":\"#CorregimoslaDesigualdad\",\"datePublished\":\"2017-05-07T10:11:55+00:00\",\"dateModified\":\"2023-05-11T10:17:34+00:00\",\"mainEntityOfPage\":{\"@id\":\"https:\/\/www.amatimmobiliaris.com\/w\/2017\/05\/corregimosladesigualdad\/\"},\"wordCount\":178,\"publisher\":{\"@id\":\"https:\/\/www.amatimmobiliaris.com\/w\/#organization\"},\"keywords\":[\"Feminismo\",\"FIDEM\",\"Mujer\",\"Mujeres empresarias\"],\"articleSection\":[\"El mundo Amat\"],\"inLanguage\":\"es\"},{\"@type\":\"WebPage\",\"@id\":\"https:\/\/www.amatimmobiliaris.com\/w\/2017\/05\/corregimosladesigualdad\/\",\"url\":\"https:\/\/www.amatimmobiliaris.com\/w\/2017\/05\/corregimosladesigualdad\/\",\"name\":\"#CorregimoslaDesigualdad | Amat Immobiliaris\",\"isPartOf\":{\"@id\":\"https:\/\/www.amatimmobiliaris.com\/w\/#website\"},\"datePublished\":\"2017-05-07T10:11:55+00:00\",\"dateModified\":\"2023-05-11T10:17:34+00:00\",\"breadcrumb\":{\"@id\":\"https:\/\/www.amatimmobiliaris.com\/w\/2017\/05\/corregimosladesigualdad\/#breadcrumb\"},\"inLanguage\":\"es\",\"potentialAction\":[{\"@type\":\"ReadAction\",\"target\":[\"https:\/\/www.amatimmobiliaris.com\/w\/2017\/05\/corregimosladesigualdad\/\"]}]},{\"@type\":\"BreadcrumbList\",\"@id\":\"https:\/\/www.amatimmobiliaris.com\/w\/2017\/05\/corregimosladesigualdad\/#breadcrumb\",\"itemListElement\":[{\"@type\":\"ListItem\",\"position\":1,\"name\":\"Home\",\"item\":\"https:\/\/www.amatimmobiliaris.com\/w\/\"},{\"@type\":\"ListItem\",\"position\":2,\"name\":\"El mundo Amat\",\"item\":\"https:\/\/www.amatimmobiliaris.com\/w\/category\/el-mundo-amat\/\"},{\"@type\":\"ListItem\",\"position\":3,\"name\":\"#CorregimoslaDesigualdad\"}]},{\"@type\":\"WebSite\",\"@id\":\"https:\/\/www.amatimmobiliaris.com\/w\/#website\",\"url\":\"https:\/\/www.amatimmobiliaris.com\/w\/\",\"name\":\"Amat Immobiliaris\",\"description\":\"Empresa familiar del sector inmobiliario con oficinas en Barcelona, Sant Cugat del Vall\u00e9s y Sant Just Desvern. Te ayudamos a comprar, alquilar o vender tu casa o piso. Somos un equipo coherente con una cultura de empresa honesta, innovadora y eficaz. Tambi\u00e9n en www.amatluxury.com\",\"publisher\":{\"@id\":\"https:\/\/www.amatimmobiliaris.com\/w\/#organization\"},\"alternateName\":\"AmatImmo\",\"potentialAction\":[{\"@type\":\"SearchAction\",\"target\":{\"@type\":\"EntryPoint\",\"urlTemplate\":\"https:\/\/www.amatimmobiliaris.com\/w\/?s={search_term_string}\"},\"query-input\":{\"@type\":\"PropertyValueSpecification\",\"valueRequired\":true,\"valueName\":\"search_term_string\"}}],\"inLanguage\":\"es\"},{\"@type\":\"Organization\",\"@id\":\"https:\/\/www.amatimmobiliaris.com\/w\/#organization\",\"name\":\"Amat Immobiliaris\",\"url\":\"https:\/\/www.amatimmobiliaris.com\/w\/\",\"logo\":{\"@type\":\"ImageObject\",\"inLanguage\":\"es\",\"@id\":\"https:\/\/www.amatimmobiliaris.com\/w\/#\/schema\/logo\/image\/\",\"url\":\"https:\/\/www.amatimmobiliaris.com\/w\/wp-content\/uploads\/2022\/10\/amat-logo.jpg\",\"contentUrl\":\"https:\/\/www.amatimmobiliaris.com\/w\/wp-content\/uploads\/2022\/10\/amat-logo.jpg\",\"width\":900,\"height\":900,\"caption\":\"Amat Immobiliaris\"},\"image\":{\"@id\":\"https:\/\/www.amatimmobiliaris.com\/w\/#\/schema\/logo\/image\/\"},\"sameAs\":[\"https:\/\/www.facebook.com\/amatimmobiliaris\",\"https:\/\/x.com\/amat_cat\",\"https:\/\/www.instagram.com\/amat_immo\/\",\"https:\/\/www.linkedin.com\/company\/amat-finques\/\",\"https:\/\/www.youtube.com\/@amatimmobiliaris\"]},{\"@type\":\"Person\",\"@id\":\"https:\/\/www.amatimmobiliaris.com\/w\/#\/schema\/person\/c880da71d1e156e7ea6774ffb445e034\",\"name\":\"Amat Immobiliaris\",\"sameAs\":[\"http:\/\/amat-inmo-wp.localhost\"]}]}<\/script>\n<!-- \/ Yoast SEO plugin. -->","yoast_head_json":{"title":"#CorregimoslaDesigualdad | Amat Immobiliaris","robots":{"index":"index","follow":"follow","max-snippet":"max-snippet:-1","max-image-preview":"max-image-preview:large","max-video-preview":"max-video-preview:-1"},"canonical":"https:\/\/www.amatimmobiliaris.com\/w\/2017\/05\/corregimosladesigualdad\/","og_locale":"es_ES","og_type":"article","og_title":"#CorregimoslaDesigualdad | Amat Immobiliaris","og_description":"Per commemorar el Dia Internacional de les Dones, l\u2019Institut Catal\u00e0 de les Dones (ICD) ha endegat la campanya #CorregimlaDesigualtat, que ressalta la marca femenina de les paraules TreballadorA, EmprenedorA i ExpertA. Amb el missatge \u201cCorregir la desigualtat \u00e9s responsabilitat de tothom. Igualtat efectiva de dones i homes: Catalunya al capdavant\u201d, es vol promoure la implicaci\u00f3 [&hellip;]","og_url":"https:\/\/www.amatimmobiliaris.com\/w\/2017\/05\/corregimosladesigualdad\/","og_site_name":"Amat Immobiliaris","article_publisher":"https:\/\/www.facebook.com\/amatimmobiliaris","article_published_time":"2017-05-07T10:11:55+00:00","article_modified_time":"2023-05-11T10:17:34+00:00","og_image":[{"width":1024,"height":683,"url":"https:\/\/www.amatimmobiliaris.com\/w\/wp-content\/uploads\/2022\/01\/2014-Saga-familiar-Amat-dw-1-1024x683.jpg","type":"image\/jpeg"}],"author":"Amat Immobiliaris","twitter_card":"summary_large_image","twitter_creator":"@amat_cat","twitter_site":"@amat_cat","twitter_misc":{"Escrito por":"Amat Immobiliaris","Tiempo de lectura":"1 minuto"},"schema":{"@context":"https:\/\/schema.org","@graph":[{"@type":"Article","@id":"https:\/\/www.amatimmobiliaris.com\/w\/2017\/05\/corregimosladesigualdad\/#article","isPartOf":{"@id":"https:\/\/www.amatimmobiliaris.com\/w\/2017\/05\/corregimosladesigualdad\/"},"author":{"name":"Amat Immobiliaris","@id":"https:\/\/www.amatimmobiliaris.com\/w\/#\/schema\/person\/c880da71d1e156e7ea6774ffb445e034"},"headline":"#CorregimoslaDesigualdad","datePublished":"2017-05-07T10:11:55+00:00","dateModified":"2023-05-11T10:17:34+00:00","mainEntityOfPage":{"@id":"https:\/\/www.amatimmobiliaris.com\/w\/2017\/05\/corregimosladesigualdad\/"},"wordCount":178,"publisher":{"@id":"https:\/\/www.amatimmobiliaris.com\/w\/#organization"},"keywords":["Feminismo","FIDEM","Mujer","Mujeres empresarias"],"articleSection":["El mundo Amat"],"inLanguage":"es"},{"@type":"WebPage","@id":"https:\/\/www.amatimmobiliaris.com\/w\/2017\/05\/corregimosladesigualdad\/","url":"https:\/\/www.amatimmobiliaris.com\/w\/2017\/05\/corregimosladesigualdad\/","name":"#CorregimoslaDesigualdad | Amat Immobiliaris","isPartOf":{"@id":"https:\/\/www.amatimmobiliaris.com\/w\/#website"},"datePublished":"2017-05-07T10:11:55+00:00","dateModified":"2023-05-11T10:17:34+00:00","breadcrumb":{"@id":"https:\/\/www.amatimmobiliaris.com\/w\/2017\/05\/corregimosladesigualdad\/#breadcrumb"},"inLanguage":"es","potentialAction":[{"@type":"ReadAction","target":["https:\/\/www.amatimmobiliaris.com\/w\/2017\/05\/corregimosladesigualdad\/"]}]},{"@type":"BreadcrumbList","@id":"https:\/\/www.amatimmobiliaris.com\/w\/2017\/05\/corregimosladesigualdad\/#breadcrumb","itemListElement":[{"@type":"ListItem","position":1,"name":"Home","item":"https:\/\/www.amatimmobiliaris.com\/w\/"},{"@type":"ListItem","position":2,"name":"El mundo Amat","item":"https:\/\/www.amatimmobiliaris.com\/w\/category\/el-mundo-amat\/"},{"@type":"ListItem","position":3,"name":"#CorregimoslaDesigualdad"}]},{"@type":"WebSite","@id":"https:\/\/www.amatimmobiliaris.com\/w\/#website","url":"https:\/\/www.amatimmobiliaris.com\/w\/","name":"Amat Immobiliaris","description":"Empresa familiar del sector inmobiliario con oficinas en Barcelona, Sant Cugat del Vall\u00e9s y Sant Just Desvern. Te ayudamos a comprar, alquilar o vender tu casa o piso. Somos un equipo coherente con una cultura de empresa honesta, innovadora y eficaz. Tambi\u00e9n en www.amatluxury.com","publisher":{"@id":"https:\/\/www.amatimmobiliaris.com\/w\/#organization"},"alternateName":"AmatImmo","potentialAction":[{"@type":"SearchAction","target":{"@type":"EntryPoint","urlTemplate":"https:\/\/www.amatimmobiliaris.com\/w\/?s={search_term_string}"},"query-input":{"@type":"PropertyValueSpecification","valueRequired":true,"valueName":"search_term_string"}}],"inLanguage":"es"},{"@type":"Organization","@id":"https:\/\/www.amatimmobiliaris.com\/w\/#organization","name":"Amat Immobiliaris","url":"https:\/\/www.amatimmobiliaris.com\/w\/","logo":{"@type":"ImageObject","inLanguage":"es","@id":"https:\/\/www.amatimmobiliaris.com\/w\/#\/schema\/logo\/image\/","url":"https:\/\/www.amatimmobiliaris.com\/w\/wp-content\/uploads\/2022\/10\/amat-logo.jpg","contentUrl":"https:\/\/www.amatimmobiliaris.com\/w\/wp-content\/uploads\/2022\/10\/amat-logo.jpg","width":900,"height":900,"caption":"Amat Immobiliaris"},"image":{"@id":"https:\/\/www.amatimmobiliaris.com\/w\/#\/schema\/logo\/image\/"},"sameAs":["https:\/\/www.facebook.com\/amatimmobiliaris","https:\/\/x.com\/amat_cat","https:\/\/www.instagram.com\/amat_immo\/","https:\/\/www.linkedin.com\/company\/amat-finques\/","https:\/\/www.youtube.com\/@amatimmobiliaris"]},{"@type":"Person","@id":"https:\/\/www.amatimmobiliaris.com\/w\/#\/schema\/person\/c880da71d1e156e7ea6774ffb445e034","name":"Amat Immobiliaris","sameAs":["http:\/\/amat-inmo-wp.localhost"]}]}},"_links":{"self":[{"href":"https:\/\/www.amatimmobiliaris.com\/w\/wp-json\/wp\/v2\/posts\/25960"}],"collection":[{"href":"https:\/\/www.amatimmobiliaris.com\/w\/wp-json\/wp\/v2\/posts"}],"about":[{"href":"https:\/\/www.amatimmobiliaris.com\/w\/wp-json\/wp\/v2\/types\/post"}],"author":[{"embeddable":true,"href":"https:\/\/www.amatimmobiliaris.com\/w\/wp-json\/wp\/v2\/users\/1"}],"replies":[{"embeddable":true,"href":"https:\/\/www.amatimmobiliaris.com\/w\/wp-json\/wp\/v2\/comments?post=25960"}],"version-history":[{"count":1,"href":"https:\/\/www.amatimmobiliaris.com\/w\/wp-json\/wp\/v2\/posts\/25960\/revisions"}],"predecessor-version":[{"id":25961,"href":"https:\/\/www.amatimmobiliaris.com\/w\/wp-json\/wp\/v2\/posts\/25960\/revisions\/25961"}],"wp:attachment":[{"href":"https:\/\/www.amatimmobiliaris.com\/w\/wp-json\/wp\/v2\/media?parent=25960"}],"wp:term":[{"taxonomy":"category","embeddable":true,"href":"https:\/\/www.amatimmobiliaris.com\/w\/wp-json\/wp\/v2\/categories?post=25960"},{"taxonomy":"post_tag","embeddable":true,"href":"https:\/\/www.amatimmobiliaris.com\/w\/wp-json\/wp\/v2\/tags?post=25960"}],"curies":[{"name":"wp","href":"https:\/\/api.w.org\/{rel}","templated":true}]}}