{"id":25569,"date":"2019-01-21T15:27:41","date_gmt":"2019-01-21T15:27:41","guid":{"rendered":"https:\/\/www.amatimmobiliaris.com\/w\/?p=25569"},"modified":"2023-05-11T10:09:08","modified_gmt":"2023-05-11T10:09:08","slug":"nueva-sesion-de-trabajo-del-obesrvatorio-metropolitano-de-la-vivienda","status":"publish","type":"post","link":"https:\/\/www.amatimmobiliaris.com\/w\/2019\/01\/nueva-sesion-de-trabajo-del-obesrvatorio-metropolitano-de-la-vivienda\/","title":{"rendered":"Nueva sesi\u00f3n de trabajo del Obesrvatorio Metropolitano de la Vivienda"},"content":{"rendered":"<p style=\"text-align: justify;\">El pasado jueves 17 particip\u00e9 en una nueva sesi\u00f3n de trabajo como miembro del <strong><a href=\"https:\/\/www.ohb.cat\/\" target=\"_blank\" rel=\"noopener\">Consejo Asesor del Observatorio Metropolitano de la Vivienda de Barcelona<\/a><\/strong>, haciendo un balance de los trabajos realizados el a\u00f1o pasado y las propuestas de este a\u00f1o. Como conclusi\u00f3n debo decir que, francamente, ha sido una tarea excelente.<\/p>\n<p style=\"text-align: justify;\">Una de las sesiones de trabajo ha sido un an\u00e1lisis del comportamiento del <strong><a href=\"http:\/\/agenciahabitatge.gencat.cat\/indexdelloguer\/\" target=\"_blank\" rel=\"noopener\">&#8216;\u00cdndice de Referencia de Precios de Alquiler de Catalu\u00f1a<\/a><\/strong>. Amat Immobiliaris pudimos participar en las mesas de trabajo de la creaci\u00f3n de este \u00edndice y siempre nos ha parecido una herramienta \u00fatil, tanto para el inquilino como para el propietario, para poder tener una idea bastante clara del precio de mercado.<\/p>\n<p style=\"text-align: justify;\">El \u00cdndice <a href=\"https:\/\/www.amatimmobiliaris.com\/w\/2017\/10\/la-falta-oferta-marca-la-tendencia-del-mercado-alquiler\/\" target=\"_blank\" rel=\"noopener\">se puso en marcha a mediados del a\u00f1o 2017<\/a> y ahora ya se tienen suficientes datos para poder valorar su utilidad, su comportamiento y los posibles ajustes que se pueden recomendar.<\/p>\n<p style=\"text-align: justify;\">Desde Amat Inmobiliarios hemos analizado y puesto a disposici\u00f3n del OHB nuestros datos de cierre de fin de a\u00f1o, donde hemos podido constatar que todas las rentas han quedado incluidas dentro de los m\u00e1rgenes previstos por el \u00cdndice con excepci\u00f3n de los inmuebles de obra nueva y los que tienen un servicio extra como conserje, porter\u00eda o zonas ajardinadas comunes.<\/p>\n<p style=\"text-align: justify;\">As\u00ed pues, hemos propuesto en el Observatorio que se ampl\u00ede el cuestionario inicial del \u00cdndice contemplando esta casu\u00edstica, y sobre la mesa han surgido todav\u00eda algunas propuestas m\u00e1s que ser\u00e1n valoradas y presentadas a las Administraciones competentes.<\/p>\n<p style=\"text-align: justify;\">Ahora, toca entre todos hacer pedagog\u00eda de este \u00cdndice, que seguro nos podr\u00e1 ayudar a todos a mejorar nuestros servicios.<\/p>\n","protected":false},"excerpt":{"rendered":"<p>El pasado jueves 17 particip\u00e9 en una nueva sesi\u00f3n de trabajo como miembro del Consejo Asesor del Observatorio Metropolitano de la Vivienda de Barcelona, haciendo un balance de los trabajos realizados el a\u00f1o pasado y las propuestas de este a\u00f1o. Como conclusi\u00f3n debo decir que, francamente, ha sido una tarea excelente. Una de las sesiones [&hellip;]<\/p>\n","protected":false},"author":1,"featured_media":0,"comment_status":"closed","ping_status":"closed","sticky":false,"template":"","format":"standard","meta":{"content-type":"","footnotes":""},"categories":[746],"tags":[942,974,1808,1809,1260],"yoast_head":"<!-- This site is optimized with the Yoast SEO plugin v23.9 - https:\/\/yoast.com\/wordpress\/plugins\/seo\/ -->\n<title>Nueva sesi\u00f3n de trabajo del Obesrvatorio Metropolitano de la Vivienda | Amat Immobiliaris<\/title>\n<meta name=\"robots\" content=\"index, follow, max-snippet:-1, max-image-preview:large, max-video-preview:-1\" \/>\n<link rel=\"canonical\" href=\"https:\/\/www.amatimmobiliaris.com\/w\/2019\/01\/nueva-sesion-de-trabajo-del-obesrvatorio-metropolitano-de-la-vivienda\/\" \/>\n<meta property=\"og:locale\" content=\"es_ES\" \/>\n<meta property=\"og:type\" content=\"article\" \/>\n<meta property=\"og:title\" content=\"Nueva sesi\u00f3n de trabajo del Obesrvatorio Metropolitano de la Vivienda | Amat Immobiliaris\" \/>\n<meta property=\"og:description\" content=\"El pasado jueves 17 particip\u00e9 en una nueva sesi\u00f3n de trabajo como miembro del Consejo Asesor del Observatorio Metropolitano de la Vivienda de Barcelona, haciendo un balance de los trabajos realizados el a\u00f1o pasado y las propuestas de este a\u00f1o. Como conclusi\u00f3n debo decir que, francamente, ha sido una tarea excelente. Una de las sesiones [&hellip;]\" \/>\n<meta property=\"og:url\" content=\"https:\/\/www.amatimmobiliaris.com\/w\/2019\/01\/nueva-sesion-de-trabajo-del-obesrvatorio-metropolitano-de-la-vivienda\/\" \/>\n<meta property=\"og:site_name\" content=\"Amat Immobiliaris\" \/>\n<meta property=\"article:publisher\" content=\"https:\/\/www.facebook.com\/amatimmobiliaris\" \/>\n<meta property=\"article:published_time\" content=\"2019-01-21T15:27:41+00:00\" \/>\n<meta property=\"article:modified_time\" content=\"2023-05-11T10:09:08+00:00\" \/>\n<meta property=\"og:image\" content=\"https:\/\/www.amatimmobiliaris.com\/w\/wp-content\/uploads\/2022\/01\/2014-Saga-familiar-Amat-dw-1-1024x683.jpg\" \/>\n\t<meta property=\"og:image:width\" content=\"1024\" \/>\n\t<meta property=\"og:image:height\" content=\"683\" \/>\n\t<meta property=\"og:image:type\" content=\"image\/jpeg\" \/>\n<meta name=\"author\" content=\"Amat Immobiliaris\" \/>\n<meta name=\"twitter:card\" content=\"summary_large_image\" \/>\n<meta name=\"twitter:creator\" content=\"@amat_cat\" \/>\n<meta name=\"twitter:site\" content=\"@amat_cat\" \/>\n<meta name=\"twitter:label1\" content=\"Escrito por\" \/>\n\t<meta name=\"twitter:data1\" content=\"Amat Immobiliaris\" \/>\n\t<meta name=\"twitter:label2\" content=\"Tiempo de lectura\" \/>\n\t<meta name=\"twitter:data2\" content=\"2 minutos\" \/>\n<script type=\"application\/ld+json\" class=\"yoast-schema-graph\">{\"@context\":\"https:\/\/schema.org\",\"@graph\":[{\"@type\":\"Article\",\"@id\":\"https:\/\/www.amatimmobiliaris.com\/w\/2019\/01\/nueva-sesion-de-trabajo-del-obesrvatorio-metropolitano-de-la-vivienda\/#article\",\"isPartOf\":{\"@id\":\"https:\/\/www.amatimmobiliaris.com\/w\/2019\/01\/nueva-sesion-de-trabajo-del-obesrvatorio-metropolitano-de-la-vivienda\/\"},\"author\":{\"name\":\"Amat Immobiliaris\",\"@id\":\"https:\/\/www.amatimmobiliaris.com\/w\/#\/schema\/person\/c880da71d1e156e7ea6774ffb445e034\"},\"headline\":\"Nueva sesi\u00f3n de trabajo del Obesrvatorio Metropolitano de la Vivienda\",\"datePublished\":\"2019-01-21T15:27:41+00:00\",\"dateModified\":\"2023-05-11T10:09:08+00:00\",\"mainEntityOfPage\":{\"@id\":\"https:\/\/www.amatimmobiliaris.com\/w\/2019\/01\/nueva-sesion-de-trabajo-del-obesrvatorio-metropolitano-de-la-vivienda\/\"},\"wordCount\":294,\"publisher\":{\"@id\":\"https:\/\/www.amatimmobiliaris.com\/w\/#organization\"},\"keywords\":[\"Inmobiliaria\",\"Mercado inmobiliario\",\"Reflexiones\",\"Sector inmobiliario\",\"Vivienda\"],\"articleSection\":[\"Reflexiones\"],\"inLanguage\":\"es\"},{\"@type\":\"WebPage\",\"@id\":\"https:\/\/www.amatimmobiliaris.com\/w\/2019\/01\/nueva-sesion-de-trabajo-del-obesrvatorio-metropolitano-de-la-vivienda\/\",\"url\":\"https:\/\/www.amatimmobiliaris.com\/w\/2019\/01\/nueva-sesion-de-trabajo-del-obesrvatorio-metropolitano-de-la-vivienda\/\",\"name\":\"Nueva sesi\u00f3n de trabajo del Obesrvatorio Metropolitano de la Vivienda | Amat Immobiliaris\",\"isPartOf\":{\"@id\":\"https:\/\/www.amatimmobiliaris.com\/w\/#website\"},\"datePublished\":\"2019-01-21T15:27:41+00:00\",\"dateModified\":\"2023-05-11T10:09:08+00:00\",\"breadcrumb\":{\"@id\":\"https:\/\/www.amatimmobiliaris.com\/w\/2019\/01\/nueva-sesion-de-trabajo-del-obesrvatorio-metropolitano-de-la-vivienda\/#breadcrumb\"},\"inLanguage\":\"es\",\"potentialAction\":[{\"@type\":\"ReadAction\",\"target\":[\"https:\/\/www.amatimmobiliaris.com\/w\/2019\/01\/nueva-sesion-de-trabajo-del-obesrvatorio-metropolitano-de-la-vivienda\/\"]}]},{\"@type\":\"BreadcrumbList\",\"@id\":\"https:\/\/www.amatimmobiliaris.com\/w\/2019\/01\/nueva-sesion-de-trabajo-del-obesrvatorio-metropolitano-de-la-vivienda\/#breadcrumb\",\"itemListElement\":[{\"@type\":\"ListItem\",\"position\":1,\"name\":\"Home\",\"item\":\"https:\/\/www.amatimmobiliaris.com\/w\/\"},{\"@type\":\"ListItem\",\"position\":2,\"name\":\"El mundo Amat\",\"item\":\"https:\/\/www.amatimmobiliaris.com\/w\/category\/el-mundo-amat\/\"},{\"@type\":\"ListItem\",\"position\":3,\"name\":\"Reflexiones\",\"item\":\"https:\/\/www.amatimmobiliaris.com\/w\/category\/el-mundo-amat\/reflexiones\/\"},{\"@type\":\"ListItem\",\"position\":4,\"name\":\"Nueva sesi\u00f3n de trabajo del Obesrvatorio Metropolitano de la Vivienda\"}]},{\"@type\":\"WebSite\",\"@id\":\"https:\/\/www.amatimmobiliaris.com\/w\/#website\",\"url\":\"https:\/\/www.amatimmobiliaris.com\/w\/\",\"name\":\"Amat Immobiliaris\",\"description\":\"Empresa familiar del sector inmobiliario con oficinas en Barcelona, Sant Cugat del Vall\u00e9s y Sant Just Desvern. Te ayudamos a comprar, alquilar o vender tu casa o piso. Somos un equipo coherente con una cultura de empresa honesta, innovadora y eficaz. Tambi\u00e9n en www.amatluxury.com\",\"publisher\":{\"@id\":\"https:\/\/www.amatimmobiliaris.com\/w\/#organization\"},\"alternateName\":\"AmatImmo\",\"potentialAction\":[{\"@type\":\"SearchAction\",\"target\":{\"@type\":\"EntryPoint\",\"urlTemplate\":\"https:\/\/www.amatimmobiliaris.com\/w\/?s={search_term_string}\"},\"query-input\":{\"@type\":\"PropertyValueSpecification\",\"valueRequired\":true,\"valueName\":\"search_term_string\"}}],\"inLanguage\":\"es\"},{\"@type\":\"Organization\",\"@id\":\"https:\/\/www.amatimmobiliaris.com\/w\/#organization\",\"name\":\"Amat Immobiliaris\",\"url\":\"https:\/\/www.amatimmobiliaris.com\/w\/\",\"logo\":{\"@type\":\"ImageObject\",\"inLanguage\":\"es\",\"@id\":\"https:\/\/www.amatimmobiliaris.com\/w\/#\/schema\/logo\/image\/\",\"url\":\"https:\/\/www.amatimmobiliaris.com\/w\/wp-content\/uploads\/2022\/10\/amat-logo.jpg\",\"contentUrl\":\"https:\/\/www.amatimmobiliaris.com\/w\/wp-content\/uploads\/2022\/10\/amat-logo.jpg\",\"width\":900,\"height\":900,\"caption\":\"Amat Immobiliaris\"},\"image\":{\"@id\":\"https:\/\/www.amatimmobiliaris.com\/w\/#\/schema\/logo\/image\/\"},\"sameAs\":[\"https:\/\/www.facebook.com\/amatimmobiliaris\",\"https:\/\/x.com\/amat_cat\",\"https:\/\/www.instagram.com\/amat_immo\/\",\"https:\/\/www.linkedin.com\/company\/amat-finques\/\",\"https:\/\/www.youtube.com\/@amatimmobiliaris\"]},{\"@type\":\"Person\",\"@id\":\"https:\/\/www.amatimmobiliaris.com\/w\/#\/schema\/person\/c880da71d1e156e7ea6774ffb445e034\",\"name\":\"Amat Immobiliaris\",\"sameAs\":[\"http:\/\/amat-inmo-wp.localhost\"]}]}<\/script>\n<!-- \/ Yoast SEO plugin. -->","yoast_head_json":{"title":"Nueva sesi\u00f3n de trabajo del Obesrvatorio Metropolitano de la Vivienda | Amat Immobiliaris","robots":{"index":"index","follow":"follow","max-snippet":"max-snippet:-1","max-image-preview":"max-image-preview:large","max-video-preview":"max-video-preview:-1"},"canonical":"https:\/\/www.amatimmobiliaris.com\/w\/2019\/01\/nueva-sesion-de-trabajo-del-obesrvatorio-metropolitano-de-la-vivienda\/","og_locale":"es_ES","og_type":"article","og_title":"Nueva sesi\u00f3n de trabajo del Obesrvatorio Metropolitano de la Vivienda | Amat Immobiliaris","og_description":"El pasado jueves 17 particip\u00e9 en una nueva sesi\u00f3n de trabajo como miembro del Consejo Asesor del Observatorio Metropolitano de la Vivienda de Barcelona, haciendo un balance de los trabajos realizados el a\u00f1o pasado y las propuestas de este a\u00f1o. Como conclusi\u00f3n debo decir que, francamente, ha sido una tarea excelente. Una de las sesiones [&hellip;]","og_url":"https:\/\/www.amatimmobiliaris.com\/w\/2019\/01\/nueva-sesion-de-trabajo-del-obesrvatorio-metropolitano-de-la-vivienda\/","og_site_name":"Amat Immobiliaris","article_publisher":"https:\/\/www.facebook.com\/amatimmobiliaris","article_published_time":"2019-01-21T15:27:41+00:00","article_modified_time":"2023-05-11T10:09:08+00:00","og_image":[{"width":1024,"height":683,"url":"https:\/\/www.amatimmobiliaris.com\/w\/wp-content\/uploads\/2022\/01\/2014-Saga-familiar-Amat-dw-1-1024x683.jpg","type":"image\/jpeg"}],"author":"Amat Immobiliaris","twitter_card":"summary_large_image","twitter_creator":"@amat_cat","twitter_site":"@amat_cat","twitter_misc":{"Escrito por":"Amat Immobiliaris","Tiempo de lectura":"2 minutos"},"schema":{"@context":"https:\/\/schema.org","@graph":[{"@type":"Article","@id":"https:\/\/www.amatimmobiliaris.com\/w\/2019\/01\/nueva-sesion-de-trabajo-del-obesrvatorio-metropolitano-de-la-vivienda\/#article","isPartOf":{"@id":"https:\/\/www.amatimmobiliaris.com\/w\/2019\/01\/nueva-sesion-de-trabajo-del-obesrvatorio-metropolitano-de-la-vivienda\/"},"author":{"name":"Amat Immobiliaris","@id":"https:\/\/www.amatimmobiliaris.com\/w\/#\/schema\/person\/c880da71d1e156e7ea6774ffb445e034"},"headline":"Nueva sesi\u00f3n de trabajo del Obesrvatorio Metropolitano de la Vivienda","datePublished":"2019-01-21T15:27:41+00:00","dateModified":"2023-05-11T10:09:08+00:00","mainEntityOfPage":{"@id":"https:\/\/www.amatimmobiliaris.com\/w\/2019\/01\/nueva-sesion-de-trabajo-del-obesrvatorio-metropolitano-de-la-vivienda\/"},"wordCount":294,"publisher":{"@id":"https:\/\/www.amatimmobiliaris.com\/w\/#organization"},"keywords":["Inmobiliaria","Mercado inmobiliario","Reflexiones","Sector inmobiliario","Vivienda"],"articleSection":["Reflexiones"],"inLanguage":"es"},{"@type":"WebPage","@id":"https:\/\/www.amatimmobiliaris.com\/w\/2019\/01\/nueva-sesion-de-trabajo-del-obesrvatorio-metropolitano-de-la-vivienda\/","url":"https:\/\/www.amatimmobiliaris.com\/w\/2019\/01\/nueva-sesion-de-trabajo-del-obesrvatorio-metropolitano-de-la-vivienda\/","name":"Nueva sesi\u00f3n de trabajo del Obesrvatorio Metropolitano de la Vivienda | Amat Immobiliaris","isPartOf":{"@id":"https:\/\/www.amatimmobiliaris.com\/w\/#website"},"datePublished":"2019-01-21T15:27:41+00:00","dateModified":"2023-05-11T10:09:08+00:00","breadcrumb":{"@id":"https:\/\/www.amatimmobiliaris.com\/w\/2019\/01\/nueva-sesion-de-trabajo-del-obesrvatorio-metropolitano-de-la-vivienda\/#breadcrumb"},"inLanguage":"es","potentialAction":[{"@type":"ReadAction","target":["https:\/\/www.amatimmobiliaris.com\/w\/2019\/01\/nueva-sesion-de-trabajo-del-obesrvatorio-metropolitano-de-la-vivienda\/"]}]},{"@type":"BreadcrumbList","@id":"https:\/\/www.amatimmobiliaris.com\/w\/2019\/01\/nueva-sesion-de-trabajo-del-obesrvatorio-metropolitano-de-la-vivienda\/#breadcrumb","itemListElement":[{"@type":"ListItem","position":1,"name":"Home","item":"https:\/\/www.amatimmobiliaris.com\/w\/"},{"@type":"ListItem","position":2,"name":"El mundo Amat","item":"https:\/\/www.amatimmobiliaris.com\/w\/category\/el-mundo-amat\/"},{"@type":"ListItem","position":3,"name":"Reflexiones","item":"https:\/\/www.amatimmobiliaris.com\/w\/category\/el-mundo-amat\/reflexiones\/"},{"@type":"ListItem","position":4,"name":"Nueva sesi\u00f3n de trabajo del Obesrvatorio Metropolitano de la Vivienda"}]},{"@type":"WebSite","@id":"https:\/\/www.amatimmobiliaris.com\/w\/#website","url":"https:\/\/www.amatimmobiliaris.com\/w\/","name":"Amat Immobiliaris","description":"Empresa familiar del sector inmobiliario con oficinas en Barcelona, Sant Cugat del Vall\u00e9s y Sant Just Desvern. Te ayudamos a comprar, alquilar o vender tu casa o piso. Somos un equipo coherente con una cultura de empresa honesta, innovadora y eficaz. Tambi\u00e9n en www.amatluxury.com","publisher":{"@id":"https:\/\/www.amatimmobiliaris.com\/w\/#organization"},"alternateName":"AmatImmo","potentialAction":[{"@type":"SearchAction","target":{"@type":"EntryPoint","urlTemplate":"https:\/\/www.amatimmobiliaris.com\/w\/?s={search_term_string}"},"query-input":{"@type":"PropertyValueSpecification","valueRequired":true,"valueName":"search_term_string"}}],"inLanguage":"es"},{"@type":"Organization","@id":"https:\/\/www.amatimmobiliaris.com\/w\/#organization","name":"Amat Immobiliaris","url":"https:\/\/www.amatimmobiliaris.com\/w\/","logo":{"@type":"ImageObject","inLanguage":"es","@id":"https:\/\/www.amatimmobiliaris.com\/w\/#\/schema\/logo\/image\/","url":"https:\/\/www.amatimmobiliaris.com\/w\/wp-content\/uploads\/2022\/10\/amat-logo.jpg","contentUrl":"https:\/\/www.amatimmobiliaris.com\/w\/wp-content\/uploads\/2022\/10\/amat-logo.jpg","width":900,"height":900,"caption":"Amat Immobiliaris"},"image":{"@id":"https:\/\/www.amatimmobiliaris.com\/w\/#\/schema\/logo\/image\/"},"sameAs":["https:\/\/www.facebook.com\/amatimmobiliaris","https:\/\/x.com\/amat_cat","https:\/\/www.instagram.com\/amat_immo\/","https:\/\/www.linkedin.com\/company\/amat-finques\/","https:\/\/www.youtube.com\/@amatimmobiliaris"]},{"@type":"Person","@id":"https:\/\/www.amatimmobiliaris.com\/w\/#\/schema\/person\/c880da71d1e156e7ea6774ffb445e034","name":"Amat Immobiliaris","sameAs":["http:\/\/amat-inmo-wp.localhost"]}]}},"_links":{"self":[{"href":"https:\/\/www.amatimmobiliaris.com\/w\/wp-json\/wp\/v2\/posts\/25569"}],"collection":[{"href":"https:\/\/www.amatimmobiliaris.com\/w\/wp-json\/wp\/v2\/posts"}],"about":[{"href":"https:\/\/www.amatimmobiliaris.com\/w\/wp-json\/wp\/v2\/types\/post"}],"author":[{"embeddable":true,"href":"https:\/\/www.amatimmobiliaris.com\/w\/wp-json\/wp\/v2\/users\/1"}],"replies":[{"embeddable":true,"href":"https:\/\/www.amatimmobiliaris.com\/w\/wp-json\/wp\/v2\/comments?post=25569"}],"version-history":[{"count":2,"href":"https:\/\/www.amatimmobiliaris.com\/w\/wp-json\/wp\/v2\/posts\/25569\/revisions"}],"predecessor-version":[{"id":25571,"href":"https:\/\/www.amatimmobiliaris.com\/w\/wp-json\/wp\/v2\/posts\/25569\/revisions\/25571"}],"wp:attachment":[{"href":"https:\/\/www.amatimmobiliaris.com\/w\/wp-json\/wp\/v2\/media?parent=25569"}],"wp:term":[{"taxonomy":"category","embeddable":true,"href":"https:\/\/www.amatimmobiliaris.com\/w\/wp-json\/wp\/v2\/categories?post=25569"},{"taxonomy":"post_tag","embeddable":true,"href":"https:\/\/www.amatimmobiliaris.com\/w\/wp-json\/wp\/v2\/tags?post=25569"}],"curies":[{"name":"wp","href":"https:\/\/api.w.org\/{rel}","templated":true}]}}