{"id":22613,"date":"2023-04-05T08:00:15","date_gmt":"2023-04-05T08:00:15","guid":{"rendered":"https:\/\/www.amatimmobiliaris.com\/w\/?p=22613"},"modified":"2023-07-11T08:57:01","modified_gmt":"2023-07-11T08:57:01","slug":"novedades-para-la-renta-2022","status":"publish","type":"post","link":"https:\/\/www.amatimmobiliaris.com\/w\/2023\/04\/novedades-para-la-renta-2022\/","title":{"rendered":"Novedades para la Renta 2022"},"content":{"rendered":"<h3>Llega la campa\u00f1a de la renta: fechas clave de la declaraci\u00f3n y novedades de la renta 2022.<\/h3>\n<p style=\"text-align: justify;\">La <a href=\"https:\/\/sede.agenciatributaria.gob.es\/Sede\/Renta.html\" target=\"_blank\" rel=\"noopener\">campa\u00f1a de la Renta y el Patrimonio<\/a> de 2022 ha comenzado como cada a\u00f1o este mes de abril, concretamente el d\u00eda 11 de abril. Este a\u00f1o, los plazos de presentaci\u00f3n de la declaraci\u00f3n quedan de la siguiente forma:<\/p>\n<ul>\n<li><strong>General<\/strong>: del <strong><span style=\"color: #da291c;\">11 de abril hasta el 30 de junio de 2023<\/span><\/strong>, ambos incluidos.<\/li>\n<li><strong>En caso de domiciliaci\u00f3n bancaria:<\/strong> del <strong><span style=\"color: #da291c;\">11 de abril hasta el 27 de junio de 2023<\/span>, ambos incluidos, salvo que se opte por domiciliar \u00fanicamente el 2\u00ba pago (30 de junio de 2023).<\/strong><\/li>\n<\/ul>\n<p>&nbsp;<\/p>\n<h4 style=\"text-align: left;\">Respecto a las <span style=\"color: #da291c;\"><strong>novedades<\/strong><\/span> o cosas en\u00a0<span style=\"color: #da291c;\"><span style=\"color: #da291c;\">destacar\u00a0<\/span><\/span>de la campa\u00f1a de este a\u00f1o:<\/h4>\n<p>&nbsp;<\/p>\n<h5><strong><b>Obligados a declarar:<\/b><\/strong><\/h5>\n<p style=\"text-align: justify;\">Los contribuyentes que hayan percibido rendimientos de <strong>m\u00e1s de 22.000 \u20ac anuales procedentes de un \u00fanico pagador o 14.000 \u20ac de varios pagadores<\/strong> cuando la suma entre los segundos y los restantes pagadores sea superior a 1.500\u20ac.<\/p>\n<p>&nbsp;<\/p>\n<h5><strong><b>Sistemas de previsi\u00f3n social:<\/b><\/strong><\/h5>\n<p style=\"text-align: justify;\">Con efecto a partir del 1 de enero de 2021 se modifican diferentes l\u00edmites en relaci\u00f3n con los sistemas de previsi\u00f3n social:<\/p>\n<ul>\n<li>El conjunto de reducciones por las aportaciones a planes de pensiones privados individuales <strong>no podr\u00e1n exceder de 1.500 \u20ac anuales<\/strong> (el a\u00f1o pasado era de 2.000 \u20ac).<\/li>\n<li>El l\u00edmite conjunto puede llegar a <strong>incrementarse en 8.500 \u20ac m\u00e1s<\/strong> (antes 8.000 euros) si las aportaciones provienen de contribuciones empresariales.<\/li>\n<li>La reducci\u00f3n <strong>no puede exceder del 30%<\/strong> de la suma de los rendimientos netos del trabajo y de actividades econ\u00f3micas.<\/li>\n<\/ul>\n<p>&nbsp;<\/p>\n<h5><strong><b>Deducci\u00f3n por maternidad:<\/b><\/strong><\/h5>\n<p style=\"text-align: justify;\">Ampliaci\u00f3n de la aplicaci\u00f3n de deducci\u00f3n por maternidad a determinados colectivos correspondientes a los ejercicios 2020, 2021 y 2022 (ERTE en suspensi\u00f3n total, v\u00edctimas de violencia de g\u00e9nero, etc.) A partir del 1 de enero de 2023, la <strong>deducci\u00f3n de 1.200 \u20ac<\/strong> a la que tienen derecho las <strong>madres trabajadoras<\/strong> (por cuenta propia o ajena) <strong>con hijos menores de 3 a\u00f1os se ampl\u00eda<\/strong> tambi\u00e9n a las <strong>madres sin trabajo<\/strong> que est\u00e9n cobrando una prestaci\u00f3n (contributiva o asistencial).<\/p>\n<p>&nbsp;<\/p>\n<h5><strong><b>Eficiencia energ\u00e9tica:<\/b><\/strong><\/h5>\n<p><img loading=\"lazy\" decoding=\"async\" class=\"alignright wp-image-22638 size-medium\" src=\"https:\/\/www.amatimmobiliaris.com\/w\/wp-content\/uploads\/2023\/04\/Eficifi-eficent_00-300x217.jpg\" alt=\"\" width=\"300\" height=\"217\" srcset=\"https:\/\/www.amatimmobiliaris.com\/w\/wp-content\/uploads\/2023\/04\/Eficifi-eficent_00-300x217.jpg 300w, https:\/\/www.amatimmobiliaris.com\/w\/wp-content\/uploads\/2023\/04\/Eficifi-eficent_00-1024x742.jpg 1024w, https:\/\/www.amatimmobiliaris.com\/w\/wp-content\/uploads\/2023\/04\/Eficifi-eficent_00-768x556.jpg 768w, https:\/\/www.amatimmobiliaris.com\/w\/wp-content\/uploads\/2023\/04\/Eficifi-eficent_00-1536x1112.jpg 1536w, https:\/\/www.amatimmobiliaris.com\/w\/wp-content\/uploads\/2023\/04\/Eficifi-eficent_00-2048x1483.jpg 2048w\" sizes=\"(max-width: 300px) 100vw, 300px\" \/><\/p>\n<p style=\"text-align: justify;\">Se ha ampliado el plazo de las 3 deducciones por obras de mejora de la <a href=\"https:\/\/www.amatimmobiliaris.com\/w\/2023\/03\/certificado-de-eficiencia-d-como-minimo-en-2033\/\" target=\"_blank\" rel=\"noopener\">eficiencia energ\u00e9tica en viviendas<\/a>, habituales u otra titularidad del contribuyente (alquilados o en expectativas de alquiler):<\/p>\n<ol>\n<li><strong>20% para reducir la demanda calefacci\u00f3n y refrigeraci\u00f3n:<\/strong>\n<p style=\"text-align: justify;\">Obras (entre <span style=\"color: #da291c;\"><strong>6\/10\/2021 y 31\/12\/2023<\/strong><\/span>) que hayan <strong>reducido<\/strong> en, al menos, un <strong>7% la suma<\/strong> de los indicadores <strong>de la demanda de calefacci\u00f3n y refrigeraci\u00f3n.<\/strong><\/p>\n<p>&nbsp;<\/li>\n<li><strong>40% para mejorar el consumo de energ\u00eda primaria no renovable:<\/strong>\n<p style=\"text-align: justify;\">Aquellas obras (entre <span style=\"color: #da291c;\"><strong>6\/10\/2021 y 31\/12\/2023<\/strong>) <span style=\"color: #000000;\">que hayan <strong>reducido<\/strong> <strong>al menos en un 30% el indicador de consumo de energ\u00eda primaria no renovable<\/strong> o bien, consigan una mejora de la calificaci\u00f3n energ\u00e9tica de la vivienda para obtener una clase energ\u00e9tica \u201cA\u201d o \u201cB\u201d, en la misma escala de calificaci\u00f3n.<\/span><\/span><\/p>\n<p>&nbsp;<\/li>\n<li><strong><strong>60% por obras de rehabilitaci\u00f3n energ\u00e9tica:<\/strong><\/strong>\n<p style=\"text-align: justify;\"><em>Edificaciones en las que se pueden realizar las obras:<\/em><\/p>\n<p style=\"text-align: justify;\">Obras (entre <span style=\"color: #da291c;\"><strong>6\/10\/ 2021 y 31\/12\/2024<\/strong><\/span>) en <strong>edificios de uso predominante residencial<\/strong> donde est\u00e9 ubicada la vivienda o viviendas propiedad del contribuyente (alquilados o no) que hayan reducido como m\u00ednimo en un 30% el indicador de consumo de energ\u00eda primaria no renovable o bien, obtengan una mejora de la calificaci\u00f3n energ\u00e9tica del edificio para lograr una clase energ\u00e9tica \u201cA\u201d o \u201cB\u201d, en la misma escala de calificaci\u00f3n.<\/p>\n<\/li>\n<\/ol>\n<p>&nbsp;<\/p>\n<p style=\"text-align: justify;\">Es importante recordar, como siempre, que los datos fiscales proceden de informaci\u00f3n facilitada por terceros y sirven de base para realizar los c\u00e1lculos de la Renta, permitiendo contrastar las diferencias que pudieran existir entre los datos fiscales y los datos reales. Por este motivo, <strong>es muy importante revisar el contenido de los datos fiscales y del borrador para evitar posibles errores de liquidaci\u00f3n.<\/strong><\/p>\n<p>&nbsp;<\/p>\n<p style=\"text-align: justify;\">\u00bfNecesitas que te ayudemos con la declaraci\u00f3n de este a\u00f1o? <a href=\"https:\/\/www.amatimmobiliaris.com\/w\/contacto\/\" target=\"_blank\" rel=\"noopener\">\u00a1Contacta con nosotros!<\/a><\/p>\n<p>&nbsp;<\/p>\n<p style=\"text-align: justify;\">\u00a1Si te ha gustado el art\u00edculo, <a href=\"https:\/\/www.facebook.com\/amatimmobiliaris\" target=\"_blank\" rel=\"noopener\">comp\u00e1rtelo<\/a>!<\/p>\n","protected":false},"excerpt":{"rendered":"<p>Llega la campa\u00f1a de la renta: fechas clave de la declaraci\u00f3n y novedades de la renta 2022. La campa\u00f1a de la Renta y el Patrimonio de 2022 ha comenzado como cada a\u00f1o este mes de abril, concretamente el d\u00eda 11 de abril. Este a\u00f1o, los plazos de presentaci\u00f3n de la declaraci\u00f3n quedan de la siguiente [&hellip;]<\/p>\n","protected":false},"author":1,"featured_media":22630,"comment_status":"closed","ping_status":"closed","sticky":false,"template":"","format":"standard","meta":{"content-type":"","footnotes":""},"categories":[871,1166,903,889,1427],"tags":[1735,1678,1222,1013,1056,1672,1669,1677,1766,1670,998,1002,1003,996,1658,1017,1659,1652,1260],"yoast_head":"<!-- This site is optimized with the Yoast SEO plugin v23.9 - https:\/\/yoast.com\/wordpress\/plugins\/seo\/ -->\n<title>Novedades para la Renta 2022 | Amat Immobiliaris<\/title>\n<meta name=\"description\" content=\"Novedades Renta 2022. \u00a1Te explicamos las novedades y cosas a destacar a tener en cuenta a la hora de presentar la declaraci\u00f3n este a\u00f1o!\" \/>\n<meta name=\"robots\" content=\"index, follow, max-snippet:-1, max-image-preview:large, max-video-preview:-1\" \/>\n<link rel=\"canonical\" href=\"https:\/\/www.amatimmobiliaris.com\/w\/2023\/04\/novedades-para-la-renta-2022\/\" \/>\n<meta property=\"og:locale\" content=\"es_ES\" \/>\n<meta property=\"og:type\" content=\"article\" \/>\n<meta property=\"og:title\" content=\"Novedades para la Renta 2022 | Amat Immobiliaris\" \/>\n<meta property=\"og:description\" content=\"Novedades Renta 2022. \u00a1Te explicamos las novedades y cosas a destacar a tener en cuenta a la hora de presentar la declaraci\u00f3n este a\u00f1o!\" \/>\n<meta property=\"og:url\" content=\"https:\/\/www.amatimmobiliaris.com\/w\/2023\/04\/novedades-para-la-renta-2022\/\" \/>\n<meta property=\"og:site_name\" content=\"Amat Immobiliaris\" \/>\n<meta property=\"article:publisher\" content=\"https:\/\/www.facebook.com\/amatimmobiliaris\" \/>\n<meta property=\"article:published_time\" content=\"2023-04-05T08:00:15+00:00\" \/>\n<meta property=\"article:modified_time\" content=\"2023-07-11T08:57:01+00:00\" \/>\n<meta property=\"og:image\" content=\"https:\/\/www.amatimmobiliaris.com\/w\/wp-content\/uploads\/2023\/04\/Blog-Renta-2022-scaled.jpg\" \/>\n\t<meta property=\"og:image:width\" content=\"2560\" \/>\n\t<meta property=\"og:image:height\" content=\"898\" \/>\n\t<meta property=\"og:image:type\" content=\"image\/jpeg\" \/>\n<meta name=\"author\" content=\"Amat Immobiliaris\" \/>\n<meta name=\"twitter:card\" content=\"summary_large_image\" \/>\n<meta name=\"twitter:creator\" content=\"@amat_cat\" \/>\n<meta name=\"twitter:site\" content=\"@amat_cat\" \/>\n<meta name=\"twitter:label1\" content=\"Escrito por\" \/>\n\t<meta name=\"twitter:data1\" content=\"Amat Immobiliaris\" \/>\n\t<meta name=\"twitter:label2\" content=\"Tiempo de lectura\" \/>\n\t<meta name=\"twitter:data2\" content=\"4 minutos\" \/>\n<script type=\"application\/ld+json\" class=\"yoast-schema-graph\">{\"@context\":\"https:\/\/schema.org\",\"@graph\":[{\"@type\":\"Article\",\"@id\":\"https:\/\/www.amatimmobiliaris.com\/w\/2023\/04\/novedades-para-la-renta-2022\/#article\",\"isPartOf\":{\"@id\":\"https:\/\/www.amatimmobiliaris.com\/w\/2023\/04\/novedades-para-la-renta-2022\/\"},\"author\":{\"name\":\"Amat Immobiliaris\",\"@id\":\"https:\/\/www.amatimmobiliaris.com\/w\/#\/schema\/person\/c880da71d1e156e7ea6774ffb445e034\"},\"headline\":\"Novedades para la Renta 2022\",\"datePublished\":\"2023-04-05T08:00:15+00:00\",\"dateModified\":\"2023-07-11T08:57:01+00:00\",\"mainEntityOfPage\":{\"@id\":\"https:\/\/www.amatimmobiliaris.com\/w\/2023\/04\/novedades-para-la-renta-2022\/\"},\"wordCount\":648,\"publisher\":{\"@id\":\"https:\/\/www.amatimmobiliaris.com\/w\/#organization\"},\"image\":{\"@id\":\"https:\/\/www.amatimmobiliaris.com\/w\/2023\/04\/novedades-para-la-renta-2022\/#primaryimage\"},\"thumbnailUrl\":\"https:\/\/www.amatimmobiliaris.com\/w\/wp-content\/uploads\/2023\/04\/Blog-Renta-2022-scaled.jpg\",\"keywords\":[\"Agencia Tributaria\",\"Casa\",\"Catalu\u00f1a\",\"Declaraci\u00f3n de la renta\",\"Eficiencia energ\u00e9tica\",\"Fiscal\",\"Fiscalidad\",\"Hogar\",\"IBI\",\"IRPF\",\"Obra nueva\",\"Paneles fotovoltaicos\",\"placas solares\",\"Rehabilitaci\u00f3n\",\"Renovar\",\"Renta\",\"Sol\",\"Sostenibilidad\",\"Vivienda\"],\"articleSection\":[\"Consejos\",\"Eficiencia energ\u00e9tica\",\"Fiscalidad\",\"Noticias\",\"Renta\"],\"inLanguage\":\"es\"},{\"@type\":\"WebPage\",\"@id\":\"https:\/\/www.amatimmobiliaris.com\/w\/2023\/04\/novedades-para-la-renta-2022\/\",\"url\":\"https:\/\/www.amatimmobiliaris.com\/w\/2023\/04\/novedades-para-la-renta-2022\/\",\"name\":\"Novedades para la Renta 2022 | Amat Immobiliaris\",\"isPartOf\":{\"@id\":\"https:\/\/www.amatimmobiliaris.com\/w\/#website\"},\"primaryImageOfPage\":{\"@id\":\"https:\/\/www.amatimmobiliaris.com\/w\/2023\/04\/novedades-para-la-renta-2022\/#primaryimage\"},\"image\":{\"@id\":\"https:\/\/www.amatimmobiliaris.com\/w\/2023\/04\/novedades-para-la-renta-2022\/#primaryimage\"},\"thumbnailUrl\":\"https:\/\/www.amatimmobiliaris.com\/w\/wp-content\/uploads\/2023\/04\/Blog-Renta-2022-scaled.jpg\",\"datePublished\":\"2023-04-05T08:00:15+00:00\",\"dateModified\":\"2023-07-11T08:57:01+00:00\",\"description\":\"Novedades Renta 2022. \u00a1Te explicamos las novedades y cosas a destacar a tener en cuenta a la hora de presentar la declaraci\u00f3n este a\u00f1o!\",\"breadcrumb\":{\"@id\":\"https:\/\/www.amatimmobiliaris.com\/w\/2023\/04\/novedades-para-la-renta-2022\/#breadcrumb\"},\"inLanguage\":\"es\",\"potentialAction\":[{\"@type\":\"ReadAction\",\"target\":[\"https:\/\/www.amatimmobiliaris.com\/w\/2023\/04\/novedades-para-la-renta-2022\/\"]}]},{\"@type\":\"ImageObject\",\"inLanguage\":\"es\",\"@id\":\"https:\/\/www.amatimmobiliaris.com\/w\/2023\/04\/novedades-para-la-renta-2022\/#primaryimage\",\"url\":\"https:\/\/www.amatimmobiliaris.com\/w\/wp-content\/uploads\/2023\/04\/Blog-Renta-2022-scaled.jpg\",\"contentUrl\":\"https:\/\/www.amatimmobiliaris.com\/w\/wp-content\/uploads\/2023\/04\/Blog-Renta-2022-scaled.jpg\",\"width\":2560,\"height\":898,\"caption\":\"Novetats Renta 2022\"},{\"@type\":\"BreadcrumbList\",\"@id\":\"https:\/\/www.amatimmobiliaris.com\/w\/2023\/04\/novedades-para-la-renta-2022\/#breadcrumb\",\"itemListElement\":[{\"@type\":\"ListItem\",\"position\":1,\"name\":\"Home\",\"item\":\"https:\/\/www.amatimmobiliaris.com\/w\/\"},{\"@type\":\"ListItem\",\"position\":2,\"name\":\"Fiscalidad\",\"item\":\"https:\/\/www.amatimmobiliaris.com\/w\/category\/fiscalidad\/\"},{\"@type\":\"ListItem\",\"position\":3,\"name\":\"Renta\",\"item\":\"https:\/\/www.amatimmobiliaris.com\/w\/category\/fiscalidad\/renta\/\"},{\"@type\":\"ListItem\",\"position\":4,\"name\":\"Novedades para la Renta 2022\"}]},{\"@type\":\"WebSite\",\"@id\":\"https:\/\/www.amatimmobiliaris.com\/w\/#website\",\"url\":\"https:\/\/www.amatimmobiliaris.com\/w\/\",\"name\":\"Amat Immobiliaris\",\"description\":\"Empresa familiar del sector inmobiliario con oficinas en Barcelona, Sant Cugat del Vall\u00e9s y Sant Just Desvern. Te ayudamos a comprar, alquilar o vender tu casa o piso. Somos un equipo coherente con una cultura de empresa honesta, innovadora y eficaz. Tambi\u00e9n en www.amatluxury.com\",\"publisher\":{\"@id\":\"https:\/\/www.amatimmobiliaris.com\/w\/#organization\"},\"alternateName\":\"AmatImmo\",\"potentialAction\":[{\"@type\":\"SearchAction\",\"target\":{\"@type\":\"EntryPoint\",\"urlTemplate\":\"https:\/\/www.amatimmobiliaris.com\/w\/?s={search_term_string}\"},\"query-input\":{\"@type\":\"PropertyValueSpecification\",\"valueRequired\":true,\"valueName\":\"search_term_string\"}}],\"inLanguage\":\"es\"},{\"@type\":\"Organization\",\"@id\":\"https:\/\/www.amatimmobiliaris.com\/w\/#organization\",\"name\":\"Amat Immobiliaris\",\"url\":\"https:\/\/www.amatimmobiliaris.com\/w\/\",\"logo\":{\"@type\":\"ImageObject\",\"inLanguage\":\"es\",\"@id\":\"https:\/\/www.amatimmobiliaris.com\/w\/#\/schema\/logo\/image\/\",\"url\":\"https:\/\/www.amatimmobiliaris.com\/w\/wp-content\/uploads\/2022\/10\/amat-logo.jpg\",\"contentUrl\":\"https:\/\/www.amatimmobiliaris.com\/w\/wp-content\/uploads\/2022\/10\/amat-logo.jpg\",\"width\":900,\"height\":900,\"caption\":\"Amat Immobiliaris\"},\"image\":{\"@id\":\"https:\/\/www.amatimmobiliaris.com\/w\/#\/schema\/logo\/image\/\"},\"sameAs\":[\"https:\/\/www.facebook.com\/amatimmobiliaris\",\"https:\/\/x.com\/amat_cat\",\"https:\/\/www.instagram.com\/amat_immo\/\",\"https:\/\/www.linkedin.com\/company\/amat-finques\/\",\"https:\/\/www.youtube.com\/@amatimmobiliaris\"]},{\"@type\":\"Person\",\"@id\":\"https:\/\/www.amatimmobiliaris.com\/w\/#\/schema\/person\/c880da71d1e156e7ea6774ffb445e034\",\"name\":\"Amat Immobiliaris\",\"sameAs\":[\"http:\/\/amat-inmo-wp.localhost\"]}]}<\/script>\n<!-- \/ Yoast SEO plugin. -->","yoast_head_json":{"title":"Novedades para la Renta 2022 | Amat Immobiliaris","description":"Novedades Renta 2022. \u00a1Te explicamos las novedades y cosas a destacar a tener en cuenta a la hora de presentar la declaraci\u00f3n este a\u00f1o!","robots":{"index":"index","follow":"follow","max-snippet":"max-snippet:-1","max-image-preview":"max-image-preview:large","max-video-preview":"max-video-preview:-1"},"canonical":"https:\/\/www.amatimmobiliaris.com\/w\/2023\/04\/novedades-para-la-renta-2022\/","og_locale":"es_ES","og_type":"article","og_title":"Novedades para la Renta 2022 | Amat Immobiliaris","og_description":"Novedades Renta 2022. \u00a1Te explicamos las novedades y cosas a destacar a tener en cuenta a la hora de presentar la declaraci\u00f3n este a\u00f1o!","og_url":"https:\/\/www.amatimmobiliaris.com\/w\/2023\/04\/novedades-para-la-renta-2022\/","og_site_name":"Amat Immobiliaris","article_publisher":"https:\/\/www.facebook.com\/amatimmobiliaris","article_published_time":"2023-04-05T08:00:15+00:00","article_modified_time":"2023-07-11T08:57:01+00:00","og_image":[{"width":2560,"height":898,"url":"https:\/\/www.amatimmobiliaris.com\/w\/wp-content\/uploads\/2023\/04\/Blog-Renta-2022-scaled.jpg","type":"image\/jpeg"}],"author":"Amat Immobiliaris","twitter_card":"summary_large_image","twitter_creator":"@amat_cat","twitter_site":"@amat_cat","twitter_misc":{"Escrito por":"Amat Immobiliaris","Tiempo de lectura":"4 minutos"},"schema":{"@context":"https:\/\/schema.org","@graph":[{"@type":"Article","@id":"https:\/\/www.amatimmobiliaris.com\/w\/2023\/04\/novedades-para-la-renta-2022\/#article","isPartOf":{"@id":"https:\/\/www.amatimmobiliaris.com\/w\/2023\/04\/novedades-para-la-renta-2022\/"},"author":{"name":"Amat Immobiliaris","@id":"https:\/\/www.amatimmobiliaris.com\/w\/#\/schema\/person\/c880da71d1e156e7ea6774ffb445e034"},"headline":"Novedades para la Renta 2022","datePublished":"2023-04-05T08:00:15+00:00","dateModified":"2023-07-11T08:57:01+00:00","mainEntityOfPage":{"@id":"https:\/\/www.amatimmobiliaris.com\/w\/2023\/04\/novedades-para-la-renta-2022\/"},"wordCount":648,"publisher":{"@id":"https:\/\/www.amatimmobiliaris.com\/w\/#organization"},"image":{"@id":"https:\/\/www.amatimmobiliaris.com\/w\/2023\/04\/novedades-para-la-renta-2022\/#primaryimage"},"thumbnailUrl":"https:\/\/www.amatimmobiliaris.com\/w\/wp-content\/uploads\/2023\/04\/Blog-Renta-2022-scaled.jpg","keywords":["Agencia Tributaria","Casa","Catalu\u00f1a","Declaraci\u00f3n de la renta","Eficiencia energ\u00e9tica","Fiscal","Fiscalidad","Hogar","IBI","IRPF","Obra nueva","Paneles fotovoltaicos","placas solares","Rehabilitaci\u00f3n","Renovar","Renta","Sol","Sostenibilidad","Vivienda"],"articleSection":["Consejos","Eficiencia energ\u00e9tica","Fiscalidad","Noticias","Renta"],"inLanguage":"es"},{"@type":"WebPage","@id":"https:\/\/www.amatimmobiliaris.com\/w\/2023\/04\/novedades-para-la-renta-2022\/","url":"https:\/\/www.amatimmobiliaris.com\/w\/2023\/04\/novedades-para-la-renta-2022\/","name":"Novedades para la Renta 2022 | Amat Immobiliaris","isPartOf":{"@id":"https:\/\/www.amatimmobiliaris.com\/w\/#website"},"primaryImageOfPage":{"@id":"https:\/\/www.amatimmobiliaris.com\/w\/2023\/04\/novedades-para-la-renta-2022\/#primaryimage"},"image":{"@id":"https:\/\/www.amatimmobiliaris.com\/w\/2023\/04\/novedades-para-la-renta-2022\/#primaryimage"},"thumbnailUrl":"https:\/\/www.amatimmobiliaris.com\/w\/wp-content\/uploads\/2023\/04\/Blog-Renta-2022-scaled.jpg","datePublished":"2023-04-05T08:00:15+00:00","dateModified":"2023-07-11T08:57:01+00:00","description":"Novedades Renta 2022. \u00a1Te explicamos las novedades y cosas a destacar a tener en cuenta a la hora de presentar la declaraci\u00f3n este a\u00f1o!","breadcrumb":{"@id":"https:\/\/www.amatimmobiliaris.com\/w\/2023\/04\/novedades-para-la-renta-2022\/#breadcrumb"},"inLanguage":"es","potentialAction":[{"@type":"ReadAction","target":["https:\/\/www.amatimmobiliaris.com\/w\/2023\/04\/novedades-para-la-renta-2022\/"]}]},{"@type":"ImageObject","inLanguage":"es","@id":"https:\/\/www.amatimmobiliaris.com\/w\/2023\/04\/novedades-para-la-renta-2022\/#primaryimage","url":"https:\/\/www.amatimmobiliaris.com\/w\/wp-content\/uploads\/2023\/04\/Blog-Renta-2022-scaled.jpg","contentUrl":"https:\/\/www.amatimmobiliaris.com\/w\/wp-content\/uploads\/2023\/04\/Blog-Renta-2022-scaled.jpg","width":2560,"height":898,"caption":"Novetats Renta 2022"},{"@type":"BreadcrumbList","@id":"https:\/\/www.amatimmobiliaris.com\/w\/2023\/04\/novedades-para-la-renta-2022\/#breadcrumb","itemListElement":[{"@type":"ListItem","position":1,"name":"Home","item":"https:\/\/www.amatimmobiliaris.com\/w\/"},{"@type":"ListItem","position":2,"name":"Fiscalidad","item":"https:\/\/www.amatimmobiliaris.com\/w\/category\/fiscalidad\/"},{"@type":"ListItem","position":3,"name":"Renta","item":"https:\/\/www.amatimmobiliaris.com\/w\/category\/fiscalidad\/renta\/"},{"@type":"ListItem","position":4,"name":"Novedades para la Renta 2022"}]},{"@type":"WebSite","@id":"https:\/\/www.amatimmobiliaris.com\/w\/#website","url":"https:\/\/www.amatimmobiliaris.com\/w\/","name":"Amat Immobiliaris","description":"Empresa familiar del sector inmobiliario con oficinas en Barcelona, Sant Cugat del Vall\u00e9s y Sant Just Desvern. Te ayudamos a comprar, alquilar o vender tu casa o piso. Somos un equipo coherente con una cultura de empresa honesta, innovadora y eficaz. Tambi\u00e9n en www.amatluxury.com","publisher":{"@id":"https:\/\/www.amatimmobiliaris.com\/w\/#organization"},"alternateName":"AmatImmo","potentialAction":[{"@type":"SearchAction","target":{"@type":"EntryPoint","urlTemplate":"https:\/\/www.amatimmobiliaris.com\/w\/?s={search_term_string}"},"query-input":{"@type":"PropertyValueSpecification","valueRequired":true,"valueName":"search_term_string"}}],"inLanguage":"es"},{"@type":"Organization","@id":"https:\/\/www.amatimmobiliaris.com\/w\/#organization","name":"Amat Immobiliaris","url":"https:\/\/www.amatimmobiliaris.com\/w\/","logo":{"@type":"ImageObject","inLanguage":"es","@id":"https:\/\/www.amatimmobiliaris.com\/w\/#\/schema\/logo\/image\/","url":"https:\/\/www.amatimmobiliaris.com\/w\/wp-content\/uploads\/2022\/10\/amat-logo.jpg","contentUrl":"https:\/\/www.amatimmobiliaris.com\/w\/wp-content\/uploads\/2022\/10\/amat-logo.jpg","width":900,"height":900,"caption":"Amat Immobiliaris"},"image":{"@id":"https:\/\/www.amatimmobiliaris.com\/w\/#\/schema\/logo\/image\/"},"sameAs":["https:\/\/www.facebook.com\/amatimmobiliaris","https:\/\/x.com\/amat_cat","https:\/\/www.instagram.com\/amat_immo\/","https:\/\/www.linkedin.com\/company\/amat-finques\/","https:\/\/www.youtube.com\/@amatimmobiliaris"]},{"@type":"Person","@id":"https:\/\/www.amatimmobiliaris.com\/w\/#\/schema\/person\/c880da71d1e156e7ea6774ffb445e034","name":"Amat Immobiliaris","sameAs":["http:\/\/amat-inmo-wp.localhost"]}]}},"_links":{"self":[{"href":"https:\/\/www.amatimmobiliaris.com\/w\/wp-json\/wp\/v2\/posts\/22613"}],"collection":[{"href":"https:\/\/www.amatimmobiliaris.com\/w\/wp-json\/wp\/v2\/posts"}],"about":[{"href":"https:\/\/www.amatimmobiliaris.com\/w\/wp-json\/wp\/v2\/types\/post"}],"author":[{"embeddable":true,"href":"https:\/\/www.amatimmobiliaris.com\/w\/wp-json\/wp\/v2\/users\/1"}],"replies":[{"embeddable":true,"href":"https:\/\/www.amatimmobiliaris.com\/w\/wp-json\/wp\/v2\/comments?post=22613"}],"version-history":[{"count":11,"href":"https:\/\/www.amatimmobiliaris.com\/w\/wp-json\/wp\/v2\/posts\/22613\/revisions"}],"predecessor-version":[{"id":32346,"href":"https:\/\/www.amatimmobiliaris.com\/w\/wp-json\/wp\/v2\/posts\/22613\/revisions\/32346"}],"wp:featuredmedia":[{"embeddable":true,"href":"https:\/\/www.amatimmobiliaris.com\/w\/wp-json\/wp\/v2\/media\/22630"}],"wp:attachment":[{"href":"https:\/\/www.amatimmobiliaris.com\/w\/wp-json\/wp\/v2\/media?parent=22613"}],"wp:term":[{"taxonomy":"category","embeddable":true,"href":"https:\/\/www.amatimmobiliaris.com\/w\/wp-json\/wp\/v2\/categories?post=22613"},{"taxonomy":"post_tag","embeddable":true,"href":"https:\/\/www.amatimmobiliaris.com\/w\/wp-json\/wp\/v2\/tags?post=22613"}],"curies":[{"name":"wp","href":"https:\/\/api.w.org\/{rel}","templated":true}]}}