{"id":2259,"date":"2016-10-25T11:12:16","date_gmt":"2016-10-25T11:12:16","guid":{"rendered":"https:\/\/amat-inmo-wp.localhost\/2017\/01\/24\/oferta-i-demanda-es-troben-al-barcelona-meeting-point\/"},"modified":"2023-09-19T12:39:14","modified_gmt":"2023-09-19T12:39:14","slug":"oferta-y-demanda-se-encuentran-en-el-barcelona-meeting-point","status":"publish","type":"post","link":"https:\/\/www.amatimmobiliaris.com\/w\/2016\/10\/oferta-y-demanda-se-encuentran-en-el-barcelona-meeting-point\/","title":{"rendered":"Oferta y demanda se encuentran en el Barcelona Meeting Point"},"content":{"rendered":"<p style=\"text-align: justify;\">Como cada a\u00f1o, intentamos hacer un poco de reflexi\u00f3n despu\u00e9s de la celebraci\u00f3n de la feria inmobiliaria <strong>Barcelona Meeting Point<\/strong>. Ya estamos en la 20\u00aa edici\u00f3n y, mirando atr\u00e1s, seguro que este a\u00f1o hay dos hechos destacados: m\u00e1s asistentes a la parte profesional y, por el gran p\u00fablico, <strong>encuentro de la oferta y la demanda<\/strong>.<\/p>\n<p style=\"text-align: justify;\">Como ya hemos explicado otras veces, el Barcelona Meeting Point tiene dos partes muy diferenciadas. Los primeros d\u00edas se convierte en el gran punto de encuentro del sector, y es para elogiar la <strong>capacidad de reunir en un mismo espacio desde los fondos internacionales m\u00e1s importantes a la menor <a href=\"https:\/\/www.amatimmobiliaris.com\/w\/home-block\/\" target=\"_blank\" rel=\"noopener\">agencia inmobiliaria<\/a><\/strong>. Este a\u00f1o, seguramente, se ha notado una mayor asistencia de profesionales que en los \u00faltimos a\u00f1os; los stands han sido algo mayores; y ha habido m\u00e1s expositores. Las conversaciones informales y conferencias habitualmente giran sobre el estado del sector y aqu\u00ed es donde se pueden deducir algunas cosas:<\/p>\n<p style=\"texto-align: justify;\">1. El sector ha mejorado claramente.<\/p>\n<p style=\"texto-align: justify;\">2. Cierta sensaci\u00f3n de una mejora demasiado r\u00e1pida. \u00bfSabremos ser prudentes?<\/p>\n<p style=\"texto-align: justify;\">3. A su vez, crecimiento desmedido de agencias, freelance, etc. Y, pese a la mejora, claramente no hay mercado por tantos actores.<\/p>\n<p style=\"texto-align: justify;\">4. Hay un importante problema de oferta de alquiler que tensa enormemente los precios.<\/p>\n<p style=\"text-align: justify;\">Si miramos los d\u00edas m\u00e1s focalizados en el gran p\u00fablico, s\u00ed hay un fen\u00f3meno nuevo y positivo: <strong>ahora s\u00ed oferta y demanda se han vuelto a encontrar. <\/strong>Las pr\u00f3ximas semanas nos dar\u00e1n los resultados, pero ha sido de los a\u00f1os en los que creemos firmemente que varias ventas se habr\u00e1n originado en nuestro stand del Barcelona Meeting Point. Como ya dec\u00edamos el a\u00f1o pasado, y en esta edici\u00f3n todav\u00eda se ha percibido m\u00e1s, la recuperaci\u00f3n de demandantes tipo -parejas j\u00f3venes, jubilados, peque\u00f1os inversores, etc- hace que los contactos hechos durante la feria sean de mayor calidad de los que se hab\u00edan hecho hace algas ediciones.<\/p>\n<p style=\"text-align: justify;\">Como conclusi\u00f3n s\u00f3lo a\u00f1adir que todo esto va mucho por barrios y que en muchas zonas todav\u00eda no se ha percibido una <strong>clara recuperaci\u00f3n del sector<\/strong>.<\/p>\n<p style=\"text-align: right;\"><strong>Guifr\u00e9 Homedes<\/strong><\/p>\n<p style=\"text-align: right;\"><strong>Director oficina Barcelona<\/strong><\/p>\n","protected":false},"excerpt":{"rendered":"<p>Como cada a\u00f1o, intentamos hacer un poco de reflexi\u00f3n despu\u00e9s de la celebraci\u00f3n de la feria inmobiliaria Barcelona Meeting Point. Ya estamos en la 20\u00aa edici\u00f3n y, mirando atr\u00e1s, seguro que este a\u00f1o hay dos hechos destacados: m\u00e1s asistentes a la parte profesional y, por el gran p\u00fablico, encuentro de la oferta y la demanda. [&hellip;]<\/p>\n","protected":false},"author":1,"featured_media":0,"comment_status":"closed","ping_status":"closed","sticky":false,"template":"","format":"standard","meta":{"content-type":"","footnotes":""},"categories":[742],"tags":[958,1097,1071,1679,1754,942,1782,974,1809],"yoast_head":"<!-- This site is optimized with the Yoast SEO plugin v23.9 - https:\/\/yoast.com\/wordpress\/plugins\/seo\/ -->\n<title>Oferta y demanda se encuentran en el Barcelona Meeting Point | Amat Immobiliaris<\/title>\n<meta name=\"description\" content=\"Como cada a\u00f1o, intentamos hacer un poco de reflexi\u00f3n despu\u00e9s de la celebraci\u00f3n de la feria inmobiliaria Barcelona Meeting Point.\" \/>\n<meta name=\"robots\" content=\"index, follow, max-snippet:-1, max-image-preview:large, max-video-preview:-1\" \/>\n<link rel=\"canonical\" href=\"https:\/\/www.amatimmobiliaris.com\/w\/2016\/10\/oferta-y-demanda-se-encuentran-en-el-barcelona-meeting-point\/\" \/>\n<meta property=\"og:locale\" content=\"es_ES\" \/>\n<meta property=\"og:type\" content=\"article\" \/>\n<meta property=\"og:title\" content=\"Oferta y demanda se encuentran en el Barcelona Meeting Point | Amat Immobiliaris\" \/>\n<meta property=\"og:description\" content=\"Como cada a\u00f1o, intentamos hacer un poco de reflexi\u00f3n despu\u00e9s de la celebraci\u00f3n de la feria inmobiliaria Barcelona Meeting Point.\" \/>\n<meta property=\"og:url\" content=\"https:\/\/www.amatimmobiliaris.com\/w\/2016\/10\/oferta-y-demanda-se-encuentran-en-el-barcelona-meeting-point\/\" \/>\n<meta property=\"og:site_name\" content=\"Amat Immobiliaris\" \/>\n<meta property=\"article:publisher\" content=\"https:\/\/www.facebook.com\/amatimmobiliaris\" \/>\n<meta property=\"article:published_time\" content=\"2016-10-25T11:12:16+00:00\" \/>\n<meta property=\"article:modified_time\" content=\"2023-09-19T12:39:14+00:00\" \/>\n<meta property=\"og:image\" content=\"https:\/\/www.amatimmobiliaris.com\/w\/wp-content\/uploads\/2022\/01\/2014-Saga-familiar-Amat-dw-1-1024x683.jpg\" \/>\n\t<meta property=\"og:image:width\" content=\"1024\" \/>\n\t<meta property=\"og:image:height\" content=\"683\" \/>\n\t<meta property=\"og:image:type\" content=\"image\/jpeg\" \/>\n<meta name=\"author\" content=\"Amat Immobiliaris\" \/>\n<meta name=\"twitter:card\" content=\"summary_large_image\" \/>\n<meta name=\"twitter:creator\" content=\"@amat_cat\" \/>\n<meta name=\"twitter:site\" content=\"@amat_cat\" \/>\n<meta name=\"twitter:label1\" content=\"Escrito por\" \/>\n\t<meta name=\"twitter:data1\" content=\"Amat Immobiliaris\" \/>\n\t<meta name=\"twitter:label2\" content=\"Tiempo de lectura\" \/>\n\t<meta name=\"twitter:data2\" content=\"2 minutos\" \/>\n<script type=\"application\/ld+json\" class=\"yoast-schema-graph\">{\"@context\":\"https:\/\/schema.org\",\"@graph\":[{\"@type\":\"Article\",\"@id\":\"https:\/\/www.amatimmobiliaris.com\/w\/2016\/10\/oferta-y-demanda-se-encuentran-en-el-barcelona-meeting-point\/#article\",\"isPartOf\":{\"@id\":\"https:\/\/www.amatimmobiliaris.com\/w\/2016\/10\/oferta-y-demanda-se-encuentran-en-el-barcelona-meeting-point\/\"},\"author\":{\"name\":\"Amat Immobiliaris\",\"@id\":\"https:\/\/www.amatimmobiliaris.com\/w\/#\/schema\/person\/c880da71d1e156e7ea6774ffb445e034\"},\"headline\":\"Oferta y demanda se encuentran en el Barcelona Meeting Point\",\"datePublished\":\"2016-10-25T11:12:16+00:00\",\"dateModified\":\"2023-09-19T12:39:14+00:00\",\"mainEntityOfPage\":{\"@id\":\"https:\/\/www.amatimmobiliaris.com\/w\/2016\/10\/oferta-y-demanda-se-encuentran-en-el-barcelona-meeting-point\/\"},\"wordCount\":386,\"publisher\":{\"@id\":\"https:\/\/www.amatimmobiliaris.com\/w\/#organization\"},\"keywords\":[\"Alquiler\",\"Barcelona\",\"Barcelona Meeting Point\",\"Evento\",\"Guifre Homedes\",\"Inmobiliaria\",\"Meeting Point\",\"Mercado inmobiliario\",\"Sector inmobiliario\"],\"articleSection\":[\"Eventos\"],\"inLanguage\":\"es\"},{\"@type\":\"WebPage\",\"@id\":\"https:\/\/www.amatimmobiliaris.com\/w\/2016\/10\/oferta-y-demanda-se-encuentran-en-el-barcelona-meeting-point\/\",\"url\":\"https:\/\/www.amatimmobiliaris.com\/w\/2016\/10\/oferta-y-demanda-se-encuentran-en-el-barcelona-meeting-point\/\",\"name\":\"Oferta y demanda se encuentran en el Barcelona Meeting Point | Amat Immobiliaris\",\"isPartOf\":{\"@id\":\"https:\/\/www.amatimmobiliaris.com\/w\/#website\"},\"datePublished\":\"2016-10-25T11:12:16+00:00\",\"dateModified\":\"2023-09-19T12:39:14+00:00\",\"description\":\"Como cada a\u00f1o, intentamos hacer un poco de reflexi\u00f3n despu\u00e9s de la celebraci\u00f3n de la feria inmobiliaria Barcelona Meeting Point.\",\"breadcrumb\":{\"@id\":\"https:\/\/www.amatimmobiliaris.com\/w\/2016\/10\/oferta-y-demanda-se-encuentran-en-el-barcelona-meeting-point\/#breadcrumb\"},\"inLanguage\":\"es\",\"potentialAction\":[{\"@type\":\"ReadAction\",\"target\":[\"https:\/\/www.amatimmobiliaris.com\/w\/2016\/10\/oferta-y-demanda-se-encuentran-en-el-barcelona-meeting-point\/\"]}]},{\"@type\":\"BreadcrumbList\",\"@id\":\"https:\/\/www.amatimmobiliaris.com\/w\/2016\/10\/oferta-y-demanda-se-encuentran-en-el-barcelona-meeting-point\/#breadcrumb\",\"itemListElement\":[{\"@type\":\"ListItem\",\"position\":1,\"name\":\"Home\",\"item\":\"https:\/\/www.amatimmobiliaris.com\/w\/\"},{\"@type\":\"ListItem\",\"position\":2,\"name\":\"Esdeveniments\",\"item\":\"https:\/\/www.amatimmobiliaris.com\/w\/ca\/categoria-ca\/esdeveniments-ca\/\"},{\"@type\":\"ListItem\",\"position\":3,\"name\":\"Oferta y demanda se encuentran en el Barcelona Meeting Point\"}]},{\"@type\":\"WebSite\",\"@id\":\"https:\/\/www.amatimmobiliaris.com\/w\/#website\",\"url\":\"https:\/\/www.amatimmobiliaris.com\/w\/\",\"name\":\"Amat Immobiliaris\",\"description\":\"Empresa familiar del sector inmobiliario con oficinas en Barcelona, Sant Cugat del Vall\u00e9s y Sant Just Desvern. Te ayudamos a comprar, alquilar o vender tu casa o piso. Somos un equipo coherente con una cultura de empresa honesta, innovadora y eficaz. Tambi\u00e9n en www.amatluxury.com\",\"publisher\":{\"@id\":\"https:\/\/www.amatimmobiliaris.com\/w\/#organization\"},\"alternateName\":\"AmatImmo\",\"potentialAction\":[{\"@type\":\"SearchAction\",\"target\":{\"@type\":\"EntryPoint\",\"urlTemplate\":\"https:\/\/www.amatimmobiliaris.com\/w\/?s={search_term_string}\"},\"query-input\":{\"@type\":\"PropertyValueSpecification\",\"valueRequired\":true,\"valueName\":\"search_term_string\"}}],\"inLanguage\":\"es\"},{\"@type\":\"Organization\",\"@id\":\"https:\/\/www.amatimmobiliaris.com\/w\/#organization\",\"name\":\"Amat Immobiliaris\",\"url\":\"https:\/\/www.amatimmobiliaris.com\/w\/\",\"logo\":{\"@type\":\"ImageObject\",\"inLanguage\":\"es\",\"@id\":\"https:\/\/www.amatimmobiliaris.com\/w\/#\/schema\/logo\/image\/\",\"url\":\"https:\/\/www.amatimmobiliaris.com\/w\/wp-content\/uploads\/2022\/10\/amat-logo.jpg\",\"contentUrl\":\"https:\/\/www.amatimmobiliaris.com\/w\/wp-content\/uploads\/2022\/10\/amat-logo.jpg\",\"width\":900,\"height\":900,\"caption\":\"Amat Immobiliaris\"},\"image\":{\"@id\":\"https:\/\/www.amatimmobiliaris.com\/w\/#\/schema\/logo\/image\/\"},\"sameAs\":[\"https:\/\/www.facebook.com\/amatimmobiliaris\",\"https:\/\/x.com\/amat_cat\",\"https:\/\/www.instagram.com\/amat_immo\/\",\"https:\/\/www.linkedin.com\/company\/amat-finques\/\",\"https:\/\/www.youtube.com\/@amatimmobiliaris\"]},{\"@type\":\"Person\",\"@id\":\"https:\/\/www.amatimmobiliaris.com\/w\/#\/schema\/person\/c880da71d1e156e7ea6774ffb445e034\",\"name\":\"Amat Immobiliaris\",\"sameAs\":[\"http:\/\/amat-inmo-wp.localhost\"]}]}<\/script>\n<!-- \/ Yoast SEO plugin. -->","yoast_head_json":{"title":"Oferta y demanda se encuentran en el Barcelona Meeting Point | Amat Immobiliaris","description":"Como cada a\u00f1o, intentamos hacer un poco de reflexi\u00f3n despu\u00e9s de la celebraci\u00f3n de la feria inmobiliaria Barcelona Meeting Point.","robots":{"index":"index","follow":"follow","max-snippet":"max-snippet:-1","max-image-preview":"max-image-preview:large","max-video-preview":"max-video-preview:-1"},"canonical":"https:\/\/www.amatimmobiliaris.com\/w\/2016\/10\/oferta-y-demanda-se-encuentran-en-el-barcelona-meeting-point\/","og_locale":"es_ES","og_type":"article","og_title":"Oferta y demanda se encuentran en el Barcelona Meeting Point | Amat Immobiliaris","og_description":"Como cada a\u00f1o, intentamos hacer un poco de reflexi\u00f3n despu\u00e9s de la celebraci\u00f3n de la feria inmobiliaria Barcelona Meeting Point.","og_url":"https:\/\/www.amatimmobiliaris.com\/w\/2016\/10\/oferta-y-demanda-se-encuentran-en-el-barcelona-meeting-point\/","og_site_name":"Amat Immobiliaris","article_publisher":"https:\/\/www.facebook.com\/amatimmobiliaris","article_published_time":"2016-10-25T11:12:16+00:00","article_modified_time":"2023-09-19T12:39:14+00:00","og_image":[{"width":1024,"height":683,"url":"https:\/\/www.amatimmobiliaris.com\/w\/wp-content\/uploads\/2022\/01\/2014-Saga-familiar-Amat-dw-1-1024x683.jpg","type":"image\/jpeg"}],"author":"Amat Immobiliaris","twitter_card":"summary_large_image","twitter_creator":"@amat_cat","twitter_site":"@amat_cat","twitter_misc":{"Escrito por":"Amat Immobiliaris","Tiempo de lectura":"2 minutos"},"schema":{"@context":"https:\/\/schema.org","@graph":[{"@type":"Article","@id":"https:\/\/www.amatimmobiliaris.com\/w\/2016\/10\/oferta-y-demanda-se-encuentran-en-el-barcelona-meeting-point\/#article","isPartOf":{"@id":"https:\/\/www.amatimmobiliaris.com\/w\/2016\/10\/oferta-y-demanda-se-encuentran-en-el-barcelona-meeting-point\/"},"author":{"name":"Amat Immobiliaris","@id":"https:\/\/www.amatimmobiliaris.com\/w\/#\/schema\/person\/c880da71d1e156e7ea6774ffb445e034"},"headline":"Oferta y demanda se encuentran en el Barcelona Meeting Point","datePublished":"2016-10-25T11:12:16+00:00","dateModified":"2023-09-19T12:39:14+00:00","mainEntityOfPage":{"@id":"https:\/\/www.amatimmobiliaris.com\/w\/2016\/10\/oferta-y-demanda-se-encuentran-en-el-barcelona-meeting-point\/"},"wordCount":386,"publisher":{"@id":"https:\/\/www.amatimmobiliaris.com\/w\/#organization"},"keywords":["Alquiler","Barcelona","Barcelona Meeting Point","Evento","Guifre Homedes","Inmobiliaria","Meeting Point","Mercado inmobiliario","Sector inmobiliario"],"articleSection":["Eventos"],"inLanguage":"es"},{"@type":"WebPage","@id":"https:\/\/www.amatimmobiliaris.com\/w\/2016\/10\/oferta-y-demanda-se-encuentran-en-el-barcelona-meeting-point\/","url":"https:\/\/www.amatimmobiliaris.com\/w\/2016\/10\/oferta-y-demanda-se-encuentran-en-el-barcelona-meeting-point\/","name":"Oferta y demanda se encuentran en el Barcelona Meeting Point | Amat Immobiliaris","isPartOf":{"@id":"https:\/\/www.amatimmobiliaris.com\/w\/#website"},"datePublished":"2016-10-25T11:12:16+00:00","dateModified":"2023-09-19T12:39:14+00:00","description":"Como cada a\u00f1o, intentamos hacer un poco de reflexi\u00f3n despu\u00e9s de la celebraci\u00f3n de la feria inmobiliaria Barcelona Meeting Point.","breadcrumb":{"@id":"https:\/\/www.amatimmobiliaris.com\/w\/2016\/10\/oferta-y-demanda-se-encuentran-en-el-barcelona-meeting-point\/#breadcrumb"},"inLanguage":"es","potentialAction":[{"@type":"ReadAction","target":["https:\/\/www.amatimmobiliaris.com\/w\/2016\/10\/oferta-y-demanda-se-encuentran-en-el-barcelona-meeting-point\/"]}]},{"@type":"BreadcrumbList","@id":"https:\/\/www.amatimmobiliaris.com\/w\/2016\/10\/oferta-y-demanda-se-encuentran-en-el-barcelona-meeting-point\/#breadcrumb","itemListElement":[{"@type":"ListItem","position":1,"name":"Home","item":"https:\/\/www.amatimmobiliaris.com\/w\/"},{"@type":"ListItem","position":2,"name":"Esdeveniments","item":"https:\/\/www.amatimmobiliaris.com\/w\/ca\/categoria-ca\/esdeveniments-ca\/"},{"@type":"ListItem","position":3,"name":"Oferta y demanda se encuentran en el Barcelona Meeting Point"}]},{"@type":"WebSite","@id":"https:\/\/www.amatimmobiliaris.com\/w\/#website","url":"https:\/\/www.amatimmobiliaris.com\/w\/","name":"Amat Immobiliaris","description":"Empresa familiar del sector inmobiliario con oficinas en Barcelona, Sant Cugat del Vall\u00e9s y Sant Just Desvern. Te ayudamos a comprar, alquilar o vender tu casa o piso. Somos un equipo coherente con una cultura de empresa honesta, innovadora y eficaz. Tambi\u00e9n en www.amatluxury.com","publisher":{"@id":"https:\/\/www.amatimmobiliaris.com\/w\/#organization"},"alternateName":"AmatImmo","potentialAction":[{"@type":"SearchAction","target":{"@type":"EntryPoint","urlTemplate":"https:\/\/www.amatimmobiliaris.com\/w\/?s={search_term_string}"},"query-input":{"@type":"PropertyValueSpecification","valueRequired":true,"valueName":"search_term_string"}}],"inLanguage":"es"},{"@type":"Organization","@id":"https:\/\/www.amatimmobiliaris.com\/w\/#organization","name":"Amat Immobiliaris","url":"https:\/\/www.amatimmobiliaris.com\/w\/","logo":{"@type":"ImageObject","inLanguage":"es","@id":"https:\/\/www.amatimmobiliaris.com\/w\/#\/schema\/logo\/image\/","url":"https:\/\/www.amatimmobiliaris.com\/w\/wp-content\/uploads\/2022\/10\/amat-logo.jpg","contentUrl":"https:\/\/www.amatimmobiliaris.com\/w\/wp-content\/uploads\/2022\/10\/amat-logo.jpg","width":900,"height":900,"caption":"Amat Immobiliaris"},"image":{"@id":"https:\/\/www.amatimmobiliaris.com\/w\/#\/schema\/logo\/image\/"},"sameAs":["https:\/\/www.facebook.com\/amatimmobiliaris","https:\/\/x.com\/amat_cat","https:\/\/www.instagram.com\/amat_immo\/","https:\/\/www.linkedin.com\/company\/amat-finques\/","https:\/\/www.youtube.com\/@amatimmobiliaris"]},{"@type":"Person","@id":"https:\/\/www.amatimmobiliaris.com\/w\/#\/schema\/person\/c880da71d1e156e7ea6774ffb445e034","name":"Amat Immobiliaris","sameAs":["http:\/\/amat-inmo-wp.localhost"]}]}},"_links":{"self":[{"href":"https:\/\/www.amatimmobiliaris.com\/w\/wp-json\/wp\/v2\/posts\/2259"}],"collection":[{"href":"https:\/\/www.amatimmobiliaris.com\/w\/wp-json\/wp\/v2\/posts"}],"about":[{"href":"https:\/\/www.amatimmobiliaris.com\/w\/wp-json\/wp\/v2\/types\/post"}],"author":[{"embeddable":true,"href":"https:\/\/www.amatimmobiliaris.com\/w\/wp-json\/wp\/v2\/users\/1"}],"replies":[{"embeddable":true,"href":"https:\/\/www.amatimmobiliaris.com\/w\/wp-json\/wp\/v2\/comments?post=2259"}],"version-history":[{"count":5,"href":"https:\/\/www.amatimmobiliaris.com\/w\/wp-json\/wp\/v2\/posts\/2259\/revisions"}],"predecessor-version":[{"id":30570,"href":"https:\/\/www.amatimmobiliaris.com\/w\/wp-json\/wp\/v2\/posts\/2259\/revisions\/30570"}],"wp:attachment":[{"href":"https:\/\/www.amatimmobiliaris.com\/w\/wp-json\/wp\/v2\/media?parent=2259"}],"wp:term":[{"taxonomy":"category","embeddable":true,"href":"https:\/\/www.amatimmobiliaris.com\/w\/wp-json\/wp\/v2\/categories?post=2259"},{"taxonomy":"post_tag","embeddable":true,"href":"https:\/\/www.amatimmobiliaris.com\/w\/wp-json\/wp\/v2\/tags?post=2259"}],"curies":[{"name":"wp","href":"https:\/\/api.w.org\/{rel}","templated":true}]}}