{"id":22551,"date":"2023-03-31T07:00:25","date_gmt":"2023-03-31T07:00:25","guid":{"rendered":"https:\/\/www.amatimmobiliaris.com\/w\/?p=22551"},"modified":"2024-04-17T11:45:26","modified_gmt":"2024-04-17T11:45:26","slug":"presentamos-el-informe-de-mercado-del-2022-a-la-prensa","status":"publish","type":"post","link":"https:\/\/www.amatimmobiliaris.com\/w\/2023\/03\/presentamos-el-informe-de-mercado-del-2022-a-la-prensa\/","title":{"rendered":"Presentamos el Informe de Mercado del 2022 a la prensa"},"content":{"rendered":"<p><img loading=\"lazy\" decoding=\"async\" class=\"alignright wp-image-22565 size-medium\" src=\"https:\/\/www.amatimmobiliaris.com\/w\/wp-content\/uploads\/2023\/03\/Rueda-Prensa-300x225.jpg\" alt=\"Informe Mercado 2022\" width=\"300\" height=\"225\" srcset=\"https:\/\/www.amatimmobiliaris.com\/w\/wp-content\/uploads\/2023\/03\/Rueda-Prensa-300x225.jpg 300w, https:\/\/www.amatimmobiliaris.com\/w\/wp-content\/uploads\/2023\/03\/Rueda-Prensa-1024x768.jpg 1024w, https:\/\/www.amatimmobiliaris.com\/w\/wp-content\/uploads\/2023\/03\/Rueda-Prensa-768x576.jpg 768w, https:\/\/www.amatimmobiliaris.com\/w\/wp-content\/uploads\/2023\/03\/Rueda-Prensa-1536x1152.jpg 1536w, https:\/\/www.amatimmobiliaris.com\/w\/wp-content\/uploads\/2023\/03\/Rueda-Prensa-2048x1536.jpg 2048w\" sizes=\"(max-width: 300px) 100vw, 300px\" \/><\/p>\n<h2>El pasado 29 de marzo presentamos ante la prensa el <strong>10\u00ba Informe de Mercado de 2022.<\/strong><\/h2>\n<p style=\"text-align: justify;\">El pasado 29 de marzo nuestro Director General, Guifr\u00e9 Homedes, present\u00f3 ante la prensa el <strong>10\u00ba Informe de Mercado de 2022<\/strong> de <a href=\"https:\/\/www.amatimmobiliaris.com\/w\/\" target=\"_blank\" rel=\"noopener\"><span class=\"hiddenSpellError\">Amat<\/span>\u00a0<span class=\"hiddenSpellError\">Immobiliaris<\/span><\/a>, que este a\u00f1o celebra el <strong>75\u00ba aniversario<\/strong>, y que engloba y resume los datos del mercado inmobiliario del a\u00f1o pasado.<\/p>\n<p>&nbsp;<\/p>\n<p style=\"text-align: justify;\">Unas diez personas asistieron a la presentaci\u00f3n que hicimos en nuestra Boutique Luxury donde hablamos de la falta de oferta de viviendas y su <a href=\"https:\/\/www.amatimmobiliaris.com\/w\/2023\/03\/certificado-de-eficiencia-d-como-minimo-en-2033\/\">baja calificaci\u00f3n energ\u00e9tica<\/a>, especialmente en el parque de alquiler. Tambi\u00e9n destacamos el aumento de los inquilinos extranjeros que necesitan alquiler de larga duraci\u00f3n, as\u00ed como del buen a\u00f1o de la venta de segunda mano y del par\u00f3n por parte de las promotoras de obra nova a causa del incremento en los costes de construcci\u00f3n y el estallido de la guerra. Pod\u00e9is ver las noticias que <span style=\"color: #0000ff;\"><a style=\"color: #0000ff;\" href=\"https:\/\/www.lavanguardia.com\/encatala\/20230330\/8864034\/lloguer-estrangers-triplica-i-43-dels-pisos-barcelona.html\" target=\"_blank\" rel=\"noopener\">La Vanguardia<\/a><\/span> y el <a href=\"https:\/\/www.ara.cat\/economia\/l-oferta-lloguer-punt-critic_1_4663819.html\" target=\"_blank\" rel=\"noopener\">Diari ARA<\/a> han hecho sobre nuestro Informe de Mercado.<\/p>\n<p>&nbsp;<\/p>\n<h3><strong>Mercado de alquiler<\/strong><\/h3>\n<p style=\"text-align: justify;\">Tras varios a\u00f1os en crecimiento, 2022 ha supuesto un cambio de tendencia para nosotros, donde hemos <strong>realizado un 9% menos de nuevos contratos.<\/strong><\/p>\n<p>&nbsp;<\/p>\n<p style=\"text-align: justify;\">Empezamos en 2022 a un ritmo similar al de otros a\u00f1os, seg\u00fan ha ido avanzando el a\u00f1o, la oferta se ha ido disminuyendo, mientras que la demanda ha sido y sigue siendo alta y no tenemos la oferta para satisfacerla. Durante el primer trimestre del a\u00f1o a\u00fan est\u00e1bamos en un mercado de rentas reguladas, pero la ca\u00edda de la regulaci\u00f3n coincidi\u00f3, por un lado, con el <strong>incremento<\/strong>, muy significativo, del <strong>coste de los suministros<\/strong> y, por otro, con<strong> la limitaci\u00f3n del 2% por la actualizaci\u00f3n de las rentas por IPC a los contratos vigentes<\/strong>, impuesta por el Gobierno del Estado. Dos hechos relevantes en el mercado de alquiler.<\/p>\n<p>&nbsp;<\/p>\n<p style=\"text-align: justify;\">El perfil del inquilino es de entre\u00a0<strong>30 y 50\u00a0<\/strong>a\u00f1os que pagaran cada mes entre 1.001-1.500 \u20ac. Un 36% busca viviendas con <strong>3 habitaciones<\/strong>\u00a0de entre\u00a0<strong>65 y 95 m\u00b2. <\/strong>La gran mayor\u00eda de estos inmuebles que alquilamos tienen una <strong>calificaci\u00f3n energ\u00e9tica baja, E<\/strong> o menor. Despu\u00e9s de un a\u00f1o de vigencia de los <a href=\"https:\/\/www.amatimmobiliaris.com\/w\/2022\/04\/como-podemos-tramitar-la-subvencion-de-los-fondos-next-generation-para-la-rehabilitacion-en-eficiencia-energetica\/\" target=\"_blank\" rel=\"noopener\">Fondos Next Generation<\/a> enfocados a la rehabilitaci\u00f3n de car\u00e1cter energ\u00e9tico de los edificios, podemos decir que de momento como sector y sociedad estamos fracasando. Su nivel de aplicaci\u00f3n ha sido m\u00ednimo.<\/p>\n<p style=\"text-align: justify;\"><span class=\"hiddenSpellError\">Homedes destaca \u00abcon parque de alquiler pobre energ\u00e9ticamente que tenemos junto al marco de inestabilidad jur\u00eddica en torno al alquiler, desincentiva a que los propietarios inviertan en rehabilitar las viviendas con peor calificaci\u00f3n energ\u00e9tica\u00bb. Tambi\u00e9n asegura que \u00absin inversi\u00f3n en el parque de alquiler, las familias inquilinos tendr\u00e1n costes de suministros mayores y peor confort que aquellas familias que vivan en propiedad\u00bb.<\/span><\/p>\n<p>&nbsp;<\/p>\n<p style=\"text-align: justify;\">Cabe destacar el <strong>aumento en el porcentaje de inquilinos\u00a0extranjeros de larga duraci\u00f3n<\/strong>, especialmente en la ciudad de Barcelona, donde antes del COVID representaban un 15% y <strong>ahora entre un 40-45%<\/strong>.<\/p>\n<p>&nbsp;<\/p>\n<p style=\"text-align: justify;\">El <strong>gran problema en el mundo del alquiler, es que la oferta sigue a la baja desde hace ya muchos meses<\/strong>.\u00a0Si tuvi\u00e9ramos que resumir muy r\u00e1pidamente porque estamos en esta situaci\u00f3n, la conclusi\u00f3n ser\u00eda que la <strong>maquinaria medi\u00e1tica, pol\u00edtica y los constantes cambios de marco legal,<\/strong> doce cambios en cuatro a\u00f1os, <strong>se\u00f1alan como especulares a los propietarios-arrendadores<\/strong>, mayoritariamente peque\u00f1os, y les traspasa responsabilidades sociales propias de la Administraci\u00f3n. Esta situaci\u00f3n est\u00e1 empujando a estos propietarios-arrendadores a:<\/p>\n<p>&nbsp;<\/p>\n<ul>\n<li><strong>Dejar de invertir<\/strong> y, por lo tanto, dejar de generar nueva oferta.<\/li>\n<li><strong>Venderse los inmuebles<\/strong> que tienen de alquiler, que evidentemente no compra otro inversor, sino alguien para vivir y como resultado restamos oferta.<\/li>\n<li><strong>Destinar los inmuebles a otras modalidades<\/strong> de alquiler, como el alquiler de larga duraci\u00f3n, por lo que continuamos restando oferta.<\/li>\n<\/ul>\n<p style=\"text-align: justify;\">As\u00ed lo explicaban en las noticias que hicieron el\u00a0<span style=\"color: #0000ff;\"><a style=\"color: #0000ff;\" href=\"https:\/\/www.viaempresa.cat\/economia\/amat-immobiliaris-disponibilitat-pisos-lloguer_2180807_102.html\" target=\"_blank\" rel=\"noopener\">ViaEmpresa<\/a><\/span> y <a href=\"https:\/\/www.elperiodico.com\/es\/economia\/20230329\/informe-amat-falta-oferta-bloquea-mercado-inmobiliario-vivienda-venta-de-pisos-85344891\" target=\"_blank\" rel=\"noopener\">El Periodico<\/a>.<\/p>\n<p>&nbsp;<\/p>\n<h3><strong>Mercado de venta<\/strong><\/h3>\n<p style=\"text-align: justify;\">En cuanto a <strong>ventas de segunda mano<\/strong>, ha sido un buen a\u00f1o en el que la actividad <strong>ha crecido un 21% respecto a 2021<\/strong> y donde ha sido repartida entre todas las franjas de precios. El precio medio se sit\u00faa, al igual que sucedi\u00f3 en 2021, en torno a 500.000 \u20ac. El tiempo de venta media ha sido de 3 meses y medio.<\/p>\n<p><img loading=\"lazy\" decoding=\"async\" class=\" wp-image-18091 alignleft\" src=\"https:\/\/www.amatimmobiliaris.com\/w\/wp-content\/uploads\/2022\/04\/photo-by-maria-ziegler-300x225-1.jpg\" alt=\"\" width=\"267\" height=\"200\" \/><\/p>\n<p style=\"text-align: justify;\">Un 71% de las viviendas que hemos vendido son de menos de <strong>120 m<sup>2<\/sup><\/strong> y un 63% tienen entre <strong>2 y 3 habitaciones. <\/strong>La edad media del comprador se mantiene por encima de los 40 a\u00f1os. La mayor\u00eda de inmuebles de segunda mano tambi\u00e9n tienen el reto de <strong>mejorar desde el punto de vista energ\u00e9tico\u00a0<\/strong>ya que m\u00e1s del 73% de las propiedades vendidas tienen una <strong>calificaci\u00f3n E o peor<\/strong>.<\/p>\n<p>&nbsp;<\/p>\n<p style=\"text-align: justify;\">Respecto a la obra nueva, fue un inicio de a\u00f1o muy bueno, pero el <strong>incremento en costes de construcci\u00f3n y el escalado de la guerra hizo que muchos promotores detuvieran o congelaran las ventas<\/strong> que no se han reiniciado hasta bien entrado el oto\u00f1o. Estos dos factores han afectado tambi\u00e9n al porcentaje de inversores tanto en venta de obra nueva como de segunda mano. A finales de 2022, la percepci\u00f3n del comprador potencial es diferente a la de principios de a\u00f1o y el ritmo de venta esta entre 1-2 inmuebles vendidos al mes.<\/p>\n<p>&nbsp;<\/p>\n<p style=\"text-align: justify;\">El <strong>comprador de menos de 40 a\u00f1os<\/strong> sigue teniendo un peso importante, donde en muchos casos, la obra nueva es claramente el primer acceso a una vivienda de propiedad. La vivienda m\u00e1s vendida es de\u00a0<strong>90-120 m\u00b2<\/strong>\u00a0y de <strong>3 habitaciones con niveles energ\u00e9ticos entre una A y una B.<\/strong><\/p>\n<p>&nbsp;<\/p>\n<h3><strong>Mercado Luxury<\/strong><\/h3>\n<p><img loading=\"lazy\" decoding=\"async\" class=\"alignright wp-image-22556 size-medium\" src=\"https:\/\/www.amatimmobiliaris.com\/w\/wp-content\/uploads\/2023\/03\/22891-300x199.jpg\" alt=\"\" width=\"300\" height=\"199\" srcset=\"https:\/\/www.amatimmobiliaris.com\/w\/wp-content\/uploads\/2023\/03\/22891-300x199.jpg 300w, https:\/\/www.amatimmobiliaris.com\/w\/wp-content\/uploads\/2023\/03\/22891-1024x680.jpg 1024w, https:\/\/www.amatimmobiliaris.com\/w\/wp-content\/uploads\/2023\/03\/22891-768x510.jpg 768w, https:\/\/www.amatimmobiliaris.com\/w\/wp-content\/uploads\/2023\/03\/22891-1536x1020.jpg 1536w, https:\/\/www.amatimmobiliaris.com\/w\/wp-content\/uploads\/2023\/03\/22891-2048x1360.jpg 2048w\" sizes=\"(max-width: 300px) 100vw, 300px\" \/><\/p>\n<p style=\"text-align: justify;\">El <strong>mercado de alto <em>standing<\/em><\/strong>, al igual que el mercado de venta est\u00e1ndar de segunda mano, ha tenido una actividad destacable en 2022. Las casas acabadas y los solares para construir casas unifamiliares han sido las operaciones que m\u00e1s hemos hecho el \u00faltimo a\u00f1o.<\/p>\n<p>&nbsp;<\/p>\n<p style=\"text-align: justify;\">Las zonas de Sant Just Desvern, Ciudad Diagonal en Esplugues de Llobregat y Sant Cugat del Vall\u00e8s han mantenido el inter\u00e9s del comprador local de alto nivel que busca mejorar su entorno o salir de la ciudad de Barcelona.\u00a0Las <strong>casas unifamiliares, la mayor\u00eda parcialmente o completamente reformadas, de m\u00e1s de 300\u202fm\u00b2<\/strong>, son la tipolog\u00eda de casas m\u00e1s vendidas en estas localizaciones.<\/p>\n<p>&nbsp;<\/p>\n<p style=\"text-align: justify;\">Si quer\u00e9is ver el informe de mercado al completo, lo pod\u00e9is hacer <a href=\"https:\/\/issuu.com\/amatimmobiliaris\/docs\/informe_mercado_inmobiliario_mr-2022\" target=\"_blank\" rel=\"noopener\">aqu\u00ed<\/a>.<\/p>\n","protected":false},"excerpt":{"rendered":"<p>El pasado 29 de marzo presentamos ante la prensa el 10\u00ba Informe de Mercado de 2022. El pasado 29 de marzo nuestro Director General, Guifr\u00e9 Homedes, present\u00f3 ante la prensa el 10\u00ba Informe de Mercado de 2022 de Amat\u00a0Immobiliaris, que este a\u00f1o celebra el 75\u00ba aniversario, y que engloba y resume los datos del mercado [&hellip;]<\/p>\n","protected":false},"author":1,"featured_media":22568,"comment_status":"closed","ping_status":"closed","sticky":false,"template":"","format":"standard","meta":{"content-type":"","footnotes":""},"categories":[741,889],"tags":[958,1761,1235,1765,1754,1802,959,942,991,974,998,996,1658,1809,1822],"yoast_head":"<!-- This site is optimized with the Yoast SEO plugin v23.9 - https:\/\/yoast.com\/wordpress\/plugins\/seo\/ -->\n<title>Presentamos el Informe de Mercado del 2022 a la prensa | Amat Immobiliaris<\/title>\n<meta name=\"description\" content=\"El pasado 29 de marzo nuestro Director General, Guifr\u00e9 Homedes, present\u00f3 delante de la prensa el Informe de Mercado del 2022\u00a0de Amat.\" \/>\n<meta name=\"robots\" content=\"index, follow, max-snippet:-1, max-image-preview:large, max-video-preview:-1\" \/>\n<link rel=\"canonical\" href=\"https:\/\/www.amatimmobiliaris.com\/w\/2023\/03\/presentamos-el-informe-de-mercado-del-2022-a-la-prensa\/\" \/>\n<meta property=\"og:locale\" content=\"es_ES\" \/>\n<meta property=\"og:type\" content=\"article\" \/>\n<meta property=\"og:title\" content=\"Presentamos el Informe de Mercado del 2022 a la prensa | Amat Immobiliaris\" \/>\n<meta property=\"og:description\" content=\"El pasado 29 de marzo nuestro Director General, Guifr\u00e9 Homedes, present\u00f3 delante de la prensa el Informe de Mercado del 2022\u00a0de Amat.\" \/>\n<meta property=\"og:url\" content=\"https:\/\/www.amatimmobiliaris.com\/w\/2023\/03\/presentamos-el-informe-de-mercado-del-2022-a-la-prensa\/\" \/>\n<meta property=\"og:site_name\" content=\"Amat Immobiliaris\" \/>\n<meta property=\"article:publisher\" content=\"https:\/\/www.facebook.com\/amatimmobiliaris\" \/>\n<meta property=\"article:published_time\" content=\"2023-03-31T07:00:25+00:00\" \/>\n<meta property=\"article:modified_time\" content=\"2024-04-17T11:45:26+00:00\" \/>\n<meta property=\"og:image\" content=\"https:\/\/www.amatimmobiliaris.com\/w\/wp-content\/uploads\/2023\/03\/Rueda-Prensa-01-scaled.jpg\" \/>\n\t<meta property=\"og:image:width\" content=\"2560\" \/>\n\t<meta property=\"og:image:height\" content=\"1920\" \/>\n\t<meta property=\"og:image:type\" content=\"image\/jpeg\" \/>\n<meta name=\"author\" content=\"Amat Immobiliaris\" \/>\n<meta name=\"twitter:card\" content=\"summary_large_image\" \/>\n<meta name=\"twitter:creator\" content=\"@amat_cat\" \/>\n<meta name=\"twitter:site\" content=\"@amat_cat\" \/>\n<meta name=\"twitter:label1\" content=\"Escrito por\" \/>\n\t<meta name=\"twitter:data1\" content=\"Amat Immobiliaris\" \/>\n\t<meta name=\"twitter:label2\" content=\"Tiempo de lectura\" \/>\n\t<meta name=\"twitter:data2\" content=\"6 minutos\" \/>\n<script type=\"application\/ld+json\" class=\"yoast-schema-graph\">{\"@context\":\"https:\/\/schema.org\",\"@graph\":[{\"@type\":\"Article\",\"@id\":\"https:\/\/www.amatimmobiliaris.com\/w\/2023\/03\/presentamos-el-informe-de-mercado-del-2022-a-la-prensa\/#article\",\"isPartOf\":{\"@id\":\"https:\/\/www.amatimmobiliaris.com\/w\/2023\/03\/presentamos-el-informe-de-mercado-del-2022-a-la-prensa\/\"},\"author\":{\"name\":\"Amat Immobiliaris\",\"@id\":\"https:\/\/www.amatimmobiliaris.com\/w\/#\/schema\/person\/c880da71d1e156e7ea6774ffb445e034\"},\"headline\":\"Presentamos el Informe de Mercado del 2022 a la prensa\",\"datePublished\":\"2023-03-31T07:00:25+00:00\",\"dateModified\":\"2024-04-17T11:45:26+00:00\",\"mainEntityOfPage\":{\"@id\":\"https:\/\/www.amatimmobiliaris.com\/w\/2023\/03\/presentamos-el-informe-de-mercado-del-2022-a-la-prensa\/\"},\"wordCount\":1087,\"publisher\":{\"@id\":\"https:\/\/www.amatimmobiliaris.com\/w\/#organization\"},\"image\":{\"@id\":\"https:\/\/www.amatimmobiliaris.com\/w\/2023\/03\/presentamos-el-informe-de-mercado-del-2022-a-la-prensa\/#primaryimage\"},\"thumbnailUrl\":\"https:\/\/www.amatimmobiliaris.com\/w\/wp-content\/uploads\/2023\/03\/Rueda-Prensa-01-scaled.jpg\",\"keywords\":[\"Alquiler\",\"Amat Luxury\",\"Econom\u00eda\",\"Entorno Inmobiliario\",\"Guifre Homedes\",\"Habitaci\u00f3n\",\"Informe de mercado\",\"Inmobiliaria\",\"Lujo\",\"Mercado inmobiliario\",\"Obra nueva\",\"Rehabilitaci\u00f3n\",\"Renovar\",\"Sector inmobiliario\",\"Sociedad\"],\"articleSection\":[\"El mundo Amat\",\"Noticias\"],\"inLanguage\":\"es\"},{\"@type\":\"WebPage\",\"@id\":\"https:\/\/www.amatimmobiliaris.com\/w\/2023\/03\/presentamos-el-informe-de-mercado-del-2022-a-la-prensa\/\",\"url\":\"https:\/\/www.amatimmobiliaris.com\/w\/2023\/03\/presentamos-el-informe-de-mercado-del-2022-a-la-prensa\/\",\"name\":\"Presentamos el Informe de Mercado del 2022 a la prensa | Amat Immobiliaris\",\"isPartOf\":{\"@id\":\"https:\/\/www.amatimmobiliaris.com\/w\/#website\"},\"primaryImageOfPage\":{\"@id\":\"https:\/\/www.amatimmobiliaris.com\/w\/2023\/03\/presentamos-el-informe-de-mercado-del-2022-a-la-prensa\/#primaryimage\"},\"image\":{\"@id\":\"https:\/\/www.amatimmobiliaris.com\/w\/2023\/03\/presentamos-el-informe-de-mercado-del-2022-a-la-prensa\/#primaryimage\"},\"thumbnailUrl\":\"https:\/\/www.amatimmobiliaris.com\/w\/wp-content\/uploads\/2023\/03\/Rueda-Prensa-01-scaled.jpg\",\"datePublished\":\"2023-03-31T07:00:25+00:00\",\"dateModified\":\"2024-04-17T11:45:26+00:00\",\"description\":\"El pasado 29 de marzo nuestro Director General, Guifr\u00e9 Homedes, present\u00f3 delante de la prensa el Informe de Mercado del 2022\u00a0de Amat.\",\"breadcrumb\":{\"@id\":\"https:\/\/www.amatimmobiliaris.com\/w\/2023\/03\/presentamos-el-informe-de-mercado-del-2022-a-la-prensa\/#breadcrumb\"},\"inLanguage\":\"es\",\"potentialAction\":[{\"@type\":\"ReadAction\",\"target\":[\"https:\/\/www.amatimmobiliaris.com\/w\/2023\/03\/presentamos-el-informe-de-mercado-del-2022-a-la-prensa\/\"]}]},{\"@type\":\"ImageObject\",\"inLanguage\":\"es\",\"@id\":\"https:\/\/www.amatimmobiliaris.com\/w\/2023\/03\/presentamos-el-informe-de-mercado-del-2022-a-la-prensa\/#primaryimage\",\"url\":\"https:\/\/www.amatimmobiliaris.com\/w\/wp-content\/uploads\/2023\/03\/Rueda-Prensa-01-scaled.jpg\",\"contentUrl\":\"https:\/\/www.amatimmobiliaris.com\/w\/wp-content\/uploads\/2023\/03\/Rueda-Prensa-01-scaled.jpg\",\"width\":2560,\"height\":1920,\"caption\":\"Presentaci\u00f3n Informe Mercado 2022 Amat\"},{\"@type\":\"BreadcrumbList\",\"@id\":\"https:\/\/www.amatimmobiliaris.com\/w\/2023\/03\/presentamos-el-informe-de-mercado-del-2022-a-la-prensa\/#breadcrumb\",\"itemListElement\":[{\"@type\":\"ListItem\",\"position\":1,\"name\":\"Home\",\"item\":\"https:\/\/www.amatimmobiliaris.com\/w\/\"},{\"@type\":\"ListItem\",\"position\":2,\"name\":\"El mundo Amat\",\"item\":\"https:\/\/www.amatimmobiliaris.com\/w\/category\/el-mundo-amat\/\"},{\"@type\":\"ListItem\",\"position\":3,\"name\":\"Presentamos el Informe de Mercado del 2022 a la prensa\"}]},{\"@type\":\"WebSite\",\"@id\":\"https:\/\/www.amatimmobiliaris.com\/w\/#website\",\"url\":\"https:\/\/www.amatimmobiliaris.com\/w\/\",\"name\":\"Amat Immobiliaris\",\"description\":\"Empresa familiar del sector inmobiliario con oficinas en Barcelona, Sant Cugat del Vall\u00e9s y Sant Just Desvern. Te ayudamos a comprar, alquilar o vender tu casa o piso. Somos un equipo coherente con una cultura de empresa honesta, innovadora y eficaz. Tambi\u00e9n en www.amatluxury.com\",\"publisher\":{\"@id\":\"https:\/\/www.amatimmobiliaris.com\/w\/#organization\"},\"alternateName\":\"AmatImmo\",\"potentialAction\":[{\"@type\":\"SearchAction\",\"target\":{\"@type\":\"EntryPoint\",\"urlTemplate\":\"https:\/\/www.amatimmobiliaris.com\/w\/?s={search_term_string}\"},\"query-input\":{\"@type\":\"PropertyValueSpecification\",\"valueRequired\":true,\"valueName\":\"search_term_string\"}}],\"inLanguage\":\"es\"},{\"@type\":\"Organization\",\"@id\":\"https:\/\/www.amatimmobiliaris.com\/w\/#organization\",\"name\":\"Amat Immobiliaris\",\"url\":\"https:\/\/www.amatimmobiliaris.com\/w\/\",\"logo\":{\"@type\":\"ImageObject\",\"inLanguage\":\"es\",\"@id\":\"https:\/\/www.amatimmobiliaris.com\/w\/#\/schema\/logo\/image\/\",\"url\":\"https:\/\/www.amatimmobiliaris.com\/w\/wp-content\/uploads\/2022\/10\/amat-logo.jpg\",\"contentUrl\":\"https:\/\/www.amatimmobiliaris.com\/w\/wp-content\/uploads\/2022\/10\/amat-logo.jpg\",\"width\":900,\"height\":900,\"caption\":\"Amat Immobiliaris\"},\"image\":{\"@id\":\"https:\/\/www.amatimmobiliaris.com\/w\/#\/schema\/logo\/image\/\"},\"sameAs\":[\"https:\/\/www.facebook.com\/amatimmobiliaris\",\"https:\/\/x.com\/amat_cat\",\"https:\/\/www.instagram.com\/amat_immo\/\",\"https:\/\/www.linkedin.com\/company\/amat-finques\/\",\"https:\/\/www.youtube.com\/@amatimmobiliaris\"]},{\"@type\":\"Person\",\"@id\":\"https:\/\/www.amatimmobiliaris.com\/w\/#\/schema\/person\/c880da71d1e156e7ea6774ffb445e034\",\"name\":\"Amat Immobiliaris\",\"sameAs\":[\"http:\/\/amat-inmo-wp.localhost\"]}]}<\/script>\n<!-- \/ Yoast SEO plugin. -->","yoast_head_json":{"title":"Presentamos el Informe de Mercado del 2022 a la prensa | Amat Immobiliaris","description":"El pasado 29 de marzo nuestro Director General, Guifr\u00e9 Homedes, present\u00f3 delante de la prensa el Informe de Mercado del 2022\u00a0de Amat.","robots":{"index":"index","follow":"follow","max-snippet":"max-snippet:-1","max-image-preview":"max-image-preview:large","max-video-preview":"max-video-preview:-1"},"canonical":"https:\/\/www.amatimmobiliaris.com\/w\/2023\/03\/presentamos-el-informe-de-mercado-del-2022-a-la-prensa\/","og_locale":"es_ES","og_type":"article","og_title":"Presentamos el Informe de Mercado del 2022 a la prensa | Amat Immobiliaris","og_description":"El pasado 29 de marzo nuestro Director General, Guifr\u00e9 Homedes, present\u00f3 delante de la prensa el Informe de Mercado del 2022\u00a0de Amat.","og_url":"https:\/\/www.amatimmobiliaris.com\/w\/2023\/03\/presentamos-el-informe-de-mercado-del-2022-a-la-prensa\/","og_site_name":"Amat Immobiliaris","article_publisher":"https:\/\/www.facebook.com\/amatimmobiliaris","article_published_time":"2023-03-31T07:00:25+00:00","article_modified_time":"2024-04-17T11:45:26+00:00","og_image":[{"width":2560,"height":1920,"url":"https:\/\/www.amatimmobiliaris.com\/w\/wp-content\/uploads\/2023\/03\/Rueda-Prensa-01-scaled.jpg","type":"image\/jpeg"}],"author":"Amat Immobiliaris","twitter_card":"summary_large_image","twitter_creator":"@amat_cat","twitter_site":"@amat_cat","twitter_misc":{"Escrito por":"Amat Immobiliaris","Tiempo de lectura":"6 minutos"},"schema":{"@context":"https:\/\/schema.org","@graph":[{"@type":"Article","@id":"https:\/\/www.amatimmobiliaris.com\/w\/2023\/03\/presentamos-el-informe-de-mercado-del-2022-a-la-prensa\/#article","isPartOf":{"@id":"https:\/\/www.amatimmobiliaris.com\/w\/2023\/03\/presentamos-el-informe-de-mercado-del-2022-a-la-prensa\/"},"author":{"name":"Amat Immobiliaris","@id":"https:\/\/www.amatimmobiliaris.com\/w\/#\/schema\/person\/c880da71d1e156e7ea6774ffb445e034"},"headline":"Presentamos el Informe de Mercado del 2022 a la prensa","datePublished":"2023-03-31T07:00:25+00:00","dateModified":"2024-04-17T11:45:26+00:00","mainEntityOfPage":{"@id":"https:\/\/www.amatimmobiliaris.com\/w\/2023\/03\/presentamos-el-informe-de-mercado-del-2022-a-la-prensa\/"},"wordCount":1087,"publisher":{"@id":"https:\/\/www.amatimmobiliaris.com\/w\/#organization"},"image":{"@id":"https:\/\/www.amatimmobiliaris.com\/w\/2023\/03\/presentamos-el-informe-de-mercado-del-2022-a-la-prensa\/#primaryimage"},"thumbnailUrl":"https:\/\/www.amatimmobiliaris.com\/w\/wp-content\/uploads\/2023\/03\/Rueda-Prensa-01-scaled.jpg","keywords":["Alquiler","Amat Luxury","Econom\u00eda","Entorno Inmobiliario","Guifre Homedes","Habitaci\u00f3n","Informe de mercado","Inmobiliaria","Lujo","Mercado inmobiliario","Obra nueva","Rehabilitaci\u00f3n","Renovar","Sector inmobiliario","Sociedad"],"articleSection":["El mundo Amat","Noticias"],"inLanguage":"es"},{"@type":"WebPage","@id":"https:\/\/www.amatimmobiliaris.com\/w\/2023\/03\/presentamos-el-informe-de-mercado-del-2022-a-la-prensa\/","url":"https:\/\/www.amatimmobiliaris.com\/w\/2023\/03\/presentamos-el-informe-de-mercado-del-2022-a-la-prensa\/","name":"Presentamos el Informe de Mercado del 2022 a la prensa | Amat Immobiliaris","isPartOf":{"@id":"https:\/\/www.amatimmobiliaris.com\/w\/#website"},"primaryImageOfPage":{"@id":"https:\/\/www.amatimmobiliaris.com\/w\/2023\/03\/presentamos-el-informe-de-mercado-del-2022-a-la-prensa\/#primaryimage"},"image":{"@id":"https:\/\/www.amatimmobiliaris.com\/w\/2023\/03\/presentamos-el-informe-de-mercado-del-2022-a-la-prensa\/#primaryimage"},"thumbnailUrl":"https:\/\/www.amatimmobiliaris.com\/w\/wp-content\/uploads\/2023\/03\/Rueda-Prensa-01-scaled.jpg","datePublished":"2023-03-31T07:00:25+00:00","dateModified":"2024-04-17T11:45:26+00:00","description":"El pasado 29 de marzo nuestro Director General, Guifr\u00e9 Homedes, present\u00f3 delante de la prensa el Informe de Mercado del 2022\u00a0de Amat.","breadcrumb":{"@id":"https:\/\/www.amatimmobiliaris.com\/w\/2023\/03\/presentamos-el-informe-de-mercado-del-2022-a-la-prensa\/#breadcrumb"},"inLanguage":"es","potentialAction":[{"@type":"ReadAction","target":["https:\/\/www.amatimmobiliaris.com\/w\/2023\/03\/presentamos-el-informe-de-mercado-del-2022-a-la-prensa\/"]}]},{"@type":"ImageObject","inLanguage":"es","@id":"https:\/\/www.amatimmobiliaris.com\/w\/2023\/03\/presentamos-el-informe-de-mercado-del-2022-a-la-prensa\/#primaryimage","url":"https:\/\/www.amatimmobiliaris.com\/w\/wp-content\/uploads\/2023\/03\/Rueda-Prensa-01-scaled.jpg","contentUrl":"https:\/\/www.amatimmobiliaris.com\/w\/wp-content\/uploads\/2023\/03\/Rueda-Prensa-01-scaled.jpg","width":2560,"height":1920,"caption":"Presentaci\u00f3n Informe Mercado 2022 Amat"},{"@type":"BreadcrumbList","@id":"https:\/\/www.amatimmobiliaris.com\/w\/2023\/03\/presentamos-el-informe-de-mercado-del-2022-a-la-prensa\/#breadcrumb","itemListElement":[{"@type":"ListItem","position":1,"name":"Home","item":"https:\/\/www.amatimmobiliaris.com\/w\/"},{"@type":"ListItem","position":2,"name":"El mundo Amat","item":"https:\/\/www.amatimmobiliaris.com\/w\/category\/el-mundo-amat\/"},{"@type":"ListItem","position":3,"name":"Presentamos el Informe de Mercado del 2022 a la prensa"}]},{"@type":"WebSite","@id":"https:\/\/www.amatimmobiliaris.com\/w\/#website","url":"https:\/\/www.amatimmobiliaris.com\/w\/","name":"Amat Immobiliaris","description":"Empresa familiar del sector inmobiliario con oficinas en Barcelona, Sant Cugat del Vall\u00e9s y Sant Just Desvern. Te ayudamos a comprar, alquilar o vender tu casa o piso. Somos un equipo coherente con una cultura de empresa honesta, innovadora y eficaz. Tambi\u00e9n en www.amatluxury.com","publisher":{"@id":"https:\/\/www.amatimmobiliaris.com\/w\/#organization"},"alternateName":"AmatImmo","potentialAction":[{"@type":"SearchAction","target":{"@type":"EntryPoint","urlTemplate":"https:\/\/www.amatimmobiliaris.com\/w\/?s={search_term_string}"},"query-input":{"@type":"PropertyValueSpecification","valueRequired":true,"valueName":"search_term_string"}}],"inLanguage":"es"},{"@type":"Organization","@id":"https:\/\/www.amatimmobiliaris.com\/w\/#organization","name":"Amat Immobiliaris","url":"https:\/\/www.amatimmobiliaris.com\/w\/","logo":{"@type":"ImageObject","inLanguage":"es","@id":"https:\/\/www.amatimmobiliaris.com\/w\/#\/schema\/logo\/image\/","url":"https:\/\/www.amatimmobiliaris.com\/w\/wp-content\/uploads\/2022\/10\/amat-logo.jpg","contentUrl":"https:\/\/www.amatimmobiliaris.com\/w\/wp-content\/uploads\/2022\/10\/amat-logo.jpg","width":900,"height":900,"caption":"Amat Immobiliaris"},"image":{"@id":"https:\/\/www.amatimmobiliaris.com\/w\/#\/schema\/logo\/image\/"},"sameAs":["https:\/\/www.facebook.com\/amatimmobiliaris","https:\/\/x.com\/amat_cat","https:\/\/www.instagram.com\/amat_immo\/","https:\/\/www.linkedin.com\/company\/amat-finques\/","https:\/\/www.youtube.com\/@amatimmobiliaris"]},{"@type":"Person","@id":"https:\/\/www.amatimmobiliaris.com\/w\/#\/schema\/person\/c880da71d1e156e7ea6774ffb445e034","name":"Amat Immobiliaris","sameAs":["http:\/\/amat-inmo-wp.localhost"]}]}},"_links":{"self":[{"href":"https:\/\/www.amatimmobiliaris.com\/w\/wp-json\/wp\/v2\/posts\/22551"}],"collection":[{"href":"https:\/\/www.amatimmobiliaris.com\/w\/wp-json\/wp\/v2\/posts"}],"about":[{"href":"https:\/\/www.amatimmobiliaris.com\/w\/wp-json\/wp\/v2\/types\/post"}],"author":[{"embeddable":true,"href":"https:\/\/www.amatimmobiliaris.com\/w\/wp-json\/wp\/v2\/users\/1"}],"replies":[{"embeddable":true,"href":"https:\/\/www.amatimmobiliaris.com\/w\/wp-json\/wp\/v2\/comments?post=22551"}],"version-history":[{"count":20,"href":"https:\/\/www.amatimmobiliaris.com\/w\/wp-json\/wp\/v2\/posts\/22551\/revisions"}],"predecessor-version":[{"id":34737,"href":"https:\/\/www.amatimmobiliaris.com\/w\/wp-json\/wp\/v2\/posts\/22551\/revisions\/34737"}],"wp:featuredmedia":[{"embeddable":true,"href":"https:\/\/www.amatimmobiliaris.com\/w\/wp-json\/wp\/v2\/media\/22568"}],"wp:attachment":[{"href":"https:\/\/www.amatimmobiliaris.com\/w\/wp-json\/wp\/v2\/media?parent=22551"}],"wp:term":[{"taxonomy":"category","embeddable":true,"href":"https:\/\/www.amatimmobiliaris.com\/w\/wp-json\/wp\/v2\/categories?post=22551"},{"taxonomy":"post_tag","embeddable":true,"href":"https:\/\/www.amatimmobiliaris.com\/w\/wp-json\/wp\/v2\/tags?post=22551"}],"curies":[{"name":"wp","href":"https:\/\/api.w.org\/{rel}","templated":true}]}}