{"id":2223,"date":"2016-08-02T11:08:19","date_gmt":"2016-08-02T11:08:19","guid":{"rendered":"https:\/\/amat-inmo-wp.localhost\/2017\/01\/24\/un-pis-centric-semi-nou-amb-totes-les-comoditats\/"},"modified":"2023-05-11T09:09:31","modified_gmt":"2023-05-11T09:09:31","slug":"vendido-un-piso-centrico-semi-nuevo-con-todas-las-comodidades","status":"publish","type":"post","link":"https:\/\/www.amatimmobiliaris.com\/w\/2016\/08\/vendido-un-piso-centrico-semi-nuevo-con-todas-las-comodidades\/","title":{"rendered":"VENDIDO: Un piso c\u00e9ntrico, semi nuevo, con todas las comodidades"},"content":{"rendered":"<p style=\"text-align: justify;\">Pisos guapos hay, y nosotros tenemos uno de los m\u00e1s guapos disponibles en <a href=\"https:\/\/www.youtube.com\/watch?v=nB2lXie8l30&amp;list= PLe1er1poVnDrgxIDQZyMpsL6R-cj9E62H&amp;index=3\">Sant Just Desvern<\/a>. En una finca construida en 2008 en el centro de la poblaci\u00f3n, se encuentra este inmueble de 92m2, muy bien distribuido y equipado con todos los electrodom\u00e9sticos.<\/p>\n<p style=\"text-align: justify;\">El piso tiene 3 habitaciones, 1 en suite y 2 individuales, todas exteriores, y con armarios empotrados. Dispone adem\u00e1s de un ba\u00f1o con plato de ducha y un sal\u00f3n-comedor con salida a la terraza. Lo m\u00e1s destacable es la impresionante piscina comunitaria de que dispone el edificio, con unas bonitas vistas.<\/p>\n<p style=\"text-align: justify;\">Hay que destacar los excelentes acabados, como los cerramientos exteriores de aluminio con doble vidrio Climalit y suelos de gres porcel\u00e1nico. Se puede disfrutar tambi\u00e9n de aire acondicionado centralizado con bomba de fr\u00edo\/calor y calefacci\u00f3n por radiador de gas natural. Adem\u00e1s, existe el sistema ACS solar para minimizar el consumo de gas, instalaci\u00f3n de antena de TV, FM y de telefon\u00eda en el sal\u00f3n-comedor, la cocina y en todos los dormitorios.<\/p>\n<p>En la misma finca tiene dos plazas de aparcamiento y trastero.<\/p>\n<div id='gallery-1' class='gallery galleryid-2223 gallery-columns-3 gallery-size-medium'><figure class='gallery-item'>\n\t\t\t<div class='gallery-icon landscape'>\n\t\t\t\t<a href='https:\/\/www.amatimmobiliaris.com\/w\/av-industria-37-2\/'><img loading=\"lazy\" decoding=\"async\" width=\"300\" height=\"199\" src=\"https:\/\/www.amatimmobiliaris.com\/w\/wp-content\/uploads\/2022\/01\/Av-industria-37-300x199.jpg\" class=\"attachment-medium size-medium\" alt=\"\" srcset=\"https:\/\/www.amatimmobiliaris.com\/w\/wp-content\/uploads\/2022\/01\/Av-industria-37-300x199.jpg 300w, https:\/\/www.amatimmobiliaris.com\/w\/wp-content\/uploads\/2022\/01\/Av-industria-37-1024x680.jpg 1024w, https:\/\/www.amatimmobiliaris.com\/w\/wp-content\/uploads\/2022\/01\/Av-industria-37-768x510.jpg 768w, https:\/\/www.amatimmobiliaris.com\/w\/wp-content\/uploads\/2022\/01\/Av-industria-37-1536x1020.jpg 1536w, https:\/\/www.amatimmobiliaris.com\/w\/wp-content\/uploads\/2022\/01\/Av-industria-37-2048x1360.jpg 2048w\" sizes=\"(max-width: 300px) 100vw, 300px\" \/><\/a>\n\t\t\t<\/div><\/figure><figure class='gallery-item'>\n\t\t\t<div class='gallery-icon landscape'>\n\t\t\t\t<a href='https:\/\/www.amatimmobiliaris.com\/w\/av-industria-29-2\/'><img loading=\"lazy\" decoding=\"async\" width=\"300\" height=\"199\" src=\"https:\/\/www.amatimmobiliaris.com\/w\/wp-content\/uploads\/2022\/01\/Av-industria-29-300x199.jpg\" class=\"attachment-medium size-medium\" alt=\"\" srcset=\"https:\/\/www.amatimmobiliaris.com\/w\/wp-content\/uploads\/2022\/01\/Av-industria-29-300x199.jpg 300w, https:\/\/www.amatimmobiliaris.com\/w\/wp-content\/uploads\/2022\/01\/Av-industria-29-1024x680.jpg 1024w, https:\/\/www.amatimmobiliaris.com\/w\/wp-content\/uploads\/2022\/01\/Av-industria-29-768x510.jpg 768w, https:\/\/www.amatimmobiliaris.com\/w\/wp-content\/uploads\/2022\/01\/Av-industria-29-1536x1020.jpg 1536w, https:\/\/www.amatimmobiliaris.com\/w\/wp-content\/uploads\/2022\/01\/Av-industria-29-2048x1360.jpg 2048w\" sizes=\"(max-width: 300px) 100vw, 300px\" \/><\/a>\n\t\t\t<\/div><\/figure><figure class='gallery-item'>\n\t\t\t<div class='gallery-icon landscape'>\n\t\t\t\t<a href='https:\/\/www.amatimmobiliaris.com\/w\/av-industria-19-2\/'><img loading=\"lazy\" decoding=\"async\" width=\"300\" height=\"199\" src=\"https:\/\/www.amatimmobiliaris.com\/w\/wp-content\/uploads\/2022\/01\/Av-industria-19-300x199.jpg\" class=\"attachment-medium size-medium\" alt=\"\" srcset=\"https:\/\/www.amatimmobiliaris.com\/w\/wp-content\/uploads\/2022\/01\/Av-industria-19-300x199.jpg 300w, https:\/\/www.amatimmobiliaris.com\/w\/wp-content\/uploads\/2022\/01\/Av-industria-19-1024x680.jpg 1024w, https:\/\/www.amatimmobiliaris.com\/w\/wp-content\/uploads\/2022\/01\/Av-industria-19-768x510.jpg 768w, https:\/\/www.amatimmobiliaris.com\/w\/wp-content\/uploads\/2022\/01\/Av-industria-19-1536x1020.jpg 1536w, https:\/\/www.amatimmobiliaris.com\/w\/wp-content\/uploads\/2022\/01\/Av-industria-19-2048x1360.jpg 2048w\" sizes=\"(max-width: 300px) 100vw, 300px\" \/><\/a>\n\t\t\t<\/div><\/figure><figure class='gallery-item'>\n\t\t\t<div class='gallery-icon landscape'>\n\t\t\t\t<a href='https:\/\/www.amatimmobiliaris.com\/w\/av-industria-14-2\/'><img loading=\"lazy\" decoding=\"async\" width=\"300\" height=\"199\" src=\"https:\/\/www.amatimmobiliaris.com\/w\/wp-content\/uploads\/2022\/01\/Av-industria-14-300x199.jpg\" class=\"attachment-medium size-medium\" alt=\"\" srcset=\"https:\/\/www.amatimmobiliaris.com\/w\/wp-content\/uploads\/2022\/01\/Av-industria-14-300x199.jpg 300w, https:\/\/www.amatimmobiliaris.com\/w\/wp-content\/uploads\/2022\/01\/Av-industria-14-1024x680.jpg 1024w, https:\/\/www.amatimmobiliaris.com\/w\/wp-content\/uploads\/2022\/01\/Av-industria-14-768x510.jpg 768w, https:\/\/www.amatimmobiliaris.com\/w\/wp-content\/uploads\/2022\/01\/Av-industria-14-1536x1020.jpg 1536w, https:\/\/www.amatimmobiliaris.com\/w\/wp-content\/uploads\/2022\/01\/Av-industria-14-2048x1360.jpg 2048w\" sizes=\"(max-width: 300px) 100vw, 300px\" \/><\/a>\n\t\t\t<\/div><\/figure><figure class='gallery-item'>\n\t\t\t<div class='gallery-icon landscape'>\n\t\t\t\t<a href='https:\/\/www.amatimmobiliaris.com\/w\/av-industria-23-2\/'><img loading=\"lazy\" decoding=\"async\" width=\"300\" height=\"199\" src=\"https:\/\/www.amatimmobiliaris.com\/w\/wp-content\/uploads\/2022\/01\/Av-industria-23-300x199.jpg\" class=\"attachment-medium size-medium\" alt=\"\" srcset=\"https:\/\/www.amatimmobiliaris.com\/w\/wp-content\/uploads\/2022\/01\/Av-industria-23-300x199.jpg 300w, https:\/\/www.amatimmobiliaris.com\/w\/wp-content\/uploads\/2022\/01\/Av-industria-23-1024x680.jpg 1024w, https:\/\/www.amatimmobiliaris.com\/w\/wp-content\/uploads\/2022\/01\/Av-industria-23-768x510.jpg 768w, https:\/\/www.amatimmobiliaris.com\/w\/wp-content\/uploads\/2022\/01\/Av-industria-23-1536x1020.jpg 1536w, https:\/\/www.amatimmobiliaris.com\/w\/wp-content\/uploads\/2022\/01\/Av-industria-23-2048x1360.jpg 2048w\" sizes=\"(max-width: 300px) 100vw, 300px\" \/><\/a>\n\t\t\t<\/div><\/figure><figure class='gallery-item'>\n\t\t\t<div class='gallery-icon landscape'>\n\t\t\t\t<a href='https:\/\/www.amatimmobiliaris.com\/w\/av-industria-9-2\/'><img loading=\"lazy\" decoding=\"async\" width=\"300\" height=\"199\" src=\"https:\/\/www.amatimmobiliaris.com\/w\/wp-content\/uploads\/2022\/01\/Av-industria-9-300x199.jpg\" class=\"attachment-medium size-medium\" alt=\"\" srcset=\"https:\/\/www.amatimmobiliaris.com\/w\/wp-content\/uploads\/2022\/01\/Av-industria-9-300x199.jpg 300w, https:\/\/www.amatimmobiliaris.com\/w\/wp-content\/uploads\/2022\/01\/Av-industria-9-1024x680.jpg 1024w, https:\/\/www.amatimmobiliaris.com\/w\/wp-content\/uploads\/2022\/01\/Av-industria-9-768x510.jpg 768w, https:\/\/www.amatimmobiliaris.com\/w\/wp-content\/uploads\/2022\/01\/Av-industria-9-1536x1020.jpg 1536w, https:\/\/www.amatimmobiliaris.com\/w\/wp-content\/uploads\/2022\/01\/Av-industria-9-2048x1360.jpg 2048w\" sizes=\"(max-width: 300px) 100vw, 300px\" \/><\/a>\n\t\t\t<\/div><\/figure>\n\t\t<\/div>\n\n","protected":false},"excerpt":{"rendered":"<p>Pisos guapos hay, y nosotros tenemos uno de los m\u00e1s guapos disponibles en Sant Just Desvern. En una finca construida en 2008 en el centro de la poblaci\u00f3n, se encuentra este inmueble de 92m2, muy bien distribuido y equipado con todos los electrodom\u00e9sticos. El piso tiene 3 habitaciones, 1 en suite y 2 individuales, todas [&hellip;]<\/p>\n","protected":false},"author":1,"featured_media":2224,"comment_status":"closed","ping_status":"closed","sticky":false,"template":"","format":"standard","meta":{"content-type":"","footnotes":""},"categories":[866],"tags":[1785,1802,942,1053,1806,946],"yoast_head":"<!-- This site is optimized with the Yoast SEO plugin v23.9 - https:\/\/yoast.com\/wordpress\/plugins\/seo\/ -->\n<title>VENDIDO: Un piso c\u00e9ntrico, semi nuevo, con todas las comodidades | Amat Immobiliaris<\/title>\n<meta name=\"robots\" content=\"index, follow, max-snippet:-1, max-image-preview:large, max-video-preview:-1\" \/>\n<link rel=\"canonical\" href=\"https:\/\/www.amatimmobiliaris.com\/w\/2016\/08\/vendido-un-piso-centrico-semi-nuevo-con-todas-las-comodidades\/\" \/>\n<meta property=\"og:locale\" content=\"es_ES\" \/>\n<meta property=\"og:type\" content=\"article\" \/>\n<meta property=\"og:title\" content=\"VENDIDO: Un piso c\u00e9ntrico, semi nuevo, con todas las comodidades | Amat Immobiliaris\" \/>\n<meta property=\"og:description\" content=\"Pisos guapos hay, y nosotros tenemos uno de los m\u00e1s guapos disponibles en Sant Just Desvern. En una finca construida en 2008 en el centro de la poblaci\u00f3n, se encuentra este inmueble de 92m2, muy bien distribuido y equipado con todos los electrodom\u00e9sticos. El piso tiene 3 habitaciones, 1 en suite y 2 individuales, todas [&hellip;]\" \/>\n<meta property=\"og:url\" content=\"https:\/\/www.amatimmobiliaris.com\/w\/2016\/08\/vendido-un-piso-centrico-semi-nuevo-con-todas-las-comodidades\/\" \/>\n<meta property=\"og:site_name\" content=\"Amat Immobiliaris\" \/>\n<meta property=\"article:publisher\" content=\"https:\/\/www.facebook.com\/amatimmobiliaris\" \/>\n<meta property=\"article:published_time\" content=\"2016-08-02T11:08:19+00:00\" \/>\n<meta property=\"article:modified_time\" content=\"2023-05-11T09:09:31+00:00\" \/>\n<meta property=\"og:image\" content=\"https:\/\/www.amatimmobiliaris.com\/w\/wp-content\/uploads\/2022\/01\/Av-industria-37-scaled.jpg\" \/>\n\t<meta property=\"og:image:width\" content=\"2560\" \/>\n\t<meta property=\"og:image:height\" content=\"1700\" \/>\n\t<meta property=\"og:image:type\" content=\"image\/jpeg\" \/>\n<meta name=\"author\" content=\"Amat Immobiliaris\" \/>\n<meta name=\"twitter:card\" content=\"summary_large_image\" \/>\n<meta name=\"twitter:creator\" content=\"@amat_cat\" \/>\n<meta name=\"twitter:site\" content=\"@amat_cat\" \/>\n<meta name=\"twitter:label1\" content=\"Escrito por\" \/>\n\t<meta name=\"twitter:data1\" content=\"Amat Immobiliaris\" \/>\n\t<meta name=\"twitter:label2\" content=\"Tiempo de lectura\" \/>\n\t<meta name=\"twitter:data2\" content=\"1 minuto\" \/>\n<script type=\"application\/ld+json\" class=\"yoast-schema-graph\">{\"@context\":\"https:\/\/schema.org\",\"@graph\":[{\"@type\":\"Article\",\"@id\":\"https:\/\/www.amatimmobiliaris.com\/w\/2016\/08\/vendido-un-piso-centrico-semi-nuevo-con-todas-las-comodidades\/#article\",\"isPartOf\":{\"@id\":\"https:\/\/www.amatimmobiliaris.com\/w\/2016\/08\/vendido-un-piso-centrico-semi-nuevo-con-todas-las-comodidades\/\"},\"author\":{\"name\":\"Amat Immobiliaris\",\"@id\":\"https:\/\/www.amatimmobiliaris.com\/w\/#\/schema\/person\/c880da71d1e156e7ea6774ffb445e034\"},\"headline\":\"VENDIDO: Un piso c\u00e9ntrico, semi nuevo, con todas las comodidades\",\"datePublished\":\"2016-08-02T11:08:19+00:00\",\"dateModified\":\"2023-05-11T09:09:31+00:00\",\"mainEntityOfPage\":{\"@id\":\"https:\/\/www.amatimmobiliaris.com\/w\/2016\/08\/vendido-un-piso-centrico-semi-nuevo-con-todas-las-comodidades\/\"},\"wordCount\":203,\"publisher\":{\"@id\":\"https:\/\/www.amatimmobiliaris.com\/w\/#organization\"},\"image\":{\"@id\":\"https:\/\/www.amatimmobiliaris.com\/w\/2016\/08\/vendido-un-piso-centrico-semi-nuevo-con-todas-las-comodidades\/#primaryimage\"},\"thumbnailUrl\":\"https:\/\/www.amatimmobiliaris.com\/w\/wp-content\/uploads\/2022\/01\/Av-industria-37-scaled.jpg\",\"keywords\":[\"Apartamento\",\"Habitaci\u00f3n\",\"Inmobiliaria\",\"Inmueble\",\"Piso\",\"Terraza\"],\"articleSection\":[\"Pisos destacados\"],\"inLanguage\":\"es\"},{\"@type\":\"WebPage\",\"@id\":\"https:\/\/www.amatimmobiliaris.com\/w\/2016\/08\/vendido-un-piso-centrico-semi-nuevo-con-todas-las-comodidades\/\",\"url\":\"https:\/\/www.amatimmobiliaris.com\/w\/2016\/08\/vendido-un-piso-centrico-semi-nuevo-con-todas-las-comodidades\/\",\"name\":\"VENDIDO: Un piso c\u00e9ntrico, semi nuevo, con todas las comodidades | Amat Immobiliaris\",\"isPartOf\":{\"@id\":\"https:\/\/www.amatimmobiliaris.com\/w\/#website\"},\"primaryImageOfPage\":{\"@id\":\"https:\/\/www.amatimmobiliaris.com\/w\/2016\/08\/vendido-un-piso-centrico-semi-nuevo-con-todas-las-comodidades\/#primaryimage\"},\"image\":{\"@id\":\"https:\/\/www.amatimmobiliaris.com\/w\/2016\/08\/vendido-un-piso-centrico-semi-nuevo-con-todas-las-comodidades\/#primaryimage\"},\"thumbnailUrl\":\"https:\/\/www.amatimmobiliaris.com\/w\/wp-content\/uploads\/2022\/01\/Av-industria-37-scaled.jpg\",\"datePublished\":\"2016-08-02T11:08:19+00:00\",\"dateModified\":\"2023-05-11T09:09:31+00:00\",\"breadcrumb\":{\"@id\":\"https:\/\/www.amatimmobiliaris.com\/w\/2016\/08\/vendido-un-piso-centrico-semi-nuevo-con-todas-las-comodidades\/#breadcrumb\"},\"inLanguage\":\"es\",\"potentialAction\":[{\"@type\":\"ReadAction\",\"target\":[\"https:\/\/www.amatimmobiliaris.com\/w\/2016\/08\/vendido-un-piso-centrico-semi-nuevo-con-todas-las-comodidades\/\"]}]},{\"@type\":\"ImageObject\",\"inLanguage\":\"es\",\"@id\":\"https:\/\/www.amatimmobiliaris.com\/w\/2016\/08\/vendido-un-piso-centrico-semi-nuevo-con-todas-las-comodidades\/#primaryimage\",\"url\":\"https:\/\/www.amatimmobiliaris.com\/w\/wp-content\/uploads\/2022\/01\/Av-industria-37-scaled.jpg\",\"contentUrl\":\"https:\/\/www.amatimmobiliaris.com\/w\/wp-content\/uploads\/2022\/01\/Av-industria-37-scaled.jpg\",\"width\":2560,\"height\":1700},{\"@type\":\"BreadcrumbList\",\"@id\":\"https:\/\/www.amatimmobiliaris.com\/w\/2016\/08\/vendido-un-piso-centrico-semi-nuevo-con-todas-las-comodidades\/#breadcrumb\",\"itemListElement\":[{\"@type\":\"ListItem\",\"position\":1,\"name\":\"Home\",\"item\":\"https:\/\/www.amatimmobiliaris.com\/w\/\"},{\"@type\":\"ListItem\",\"position\":2,\"name\":\"Pisos destacados\",\"item\":\"https:\/\/www.amatimmobiliaris.com\/w\/category\/pisos-destacados\/\"},{\"@type\":\"ListItem\",\"position\":3,\"name\":\"VENDIDO: Un piso c\u00e9ntrico, semi nuevo, con todas las comodidades\"}]},{\"@type\":\"WebSite\",\"@id\":\"https:\/\/www.amatimmobiliaris.com\/w\/#website\",\"url\":\"https:\/\/www.amatimmobiliaris.com\/w\/\",\"name\":\"Amat Immobiliaris\",\"description\":\"Empresa familiar del sector inmobiliario con oficinas en Barcelona, Sant Cugat del Vall\u00e9s y Sant Just Desvern. Te ayudamos a comprar, alquilar o vender tu casa o piso. Somos un equipo coherente con una cultura de empresa honesta, innovadora y eficaz. Tambi\u00e9n en www.amatluxury.com\",\"publisher\":{\"@id\":\"https:\/\/www.amatimmobiliaris.com\/w\/#organization\"},\"alternateName\":\"AmatImmo\",\"potentialAction\":[{\"@type\":\"SearchAction\",\"target\":{\"@type\":\"EntryPoint\",\"urlTemplate\":\"https:\/\/www.amatimmobiliaris.com\/w\/?s={search_term_string}\"},\"query-input\":{\"@type\":\"PropertyValueSpecification\",\"valueRequired\":true,\"valueName\":\"search_term_string\"}}],\"inLanguage\":\"es\"},{\"@type\":\"Organization\",\"@id\":\"https:\/\/www.amatimmobiliaris.com\/w\/#organization\",\"name\":\"Amat Immobiliaris\",\"url\":\"https:\/\/www.amatimmobiliaris.com\/w\/\",\"logo\":{\"@type\":\"ImageObject\",\"inLanguage\":\"es\",\"@id\":\"https:\/\/www.amatimmobiliaris.com\/w\/#\/schema\/logo\/image\/\",\"url\":\"https:\/\/www.amatimmobiliaris.com\/w\/wp-content\/uploads\/2022\/10\/amat-logo.jpg\",\"contentUrl\":\"https:\/\/www.amatimmobiliaris.com\/w\/wp-content\/uploads\/2022\/10\/amat-logo.jpg\",\"width\":900,\"height\":900,\"caption\":\"Amat Immobiliaris\"},\"image\":{\"@id\":\"https:\/\/www.amatimmobiliaris.com\/w\/#\/schema\/logo\/image\/\"},\"sameAs\":[\"https:\/\/www.facebook.com\/amatimmobiliaris\",\"https:\/\/x.com\/amat_cat\",\"https:\/\/www.instagram.com\/amat_immo\/\",\"https:\/\/www.linkedin.com\/company\/amat-finques\/\",\"https:\/\/www.youtube.com\/@amatimmobiliaris\"]},{\"@type\":\"Person\",\"@id\":\"https:\/\/www.amatimmobiliaris.com\/w\/#\/schema\/person\/c880da71d1e156e7ea6774ffb445e034\",\"name\":\"Amat Immobiliaris\",\"sameAs\":[\"http:\/\/amat-inmo-wp.localhost\"]}]}<\/script>\n<!-- \/ Yoast SEO plugin. -->","yoast_head_json":{"title":"VENDIDO: Un piso c\u00e9ntrico, semi nuevo, con todas las comodidades | Amat Immobiliaris","robots":{"index":"index","follow":"follow","max-snippet":"max-snippet:-1","max-image-preview":"max-image-preview:large","max-video-preview":"max-video-preview:-1"},"canonical":"https:\/\/www.amatimmobiliaris.com\/w\/2016\/08\/vendido-un-piso-centrico-semi-nuevo-con-todas-las-comodidades\/","og_locale":"es_ES","og_type":"article","og_title":"VENDIDO: Un piso c\u00e9ntrico, semi nuevo, con todas las comodidades | Amat Immobiliaris","og_description":"Pisos guapos hay, y nosotros tenemos uno de los m\u00e1s guapos disponibles en Sant Just Desvern. En una finca construida en 2008 en el centro de la poblaci\u00f3n, se encuentra este inmueble de 92m2, muy bien distribuido y equipado con todos los electrodom\u00e9sticos. El piso tiene 3 habitaciones, 1 en suite y 2 individuales, todas [&hellip;]","og_url":"https:\/\/www.amatimmobiliaris.com\/w\/2016\/08\/vendido-un-piso-centrico-semi-nuevo-con-todas-las-comodidades\/","og_site_name":"Amat Immobiliaris","article_publisher":"https:\/\/www.facebook.com\/amatimmobiliaris","article_published_time":"2016-08-02T11:08:19+00:00","article_modified_time":"2023-05-11T09:09:31+00:00","og_image":[{"width":2560,"height":1700,"url":"https:\/\/www.amatimmobiliaris.com\/w\/wp-content\/uploads\/2022\/01\/Av-industria-37-scaled.jpg","type":"image\/jpeg"}],"author":"Amat Immobiliaris","twitter_card":"summary_large_image","twitter_creator":"@amat_cat","twitter_site":"@amat_cat","twitter_misc":{"Escrito por":"Amat Immobiliaris","Tiempo de lectura":"1 minuto"},"schema":{"@context":"https:\/\/schema.org","@graph":[{"@type":"Article","@id":"https:\/\/www.amatimmobiliaris.com\/w\/2016\/08\/vendido-un-piso-centrico-semi-nuevo-con-todas-las-comodidades\/#article","isPartOf":{"@id":"https:\/\/www.amatimmobiliaris.com\/w\/2016\/08\/vendido-un-piso-centrico-semi-nuevo-con-todas-las-comodidades\/"},"author":{"name":"Amat Immobiliaris","@id":"https:\/\/www.amatimmobiliaris.com\/w\/#\/schema\/person\/c880da71d1e156e7ea6774ffb445e034"},"headline":"VENDIDO: Un piso c\u00e9ntrico, semi nuevo, con todas las comodidades","datePublished":"2016-08-02T11:08:19+00:00","dateModified":"2023-05-11T09:09:31+00:00","mainEntityOfPage":{"@id":"https:\/\/www.amatimmobiliaris.com\/w\/2016\/08\/vendido-un-piso-centrico-semi-nuevo-con-todas-las-comodidades\/"},"wordCount":203,"publisher":{"@id":"https:\/\/www.amatimmobiliaris.com\/w\/#organization"},"image":{"@id":"https:\/\/www.amatimmobiliaris.com\/w\/2016\/08\/vendido-un-piso-centrico-semi-nuevo-con-todas-las-comodidades\/#primaryimage"},"thumbnailUrl":"https:\/\/www.amatimmobiliaris.com\/w\/wp-content\/uploads\/2022\/01\/Av-industria-37-scaled.jpg","keywords":["Apartamento","Habitaci\u00f3n","Inmobiliaria","Inmueble","Piso","Terraza"],"articleSection":["Pisos destacados"],"inLanguage":"es"},{"@type":"WebPage","@id":"https:\/\/www.amatimmobiliaris.com\/w\/2016\/08\/vendido-un-piso-centrico-semi-nuevo-con-todas-las-comodidades\/","url":"https:\/\/www.amatimmobiliaris.com\/w\/2016\/08\/vendido-un-piso-centrico-semi-nuevo-con-todas-las-comodidades\/","name":"VENDIDO: Un piso c\u00e9ntrico, semi nuevo, con todas las comodidades | Amat Immobiliaris","isPartOf":{"@id":"https:\/\/www.amatimmobiliaris.com\/w\/#website"},"primaryImageOfPage":{"@id":"https:\/\/www.amatimmobiliaris.com\/w\/2016\/08\/vendido-un-piso-centrico-semi-nuevo-con-todas-las-comodidades\/#primaryimage"},"image":{"@id":"https:\/\/www.amatimmobiliaris.com\/w\/2016\/08\/vendido-un-piso-centrico-semi-nuevo-con-todas-las-comodidades\/#primaryimage"},"thumbnailUrl":"https:\/\/www.amatimmobiliaris.com\/w\/wp-content\/uploads\/2022\/01\/Av-industria-37-scaled.jpg","datePublished":"2016-08-02T11:08:19+00:00","dateModified":"2023-05-11T09:09:31+00:00","breadcrumb":{"@id":"https:\/\/www.amatimmobiliaris.com\/w\/2016\/08\/vendido-un-piso-centrico-semi-nuevo-con-todas-las-comodidades\/#breadcrumb"},"inLanguage":"es","potentialAction":[{"@type":"ReadAction","target":["https:\/\/www.amatimmobiliaris.com\/w\/2016\/08\/vendido-un-piso-centrico-semi-nuevo-con-todas-las-comodidades\/"]}]},{"@type":"ImageObject","inLanguage":"es","@id":"https:\/\/www.amatimmobiliaris.com\/w\/2016\/08\/vendido-un-piso-centrico-semi-nuevo-con-todas-las-comodidades\/#primaryimage","url":"https:\/\/www.amatimmobiliaris.com\/w\/wp-content\/uploads\/2022\/01\/Av-industria-37-scaled.jpg","contentUrl":"https:\/\/www.amatimmobiliaris.com\/w\/wp-content\/uploads\/2022\/01\/Av-industria-37-scaled.jpg","width":2560,"height":1700},{"@type":"BreadcrumbList","@id":"https:\/\/www.amatimmobiliaris.com\/w\/2016\/08\/vendido-un-piso-centrico-semi-nuevo-con-todas-las-comodidades\/#breadcrumb","itemListElement":[{"@type":"ListItem","position":1,"name":"Home","item":"https:\/\/www.amatimmobiliaris.com\/w\/"},{"@type":"ListItem","position":2,"name":"Pisos destacados","item":"https:\/\/www.amatimmobiliaris.com\/w\/category\/pisos-destacados\/"},{"@type":"ListItem","position":3,"name":"VENDIDO: Un piso c\u00e9ntrico, semi nuevo, con todas las comodidades"}]},{"@type":"WebSite","@id":"https:\/\/www.amatimmobiliaris.com\/w\/#website","url":"https:\/\/www.amatimmobiliaris.com\/w\/","name":"Amat Immobiliaris","description":"Empresa familiar del sector inmobiliario con oficinas en Barcelona, Sant Cugat del Vall\u00e9s y Sant Just Desvern. Te ayudamos a comprar, alquilar o vender tu casa o piso. Somos un equipo coherente con una cultura de empresa honesta, innovadora y eficaz. Tambi\u00e9n en www.amatluxury.com","publisher":{"@id":"https:\/\/www.amatimmobiliaris.com\/w\/#organization"},"alternateName":"AmatImmo","potentialAction":[{"@type":"SearchAction","target":{"@type":"EntryPoint","urlTemplate":"https:\/\/www.amatimmobiliaris.com\/w\/?s={search_term_string}"},"query-input":{"@type":"PropertyValueSpecification","valueRequired":true,"valueName":"search_term_string"}}],"inLanguage":"es"},{"@type":"Organization","@id":"https:\/\/www.amatimmobiliaris.com\/w\/#organization","name":"Amat Immobiliaris","url":"https:\/\/www.amatimmobiliaris.com\/w\/","logo":{"@type":"ImageObject","inLanguage":"es","@id":"https:\/\/www.amatimmobiliaris.com\/w\/#\/schema\/logo\/image\/","url":"https:\/\/www.amatimmobiliaris.com\/w\/wp-content\/uploads\/2022\/10\/amat-logo.jpg","contentUrl":"https:\/\/www.amatimmobiliaris.com\/w\/wp-content\/uploads\/2022\/10\/amat-logo.jpg","width":900,"height":900,"caption":"Amat Immobiliaris"},"image":{"@id":"https:\/\/www.amatimmobiliaris.com\/w\/#\/schema\/logo\/image\/"},"sameAs":["https:\/\/www.facebook.com\/amatimmobiliaris","https:\/\/x.com\/amat_cat","https:\/\/www.instagram.com\/amat_immo\/","https:\/\/www.linkedin.com\/company\/amat-finques\/","https:\/\/www.youtube.com\/@amatimmobiliaris"]},{"@type":"Person","@id":"https:\/\/www.amatimmobiliaris.com\/w\/#\/schema\/person\/c880da71d1e156e7ea6774ffb445e034","name":"Amat Immobiliaris","sameAs":["http:\/\/amat-inmo-wp.localhost"]}]}},"_links":{"self":[{"href":"https:\/\/www.amatimmobiliaris.com\/w\/wp-json\/wp\/v2\/posts\/2223"}],"collection":[{"href":"https:\/\/www.amatimmobiliaris.com\/w\/wp-json\/wp\/v2\/posts"}],"about":[{"href":"https:\/\/www.amatimmobiliaris.com\/w\/wp-json\/wp\/v2\/types\/post"}],"author":[{"embeddable":true,"href":"https:\/\/www.amatimmobiliaris.com\/w\/wp-json\/wp\/v2\/users\/1"}],"replies":[{"embeddable":true,"href":"https:\/\/www.amatimmobiliaris.com\/w\/wp-json\/wp\/v2\/comments?post=2223"}],"version-history":[{"count":4,"href":"https:\/\/www.amatimmobiliaris.com\/w\/wp-json\/wp\/v2\/posts\/2223\/revisions"}],"predecessor-version":[{"id":26052,"href":"https:\/\/www.amatimmobiliaris.com\/w\/wp-json\/wp\/v2\/posts\/2223\/revisions\/26052"}],"wp:featuredmedia":[{"embeddable":true,"href":"https:\/\/www.amatimmobiliaris.com\/w\/wp-json\/wp\/v2\/media\/2224"}],"wp:attachment":[{"href":"https:\/\/www.amatimmobiliaris.com\/w\/wp-json\/wp\/v2\/media?parent=2223"}],"wp:term":[{"taxonomy":"category","embeddable":true,"href":"https:\/\/www.amatimmobiliaris.com\/w\/wp-json\/wp\/v2\/categories?post=2223"},{"taxonomy":"post_tag","embeddable":true,"href":"https:\/\/www.amatimmobiliaris.com\/w\/wp-json\/wp\/v2\/tags?post=2223"}],"curies":[{"name":"wp","href":"https:\/\/api.w.org\/{rel}","templated":true}]}}