{"id":2184,"date":"2015-11-23T10:45:09","date_gmt":"2015-11-23T10:45:09","guid":{"rendered":"https:\/\/amat-inmo-wp.localhost\/2017\/01\/24\/18ena-edicio-premis-fidem\/"},"modified":"2023-05-17T14:43:27","modified_gmt":"2023-05-17T14:43:27","slug":"18a-edicion-premios-fidem","status":"publish","type":"post","link":"https:\/\/www.amatimmobiliaris.com\/w\/2015\/11\/18a-edicion-premios-fidem\/","title":{"rendered":"18a Edici\u00f3n Premios FIDEM"},"content":{"rendered":"<p style=\"text-align: justify;\"><img loading=\"lazy\" decoding=\"async\" class=\"alignleft wp-image-3855 size-medium\" src=\"https:\/\/www.amatimmobiliaris.com\/w\/wp-content\/uploads\/2022\/01\/dsc00760-300x200.jpg\" alt=\"image1\" width=\"300\" height=\"200\" srcset=\"https:\/\/www.amatimmobiliaris.com\/w\/wp-content\/uploads\/2022\/01\/dsc00760-300x200.jpg 300w, https:\/\/www.amatimmobiliaris.com\/w\/wp-content\/uploads\/2022\/01\/dsc00760-1024x683.jpg 1024w, https:\/\/www.amatimmobiliaris.com\/w\/wp-content\/uploads\/2022\/01\/dsc00760-768x512.jpg 768w, https:\/\/www.amatimmobiliaris.com\/w\/wp-content\/uploads\/2022\/01\/dsc00760-1536x1024.jpg 1536w, https:\/\/www.amatimmobiliaris.com\/w\/wp-content\/uploads\/2022\/01\/dsc00760-2048x1365.jpg 2048w\" sizes=\"(max-width: 300px) 100vw, 300px\" \/>El pasado jueves 19 de noviembre, asistimos a la <strong>XVIII edici\u00f3n de los Premios de la Fundaci\u00f3n Fidem<\/strong> que reconocieron la labor de nueve empresarias y emprendedoras catalanas. El acto, que tuvo lugar en la Lonja de Mar de Barcelona, fue presidido por la Presidenta del Parlamento, M. H. Sra. <strong>Carme Forcadell<\/strong>, que manifest\u00f3\u00a0 \u00abAspiro a que, en el nuevo pa\u00eds que queremos construir, sea normal ver a mujeres liderando el mundo pol\u00edtico y empresarial, <em>que las mujeres no cobren menos que los hombres por hacer el mismo trabajo, que tengamos las mismas oportunidades<\/em> y ponemos fin de una vez por todas a la violencia de g\u00e9nero\u201d.<\/p>\n<p style=\"text-align: justify;\">La alcaldesa de Barcelona, <strong>Ada Colau<\/strong>, tambi\u00e9n particip\u00f3 en el acto y <em>inst\u00f3 a las mujeres a no ser autocomplacientes porque todav\u00eda hay mucho trabajo por hacer en favor de la igualdad de g\u00e9nero<\/em>, y ha considerado que este momento de salida de la crisis ofrece una oportunidad para \u00absolucionar esta anomal\u00eda\u00bb y que las mujeres est\u00e9n bien representadas en los espacios de decisi\u00f3n y poder.<\/p>\n<p style=\"texto-align: justify;\">El premio a la innovaci\u00f3n ha reca\u00eddo en la directora comercial de Martiderm, Montse Mart\u00ed, y la directora de I+D+i, Elisa Su\u00f1er; el premio a la comercializaci\u00f3n ha sido para la copropietaria y directora de Vila Viniteca, Eva Vila, y el de la internacionalizaci\u00f3n, por la directora general de Grup Girbau, Merc\u00e8 Girbau. <img loading=\"lazy\" decoding=\"async\" class=\"wp-image-3852 size-medium alignright\" src=\"https:\/\/www.amatimmobiliaris.com\/w\/wp-content\/uploads\/2022\/01\/image2-e1448272501736-225x300.jpg\" alt=\"image2\" width=\"225\" height=\"300\" \/><\/p>\n<p style=\"text-align: justify;\">La fundadora y directora de M\u00edrame XXL, Claudia Romero, ha recibido el premio al microcr\u00e9dito; la consejera delegada de Bidons Graells, Nat\u00e0lia Albert, en la empresa familiar; la socia directora de Raibal, Isabel Mart\u00ednez, en el de empresa tecnol\u00f3gica, y la directora de recursos humanos de Penguin Random House Mondadori Editorial, Marta Grau, ha recibido el premio a la conciliaci\u00f3n.<\/p>\n<p style=\"texto-align: justify;\">La <strong>Joana Amat,<\/strong> codirectora de Amat Inmobiliarios, patrona de la asociaci\u00f3n y futura presidenta, cerro el acto\u00a0 para rendir homenaje a su presidenta actual, M\u00aa \u00c1ngeles Tejada.<\/p>\n","protected":false},"excerpt":{"rendered":"<p>El pasado jueves 19 de noviembre, asistimos a la XVIII edici\u00f3n de los Premios de la Fundaci\u00f3n Fidem que reconocieron la labor de nueve empresarias y emprendedoras catalanas. El acto, que tuvo lugar en la Lonja de Mar de Barcelona, fue presidido por la Presidenta del Parlamento, M. H. Sra. Carme Forcadell, que manifest\u00f3\u00a0 \u00abAspiro [&hellip;]<\/p>\n","protected":false},"author":1,"featured_media":2185,"comment_status":"closed","ping_status":"closed","sticky":false,"template":"","format":"standard","meta":{"content-type":"","footnotes":""},"categories":[742],"tags":[955,1131,1649,1612,1651,1753,1498,1121],"yoast_head":"<!-- This site is optimized with the Yoast SEO plugin v23.9 - https:\/\/yoast.com\/wordpress\/plugins\/seo\/ -->\n<title>18a Edici\u00f3n Premios FIDEM | Amat Immobiliaris<\/title>\n<meta name=\"description\" content=\"Joana Amat, codirectora de Amat, patrona de la asociaci\u00f3n y futura presidenta cerr\u00f3 el acto de la 18\u00aa Edici\u00f3n Premios FIDEM.\" \/>\n<meta name=\"robots\" content=\"index, nofollow, max-snippet:-1, max-image-preview:large, max-video-preview:-1\" \/>\n<link rel=\"canonical\" href=\"https:\/\/www.amatimmobiliaris.com\/w\/2015\/11\/18a-edicion-premios-fidem\/\" \/>\n<meta property=\"og:locale\" content=\"es_ES\" \/>\n<meta property=\"og:type\" content=\"article\" \/>\n<meta property=\"og:title\" content=\"18a Edici\u00f3n Premios FIDEM | Amat Immobiliaris\" \/>\n<meta property=\"og:description\" content=\"Joana Amat, codirectora de Amat, patrona de la asociaci\u00f3n y futura presidenta cerr\u00f3 el acto de la 18\u00aa Edici\u00f3n Premios FIDEM.\" \/>\n<meta property=\"og:url\" content=\"https:\/\/www.amatimmobiliaris.com\/w\/2015\/11\/18a-edicion-premios-fidem\/\" \/>\n<meta property=\"og:site_name\" content=\"Amat Immobiliaris\" \/>\n<meta property=\"article:publisher\" content=\"https:\/\/www.facebook.com\/amatimmobiliaris\" \/>\n<meta property=\"article:published_time\" content=\"2015-11-23T10:45:09+00:00\" \/>\n<meta property=\"article:modified_time\" content=\"2023-05-17T14:43:27+00:00\" \/>\n<meta property=\"og:image\" content=\"https:\/\/www.amatimmobiliaris.com\/w\/wp-content\/uploads\/2022\/01\/image11.jpg\" \/>\n\t<meta property=\"og:image:width\" content=\"1632\" \/>\n\t<meta property=\"og:image:height\" content=\"1224\" \/>\n\t<meta property=\"og:image:type\" content=\"image\/jpeg\" \/>\n<meta name=\"author\" content=\"Amat Immobiliaris\" \/>\n<meta name=\"twitter:card\" content=\"summary_large_image\" \/>\n<meta name=\"twitter:creator\" content=\"@amat_cat\" \/>\n<meta name=\"twitter:site\" content=\"@amat_cat\" \/>\n<meta name=\"twitter:label1\" content=\"Escrito por\" \/>\n\t<meta name=\"twitter:data1\" content=\"Amat Immobiliaris\" \/>\n\t<meta name=\"twitter:label2\" content=\"Tiempo de lectura\" \/>\n\t<meta name=\"twitter:data2\" content=\"2 minutos\" \/>\n<script type=\"application\/ld+json\" class=\"yoast-schema-graph\">{\"@context\":\"https:\/\/schema.org\",\"@graph\":[{\"@type\":\"Article\",\"@id\":\"https:\/\/www.amatimmobiliaris.com\/w\/2015\/11\/18a-edicion-premios-fidem\/#article\",\"isPartOf\":{\"@id\":\"https:\/\/www.amatimmobiliaris.com\/w\/2015\/11\/18a-edicion-premios-fidem\/\"},\"author\":{\"name\":\"Amat Immobiliaris\",\"@id\":\"https:\/\/www.amatimmobiliaris.com\/w\/#\/schema\/person\/c880da71d1e156e7ea6774ffb445e034\"},\"headline\":\"18a Edici\u00f3n Premios FIDEM\",\"datePublished\":\"2015-11-23T10:45:09+00:00\",\"dateModified\":\"2023-05-17T14:43:27+00:00\",\"mainEntityOfPage\":{\"@id\":\"https:\/\/www.amatimmobiliaris.com\/w\/2015\/11\/18a-edicion-premios-fidem\/\"},\"wordCount\":342,\"publisher\":{\"@id\":\"https:\/\/www.amatimmobiliaris.com\/w\/#organization\"},\"image\":{\"@id\":\"https:\/\/www.amatimmobiliaris.com\/w\/2015\/11\/18a-edicion-premios-fidem\/#primaryimage\"},\"thumbnailUrl\":\"https:\/\/www.amatimmobiliaris.com\/w\/wp-content\/uploads\/2022\/01\/image11.jpg\",\"keywords\":[\"Feminismo\",\"FIDEM\",\"Fundaci\u00f3n\",\"Innovaci\u00f3n\",\"Mujer\",\"Mujeres empresarias\",\"Oportunidades\",\"Premio\"],\"articleSection\":[\"Eventos\"],\"inLanguage\":\"es\"},{\"@type\":\"WebPage\",\"@id\":\"https:\/\/www.amatimmobiliaris.com\/w\/2015\/11\/18a-edicion-premios-fidem\/\",\"url\":\"https:\/\/www.amatimmobiliaris.com\/w\/2015\/11\/18a-edicion-premios-fidem\/\",\"name\":\"18a Edici\u00f3n Premios FIDEM | Amat Immobiliaris\",\"isPartOf\":{\"@id\":\"https:\/\/www.amatimmobiliaris.com\/w\/#website\"},\"primaryImageOfPage\":{\"@id\":\"https:\/\/www.amatimmobiliaris.com\/w\/2015\/11\/18a-edicion-premios-fidem\/#primaryimage\"},\"image\":{\"@id\":\"https:\/\/www.amatimmobiliaris.com\/w\/2015\/11\/18a-edicion-premios-fidem\/#primaryimage\"},\"thumbnailUrl\":\"https:\/\/www.amatimmobiliaris.com\/w\/wp-content\/uploads\/2022\/01\/image11.jpg\",\"datePublished\":\"2015-11-23T10:45:09+00:00\",\"dateModified\":\"2023-05-17T14:43:27+00:00\",\"description\":\"Joana Amat, codirectora de Amat, patrona de la asociaci\u00f3n y futura presidenta cerr\u00f3 el acto de la 18\u00aa Edici\u00f3n Premios FIDEM.\",\"breadcrumb\":{\"@id\":\"https:\/\/www.amatimmobiliaris.com\/w\/2015\/11\/18a-edicion-premios-fidem\/#breadcrumb\"},\"inLanguage\":\"es\",\"potentialAction\":[{\"@type\":\"ReadAction\",\"target\":[\"https:\/\/www.amatimmobiliaris.com\/w\/2015\/11\/18a-edicion-premios-fidem\/\"]}]},{\"@type\":\"ImageObject\",\"inLanguage\":\"es\",\"@id\":\"https:\/\/www.amatimmobiliaris.com\/w\/2015\/11\/18a-edicion-premios-fidem\/#primaryimage\",\"url\":\"https:\/\/www.amatimmobiliaris.com\/w\/wp-content\/uploads\/2022\/01\/image11.jpg\",\"contentUrl\":\"https:\/\/www.amatimmobiliaris.com\/w\/wp-content\/uploads\/2022\/01\/image11.jpg\",\"width\":1632,\"height\":1224},{\"@type\":\"BreadcrumbList\",\"@id\":\"https:\/\/www.amatimmobiliaris.com\/w\/2015\/11\/18a-edicion-premios-fidem\/#breadcrumb\",\"itemListElement\":[{\"@type\":\"ListItem\",\"position\":1,\"name\":\"Home\",\"item\":\"https:\/\/www.amatimmobiliaris.com\/w\/\"},{\"@type\":\"ListItem\",\"position\":2,\"name\":\"Eventos\",\"item\":\"https:\/\/www.amatimmobiliaris.com\/w\/category\/eventos\/\"},{\"@type\":\"ListItem\",\"position\":3,\"name\":\"18a Edici\u00f3n Premios FIDEM\"}]},{\"@type\":\"WebSite\",\"@id\":\"https:\/\/www.amatimmobiliaris.com\/w\/#website\",\"url\":\"https:\/\/www.amatimmobiliaris.com\/w\/\",\"name\":\"Amat Immobiliaris\",\"description\":\"Empresa familiar del sector inmobiliario con oficinas en Barcelona, Sant Cugat del Vall\u00e9s y Sant Just Desvern. Te ayudamos a comprar, alquilar o vender tu casa o piso. Somos un equipo coherente con una cultura de empresa honesta, innovadora y eficaz. Tambi\u00e9n en www.amatluxury.com\",\"publisher\":{\"@id\":\"https:\/\/www.amatimmobiliaris.com\/w\/#organization\"},\"alternateName\":\"AmatImmo\",\"potentialAction\":[{\"@type\":\"SearchAction\",\"target\":{\"@type\":\"EntryPoint\",\"urlTemplate\":\"https:\/\/www.amatimmobiliaris.com\/w\/?s={search_term_string}\"},\"query-input\":{\"@type\":\"PropertyValueSpecification\",\"valueRequired\":true,\"valueName\":\"search_term_string\"}}],\"inLanguage\":\"es\"},{\"@type\":\"Organization\",\"@id\":\"https:\/\/www.amatimmobiliaris.com\/w\/#organization\",\"name\":\"Amat Immobiliaris\",\"url\":\"https:\/\/www.amatimmobiliaris.com\/w\/\",\"logo\":{\"@type\":\"ImageObject\",\"inLanguage\":\"es\",\"@id\":\"https:\/\/www.amatimmobiliaris.com\/w\/#\/schema\/logo\/image\/\",\"url\":\"https:\/\/www.amatimmobiliaris.com\/w\/wp-content\/uploads\/2022\/10\/amat-logo.jpg\",\"contentUrl\":\"https:\/\/www.amatimmobiliaris.com\/w\/wp-content\/uploads\/2022\/10\/amat-logo.jpg\",\"width\":900,\"height\":900,\"caption\":\"Amat Immobiliaris\"},\"image\":{\"@id\":\"https:\/\/www.amatimmobiliaris.com\/w\/#\/schema\/logo\/image\/\"},\"sameAs\":[\"https:\/\/www.facebook.com\/amatimmobiliaris\",\"https:\/\/x.com\/amat_cat\",\"https:\/\/www.instagram.com\/amat_immo\/\",\"https:\/\/www.linkedin.com\/company\/amat-finques\/\",\"https:\/\/www.youtube.com\/@amatimmobiliaris\"]},{\"@type\":\"Person\",\"@id\":\"https:\/\/www.amatimmobiliaris.com\/w\/#\/schema\/person\/c880da71d1e156e7ea6774ffb445e034\",\"name\":\"Amat Immobiliaris\",\"sameAs\":[\"http:\/\/amat-inmo-wp.localhost\"]}]}<\/script>\n<!-- \/ Yoast SEO plugin. -->","yoast_head_json":{"title":"18a Edici\u00f3n Premios FIDEM | Amat Immobiliaris","description":"Joana Amat, codirectora de Amat, patrona de la asociaci\u00f3n y futura presidenta cerr\u00f3 el acto de la 18\u00aa Edici\u00f3n Premios FIDEM.","robots":{"index":"index","follow":"nofollow","max-snippet":"max-snippet:-1","max-image-preview":"max-image-preview:large","max-video-preview":"max-video-preview:-1"},"canonical":"https:\/\/www.amatimmobiliaris.com\/w\/2015\/11\/18a-edicion-premios-fidem\/","og_locale":"es_ES","og_type":"article","og_title":"18a Edici\u00f3n Premios FIDEM | Amat Immobiliaris","og_description":"Joana Amat, codirectora de Amat, patrona de la asociaci\u00f3n y futura presidenta cerr\u00f3 el acto de la 18\u00aa Edici\u00f3n Premios FIDEM.","og_url":"https:\/\/www.amatimmobiliaris.com\/w\/2015\/11\/18a-edicion-premios-fidem\/","og_site_name":"Amat Immobiliaris","article_publisher":"https:\/\/www.facebook.com\/amatimmobiliaris","article_published_time":"2015-11-23T10:45:09+00:00","article_modified_time":"2023-05-17T14:43:27+00:00","og_image":[{"width":1632,"height":1224,"url":"https:\/\/www.amatimmobiliaris.com\/w\/wp-content\/uploads\/2022\/01\/image11.jpg","type":"image\/jpeg"}],"author":"Amat Immobiliaris","twitter_card":"summary_large_image","twitter_creator":"@amat_cat","twitter_site":"@amat_cat","twitter_misc":{"Escrito por":"Amat Immobiliaris","Tiempo de lectura":"2 minutos"},"schema":{"@context":"https:\/\/schema.org","@graph":[{"@type":"Article","@id":"https:\/\/www.amatimmobiliaris.com\/w\/2015\/11\/18a-edicion-premios-fidem\/#article","isPartOf":{"@id":"https:\/\/www.amatimmobiliaris.com\/w\/2015\/11\/18a-edicion-premios-fidem\/"},"author":{"name":"Amat Immobiliaris","@id":"https:\/\/www.amatimmobiliaris.com\/w\/#\/schema\/person\/c880da71d1e156e7ea6774ffb445e034"},"headline":"18a Edici\u00f3n Premios FIDEM","datePublished":"2015-11-23T10:45:09+00:00","dateModified":"2023-05-17T14:43:27+00:00","mainEntityOfPage":{"@id":"https:\/\/www.amatimmobiliaris.com\/w\/2015\/11\/18a-edicion-premios-fidem\/"},"wordCount":342,"publisher":{"@id":"https:\/\/www.amatimmobiliaris.com\/w\/#organization"},"image":{"@id":"https:\/\/www.amatimmobiliaris.com\/w\/2015\/11\/18a-edicion-premios-fidem\/#primaryimage"},"thumbnailUrl":"https:\/\/www.amatimmobiliaris.com\/w\/wp-content\/uploads\/2022\/01\/image11.jpg","keywords":["Feminismo","FIDEM","Fundaci\u00f3n","Innovaci\u00f3n","Mujer","Mujeres empresarias","Oportunidades","Premio"],"articleSection":["Eventos"],"inLanguage":"es"},{"@type":"WebPage","@id":"https:\/\/www.amatimmobiliaris.com\/w\/2015\/11\/18a-edicion-premios-fidem\/","url":"https:\/\/www.amatimmobiliaris.com\/w\/2015\/11\/18a-edicion-premios-fidem\/","name":"18a Edici\u00f3n Premios FIDEM | Amat Immobiliaris","isPartOf":{"@id":"https:\/\/www.amatimmobiliaris.com\/w\/#website"},"primaryImageOfPage":{"@id":"https:\/\/www.amatimmobiliaris.com\/w\/2015\/11\/18a-edicion-premios-fidem\/#primaryimage"},"image":{"@id":"https:\/\/www.amatimmobiliaris.com\/w\/2015\/11\/18a-edicion-premios-fidem\/#primaryimage"},"thumbnailUrl":"https:\/\/www.amatimmobiliaris.com\/w\/wp-content\/uploads\/2022\/01\/image11.jpg","datePublished":"2015-11-23T10:45:09+00:00","dateModified":"2023-05-17T14:43:27+00:00","description":"Joana Amat, codirectora de Amat, patrona de la asociaci\u00f3n y futura presidenta cerr\u00f3 el acto de la 18\u00aa Edici\u00f3n Premios FIDEM.","breadcrumb":{"@id":"https:\/\/www.amatimmobiliaris.com\/w\/2015\/11\/18a-edicion-premios-fidem\/#breadcrumb"},"inLanguage":"es","potentialAction":[{"@type":"ReadAction","target":["https:\/\/www.amatimmobiliaris.com\/w\/2015\/11\/18a-edicion-premios-fidem\/"]}]},{"@type":"ImageObject","inLanguage":"es","@id":"https:\/\/www.amatimmobiliaris.com\/w\/2015\/11\/18a-edicion-premios-fidem\/#primaryimage","url":"https:\/\/www.amatimmobiliaris.com\/w\/wp-content\/uploads\/2022\/01\/image11.jpg","contentUrl":"https:\/\/www.amatimmobiliaris.com\/w\/wp-content\/uploads\/2022\/01\/image11.jpg","width":1632,"height":1224},{"@type":"BreadcrumbList","@id":"https:\/\/www.amatimmobiliaris.com\/w\/2015\/11\/18a-edicion-premios-fidem\/#breadcrumb","itemListElement":[{"@type":"ListItem","position":1,"name":"Home","item":"https:\/\/www.amatimmobiliaris.com\/w\/"},{"@type":"ListItem","position":2,"name":"Eventos","item":"https:\/\/www.amatimmobiliaris.com\/w\/category\/eventos\/"},{"@type":"ListItem","position":3,"name":"18a Edici\u00f3n Premios FIDEM"}]},{"@type":"WebSite","@id":"https:\/\/www.amatimmobiliaris.com\/w\/#website","url":"https:\/\/www.amatimmobiliaris.com\/w\/","name":"Amat Immobiliaris","description":"Empresa familiar del sector inmobiliario con oficinas en Barcelona, Sant Cugat del Vall\u00e9s y Sant Just Desvern. Te ayudamos a comprar, alquilar o vender tu casa o piso. Somos un equipo coherente con una cultura de empresa honesta, innovadora y eficaz. Tambi\u00e9n en www.amatluxury.com","publisher":{"@id":"https:\/\/www.amatimmobiliaris.com\/w\/#organization"},"alternateName":"AmatImmo","potentialAction":[{"@type":"SearchAction","target":{"@type":"EntryPoint","urlTemplate":"https:\/\/www.amatimmobiliaris.com\/w\/?s={search_term_string}"},"query-input":{"@type":"PropertyValueSpecification","valueRequired":true,"valueName":"search_term_string"}}],"inLanguage":"es"},{"@type":"Organization","@id":"https:\/\/www.amatimmobiliaris.com\/w\/#organization","name":"Amat Immobiliaris","url":"https:\/\/www.amatimmobiliaris.com\/w\/","logo":{"@type":"ImageObject","inLanguage":"es","@id":"https:\/\/www.amatimmobiliaris.com\/w\/#\/schema\/logo\/image\/","url":"https:\/\/www.amatimmobiliaris.com\/w\/wp-content\/uploads\/2022\/10\/amat-logo.jpg","contentUrl":"https:\/\/www.amatimmobiliaris.com\/w\/wp-content\/uploads\/2022\/10\/amat-logo.jpg","width":900,"height":900,"caption":"Amat Immobiliaris"},"image":{"@id":"https:\/\/www.amatimmobiliaris.com\/w\/#\/schema\/logo\/image\/"},"sameAs":["https:\/\/www.facebook.com\/amatimmobiliaris","https:\/\/x.com\/amat_cat","https:\/\/www.instagram.com\/amat_immo\/","https:\/\/www.linkedin.com\/company\/amat-finques\/","https:\/\/www.youtube.com\/@amatimmobiliaris"]},{"@type":"Person","@id":"https:\/\/www.amatimmobiliaris.com\/w\/#\/schema\/person\/c880da71d1e156e7ea6774ffb445e034","name":"Amat Immobiliaris","sameAs":["http:\/\/amat-inmo-wp.localhost"]}]}},"_links":{"self":[{"href":"https:\/\/www.amatimmobiliaris.com\/w\/wp-json\/wp\/v2\/posts\/2184"}],"collection":[{"href":"https:\/\/www.amatimmobiliaris.com\/w\/wp-json\/wp\/v2\/posts"}],"about":[{"href":"https:\/\/www.amatimmobiliaris.com\/w\/wp-json\/wp\/v2\/types\/post"}],"author":[{"embeddable":true,"href":"https:\/\/www.amatimmobiliaris.com\/w\/wp-json\/wp\/v2\/users\/1"}],"replies":[{"embeddable":true,"href":"https:\/\/www.amatimmobiliaris.com\/w\/wp-json\/wp\/v2\/comments?post=2184"}],"version-history":[{"count":4,"href":"https:\/\/www.amatimmobiliaris.com\/w\/wp-json\/wp\/v2\/posts\/2184\/revisions"}],"predecessor-version":[{"id":27888,"href":"https:\/\/www.amatimmobiliaris.com\/w\/wp-json\/wp\/v2\/posts\/2184\/revisions\/27888"}],"wp:featuredmedia":[{"embeddable":true,"href":"https:\/\/www.amatimmobiliaris.com\/w\/wp-json\/wp\/v2\/media\/2185"}],"wp:attachment":[{"href":"https:\/\/www.amatimmobiliaris.com\/w\/wp-json\/wp\/v2\/media?parent=2184"}],"wp:term":[{"taxonomy":"category","embeddable":true,"href":"https:\/\/www.amatimmobiliaris.com\/w\/wp-json\/wp\/v2\/categories?post=2184"},{"taxonomy":"post_tag","embeddable":true,"href":"https:\/\/www.amatimmobiliaris.com\/w\/wp-json\/wp\/v2\/tags?post=2184"}],"curies":[{"name":"wp","href":"https:\/\/api.w.org\/{rel}","templated":true}]}}