{"id":2042,"date":"2014-09-09T10:30:04","date_gmt":"2014-09-09T10:30:04","guid":{"rendered":"https:\/\/amat-inmo-wp.localhost\/2017\/01\/24\/replantegem-nos-lurbanisme-dels-nostres-pobles-i-ciutats\/"},"modified":"2023-05-11T10:03:55","modified_gmt":"2023-05-11T10:03:55","slug":"replantearse-el-urbanismo-de-nuestros-pueblos-y-ciudades","status":"publish","type":"post","link":"https:\/\/www.amatimmobiliaris.com\/w\/2014\/09\/replantearse-el-urbanismo-de-nuestros-pueblos-y-ciudades\/","title":{"rendered":"Replantearse el urbanismo de nuestros pueblos y ciudades"},"content":{"rendered":"<p>En\u00a0<strong><a href=\"https:\/\/www.amatimmobiliaris.com\/es\"><span class=\"hiddenSpellError\">Amat<\/span>\u00a0<span class=\"hiddenSpellError\">Immobiliaris<\/span>\u00a0<\/a><\/strong>ya hace a\u00f1os que hemos pensado y propuesto que debe <strong>replantearse el urbanismo<\/strong> de nuestros pueblos y ciudades. El objetivo siempre debe ser adaptarlo a la realidad social existente y anticipar necesidades de futuro.<\/p>\n<p>Nosotros llevamos a\u00f1os creyendo que hay que repensar todo el tema de los locales en plantas bajas que hay en la gran mayor\u00eda de edificios. Hoy en d\u00eda muchos de estos locales est\u00e1n vac\u00edos, y las tendencias de consumo cambian mucho, sobre todo con la aparici\u00f3n de Internet y con la concentraci\u00f3n comercial hacia calles mucho m\u00e1s transitadas o incluso en centros fuera de las ciudades.<\/p>\n<p>La reconversi\u00f3n de muchos de estos locales con baj\u00edsima posibilidad de una salida comercial en viviendas para personas mayores o con dificultades de movilidad ser\u00eda buena soluci\u00f3n. Este hecho nos permitir\u00eda en muchos casos ofrecer buenas salidas a mucha gente de la tercera edad (que en el futuro cada vez habr\u00e1 m\u00e1s). Seguramente en varios casos se podr\u00eda evitar poner ascensores en fincas donde es t\u00e9cnicamente complicado y costoso, ofrecer\u00eda posibilidades a gente con movilidad reducida y dar\u00eda salida a un stock inmobiliario que hoy en d\u00eda pr\u00e1cticamente no tiene. La Administraci\u00f3n deber\u00eda ser mucho m\u00e1s r\u00e1pida al reflexionar y cambiar las normas de urbanismo actual, que, a pesar de las muchas modificaciones, la base urban\u00edstica actual proviene de finales de los a\u00f1os 70, cuando la\u00a0sociedad,\u00a0demograf\u00eda y necesidades eran totalmente diferentes.<\/p>\n<p>Facilitamos dos links relacionados con este tema: el primero de una entrevista reciente que Antoni\u00a0<span class=\"hiddenSpellError\">Bassas<\/span> nos hicieron y\u00a0donde,\u00a0hacia el final, ya habl\u00e1bamos de este tema, publicada en el <a href=\"https:\/\/www.ara.cat\/societat\/immaculada-joanaamat-comercials-no-accessibles_129_3052061.html#a_comments\" target=\"_blank\" rel=\"noopener\">diari Ara<\/a>. El otro\u00a0es\u00a0un ejemplo de reconversi\u00f3n que se ha hecho en un centro comercial sin demasiado futuro en EEUU, y como parcialmente se ha reconvertido una parte en peque\u00f1os apartamentos.<\/p>\n","protected":false},"excerpt":{"rendered":"<p>En\u00a0Amat\u00a0Immobiliaris\u00a0ya hace a\u00f1os que hemos pensado y propuesto que debe replantearse el urbanismo de nuestros pueblos y ciudades. El objetivo siempre debe ser adaptarlo a la realidad social existente y anticipar necesidades de futuro. Nosotros llevamos a\u00f1os creyendo que hay que repensar todo el tema de los locales en plantas bajas que hay en la [&hellip;]<\/p>\n","protected":false},"author":1,"featured_media":0,"comment_status":"closed","ping_status":"closed","sticky":false,"template":"","format":"standard","meta":{"content-type":"","footnotes":""},"categories":[746],"tags":[1773,1796,1788,974,1808,1809,1666,1260],"yoast_head":"<!-- This site is optimized with the Yoast SEO plugin v23.9 - https:\/\/yoast.com\/wordpress\/plugins\/seo\/ -->\n<title>Replantearse el urbanismo de nuestros pueblos y ciudades | Amat Immobiliaris<\/title>\n<meta name=\"description\" content=\"Es necesario replantearse el urbanismo de nuestros pueblos y ciudades. El objetivo siempre debe ser adaptarlo a la realidad social.\" \/>\n<meta name=\"robots\" content=\"index, follow, max-snippet:-1, max-image-preview:large, max-video-preview:-1\" \/>\n<link rel=\"canonical\" href=\"https:\/\/www.amatimmobiliaris.com\/w\/2014\/09\/replantearse-el-urbanismo-de-nuestros-pueblos-y-ciudades\/\" \/>\n<meta property=\"og:locale\" content=\"es_ES\" \/>\n<meta property=\"og:type\" content=\"article\" \/>\n<meta property=\"og:title\" content=\"Replantearse el urbanismo de nuestros pueblos y ciudades | Amat Immobiliaris\" \/>\n<meta property=\"og:description\" content=\"Es necesario replantearse el urbanismo de nuestros pueblos y ciudades. El objetivo siempre debe ser adaptarlo a la realidad social.\" \/>\n<meta property=\"og:url\" content=\"https:\/\/www.amatimmobiliaris.com\/w\/2014\/09\/replantearse-el-urbanismo-de-nuestros-pueblos-y-ciudades\/\" \/>\n<meta property=\"og:site_name\" content=\"Amat Immobiliaris\" \/>\n<meta property=\"article:publisher\" content=\"https:\/\/www.facebook.com\/amatimmobiliaris\" \/>\n<meta property=\"article:published_time\" content=\"2014-09-09T10:30:04+00:00\" \/>\n<meta property=\"article:modified_time\" content=\"2023-05-11T10:03:55+00:00\" \/>\n<meta property=\"og:image\" content=\"https:\/\/www.amatimmobiliaris.com\/w\/wp-content\/uploads\/2022\/01\/2014-Saga-familiar-Amat-dw-1-1024x683.jpg\" \/>\n\t<meta property=\"og:image:width\" content=\"1024\" \/>\n\t<meta property=\"og:image:height\" content=\"683\" \/>\n\t<meta property=\"og:image:type\" content=\"image\/jpeg\" \/>\n<meta name=\"author\" content=\"Amat Immobiliaris\" \/>\n<meta name=\"twitter:card\" content=\"summary_large_image\" \/>\n<meta name=\"twitter:creator\" content=\"@amat_cat\" \/>\n<meta name=\"twitter:site\" content=\"@amat_cat\" \/>\n<meta name=\"twitter:label1\" content=\"Escrito por\" \/>\n\t<meta name=\"twitter:data1\" content=\"Amat Immobiliaris\" \/>\n\t<meta name=\"twitter:label2\" content=\"Tiempo de lectura\" \/>\n\t<meta name=\"twitter:data2\" content=\"2 minutos\" \/>\n<script type=\"application\/ld+json\" class=\"yoast-schema-graph\">{\"@context\":\"https:\/\/schema.org\",\"@graph\":[{\"@type\":\"Article\",\"@id\":\"https:\/\/www.amatimmobiliaris.com\/w\/2014\/09\/replantearse-el-urbanismo-de-nuestros-pueblos-y-ciudades\/#article\",\"isPartOf\":{\"@id\":\"https:\/\/www.amatimmobiliaris.com\/w\/2014\/09\/replantearse-el-urbanismo-de-nuestros-pueblos-y-ciudades\/\"},\"author\":{\"name\":\"Amat Immobiliaris\",\"@id\":\"https:\/\/www.amatimmobiliaris.com\/w\/#\/schema\/person\/c880da71d1e156e7ea6774ffb445e034\"},\"headline\":\"Replantearse el urbanismo de nuestros pueblos y ciudades\",\"datePublished\":\"2014-09-09T10:30:04+00:00\",\"dateModified\":\"2023-05-11T10:03:55+00:00\",\"mainEntityOfPage\":{\"@id\":\"https:\/\/www.amatimmobiliaris.com\/w\/2014\/09\/replantearse-el-urbanismo-de-nuestros-pueblos-y-ciudades\/\"},\"wordCount\":338,\"publisher\":{\"@id\":\"https:\/\/www.amatimmobiliaris.com\/w\/#organization\"},\"keywords\":[\"Ascensor\",\"Consumo\",\"Entrevista\",\"Mercado inmobiliario\",\"Reflexiones\",\"Sector inmobiliario\",\"Urbanismo\",\"Vivienda\"],\"articleSection\":[\"Reflexiones\"],\"inLanguage\":\"es\"},{\"@type\":\"WebPage\",\"@id\":\"https:\/\/www.amatimmobiliaris.com\/w\/2014\/09\/replantearse-el-urbanismo-de-nuestros-pueblos-y-ciudades\/\",\"url\":\"https:\/\/www.amatimmobiliaris.com\/w\/2014\/09\/replantearse-el-urbanismo-de-nuestros-pueblos-y-ciudades\/\",\"name\":\"Replantearse el urbanismo de nuestros pueblos y ciudades | Amat Immobiliaris\",\"isPartOf\":{\"@id\":\"https:\/\/www.amatimmobiliaris.com\/w\/#website\"},\"datePublished\":\"2014-09-09T10:30:04+00:00\",\"dateModified\":\"2023-05-11T10:03:55+00:00\",\"description\":\"Es necesario replantearse el urbanismo de nuestros pueblos y ciudades. El objetivo siempre debe ser adaptarlo a la realidad social.\",\"breadcrumb\":{\"@id\":\"https:\/\/www.amatimmobiliaris.com\/w\/2014\/09\/replantearse-el-urbanismo-de-nuestros-pueblos-y-ciudades\/#breadcrumb\"},\"inLanguage\":\"es\",\"potentialAction\":[{\"@type\":\"ReadAction\",\"target\":[\"https:\/\/www.amatimmobiliaris.com\/w\/2014\/09\/replantearse-el-urbanismo-de-nuestros-pueblos-y-ciudades\/\"]}]},{\"@type\":\"BreadcrumbList\",\"@id\":\"https:\/\/www.amatimmobiliaris.com\/w\/2014\/09\/replantearse-el-urbanismo-de-nuestros-pueblos-y-ciudades\/#breadcrumb\",\"itemListElement\":[{\"@type\":\"ListItem\",\"position\":1,\"name\":\"Home\",\"item\":\"https:\/\/www.amatimmobiliaris.com\/w\/\"},{\"@type\":\"ListItem\",\"position\":2,\"name\":\"El mundo Amat\",\"item\":\"https:\/\/www.amatimmobiliaris.com\/w\/category\/el-mundo-amat\/\"},{\"@type\":\"ListItem\",\"position\":3,\"name\":\"Reflexiones\",\"item\":\"https:\/\/www.amatimmobiliaris.com\/w\/category\/el-mundo-amat\/reflexiones\/\"},{\"@type\":\"ListItem\",\"position\":4,\"name\":\"Replantearse el urbanismo de nuestros pueblos y ciudades\"}]},{\"@type\":\"WebSite\",\"@id\":\"https:\/\/www.amatimmobiliaris.com\/w\/#website\",\"url\":\"https:\/\/www.amatimmobiliaris.com\/w\/\",\"name\":\"Amat Immobiliaris\",\"description\":\"Empresa familiar del sector inmobiliario con oficinas en Barcelona, Sant Cugat del Vall\u00e9s y Sant Just Desvern. Te ayudamos a comprar, alquilar o vender tu casa o piso. Somos un equipo coherente con una cultura de empresa honesta, innovadora y eficaz. Tambi\u00e9n en www.amatluxury.com\",\"publisher\":{\"@id\":\"https:\/\/www.amatimmobiliaris.com\/w\/#organization\"},\"alternateName\":\"AmatImmo\",\"potentialAction\":[{\"@type\":\"SearchAction\",\"target\":{\"@type\":\"EntryPoint\",\"urlTemplate\":\"https:\/\/www.amatimmobiliaris.com\/w\/?s={search_term_string}\"},\"query-input\":{\"@type\":\"PropertyValueSpecification\",\"valueRequired\":true,\"valueName\":\"search_term_string\"}}],\"inLanguage\":\"es\"},{\"@type\":\"Organization\",\"@id\":\"https:\/\/www.amatimmobiliaris.com\/w\/#organization\",\"name\":\"Amat Immobiliaris\",\"url\":\"https:\/\/www.amatimmobiliaris.com\/w\/\",\"logo\":{\"@type\":\"ImageObject\",\"inLanguage\":\"es\",\"@id\":\"https:\/\/www.amatimmobiliaris.com\/w\/#\/schema\/logo\/image\/\",\"url\":\"https:\/\/www.amatimmobiliaris.com\/w\/wp-content\/uploads\/2022\/10\/amat-logo.jpg\",\"contentUrl\":\"https:\/\/www.amatimmobiliaris.com\/w\/wp-content\/uploads\/2022\/10\/amat-logo.jpg\",\"width\":900,\"height\":900,\"caption\":\"Amat Immobiliaris\"},\"image\":{\"@id\":\"https:\/\/www.amatimmobiliaris.com\/w\/#\/schema\/logo\/image\/\"},\"sameAs\":[\"https:\/\/www.facebook.com\/amatimmobiliaris\",\"https:\/\/x.com\/amat_cat\",\"https:\/\/www.instagram.com\/amat_immo\/\",\"https:\/\/www.linkedin.com\/company\/amat-finques\/\",\"https:\/\/www.youtube.com\/@amatimmobiliaris\"]},{\"@type\":\"Person\",\"@id\":\"https:\/\/www.amatimmobiliaris.com\/w\/#\/schema\/person\/c880da71d1e156e7ea6774ffb445e034\",\"name\":\"Amat Immobiliaris\",\"sameAs\":[\"http:\/\/amat-inmo-wp.localhost\"]}]}<\/script>\n<!-- \/ Yoast SEO plugin. -->","yoast_head_json":{"title":"Replantearse el urbanismo de nuestros pueblos y ciudades | Amat Immobiliaris","description":"Es necesario replantearse el urbanismo de nuestros pueblos y ciudades. El objetivo siempre debe ser adaptarlo a la realidad social.","robots":{"index":"index","follow":"follow","max-snippet":"max-snippet:-1","max-image-preview":"max-image-preview:large","max-video-preview":"max-video-preview:-1"},"canonical":"https:\/\/www.amatimmobiliaris.com\/w\/2014\/09\/replantearse-el-urbanismo-de-nuestros-pueblos-y-ciudades\/","og_locale":"es_ES","og_type":"article","og_title":"Replantearse el urbanismo de nuestros pueblos y ciudades | Amat Immobiliaris","og_description":"Es necesario replantearse el urbanismo de nuestros pueblos y ciudades. El objetivo siempre debe ser adaptarlo a la realidad social.","og_url":"https:\/\/www.amatimmobiliaris.com\/w\/2014\/09\/replantearse-el-urbanismo-de-nuestros-pueblos-y-ciudades\/","og_site_name":"Amat Immobiliaris","article_publisher":"https:\/\/www.facebook.com\/amatimmobiliaris","article_published_time":"2014-09-09T10:30:04+00:00","article_modified_time":"2023-05-11T10:03:55+00:00","og_image":[{"width":1024,"height":683,"url":"https:\/\/www.amatimmobiliaris.com\/w\/wp-content\/uploads\/2022\/01\/2014-Saga-familiar-Amat-dw-1-1024x683.jpg","type":"image\/jpeg"}],"author":"Amat Immobiliaris","twitter_card":"summary_large_image","twitter_creator":"@amat_cat","twitter_site":"@amat_cat","twitter_misc":{"Escrito por":"Amat Immobiliaris","Tiempo de lectura":"2 minutos"},"schema":{"@context":"https:\/\/schema.org","@graph":[{"@type":"Article","@id":"https:\/\/www.amatimmobiliaris.com\/w\/2014\/09\/replantearse-el-urbanismo-de-nuestros-pueblos-y-ciudades\/#article","isPartOf":{"@id":"https:\/\/www.amatimmobiliaris.com\/w\/2014\/09\/replantearse-el-urbanismo-de-nuestros-pueblos-y-ciudades\/"},"author":{"name":"Amat Immobiliaris","@id":"https:\/\/www.amatimmobiliaris.com\/w\/#\/schema\/person\/c880da71d1e156e7ea6774ffb445e034"},"headline":"Replantearse el urbanismo de nuestros pueblos y ciudades","datePublished":"2014-09-09T10:30:04+00:00","dateModified":"2023-05-11T10:03:55+00:00","mainEntityOfPage":{"@id":"https:\/\/www.amatimmobiliaris.com\/w\/2014\/09\/replantearse-el-urbanismo-de-nuestros-pueblos-y-ciudades\/"},"wordCount":338,"publisher":{"@id":"https:\/\/www.amatimmobiliaris.com\/w\/#organization"},"keywords":["Ascensor","Consumo","Entrevista","Mercado inmobiliario","Reflexiones","Sector inmobiliario","Urbanismo","Vivienda"],"articleSection":["Reflexiones"],"inLanguage":"es"},{"@type":"WebPage","@id":"https:\/\/www.amatimmobiliaris.com\/w\/2014\/09\/replantearse-el-urbanismo-de-nuestros-pueblos-y-ciudades\/","url":"https:\/\/www.amatimmobiliaris.com\/w\/2014\/09\/replantearse-el-urbanismo-de-nuestros-pueblos-y-ciudades\/","name":"Replantearse el urbanismo de nuestros pueblos y ciudades | Amat Immobiliaris","isPartOf":{"@id":"https:\/\/www.amatimmobiliaris.com\/w\/#website"},"datePublished":"2014-09-09T10:30:04+00:00","dateModified":"2023-05-11T10:03:55+00:00","description":"Es necesario replantearse el urbanismo de nuestros pueblos y ciudades. El objetivo siempre debe ser adaptarlo a la realidad social.","breadcrumb":{"@id":"https:\/\/www.amatimmobiliaris.com\/w\/2014\/09\/replantearse-el-urbanismo-de-nuestros-pueblos-y-ciudades\/#breadcrumb"},"inLanguage":"es","potentialAction":[{"@type":"ReadAction","target":["https:\/\/www.amatimmobiliaris.com\/w\/2014\/09\/replantearse-el-urbanismo-de-nuestros-pueblos-y-ciudades\/"]}]},{"@type":"BreadcrumbList","@id":"https:\/\/www.amatimmobiliaris.com\/w\/2014\/09\/replantearse-el-urbanismo-de-nuestros-pueblos-y-ciudades\/#breadcrumb","itemListElement":[{"@type":"ListItem","position":1,"name":"Home","item":"https:\/\/www.amatimmobiliaris.com\/w\/"},{"@type":"ListItem","position":2,"name":"El mundo Amat","item":"https:\/\/www.amatimmobiliaris.com\/w\/category\/el-mundo-amat\/"},{"@type":"ListItem","position":3,"name":"Reflexiones","item":"https:\/\/www.amatimmobiliaris.com\/w\/category\/el-mundo-amat\/reflexiones\/"},{"@type":"ListItem","position":4,"name":"Replantearse el urbanismo de nuestros pueblos y ciudades"}]},{"@type":"WebSite","@id":"https:\/\/www.amatimmobiliaris.com\/w\/#website","url":"https:\/\/www.amatimmobiliaris.com\/w\/","name":"Amat Immobiliaris","description":"Empresa familiar del sector inmobiliario con oficinas en Barcelona, Sant Cugat del Vall\u00e9s y Sant Just Desvern. Te ayudamos a comprar, alquilar o vender tu casa o piso. Somos un equipo coherente con una cultura de empresa honesta, innovadora y eficaz. Tambi\u00e9n en www.amatluxury.com","publisher":{"@id":"https:\/\/www.amatimmobiliaris.com\/w\/#organization"},"alternateName":"AmatImmo","potentialAction":[{"@type":"SearchAction","target":{"@type":"EntryPoint","urlTemplate":"https:\/\/www.amatimmobiliaris.com\/w\/?s={search_term_string}"},"query-input":{"@type":"PropertyValueSpecification","valueRequired":true,"valueName":"search_term_string"}}],"inLanguage":"es"},{"@type":"Organization","@id":"https:\/\/www.amatimmobiliaris.com\/w\/#organization","name":"Amat Immobiliaris","url":"https:\/\/www.amatimmobiliaris.com\/w\/","logo":{"@type":"ImageObject","inLanguage":"es","@id":"https:\/\/www.amatimmobiliaris.com\/w\/#\/schema\/logo\/image\/","url":"https:\/\/www.amatimmobiliaris.com\/w\/wp-content\/uploads\/2022\/10\/amat-logo.jpg","contentUrl":"https:\/\/www.amatimmobiliaris.com\/w\/wp-content\/uploads\/2022\/10\/amat-logo.jpg","width":900,"height":900,"caption":"Amat Immobiliaris"},"image":{"@id":"https:\/\/www.amatimmobiliaris.com\/w\/#\/schema\/logo\/image\/"},"sameAs":["https:\/\/www.facebook.com\/amatimmobiliaris","https:\/\/x.com\/amat_cat","https:\/\/www.instagram.com\/amat_immo\/","https:\/\/www.linkedin.com\/company\/amat-finques\/","https:\/\/www.youtube.com\/@amatimmobiliaris"]},{"@type":"Person","@id":"https:\/\/www.amatimmobiliaris.com\/w\/#\/schema\/person\/c880da71d1e156e7ea6774ffb445e034","name":"Amat Immobiliaris","sameAs":["http:\/\/amat-inmo-wp.localhost"]}]}},"_links":{"self":[{"href":"https:\/\/www.amatimmobiliaris.com\/w\/wp-json\/wp\/v2\/posts\/2042"}],"collection":[{"href":"https:\/\/www.amatimmobiliaris.com\/w\/wp-json\/wp\/v2\/posts"}],"about":[{"href":"https:\/\/www.amatimmobiliaris.com\/w\/wp-json\/wp\/v2\/types\/post"}],"author":[{"embeddable":true,"href":"https:\/\/www.amatimmobiliaris.com\/w\/wp-json\/wp\/v2\/users\/1"}],"replies":[{"embeddable":true,"href":"https:\/\/www.amatimmobiliaris.com\/w\/wp-json\/wp\/v2\/comments?post=2042"}],"version-history":[{"count":8,"href":"https:\/\/www.amatimmobiliaris.com\/w\/wp-json\/wp\/v2\/posts\/2042\/revisions"}],"predecessor-version":[{"id":27183,"href":"https:\/\/www.amatimmobiliaris.com\/w\/wp-json\/wp\/v2\/posts\/2042\/revisions\/27183"}],"wp:attachment":[{"href":"https:\/\/www.amatimmobiliaris.com\/w\/wp-json\/wp\/v2\/media?parent=2042"}],"wp:term":[{"taxonomy":"category","embeddable":true,"href":"https:\/\/www.amatimmobiliaris.com\/w\/wp-json\/wp\/v2\/categories?post=2042"},{"taxonomy":"post_tag","embeddable":true,"href":"https:\/\/www.amatimmobiliaris.com\/w\/wp-json\/wp\/v2\/tags?post=2042"}],"curies":[{"name":"wp","href":"https:\/\/api.w.org\/{rel}","templated":true}]}}