{"id":1961,"date":"2012-07-13T09:44:06","date_gmt":"2012-07-13T09:44:06","guid":{"rendered":"https:\/\/amat-inmo-wp.localhost\/2017\/01\/24\/cualquier-tiempo-pasado-fue-peor\/"},"modified":"2023-05-29T15:29:27","modified_gmt":"2023-05-29T15:29:27","slug":"cualquier-tiempo-pasado-fue-peor","status":"publish","type":"post","link":"https:\/\/www.amatimmobiliaris.com\/w\/2012\/07\/cualquier-tiempo-pasado-fue-peor\/","title":{"rendered":"\u201cCualquier tiempo pasado fue peor\u201d"},"content":{"rendered":"<p>Es el t\u00edtulo de una charla de <strong>M\u00f3nica de Oriol, Presidenta del C\u00edrculo de Empresarios de Madrid<\/strong>, en un almuerzo con el grupo de empresas que integran \u201cMirada Plural\u201d.<\/p>\n<p>Su visi\u00f3n positiva se basa en las siguientes afirmaciones:<\/p>\n<ul>\n<li>El paisaje empresarial de las grandes empresas espa\u00f1olas es mucho mejor que hace dos d\u00e9cadas.<\/li>\n<li>Las exportaciones espa\u00f1olas ponen de manifiesto que las medianas empresas comienzan a vender en el exterior.<\/li>\n<li>Ganamos cuota de mercado y nuestros productos mejoran en competitividad.<\/li>\n<li>Existe una tendencia creciente a que nuestros j\u00f3venes quieran emprender.<\/li>\n<\/ul>\n<p><strong>Espa\u00f1a<\/strong> tiene 3 escuelas de negocio entre las primeras 20 del mundo, y, sin embargo, no tiene ninguna universidad entre las 100 mejores del mundo.<\/p>\n<p>Las <strong>mujeres en Espa\u00f1a<\/strong> avanzan por incorporarse en los consejos de administraci\u00f3n. Los objetivos de la <strong>Comunidad Europe<\/strong>a se fijan en un 30% en 2015 y un 40% en 2020, en Espa\u00f1a est\u00e1bamos en un 11,8% en 2010 y un 14% en ese momento, nos queda mucho por llegar al objetivo.<\/p>\n<p>Su visi\u00f3n es que la situaci\u00f3n es muy mala, pero que si echamos la vista atr\u00e1s, una serie larga de vida empresarial, estamos muy bien, y estamos fijando las bases para salir de ella.<\/p>\n","protected":false},"excerpt":{"rendered":"<p>Es el t\u00edtulo de una charla de M\u00f3nica de Oriol, Presidenta del C\u00edrculo de Empresarios de Madrid, en un almuerzo con el grupo de empresas que integran \u201cMirada Plural\u201d. Su visi\u00f3n positiva se basa en las siguientes afirmaciones: El paisaje empresarial de las grandes empresas espa\u00f1olas es mucho mejor que hace dos d\u00e9cadas. Las exportaciones [&hellip;]<\/p>\n","protected":false},"author":1,"featured_media":0,"comment_status":"closed","ping_status":"closed","sticky":false,"template":"","format":"standard","meta":{"content-type":"","footnotes":""},"categories":[746],"tags":[942,1808,1809],"yoast_head":"<!-- This site is optimized with the Yoast SEO plugin v23.9 - https:\/\/yoast.com\/wordpress\/plugins\/seo\/ -->\n<title>\u201cCualquier tiempo pasado fue peor\u201d | Amat Immobiliaris<\/title>\n<meta name=\"robots\" content=\"index, follow, max-snippet:-1, max-image-preview:large, max-video-preview:-1\" \/>\n<link rel=\"canonical\" href=\"https:\/\/www.amatimmobiliaris.com\/w\/2012\/07\/cualquier-tiempo-pasado-fue-peor\/\" \/>\n<meta property=\"og:locale\" content=\"es_ES\" \/>\n<meta property=\"og:type\" content=\"article\" \/>\n<meta property=\"og:title\" content=\"\u201cCualquier tiempo pasado fue peor\u201d | Amat Immobiliaris\" \/>\n<meta property=\"og:description\" content=\"Es el t\u00edtulo de una charla de M\u00f3nica de Oriol, Presidenta del C\u00edrculo de Empresarios de Madrid, en un almuerzo con el grupo de empresas que integran \u201cMirada Plural\u201d. Su visi\u00f3n positiva se basa en las siguientes afirmaciones: El paisaje empresarial de las grandes empresas espa\u00f1olas es mucho mejor que hace dos d\u00e9cadas. Las exportaciones [&hellip;]\" \/>\n<meta property=\"og:url\" content=\"https:\/\/www.amatimmobiliaris.com\/w\/2012\/07\/cualquier-tiempo-pasado-fue-peor\/\" \/>\n<meta property=\"og:site_name\" content=\"Amat Immobiliaris\" \/>\n<meta property=\"article:publisher\" content=\"https:\/\/www.facebook.com\/amatimmobiliaris\" \/>\n<meta property=\"article:published_time\" content=\"2012-07-13T09:44:06+00:00\" \/>\n<meta property=\"article:modified_time\" content=\"2023-05-29T15:29:27+00:00\" \/>\n<meta property=\"og:image\" content=\"https:\/\/www.amatimmobiliaris.com\/w\/wp-content\/uploads\/2022\/01\/2014-Saga-familiar-Amat-dw-1-1024x683.jpg\" \/>\n\t<meta property=\"og:image:width\" content=\"1024\" \/>\n\t<meta property=\"og:image:height\" content=\"683\" \/>\n\t<meta property=\"og:image:type\" content=\"image\/jpeg\" \/>\n<meta name=\"author\" content=\"Amat Immobiliaris\" \/>\n<meta name=\"twitter:card\" content=\"summary_large_image\" \/>\n<meta name=\"twitter:creator\" content=\"@amat_cat\" \/>\n<meta name=\"twitter:site\" content=\"@amat_cat\" \/>\n<meta name=\"twitter:label1\" content=\"Escrito por\" \/>\n\t<meta name=\"twitter:data1\" content=\"Amat Immobiliaris\" \/>\n\t<meta name=\"twitter:label2\" content=\"Tiempo de lectura\" \/>\n\t<meta name=\"twitter:data2\" content=\"1 minuto\" \/>\n<script type=\"application\/ld+json\" class=\"yoast-schema-graph\">{\"@context\":\"https:\/\/schema.org\",\"@graph\":[{\"@type\":\"Article\",\"@id\":\"https:\/\/www.amatimmobiliaris.com\/w\/2012\/07\/cualquier-tiempo-pasado-fue-peor\/#article\",\"isPartOf\":{\"@id\":\"https:\/\/www.amatimmobiliaris.com\/w\/2012\/07\/cualquier-tiempo-pasado-fue-peor\/\"},\"author\":{\"name\":\"Amat Immobiliaris\",\"@id\":\"https:\/\/www.amatimmobiliaris.com\/w\/#\/schema\/person\/c880da71d1e156e7ea6774ffb445e034\"},\"headline\":\"\u201cCualquier tiempo pasado fue peor\u201d\",\"datePublished\":\"2012-07-13T09:44:06+00:00\",\"dateModified\":\"2023-05-29T15:29:27+00:00\",\"mainEntityOfPage\":{\"@id\":\"https:\/\/www.amatimmobiliaris.com\/w\/2012\/07\/cualquier-tiempo-pasado-fue-peor\/\"},\"wordCount\":210,\"publisher\":{\"@id\":\"https:\/\/www.amatimmobiliaris.com\/w\/#organization\"},\"keywords\":[\"Inmobiliaria\",\"Reflexiones\",\"Sector inmobiliario\"],\"articleSection\":[\"Reflexiones\"],\"inLanguage\":\"es\"},{\"@type\":\"WebPage\",\"@id\":\"https:\/\/www.amatimmobiliaris.com\/w\/2012\/07\/cualquier-tiempo-pasado-fue-peor\/\",\"url\":\"https:\/\/www.amatimmobiliaris.com\/w\/2012\/07\/cualquier-tiempo-pasado-fue-peor\/\",\"name\":\"\u201cCualquier tiempo pasado fue peor\u201d | Amat Immobiliaris\",\"isPartOf\":{\"@id\":\"https:\/\/www.amatimmobiliaris.com\/w\/#website\"},\"datePublished\":\"2012-07-13T09:44:06+00:00\",\"dateModified\":\"2023-05-29T15:29:27+00:00\",\"breadcrumb\":{\"@id\":\"https:\/\/www.amatimmobiliaris.com\/w\/2012\/07\/cualquier-tiempo-pasado-fue-peor\/#breadcrumb\"},\"inLanguage\":\"es\",\"potentialAction\":[{\"@type\":\"ReadAction\",\"target\":[\"https:\/\/www.amatimmobiliaris.com\/w\/2012\/07\/cualquier-tiempo-pasado-fue-peor\/\"]}]},{\"@type\":\"BreadcrumbList\",\"@id\":\"https:\/\/www.amatimmobiliaris.com\/w\/2012\/07\/cualquier-tiempo-pasado-fue-peor\/#breadcrumb\",\"itemListElement\":[{\"@type\":\"ListItem\",\"position\":1,\"name\":\"Home\",\"item\":\"https:\/\/www.amatimmobiliaris.com\/w\/\"},{\"@type\":\"ListItem\",\"position\":2,\"name\":\"El mundo Amat\",\"item\":\"https:\/\/www.amatimmobiliaris.com\/w\/category\/el-mundo-amat\/\"},{\"@type\":\"ListItem\",\"position\":3,\"name\":\"Reflexiones\",\"item\":\"https:\/\/www.amatimmobiliaris.com\/w\/category\/el-mundo-amat\/reflexiones\/\"},{\"@type\":\"ListItem\",\"position\":4,\"name\":\"\u201cCualquier tiempo pasado fue peor\u201d\"}]},{\"@type\":\"WebSite\",\"@id\":\"https:\/\/www.amatimmobiliaris.com\/w\/#website\",\"url\":\"https:\/\/www.amatimmobiliaris.com\/w\/\",\"name\":\"Amat Immobiliaris\",\"description\":\"Empresa familiar del sector inmobiliario con oficinas en Barcelona, Sant Cugat del Vall\u00e9s y Sant Just Desvern. Te ayudamos a comprar, alquilar o vender tu casa o piso. Somos un equipo coherente con una cultura de empresa honesta, innovadora y eficaz. Tambi\u00e9n en www.amatluxury.com\",\"publisher\":{\"@id\":\"https:\/\/www.amatimmobiliaris.com\/w\/#organization\"},\"alternateName\":\"AmatImmo\",\"potentialAction\":[{\"@type\":\"SearchAction\",\"target\":{\"@type\":\"EntryPoint\",\"urlTemplate\":\"https:\/\/www.amatimmobiliaris.com\/w\/?s={search_term_string}\"},\"query-input\":{\"@type\":\"PropertyValueSpecification\",\"valueRequired\":true,\"valueName\":\"search_term_string\"}}],\"inLanguage\":\"es\"},{\"@type\":\"Organization\",\"@id\":\"https:\/\/www.amatimmobiliaris.com\/w\/#organization\",\"name\":\"Amat Immobiliaris\",\"url\":\"https:\/\/www.amatimmobiliaris.com\/w\/\",\"logo\":{\"@type\":\"ImageObject\",\"inLanguage\":\"es\",\"@id\":\"https:\/\/www.amatimmobiliaris.com\/w\/#\/schema\/logo\/image\/\",\"url\":\"https:\/\/www.amatimmobiliaris.com\/w\/wp-content\/uploads\/2022\/10\/amat-logo.jpg\",\"contentUrl\":\"https:\/\/www.amatimmobiliaris.com\/w\/wp-content\/uploads\/2022\/10\/amat-logo.jpg\",\"width\":900,\"height\":900,\"caption\":\"Amat Immobiliaris\"},\"image\":{\"@id\":\"https:\/\/www.amatimmobiliaris.com\/w\/#\/schema\/logo\/image\/\"},\"sameAs\":[\"https:\/\/www.facebook.com\/amatimmobiliaris\",\"https:\/\/x.com\/amat_cat\",\"https:\/\/www.instagram.com\/amat_immo\/\",\"https:\/\/www.linkedin.com\/company\/amat-finques\/\",\"https:\/\/www.youtube.com\/@amatimmobiliaris\"]},{\"@type\":\"Person\",\"@id\":\"https:\/\/www.amatimmobiliaris.com\/w\/#\/schema\/person\/c880da71d1e156e7ea6774ffb445e034\",\"name\":\"Amat Immobiliaris\",\"sameAs\":[\"http:\/\/amat-inmo-wp.localhost\"]}]}<\/script>\n<!-- \/ Yoast SEO plugin. -->","yoast_head_json":{"title":"\u201cCualquier tiempo pasado fue peor\u201d | Amat Immobiliaris","robots":{"index":"index","follow":"follow","max-snippet":"max-snippet:-1","max-image-preview":"max-image-preview:large","max-video-preview":"max-video-preview:-1"},"canonical":"https:\/\/www.amatimmobiliaris.com\/w\/2012\/07\/cualquier-tiempo-pasado-fue-peor\/","og_locale":"es_ES","og_type":"article","og_title":"\u201cCualquier tiempo pasado fue peor\u201d | Amat Immobiliaris","og_description":"Es el t\u00edtulo de una charla de M\u00f3nica de Oriol, Presidenta del C\u00edrculo de Empresarios de Madrid, en un almuerzo con el grupo de empresas que integran \u201cMirada Plural\u201d. Su visi\u00f3n positiva se basa en las siguientes afirmaciones: El paisaje empresarial de las grandes empresas espa\u00f1olas es mucho mejor que hace dos d\u00e9cadas. Las exportaciones [&hellip;]","og_url":"https:\/\/www.amatimmobiliaris.com\/w\/2012\/07\/cualquier-tiempo-pasado-fue-peor\/","og_site_name":"Amat Immobiliaris","article_publisher":"https:\/\/www.facebook.com\/amatimmobiliaris","article_published_time":"2012-07-13T09:44:06+00:00","article_modified_time":"2023-05-29T15:29:27+00:00","og_image":[{"width":1024,"height":683,"url":"https:\/\/www.amatimmobiliaris.com\/w\/wp-content\/uploads\/2022\/01\/2014-Saga-familiar-Amat-dw-1-1024x683.jpg","type":"image\/jpeg"}],"author":"Amat Immobiliaris","twitter_card":"summary_large_image","twitter_creator":"@amat_cat","twitter_site":"@amat_cat","twitter_misc":{"Escrito por":"Amat Immobiliaris","Tiempo de lectura":"1 minuto"},"schema":{"@context":"https:\/\/schema.org","@graph":[{"@type":"Article","@id":"https:\/\/www.amatimmobiliaris.com\/w\/2012\/07\/cualquier-tiempo-pasado-fue-peor\/#article","isPartOf":{"@id":"https:\/\/www.amatimmobiliaris.com\/w\/2012\/07\/cualquier-tiempo-pasado-fue-peor\/"},"author":{"name":"Amat Immobiliaris","@id":"https:\/\/www.amatimmobiliaris.com\/w\/#\/schema\/person\/c880da71d1e156e7ea6774ffb445e034"},"headline":"\u201cCualquier tiempo pasado fue peor\u201d","datePublished":"2012-07-13T09:44:06+00:00","dateModified":"2023-05-29T15:29:27+00:00","mainEntityOfPage":{"@id":"https:\/\/www.amatimmobiliaris.com\/w\/2012\/07\/cualquier-tiempo-pasado-fue-peor\/"},"wordCount":210,"publisher":{"@id":"https:\/\/www.amatimmobiliaris.com\/w\/#organization"},"keywords":["Inmobiliaria","Reflexiones","Sector inmobiliario"],"articleSection":["Reflexiones"],"inLanguage":"es"},{"@type":"WebPage","@id":"https:\/\/www.amatimmobiliaris.com\/w\/2012\/07\/cualquier-tiempo-pasado-fue-peor\/","url":"https:\/\/www.amatimmobiliaris.com\/w\/2012\/07\/cualquier-tiempo-pasado-fue-peor\/","name":"\u201cCualquier tiempo pasado fue peor\u201d | Amat Immobiliaris","isPartOf":{"@id":"https:\/\/www.amatimmobiliaris.com\/w\/#website"},"datePublished":"2012-07-13T09:44:06+00:00","dateModified":"2023-05-29T15:29:27+00:00","breadcrumb":{"@id":"https:\/\/www.amatimmobiliaris.com\/w\/2012\/07\/cualquier-tiempo-pasado-fue-peor\/#breadcrumb"},"inLanguage":"es","potentialAction":[{"@type":"ReadAction","target":["https:\/\/www.amatimmobiliaris.com\/w\/2012\/07\/cualquier-tiempo-pasado-fue-peor\/"]}]},{"@type":"BreadcrumbList","@id":"https:\/\/www.amatimmobiliaris.com\/w\/2012\/07\/cualquier-tiempo-pasado-fue-peor\/#breadcrumb","itemListElement":[{"@type":"ListItem","position":1,"name":"Home","item":"https:\/\/www.amatimmobiliaris.com\/w\/"},{"@type":"ListItem","position":2,"name":"El mundo Amat","item":"https:\/\/www.amatimmobiliaris.com\/w\/category\/el-mundo-amat\/"},{"@type":"ListItem","position":3,"name":"Reflexiones","item":"https:\/\/www.amatimmobiliaris.com\/w\/category\/el-mundo-amat\/reflexiones\/"},{"@type":"ListItem","position":4,"name":"\u201cCualquier tiempo pasado fue peor\u201d"}]},{"@type":"WebSite","@id":"https:\/\/www.amatimmobiliaris.com\/w\/#website","url":"https:\/\/www.amatimmobiliaris.com\/w\/","name":"Amat Immobiliaris","description":"Empresa familiar del sector inmobiliario con oficinas en Barcelona, Sant Cugat del Vall\u00e9s y Sant Just Desvern. Te ayudamos a comprar, alquilar o vender tu casa o piso. Somos un equipo coherente con una cultura de empresa honesta, innovadora y eficaz. Tambi\u00e9n en www.amatluxury.com","publisher":{"@id":"https:\/\/www.amatimmobiliaris.com\/w\/#organization"},"alternateName":"AmatImmo","potentialAction":[{"@type":"SearchAction","target":{"@type":"EntryPoint","urlTemplate":"https:\/\/www.amatimmobiliaris.com\/w\/?s={search_term_string}"},"query-input":{"@type":"PropertyValueSpecification","valueRequired":true,"valueName":"search_term_string"}}],"inLanguage":"es"},{"@type":"Organization","@id":"https:\/\/www.amatimmobiliaris.com\/w\/#organization","name":"Amat Immobiliaris","url":"https:\/\/www.amatimmobiliaris.com\/w\/","logo":{"@type":"ImageObject","inLanguage":"es","@id":"https:\/\/www.amatimmobiliaris.com\/w\/#\/schema\/logo\/image\/","url":"https:\/\/www.amatimmobiliaris.com\/w\/wp-content\/uploads\/2022\/10\/amat-logo.jpg","contentUrl":"https:\/\/www.amatimmobiliaris.com\/w\/wp-content\/uploads\/2022\/10\/amat-logo.jpg","width":900,"height":900,"caption":"Amat Immobiliaris"},"image":{"@id":"https:\/\/www.amatimmobiliaris.com\/w\/#\/schema\/logo\/image\/"},"sameAs":["https:\/\/www.facebook.com\/amatimmobiliaris","https:\/\/x.com\/amat_cat","https:\/\/www.instagram.com\/amat_immo\/","https:\/\/www.linkedin.com\/company\/amat-finques\/","https:\/\/www.youtube.com\/@amatimmobiliaris"]},{"@type":"Person","@id":"https:\/\/www.amatimmobiliaris.com\/w\/#\/schema\/person\/c880da71d1e156e7ea6774ffb445e034","name":"Amat Immobiliaris","sameAs":["http:\/\/amat-inmo-wp.localhost"]}]}},"_links":{"self":[{"href":"https:\/\/www.amatimmobiliaris.com\/w\/wp-json\/wp\/v2\/posts\/1961"}],"collection":[{"href":"https:\/\/www.amatimmobiliaris.com\/w\/wp-json\/wp\/v2\/posts"}],"about":[{"href":"https:\/\/www.amatimmobiliaris.com\/w\/wp-json\/wp\/v2\/types\/post"}],"author":[{"embeddable":true,"href":"https:\/\/www.amatimmobiliaris.com\/w\/wp-json\/wp\/v2\/users\/1"}],"replies":[{"embeddable":true,"href":"https:\/\/www.amatimmobiliaris.com\/w\/wp-json\/wp\/v2\/comments?post=1961"}],"version-history":[{"count":3,"href":"https:\/\/www.amatimmobiliaris.com\/w\/wp-json\/wp\/v2\/posts\/1961\/revisions"}],"predecessor-version":[{"id":21049,"href":"https:\/\/www.amatimmobiliaris.com\/w\/wp-json\/wp\/v2\/posts\/1961\/revisions\/21049"}],"wp:attachment":[{"href":"https:\/\/www.amatimmobiliaris.com\/w\/wp-json\/wp\/v2\/media?parent=1961"}],"wp:term":[{"taxonomy":"category","embeddable":true,"href":"https:\/\/www.amatimmobiliaris.com\/w\/wp-json\/wp\/v2\/categories?post=1961"},{"taxonomy":"post_tag","embeddable":true,"href":"https:\/\/www.amatimmobiliaris.com\/w\/wp-json\/wp\/v2\/tags?post=1961"}],"curies":[{"name":"wp","href":"https:\/\/api.w.org\/{rel}","templated":true}]}}