{"id":1956,"date":"2012-08-08T09:42:09","date_gmt":"2012-08-08T09:42:09","guid":{"rendered":"https:\/\/amat-inmo-wp.localhost\/2017\/01\/24\/oriol-junqueres-que-passaria-si-declaressim-la-independencia\/"},"modified":"2023-05-11T08:23:43","modified_gmt":"2023-05-11T08:23:43","slug":"oriol-junqueres-que-pasaria-si-declararamos-la-independencia","status":"publish","type":"post","link":"https:\/\/www.amatimmobiliaris.com\/w\/2012\/08\/oriol-junqueres-que-pasaria-si-declararamos-la-independencia\/","title":{"rendered":"Oriol Junqueres: \u00bfQu\u00e9 pasar\u00eda si declar\u00e1ramos la independencia?"},"content":{"rendered":"<p>En la \u00faltima cena organizada por <a href=\"https:\/\/www.femcat.cat\/\" target=\"_blank\" rel=\"noopener\">FemCat<\/a>,\u00a0el pasado 12 de julio, particip\u00f3 <a href=\"https:\/\/twitter.com\/junqueras\">Oriol\u00a0<span class=\"hiddenSpellError\">Jonqueres<\/span><\/a>, alcalde de\u00a0<span class=\"hiddenSpellError\">Sant<\/span>\u00a0<span class=\"hiddenSpellError\">Vicen\u00e7<\/span>\u00a0<span class=\"hiddenSpellError\">dels<\/span>\u00a0<span class=\"hiddenSpellError\">Horts<\/span>\u00a0y presidente de\u00a0<span class=\"hiddenSpellError\">Esquerra<\/span>\u00a0Republicana de\u00a0<span class=\"hiddenSpellError\">Catalunya<\/span>, quien hizo un discurso sobre el <strong>estado de\u00a0<span class=\"hiddenSpellError\">Catalunya<\/span>.<\/strong><\/p>\n<p>Actualmente, tiene 840.000 parados, de los que 250.000 no cobran prestaciones. Para que la situaci\u00f3n mejore, Oriol <span class=\"hiddenSpellError\">Junqueres<\/span> propone aumentar la producci\u00f3n, rebajar costes o subir las dotaciones de capital por factor productivo, como infraestructuras, educaci\u00f3n, telecomunicaciones, etc. En definitiva, buscar soluciones que realmente se puedan aplicar.<\/p>\n<p>El p<strong>residente de <span class=\"hiddenSpellError\">Esquerra<\/span> Republicana<\/strong> record\u00f3 que cada a\u00f1o desde 1996 y hasta 2009 el <strong>expolio fiscal<\/strong> ha sido de\u00a0300.000\u202f\u20ac\u00a0y aqu\u00ed hay que sumar el valor del crecimiento que no hemos podido hacer por no tener el dinero. Esta p\u00e9rdida significa que cada diez a\u00f1os deja de duplicarse el <strong>PIB<\/strong>. Ante esto se pregunt\u00f3: \u00ab\u00bfc\u00f3mo podemos hacerlo para que los recursos sigan en la econom\u00eda catalana?\u00bb<\/p>\n<p>Remarc\u00f3 que se ha intentado a trav\u00e9s de pactos que el Estado no cumple. Y la independencia es dif\u00edcil pero no imposible. Solo hay que maximizar el consenso social, puesto que la \u00fanica fuerza que tenemos somos nosotros mismos. As\u00ed pues, el presidente de\u00a0<span class=\"hiddenSpellError\">Esquerra<\/span> Republicana insisti\u00f3 en que se necesitar\u00eda:<\/p>\n<ul>\n<li>Consenso social<\/li>\n<li>La Agencia Tributaria<\/li>\n<li>Complicidad internacional<\/li>\n<\/ul>\n<p><strong>Oriol <span class=\"hiddenSpellError\">Junqueres<\/span><\/strong>\u00a0est\u00e1 convencido de que <strong>Espa\u00f1a<\/strong> no saldr\u00e1 adelante, ya que presenta el \u00edndice de miseria m\u00e1s elevado de la<strong> Uni\u00f3n Europea<\/strong>, con un 30% de paro y un 8% de d\u00e9ficit. Los mercados lo tienen claro y por eso nos penalizan a diario.\u00a0Adem\u00e1s,\u00a0en octubre el Estado debe refinanciar 27.000 millones de euros y ser\u00e1 dif\u00edcil que los encuentre, piensa. Estas cifras indican que la <strong>deuda espa\u00f1ola<\/strong> en el exterior cuadruplica a la de Italia.<\/p>\n<p><strong>\u00bfQu\u00e9 piensa Europa de la independencia?<\/strong><\/p>\n<p>La <strong>UE<\/strong> te\u00f3ricamente no deber\u00eda echarnos, la cuesti\u00f3n, seg\u00fan Oriol\u00a0<span class=\"hiddenSpellError\">Junqueres<\/span>, es: \u00bfcu\u00e1l es el Estado nuevo, lo que se va o lo que se queda?<\/p>\n<p>Piensa que lo que legitimar\u00eda ante Europa es un referendo. La clave de este referendo es el \u00e1rea metropolitana de <strong>Barcelona<\/strong>. Cree que tenemos armas que no utilizamos bien y m\u00e1s cuando Catalu\u00f1a supone el 24% del esfuerzo fiscal de un Estado.<\/p>\n<p>As\u00ed pues, se pregunta: \u00bfqu\u00e9 pasar\u00eda si declar\u00e1ramos la independencia?<\/p>\n","protected":false},"excerpt":{"rendered":"<p>En la \u00faltima cena organizada por FemCat,\u00a0el pasado 12 de julio, particip\u00f3 Oriol\u00a0Jonqueres, alcalde de\u00a0Sant\u00a0Vicen\u00e7\u00a0dels\u00a0Horts\u00a0y presidente de\u00a0Esquerra\u00a0Republicana de\u00a0Catalunya, quien hizo un discurso sobre el estado de\u00a0Catalunya. Actualmente, tiene 840.000 parados, de los que 250.000 no cobran prestaciones. Para que la situaci\u00f3n mejore, Oriol Junqueres propone aumentar la producci\u00f3n, rebajar costes o subir las dotaciones de [&hellip;]<\/p>\n","protected":false},"author":1,"featured_media":0,"comment_status":"closed","ping_status":"closed","sticky":false,"template":"","format":"standard","meta":{"content-type":"","footnotes":""},"categories":[742],"tags":[1097,1235,1791,1774],"yoast_head":"<!-- This site is optimized with the Yoast SEO plugin v23.9 - https:\/\/yoast.com\/wordpress\/plugins\/seo\/ -->\n<title>Oriol Junqueres: \u00bfQu\u00e9 pasar\u00eda si declar\u00e1ramos la independencia? | Amat Immobiliaris<\/title>\n<meta name=\"robots\" content=\"index, follow, max-snippet:-1, max-image-preview:large, max-video-preview:-1\" \/>\n<link rel=\"canonical\" href=\"https:\/\/www.amatimmobiliaris.com\/w\/2012\/08\/oriol-junqueres-que-pasaria-si-declararamos-la-independencia\/\" \/>\n<meta property=\"og:locale\" content=\"es_ES\" \/>\n<meta property=\"og:type\" content=\"article\" \/>\n<meta property=\"og:title\" content=\"Oriol Junqueres: \u00bfQu\u00e9 pasar\u00eda si declar\u00e1ramos la independencia? | Amat Immobiliaris\" \/>\n<meta property=\"og:description\" content=\"En la \u00faltima cena organizada por FemCat,\u00a0el pasado 12 de julio, particip\u00f3 Oriol\u00a0Jonqueres, alcalde de\u00a0Sant\u00a0Vicen\u00e7\u00a0dels\u00a0Horts\u00a0y presidente de\u00a0Esquerra\u00a0Republicana de\u00a0Catalunya, quien hizo un discurso sobre el estado de\u00a0Catalunya. Actualmente, tiene 840.000 parados, de los que 250.000 no cobran prestaciones. Para que la situaci\u00f3n mejore, Oriol Junqueres propone aumentar la producci\u00f3n, rebajar costes o subir las dotaciones de [&hellip;]\" \/>\n<meta property=\"og:url\" content=\"https:\/\/www.amatimmobiliaris.com\/w\/2012\/08\/oriol-junqueres-que-pasaria-si-declararamos-la-independencia\/\" \/>\n<meta property=\"og:site_name\" content=\"Amat Immobiliaris\" \/>\n<meta property=\"article:publisher\" content=\"https:\/\/www.facebook.com\/amatimmobiliaris\" \/>\n<meta property=\"article:published_time\" content=\"2012-08-08T09:42:09+00:00\" \/>\n<meta property=\"article:modified_time\" content=\"2023-05-11T08:23:43+00:00\" \/>\n<meta property=\"og:image\" content=\"https:\/\/www.amatimmobiliaris.com\/w\/wp-content\/uploads\/2022\/01\/2014-Saga-familiar-Amat-dw-1-1024x683.jpg\" \/>\n\t<meta property=\"og:image:width\" content=\"1024\" \/>\n\t<meta property=\"og:image:height\" content=\"683\" \/>\n\t<meta property=\"og:image:type\" content=\"image\/jpeg\" \/>\n<meta name=\"author\" content=\"Amat Immobiliaris\" \/>\n<meta name=\"twitter:card\" content=\"summary_large_image\" \/>\n<meta name=\"twitter:creator\" content=\"@amat_cat\" \/>\n<meta name=\"twitter:site\" content=\"@amat_cat\" \/>\n<meta name=\"twitter:label1\" content=\"Escrito por\" \/>\n\t<meta name=\"twitter:data1\" content=\"Amat Immobiliaris\" \/>\n\t<meta name=\"twitter:label2\" content=\"Tiempo de lectura\" \/>\n\t<meta name=\"twitter:data2\" content=\"2 minutos\" \/>\n<script type=\"application\/ld+json\" class=\"yoast-schema-graph\">{\"@context\":\"https:\/\/schema.org\",\"@graph\":[{\"@type\":\"Article\",\"@id\":\"https:\/\/www.amatimmobiliaris.com\/w\/2012\/08\/oriol-junqueres-que-pasaria-si-declararamos-la-independencia\/#article\",\"isPartOf\":{\"@id\":\"https:\/\/www.amatimmobiliaris.com\/w\/2012\/08\/oriol-junqueres-que-pasaria-si-declararamos-la-independencia\/\"},\"author\":{\"name\":\"Amat Immobiliaris\",\"@id\":\"https:\/\/www.amatimmobiliaris.com\/w\/#\/schema\/person\/c880da71d1e156e7ea6774ffb445e034\"},\"headline\":\"Oriol Junqueres: \u00bfQu\u00e9 pasar\u00eda si declar\u00e1ramos la independencia?\",\"datePublished\":\"2012-08-08T09:42:09+00:00\",\"dateModified\":\"2023-05-11T08:23:43+00:00\",\"mainEntityOfPage\":{\"@id\":\"https:\/\/www.amatimmobiliaris.com\/w\/2012\/08\/oriol-junqueres-que-pasaria-si-declararamos-la-independencia\/\"},\"wordCount\":400,\"publisher\":{\"@id\":\"https:\/\/www.amatimmobiliaris.com\/w\/#organization\"},\"keywords\":[\"Barcelona\",\"Econom\u00eda\",\"Oriol Junqueres\",\"Uni\u00f3n Europea\"],\"articleSection\":[\"Eventos\"],\"inLanguage\":\"es\"},{\"@type\":\"WebPage\",\"@id\":\"https:\/\/www.amatimmobiliaris.com\/w\/2012\/08\/oriol-junqueres-que-pasaria-si-declararamos-la-independencia\/\",\"url\":\"https:\/\/www.amatimmobiliaris.com\/w\/2012\/08\/oriol-junqueres-que-pasaria-si-declararamos-la-independencia\/\",\"name\":\"Oriol Junqueres: \u00bfQu\u00e9 pasar\u00eda si declar\u00e1ramos la independencia? | Amat Immobiliaris\",\"isPartOf\":{\"@id\":\"https:\/\/www.amatimmobiliaris.com\/w\/#website\"},\"datePublished\":\"2012-08-08T09:42:09+00:00\",\"dateModified\":\"2023-05-11T08:23:43+00:00\",\"breadcrumb\":{\"@id\":\"https:\/\/www.amatimmobiliaris.com\/w\/2012\/08\/oriol-junqueres-que-pasaria-si-declararamos-la-independencia\/#breadcrumb\"},\"inLanguage\":\"es\",\"potentialAction\":[{\"@type\":\"ReadAction\",\"target\":[\"https:\/\/www.amatimmobiliaris.com\/w\/2012\/08\/oriol-junqueres-que-pasaria-si-declararamos-la-independencia\/\"]}]},{\"@type\":\"BreadcrumbList\",\"@id\":\"https:\/\/www.amatimmobiliaris.com\/w\/2012\/08\/oriol-junqueres-que-pasaria-si-declararamos-la-independencia\/#breadcrumb\",\"itemListElement\":[{\"@type\":\"ListItem\",\"position\":1,\"name\":\"Home\",\"item\":\"https:\/\/www.amatimmobiliaris.com\/w\/\"},{\"@type\":\"ListItem\",\"position\":2,\"name\":\"Eventos\",\"item\":\"https:\/\/www.amatimmobiliaris.com\/w\/category\/eventos\/\"},{\"@type\":\"ListItem\",\"position\":3,\"name\":\"Oriol Junqueres: \u00bfQu\u00e9 pasar\u00eda si declar\u00e1ramos la independencia?\"}]},{\"@type\":\"WebSite\",\"@id\":\"https:\/\/www.amatimmobiliaris.com\/w\/#website\",\"url\":\"https:\/\/www.amatimmobiliaris.com\/w\/\",\"name\":\"Amat Immobiliaris\",\"description\":\"Empresa familiar del sector inmobiliario con oficinas en Barcelona, Sant Cugat del Vall\u00e9s y Sant Just Desvern. Te ayudamos a comprar, alquilar o vender tu casa o piso. Somos un equipo coherente con una cultura de empresa honesta, innovadora y eficaz. Tambi\u00e9n en www.amatluxury.com\",\"publisher\":{\"@id\":\"https:\/\/www.amatimmobiliaris.com\/w\/#organization\"},\"alternateName\":\"AmatImmo\",\"potentialAction\":[{\"@type\":\"SearchAction\",\"target\":{\"@type\":\"EntryPoint\",\"urlTemplate\":\"https:\/\/www.amatimmobiliaris.com\/w\/?s={search_term_string}\"},\"query-input\":{\"@type\":\"PropertyValueSpecification\",\"valueRequired\":true,\"valueName\":\"search_term_string\"}}],\"inLanguage\":\"es\"},{\"@type\":\"Organization\",\"@id\":\"https:\/\/www.amatimmobiliaris.com\/w\/#organization\",\"name\":\"Amat Immobiliaris\",\"url\":\"https:\/\/www.amatimmobiliaris.com\/w\/\",\"logo\":{\"@type\":\"ImageObject\",\"inLanguage\":\"es\",\"@id\":\"https:\/\/www.amatimmobiliaris.com\/w\/#\/schema\/logo\/image\/\",\"url\":\"https:\/\/www.amatimmobiliaris.com\/w\/wp-content\/uploads\/2022\/10\/amat-logo.jpg\",\"contentUrl\":\"https:\/\/www.amatimmobiliaris.com\/w\/wp-content\/uploads\/2022\/10\/amat-logo.jpg\",\"width\":900,\"height\":900,\"caption\":\"Amat Immobiliaris\"},\"image\":{\"@id\":\"https:\/\/www.amatimmobiliaris.com\/w\/#\/schema\/logo\/image\/\"},\"sameAs\":[\"https:\/\/www.facebook.com\/amatimmobiliaris\",\"https:\/\/x.com\/amat_cat\",\"https:\/\/www.instagram.com\/amat_immo\/\",\"https:\/\/www.linkedin.com\/company\/amat-finques\/\",\"https:\/\/www.youtube.com\/@amatimmobiliaris\"]},{\"@type\":\"Person\",\"@id\":\"https:\/\/www.amatimmobiliaris.com\/w\/#\/schema\/person\/c880da71d1e156e7ea6774ffb445e034\",\"name\":\"Amat Immobiliaris\",\"sameAs\":[\"http:\/\/amat-inmo-wp.localhost\"]}]}<\/script>\n<!-- \/ Yoast SEO plugin. -->","yoast_head_json":{"title":"Oriol Junqueres: \u00bfQu\u00e9 pasar\u00eda si declar\u00e1ramos la independencia? | Amat Immobiliaris","robots":{"index":"index","follow":"follow","max-snippet":"max-snippet:-1","max-image-preview":"max-image-preview:large","max-video-preview":"max-video-preview:-1"},"canonical":"https:\/\/www.amatimmobiliaris.com\/w\/2012\/08\/oriol-junqueres-que-pasaria-si-declararamos-la-independencia\/","og_locale":"es_ES","og_type":"article","og_title":"Oriol Junqueres: \u00bfQu\u00e9 pasar\u00eda si declar\u00e1ramos la independencia? | Amat Immobiliaris","og_description":"En la \u00faltima cena organizada por FemCat,\u00a0el pasado 12 de julio, particip\u00f3 Oriol\u00a0Jonqueres, alcalde de\u00a0Sant\u00a0Vicen\u00e7\u00a0dels\u00a0Horts\u00a0y presidente de\u00a0Esquerra\u00a0Republicana de\u00a0Catalunya, quien hizo un discurso sobre el estado de\u00a0Catalunya. Actualmente, tiene 840.000 parados, de los que 250.000 no cobran prestaciones. Para que la situaci\u00f3n mejore, Oriol Junqueres propone aumentar la producci\u00f3n, rebajar costes o subir las dotaciones de [&hellip;]","og_url":"https:\/\/www.amatimmobiliaris.com\/w\/2012\/08\/oriol-junqueres-que-pasaria-si-declararamos-la-independencia\/","og_site_name":"Amat Immobiliaris","article_publisher":"https:\/\/www.facebook.com\/amatimmobiliaris","article_published_time":"2012-08-08T09:42:09+00:00","article_modified_time":"2023-05-11T08:23:43+00:00","og_image":[{"width":1024,"height":683,"url":"https:\/\/www.amatimmobiliaris.com\/w\/wp-content\/uploads\/2022\/01\/2014-Saga-familiar-Amat-dw-1-1024x683.jpg","type":"image\/jpeg"}],"author":"Amat Immobiliaris","twitter_card":"summary_large_image","twitter_creator":"@amat_cat","twitter_site":"@amat_cat","twitter_misc":{"Escrito por":"Amat Immobiliaris","Tiempo de lectura":"2 minutos"},"schema":{"@context":"https:\/\/schema.org","@graph":[{"@type":"Article","@id":"https:\/\/www.amatimmobiliaris.com\/w\/2012\/08\/oriol-junqueres-que-pasaria-si-declararamos-la-independencia\/#article","isPartOf":{"@id":"https:\/\/www.amatimmobiliaris.com\/w\/2012\/08\/oriol-junqueres-que-pasaria-si-declararamos-la-independencia\/"},"author":{"name":"Amat Immobiliaris","@id":"https:\/\/www.amatimmobiliaris.com\/w\/#\/schema\/person\/c880da71d1e156e7ea6774ffb445e034"},"headline":"Oriol Junqueres: \u00bfQu\u00e9 pasar\u00eda si declar\u00e1ramos la independencia?","datePublished":"2012-08-08T09:42:09+00:00","dateModified":"2023-05-11T08:23:43+00:00","mainEntityOfPage":{"@id":"https:\/\/www.amatimmobiliaris.com\/w\/2012\/08\/oriol-junqueres-que-pasaria-si-declararamos-la-independencia\/"},"wordCount":400,"publisher":{"@id":"https:\/\/www.amatimmobiliaris.com\/w\/#organization"},"keywords":["Barcelona","Econom\u00eda","Oriol Junqueres","Uni\u00f3n Europea"],"articleSection":["Eventos"],"inLanguage":"es"},{"@type":"WebPage","@id":"https:\/\/www.amatimmobiliaris.com\/w\/2012\/08\/oriol-junqueres-que-pasaria-si-declararamos-la-independencia\/","url":"https:\/\/www.amatimmobiliaris.com\/w\/2012\/08\/oriol-junqueres-que-pasaria-si-declararamos-la-independencia\/","name":"Oriol Junqueres: \u00bfQu\u00e9 pasar\u00eda si declar\u00e1ramos la independencia? | Amat Immobiliaris","isPartOf":{"@id":"https:\/\/www.amatimmobiliaris.com\/w\/#website"},"datePublished":"2012-08-08T09:42:09+00:00","dateModified":"2023-05-11T08:23:43+00:00","breadcrumb":{"@id":"https:\/\/www.amatimmobiliaris.com\/w\/2012\/08\/oriol-junqueres-que-pasaria-si-declararamos-la-independencia\/#breadcrumb"},"inLanguage":"es","potentialAction":[{"@type":"ReadAction","target":["https:\/\/www.amatimmobiliaris.com\/w\/2012\/08\/oriol-junqueres-que-pasaria-si-declararamos-la-independencia\/"]}]},{"@type":"BreadcrumbList","@id":"https:\/\/www.amatimmobiliaris.com\/w\/2012\/08\/oriol-junqueres-que-pasaria-si-declararamos-la-independencia\/#breadcrumb","itemListElement":[{"@type":"ListItem","position":1,"name":"Home","item":"https:\/\/www.amatimmobiliaris.com\/w\/"},{"@type":"ListItem","position":2,"name":"Eventos","item":"https:\/\/www.amatimmobiliaris.com\/w\/category\/eventos\/"},{"@type":"ListItem","position":3,"name":"Oriol Junqueres: \u00bfQu\u00e9 pasar\u00eda si declar\u00e1ramos la independencia?"}]},{"@type":"WebSite","@id":"https:\/\/www.amatimmobiliaris.com\/w\/#website","url":"https:\/\/www.amatimmobiliaris.com\/w\/","name":"Amat Immobiliaris","description":"Empresa familiar del sector inmobiliario con oficinas en Barcelona, Sant Cugat del Vall\u00e9s y Sant Just Desvern. Te ayudamos a comprar, alquilar o vender tu casa o piso. Somos un equipo coherente con una cultura de empresa honesta, innovadora y eficaz. Tambi\u00e9n en www.amatluxury.com","publisher":{"@id":"https:\/\/www.amatimmobiliaris.com\/w\/#organization"},"alternateName":"AmatImmo","potentialAction":[{"@type":"SearchAction","target":{"@type":"EntryPoint","urlTemplate":"https:\/\/www.amatimmobiliaris.com\/w\/?s={search_term_string}"},"query-input":{"@type":"PropertyValueSpecification","valueRequired":true,"valueName":"search_term_string"}}],"inLanguage":"es"},{"@type":"Organization","@id":"https:\/\/www.amatimmobiliaris.com\/w\/#organization","name":"Amat Immobiliaris","url":"https:\/\/www.amatimmobiliaris.com\/w\/","logo":{"@type":"ImageObject","inLanguage":"es","@id":"https:\/\/www.amatimmobiliaris.com\/w\/#\/schema\/logo\/image\/","url":"https:\/\/www.amatimmobiliaris.com\/w\/wp-content\/uploads\/2022\/10\/amat-logo.jpg","contentUrl":"https:\/\/www.amatimmobiliaris.com\/w\/wp-content\/uploads\/2022\/10\/amat-logo.jpg","width":900,"height":900,"caption":"Amat Immobiliaris"},"image":{"@id":"https:\/\/www.amatimmobiliaris.com\/w\/#\/schema\/logo\/image\/"},"sameAs":["https:\/\/www.facebook.com\/amatimmobiliaris","https:\/\/x.com\/amat_cat","https:\/\/www.instagram.com\/amat_immo\/","https:\/\/www.linkedin.com\/company\/amat-finques\/","https:\/\/www.youtube.com\/@amatimmobiliaris"]},{"@type":"Person","@id":"https:\/\/www.amatimmobiliaris.com\/w\/#\/schema\/person\/c880da71d1e156e7ea6774ffb445e034","name":"Amat Immobiliaris","sameAs":["http:\/\/amat-inmo-wp.localhost"]}]}},"_links":{"self":[{"href":"https:\/\/www.amatimmobiliaris.com\/w\/wp-json\/wp\/v2\/posts\/1956"}],"collection":[{"href":"https:\/\/www.amatimmobiliaris.com\/w\/wp-json\/wp\/v2\/posts"}],"about":[{"href":"https:\/\/www.amatimmobiliaris.com\/w\/wp-json\/wp\/v2\/types\/post"}],"author":[{"embeddable":true,"href":"https:\/\/www.amatimmobiliaris.com\/w\/wp-json\/wp\/v2\/users\/1"}],"replies":[{"embeddable":true,"href":"https:\/\/www.amatimmobiliaris.com\/w\/wp-json\/wp\/v2\/comments?post=1956"}],"version-history":[{"count":6,"href":"https:\/\/www.amatimmobiliaris.com\/w\/wp-json\/wp\/v2\/posts\/1956\/revisions"}],"predecessor-version":[{"id":25092,"href":"https:\/\/www.amatimmobiliaris.com\/w\/wp-json\/wp\/v2\/posts\/1956\/revisions\/25092"}],"wp:attachment":[{"href":"https:\/\/www.amatimmobiliaris.com\/w\/wp-json\/wp\/v2\/media?parent=1956"}],"wp:term":[{"taxonomy":"category","embeddable":true,"href":"https:\/\/www.amatimmobiliaris.com\/w\/wp-json\/wp\/v2\/categories?post=1956"},{"taxonomy":"post_tag","embeddable":true,"href":"https:\/\/www.amatimmobiliaris.com\/w\/wp-json\/wp\/v2\/tags?post=1956"}],"curies":[{"name":"wp","href":"https:\/\/api.w.org\/{rel}","templated":true}]}}