{"id":1953,"date":"2012-08-21T09:41:13","date_gmt":"2012-08-21T09:41:13","guid":{"rendered":"https:\/\/amat-inmo-wp.localhost\/2017\/01\/24\/diferencies-entre-metres-utils-i-construits\/"},"modified":"2023-05-11T10:43:04","modified_gmt":"2023-05-11T10:43:04","slug":"diferencias-entre-metros-utiles-y-construidos","status":"publish","type":"post","link":"https:\/\/www.amatimmobiliaris.com\/w\/2012\/08\/diferencias-entre-metros-utiles-y-construidos\/","title":{"rendered":"Diferencias entre metros \u00fatiles y construidos"},"content":{"rendered":"<p>Es cierto que en relaci\u00f3n con la informaci\u00f3n sobre el tema de las superficies existe una cierta confusi\u00f3n. Para aclararla, iremos a palmos.<\/p>\n<p><strong>\u00bfQu\u00e9 entendemos por metros construidos?<\/strong><\/p>\n<p>La superficie comprendida dentro del per\u00edmetro de la vivienda.<\/p>\n<p><strong>\u00bfQu\u00e9 entendemos por metros \u00fatiles?<\/strong><\/p>\n<p>Pues\u00a0aquellos\u00a0que podemos pisar, para entendernos, los que nos quedar\u00e1n libres para poder poner los muebles. Salen de descontar en los metros construidos, las paredes divisorias enteras. Esta superficie es aproximadamente entre un 15 y un 20% menor que la superficie construida.<\/p>\n<p><strong>\u00bfQu\u00e9 entendemos por metros construidos ampliados?<\/strong><\/p>\n<p>Son los metros construidos a\u00f1adiendo la parte proporcional de los elementos comunes de la construcci\u00f3n, es decir, escalera, vest\u00edbulo, rellanos, pasillos comunitarios, etc.<\/p>\n<p><strong>\u00bfQu\u00e9 entendemos por volumen?<\/strong><\/p>\n<p>Se utiliza este t\u00e9rmino cuando multiplicamos el par\u00e1metro de superficie por el par\u00e1metro de altura. Lo cierto es que este t\u00e9rmino no es muy utilizado, tan\u00a0solo\u00a0cuando se trata de viviendas de gran estatura y especialmente de los \u00ab<span class=\"hiddenSpellError\">lofts<\/span>\u00ab. En este nuevo tipo de concepto de vivienda, el volumen es realmente importante, puesto que es el par\u00e1metro que da posibilidades de que un \u00ab<span class=\"hiddenSpellError\">loft<\/span>\u00bb pueda ser utilizado como vivienda.<\/p>\n<p>A la hora de la verdad, y m\u00e1s concretamente en <strong>Catalu\u00f1a<\/strong>, se habla habitualmente de <strong>metros \u00fatiles y metros construidos<\/strong> y, concretamente, en las promociones de obra nueva.<\/p>\n<p>En la publicidad de las viviendas de segunda mano, muchas veces no queda claro cu\u00e1l es el par\u00e1metro utilizado. As\u00ed pues, es recomendable pedir una aclaraci\u00f3n.<\/p>\n<p>Ambos conceptos, <strong>metros \u00fatiles y metros construidos<\/strong>, tienen importancia sobre todo por el <strong>comprador<\/strong>, ya que le dice qu\u00e9 est\u00e1 comprando realmente. Adem\u00e1s, la <strong>Generalitat<\/strong>, en sus inspecciones, exige que en la informaci\u00f3n que se entrega al posible comprador figuren estos dos datos.<\/p>\n","protected":false},"excerpt":{"rendered":"<p>Es cierto que en relaci\u00f3n con la informaci\u00f3n sobre el tema de las superficies existe una cierta confusi\u00f3n. Para aclararla, iremos a palmos. \u00bfQu\u00e9 entendemos por metros construidos? La superficie comprendida dentro del per\u00edmetro de la vivienda. \u00bfQu\u00e9 entendemos por metros \u00fatiles? Pues\u00a0aquellos\u00a0que podemos pisar, para entendernos, los que nos quedar\u00e1n libres para poder poner [&hellip;]<\/p>\n","protected":false},"author":1,"featured_media":0,"comment_status":"closed","ping_status":"closed","sticky":false,"template":"","format":"standard","meta":{"content-type":"","footnotes":""},"categories":[745],"tags":[1742,1560,1260],"yoast_head":"<!-- This site is optimized with the Yoast SEO plugin v23.9 - https:\/\/yoast.com\/wordpress\/plugins\/seo\/ -->\n<title>Diferencias entre metros \u00fatiles y construidos | Amat Immobiliaris<\/title>\n<meta name=\"description\" content=\"Con la informaci\u00f3n sobre el tema de las superficies existe una cierta confusi\u00f3n. \u00bfQu\u00e9 diferencia hay entre metros \u00fatiles y construidos?\" \/>\n<meta name=\"robots\" content=\"index, follow, max-snippet:-1, max-image-preview:large, max-video-preview:-1\" \/>\n<link rel=\"canonical\" href=\"https:\/\/www.amatimmobiliaris.com\/w\/2012\/08\/diferencias-entre-metros-utiles-y-construidos\/\" \/>\n<meta property=\"og:locale\" content=\"es_ES\" \/>\n<meta property=\"og:type\" content=\"article\" \/>\n<meta property=\"og:title\" content=\"Diferencias entre metros \u00fatiles y construidos | Amat Immobiliaris\" \/>\n<meta property=\"og:description\" content=\"Con la informaci\u00f3n sobre el tema de las superficies existe una cierta confusi\u00f3n. \u00bfQu\u00e9 diferencia hay entre metros \u00fatiles y construidos?\" \/>\n<meta property=\"og:url\" content=\"https:\/\/www.amatimmobiliaris.com\/w\/2012\/08\/diferencias-entre-metros-utiles-y-construidos\/\" \/>\n<meta property=\"og:site_name\" content=\"Amat Immobiliaris\" \/>\n<meta property=\"article:publisher\" content=\"https:\/\/www.facebook.com\/amatimmobiliaris\" \/>\n<meta property=\"article:published_time\" content=\"2012-08-21T09:41:13+00:00\" \/>\n<meta property=\"article:modified_time\" content=\"2023-05-11T10:43:04+00:00\" \/>\n<meta property=\"og:image\" content=\"https:\/\/www.amatimmobiliaris.com\/w\/wp-content\/uploads\/2022\/01\/2014-Saga-familiar-Amat-dw-1-1024x683.jpg\" \/>\n\t<meta property=\"og:image:width\" content=\"1024\" \/>\n\t<meta property=\"og:image:height\" content=\"683\" \/>\n\t<meta property=\"og:image:type\" content=\"image\/jpeg\" \/>\n<meta name=\"author\" content=\"Amat Immobiliaris\" \/>\n<meta name=\"twitter:card\" content=\"summary_large_image\" \/>\n<meta name=\"twitter:creator\" content=\"@amat_cat\" \/>\n<meta name=\"twitter:site\" content=\"@amat_cat\" \/>\n<meta name=\"twitter:label1\" content=\"Escrito por\" \/>\n\t<meta name=\"twitter:data1\" content=\"Amat Immobiliaris\" \/>\n\t<meta name=\"twitter:label2\" content=\"Tiempo de lectura\" \/>\n\t<meta name=\"twitter:data2\" content=\"2 minutos\" \/>\n<script type=\"application\/ld+json\" class=\"yoast-schema-graph\">{\"@context\":\"https:\/\/schema.org\",\"@graph\":[{\"@type\":\"Article\",\"@id\":\"https:\/\/www.amatimmobiliaris.com\/w\/2012\/08\/diferencias-entre-metros-utiles-y-construidos\/#article\",\"isPartOf\":{\"@id\":\"https:\/\/www.amatimmobiliaris.com\/w\/2012\/08\/diferencias-entre-metros-utiles-y-construidos\/\"},\"author\":{\"name\":\"Amat Immobiliaris\",\"@id\":\"https:\/\/www.amatimmobiliaris.com\/w\/#\/schema\/person\/c880da71d1e156e7ea6774ffb445e034\"},\"headline\":\"Diferencias entre metros \u00fatiles y construidos\",\"datePublished\":\"2012-08-21T09:41:13+00:00\",\"dateModified\":\"2023-05-11T10:43:04+00:00\",\"mainEntityOfPage\":{\"@id\":\"https:\/\/www.amatimmobiliaris.com\/w\/2012\/08\/diferencias-entre-metros-utiles-y-construidos\/\"},\"wordCount\":309,\"publisher\":{\"@id\":\"https:\/\/www.amatimmobiliaris.com\/w\/#organization\"},\"keywords\":[\"Arquitectura\",\"Promotor\",\"Vivienda\"],\"articleSection\":[\"El usuario pregunta\"],\"inLanguage\":\"es\"},{\"@type\":\"WebPage\",\"@id\":\"https:\/\/www.amatimmobiliaris.com\/w\/2012\/08\/diferencias-entre-metros-utiles-y-construidos\/\",\"url\":\"https:\/\/www.amatimmobiliaris.com\/w\/2012\/08\/diferencias-entre-metros-utiles-y-construidos\/\",\"name\":\"Diferencias entre metros \u00fatiles y construidos | Amat Immobiliaris\",\"isPartOf\":{\"@id\":\"https:\/\/www.amatimmobiliaris.com\/w\/#website\"},\"datePublished\":\"2012-08-21T09:41:13+00:00\",\"dateModified\":\"2023-05-11T10:43:04+00:00\",\"description\":\"Con la informaci\u00f3n sobre el tema de las superficies existe una cierta confusi\u00f3n. \u00bfQu\u00e9 diferencia hay entre metros \u00fatiles y construidos?\",\"breadcrumb\":{\"@id\":\"https:\/\/www.amatimmobiliaris.com\/w\/2012\/08\/diferencias-entre-metros-utiles-y-construidos\/#breadcrumb\"},\"inLanguage\":\"es\",\"potentialAction\":[{\"@type\":\"ReadAction\",\"target\":[\"https:\/\/www.amatimmobiliaris.com\/w\/2012\/08\/diferencias-entre-metros-utiles-y-construidos\/\"]}]},{\"@type\":\"BreadcrumbList\",\"@id\":\"https:\/\/www.amatimmobiliaris.com\/w\/2012\/08\/diferencias-entre-metros-utiles-y-construidos\/#breadcrumb\",\"itemListElement\":[{\"@type\":\"ListItem\",\"position\":1,\"name\":\"Home\",\"item\":\"https:\/\/www.amatimmobiliaris.com\/w\/\"},{\"@type\":\"ListItem\",\"position\":2,\"name\":\"Consejos\",\"item\":\"https:\/\/www.amatimmobiliaris.com\/w\/category\/consejos\/\"},{\"@type\":\"ListItem\",\"position\":3,\"name\":\"El usuario pregunta\",\"item\":\"https:\/\/www.amatimmobiliaris.com\/w\/category\/consejos\/el-usuario-pregunta\/\"},{\"@type\":\"ListItem\",\"position\":4,\"name\":\"Diferencias entre metros \u00fatiles y construidos\"}]},{\"@type\":\"WebSite\",\"@id\":\"https:\/\/www.amatimmobiliaris.com\/w\/#website\",\"url\":\"https:\/\/www.amatimmobiliaris.com\/w\/\",\"name\":\"Amat Immobiliaris\",\"description\":\"Empresa familiar del sector inmobiliario con oficinas en Barcelona, Sant Cugat del Vall\u00e9s y Sant Just Desvern. Te ayudamos a comprar, alquilar o vender tu casa o piso. Somos un equipo coherente con una cultura de empresa honesta, innovadora y eficaz. Tambi\u00e9n en www.amatluxury.com\",\"publisher\":{\"@id\":\"https:\/\/www.amatimmobiliaris.com\/w\/#organization\"},\"alternateName\":\"AmatImmo\",\"potentialAction\":[{\"@type\":\"SearchAction\",\"target\":{\"@type\":\"EntryPoint\",\"urlTemplate\":\"https:\/\/www.amatimmobiliaris.com\/w\/?s={search_term_string}\"},\"query-input\":{\"@type\":\"PropertyValueSpecification\",\"valueRequired\":true,\"valueName\":\"search_term_string\"}}],\"inLanguage\":\"es\"},{\"@type\":\"Organization\",\"@id\":\"https:\/\/www.amatimmobiliaris.com\/w\/#organization\",\"name\":\"Amat Immobiliaris\",\"url\":\"https:\/\/www.amatimmobiliaris.com\/w\/\",\"logo\":{\"@type\":\"ImageObject\",\"inLanguage\":\"es\",\"@id\":\"https:\/\/www.amatimmobiliaris.com\/w\/#\/schema\/logo\/image\/\",\"url\":\"https:\/\/www.amatimmobiliaris.com\/w\/wp-content\/uploads\/2022\/10\/amat-logo.jpg\",\"contentUrl\":\"https:\/\/www.amatimmobiliaris.com\/w\/wp-content\/uploads\/2022\/10\/amat-logo.jpg\",\"width\":900,\"height\":900,\"caption\":\"Amat Immobiliaris\"},\"image\":{\"@id\":\"https:\/\/www.amatimmobiliaris.com\/w\/#\/schema\/logo\/image\/\"},\"sameAs\":[\"https:\/\/www.facebook.com\/amatimmobiliaris\",\"https:\/\/x.com\/amat_cat\",\"https:\/\/www.instagram.com\/amat_immo\/\",\"https:\/\/www.linkedin.com\/company\/amat-finques\/\",\"https:\/\/www.youtube.com\/@amatimmobiliaris\"]},{\"@type\":\"Person\",\"@id\":\"https:\/\/www.amatimmobiliaris.com\/w\/#\/schema\/person\/c880da71d1e156e7ea6774ffb445e034\",\"name\":\"Amat Immobiliaris\",\"sameAs\":[\"http:\/\/amat-inmo-wp.localhost\"]}]}<\/script>\n<!-- \/ Yoast SEO plugin. -->","yoast_head_json":{"title":"Diferencias entre metros \u00fatiles y construidos | Amat Immobiliaris","description":"Con la informaci\u00f3n sobre el tema de las superficies existe una cierta confusi\u00f3n. \u00bfQu\u00e9 diferencia hay entre metros \u00fatiles y construidos?","robots":{"index":"index","follow":"follow","max-snippet":"max-snippet:-1","max-image-preview":"max-image-preview:large","max-video-preview":"max-video-preview:-1"},"canonical":"https:\/\/www.amatimmobiliaris.com\/w\/2012\/08\/diferencias-entre-metros-utiles-y-construidos\/","og_locale":"es_ES","og_type":"article","og_title":"Diferencias entre metros \u00fatiles y construidos | Amat Immobiliaris","og_description":"Con la informaci\u00f3n sobre el tema de las superficies existe una cierta confusi\u00f3n. \u00bfQu\u00e9 diferencia hay entre metros \u00fatiles y construidos?","og_url":"https:\/\/www.amatimmobiliaris.com\/w\/2012\/08\/diferencias-entre-metros-utiles-y-construidos\/","og_site_name":"Amat Immobiliaris","article_publisher":"https:\/\/www.facebook.com\/amatimmobiliaris","article_published_time":"2012-08-21T09:41:13+00:00","article_modified_time":"2023-05-11T10:43:04+00:00","og_image":[{"width":1024,"height":683,"url":"https:\/\/www.amatimmobiliaris.com\/w\/wp-content\/uploads\/2022\/01\/2014-Saga-familiar-Amat-dw-1-1024x683.jpg","type":"image\/jpeg"}],"author":"Amat Immobiliaris","twitter_card":"summary_large_image","twitter_creator":"@amat_cat","twitter_site":"@amat_cat","twitter_misc":{"Escrito por":"Amat Immobiliaris","Tiempo de lectura":"2 minutos"},"schema":{"@context":"https:\/\/schema.org","@graph":[{"@type":"Article","@id":"https:\/\/www.amatimmobiliaris.com\/w\/2012\/08\/diferencias-entre-metros-utiles-y-construidos\/#article","isPartOf":{"@id":"https:\/\/www.amatimmobiliaris.com\/w\/2012\/08\/diferencias-entre-metros-utiles-y-construidos\/"},"author":{"name":"Amat Immobiliaris","@id":"https:\/\/www.amatimmobiliaris.com\/w\/#\/schema\/person\/c880da71d1e156e7ea6774ffb445e034"},"headline":"Diferencias entre metros \u00fatiles y construidos","datePublished":"2012-08-21T09:41:13+00:00","dateModified":"2023-05-11T10:43:04+00:00","mainEntityOfPage":{"@id":"https:\/\/www.amatimmobiliaris.com\/w\/2012\/08\/diferencias-entre-metros-utiles-y-construidos\/"},"wordCount":309,"publisher":{"@id":"https:\/\/www.amatimmobiliaris.com\/w\/#organization"},"keywords":["Arquitectura","Promotor","Vivienda"],"articleSection":["El usuario pregunta"],"inLanguage":"es"},{"@type":"WebPage","@id":"https:\/\/www.amatimmobiliaris.com\/w\/2012\/08\/diferencias-entre-metros-utiles-y-construidos\/","url":"https:\/\/www.amatimmobiliaris.com\/w\/2012\/08\/diferencias-entre-metros-utiles-y-construidos\/","name":"Diferencias entre metros \u00fatiles y construidos | Amat Immobiliaris","isPartOf":{"@id":"https:\/\/www.amatimmobiliaris.com\/w\/#website"},"datePublished":"2012-08-21T09:41:13+00:00","dateModified":"2023-05-11T10:43:04+00:00","description":"Con la informaci\u00f3n sobre el tema de las superficies existe una cierta confusi\u00f3n. \u00bfQu\u00e9 diferencia hay entre metros \u00fatiles y construidos?","breadcrumb":{"@id":"https:\/\/www.amatimmobiliaris.com\/w\/2012\/08\/diferencias-entre-metros-utiles-y-construidos\/#breadcrumb"},"inLanguage":"es","potentialAction":[{"@type":"ReadAction","target":["https:\/\/www.amatimmobiliaris.com\/w\/2012\/08\/diferencias-entre-metros-utiles-y-construidos\/"]}]},{"@type":"BreadcrumbList","@id":"https:\/\/www.amatimmobiliaris.com\/w\/2012\/08\/diferencias-entre-metros-utiles-y-construidos\/#breadcrumb","itemListElement":[{"@type":"ListItem","position":1,"name":"Home","item":"https:\/\/www.amatimmobiliaris.com\/w\/"},{"@type":"ListItem","position":2,"name":"Consejos","item":"https:\/\/www.amatimmobiliaris.com\/w\/category\/consejos\/"},{"@type":"ListItem","position":3,"name":"El usuario pregunta","item":"https:\/\/www.amatimmobiliaris.com\/w\/category\/consejos\/el-usuario-pregunta\/"},{"@type":"ListItem","position":4,"name":"Diferencias entre metros \u00fatiles y construidos"}]},{"@type":"WebSite","@id":"https:\/\/www.amatimmobiliaris.com\/w\/#website","url":"https:\/\/www.amatimmobiliaris.com\/w\/","name":"Amat Immobiliaris","description":"Empresa familiar del sector inmobiliario con oficinas en Barcelona, Sant Cugat del Vall\u00e9s y Sant Just Desvern. Te ayudamos a comprar, alquilar o vender tu casa o piso. Somos un equipo coherente con una cultura de empresa honesta, innovadora y eficaz. Tambi\u00e9n en www.amatluxury.com","publisher":{"@id":"https:\/\/www.amatimmobiliaris.com\/w\/#organization"},"alternateName":"AmatImmo","potentialAction":[{"@type":"SearchAction","target":{"@type":"EntryPoint","urlTemplate":"https:\/\/www.amatimmobiliaris.com\/w\/?s={search_term_string}"},"query-input":{"@type":"PropertyValueSpecification","valueRequired":true,"valueName":"search_term_string"}}],"inLanguage":"es"},{"@type":"Organization","@id":"https:\/\/www.amatimmobiliaris.com\/w\/#organization","name":"Amat Immobiliaris","url":"https:\/\/www.amatimmobiliaris.com\/w\/","logo":{"@type":"ImageObject","inLanguage":"es","@id":"https:\/\/www.amatimmobiliaris.com\/w\/#\/schema\/logo\/image\/","url":"https:\/\/www.amatimmobiliaris.com\/w\/wp-content\/uploads\/2022\/10\/amat-logo.jpg","contentUrl":"https:\/\/www.amatimmobiliaris.com\/w\/wp-content\/uploads\/2022\/10\/amat-logo.jpg","width":900,"height":900,"caption":"Amat Immobiliaris"},"image":{"@id":"https:\/\/www.amatimmobiliaris.com\/w\/#\/schema\/logo\/image\/"},"sameAs":["https:\/\/www.facebook.com\/amatimmobiliaris","https:\/\/x.com\/amat_cat","https:\/\/www.instagram.com\/amat_immo\/","https:\/\/www.linkedin.com\/company\/amat-finques\/","https:\/\/www.youtube.com\/@amatimmobiliaris"]},{"@type":"Person","@id":"https:\/\/www.amatimmobiliaris.com\/w\/#\/schema\/person\/c880da71d1e156e7ea6774ffb445e034","name":"Amat Immobiliaris","sameAs":["http:\/\/amat-inmo-wp.localhost"]}]}},"_links":{"self":[{"href":"https:\/\/www.amatimmobiliaris.com\/w\/wp-json\/wp\/v2\/posts\/1953"}],"collection":[{"href":"https:\/\/www.amatimmobiliaris.com\/w\/wp-json\/wp\/v2\/posts"}],"about":[{"href":"https:\/\/www.amatimmobiliaris.com\/w\/wp-json\/wp\/v2\/types\/post"}],"author":[{"embeddable":true,"href":"https:\/\/www.amatimmobiliaris.com\/w\/wp-json\/wp\/v2\/users\/1"}],"replies":[{"embeddable":true,"href":"https:\/\/www.amatimmobiliaris.com\/w\/wp-json\/wp\/v2\/comments?post=1953"}],"version-history":[{"count":5,"href":"https:\/\/www.amatimmobiliaris.com\/w\/wp-json\/wp\/v2\/posts\/1953\/revisions"}],"predecessor-version":[{"id":23972,"href":"https:\/\/www.amatimmobiliaris.com\/w\/wp-json\/wp\/v2\/posts\/1953\/revisions\/23972"}],"wp:attachment":[{"href":"https:\/\/www.amatimmobiliaris.com\/w\/wp-json\/wp\/v2\/media?parent=1953"}],"wp:term":[{"taxonomy":"category","embeddable":true,"href":"https:\/\/www.amatimmobiliaris.com\/w\/wp-json\/wp\/v2\/categories?post=1953"},{"taxonomy":"post_tag","embeddable":true,"href":"https:\/\/www.amatimmobiliaris.com\/w\/wp-json\/wp\/v2\/tags?post=1953"}],"curies":[{"name":"wp","href":"https:\/\/api.w.org\/{rel}","templated":true}]}}