{"id":1933,"date":"2012-02-10T09:29:43","date_gmt":"2012-02-10T09:29:43","guid":{"rendered":"https:\/\/amat-inmo-wp.localhost\/2017\/01\/24\/els-joves-davui-mhan-sorpres-gratament\/"},"modified":"2023-05-11T07:37:51","modified_gmt":"2023-05-11T07:37:51","slug":"los-joves-de-hoy-me-hansorprendio-gratamente","status":"publish","type":"post","link":"https:\/\/www.amatimmobiliaris.com\/w\/2012\/02\/los-joves-de-hoy-me-hansorprendio-gratamente\/","title":{"rendered":"Los j\u00f3venes de hoy me han sorprendido gratamente"},"content":{"rendered":"<p>\u00daltimamente,\u00a0he tenido la oportunidad de visitar diferentes centros educativos para explicar a los j\u00f3venes (chicos y chicas de 17, 18 y 19 a\u00f1os) qu\u00e9 significa \u00abser emprendedor\u00bb y qu\u00e9 significa \u00abser empresario\u00bb. En total, habr\u00e9 sido con m\u00e1s de 400 j\u00f3venes en los que he visto la realidad de la multiculturalidad y el resultado ha sido muy positivo. Todo debe decirse, estoy gratamente sorprendida.<\/p>\n<p>A menudo nos hacemos im\u00e1genes predeterminadas, basadas en t\u00f3picos y en informaciones mediatizadas de determinados medios. Debo confesar que mi imagen sobre la gente joven era de gente \u00abpasota\u00bb, poco comprometida, acomodaticia y la realidad que me he encontrado hasta hoy, es que he visto a <strong>j\u00f3venes educados<\/strong>, que <strong>escuchan activamente<\/strong>, que se <strong>interesan<\/strong>, que cuando les haces participar en el juego de adivinar cu\u00e1les son las habilidades de un empresario, adivinan muchas intuitivamente y preguntan y mucho. Como es natural, la pregunta que ha salido en todas las sesiones ha sido, \u00aby si tengo una buena idea de negocio, \u00bfd\u00f3nde busco el dinero?\u00bb La respuesta no es f\u00e1cil hoy.<\/p>\n<p>Quiero pensar que no ha sido una suerte, sino que los j\u00f3venes con los que he tenido el placer de encontrarme, representan un reflejo de la juventud de hoy y me alegro mucho. Porque mi conclusi\u00f3n es clara: ellos son nuestro futuro.<\/p>\n<p style=\"text-align: right;\"><strong><br \/>\nImmaculada Amat<br \/>\n<strong><strong><em>Coodirectora Gerente de Amat Immobiliaris<\/em><\/strong><\/strong><br \/>\n<\/strong><\/p>\n","protected":false},"excerpt":{"rendered":"<p>\u00daltimamente,\u00a0he tenido la oportunidad de visitar diferentes centros educativos para explicar a los j\u00f3venes (chicos y chicas de 17, 18 y 19 a\u00f1os) qu\u00e9 significa \u00abser emprendedor\u00bb y qu\u00e9 significa \u00abser empresario\u00bb. En total, habr\u00e9 sido con m\u00e1s de 400 j\u00f3venes en los que he visto la realidad de la multiculturalidad y el resultado ha [&hellip;]<\/p>\n","protected":false},"author":1,"featured_media":0,"comment_status":"closed","ping_status":"closed","sticky":false,"template":"","format":"standard","meta":{"content-type":"","footnotes":""},"categories":[746],"tags":[1222,1235,1143,1808,1809],"yoast_head":"<!-- This site is optimized with the Yoast SEO plugin v23.9 - https:\/\/yoast.com\/wordpress\/plugins\/seo\/ -->\n<title>Los j\u00f3venes de hoy me han sorprendido gratamente | Amat Immobiliaris<\/title>\n<meta name=\"robots\" content=\"index, follow, max-snippet:-1, max-image-preview:large, max-video-preview:-1\" \/>\n<link rel=\"canonical\" href=\"https:\/\/www.amatimmobiliaris.com\/w\/2012\/02\/los-joves-de-hoy-me-hansorprendio-gratamente\/\" \/>\n<meta property=\"og:locale\" content=\"es_ES\" \/>\n<meta property=\"og:type\" content=\"article\" \/>\n<meta property=\"og:title\" content=\"Los j\u00f3venes de hoy me han sorprendido gratamente | Amat Immobiliaris\" \/>\n<meta property=\"og:description\" content=\"\u00daltimamente,\u00a0he tenido la oportunidad de visitar diferentes centros educativos para explicar a los j\u00f3venes (chicos y chicas de 17, 18 y 19 a\u00f1os) qu\u00e9 significa \u00abser emprendedor\u00bb y qu\u00e9 significa \u00abser empresario\u00bb. En total, habr\u00e9 sido con m\u00e1s de 400 j\u00f3venes en los que he visto la realidad de la multiculturalidad y el resultado ha [&hellip;]\" \/>\n<meta property=\"og:url\" content=\"https:\/\/www.amatimmobiliaris.com\/w\/2012\/02\/los-joves-de-hoy-me-hansorprendio-gratamente\/\" \/>\n<meta property=\"og:site_name\" content=\"Amat Immobiliaris\" \/>\n<meta property=\"article:publisher\" content=\"https:\/\/www.facebook.com\/amatimmobiliaris\" \/>\n<meta property=\"article:published_time\" content=\"2012-02-10T09:29:43+00:00\" \/>\n<meta property=\"article:modified_time\" content=\"2023-05-11T07:37:51+00:00\" \/>\n<meta property=\"og:image\" content=\"https:\/\/www.amatimmobiliaris.com\/w\/wp-content\/uploads\/2022\/01\/2014-Saga-familiar-Amat-dw-1-1024x683.jpg\" \/>\n\t<meta property=\"og:image:width\" content=\"1024\" \/>\n\t<meta property=\"og:image:height\" content=\"683\" \/>\n\t<meta property=\"og:image:type\" content=\"image\/jpeg\" \/>\n<meta name=\"author\" content=\"Amat Immobiliaris\" \/>\n<meta name=\"twitter:card\" content=\"summary_large_image\" \/>\n<meta name=\"twitter:creator\" content=\"@amat_cat\" \/>\n<meta name=\"twitter:site\" content=\"@amat_cat\" \/>\n<meta name=\"twitter:label1\" content=\"Escrito por\" \/>\n\t<meta name=\"twitter:data1\" content=\"Amat Immobiliaris\" \/>\n\t<meta name=\"twitter:label2\" content=\"Tiempo de lectura\" \/>\n\t<meta name=\"twitter:data2\" content=\"2 minutos\" \/>\n<script type=\"application\/ld+json\" class=\"yoast-schema-graph\">{\"@context\":\"https:\/\/schema.org\",\"@graph\":[{\"@type\":\"Article\",\"@id\":\"https:\/\/www.amatimmobiliaris.com\/w\/2012\/02\/los-joves-de-hoy-me-hansorprendio-gratamente\/#article\",\"isPartOf\":{\"@id\":\"https:\/\/www.amatimmobiliaris.com\/w\/2012\/02\/los-joves-de-hoy-me-hansorprendio-gratamente\/\"},\"author\":{\"name\":\"Amat Immobiliaris\",\"@id\":\"https:\/\/www.amatimmobiliaris.com\/w\/#\/schema\/person\/c880da71d1e156e7ea6774ffb445e034\"},\"headline\":\"Los j\u00f3venes de hoy me han sorprendido gratamente\",\"datePublished\":\"2012-02-10T09:29:43+00:00\",\"dateModified\":\"2023-05-11T07:37:51+00:00\",\"mainEntityOfPage\":{\"@id\":\"https:\/\/www.amatimmobiliaris.com\/w\/2012\/02\/los-joves-de-hoy-me-hansorprendio-gratamente\/\"},\"wordCount\":241,\"publisher\":{\"@id\":\"https:\/\/www.amatimmobiliaris.com\/w\/#organization\"},\"keywords\":[\"Catalu\u00f1a\",\"Econom\u00eda\",\"Espa\u00f1a\",\"Reflexiones\",\"Sector inmobiliario\"],\"articleSection\":[\"Reflexiones\"],\"inLanguage\":\"es\"},{\"@type\":\"WebPage\",\"@id\":\"https:\/\/www.amatimmobiliaris.com\/w\/2012\/02\/los-joves-de-hoy-me-hansorprendio-gratamente\/\",\"url\":\"https:\/\/www.amatimmobiliaris.com\/w\/2012\/02\/los-joves-de-hoy-me-hansorprendio-gratamente\/\",\"name\":\"Los j\u00f3venes de hoy me han sorprendido gratamente | Amat Immobiliaris\",\"isPartOf\":{\"@id\":\"https:\/\/www.amatimmobiliaris.com\/w\/#website\"},\"datePublished\":\"2012-02-10T09:29:43+00:00\",\"dateModified\":\"2023-05-11T07:37:51+00:00\",\"breadcrumb\":{\"@id\":\"https:\/\/www.amatimmobiliaris.com\/w\/2012\/02\/los-joves-de-hoy-me-hansorprendio-gratamente\/#breadcrumb\"},\"inLanguage\":\"es\",\"potentialAction\":[{\"@type\":\"ReadAction\",\"target\":[\"https:\/\/www.amatimmobiliaris.com\/w\/2012\/02\/los-joves-de-hoy-me-hansorprendio-gratamente\/\"]}]},{\"@type\":\"BreadcrumbList\",\"@id\":\"https:\/\/www.amatimmobiliaris.com\/w\/2012\/02\/los-joves-de-hoy-me-hansorprendio-gratamente\/#breadcrumb\",\"itemListElement\":[{\"@type\":\"ListItem\",\"position\":1,\"name\":\"Home\",\"item\":\"https:\/\/www.amatimmobiliaris.com\/w\/\"},{\"@type\":\"ListItem\",\"position\":2,\"name\":\"El mundo Amat\",\"item\":\"https:\/\/www.amatimmobiliaris.com\/w\/category\/el-mundo-amat\/\"},{\"@type\":\"ListItem\",\"position\":3,\"name\":\"Reflexiones\",\"item\":\"https:\/\/www.amatimmobiliaris.com\/w\/category\/el-mundo-amat\/reflexiones\/\"},{\"@type\":\"ListItem\",\"position\":4,\"name\":\"Los j\u00f3venes de hoy me han sorprendido gratamente\"}]},{\"@type\":\"WebSite\",\"@id\":\"https:\/\/www.amatimmobiliaris.com\/w\/#website\",\"url\":\"https:\/\/www.amatimmobiliaris.com\/w\/\",\"name\":\"Amat Immobiliaris\",\"description\":\"Empresa familiar del sector inmobiliario con oficinas en Barcelona, Sant Cugat del Vall\u00e9s y Sant Just Desvern. Te ayudamos a comprar, alquilar o vender tu casa o piso. Somos un equipo coherente con una cultura de empresa honesta, innovadora y eficaz. Tambi\u00e9n en www.amatluxury.com\",\"publisher\":{\"@id\":\"https:\/\/www.amatimmobiliaris.com\/w\/#organization\"},\"alternateName\":\"AmatImmo\",\"potentialAction\":[{\"@type\":\"SearchAction\",\"target\":{\"@type\":\"EntryPoint\",\"urlTemplate\":\"https:\/\/www.amatimmobiliaris.com\/w\/?s={search_term_string}\"},\"query-input\":{\"@type\":\"PropertyValueSpecification\",\"valueRequired\":true,\"valueName\":\"search_term_string\"}}],\"inLanguage\":\"es\"},{\"@type\":\"Organization\",\"@id\":\"https:\/\/www.amatimmobiliaris.com\/w\/#organization\",\"name\":\"Amat Immobiliaris\",\"url\":\"https:\/\/www.amatimmobiliaris.com\/w\/\",\"logo\":{\"@type\":\"ImageObject\",\"inLanguage\":\"es\",\"@id\":\"https:\/\/www.amatimmobiliaris.com\/w\/#\/schema\/logo\/image\/\",\"url\":\"https:\/\/www.amatimmobiliaris.com\/w\/wp-content\/uploads\/2022\/10\/amat-logo.jpg\",\"contentUrl\":\"https:\/\/www.amatimmobiliaris.com\/w\/wp-content\/uploads\/2022\/10\/amat-logo.jpg\",\"width\":900,\"height\":900,\"caption\":\"Amat Immobiliaris\"},\"image\":{\"@id\":\"https:\/\/www.amatimmobiliaris.com\/w\/#\/schema\/logo\/image\/\"},\"sameAs\":[\"https:\/\/www.facebook.com\/amatimmobiliaris\",\"https:\/\/x.com\/amat_cat\",\"https:\/\/www.instagram.com\/amat_immo\/\",\"https:\/\/www.linkedin.com\/company\/amat-finques\/\",\"https:\/\/www.youtube.com\/@amatimmobiliaris\"]},{\"@type\":\"Person\",\"@id\":\"https:\/\/www.amatimmobiliaris.com\/w\/#\/schema\/person\/c880da71d1e156e7ea6774ffb445e034\",\"name\":\"Amat Immobiliaris\",\"sameAs\":[\"http:\/\/amat-inmo-wp.localhost\"]}]}<\/script>\n<!-- \/ Yoast SEO plugin. -->","yoast_head_json":{"title":"Los j\u00f3venes de hoy me han sorprendido gratamente | Amat Immobiliaris","robots":{"index":"index","follow":"follow","max-snippet":"max-snippet:-1","max-image-preview":"max-image-preview:large","max-video-preview":"max-video-preview:-1"},"canonical":"https:\/\/www.amatimmobiliaris.com\/w\/2012\/02\/los-joves-de-hoy-me-hansorprendio-gratamente\/","og_locale":"es_ES","og_type":"article","og_title":"Los j\u00f3venes de hoy me han sorprendido gratamente | Amat Immobiliaris","og_description":"\u00daltimamente,\u00a0he tenido la oportunidad de visitar diferentes centros educativos para explicar a los j\u00f3venes (chicos y chicas de 17, 18 y 19 a\u00f1os) qu\u00e9 significa \u00abser emprendedor\u00bb y qu\u00e9 significa \u00abser empresario\u00bb. En total, habr\u00e9 sido con m\u00e1s de 400 j\u00f3venes en los que he visto la realidad de la multiculturalidad y el resultado ha [&hellip;]","og_url":"https:\/\/www.amatimmobiliaris.com\/w\/2012\/02\/los-joves-de-hoy-me-hansorprendio-gratamente\/","og_site_name":"Amat Immobiliaris","article_publisher":"https:\/\/www.facebook.com\/amatimmobiliaris","article_published_time":"2012-02-10T09:29:43+00:00","article_modified_time":"2023-05-11T07:37:51+00:00","og_image":[{"width":1024,"height":683,"url":"https:\/\/www.amatimmobiliaris.com\/w\/wp-content\/uploads\/2022\/01\/2014-Saga-familiar-Amat-dw-1-1024x683.jpg","type":"image\/jpeg"}],"author":"Amat Immobiliaris","twitter_card":"summary_large_image","twitter_creator":"@amat_cat","twitter_site":"@amat_cat","twitter_misc":{"Escrito por":"Amat Immobiliaris","Tiempo de lectura":"2 minutos"},"schema":{"@context":"https:\/\/schema.org","@graph":[{"@type":"Article","@id":"https:\/\/www.amatimmobiliaris.com\/w\/2012\/02\/los-joves-de-hoy-me-hansorprendio-gratamente\/#article","isPartOf":{"@id":"https:\/\/www.amatimmobiliaris.com\/w\/2012\/02\/los-joves-de-hoy-me-hansorprendio-gratamente\/"},"author":{"name":"Amat Immobiliaris","@id":"https:\/\/www.amatimmobiliaris.com\/w\/#\/schema\/person\/c880da71d1e156e7ea6774ffb445e034"},"headline":"Los j\u00f3venes de hoy me han sorprendido gratamente","datePublished":"2012-02-10T09:29:43+00:00","dateModified":"2023-05-11T07:37:51+00:00","mainEntityOfPage":{"@id":"https:\/\/www.amatimmobiliaris.com\/w\/2012\/02\/los-joves-de-hoy-me-hansorprendio-gratamente\/"},"wordCount":241,"publisher":{"@id":"https:\/\/www.amatimmobiliaris.com\/w\/#organization"},"keywords":["Catalu\u00f1a","Econom\u00eda","Espa\u00f1a","Reflexiones","Sector inmobiliario"],"articleSection":["Reflexiones"],"inLanguage":"es"},{"@type":"WebPage","@id":"https:\/\/www.amatimmobiliaris.com\/w\/2012\/02\/los-joves-de-hoy-me-hansorprendio-gratamente\/","url":"https:\/\/www.amatimmobiliaris.com\/w\/2012\/02\/los-joves-de-hoy-me-hansorprendio-gratamente\/","name":"Los j\u00f3venes de hoy me han sorprendido gratamente | Amat Immobiliaris","isPartOf":{"@id":"https:\/\/www.amatimmobiliaris.com\/w\/#website"},"datePublished":"2012-02-10T09:29:43+00:00","dateModified":"2023-05-11T07:37:51+00:00","breadcrumb":{"@id":"https:\/\/www.amatimmobiliaris.com\/w\/2012\/02\/los-joves-de-hoy-me-hansorprendio-gratamente\/#breadcrumb"},"inLanguage":"es","potentialAction":[{"@type":"ReadAction","target":["https:\/\/www.amatimmobiliaris.com\/w\/2012\/02\/los-joves-de-hoy-me-hansorprendio-gratamente\/"]}]},{"@type":"BreadcrumbList","@id":"https:\/\/www.amatimmobiliaris.com\/w\/2012\/02\/los-joves-de-hoy-me-hansorprendio-gratamente\/#breadcrumb","itemListElement":[{"@type":"ListItem","position":1,"name":"Home","item":"https:\/\/www.amatimmobiliaris.com\/w\/"},{"@type":"ListItem","position":2,"name":"El mundo Amat","item":"https:\/\/www.amatimmobiliaris.com\/w\/category\/el-mundo-amat\/"},{"@type":"ListItem","position":3,"name":"Reflexiones","item":"https:\/\/www.amatimmobiliaris.com\/w\/category\/el-mundo-amat\/reflexiones\/"},{"@type":"ListItem","position":4,"name":"Los j\u00f3venes de hoy me han sorprendido gratamente"}]},{"@type":"WebSite","@id":"https:\/\/www.amatimmobiliaris.com\/w\/#website","url":"https:\/\/www.amatimmobiliaris.com\/w\/","name":"Amat Immobiliaris","description":"Empresa familiar del sector inmobiliario con oficinas en Barcelona, Sant Cugat del Vall\u00e9s y Sant Just Desvern. Te ayudamos a comprar, alquilar o vender tu casa o piso. Somos un equipo coherente con una cultura de empresa honesta, innovadora y eficaz. Tambi\u00e9n en www.amatluxury.com","publisher":{"@id":"https:\/\/www.amatimmobiliaris.com\/w\/#organization"},"alternateName":"AmatImmo","potentialAction":[{"@type":"SearchAction","target":{"@type":"EntryPoint","urlTemplate":"https:\/\/www.amatimmobiliaris.com\/w\/?s={search_term_string}"},"query-input":{"@type":"PropertyValueSpecification","valueRequired":true,"valueName":"search_term_string"}}],"inLanguage":"es"},{"@type":"Organization","@id":"https:\/\/www.amatimmobiliaris.com\/w\/#organization","name":"Amat Immobiliaris","url":"https:\/\/www.amatimmobiliaris.com\/w\/","logo":{"@type":"ImageObject","inLanguage":"es","@id":"https:\/\/www.amatimmobiliaris.com\/w\/#\/schema\/logo\/image\/","url":"https:\/\/www.amatimmobiliaris.com\/w\/wp-content\/uploads\/2022\/10\/amat-logo.jpg","contentUrl":"https:\/\/www.amatimmobiliaris.com\/w\/wp-content\/uploads\/2022\/10\/amat-logo.jpg","width":900,"height":900,"caption":"Amat Immobiliaris"},"image":{"@id":"https:\/\/www.amatimmobiliaris.com\/w\/#\/schema\/logo\/image\/"},"sameAs":["https:\/\/www.facebook.com\/amatimmobiliaris","https:\/\/x.com\/amat_cat","https:\/\/www.instagram.com\/amat_immo\/","https:\/\/www.linkedin.com\/company\/amat-finques\/","https:\/\/www.youtube.com\/@amatimmobiliaris"]},{"@type":"Person","@id":"https:\/\/www.amatimmobiliaris.com\/w\/#\/schema\/person\/c880da71d1e156e7ea6774ffb445e034","name":"Amat Immobiliaris","sameAs":["http:\/\/amat-inmo-wp.localhost"]}]}},"_links":{"self":[{"href":"https:\/\/www.amatimmobiliaris.com\/w\/wp-json\/wp\/v2\/posts\/1933"}],"collection":[{"href":"https:\/\/www.amatimmobiliaris.com\/w\/wp-json\/wp\/v2\/posts"}],"about":[{"href":"https:\/\/www.amatimmobiliaris.com\/w\/wp-json\/wp\/v2\/types\/post"}],"author":[{"embeddable":true,"href":"https:\/\/www.amatimmobiliaris.com\/w\/wp-json\/wp\/v2\/users\/1"}],"replies":[{"embeddable":true,"href":"https:\/\/www.amatimmobiliaris.com\/w\/wp-json\/wp\/v2\/comments?post=1933"}],"version-history":[{"count":6,"href":"https:\/\/www.amatimmobiliaris.com\/w\/wp-json\/wp\/v2\/posts\/1933\/revisions"}],"predecessor-version":[{"id":26624,"href":"https:\/\/www.amatimmobiliaris.com\/w\/wp-json\/wp\/v2\/posts\/1933\/revisions\/26624"}],"wp:attachment":[{"href":"https:\/\/www.amatimmobiliaris.com\/w\/wp-json\/wp\/v2\/media?parent=1933"}],"wp:term":[{"taxonomy":"category","embeddable":true,"href":"https:\/\/www.amatimmobiliaris.com\/w\/wp-json\/wp\/v2\/categories?post=1933"},{"taxonomy":"post_tag","embeddable":true,"href":"https:\/\/www.amatimmobiliaris.com\/w\/wp-json\/wp\/v2\/tags?post=1933"}],"curies":[{"name":"wp","href":"https:\/\/api.w.org\/{rel}","templated":true}]}}