{"id":1901,"date":"2012-06-11T09:09:48","date_gmt":"2012-06-11T09:09:48","guid":{"rendered":"https:\/\/amat-inmo-wp.localhost\/2017\/01\/24\/xviii-reunio-al-cercle-deconomia-sitges-28rcde-part-i\/"},"modified":"2023-05-11T10:03:12","modified_gmt":"2023-05-11T10:03:12","slug":"xviii-reunion-en-el-circulo-de-economia-sitges-28rcde-parte-i","status":"publish","type":"post","link":"https:\/\/www.amatimmobiliaris.com\/w\/2012\/06\/xviii-reunion-en-el-circulo-de-economia-sitges-28rcde-parte-i\/","title":{"rendered":"XVIII Reuni\u00f3n en el C\u00edrculo de Econom\u00eda (Sitges) #28RCdE &#8211; parte I"},"content":{"rendered":"<p>Ya tenemos aqu\u00ed uno de los post resumen sobre la XVII Reuni\u00f3n en el C\u00edrculo de\u00a0Econom\u00eda,\u00a0al que asistimos el pasado 31 de mayo, 1 y 2 de junio, en Sitges. Comentamos algunas de las intervenciones m\u00e1s destacadas:<\/p>\n<p>&#8211;\u00a0<span class=\"hiddenSpellError\">Artur Mas<\/span>, Presidente de la Generalidad de Catalu\u00f1a<br \/>\n&#8211; K.M.\u00a0<span class=\"hiddenSpellError\">Breslauer<\/span>, Patr\u00f3n Capital<br \/>\n&#8211;\u00a0<span class=\"hiddenSpellError\">Martin<\/span>\u00a0<span class=\"hiddenSpellError\">Senn<\/span>, de\u00a0<span class=\"hiddenSpellError\">Zurich<\/span>\u00a0<span class=\"hiddenSpellError\">Insurance<\/span>\u00a0<span class=\"hiddenSpellError\">Group<\/span><br \/>\n&#8211; Luis de Guindos, Ministro Econom\u00eda<br \/>\n&#8211; Bernard\u00a0<span class=\"hiddenSpellError\">Kouchner<\/span>,\u00a0exministro\u00a0de Asuntos Exteriores y Europeos de Francia<br \/>\n&#8211;\u00a0<span class=\"hiddenSpellError\">Joschka<\/span>\u00a0Fisher, Vicecanciller y Ministro de Asuntos Exteriores de Alemania<\/p>\n<p>Si quieres saber c\u00f3mo fueron el resto de intervenciones, puedes hacerlo a trav\u00e9s de <a href=\"https:\/\/www.amatimmobiliaris.com\/w\/2012\/06\/xviii-reunion-en-el-circulo-de-economia-sitges-28rcde-parte-ii\/\" target=\"_blank\" rel=\"noopener\">este post.<\/a><\/p>\n<p><strong>Artur Mas<\/strong>, <strong>Presidente de la Generalidad de Catalu\u00f1a<\/strong><\/p>\n<p>Todo el mundo est\u00e1 asustado porque el estado se financia a un 7%, la Generalitat hace tiempo que se est\u00e1 financiando a\u00a0<span class=\"hiddenGrammarError\">estos inter\u00e9s<\/span>.<br \/>\nEl problema b\u00e1sico y es de <strong>credibilidad<\/strong>. La austeridad no puede ser un \u201c<span class=\"hiddenSpellError\">totem<\/span>\u201d al que adoramos cada d\u00eda, debe haber flexibilidad.<br \/>\nApuestan por las <strong>TIC<\/strong>, es un sector en el que invertir menos dar\u00e1 m\u00e1s.<br \/>\nEl empresariado catal\u00e1n es la reserva de la econom\u00eda productiva del Sur de Europa, emerger\u00e1 el modelo de la econom\u00eda productiva, el esfuerzo diario, el liderazgo. En el a\u00f1o\u00a01995,\u00a0de las 271 regiones europeas, Catalu\u00f1a estaba en el puesto 88, ahora est\u00e1 en el 47, frente a nosotros est\u00e1n Madrid, Pa\u00eds Vasco y Navarra.<br \/>\nEl tema fiscal es un problema no resuelto, el planteamiento debe ser un modelo novedoso que permita responsabilidad fiscal propia. Catalu\u00f1a quiere financiar al Estado por las competencias que a\u00a0este\u00a0le quedan y por la cuota de solidaridad, al rev\u00e9s de ahora, que es el Estado quien financia a las Autonom\u00edas por las competencias traspasadas.<br \/>\nPara que haya un debate de soberan\u00eda debe haber pa\u00eds y naci\u00f3n, y en Catalu\u00f1a tenemos las dos cosas hist\u00f3ricamente y de presente.<\/p>\n<p><strong>K.M. Breslauer<\/strong>, <strong>Patr\u00f3n Capital<\/strong><\/p>\n<p>&nbsp;<\/p>\n<p>Factores de desconfianza en la econom\u00eda espa\u00f1ola:<\/p>\n<p>&#8211; La situaci\u00f3n empeora, la <strong>prima de riesgo<\/strong> ha subido 305 puntos en un a\u00f1o, mientras que en Alemania ha ca\u00eddo un 15%<br \/>\n&#8211; Tenemos unos niveles de <strong>deuda p\u00fablica<\/strong> y privada incre\u00edbles, el tema de Bankia lo ha acabado de rematar<br \/>\n&#8211; La ca\u00edda del precio de la vivienda ha sido sin fin<br \/>\n&#8211; No se han actualizado los valores de los activos<\/p>\n<p>En cambio, hay cosas muy buenas:<\/p>\n<p>&#8211; Ha mejorado la competitividad<br \/>\n&#8211; Ha aumentado el turismo<br \/>\n&#8211; Tenemos buenas infraestructuras<br \/>\n&#8211; Tenemos buenas condiciones medioambientales<\/p>\n<p><em>\u00bfVolver\u00e1 a crecer la econom\u00eda?<\/em><br \/>\nHabr\u00e1 que remodelar muchas cosas, se necesitar\u00eda m\u00e1s liquidez y m\u00e1s competitividad.\u00a0Patr\u00f3n\u00a0Capital quiere invertir y lo est\u00e1 haciendo, el desaf\u00edo es definir su precio<\/p>\n<p><strong>Martin Senn<\/strong>, <strong>de Zurich Insurance Group<\/strong><\/p>\n<p>&nbsp;<\/p>\n<p>Las empresas <strong>aseguradoras<\/strong> son las mayores inversoras del mundo, invierten trillones en todo el mundo.<br \/>\nSon inversores disciplinados, con visi\u00f3n a largo plazo, invierten en Espa\u00f1a, son los 6 inversores en bonos de Espa\u00f1a.<br \/>\nLa econom\u00eda espa\u00f1ola, quinta econom\u00eda de la Eurozona, est\u00e1 en recesi\u00f3n, a corto plazo habr\u00e1 un reforzamiento de la liquidez y muchas reformas. El euro no se desmontar\u00e1 y el hecho de que nos auditen empresas de fuera dar\u00e1 <strong>tranquilidad<\/strong>.<br \/>\nEllos, como inversores a largo plazo, creen que el crecimiento continuar\u00e1, aunque con volatilidad de los mercados financieros, les da miedo\u00a0<span class=\"hiddenGrammarError\">el<\/span>\u00a0seriamente del proteccionismo.\u00a0<span class=\"hiddenSpellError\">Zurich<\/span>\u00a0no invierte si en el mismo momento no crecen las p\u00f3lizas.<\/p>\n<p><strong>Luis de Guindos<\/strong>, <strong>Ministre Economia<\/strong><\/p>\n<p>El euro est\u00e1 en un cruce, existe una <strong>fragmentaci\u00f3n<\/strong> de los mercados de capital en la zona euro que antes estaban integrados.<br \/>\nExiste una\u00a0<span class=\"hiddenSpellError\">renacionalizaci\u00f3n<\/span>\u00a0de los mercados bancarios como consecuencia de las dudas que genera el proyecto.<br \/>\nEuropa tendr\u00e1 en 2012 crecimiento negativo, tiene implicaci\u00f3n por el sistema bancario y por el camino de la consolidaci\u00f3n fiscal.<br \/>\nEl futuro del euro se juega en las pr\u00f3ximas semanas en Italia y Espa\u00f1a. Si Espa\u00f1a reduce prima de riesgo y afluyen los capitales, significa que el proyecto europeo sigue adelante,\u00a0si no\u00a0el riesgo del euro es muy grande.<br \/>\nEn Espa\u00f1a la vulnerabilidad viene del endeudamiento, 140% del PIB (el 40% de los promotores), la deuda externa es del 90% del PIB y tiene un vencimiento cercano. Estamos en una situaci\u00f3n dif\u00edcil.<br \/>\nLa ventaja de Espa\u00f1a es que tiene capacidad de <strong>exportar<\/strong>, lo que no sucede en Grecia ni en Italia.\u00a0Hist\u00f3ricamente,\u00a0este factor ha ayudado a la remontada.<br \/>\nOtro tema a resolver es la reforma bancaria. Se necesita que haya cr\u00e9dito, porque lo que hasta ahora se ha dado ha sido para refinanciar. El Gobierno ha hecho aumentar el aprovisionamiento del 45%, y, sin embargo,\u00a0todav\u00eda existen dudas sobre la sostenibilidad del sistema financiero espa\u00f1ol. El pr\u00f3ximo 11 de\u00a0junio\u00a0\u200b\u200bestar\u00e1 el informe del FMI sobre la situaci\u00f3n de la banca espa\u00f1ola, dir\u00e1 que el 70% es buena, y que un 30% tiene dificultades. Tambi\u00e9n a finales de junio habr\u00e1 el resultado de las dos valoraciones independientes que se han encargado.<br \/>\nA la pregunta de por qu\u00e9 no dejar caer a Bankia, dice literalmente que es una burrada, que afectar\u00eda a la confianza.<\/p>\n<p><strong>Bernard Kouchner<\/strong>, <strong>Ex Ministro de Asuntos Exteriores y Europeos de Francia<\/strong><\/p>\n<p>&nbsp;<\/p>\n<p>\u00c9l habla m\u00e1s de pol\u00edtica que de econom\u00eda.<br \/>\nLe sorprende que en la campa\u00f1a de <strong>Holanda\u00a0<\/strong>no se hablara de Europa.<br \/>\nUno de los problemas de la democracia es que si no se miente en el pueblo no te votan.<br \/>\nEuropa se fund\u00f3 bas\u00e1ndose en un <strong>acuerdo de paz<\/strong>, llevamos 60 a\u00f1os sin guerra, el per\u00edodo m\u00e1s largo de la historia, compartimos en la actualidad muchas cosas, los j\u00f3venes ya han crecido en este modelo, lo encuentran normal, pero no hay perspectiva pol\u00edtica y tenemos una situaci\u00f3n de emergencia. El d\u00eda 17 de junio \u200b\u200bser\u00e1 clave, hay elecciones en Grecia y en Francia, lo positivo es que Irlanda ha\u00a0votado,\u00a0s\u00ed, a favor del tratado fiscal pese a los recortes.<br \/>\nDespu\u00e9s de 20 a\u00f1os de crecimiento en parte gracias a Europa, \u00bfqui\u00e9n tiene la culpa? Sobre todo a los pol\u00edticos. En Grecia nos jugamos mucho, y si no sale una mayor\u00eda habr\u00e1 que poner un gobierno t\u00e9cnico, pero afectar\u00eda muy negativamente a Espa\u00f1a, Portugal e Italia.<br \/>\nHay que convencer a Alemania de que nos juguemos Europa. En cuanto a la idea de los <strong>eurobonos<\/strong> para socializar la deuda, cree que los alemanes se negar\u00e1n, que se necesita tiempo, que todo es muy lento y la gente est\u00e1 cansada. Cree que la idea de solidaridad no es compartida en Europa, la solidaridad ha estado liderada durante a\u00f1os por Alemania Occidental.<br \/>\nEn las elecciones francesas los j\u00f3venes no se han interesado por nada de Europa. Piensa que m\u00e1s all\u00e1 de la emergencia en la que nos encontramos, es necesario entender la historia, aplicar planes de austeridad ya la vez reformar Europa. Para conseguir crecimiento se necesita confianza, ser\u00e1 necesaria una fiscalidad com\u00fan y un mayor <strong>federalismo<\/strong>, y en Francia, el concepto de soberan\u00eda nacional lo tienen muy fuerte.<\/p>\n<p>Cree que aceptar\u00edan un pacto presupuestario, pero no una uni\u00f3n pol\u00edtica. No ve posible que los franceses avancen por el camino que toca, Francia ha intentado reformar el pa\u00eds, pero los franceses no han conectado con Europa, de los males que tienen acusan a Europa.<br \/>\nSe cometi\u00f3 un gran error al bloquear la entrada de Turqu\u00eda en Europa, ya no \u00e9ramos ni somos el centro del mundo, y ahora vienen los turcos, los chinos, los brasile\u00f1os&#8230; Es optimista. Los alemanes solidarios tienen la clave, la Uni\u00f3n Europea es la respuesta,\u00a0<span class=\"hiddenSpellError\">Salvem<\/span>\u00a0Europa.<\/p>\n<p><strong>Joschka Fisher<\/strong>, <strong>Vicecanceller i Ministre d\u2019 Afers Exteriors d\u2019 Alemanya<\/strong><\/p>\n<p>&nbsp;<\/p>\n<p>Estamos al borde del <strong>desastre<\/strong>, al final de un orden pol\u00edtico, al final del papel de Europa. Debemos preocuparnos de nuestros intereses, \u00bfc\u00f3mo puede que se preocupen m\u00e1s los chinos que nosotros? \u00bfSer <strong>realista<\/strong> es pensar que el barco se hunde, y que debemos hacer? Cada Presidente piensa en \u00e9l y no piensan que todos caer\u00e1n si cae el euro.<br \/>\nHay un enfrentamiento entre la Europa de los 17 y la de los 27, es un desaf\u00edo hist\u00f3rico, cambiar de la idea de la Europa confederada a la Europa federal,\u00a0si no\u00a0lo hacemos, Europa no va a sobrevivir.<\/p>\n<p>Est\u00e1 muy claro lo que hay que hacer:<\/p>\n<p>&#8211; Uni\u00f3n fiscal, es necesario europeizar la deuda<br \/>\n&#8211; Mejorar la competitividad<br \/>\n&#8211; Equilibrar crecimiento con austeridad<\/p>\n<p>Los alemanes lo tienen claro, pero no lo\u00a0har\u00e1n,\u00a0sino que\u00a0existe una transferencia de poder a las instituciones comunes, no funcionar\u00e1 si se hace\u00a0bas\u00e1ndose en\u00a0Maastricht. Los alemanes est\u00e1n frustrados y dejar\u00e1n que se caiga todo. No es una cuesti\u00f3n de solidaridad, sino que quieren salir adelante, quieren transferencia de soberan\u00eda a una Instituci\u00f3n.<br \/>\nCree que se necesita una <strong>tesorer\u00eda com\u00fan<\/strong>, y duda de que Francia vaya en esa direcci\u00f3n. Alemania, si no existe integraci\u00f3n pol\u00edtica, no har\u00e1 la presupuestar\u00eda. Los Presidentes no trabajan suficientemente conjuntamente.<br \/>\nSe necesita un Parlamento Europeo de verdad, una\u00a0<strong>Euro c\u00e1mara<\/strong>\u00a0hecha por los representantes de los pa\u00edses directamente, no lo que tenemos ahora, que es una estructura. Lo que es evidente es que el pr\u00f3ximo a\u00f1o, o tenemos una Europa m\u00e1s fuerte, o el caos.<\/p>\n<p>Los eurobonos son una tonter\u00eda, Alemania no paga con tarjeta de cr\u00e9dito, paga en <strong>efectivo<\/strong>. Si cae el\u00a0euro,\u00a0los alemanes perder\u00e1n m\u00e1s de un bill\u00f3n. El precio de la ca\u00edda del euro es muy alto. Quiere ser positivo, pero falta liderazgo. La crisis no es culpa de los mercados, es culpa nuestra, es necesario liderar el camino de ir a una estructura federal real.<br \/>\nCree que en Francia la derecha es\u00a0euroesc\u00e9ptica, los del <strong>Le Pen<\/strong> est\u00e1n en contra, y los socialistas, o al menos una parte importante tambi\u00e9n, as\u00ed se hace muy dif\u00edcil avanzar.<\/p>\n<p>El Eurogrupo, o sea los 17, son la vanguardia de Europa y los 27 deber\u00edan ser invitados, pero no votar. Es necesario formar una nueva Europa con un Parlamento con <strong>dos c\u00e1maras.<\/strong><\/p>\n<p>Cabe pensar que la uni\u00f3n monetaria fue una decisi\u00f3n pol\u00edtica, no econ\u00f3mica, si ahora fracasa, lo que fracasa es la idea de Europa. Uno de los temas que lo condiciona todo es la historia, muchos pa\u00edses europeos son\u00a0estados-naci\u00f3n de hace pocos a\u00f1os, del siglo XIX, otros como Espa\u00f1a y Francia, lo son de mucho antes, lo tienen mucho m\u00e1s arraigado. Grecia es importante desde el punto de vista geopol\u00edtico: es un elemento de estabilidad en los Balcanes.<br \/>\nTampoco hay que olvidar que en los 90, Alemania tuvo que realizar reformas dur\u00edsimas, impopulares, y mientras Aznar les echaba el humo en la cara con prepotencia.<br \/>\nUno de los graves problemas es que ni Francia, ni Alemania, ni Inglaterra quieren liderar. Si el euro se desintegra habr\u00e1 un proceso de\u00a0<span class=\"hiddenSpellError\">renacionalizaci\u00f3n<\/span>.<\/p>\n","protected":false},"excerpt":{"rendered":"<p>Ya tenemos aqu\u00ed uno de los post resumen sobre la XVII Reuni\u00f3n en el C\u00edrculo de\u00a0Econom\u00eda,\u00a0al que asistimos el pasado 31 de mayo, 1 y 2 de junio, en Sitges. Comentamos algunas de las intervenciones m\u00e1s destacadas: &#8211;\u00a0Artur Mas, Presidente de la Generalidad de Catalu\u00f1a &#8211; K.M.\u00a0Breslauer, Patr\u00f3n Capital &#8211;\u00a0Martin\u00a0Senn, de\u00a0Zurich\u00a0Insurance\u00a0Group &#8211; Luis de Guindos, [&hellip;]<\/p>\n","protected":false},"author":1,"featured_media":0,"comment_status":"closed","ping_status":"closed","sticky":false,"template":"","format":"standard","meta":{"content-type":"","footnotes":""},"categories":[742],"tags":[1232,2027,1824,1599,1710,1679,571,1449,966,1652,1774],"yoast_head":"<!-- This site is optimized with the Yoast SEO plugin v23.9 - https:\/\/yoast.com\/wordpress\/plugins\/seo\/ -->\n<title>XVIII Reuni\u00f3n en el C\u00edrculo de Econom\u00eda (Sitges) #28RCdE - parte I | Amat Immobiliaris<\/title>\n<meta name=\"robots\" content=\"index, follow, max-snippet:-1, max-image-preview:large, max-video-preview:-1\" \/>\n<link rel=\"canonical\" href=\"https:\/\/www.amatimmobiliaris.com\/w\/2012\/06\/xviii-reunion-en-el-circulo-de-economia-sitges-28rcde-parte-i\/\" \/>\n<meta property=\"og:locale\" content=\"es_ES\" \/>\n<meta property=\"og:type\" content=\"article\" \/>\n<meta property=\"og:title\" content=\"XVIII Reuni\u00f3n en el C\u00edrculo de Econom\u00eda (Sitges) #28RCdE - parte I | Amat Immobiliaris\" \/>\n<meta property=\"og:description\" content=\"Ya tenemos aqu\u00ed uno de los post resumen sobre la XVII Reuni\u00f3n en el C\u00edrculo de\u00a0Econom\u00eda,\u00a0al que asistimos el pasado 31 de mayo, 1 y 2 de junio, en Sitges. Comentamos algunas de las intervenciones m\u00e1s destacadas: &#8211;\u00a0Artur Mas, Presidente de la Generalidad de Catalu\u00f1a &#8211; K.M.\u00a0Breslauer, Patr\u00f3n Capital &#8211;\u00a0Martin\u00a0Senn, de\u00a0Zurich\u00a0Insurance\u00a0Group &#8211; Luis de Guindos, [&hellip;]\" \/>\n<meta property=\"og:url\" content=\"https:\/\/www.amatimmobiliaris.com\/w\/2012\/06\/xviii-reunion-en-el-circulo-de-economia-sitges-28rcde-parte-i\/\" \/>\n<meta property=\"og:site_name\" content=\"Amat Immobiliaris\" \/>\n<meta property=\"article:publisher\" content=\"https:\/\/www.facebook.com\/amatimmobiliaris\" \/>\n<meta property=\"article:published_time\" content=\"2012-06-11T09:09:48+00:00\" \/>\n<meta property=\"article:modified_time\" content=\"2023-05-11T10:03:12+00:00\" \/>\n<meta property=\"og:image\" content=\"https:\/\/www.amatimmobiliaris.com\/w\/wp-content\/uploads\/2022\/01\/2014-Saga-familiar-Amat-dw-1-1024x683.jpg\" \/>\n\t<meta property=\"og:image:width\" content=\"1024\" \/>\n\t<meta property=\"og:image:height\" content=\"683\" \/>\n\t<meta property=\"og:image:type\" content=\"image\/jpeg\" \/>\n<meta name=\"author\" content=\"Amat Immobiliaris\" \/>\n<meta name=\"twitter:card\" content=\"summary_large_image\" \/>\n<meta name=\"twitter:creator\" content=\"@amat_cat\" \/>\n<meta name=\"twitter:site\" content=\"@amat_cat\" \/>\n<meta name=\"twitter:label1\" content=\"Escrito por\" \/>\n\t<meta name=\"twitter:data1\" content=\"Amat Immobiliaris\" \/>\n\t<meta name=\"twitter:label2\" content=\"Tiempo de lectura\" \/>\n\t<meta name=\"twitter:data2\" content=\"8 minutos\" \/>\n<script type=\"application\/ld+json\" class=\"yoast-schema-graph\">{\"@context\":\"https:\/\/schema.org\",\"@graph\":[{\"@type\":\"Article\",\"@id\":\"https:\/\/www.amatimmobiliaris.com\/w\/2012\/06\/xviii-reunion-en-el-circulo-de-economia-sitges-28rcde-parte-i\/#article\",\"isPartOf\":{\"@id\":\"https:\/\/www.amatimmobiliaris.com\/w\/2012\/06\/xviii-reunion-en-el-circulo-de-economia-sitges-28rcde-parte-i\/\"},\"author\":{\"name\":\"Amat Immobiliaris\",\"@id\":\"https:\/\/www.amatimmobiliaris.com\/w\/#\/schema\/person\/c880da71d1e156e7ea6774ffb445e034\"},\"headline\":\"XVIII Reuni\u00f3n en el C\u00edrculo de Econom\u00eda (Sitges) #28RCdE &#8211; parte I\",\"datePublished\":\"2012-06-11T09:09:48+00:00\",\"dateModified\":\"2023-05-11T10:03:12+00:00\",\"mainEntityOfPage\":{\"@id\":\"https:\/\/www.amatimmobiliaris.com\/w\/2012\/06\/xviii-reunion-en-el-circulo-de-economia-sitges-28rcde-parte-i\/\"},\"wordCount\":1904,\"publisher\":{\"@id\":\"https:\/\/www.amatimmobiliaris.com\/w\/#organization\"},\"keywords\":[\"Artur Mas\",\"C\u00edrculo de Econom\u00eda\",\"Confianza\",\"Crisis\",\"Esdeveniment\",\"Evento\",\"Ley\",\"Luis de Guindos\",\"Reuni\u00f3n\",\"Sostenibilidad\",\"Uni\u00f3n Europea\"],\"articleSection\":[\"Eventos\"],\"inLanguage\":\"es\"},{\"@type\":\"WebPage\",\"@id\":\"https:\/\/www.amatimmobiliaris.com\/w\/2012\/06\/xviii-reunion-en-el-circulo-de-economia-sitges-28rcde-parte-i\/\",\"url\":\"https:\/\/www.amatimmobiliaris.com\/w\/2012\/06\/xviii-reunion-en-el-circulo-de-economia-sitges-28rcde-parte-i\/\",\"name\":\"XVIII Reuni\u00f3n en el C\u00edrculo de Econom\u00eda (Sitges) #28RCdE - parte I | Amat Immobiliaris\",\"isPartOf\":{\"@id\":\"https:\/\/www.amatimmobiliaris.com\/w\/#website\"},\"datePublished\":\"2012-06-11T09:09:48+00:00\",\"dateModified\":\"2023-05-11T10:03:12+00:00\",\"breadcrumb\":{\"@id\":\"https:\/\/www.amatimmobiliaris.com\/w\/2012\/06\/xviii-reunion-en-el-circulo-de-economia-sitges-28rcde-parte-i\/#breadcrumb\"},\"inLanguage\":\"es\",\"potentialAction\":[{\"@type\":\"ReadAction\",\"target\":[\"https:\/\/www.amatimmobiliaris.com\/w\/2012\/06\/xviii-reunion-en-el-circulo-de-economia-sitges-28rcde-parte-i\/\"]}]},{\"@type\":\"BreadcrumbList\",\"@id\":\"https:\/\/www.amatimmobiliaris.com\/w\/2012\/06\/xviii-reunion-en-el-circulo-de-economia-sitges-28rcde-parte-i\/#breadcrumb\",\"itemListElement\":[{\"@type\":\"ListItem\",\"position\":1,\"name\":\"Home\",\"item\":\"https:\/\/www.amatimmobiliaris.com\/w\/\"},{\"@type\":\"ListItem\",\"position\":2,\"name\":\"Eventos\",\"item\":\"https:\/\/www.amatimmobiliaris.com\/w\/category\/eventos\/\"},{\"@type\":\"ListItem\",\"position\":3,\"name\":\"XVIII Reuni\u00f3n en el C\u00edrculo de Econom\u00eda (Sitges) #28RCdE &#8211; parte I\"}]},{\"@type\":\"WebSite\",\"@id\":\"https:\/\/www.amatimmobiliaris.com\/w\/#website\",\"url\":\"https:\/\/www.amatimmobiliaris.com\/w\/\",\"name\":\"Amat Immobiliaris\",\"description\":\"Empresa familiar del sector inmobiliario con oficinas en Barcelona, Sant Cugat del Vall\u00e9s y Sant Just Desvern. Te ayudamos a comprar, alquilar o vender tu casa o piso. Somos un equipo coherente con una cultura de empresa honesta, innovadora y eficaz. Tambi\u00e9n en www.amatluxury.com\",\"publisher\":{\"@id\":\"https:\/\/www.amatimmobiliaris.com\/w\/#organization\"},\"alternateName\":\"AmatImmo\",\"potentialAction\":[{\"@type\":\"SearchAction\",\"target\":{\"@type\":\"EntryPoint\",\"urlTemplate\":\"https:\/\/www.amatimmobiliaris.com\/w\/?s={search_term_string}\"},\"query-input\":{\"@type\":\"PropertyValueSpecification\",\"valueRequired\":true,\"valueName\":\"search_term_string\"}}],\"inLanguage\":\"es\"},{\"@type\":\"Organization\",\"@id\":\"https:\/\/www.amatimmobiliaris.com\/w\/#organization\",\"name\":\"Amat Immobiliaris\",\"url\":\"https:\/\/www.amatimmobiliaris.com\/w\/\",\"logo\":{\"@type\":\"ImageObject\",\"inLanguage\":\"es\",\"@id\":\"https:\/\/www.amatimmobiliaris.com\/w\/#\/schema\/logo\/image\/\",\"url\":\"https:\/\/www.amatimmobiliaris.com\/w\/wp-content\/uploads\/2022\/10\/amat-logo.jpg\",\"contentUrl\":\"https:\/\/www.amatimmobiliaris.com\/w\/wp-content\/uploads\/2022\/10\/amat-logo.jpg\",\"width\":900,\"height\":900,\"caption\":\"Amat Immobiliaris\"},\"image\":{\"@id\":\"https:\/\/www.amatimmobiliaris.com\/w\/#\/schema\/logo\/image\/\"},\"sameAs\":[\"https:\/\/www.facebook.com\/amatimmobiliaris\",\"https:\/\/x.com\/amat_cat\",\"https:\/\/www.instagram.com\/amat_immo\/\",\"https:\/\/www.linkedin.com\/company\/amat-finques\/\",\"https:\/\/www.youtube.com\/@amatimmobiliaris\"]},{\"@type\":\"Person\",\"@id\":\"https:\/\/www.amatimmobiliaris.com\/w\/#\/schema\/person\/c880da71d1e156e7ea6774ffb445e034\",\"name\":\"Amat Immobiliaris\",\"sameAs\":[\"http:\/\/amat-inmo-wp.localhost\"]}]}<\/script>\n<!-- \/ Yoast SEO plugin. -->","yoast_head_json":{"title":"XVIII Reuni\u00f3n en el C\u00edrculo de Econom\u00eda (Sitges) #28RCdE - parte I | Amat Immobiliaris","robots":{"index":"index","follow":"follow","max-snippet":"max-snippet:-1","max-image-preview":"max-image-preview:large","max-video-preview":"max-video-preview:-1"},"canonical":"https:\/\/www.amatimmobiliaris.com\/w\/2012\/06\/xviii-reunion-en-el-circulo-de-economia-sitges-28rcde-parte-i\/","og_locale":"es_ES","og_type":"article","og_title":"XVIII Reuni\u00f3n en el C\u00edrculo de Econom\u00eda (Sitges) #28RCdE - parte I | Amat Immobiliaris","og_description":"Ya tenemos aqu\u00ed uno de los post resumen sobre la XVII Reuni\u00f3n en el C\u00edrculo de\u00a0Econom\u00eda,\u00a0al que asistimos el pasado 31 de mayo, 1 y 2 de junio, en Sitges. Comentamos algunas de las intervenciones m\u00e1s destacadas: &#8211;\u00a0Artur Mas, Presidente de la Generalidad de Catalu\u00f1a &#8211; K.M.\u00a0Breslauer, Patr\u00f3n Capital &#8211;\u00a0Martin\u00a0Senn, de\u00a0Zurich\u00a0Insurance\u00a0Group &#8211; Luis de Guindos, [&hellip;]","og_url":"https:\/\/www.amatimmobiliaris.com\/w\/2012\/06\/xviii-reunion-en-el-circulo-de-economia-sitges-28rcde-parte-i\/","og_site_name":"Amat Immobiliaris","article_publisher":"https:\/\/www.facebook.com\/amatimmobiliaris","article_published_time":"2012-06-11T09:09:48+00:00","article_modified_time":"2023-05-11T10:03:12+00:00","og_image":[{"width":1024,"height":683,"url":"https:\/\/www.amatimmobiliaris.com\/w\/wp-content\/uploads\/2022\/01\/2014-Saga-familiar-Amat-dw-1-1024x683.jpg","type":"image\/jpeg"}],"author":"Amat Immobiliaris","twitter_card":"summary_large_image","twitter_creator":"@amat_cat","twitter_site":"@amat_cat","twitter_misc":{"Escrito por":"Amat Immobiliaris","Tiempo de lectura":"8 minutos"},"schema":{"@context":"https:\/\/schema.org","@graph":[{"@type":"Article","@id":"https:\/\/www.amatimmobiliaris.com\/w\/2012\/06\/xviii-reunion-en-el-circulo-de-economia-sitges-28rcde-parte-i\/#article","isPartOf":{"@id":"https:\/\/www.amatimmobiliaris.com\/w\/2012\/06\/xviii-reunion-en-el-circulo-de-economia-sitges-28rcde-parte-i\/"},"author":{"name":"Amat Immobiliaris","@id":"https:\/\/www.amatimmobiliaris.com\/w\/#\/schema\/person\/c880da71d1e156e7ea6774ffb445e034"},"headline":"XVIII Reuni\u00f3n en el C\u00edrculo de Econom\u00eda (Sitges) #28RCdE &#8211; parte I","datePublished":"2012-06-11T09:09:48+00:00","dateModified":"2023-05-11T10:03:12+00:00","mainEntityOfPage":{"@id":"https:\/\/www.amatimmobiliaris.com\/w\/2012\/06\/xviii-reunion-en-el-circulo-de-economia-sitges-28rcde-parte-i\/"},"wordCount":1904,"publisher":{"@id":"https:\/\/www.amatimmobiliaris.com\/w\/#organization"},"keywords":["Artur Mas","C\u00edrculo de Econom\u00eda","Confianza","Crisis","Esdeveniment","Evento","Ley","Luis de Guindos","Reuni\u00f3n","Sostenibilidad","Uni\u00f3n Europea"],"articleSection":["Eventos"],"inLanguage":"es"},{"@type":"WebPage","@id":"https:\/\/www.amatimmobiliaris.com\/w\/2012\/06\/xviii-reunion-en-el-circulo-de-economia-sitges-28rcde-parte-i\/","url":"https:\/\/www.amatimmobiliaris.com\/w\/2012\/06\/xviii-reunion-en-el-circulo-de-economia-sitges-28rcde-parte-i\/","name":"XVIII Reuni\u00f3n en el C\u00edrculo de Econom\u00eda (Sitges) #28RCdE - parte I | Amat Immobiliaris","isPartOf":{"@id":"https:\/\/www.amatimmobiliaris.com\/w\/#website"},"datePublished":"2012-06-11T09:09:48+00:00","dateModified":"2023-05-11T10:03:12+00:00","breadcrumb":{"@id":"https:\/\/www.amatimmobiliaris.com\/w\/2012\/06\/xviii-reunion-en-el-circulo-de-economia-sitges-28rcde-parte-i\/#breadcrumb"},"inLanguage":"es","potentialAction":[{"@type":"ReadAction","target":["https:\/\/www.amatimmobiliaris.com\/w\/2012\/06\/xviii-reunion-en-el-circulo-de-economia-sitges-28rcde-parte-i\/"]}]},{"@type":"BreadcrumbList","@id":"https:\/\/www.amatimmobiliaris.com\/w\/2012\/06\/xviii-reunion-en-el-circulo-de-economia-sitges-28rcde-parte-i\/#breadcrumb","itemListElement":[{"@type":"ListItem","position":1,"name":"Home","item":"https:\/\/www.amatimmobiliaris.com\/w\/"},{"@type":"ListItem","position":2,"name":"Eventos","item":"https:\/\/www.amatimmobiliaris.com\/w\/category\/eventos\/"},{"@type":"ListItem","position":3,"name":"XVIII Reuni\u00f3n en el C\u00edrculo de Econom\u00eda (Sitges) #28RCdE &#8211; parte I"}]},{"@type":"WebSite","@id":"https:\/\/www.amatimmobiliaris.com\/w\/#website","url":"https:\/\/www.amatimmobiliaris.com\/w\/","name":"Amat Immobiliaris","description":"Empresa familiar del sector inmobiliario con oficinas en Barcelona, Sant Cugat del Vall\u00e9s y Sant Just Desvern. Te ayudamos a comprar, alquilar o vender tu casa o piso. Somos un equipo coherente con una cultura de empresa honesta, innovadora y eficaz. Tambi\u00e9n en www.amatluxury.com","publisher":{"@id":"https:\/\/www.amatimmobiliaris.com\/w\/#organization"},"alternateName":"AmatImmo","potentialAction":[{"@type":"SearchAction","target":{"@type":"EntryPoint","urlTemplate":"https:\/\/www.amatimmobiliaris.com\/w\/?s={search_term_string}"},"query-input":{"@type":"PropertyValueSpecification","valueRequired":true,"valueName":"search_term_string"}}],"inLanguage":"es"},{"@type":"Organization","@id":"https:\/\/www.amatimmobiliaris.com\/w\/#organization","name":"Amat Immobiliaris","url":"https:\/\/www.amatimmobiliaris.com\/w\/","logo":{"@type":"ImageObject","inLanguage":"es","@id":"https:\/\/www.amatimmobiliaris.com\/w\/#\/schema\/logo\/image\/","url":"https:\/\/www.amatimmobiliaris.com\/w\/wp-content\/uploads\/2022\/10\/amat-logo.jpg","contentUrl":"https:\/\/www.amatimmobiliaris.com\/w\/wp-content\/uploads\/2022\/10\/amat-logo.jpg","width":900,"height":900,"caption":"Amat Immobiliaris"},"image":{"@id":"https:\/\/www.amatimmobiliaris.com\/w\/#\/schema\/logo\/image\/"},"sameAs":["https:\/\/www.facebook.com\/amatimmobiliaris","https:\/\/x.com\/amat_cat","https:\/\/www.instagram.com\/amat_immo\/","https:\/\/www.linkedin.com\/company\/amat-finques\/","https:\/\/www.youtube.com\/@amatimmobiliaris"]},{"@type":"Person","@id":"https:\/\/www.amatimmobiliaris.com\/w\/#\/schema\/person\/c880da71d1e156e7ea6774ffb445e034","name":"Amat Immobiliaris","sameAs":["http:\/\/amat-inmo-wp.localhost"]}]}},"_links":{"self":[{"href":"https:\/\/www.amatimmobiliaris.com\/w\/wp-json\/wp\/v2\/posts\/1901"}],"collection":[{"href":"https:\/\/www.amatimmobiliaris.com\/w\/wp-json\/wp\/v2\/posts"}],"about":[{"href":"https:\/\/www.amatimmobiliaris.com\/w\/wp-json\/wp\/v2\/types\/post"}],"author":[{"embeddable":true,"href":"https:\/\/www.amatimmobiliaris.com\/w\/wp-json\/wp\/v2\/users\/1"}],"replies":[{"embeddable":true,"href":"https:\/\/www.amatimmobiliaris.com\/w\/wp-json\/wp\/v2\/comments?post=1901"}],"version-history":[{"count":7,"href":"https:\/\/www.amatimmobiliaris.com\/w\/wp-json\/wp\/v2\/posts\/1901\/revisions"}],"predecessor-version":[{"id":25992,"href":"https:\/\/www.amatimmobiliaris.com\/w\/wp-json\/wp\/v2\/posts\/1901\/revisions\/25992"}],"wp:attachment":[{"href":"https:\/\/www.amatimmobiliaris.com\/w\/wp-json\/wp\/v2\/media?parent=1901"}],"wp:term":[{"taxonomy":"category","embeddable":true,"href":"https:\/\/www.amatimmobiliaris.com\/w\/wp-json\/wp\/v2\/categories?post=1901"},{"taxonomy":"post_tag","embeddable":true,"href":"https:\/\/www.amatimmobiliaris.com\/w\/wp-json\/wp\/v2\/tags?post=1901"}],"curies":[{"name":"wp","href":"https:\/\/api.w.org\/{rel}","templated":true}]}}