{"id":1893,"date":"2012-09-25T09:05:42","date_gmt":"2012-09-25T09:05:42","guid":{"rendered":"https:\/\/amat-inmo-wp.localhost\/2017\/01\/24\/reflexions-a-lentorn-duna-xerrada-a-apce\/"},"modified":"2023-05-18T13:24:43","modified_gmt":"2023-05-18T13:24:43","slug":"reflexiones-en-torno-a-una-charla-en-apce","status":"publish","type":"post","link":"https:\/\/www.amatimmobiliaris.com\/w\/2012\/09\/reflexiones-en-torno-a-una-charla-en-apce\/","title":{"rendered":"Reflexiones en torno a una charla en APCE"},"content":{"rendered":"<p>Estamos en septiembre de 2012 y hay una charla en APCE, la <a href=\"https:\/\/apcebcn.cat\/\">Asociaci\u00f3n de Promotores<\/a>. Los <strong>promotores<\/strong> asistentes se maravillan unos de otros de que todav\u00eda est\u00e9n vivos (empresarialmente hablando).<\/p>\n<p>Son pocas las <strong>empresas<\/strong> promotoras que con penas y trabajos han sobrevivido hasta la fecha. \u00bfPodr\u00e1n sobrevivir mucho m\u00e1s? El paisaje empresarial es desolador, no quedan <strong>empresarios<\/strong> y en consecuencia han desaparecido un sinf\u00edn de <strong>puestos de trabajo<\/strong>, \u00bfqu\u00e9\u00a0debemos hacer?<\/p>\n<p>El <a href=\"https:\/\/www.amatimmobiliaris.com\/es\/obra-nueva\"><strong>sector inmobiliario<\/strong><\/a> est\u00e1 hoy muerto, tal y como siempre lo hab\u00edamos entendido, tan\u00a0solo\u00a0sobreviven algunas <strong>empresas promotoras<\/strong>, y las que de una forma u otra est\u00e1n vinculadas a las <strong>entidades financieras<\/strong>, pero \u00bfhasta cu\u00e1ndo? Todas van de un susto a otro, la pr\u00f3xima espada de\u00a0<span class=\"hiddenSpellError\">Demucles<\/span>\u00a0es el Banco Malo, que nadie sabe hoy c\u00f3mo funcionar\u00e1, tan\u00a0solo\u00a0hay que mirar en la prensa y la cantidad de informaciones contradictorias que aparecen. \u00a1Qu\u00e9 pena da hoy ver al sector!<\/p>\n<p>&nbsp;<\/p>\n<p style=\"text-align: right;\"><strong>Immaculada Amat<br \/>\n<strong><strong><em>Coodirectora Gerente de<a title=\"Amat Immobiliaris\" href=\"https:\/\/www.amatimmobiliaris.com\/w\/blog\/\"> Amat Immobiliaris<\/a><\/em><\/strong><\/strong><\/strong><\/p>\n","protected":false},"excerpt":{"rendered":"<p>Estamos en septiembre de 2012 y hay una charla en APCE, la Asociaci\u00f3n de Promotores. Los promotores asistentes se maravillan unos de otros de que todav\u00eda est\u00e9n vivos (empresarialmente hablando). Son pocas las empresas promotoras que con penas y trabajos han sobrevivido hasta la fecha. \u00bfPodr\u00e1n sobrevivir mucho m\u00e1s? El paisaje empresarial es desolador, no [&hellip;]<\/p>\n","protected":false},"author":1,"featured_media":0,"comment_status":"closed","ping_status":"closed","sticky":false,"template":"","format":"standard","meta":{"content-type":"","footnotes":""},"categories":[13],"tags":[1764,1224],"yoast_head":"<!-- This site is optimized with the Yoast SEO plugin v23.9 - https:\/\/yoast.com\/wordpress\/plugins\/seo\/ -->\n<title>Reflexiones en torno a una charla en APCE | Amat Immobiliaris<\/title>\n<meta name=\"description\" content=\"Reflexi\u00f3n sobre una charla en APCE, la Asociaci\u00f3n de Promotores, que tuvo lugar en septiembre de 2012. \u00a1Echa un vistazo!\" \/>\n<meta name=\"robots\" content=\"index, nofollow, max-snippet:-1, max-image-preview:large, max-video-preview:-1\" \/>\n<link rel=\"canonical\" href=\"https:\/\/www.amatimmobiliaris.com\/w\/2012\/09\/reflexiones-en-torno-a-una-charla-en-apce\/\" \/>\n<meta property=\"og:locale\" content=\"es_ES\" \/>\n<meta property=\"og:type\" content=\"article\" \/>\n<meta property=\"og:title\" content=\"Reflexiones en torno a una charla en APCE | Amat Immobiliaris\" \/>\n<meta property=\"og:description\" content=\"Reflexi\u00f3n sobre una charla en APCE, la Asociaci\u00f3n de Promotores, que tuvo lugar en septiembre de 2012. \u00a1Echa un vistazo!\" \/>\n<meta property=\"og:url\" content=\"https:\/\/www.amatimmobiliaris.com\/w\/2012\/09\/reflexiones-en-torno-a-una-charla-en-apce\/\" \/>\n<meta property=\"og:site_name\" content=\"Amat Immobiliaris\" \/>\n<meta property=\"article:publisher\" content=\"https:\/\/www.facebook.com\/amatimmobiliaris\" \/>\n<meta property=\"article:published_time\" content=\"2012-09-25T09:05:42+00:00\" \/>\n<meta property=\"article:modified_time\" content=\"2023-05-18T13:24:43+00:00\" \/>\n<meta property=\"og:image\" content=\"https:\/\/www.amatimmobiliaris.com\/w\/wp-content\/uploads\/2022\/01\/2014-Saga-familiar-Amat-dw-1-1024x683.jpg\" \/>\n\t<meta property=\"og:image:width\" content=\"1024\" \/>\n\t<meta property=\"og:image:height\" content=\"683\" \/>\n\t<meta property=\"og:image:type\" content=\"image\/jpeg\" \/>\n<meta name=\"author\" content=\"Amat Immobiliaris\" \/>\n<meta name=\"twitter:card\" content=\"summary_large_image\" \/>\n<meta name=\"twitter:creator\" content=\"@amat_cat\" \/>\n<meta name=\"twitter:site\" content=\"@amat_cat\" \/>\n<meta name=\"twitter:label1\" content=\"Escrito por\" \/>\n\t<meta name=\"twitter:data1\" content=\"Amat Immobiliaris\" \/>\n\t<meta name=\"twitter:label2\" content=\"Tiempo de lectura\" \/>\n\t<meta name=\"twitter:data2\" content=\"1 minuto\" \/>\n<script type=\"application\/ld+json\" class=\"yoast-schema-graph\">{\"@context\":\"https:\/\/schema.org\",\"@graph\":[{\"@type\":\"Article\",\"@id\":\"https:\/\/www.amatimmobiliaris.com\/w\/2012\/09\/reflexiones-en-torno-a-una-charla-en-apce\/#article\",\"isPartOf\":{\"@id\":\"https:\/\/www.amatimmobiliaris.com\/w\/2012\/09\/reflexiones-en-torno-a-una-charla-en-apce\/\"},\"author\":{\"name\":\"Amat Immobiliaris\",\"@id\":\"https:\/\/www.amatimmobiliaris.com\/w\/#\/schema\/person\/c880da71d1e156e7ea6774ffb445e034\"},\"headline\":\"Reflexiones en torno a una charla en APCE\",\"datePublished\":\"2012-09-25T09:05:42+00:00\",\"dateModified\":\"2023-05-18T13:24:43+00:00\",\"mainEntityOfPage\":{\"@id\":\"https:\/\/www.amatimmobiliaris.com\/w\/2012\/09\/reflexiones-en-torno-a-una-charla-en-apce\/\"},\"wordCount\":178,\"publisher\":{\"@id\":\"https:\/\/www.amatimmobiliaris.com\/w\/#organization\"},\"keywords\":[\"Empresario\",\"Entidades financieras\"],\"articleSection\":[\"Otros\"],\"inLanguage\":\"es\"},{\"@type\":\"WebPage\",\"@id\":\"https:\/\/www.amatimmobiliaris.com\/w\/2012\/09\/reflexiones-en-torno-a-una-charla-en-apce\/\",\"url\":\"https:\/\/www.amatimmobiliaris.com\/w\/2012\/09\/reflexiones-en-torno-a-una-charla-en-apce\/\",\"name\":\"Reflexiones en torno a una charla en APCE | Amat Immobiliaris\",\"isPartOf\":{\"@id\":\"https:\/\/www.amatimmobiliaris.com\/w\/#website\"},\"datePublished\":\"2012-09-25T09:05:42+00:00\",\"dateModified\":\"2023-05-18T13:24:43+00:00\",\"description\":\"Reflexi\u00f3n sobre una charla en APCE, la Asociaci\u00f3n de Promotores, que tuvo lugar en septiembre de 2012. \u00a1Echa un vistazo!\",\"breadcrumb\":{\"@id\":\"https:\/\/www.amatimmobiliaris.com\/w\/2012\/09\/reflexiones-en-torno-a-una-charla-en-apce\/#breadcrumb\"},\"inLanguage\":\"es\",\"potentialAction\":[{\"@type\":\"ReadAction\",\"target\":[\"https:\/\/www.amatimmobiliaris.com\/w\/2012\/09\/reflexiones-en-torno-a-una-charla-en-apce\/\"]}]},{\"@type\":\"BreadcrumbList\",\"@id\":\"https:\/\/www.amatimmobiliaris.com\/w\/2012\/09\/reflexiones-en-torno-a-una-charla-en-apce\/#breadcrumb\",\"itemListElement\":[{\"@type\":\"ListItem\",\"position\":1,\"name\":\"Home\",\"item\":\"https:\/\/www.amatimmobiliaris.com\/w\/\"},{\"@type\":\"ListItem\",\"position\":2,\"name\":\"Otros\",\"item\":\"https:\/\/www.amatimmobiliaris.com\/w\/category\/otros\/\"},{\"@type\":\"ListItem\",\"position\":3,\"name\":\"Reflexiones en torno a una charla en APCE\"}]},{\"@type\":\"WebSite\",\"@id\":\"https:\/\/www.amatimmobiliaris.com\/w\/#website\",\"url\":\"https:\/\/www.amatimmobiliaris.com\/w\/\",\"name\":\"Amat Immobiliaris\",\"description\":\"Empresa familiar del sector inmobiliario con oficinas en Barcelona, Sant Cugat del Vall\u00e9s y Sant Just Desvern. Te ayudamos a comprar, alquilar o vender tu casa o piso. Somos un equipo coherente con una cultura de empresa honesta, innovadora y eficaz. Tambi\u00e9n en www.amatluxury.com\",\"publisher\":{\"@id\":\"https:\/\/www.amatimmobiliaris.com\/w\/#organization\"},\"alternateName\":\"AmatImmo\",\"potentialAction\":[{\"@type\":\"SearchAction\",\"target\":{\"@type\":\"EntryPoint\",\"urlTemplate\":\"https:\/\/www.amatimmobiliaris.com\/w\/?s={search_term_string}\"},\"query-input\":{\"@type\":\"PropertyValueSpecification\",\"valueRequired\":true,\"valueName\":\"search_term_string\"}}],\"inLanguage\":\"es\"},{\"@type\":\"Organization\",\"@id\":\"https:\/\/www.amatimmobiliaris.com\/w\/#organization\",\"name\":\"Amat Immobiliaris\",\"url\":\"https:\/\/www.amatimmobiliaris.com\/w\/\",\"logo\":{\"@type\":\"ImageObject\",\"inLanguage\":\"es\",\"@id\":\"https:\/\/www.amatimmobiliaris.com\/w\/#\/schema\/logo\/image\/\",\"url\":\"https:\/\/www.amatimmobiliaris.com\/w\/wp-content\/uploads\/2022\/10\/amat-logo.jpg\",\"contentUrl\":\"https:\/\/www.amatimmobiliaris.com\/w\/wp-content\/uploads\/2022\/10\/amat-logo.jpg\",\"width\":900,\"height\":900,\"caption\":\"Amat Immobiliaris\"},\"image\":{\"@id\":\"https:\/\/www.amatimmobiliaris.com\/w\/#\/schema\/logo\/image\/\"},\"sameAs\":[\"https:\/\/www.facebook.com\/amatimmobiliaris\",\"https:\/\/x.com\/amat_cat\",\"https:\/\/www.instagram.com\/amat_immo\/\",\"https:\/\/www.linkedin.com\/company\/amat-finques\/\",\"https:\/\/www.youtube.com\/@amatimmobiliaris\"]},{\"@type\":\"Person\",\"@id\":\"https:\/\/www.amatimmobiliaris.com\/w\/#\/schema\/person\/c880da71d1e156e7ea6774ffb445e034\",\"name\":\"Amat Immobiliaris\",\"sameAs\":[\"http:\/\/amat-inmo-wp.localhost\"]}]}<\/script>\n<!-- \/ Yoast SEO plugin. -->","yoast_head_json":{"title":"Reflexiones en torno a una charla en APCE | Amat Immobiliaris","description":"Reflexi\u00f3n sobre una charla en APCE, la Asociaci\u00f3n de Promotores, que tuvo lugar en septiembre de 2012. \u00a1Echa un vistazo!","robots":{"index":"index","follow":"nofollow","max-snippet":"max-snippet:-1","max-image-preview":"max-image-preview:large","max-video-preview":"max-video-preview:-1"},"canonical":"https:\/\/www.amatimmobiliaris.com\/w\/2012\/09\/reflexiones-en-torno-a-una-charla-en-apce\/","og_locale":"es_ES","og_type":"article","og_title":"Reflexiones en torno a una charla en APCE | Amat Immobiliaris","og_description":"Reflexi\u00f3n sobre una charla en APCE, la Asociaci\u00f3n de Promotores, que tuvo lugar en septiembre de 2012. \u00a1Echa un vistazo!","og_url":"https:\/\/www.amatimmobiliaris.com\/w\/2012\/09\/reflexiones-en-torno-a-una-charla-en-apce\/","og_site_name":"Amat Immobiliaris","article_publisher":"https:\/\/www.facebook.com\/amatimmobiliaris","article_published_time":"2012-09-25T09:05:42+00:00","article_modified_time":"2023-05-18T13:24:43+00:00","og_image":[{"width":1024,"height":683,"url":"https:\/\/www.amatimmobiliaris.com\/w\/wp-content\/uploads\/2022\/01\/2014-Saga-familiar-Amat-dw-1-1024x683.jpg","type":"image\/jpeg"}],"author":"Amat Immobiliaris","twitter_card":"summary_large_image","twitter_creator":"@amat_cat","twitter_site":"@amat_cat","twitter_misc":{"Escrito por":"Amat Immobiliaris","Tiempo de lectura":"1 minuto"},"schema":{"@context":"https:\/\/schema.org","@graph":[{"@type":"Article","@id":"https:\/\/www.amatimmobiliaris.com\/w\/2012\/09\/reflexiones-en-torno-a-una-charla-en-apce\/#article","isPartOf":{"@id":"https:\/\/www.amatimmobiliaris.com\/w\/2012\/09\/reflexiones-en-torno-a-una-charla-en-apce\/"},"author":{"name":"Amat Immobiliaris","@id":"https:\/\/www.amatimmobiliaris.com\/w\/#\/schema\/person\/c880da71d1e156e7ea6774ffb445e034"},"headline":"Reflexiones en torno a una charla en APCE","datePublished":"2012-09-25T09:05:42+00:00","dateModified":"2023-05-18T13:24:43+00:00","mainEntityOfPage":{"@id":"https:\/\/www.amatimmobiliaris.com\/w\/2012\/09\/reflexiones-en-torno-a-una-charla-en-apce\/"},"wordCount":178,"publisher":{"@id":"https:\/\/www.amatimmobiliaris.com\/w\/#organization"},"keywords":["Empresario","Entidades financieras"],"articleSection":["Otros"],"inLanguage":"es"},{"@type":"WebPage","@id":"https:\/\/www.amatimmobiliaris.com\/w\/2012\/09\/reflexiones-en-torno-a-una-charla-en-apce\/","url":"https:\/\/www.amatimmobiliaris.com\/w\/2012\/09\/reflexiones-en-torno-a-una-charla-en-apce\/","name":"Reflexiones en torno a una charla en APCE | Amat Immobiliaris","isPartOf":{"@id":"https:\/\/www.amatimmobiliaris.com\/w\/#website"},"datePublished":"2012-09-25T09:05:42+00:00","dateModified":"2023-05-18T13:24:43+00:00","description":"Reflexi\u00f3n sobre una charla en APCE, la Asociaci\u00f3n de Promotores, que tuvo lugar en septiembre de 2012. \u00a1Echa un vistazo!","breadcrumb":{"@id":"https:\/\/www.amatimmobiliaris.com\/w\/2012\/09\/reflexiones-en-torno-a-una-charla-en-apce\/#breadcrumb"},"inLanguage":"es","potentialAction":[{"@type":"ReadAction","target":["https:\/\/www.amatimmobiliaris.com\/w\/2012\/09\/reflexiones-en-torno-a-una-charla-en-apce\/"]}]},{"@type":"BreadcrumbList","@id":"https:\/\/www.amatimmobiliaris.com\/w\/2012\/09\/reflexiones-en-torno-a-una-charla-en-apce\/#breadcrumb","itemListElement":[{"@type":"ListItem","position":1,"name":"Home","item":"https:\/\/www.amatimmobiliaris.com\/w\/"},{"@type":"ListItem","position":2,"name":"Otros","item":"https:\/\/www.amatimmobiliaris.com\/w\/category\/otros\/"},{"@type":"ListItem","position":3,"name":"Reflexiones en torno a una charla en APCE"}]},{"@type":"WebSite","@id":"https:\/\/www.amatimmobiliaris.com\/w\/#website","url":"https:\/\/www.amatimmobiliaris.com\/w\/","name":"Amat Immobiliaris","description":"Empresa familiar del sector inmobiliario con oficinas en Barcelona, Sant Cugat del Vall\u00e9s y Sant Just Desvern. Te ayudamos a comprar, alquilar o vender tu casa o piso. Somos un equipo coherente con una cultura de empresa honesta, innovadora y eficaz. Tambi\u00e9n en www.amatluxury.com","publisher":{"@id":"https:\/\/www.amatimmobiliaris.com\/w\/#organization"},"alternateName":"AmatImmo","potentialAction":[{"@type":"SearchAction","target":{"@type":"EntryPoint","urlTemplate":"https:\/\/www.amatimmobiliaris.com\/w\/?s={search_term_string}"},"query-input":{"@type":"PropertyValueSpecification","valueRequired":true,"valueName":"search_term_string"}}],"inLanguage":"es"},{"@type":"Organization","@id":"https:\/\/www.amatimmobiliaris.com\/w\/#organization","name":"Amat Immobiliaris","url":"https:\/\/www.amatimmobiliaris.com\/w\/","logo":{"@type":"ImageObject","inLanguage":"es","@id":"https:\/\/www.amatimmobiliaris.com\/w\/#\/schema\/logo\/image\/","url":"https:\/\/www.amatimmobiliaris.com\/w\/wp-content\/uploads\/2022\/10\/amat-logo.jpg","contentUrl":"https:\/\/www.amatimmobiliaris.com\/w\/wp-content\/uploads\/2022\/10\/amat-logo.jpg","width":900,"height":900,"caption":"Amat Immobiliaris"},"image":{"@id":"https:\/\/www.amatimmobiliaris.com\/w\/#\/schema\/logo\/image\/"},"sameAs":["https:\/\/www.facebook.com\/amatimmobiliaris","https:\/\/x.com\/amat_cat","https:\/\/www.instagram.com\/amat_immo\/","https:\/\/www.linkedin.com\/company\/amat-finques\/","https:\/\/www.youtube.com\/@amatimmobiliaris"]},{"@type":"Person","@id":"https:\/\/www.amatimmobiliaris.com\/w\/#\/schema\/person\/c880da71d1e156e7ea6774ffb445e034","name":"Amat Immobiliaris","sameAs":["http:\/\/amat-inmo-wp.localhost"]}]}},"_links":{"self":[{"href":"https:\/\/www.amatimmobiliaris.com\/w\/wp-json\/wp\/v2\/posts\/1893"}],"collection":[{"href":"https:\/\/www.amatimmobiliaris.com\/w\/wp-json\/wp\/v2\/posts"}],"about":[{"href":"https:\/\/www.amatimmobiliaris.com\/w\/wp-json\/wp\/v2\/types\/post"}],"author":[{"embeddable":true,"href":"https:\/\/www.amatimmobiliaris.com\/w\/wp-json\/wp\/v2\/users\/1"}],"replies":[{"embeddable":true,"href":"https:\/\/www.amatimmobiliaris.com\/w\/wp-json\/wp\/v2\/comments?post=1893"}],"version-history":[{"count":6,"href":"https:\/\/www.amatimmobiliaris.com\/w\/wp-json\/wp\/v2\/posts\/1893\/revisions"}],"predecessor-version":[{"id":27099,"href":"https:\/\/www.amatimmobiliaris.com\/w\/wp-json\/wp\/v2\/posts\/1893\/revisions\/27099"}],"wp:attachment":[{"href":"https:\/\/www.amatimmobiliaris.com\/w\/wp-json\/wp\/v2\/media?parent=1893"}],"wp:term":[{"taxonomy":"category","embeddable":true,"href":"https:\/\/www.amatimmobiliaris.com\/w\/wp-json\/wp\/v2\/categories?post=1893"},{"taxonomy":"post_tag","embeddable":true,"href":"https:\/\/www.amatimmobiliaris.com\/w\/wp-json\/wp\/v2\/tags?post=1893"}],"curies":[{"name":"wp","href":"https:\/\/api.w.org\/{rel}","templated":true}]}}