{"id":1887,"date":"2012-10-11T09:00:45","date_gmt":"2012-10-11T09:00:45","guid":{"rendered":"https:\/\/amat-inmo-wp.localhost\/2017\/01\/24\/dret-a-les-vistes-i-a-la-intimitat\/"},"modified":"2023-05-11T10:41:46","modified_gmt":"2023-05-11T10:41:46","slug":"derecho-a-vistas-y-a-intimidad","status":"publish","type":"post","link":"https:\/\/www.amatimmobiliaris.com\/w\/2012\/10\/derecho-a-vistas-y-a-intimidad\/","title":{"rendered":"Derecho a vistas y a intimidad"},"content":{"rendered":"<p>Supongamos que desde hace a\u00f1os vives en una <strong>casa unifamiliar<\/strong> separada por una valla de alambrada de la casa vecina. Ahora el vecino ha decidido plantar una hilera de \u00e1rboles a ra\u00edz del muro de separaci\u00f3n y esto ha dado lugar a que te hayas quedado sin la vista, porque ha quedado tapada. \u00bfRealmente, lo que ha hecho tu vecino puede hacerlo? \u00bfTe esta privando de tu derecho a vistas y a tu intimidad?<\/p>\n<p>Casos parecidos a\u00a0este\u00a0han llegado hasta la <strong>Audiencia,<\/strong> bas\u00e1ndose, por parte de quien ha perdido las vistas, que se trata de una <strong>inmisi\u00f3n<\/strong>. Y quien ha plantado los \u00e1rboles se defiende diciendo que est\u00e1 <strong>protegiendo su propiedad<\/strong>. \u00bfQui\u00e9n tiene raz\u00f3n?<\/p>\n<p>Evidentemente, nos encontramos ante un claro caso de colisi\u00f3n entre el derecho de vistas que tienes, por un lado,\u00a0y el <strong>derecho de proteger la propiedad<\/strong>, por parte del vecino. En la mayor\u00eda de las ocasiones en que un tema de estas caracter\u00edsticas ha llegado al juzgado, el juez y la Audiencia han estimado que es m\u00e1s importante <strong>proteger el derecho a la intimidad<\/strong> que el derecho a las vistas.<\/p>\n<p>Por si te queda alguna duda, esto queda bien reflejado en la <strong>sentencia del 17 de marzo de 2005:<\/strong> \u00abante la colisi\u00f3n entre el derecho a tener vistas sobre el paseo del entorno de la cada de la actora, con el derecho a la intimidad alegado por el demandante, debemos decantarnos por la\u00a0protecci\u00f3n\u00a0preeminente de este \u00faltimo\u00bb.<\/p>\n","protected":false},"excerpt":{"rendered":"<p>Supongamos que desde hace a\u00f1os vives en una casa unifamiliar separada por una valla de alambrada de la casa vecina. Ahora el vecino ha decidido plantar una hilera de \u00e1rboles a ra\u00edz del muro de separaci\u00f3n y esto ha dado lugar a que te hayas quedado sin la vista, porque ha quedado tapada. \u00bfRealmente, lo [&hellip;]<\/p>\n","protected":false},"author":1,"featured_media":0,"comment_status":"closed","ping_status":"closed","sticky":false,"template":"","format":"standard","meta":{"content-type":"","footnotes":""},"categories":[745],"tags":[984,1082,2017,985],"yoast_head":"<!-- This site is optimized with the Yoast SEO plugin v23.9 - https:\/\/yoast.com\/wordpress\/plugins\/seo\/ -->\n<title>Derecho a vistas y a intimidad | Amat Immobiliaris<\/title>\n<meta name=\"description\" content=\"Tu vecino ha plantado una hilera de \u00e1rboles y te has quedado sin las vistas que antes tenias. \u00bfTe esta privando de tu derecho a vistas?\" \/>\n<meta name=\"robots\" content=\"index, follow, max-snippet:-1, max-image-preview:large, max-video-preview:-1\" \/>\n<link rel=\"canonical\" href=\"https:\/\/www.amatimmobiliaris.com\/w\/2012\/10\/derecho-a-vistas-y-a-intimidad\/\" \/>\n<meta property=\"og:locale\" content=\"es_ES\" \/>\n<meta property=\"og:type\" content=\"article\" \/>\n<meta property=\"og:title\" content=\"Derecho a vistas y a intimidad | Amat Immobiliaris\" \/>\n<meta property=\"og:description\" content=\"Tu vecino ha plantado una hilera de \u00e1rboles y te has quedado sin las vistas que antes tenias. \u00bfTe esta privando de tu derecho a vistas?\" \/>\n<meta property=\"og:url\" content=\"https:\/\/www.amatimmobiliaris.com\/w\/2012\/10\/derecho-a-vistas-y-a-intimidad\/\" \/>\n<meta property=\"og:site_name\" content=\"Amat Immobiliaris\" \/>\n<meta property=\"article:publisher\" content=\"https:\/\/www.facebook.com\/amatimmobiliaris\" \/>\n<meta property=\"article:published_time\" content=\"2012-10-11T09:00:45+00:00\" \/>\n<meta property=\"article:modified_time\" content=\"2023-05-11T10:41:46+00:00\" \/>\n<meta property=\"og:image\" content=\"https:\/\/www.amatimmobiliaris.com\/w\/wp-content\/uploads\/2022\/01\/2014-Saga-familiar-Amat-dw-1-1024x683.jpg\" \/>\n\t<meta property=\"og:image:width\" content=\"1024\" \/>\n\t<meta property=\"og:image:height\" content=\"683\" \/>\n\t<meta property=\"og:image:type\" content=\"image\/jpeg\" \/>\n<meta name=\"author\" content=\"Amat Immobiliaris\" \/>\n<meta name=\"twitter:card\" content=\"summary_large_image\" \/>\n<meta name=\"twitter:creator\" content=\"@amat_cat\" \/>\n<meta name=\"twitter:site\" content=\"@amat_cat\" \/>\n<meta name=\"twitter:label1\" content=\"Escrito por\" \/>\n\t<meta name=\"twitter:data1\" content=\"Amat Immobiliaris\" \/>\n\t<meta name=\"twitter:label2\" content=\"Tiempo de lectura\" \/>\n\t<meta name=\"twitter:data2\" content=\"2 minutos\" \/>\n<script type=\"application\/ld+json\" class=\"yoast-schema-graph\">{\"@context\":\"https:\/\/schema.org\",\"@graph\":[{\"@type\":\"Article\",\"@id\":\"https:\/\/www.amatimmobiliaris.com\/w\/2012\/10\/derecho-a-vistas-y-a-intimidad\/#article\",\"isPartOf\":{\"@id\":\"https:\/\/www.amatimmobiliaris.com\/w\/2012\/10\/derecho-a-vistas-y-a-intimidad\/\"},\"author\":{\"name\":\"Amat Immobiliaris\",\"@id\":\"https:\/\/www.amatimmobiliaris.com\/w\/#\/schema\/person\/c880da71d1e156e7ea6774ffb445e034\"},\"headline\":\"Derecho a vistas y a intimidad\",\"datePublished\":\"2012-10-11T09:00:45+00:00\",\"dateModified\":\"2023-05-11T10:41:46+00:00\",\"mainEntityOfPage\":{\"@id\":\"https:\/\/www.amatimmobiliaris.com\/w\/2012\/10\/derecho-a-vistas-y-a-intimidad\/\"},\"wordCount\":260,\"publisher\":{\"@id\":\"https:\/\/www.amatimmobiliaris.com\/w\/#organization\"},\"keywords\":[\"Naturaleza\",\"Propietario\",\"Vecinos\",\"Vegetaci\u00f3n\"],\"articleSection\":[\"El usuario pregunta\"],\"inLanguage\":\"es\"},{\"@type\":\"WebPage\",\"@id\":\"https:\/\/www.amatimmobiliaris.com\/w\/2012\/10\/derecho-a-vistas-y-a-intimidad\/\",\"url\":\"https:\/\/www.amatimmobiliaris.com\/w\/2012\/10\/derecho-a-vistas-y-a-intimidad\/\",\"name\":\"Derecho a vistas y a intimidad | Amat Immobiliaris\",\"isPartOf\":{\"@id\":\"https:\/\/www.amatimmobiliaris.com\/w\/#website\"},\"datePublished\":\"2012-10-11T09:00:45+00:00\",\"dateModified\":\"2023-05-11T10:41:46+00:00\",\"description\":\"Tu vecino ha plantado una hilera de \u00e1rboles y te has quedado sin las vistas que antes tenias. \u00bfTe esta privando de tu derecho a vistas?\",\"breadcrumb\":{\"@id\":\"https:\/\/www.amatimmobiliaris.com\/w\/2012\/10\/derecho-a-vistas-y-a-intimidad\/#breadcrumb\"},\"inLanguage\":\"es\",\"potentialAction\":[{\"@type\":\"ReadAction\",\"target\":[\"https:\/\/www.amatimmobiliaris.com\/w\/2012\/10\/derecho-a-vistas-y-a-intimidad\/\"]}]},{\"@type\":\"BreadcrumbList\",\"@id\":\"https:\/\/www.amatimmobiliaris.com\/w\/2012\/10\/derecho-a-vistas-y-a-intimidad\/#breadcrumb\",\"itemListElement\":[{\"@type\":\"ListItem\",\"position\":1,\"name\":\"Home\",\"item\":\"https:\/\/www.amatimmobiliaris.com\/w\/\"},{\"@type\":\"ListItem\",\"position\":2,\"name\":\"Consejos\",\"item\":\"https:\/\/www.amatimmobiliaris.com\/w\/category\/consejos\/\"},{\"@type\":\"ListItem\",\"position\":3,\"name\":\"El usuario pregunta\",\"item\":\"https:\/\/www.amatimmobiliaris.com\/w\/category\/consejos\/el-usuario-pregunta\/\"},{\"@type\":\"ListItem\",\"position\":4,\"name\":\"Derecho a vistas y a intimidad\"}]},{\"@type\":\"WebSite\",\"@id\":\"https:\/\/www.amatimmobiliaris.com\/w\/#website\",\"url\":\"https:\/\/www.amatimmobiliaris.com\/w\/\",\"name\":\"Amat Immobiliaris\",\"description\":\"Empresa familiar del sector inmobiliario con oficinas en Barcelona, Sant Cugat del Vall\u00e9s y Sant Just Desvern. Te ayudamos a comprar, alquilar o vender tu casa o piso. Somos un equipo coherente con una cultura de empresa honesta, innovadora y eficaz. Tambi\u00e9n en www.amatluxury.com\",\"publisher\":{\"@id\":\"https:\/\/www.amatimmobiliaris.com\/w\/#organization\"},\"alternateName\":\"AmatImmo\",\"potentialAction\":[{\"@type\":\"SearchAction\",\"target\":{\"@type\":\"EntryPoint\",\"urlTemplate\":\"https:\/\/www.amatimmobiliaris.com\/w\/?s={search_term_string}\"},\"query-input\":{\"@type\":\"PropertyValueSpecification\",\"valueRequired\":true,\"valueName\":\"search_term_string\"}}],\"inLanguage\":\"es\"},{\"@type\":\"Organization\",\"@id\":\"https:\/\/www.amatimmobiliaris.com\/w\/#organization\",\"name\":\"Amat Immobiliaris\",\"url\":\"https:\/\/www.amatimmobiliaris.com\/w\/\",\"logo\":{\"@type\":\"ImageObject\",\"inLanguage\":\"es\",\"@id\":\"https:\/\/www.amatimmobiliaris.com\/w\/#\/schema\/logo\/image\/\",\"url\":\"https:\/\/www.amatimmobiliaris.com\/w\/wp-content\/uploads\/2022\/10\/amat-logo.jpg\",\"contentUrl\":\"https:\/\/www.amatimmobiliaris.com\/w\/wp-content\/uploads\/2022\/10\/amat-logo.jpg\",\"width\":900,\"height\":900,\"caption\":\"Amat Immobiliaris\"},\"image\":{\"@id\":\"https:\/\/www.amatimmobiliaris.com\/w\/#\/schema\/logo\/image\/\"},\"sameAs\":[\"https:\/\/www.facebook.com\/amatimmobiliaris\",\"https:\/\/x.com\/amat_cat\",\"https:\/\/www.instagram.com\/amat_immo\/\",\"https:\/\/www.linkedin.com\/company\/amat-finques\/\",\"https:\/\/www.youtube.com\/@amatimmobiliaris\"]},{\"@type\":\"Person\",\"@id\":\"https:\/\/www.amatimmobiliaris.com\/w\/#\/schema\/person\/c880da71d1e156e7ea6774ffb445e034\",\"name\":\"Amat Immobiliaris\",\"sameAs\":[\"http:\/\/amat-inmo-wp.localhost\"]}]}<\/script>\n<!-- \/ Yoast SEO plugin. -->","yoast_head_json":{"title":"Derecho a vistas y a intimidad | Amat Immobiliaris","description":"Tu vecino ha plantado una hilera de \u00e1rboles y te has quedado sin las vistas que antes tenias. \u00bfTe esta privando de tu derecho a vistas?","robots":{"index":"index","follow":"follow","max-snippet":"max-snippet:-1","max-image-preview":"max-image-preview:large","max-video-preview":"max-video-preview:-1"},"canonical":"https:\/\/www.amatimmobiliaris.com\/w\/2012\/10\/derecho-a-vistas-y-a-intimidad\/","og_locale":"es_ES","og_type":"article","og_title":"Derecho a vistas y a intimidad | Amat Immobiliaris","og_description":"Tu vecino ha plantado una hilera de \u00e1rboles y te has quedado sin las vistas que antes tenias. \u00bfTe esta privando de tu derecho a vistas?","og_url":"https:\/\/www.amatimmobiliaris.com\/w\/2012\/10\/derecho-a-vistas-y-a-intimidad\/","og_site_name":"Amat Immobiliaris","article_publisher":"https:\/\/www.facebook.com\/amatimmobiliaris","article_published_time":"2012-10-11T09:00:45+00:00","article_modified_time":"2023-05-11T10:41:46+00:00","og_image":[{"width":1024,"height":683,"url":"https:\/\/www.amatimmobiliaris.com\/w\/wp-content\/uploads\/2022\/01\/2014-Saga-familiar-Amat-dw-1-1024x683.jpg","type":"image\/jpeg"}],"author":"Amat Immobiliaris","twitter_card":"summary_large_image","twitter_creator":"@amat_cat","twitter_site":"@amat_cat","twitter_misc":{"Escrito por":"Amat Immobiliaris","Tiempo de lectura":"2 minutos"},"schema":{"@context":"https:\/\/schema.org","@graph":[{"@type":"Article","@id":"https:\/\/www.amatimmobiliaris.com\/w\/2012\/10\/derecho-a-vistas-y-a-intimidad\/#article","isPartOf":{"@id":"https:\/\/www.amatimmobiliaris.com\/w\/2012\/10\/derecho-a-vistas-y-a-intimidad\/"},"author":{"name":"Amat Immobiliaris","@id":"https:\/\/www.amatimmobiliaris.com\/w\/#\/schema\/person\/c880da71d1e156e7ea6774ffb445e034"},"headline":"Derecho a vistas y a intimidad","datePublished":"2012-10-11T09:00:45+00:00","dateModified":"2023-05-11T10:41:46+00:00","mainEntityOfPage":{"@id":"https:\/\/www.amatimmobiliaris.com\/w\/2012\/10\/derecho-a-vistas-y-a-intimidad\/"},"wordCount":260,"publisher":{"@id":"https:\/\/www.amatimmobiliaris.com\/w\/#organization"},"keywords":["Naturaleza","Propietario","Vecinos","Vegetaci\u00f3n"],"articleSection":["El usuario pregunta"],"inLanguage":"es"},{"@type":"WebPage","@id":"https:\/\/www.amatimmobiliaris.com\/w\/2012\/10\/derecho-a-vistas-y-a-intimidad\/","url":"https:\/\/www.amatimmobiliaris.com\/w\/2012\/10\/derecho-a-vistas-y-a-intimidad\/","name":"Derecho a vistas y a intimidad | Amat Immobiliaris","isPartOf":{"@id":"https:\/\/www.amatimmobiliaris.com\/w\/#website"},"datePublished":"2012-10-11T09:00:45+00:00","dateModified":"2023-05-11T10:41:46+00:00","description":"Tu vecino ha plantado una hilera de \u00e1rboles y te has quedado sin las vistas que antes tenias. \u00bfTe esta privando de tu derecho a vistas?","breadcrumb":{"@id":"https:\/\/www.amatimmobiliaris.com\/w\/2012\/10\/derecho-a-vistas-y-a-intimidad\/#breadcrumb"},"inLanguage":"es","potentialAction":[{"@type":"ReadAction","target":["https:\/\/www.amatimmobiliaris.com\/w\/2012\/10\/derecho-a-vistas-y-a-intimidad\/"]}]},{"@type":"BreadcrumbList","@id":"https:\/\/www.amatimmobiliaris.com\/w\/2012\/10\/derecho-a-vistas-y-a-intimidad\/#breadcrumb","itemListElement":[{"@type":"ListItem","position":1,"name":"Home","item":"https:\/\/www.amatimmobiliaris.com\/w\/"},{"@type":"ListItem","position":2,"name":"Consejos","item":"https:\/\/www.amatimmobiliaris.com\/w\/category\/consejos\/"},{"@type":"ListItem","position":3,"name":"El usuario pregunta","item":"https:\/\/www.amatimmobiliaris.com\/w\/category\/consejos\/el-usuario-pregunta\/"},{"@type":"ListItem","position":4,"name":"Derecho a vistas y a intimidad"}]},{"@type":"WebSite","@id":"https:\/\/www.amatimmobiliaris.com\/w\/#website","url":"https:\/\/www.amatimmobiliaris.com\/w\/","name":"Amat Immobiliaris","description":"Empresa familiar del sector inmobiliario con oficinas en Barcelona, Sant Cugat del Vall\u00e9s y Sant Just Desvern. Te ayudamos a comprar, alquilar o vender tu casa o piso. Somos un equipo coherente con una cultura de empresa honesta, innovadora y eficaz. Tambi\u00e9n en www.amatluxury.com","publisher":{"@id":"https:\/\/www.amatimmobiliaris.com\/w\/#organization"},"alternateName":"AmatImmo","potentialAction":[{"@type":"SearchAction","target":{"@type":"EntryPoint","urlTemplate":"https:\/\/www.amatimmobiliaris.com\/w\/?s={search_term_string}"},"query-input":{"@type":"PropertyValueSpecification","valueRequired":true,"valueName":"search_term_string"}}],"inLanguage":"es"},{"@type":"Organization","@id":"https:\/\/www.amatimmobiliaris.com\/w\/#organization","name":"Amat Immobiliaris","url":"https:\/\/www.amatimmobiliaris.com\/w\/","logo":{"@type":"ImageObject","inLanguage":"es","@id":"https:\/\/www.amatimmobiliaris.com\/w\/#\/schema\/logo\/image\/","url":"https:\/\/www.amatimmobiliaris.com\/w\/wp-content\/uploads\/2022\/10\/amat-logo.jpg","contentUrl":"https:\/\/www.amatimmobiliaris.com\/w\/wp-content\/uploads\/2022\/10\/amat-logo.jpg","width":900,"height":900,"caption":"Amat Immobiliaris"},"image":{"@id":"https:\/\/www.amatimmobiliaris.com\/w\/#\/schema\/logo\/image\/"},"sameAs":["https:\/\/www.facebook.com\/amatimmobiliaris","https:\/\/x.com\/amat_cat","https:\/\/www.instagram.com\/amat_immo\/","https:\/\/www.linkedin.com\/company\/amat-finques\/","https:\/\/www.youtube.com\/@amatimmobiliaris"]},{"@type":"Person","@id":"https:\/\/www.amatimmobiliaris.com\/w\/#\/schema\/person\/c880da71d1e156e7ea6774ffb445e034","name":"Amat Immobiliaris","sameAs":["http:\/\/amat-inmo-wp.localhost"]}]}},"_links":{"self":[{"href":"https:\/\/www.amatimmobiliaris.com\/w\/wp-json\/wp\/v2\/posts\/1887"}],"collection":[{"href":"https:\/\/www.amatimmobiliaris.com\/w\/wp-json\/wp\/v2\/posts"}],"about":[{"href":"https:\/\/www.amatimmobiliaris.com\/w\/wp-json\/wp\/v2\/types\/post"}],"author":[{"embeddable":true,"href":"https:\/\/www.amatimmobiliaris.com\/w\/wp-json\/wp\/v2\/users\/1"}],"replies":[{"embeddable":true,"href":"https:\/\/www.amatimmobiliaris.com\/w\/wp-json\/wp\/v2\/comments?post=1887"}],"version-history":[{"count":3,"href":"https:\/\/www.amatimmobiliaris.com\/w\/wp-json\/wp\/v2\/posts\/1887\/revisions"}],"predecessor-version":[{"id":21117,"href":"https:\/\/www.amatimmobiliaris.com\/w\/wp-json\/wp\/v2\/posts\/1887\/revisions\/21117"}],"wp:attachment":[{"href":"https:\/\/www.amatimmobiliaris.com\/w\/wp-json\/wp\/v2\/media?parent=1887"}],"wp:term":[{"taxonomy":"category","embeddable":true,"href":"https:\/\/www.amatimmobiliaris.com\/w\/wp-json\/wp\/v2\/categories?post=1887"},{"taxonomy":"post_tag","embeddable":true,"href":"https:\/\/www.amatimmobiliaris.com\/w\/wp-json\/wp\/v2\/tags?post=1887"}],"curies":[{"name":"wp","href":"https:\/\/api.w.org\/{rel}","templated":true}]}}