{"id":1841,"date":"2013-07-25T08:34:36","date_gmt":"2013-07-25T08:34:36","guid":{"rendered":"https:\/\/amat-inmo-wp.localhost\/2017\/01\/24\/22e-sopar-de-lentorn-immobiliari-com-sera-la-nova-normalitat\/"},"modified":"2023-05-11T08:15:37","modified_gmt":"2023-05-11T08:15:37","slug":"22a-cena-del-entorno-inmobiliario-como-sera-la-nueva-normalidad","status":"publish","type":"post","link":"https:\/\/www.amatimmobiliaris.com\/w\/2013\/07\/22a-cena-del-entorno-inmobiliario-como-sera-la-nueva-normalidad\/","title":{"rendered":"22\u00aa Cena del Entorno Inmobiliario: \u00bfC\u00f3mo ser\u00e1 la nueva normalidad?"},"content":{"rendered":"<p>Hemos celebrado la 22\u00aa Cena del Entorno Inmobiliario bajo el t\u00edtulo \u00ab<strong>\u00bfC\u00f3mo ser\u00e1 la nueva normalidad?<\/strong>\u00bb Con la Ponencia del <strong>Sr.\u00a0<span class=\"hiddenSpellError\">Miquel<\/span>\u00a0Montes<\/strong> (Barcelona, 1960) <strong>Director General del Grupo Banco de Sabadell<\/strong>, del que forma parte la<strong> inmobiliaria\u00a0<span class=\"hiddenSpellError\">Solvia<\/span><\/strong>, con 35 a\u00f1os de trayectoria en el sector financiero, Montes ha sido clave en el proceso de integraci\u00f3n de entidades hist\u00f3ricas de la banca espa\u00f1ola, la \u00faltima, la CAM.<\/p>\n<p>Esta \u00faltima cena antes de vacaciones ha despertado una mayor expectaci\u00f3n que en otras ocasiones, con la asistencia de hasta 48 personas.<\/p>\n<p>La exposici\u00f3n del\u00a0Sr. Montes sobre c\u00f3mo ser\u00e1 el futuro del mercado inmobiliario fue muy clara y realista. El posterior debate fue enriquecedor.<\/p>\n","protected":false},"excerpt":{"rendered":"<p>Hemos celebrado la 22\u00aa Cena del Entorno Inmobiliario bajo el t\u00edtulo \u00ab\u00bfC\u00f3mo ser\u00e1 la nueva normalidad?\u00bb Con la Ponencia del Sr.\u00a0Miquel\u00a0Montes (Barcelona, 1960) Director General del Grupo Banco de Sabadell, del que forma parte la inmobiliaria\u00a0Solvia, con 35 a\u00f1os de trayectoria en el sector financiero, Montes ha sido clave en el proceso de integraci\u00f3n de [&hellip;]<\/p>\n","protected":false},"author":1,"featured_media":0,"comment_status":"closed","ping_status":"closed","sticky":false,"template":"","format":"standard","meta":{"content-type":"","footnotes":""},"categories":[746,1159],"tags":[1650,1765,942,1808],"yoast_head":"<!-- This site is optimized with the Yoast SEO plugin v23.9 - https:\/\/yoast.com\/wordpress\/plugins\/seo\/ -->\n<title>22\u00aa Cena del Entorno Inmobiliario: \u00bfC\u00f3mo ser\u00e1 la nueva normalidad? | Amat Immobiliaris<\/title>\n<meta name=\"robots\" content=\"index, follow, max-snippet:-1, max-image-preview:large, max-video-preview:-1\" \/>\n<link rel=\"canonical\" href=\"https:\/\/www.amatimmobiliaris.com\/w\/2013\/07\/22a-cena-del-entorno-inmobiliario-como-sera-la-nueva-normalidad\/\" \/>\n<meta property=\"og:locale\" content=\"es_ES\" \/>\n<meta property=\"og:type\" content=\"article\" \/>\n<meta property=\"og:title\" content=\"22\u00aa Cena del Entorno Inmobiliario: \u00bfC\u00f3mo ser\u00e1 la nueva normalidad? | Amat Immobiliaris\" \/>\n<meta property=\"og:description\" content=\"Hemos celebrado la 22\u00aa Cena del Entorno Inmobiliario bajo el t\u00edtulo \u00ab\u00bfC\u00f3mo ser\u00e1 la nueva normalidad?\u00bb Con la Ponencia del Sr.\u00a0Miquel\u00a0Montes (Barcelona, 1960) Director General del Grupo Banco de Sabadell, del que forma parte la inmobiliaria\u00a0Solvia, con 35 a\u00f1os de trayectoria en el sector financiero, Montes ha sido clave en el proceso de integraci\u00f3n de [&hellip;]\" \/>\n<meta property=\"og:url\" content=\"https:\/\/www.amatimmobiliaris.com\/w\/2013\/07\/22a-cena-del-entorno-inmobiliario-como-sera-la-nueva-normalidad\/\" \/>\n<meta property=\"og:site_name\" content=\"Amat Immobiliaris\" \/>\n<meta property=\"article:publisher\" content=\"https:\/\/www.facebook.com\/amatimmobiliaris\" \/>\n<meta property=\"article:published_time\" content=\"2013-07-25T08:34:36+00:00\" \/>\n<meta property=\"article:modified_time\" content=\"2023-05-11T08:15:37+00:00\" \/>\n<meta property=\"og:image\" content=\"https:\/\/www.amatimmobiliaris.com\/w\/wp-content\/uploads\/2022\/01\/2014-Saga-familiar-Amat-dw-1-1024x683.jpg\" \/>\n\t<meta property=\"og:image:width\" content=\"1024\" \/>\n\t<meta property=\"og:image:height\" content=\"683\" \/>\n\t<meta property=\"og:image:type\" content=\"image\/jpeg\" \/>\n<meta name=\"author\" content=\"Amat Immobiliaris\" \/>\n<meta name=\"twitter:card\" content=\"summary_large_image\" \/>\n<meta name=\"twitter:creator\" content=\"@amat_cat\" \/>\n<meta name=\"twitter:site\" content=\"@amat_cat\" \/>\n<meta name=\"twitter:label1\" content=\"Escrito por\" \/>\n\t<meta name=\"twitter:data1\" content=\"Amat Immobiliaris\" \/>\n\t<meta name=\"twitter:label2\" content=\"Tiempo de lectura\" \/>\n\t<meta name=\"twitter:data2\" content=\"1 minuto\" \/>\n<script type=\"application\/ld+json\" class=\"yoast-schema-graph\">{\"@context\":\"https:\/\/schema.org\",\"@graph\":[{\"@type\":\"Article\",\"@id\":\"https:\/\/www.amatimmobiliaris.com\/w\/2013\/07\/22a-cena-del-entorno-inmobiliario-como-sera-la-nueva-normalidad\/#article\",\"isPartOf\":{\"@id\":\"https:\/\/www.amatimmobiliaris.com\/w\/2013\/07\/22a-cena-del-entorno-inmobiliario-como-sera-la-nueva-normalidad\/\"},\"author\":{\"name\":\"Amat Immobiliaris\",\"@id\":\"https:\/\/www.amatimmobiliaris.com\/w\/#\/schema\/person\/c880da71d1e156e7ea6774ffb445e034\"},\"headline\":\"22\u00aa Cena del Entorno Inmobiliario: \u00bfC\u00f3mo ser\u00e1 la nueva normalidad?\",\"datePublished\":\"2013-07-25T08:34:36+00:00\",\"dateModified\":\"2023-05-11T08:15:37+00:00\",\"mainEntityOfPage\":{\"@id\":\"https:\/\/www.amatimmobiliaris.com\/w\/2013\/07\/22a-cena-del-entorno-inmobiliario-como-sera-la-nueva-normalidad\/\"},\"wordCount\":128,\"publisher\":{\"@id\":\"https:\/\/www.amatimmobiliaris.com\/w\/#organization\"},\"keywords\":[\"Cena del Entorno\",\"Entorno Inmobiliario\",\"Inmobiliaria\",\"Reflexiones\"],\"articleSection\":[\"Reflexiones\",\"Reflexions\"],\"inLanguage\":\"es\"},{\"@type\":\"WebPage\",\"@id\":\"https:\/\/www.amatimmobiliaris.com\/w\/2013\/07\/22a-cena-del-entorno-inmobiliario-como-sera-la-nueva-normalidad\/\",\"url\":\"https:\/\/www.amatimmobiliaris.com\/w\/2013\/07\/22a-cena-del-entorno-inmobiliario-como-sera-la-nueva-normalidad\/\",\"name\":\"22\u00aa Cena del Entorno Inmobiliario: \u00bfC\u00f3mo ser\u00e1 la nueva normalidad? | Amat Immobiliaris\",\"isPartOf\":{\"@id\":\"https:\/\/www.amatimmobiliaris.com\/w\/#website\"},\"datePublished\":\"2013-07-25T08:34:36+00:00\",\"dateModified\":\"2023-05-11T08:15:37+00:00\",\"breadcrumb\":{\"@id\":\"https:\/\/www.amatimmobiliaris.com\/w\/2013\/07\/22a-cena-del-entorno-inmobiliario-como-sera-la-nueva-normalidad\/#breadcrumb\"},\"inLanguage\":\"es\",\"potentialAction\":[{\"@type\":\"ReadAction\",\"target\":[\"https:\/\/www.amatimmobiliaris.com\/w\/2013\/07\/22a-cena-del-entorno-inmobiliario-como-sera-la-nueva-normalidad\/\"]}]},{\"@type\":\"BreadcrumbList\",\"@id\":\"https:\/\/www.amatimmobiliaris.com\/w\/2013\/07\/22a-cena-del-entorno-inmobiliario-como-sera-la-nueva-normalidad\/#breadcrumb\",\"itemListElement\":[{\"@type\":\"ListItem\",\"position\":1,\"name\":\"Home\",\"item\":\"https:\/\/www.amatimmobiliaris.com\/w\/\"},{\"@type\":\"ListItem\",\"position\":2,\"name\":\"El mundo Amat\",\"item\":\"https:\/\/www.amatimmobiliaris.com\/w\/category\/el-mundo-amat\/\"},{\"@type\":\"ListItem\",\"position\":3,\"name\":\"Reflexiones\",\"item\":\"https:\/\/www.amatimmobiliaris.com\/w\/category\/el-mundo-amat\/reflexiones\/\"},{\"@type\":\"ListItem\",\"position\":4,\"name\":\"22\u00aa Cena del Entorno Inmobiliario: \u00bfC\u00f3mo ser\u00e1 la nueva normalidad?\"}]},{\"@type\":\"WebSite\",\"@id\":\"https:\/\/www.amatimmobiliaris.com\/w\/#website\",\"url\":\"https:\/\/www.amatimmobiliaris.com\/w\/\",\"name\":\"Amat Immobiliaris\",\"description\":\"Empresa familiar del sector inmobiliario con oficinas en Barcelona, Sant Cugat del Vall\u00e9s y Sant Just Desvern. Te ayudamos a comprar, alquilar o vender tu casa o piso. Somos un equipo coherente con una cultura de empresa honesta, innovadora y eficaz. Tambi\u00e9n en www.amatluxury.com\",\"publisher\":{\"@id\":\"https:\/\/www.amatimmobiliaris.com\/w\/#organization\"},\"alternateName\":\"AmatImmo\",\"potentialAction\":[{\"@type\":\"SearchAction\",\"target\":{\"@type\":\"EntryPoint\",\"urlTemplate\":\"https:\/\/www.amatimmobiliaris.com\/w\/?s={search_term_string}\"},\"query-input\":{\"@type\":\"PropertyValueSpecification\",\"valueRequired\":true,\"valueName\":\"search_term_string\"}}],\"inLanguage\":\"es\"},{\"@type\":\"Organization\",\"@id\":\"https:\/\/www.amatimmobiliaris.com\/w\/#organization\",\"name\":\"Amat Immobiliaris\",\"url\":\"https:\/\/www.amatimmobiliaris.com\/w\/\",\"logo\":{\"@type\":\"ImageObject\",\"inLanguage\":\"es\",\"@id\":\"https:\/\/www.amatimmobiliaris.com\/w\/#\/schema\/logo\/image\/\",\"url\":\"https:\/\/www.amatimmobiliaris.com\/w\/wp-content\/uploads\/2022\/10\/amat-logo.jpg\",\"contentUrl\":\"https:\/\/www.amatimmobiliaris.com\/w\/wp-content\/uploads\/2022\/10\/amat-logo.jpg\",\"width\":900,\"height\":900,\"caption\":\"Amat Immobiliaris\"},\"image\":{\"@id\":\"https:\/\/www.amatimmobiliaris.com\/w\/#\/schema\/logo\/image\/\"},\"sameAs\":[\"https:\/\/www.facebook.com\/amatimmobiliaris\",\"https:\/\/x.com\/amat_cat\",\"https:\/\/www.instagram.com\/amat_immo\/\",\"https:\/\/www.linkedin.com\/company\/amat-finques\/\",\"https:\/\/www.youtube.com\/@amatimmobiliaris\"]},{\"@type\":\"Person\",\"@id\":\"https:\/\/www.amatimmobiliaris.com\/w\/#\/schema\/person\/c880da71d1e156e7ea6774ffb445e034\",\"name\":\"Amat Immobiliaris\",\"sameAs\":[\"http:\/\/amat-inmo-wp.localhost\"]}]}<\/script>\n<!-- \/ Yoast SEO plugin. -->","yoast_head_json":{"title":"22\u00aa Cena del Entorno Inmobiliario: \u00bfC\u00f3mo ser\u00e1 la nueva normalidad? | Amat Immobiliaris","robots":{"index":"index","follow":"follow","max-snippet":"max-snippet:-1","max-image-preview":"max-image-preview:large","max-video-preview":"max-video-preview:-1"},"canonical":"https:\/\/www.amatimmobiliaris.com\/w\/2013\/07\/22a-cena-del-entorno-inmobiliario-como-sera-la-nueva-normalidad\/","og_locale":"es_ES","og_type":"article","og_title":"22\u00aa Cena del Entorno Inmobiliario: \u00bfC\u00f3mo ser\u00e1 la nueva normalidad? | Amat Immobiliaris","og_description":"Hemos celebrado la 22\u00aa Cena del Entorno Inmobiliario bajo el t\u00edtulo \u00ab\u00bfC\u00f3mo ser\u00e1 la nueva normalidad?\u00bb Con la Ponencia del Sr.\u00a0Miquel\u00a0Montes (Barcelona, 1960) Director General del Grupo Banco de Sabadell, del que forma parte la inmobiliaria\u00a0Solvia, con 35 a\u00f1os de trayectoria en el sector financiero, Montes ha sido clave en el proceso de integraci\u00f3n de [&hellip;]","og_url":"https:\/\/www.amatimmobiliaris.com\/w\/2013\/07\/22a-cena-del-entorno-inmobiliario-como-sera-la-nueva-normalidad\/","og_site_name":"Amat Immobiliaris","article_publisher":"https:\/\/www.facebook.com\/amatimmobiliaris","article_published_time":"2013-07-25T08:34:36+00:00","article_modified_time":"2023-05-11T08:15:37+00:00","og_image":[{"width":1024,"height":683,"url":"https:\/\/www.amatimmobiliaris.com\/w\/wp-content\/uploads\/2022\/01\/2014-Saga-familiar-Amat-dw-1-1024x683.jpg","type":"image\/jpeg"}],"author":"Amat Immobiliaris","twitter_card":"summary_large_image","twitter_creator":"@amat_cat","twitter_site":"@amat_cat","twitter_misc":{"Escrito por":"Amat Immobiliaris","Tiempo de lectura":"1 minuto"},"schema":{"@context":"https:\/\/schema.org","@graph":[{"@type":"Article","@id":"https:\/\/www.amatimmobiliaris.com\/w\/2013\/07\/22a-cena-del-entorno-inmobiliario-como-sera-la-nueva-normalidad\/#article","isPartOf":{"@id":"https:\/\/www.amatimmobiliaris.com\/w\/2013\/07\/22a-cena-del-entorno-inmobiliario-como-sera-la-nueva-normalidad\/"},"author":{"name":"Amat Immobiliaris","@id":"https:\/\/www.amatimmobiliaris.com\/w\/#\/schema\/person\/c880da71d1e156e7ea6774ffb445e034"},"headline":"22\u00aa Cena del Entorno Inmobiliario: \u00bfC\u00f3mo ser\u00e1 la nueva normalidad?","datePublished":"2013-07-25T08:34:36+00:00","dateModified":"2023-05-11T08:15:37+00:00","mainEntityOfPage":{"@id":"https:\/\/www.amatimmobiliaris.com\/w\/2013\/07\/22a-cena-del-entorno-inmobiliario-como-sera-la-nueva-normalidad\/"},"wordCount":128,"publisher":{"@id":"https:\/\/www.amatimmobiliaris.com\/w\/#organization"},"keywords":["Cena del Entorno","Entorno Inmobiliario","Inmobiliaria","Reflexiones"],"articleSection":["Reflexiones","Reflexions"],"inLanguage":"es"},{"@type":"WebPage","@id":"https:\/\/www.amatimmobiliaris.com\/w\/2013\/07\/22a-cena-del-entorno-inmobiliario-como-sera-la-nueva-normalidad\/","url":"https:\/\/www.amatimmobiliaris.com\/w\/2013\/07\/22a-cena-del-entorno-inmobiliario-como-sera-la-nueva-normalidad\/","name":"22\u00aa Cena del Entorno Inmobiliario: \u00bfC\u00f3mo ser\u00e1 la nueva normalidad? | Amat Immobiliaris","isPartOf":{"@id":"https:\/\/www.amatimmobiliaris.com\/w\/#website"},"datePublished":"2013-07-25T08:34:36+00:00","dateModified":"2023-05-11T08:15:37+00:00","breadcrumb":{"@id":"https:\/\/www.amatimmobiliaris.com\/w\/2013\/07\/22a-cena-del-entorno-inmobiliario-como-sera-la-nueva-normalidad\/#breadcrumb"},"inLanguage":"es","potentialAction":[{"@type":"ReadAction","target":["https:\/\/www.amatimmobiliaris.com\/w\/2013\/07\/22a-cena-del-entorno-inmobiliario-como-sera-la-nueva-normalidad\/"]}]},{"@type":"BreadcrumbList","@id":"https:\/\/www.amatimmobiliaris.com\/w\/2013\/07\/22a-cena-del-entorno-inmobiliario-como-sera-la-nueva-normalidad\/#breadcrumb","itemListElement":[{"@type":"ListItem","position":1,"name":"Home","item":"https:\/\/www.amatimmobiliaris.com\/w\/"},{"@type":"ListItem","position":2,"name":"El mundo Amat","item":"https:\/\/www.amatimmobiliaris.com\/w\/category\/el-mundo-amat\/"},{"@type":"ListItem","position":3,"name":"Reflexiones","item":"https:\/\/www.amatimmobiliaris.com\/w\/category\/el-mundo-amat\/reflexiones\/"},{"@type":"ListItem","position":4,"name":"22\u00aa Cena del Entorno Inmobiliario: \u00bfC\u00f3mo ser\u00e1 la nueva normalidad?"}]},{"@type":"WebSite","@id":"https:\/\/www.amatimmobiliaris.com\/w\/#website","url":"https:\/\/www.amatimmobiliaris.com\/w\/","name":"Amat Immobiliaris","description":"Empresa familiar del sector inmobiliario con oficinas en Barcelona, Sant Cugat del Vall\u00e9s y Sant Just Desvern. Te ayudamos a comprar, alquilar o vender tu casa o piso. Somos un equipo coherente con una cultura de empresa honesta, innovadora y eficaz. Tambi\u00e9n en www.amatluxury.com","publisher":{"@id":"https:\/\/www.amatimmobiliaris.com\/w\/#organization"},"alternateName":"AmatImmo","potentialAction":[{"@type":"SearchAction","target":{"@type":"EntryPoint","urlTemplate":"https:\/\/www.amatimmobiliaris.com\/w\/?s={search_term_string}"},"query-input":{"@type":"PropertyValueSpecification","valueRequired":true,"valueName":"search_term_string"}}],"inLanguage":"es"},{"@type":"Organization","@id":"https:\/\/www.amatimmobiliaris.com\/w\/#organization","name":"Amat Immobiliaris","url":"https:\/\/www.amatimmobiliaris.com\/w\/","logo":{"@type":"ImageObject","inLanguage":"es","@id":"https:\/\/www.amatimmobiliaris.com\/w\/#\/schema\/logo\/image\/","url":"https:\/\/www.amatimmobiliaris.com\/w\/wp-content\/uploads\/2022\/10\/amat-logo.jpg","contentUrl":"https:\/\/www.amatimmobiliaris.com\/w\/wp-content\/uploads\/2022\/10\/amat-logo.jpg","width":900,"height":900,"caption":"Amat Immobiliaris"},"image":{"@id":"https:\/\/www.amatimmobiliaris.com\/w\/#\/schema\/logo\/image\/"},"sameAs":["https:\/\/www.facebook.com\/amatimmobiliaris","https:\/\/x.com\/amat_cat","https:\/\/www.instagram.com\/amat_immo\/","https:\/\/www.linkedin.com\/company\/amat-finques\/","https:\/\/www.youtube.com\/@amatimmobiliaris"]},{"@type":"Person","@id":"https:\/\/www.amatimmobiliaris.com\/w\/#\/schema\/person\/c880da71d1e156e7ea6774ffb445e034","name":"Amat Immobiliaris","sameAs":["http:\/\/amat-inmo-wp.localhost"]}]}},"_links":{"self":[{"href":"https:\/\/www.amatimmobiliaris.com\/w\/wp-json\/wp\/v2\/posts\/1841"}],"collection":[{"href":"https:\/\/www.amatimmobiliaris.com\/w\/wp-json\/wp\/v2\/posts"}],"about":[{"href":"https:\/\/www.amatimmobiliaris.com\/w\/wp-json\/wp\/v2\/types\/post"}],"author":[{"embeddable":true,"href":"https:\/\/www.amatimmobiliaris.com\/w\/wp-json\/wp\/v2\/users\/1"}],"replies":[{"embeddable":true,"href":"https:\/\/www.amatimmobiliaris.com\/w\/wp-json\/wp\/v2\/comments?post=1841"}],"version-history":[{"count":3,"href":"https:\/\/www.amatimmobiliaris.com\/w\/wp-json\/wp\/v2\/posts\/1841\/revisions"}],"predecessor-version":[{"id":21034,"href":"https:\/\/www.amatimmobiliaris.com\/w\/wp-json\/wp\/v2\/posts\/1841\/revisions\/21034"}],"wp:attachment":[{"href":"https:\/\/www.amatimmobiliaris.com\/w\/wp-json\/wp\/v2\/media?parent=1841"}],"wp:term":[{"taxonomy":"category","embeddable":true,"href":"https:\/\/www.amatimmobiliaris.com\/w\/wp-json\/wp\/v2\/categories?post=1841"},{"taxonomy":"post_tag","embeddable":true,"href":"https:\/\/www.amatimmobiliaris.com\/w\/wp-json\/wp\/v2\/tags?post=1841"}],"curies":[{"name":"wp","href":"https:\/\/api.w.org\/{rel}","templated":true}]}}