{"id":1831,"date":"2013-12-11T08:24:43","date_gmt":"2013-12-11T08:24:43","guid":{"rendered":"https:\/\/amat-inmo-wp.localhost\/2017\/01\/24\/trobada-sobre-gestio-dactius-immobiliaris-a-madrid\/"},"modified":"2023-05-18T14:11:50","modified_gmt":"2023-05-18T14:11:50","slug":"encuentro-sobre-gestion-de-activos-inmobiliarios-en-madrid","status":"publish","type":"post","link":"https:\/\/www.amatimmobiliaris.com\/w\/2013\/12\/encuentro-sobre-gestion-de-activos-inmobiliarios-en-madrid\/","title":{"rendered":"Encuentro sobre gesti\u00f3n de activos inmobiliarios en Madrid"},"content":{"rendered":"<p>El pasado 27 de noviembre asistimos al <strong><a href=\"https:\/\/www.conferenciasyformacion.com\/\">8\u00ba Encuentro Especializado sobre Gesti\u00f3n de Activos Inmobiliarios en Madrid<\/a><\/strong>, organizado por Unidad Editorial Conferencias y Formaci\u00f3n. Este es el balance que hemos hecho.<\/p>\n<p>Como siempre se empieza a hablar de d\u00f3nde venimos, se sigue hablando de d\u00f3nde estamos y se habla poco de futuro.<\/p>\n<p>Varias ponencias, algunas interesantes, sobre el papel que jugar\u00e1n los fondos que han empezado a entrar con fuerza en el mercado inmobiliario por dos caminos:<\/p>\n<ul>\n<li>La compra de empresas <em><span class=\"hiddenSpellError\">services<\/span> <\/em>puede revolucionar el mundo de la intermediaci\u00f3n. A empresas como la nuestra nos plantea muchas inc\u00f3gnitas de futuro: \u00bfCu\u00e1l ser\u00e1 nuestro papel?<\/li>\n<li>La compra de paquetes de inmuebles queremos verla en positivo: puede dar el pistoletazo de salida a que tambi\u00e9n empiecen a comprar los fondos locales.<\/li>\n<\/ul>\n<p>Otro gran bloque de debate fue el futuro del alquiler: se incrementar\u00e1, pero \u00bfhasta cu\u00e1ndo? \u00bfCambiar\u00e1 la mentalidad de nuestro pa\u00eds, siempre m\u00e1s decidido a comprar que a alquilar? \u00bfIncentivar\u00e1 el alquiler la <a href=\"https:\/\/www.amatimmobiliaris.com\/w\/2013\/07\/una-mirada-diferente\/\"><strong>Ley aprobada recientemente<\/strong><\/a>?<\/p>\n<p>El \u00faltimo bloque fue el destinado a debatir sobre el suelo: \u00bfhay que cambiar el r\u00e9gimen de los suelos actual? \u00bfCu\u00e1les deben desarrollarse? \u00bfQu\u00e9 criterios utilizan las entidades tenedoras del suelo para decidirlo? En este punto fue muy clara y racional la exposici\u00f3n de X. Tapias del Banco de Sabadell, que expuso los criterios de\u00a0<span class=\"hiddenSpellError\">Solvia<\/span>\u00a0a la hora de analizar y decidir qu\u00e9 hacer con cada uno de los suelos que les han llegado.<\/p>\n<p>En resumen, fue interesante. Val\u00eda la pena el viaje.<\/p>\n","protected":false},"excerpt":{"rendered":"<p>El pasado 27 de noviembre asistimos al 8\u00ba Encuentro Especializado sobre Gesti\u00f3n de Activos Inmobiliarios en Madrid, organizado por Unidad Editorial Conferencias y Formaci\u00f3n. Este es el balance que hemos hecho. Como siempre se empieza a hablar de d\u00f3nde venimos, se sigue hablando de d\u00f3nde estamos y se habla poco de futuro. Varias ponencias, algunas [&hellip;]<\/p>\n","protected":false},"author":1,"featured_media":0,"comment_status":"closed","ping_status":"closed","sticky":false,"template":"","format":"standard","meta":{"content-type":"","footnotes":""},"categories":[742,865],"tags":[1749,1679,1781,1809],"yoast_head":"<!-- This site is optimized with the Yoast SEO plugin v23.9 - https:\/\/yoast.com\/wordpress\/plugins\/seo\/ -->\n<title>Encuentro sobre gesti\u00f3n de activos inmobiliarios en Madrid | Amat Immobiliaris<\/title>\n<meta name=\"description\" content=\"El pasado 27 de noviembre asistimos al 8\u00ba Encuentro Especializado sobre Gesti\u00f3n de Activos Inmobiliarios en Madrid.\" \/>\n<meta name=\"robots\" content=\"index, follow, max-snippet:-1, max-image-preview:large, max-video-preview:-1\" \/>\n<link rel=\"canonical\" href=\"https:\/\/www.amatimmobiliaris.com\/w\/2013\/12\/encuentro-sobre-gestion-de-activos-inmobiliarios-en-madrid\/\" \/>\n<meta property=\"og:locale\" content=\"es_ES\" \/>\n<meta property=\"og:type\" content=\"article\" \/>\n<meta property=\"og:title\" content=\"Encuentro sobre gesti\u00f3n de activos inmobiliarios en Madrid | Amat Immobiliaris\" \/>\n<meta property=\"og:description\" content=\"El pasado 27 de noviembre asistimos al 8\u00ba Encuentro Especializado sobre Gesti\u00f3n de Activos Inmobiliarios en Madrid.\" \/>\n<meta property=\"og:url\" content=\"https:\/\/www.amatimmobiliaris.com\/w\/2013\/12\/encuentro-sobre-gestion-de-activos-inmobiliarios-en-madrid\/\" \/>\n<meta property=\"og:site_name\" content=\"Amat Immobiliaris\" \/>\n<meta property=\"article:publisher\" content=\"https:\/\/www.facebook.com\/amatimmobiliaris\" \/>\n<meta property=\"article:published_time\" content=\"2013-12-11T08:24:43+00:00\" \/>\n<meta property=\"article:modified_time\" content=\"2023-05-18T14:11:50+00:00\" \/>\n<meta property=\"og:image\" content=\"https:\/\/www.amatimmobiliaris.com\/w\/wp-content\/uploads\/2022\/01\/2014-Saga-familiar-Amat-dw-1-1024x683.jpg\" \/>\n\t<meta property=\"og:image:width\" content=\"1024\" \/>\n\t<meta property=\"og:image:height\" content=\"683\" \/>\n\t<meta property=\"og:image:type\" content=\"image\/jpeg\" \/>\n<meta name=\"author\" content=\"Amat Immobiliaris\" \/>\n<meta name=\"twitter:card\" content=\"summary_large_image\" \/>\n<meta name=\"twitter:creator\" content=\"@amat_cat\" \/>\n<meta name=\"twitter:site\" content=\"@amat_cat\" \/>\n<meta name=\"twitter:label1\" content=\"Escrito por\" \/>\n\t<meta name=\"twitter:data1\" content=\"Amat Immobiliaris\" \/>\n\t<meta name=\"twitter:label2\" content=\"Tiempo de lectura\" \/>\n\t<meta name=\"twitter:data2\" content=\"2 minutos\" \/>\n<script type=\"application\/ld+json\" class=\"yoast-schema-graph\">{\"@context\":\"https:\/\/schema.org\",\"@graph\":[{\"@type\":\"Article\",\"@id\":\"https:\/\/www.amatimmobiliaris.com\/w\/2013\/12\/encuentro-sobre-gestion-de-activos-inmobiliarios-en-madrid\/#article\",\"isPartOf\":{\"@id\":\"https:\/\/www.amatimmobiliaris.com\/w\/2013\/12\/encuentro-sobre-gestion-de-activos-inmobiliarios-en-madrid\/\"},\"author\":{\"name\":\"Amat Immobiliaris\",\"@id\":\"https:\/\/www.amatimmobiliaris.com\/w\/#\/schema\/person\/c880da71d1e156e7ea6774ffb445e034\"},\"headline\":\"Encuentro sobre gesti\u00f3n de activos inmobiliarios en Madrid\",\"datePublished\":\"2013-12-11T08:24:43+00:00\",\"dateModified\":\"2023-05-18T14:11:50+00:00\",\"mainEntityOfPage\":{\"@id\":\"https:\/\/www.amatimmobiliaris.com\/w\/2013\/12\/encuentro-sobre-gestion-de-activos-inmobiliarios-en-madrid\/\"},\"wordCount\":272,\"publisher\":{\"@id\":\"https:\/\/www.amatimmobiliaris.com\/w\/#organization\"},\"keywords\":[\"Conferencia\",\"Evento\",\"Madrid\",\"Sector inmobiliario\"],\"articleSection\":[\"Eventos\",\"Sector Inmobiliario\"],\"inLanguage\":\"es\"},{\"@type\":\"WebPage\",\"@id\":\"https:\/\/www.amatimmobiliaris.com\/w\/2013\/12\/encuentro-sobre-gestion-de-activos-inmobiliarios-en-madrid\/\",\"url\":\"https:\/\/www.amatimmobiliaris.com\/w\/2013\/12\/encuentro-sobre-gestion-de-activos-inmobiliarios-en-madrid\/\",\"name\":\"Encuentro sobre gesti\u00f3n de activos inmobiliarios en Madrid | Amat Immobiliaris\",\"isPartOf\":{\"@id\":\"https:\/\/www.amatimmobiliaris.com\/w\/#website\"},\"datePublished\":\"2013-12-11T08:24:43+00:00\",\"dateModified\":\"2023-05-18T14:11:50+00:00\",\"description\":\"El pasado 27 de noviembre asistimos al 8\u00ba Encuentro Especializado sobre Gesti\u00f3n de Activos Inmobiliarios en Madrid.\",\"breadcrumb\":{\"@id\":\"https:\/\/www.amatimmobiliaris.com\/w\/2013\/12\/encuentro-sobre-gestion-de-activos-inmobiliarios-en-madrid\/#breadcrumb\"},\"inLanguage\":\"es\",\"potentialAction\":[{\"@type\":\"ReadAction\",\"target\":[\"https:\/\/www.amatimmobiliaris.com\/w\/2013\/12\/encuentro-sobre-gestion-de-activos-inmobiliarios-en-madrid\/\"]}]},{\"@type\":\"BreadcrumbList\",\"@id\":\"https:\/\/www.amatimmobiliaris.com\/w\/2013\/12\/encuentro-sobre-gestion-de-activos-inmobiliarios-en-madrid\/#breadcrumb\",\"itemListElement\":[{\"@type\":\"ListItem\",\"position\":1,\"name\":\"Home\",\"item\":\"https:\/\/www.amatimmobiliaris.com\/w\/\"},{\"@type\":\"ListItem\",\"position\":2,\"name\":\"Noticias\",\"item\":\"https:\/\/www.amatimmobiliaris.com\/w\/category\/noticias\/\"},{\"@type\":\"ListItem\",\"position\":3,\"name\":\"Sector Inmobiliario\",\"item\":\"https:\/\/www.amatimmobiliaris.com\/w\/category\/noticias\/sector-inmobiliario\/\"},{\"@type\":\"ListItem\",\"position\":4,\"name\":\"Encuentro sobre gesti\u00f3n de activos inmobiliarios en Madrid\"}]},{\"@type\":\"WebSite\",\"@id\":\"https:\/\/www.amatimmobiliaris.com\/w\/#website\",\"url\":\"https:\/\/www.amatimmobiliaris.com\/w\/\",\"name\":\"Amat Immobiliaris\",\"description\":\"Empresa familiar del sector inmobiliario con oficinas en Barcelona, Sant Cugat del Vall\u00e9s y Sant Just Desvern. Te ayudamos a comprar, alquilar o vender tu casa o piso. Somos un equipo coherente con una cultura de empresa honesta, innovadora y eficaz. Tambi\u00e9n en www.amatluxury.com\",\"publisher\":{\"@id\":\"https:\/\/www.amatimmobiliaris.com\/w\/#organization\"},\"alternateName\":\"AmatImmo\",\"potentialAction\":[{\"@type\":\"SearchAction\",\"target\":{\"@type\":\"EntryPoint\",\"urlTemplate\":\"https:\/\/www.amatimmobiliaris.com\/w\/?s={search_term_string}\"},\"query-input\":{\"@type\":\"PropertyValueSpecification\",\"valueRequired\":true,\"valueName\":\"search_term_string\"}}],\"inLanguage\":\"es\"},{\"@type\":\"Organization\",\"@id\":\"https:\/\/www.amatimmobiliaris.com\/w\/#organization\",\"name\":\"Amat Immobiliaris\",\"url\":\"https:\/\/www.amatimmobiliaris.com\/w\/\",\"logo\":{\"@type\":\"ImageObject\",\"inLanguage\":\"es\",\"@id\":\"https:\/\/www.amatimmobiliaris.com\/w\/#\/schema\/logo\/image\/\",\"url\":\"https:\/\/www.amatimmobiliaris.com\/w\/wp-content\/uploads\/2022\/10\/amat-logo.jpg\",\"contentUrl\":\"https:\/\/www.amatimmobiliaris.com\/w\/wp-content\/uploads\/2022\/10\/amat-logo.jpg\",\"width\":900,\"height\":900,\"caption\":\"Amat Immobiliaris\"},\"image\":{\"@id\":\"https:\/\/www.amatimmobiliaris.com\/w\/#\/schema\/logo\/image\/\"},\"sameAs\":[\"https:\/\/www.facebook.com\/amatimmobiliaris\",\"https:\/\/x.com\/amat_cat\",\"https:\/\/www.instagram.com\/amat_immo\/\",\"https:\/\/www.linkedin.com\/company\/amat-finques\/\",\"https:\/\/www.youtube.com\/@amatimmobiliaris\"]},{\"@type\":\"Person\",\"@id\":\"https:\/\/www.amatimmobiliaris.com\/w\/#\/schema\/person\/c880da71d1e156e7ea6774ffb445e034\",\"name\":\"Amat Immobiliaris\",\"sameAs\":[\"http:\/\/amat-inmo-wp.localhost\"]}]}<\/script>\n<!-- \/ Yoast SEO plugin. -->","yoast_head_json":{"title":"Encuentro sobre gesti\u00f3n de activos inmobiliarios en Madrid | Amat Immobiliaris","description":"El pasado 27 de noviembre asistimos al 8\u00ba Encuentro Especializado sobre Gesti\u00f3n de Activos Inmobiliarios en Madrid.","robots":{"index":"index","follow":"follow","max-snippet":"max-snippet:-1","max-image-preview":"max-image-preview:large","max-video-preview":"max-video-preview:-1"},"canonical":"https:\/\/www.amatimmobiliaris.com\/w\/2013\/12\/encuentro-sobre-gestion-de-activos-inmobiliarios-en-madrid\/","og_locale":"es_ES","og_type":"article","og_title":"Encuentro sobre gesti\u00f3n de activos inmobiliarios en Madrid | Amat Immobiliaris","og_description":"El pasado 27 de noviembre asistimos al 8\u00ba Encuentro Especializado sobre Gesti\u00f3n de Activos Inmobiliarios en Madrid.","og_url":"https:\/\/www.amatimmobiliaris.com\/w\/2013\/12\/encuentro-sobre-gestion-de-activos-inmobiliarios-en-madrid\/","og_site_name":"Amat Immobiliaris","article_publisher":"https:\/\/www.facebook.com\/amatimmobiliaris","article_published_time":"2013-12-11T08:24:43+00:00","article_modified_time":"2023-05-18T14:11:50+00:00","og_image":[{"width":1024,"height":683,"url":"https:\/\/www.amatimmobiliaris.com\/w\/wp-content\/uploads\/2022\/01\/2014-Saga-familiar-Amat-dw-1-1024x683.jpg","type":"image\/jpeg"}],"author":"Amat Immobiliaris","twitter_card":"summary_large_image","twitter_creator":"@amat_cat","twitter_site":"@amat_cat","twitter_misc":{"Escrito por":"Amat Immobiliaris","Tiempo de lectura":"2 minutos"},"schema":{"@context":"https:\/\/schema.org","@graph":[{"@type":"Article","@id":"https:\/\/www.amatimmobiliaris.com\/w\/2013\/12\/encuentro-sobre-gestion-de-activos-inmobiliarios-en-madrid\/#article","isPartOf":{"@id":"https:\/\/www.amatimmobiliaris.com\/w\/2013\/12\/encuentro-sobre-gestion-de-activos-inmobiliarios-en-madrid\/"},"author":{"name":"Amat Immobiliaris","@id":"https:\/\/www.amatimmobiliaris.com\/w\/#\/schema\/person\/c880da71d1e156e7ea6774ffb445e034"},"headline":"Encuentro sobre gesti\u00f3n de activos inmobiliarios en Madrid","datePublished":"2013-12-11T08:24:43+00:00","dateModified":"2023-05-18T14:11:50+00:00","mainEntityOfPage":{"@id":"https:\/\/www.amatimmobiliaris.com\/w\/2013\/12\/encuentro-sobre-gestion-de-activos-inmobiliarios-en-madrid\/"},"wordCount":272,"publisher":{"@id":"https:\/\/www.amatimmobiliaris.com\/w\/#organization"},"keywords":["Conferencia","Evento","Madrid","Sector inmobiliario"],"articleSection":["Eventos","Sector Inmobiliario"],"inLanguage":"es"},{"@type":"WebPage","@id":"https:\/\/www.amatimmobiliaris.com\/w\/2013\/12\/encuentro-sobre-gestion-de-activos-inmobiliarios-en-madrid\/","url":"https:\/\/www.amatimmobiliaris.com\/w\/2013\/12\/encuentro-sobre-gestion-de-activos-inmobiliarios-en-madrid\/","name":"Encuentro sobre gesti\u00f3n de activos inmobiliarios en Madrid | Amat Immobiliaris","isPartOf":{"@id":"https:\/\/www.amatimmobiliaris.com\/w\/#website"},"datePublished":"2013-12-11T08:24:43+00:00","dateModified":"2023-05-18T14:11:50+00:00","description":"El pasado 27 de noviembre asistimos al 8\u00ba Encuentro Especializado sobre Gesti\u00f3n de Activos Inmobiliarios en Madrid.","breadcrumb":{"@id":"https:\/\/www.amatimmobiliaris.com\/w\/2013\/12\/encuentro-sobre-gestion-de-activos-inmobiliarios-en-madrid\/#breadcrumb"},"inLanguage":"es","potentialAction":[{"@type":"ReadAction","target":["https:\/\/www.amatimmobiliaris.com\/w\/2013\/12\/encuentro-sobre-gestion-de-activos-inmobiliarios-en-madrid\/"]}]},{"@type":"BreadcrumbList","@id":"https:\/\/www.amatimmobiliaris.com\/w\/2013\/12\/encuentro-sobre-gestion-de-activos-inmobiliarios-en-madrid\/#breadcrumb","itemListElement":[{"@type":"ListItem","position":1,"name":"Home","item":"https:\/\/www.amatimmobiliaris.com\/w\/"},{"@type":"ListItem","position":2,"name":"Noticias","item":"https:\/\/www.amatimmobiliaris.com\/w\/category\/noticias\/"},{"@type":"ListItem","position":3,"name":"Sector Inmobiliario","item":"https:\/\/www.amatimmobiliaris.com\/w\/category\/noticias\/sector-inmobiliario\/"},{"@type":"ListItem","position":4,"name":"Encuentro sobre gesti\u00f3n de activos inmobiliarios en Madrid"}]},{"@type":"WebSite","@id":"https:\/\/www.amatimmobiliaris.com\/w\/#website","url":"https:\/\/www.amatimmobiliaris.com\/w\/","name":"Amat Immobiliaris","description":"Empresa familiar del sector inmobiliario con oficinas en Barcelona, Sant Cugat del Vall\u00e9s y Sant Just Desvern. Te ayudamos a comprar, alquilar o vender tu casa o piso. Somos un equipo coherente con una cultura de empresa honesta, innovadora y eficaz. Tambi\u00e9n en www.amatluxury.com","publisher":{"@id":"https:\/\/www.amatimmobiliaris.com\/w\/#organization"},"alternateName":"AmatImmo","potentialAction":[{"@type":"SearchAction","target":{"@type":"EntryPoint","urlTemplate":"https:\/\/www.amatimmobiliaris.com\/w\/?s={search_term_string}"},"query-input":{"@type":"PropertyValueSpecification","valueRequired":true,"valueName":"search_term_string"}}],"inLanguage":"es"},{"@type":"Organization","@id":"https:\/\/www.amatimmobiliaris.com\/w\/#organization","name":"Amat Immobiliaris","url":"https:\/\/www.amatimmobiliaris.com\/w\/","logo":{"@type":"ImageObject","inLanguage":"es","@id":"https:\/\/www.amatimmobiliaris.com\/w\/#\/schema\/logo\/image\/","url":"https:\/\/www.amatimmobiliaris.com\/w\/wp-content\/uploads\/2022\/10\/amat-logo.jpg","contentUrl":"https:\/\/www.amatimmobiliaris.com\/w\/wp-content\/uploads\/2022\/10\/amat-logo.jpg","width":900,"height":900,"caption":"Amat Immobiliaris"},"image":{"@id":"https:\/\/www.amatimmobiliaris.com\/w\/#\/schema\/logo\/image\/"},"sameAs":["https:\/\/www.facebook.com\/amatimmobiliaris","https:\/\/x.com\/amat_cat","https:\/\/www.instagram.com\/amat_immo\/","https:\/\/www.linkedin.com\/company\/amat-finques\/","https:\/\/www.youtube.com\/@amatimmobiliaris"]},{"@type":"Person","@id":"https:\/\/www.amatimmobiliaris.com\/w\/#\/schema\/person\/c880da71d1e156e7ea6774ffb445e034","name":"Amat Immobiliaris","sameAs":["http:\/\/amat-inmo-wp.localhost"]}]}},"_links":{"self":[{"href":"https:\/\/www.amatimmobiliaris.com\/w\/wp-json\/wp\/v2\/posts\/1831"}],"collection":[{"href":"https:\/\/www.amatimmobiliaris.com\/w\/wp-json\/wp\/v2\/posts"}],"about":[{"href":"https:\/\/www.amatimmobiliaris.com\/w\/wp-json\/wp\/v2\/types\/post"}],"author":[{"embeddable":true,"href":"https:\/\/www.amatimmobiliaris.com\/w\/wp-json\/wp\/v2\/users\/1"}],"replies":[{"embeddable":true,"href":"https:\/\/www.amatimmobiliaris.com\/w\/wp-json\/wp\/v2\/comments?post=1831"}],"version-history":[{"count":8,"href":"https:\/\/www.amatimmobiliaris.com\/w\/wp-json\/wp\/v2\/posts\/1831\/revisions"}],"predecessor-version":[{"id":27937,"href":"https:\/\/www.amatimmobiliaris.com\/w\/wp-json\/wp\/v2\/posts\/1831\/revisions\/27937"}],"wp:attachment":[{"href":"https:\/\/www.amatimmobiliaris.com\/w\/wp-json\/wp\/v2\/media?parent=1831"}],"wp:term":[{"taxonomy":"category","embeddable":true,"href":"https:\/\/www.amatimmobiliaris.com\/w\/wp-json\/wp\/v2\/categories?post=1831"},{"taxonomy":"post_tag","embeddable":true,"href":"https:\/\/www.amatimmobiliaris.com\/w\/wp-json\/wp\/v2\/tags?post=1831"}],"curies":[{"name":"wp","href":"https:\/\/api.w.org\/{rel}","templated":true}]}}