{"id":1827,"date":"2014-04-10T08:23:30","date_gmt":"2014-04-10T08:23:30","guid":{"rendered":"https:\/\/amat-inmo-wp.localhost\/2017\/01\/24\/el-65-aniversari-damat-immobiliaris\/"},"modified":"2023-05-25T10:55:46","modified_gmt":"2023-05-25T10:55:46","slug":"el-65-aniversario-de-amat-immobiliaris","status":"publish","type":"post","link":"https:\/\/www.amatimmobiliaris.com\/w\/2014\/04\/el-65-aniversario-de-amat-immobiliaris\/","title":{"rendered":"El 65 aniversario de Amat Immobiliaris"},"content":{"rendered":"<p>El pasado martes\u00a04 de febrero <strong>celebramos en la Pedrera el 65 aniversario de\u00a0<span class=\"hiddenSpellError\">Amat<\/span>\u00a0<span class=\"hiddenSpellError\">Immobiliaris<\/span><\/strong>. Era un acto totalmente dedicado a <strong>homenajear a la primera generaci\u00f3n de la empresa<\/strong>, la Concepci\u00f3n Amig\u00f3, sin su empuje nunca se hubiera llegado a este aniversario. Fue un acto elegante y emotivo a la vez, y que gracias a la asistencia de m\u00e1s de 280\u00a0personas,\u00a0entre clientes, empresarios, compa\u00f1eros de sector, familia y amigos, fue m\u00e1s especial, porque nos hizo sentir muy bien acompa\u00f1ados.<\/p>\n<p><span class=\"hiddenSpellError\">Imma<\/span>\u00a0y\u00a0<span class=\"hiddenSpellError\">Joana<\/span>\u00a0<span class=\"hiddenSpellError\">Amat<\/span>\u00a0abrieron el acto dando la bienvenida y haciendo una <a href=\"https:\/\/www.youtube.com\/watch?v=1vjItkyxHv0&amp;list=PLe1er1poVnDoJEU4xbTvL9WdFidZM1CLO&amp;index=61\">emotiva introducci\u00f3n de la historia de la empresa<\/a> y los valores en torno a los cuales ha girado siempre\u00a0<span class=\"hiddenSpellError\">Amat<\/span>\u00a0<span class=\"hiddenSpellError\">Immobiliaris<\/span>, valores que, como no pod\u00eda ser de otra manera, se vieron reflejados durante todo el acto. El acto pivot\u00f3 sobre los tres pilares vitales de la segunda generaci\u00f3n,\u00a0estos\u00a0son la <strong>empresa y la econom\u00eda, la cultura y la implicaci\u00f3n social.<\/strong><\/p>\n<p>El primero de ellos se desarroll\u00f3 a trav\u00e9s de un d<strong>i\u00e1logo entre tres economistas y tres empresarios, moderado de forma excelente por Antoni\u00a0<span class=\"hiddenSpellError\">Bassas<\/span>.<\/strong> Oriol\u00a0<span class=\"hiddenSpellError\">Amat<\/span>, Elisenda\u00a0<span class=\"hiddenSpellError\">Paluzie<\/span>\u00a0y\u00a0<span class=\"hiddenSpellError\">Miquel<\/span>\u00a0Puig eran los tres Doctores en Econom\u00eda, mientras que\u00a0<span class=\"hiddenSpellError\">N\u00faria<\/span>\u00a0<span class=\"hiddenSpellError\">Basi<\/span>,\u00a0<span class=\"hiddenSpellError\">Ramon<\/span>\u00a0Carbonell y\u00a0<span class=\"hiddenSpellError\">C\u00e8sar<\/span>\u00a0<span class=\"hiddenGrammarError\">Molins<\/span>\u00a0los tres empresarios, procedentes de empresas familiares catalanas como\u00a0<span class=\"hiddenSpellError\">Amat<\/span>\u00a0<span class=\"hiddenSpellError\">Immobiliaris<\/span>. En el di\u00e1logo salieron realidades e ideas muy interesantes, como por ejemplo cuando Oriol\u00a0<span class=\"hiddenSpellError\">Amat<\/span>\u00a0mencion\u00f3 que cada 2.000 empresas catalanas\u00a0solo\u00a0una alcanza los 65 a\u00f1os, y eso es posible siempre y cuando una empresa sea capaz de renovarse.<\/p>\n<p><strong>La parte cultural estuvo representada por el amigo y gran poeta Joan\u00a0<span class=\"hiddenSpellError\">Margarit<\/span>,<\/strong> quien despu\u00e9s de una brillante introducci\u00f3n, nos cautiv\u00f3 con la fuerza y \u200b\u200bemoci\u00f3n recitando sus poemas. Mientras lo hac\u00eda, lleg\u00f3 el <strong>Muy Honorable Presidente de la Generalidad de Catalu\u00f1a<\/strong>, que nos concedi\u00f3 el honor de cerrar el acto. Sus palabras fueron muy emotivas, puesto que nos puso como una empresa de referencia, no solo en el sector inmobiliario, por ser un claro ejemplo de esfuerzo, trabajo y constancia.<\/p>\n<p>La parte m\u00e1s emocionante del acto fue cuando e<strong>l Muy Honorable\u00a0<span class=\"hiddenSpellError\">President<\/span>\u00a0<span class=\"hiddenSpellError\">Artur Mas<\/span>\u00a0entreg\u00f3 un ramo de flores a la abuela\u00a0<span class=\"hiddenSpellError\">Concepci\u00f3n<\/span>\u00a0Viuda\u00a0<span class=\"hiddenSpellError\">Amat<\/span><\/strong>, y que deriv\u00f3 en un gran y emotivo aplauso de todos los asistentes.<\/p>\n<p>El \u00faltimo valor de\u00a0<span class=\"hiddenSpellError\">Amat<\/span>\u00a0<span class=\"hiddenSpellError\">Immobiliaris<\/span>\u00a0se reflej\u00f3 una vez terminado el acto, ya que a cargo del c\u00f3ctel estaba la escuela de INS de la <a href=\"https:\/\/www.amatimmobiliaris.com\/w\/2013\/05\/fundacion-formacion-y-trabajo\/\" target=\"_blank\" rel=\"noopener\">Fundaci\u00f3n\u00a0<span class=\"hiddenSpellError\">Formaci\u00f3<\/span>\u00a0y\u00a0<span class=\"hiddenSpellError\">Treball<\/span><\/a>, fundaci\u00f3n vinculada a C\u00e1ritas y que destacamos el mes de mayo de nuestro calendario solidario del a\u00f1o 2013.<\/p>\n<p>Por \u00faltimo, queremos una vez m\u00e1s agradecer a todo el equipo de\u00a0<span class=\"hiddenSpellError\">Amat<\/span>\u00a0que hizo posible la celebraci\u00f3n de nuestro 65 aniversario; a nuestros patrocinadores, <a href=\"https:\/\/mutuadepropietarios.es\/ca\/helpie_faq\/es-obligatori-que-la-meva-finca-passi-la-inspeccio-tecnica-dedificis\/\">Mutua de Propietarios<\/a>,\u00a0<a href=\"https:\/\/www.tkelevator.com\/es-es\/\"><span class=\"hiddenSpellError\">Thyssenkrupp<\/span>\u00a0Elevadores<\/a> y\u00a0<a href=\"https:\/\/watium.es\/\"><span class=\"hiddenSpellError\">Watium<\/span><\/a>; y especiales agradecimientos al\u00a0<a href=\"https:\/\/carmemalaret.blogspot.com\/\"><span class=\"hiddenSpellError\">Espai<\/span>\u00a0de\u00a0<span class=\"hiddenSpellError\">Lliure<\/span>\u00a0Creaci\u00f3n Carme\u00a0<span class=\"hiddenSpellError\">Malaret<\/span><\/a>\u00a0y la Orquesta\u00a0<span class=\"hiddenSpellError\">Fusi\u00f3<\/span>\u00a0Sant Cugat, que complementaron toda la parte cultural del acto, y en <a href=\"http:\/\/www.agorient.com\/\">Artes Gr\u00e1ficas Oriente<\/a>,\u00a0<a href=\"https:\/\/sumarroca.es\/\"><span class=\"hiddenSpellError\">Sumarroca<\/span>\u00a0<\/a>y\u00a0<a href=\"https:\/\/vallformosa.com\/\"><span class=\"hiddenSpellError\">Vallformosa<\/span><\/a>.<\/p>\n<p><a href=\"https:\/\/www.flickr.com\/photos\/amatimmobiliaris\/sets\/72157640288883243\/\">Puede ver la galer\u00eda de fotos de\u00a0<span class=\"hiddenSpellError\">Amat65<\/span>\u00a0en nuestro Flickr<\/a> \ud83d\ude42<\/p>\n","protected":false},"excerpt":{"rendered":"<p>El pasado martes\u00a04 de febrero celebramos en la Pedrera el 65 aniversario de\u00a0Amat\u00a0Immobiliaris. Era un acto totalmente dedicado a homenajear a la primera generaci\u00f3n de la empresa, la Concepci\u00f3n Amig\u00f3, sin su empuje nunca se hubiera llegado a este aniversario. Fue un acto elegante y emotivo a la vez, y que gracias a la asistencia [&hellip;]<\/p>\n","protected":false},"author":1,"featured_media":0,"comment_status":"closed","ping_status":"closed","sticky":false,"template":"","format":"standard","meta":{"content-type":"","footnotes":""},"categories":[741,742,889,865],"tags":[1684,1473,1241,1235,1663,942,1809],"yoast_head":"<!-- This site is optimized with the Yoast SEO plugin v23.9 - https:\/\/yoast.com\/wordpress\/plugins\/seo\/ -->\n<title>El 65 aniversario de Amat Immobiliaris | Amat Immobiliaris<\/title>\n<meta name=\"description\" content=\"El pasado martes 4 de febrero celebramos en la Pedrera el 65 aniversario de Amat Immobiliaris. \u00a1Te lo contamos!\" \/>\n<meta name=\"robots\" content=\"index, follow, max-snippet:-1, max-image-preview:large, max-video-preview:-1\" \/>\n<link rel=\"canonical\" href=\"https:\/\/www.amatimmobiliaris.com\/w\/2014\/04\/el-65-aniversario-de-amat-immobiliaris\/\" \/>\n<meta property=\"og:locale\" content=\"es_ES\" \/>\n<meta property=\"og:type\" content=\"article\" \/>\n<meta property=\"og:title\" content=\"El 65 aniversario de Amat Immobiliaris | Amat Immobiliaris\" \/>\n<meta property=\"og:description\" content=\"El pasado martes 4 de febrero celebramos en la Pedrera el 65 aniversario de Amat Immobiliaris. \u00a1Te lo contamos!\" \/>\n<meta property=\"og:url\" content=\"https:\/\/www.amatimmobiliaris.com\/w\/2014\/04\/el-65-aniversario-de-amat-immobiliaris\/\" \/>\n<meta property=\"og:site_name\" content=\"Amat Immobiliaris\" \/>\n<meta property=\"article:publisher\" content=\"https:\/\/www.facebook.com\/amatimmobiliaris\" \/>\n<meta property=\"article:published_time\" content=\"2014-04-10T08:23:30+00:00\" \/>\n<meta property=\"article:modified_time\" content=\"2023-05-25T10:55:46+00:00\" \/>\n<meta property=\"og:image\" content=\"https:\/\/www.amatimmobiliaris.com\/w\/wp-content\/uploads\/2022\/01\/2014-Saga-familiar-Amat-dw-1-1024x683.jpg\" \/>\n\t<meta property=\"og:image:width\" content=\"1024\" \/>\n\t<meta property=\"og:image:height\" content=\"683\" \/>\n\t<meta property=\"og:image:type\" content=\"image\/jpeg\" \/>\n<meta name=\"author\" content=\"Amat Immobiliaris\" \/>\n<meta name=\"twitter:card\" content=\"summary_large_image\" \/>\n<meta name=\"twitter:creator\" content=\"@amat_cat\" \/>\n<meta name=\"twitter:site\" content=\"@amat_cat\" \/>\n<meta name=\"twitter:label1\" content=\"Escrito por\" \/>\n\t<meta name=\"twitter:data1\" content=\"Amat Immobiliaris\" \/>\n\t<meta name=\"twitter:label2\" content=\"Tiempo de lectura\" \/>\n\t<meta name=\"twitter:data2\" content=\"3 minutos\" \/>\n<script type=\"application\/ld+json\" class=\"yoast-schema-graph\">{\"@context\":\"https:\/\/schema.org\",\"@graph\":[{\"@type\":\"Article\",\"@id\":\"https:\/\/www.amatimmobiliaris.com\/w\/2014\/04\/el-65-aniversario-de-amat-immobiliaris\/#article\",\"isPartOf\":{\"@id\":\"https:\/\/www.amatimmobiliaris.com\/w\/2014\/04\/el-65-aniversario-de-amat-immobiliaris\/\"},\"author\":{\"name\":\"Amat Immobiliaris\",\"@id\":\"https:\/\/www.amatimmobiliaris.com\/w\/#\/schema\/person\/c880da71d1e156e7ea6774ffb445e034\"},\"headline\":\"El 65 aniversario de Amat Immobiliaris\",\"datePublished\":\"2014-04-10T08:23:30+00:00\",\"dateModified\":\"2023-05-25T10:55:46+00:00\",\"mainEntityOfPage\":{\"@id\":\"https:\/\/www.amatimmobiliaris.com\/w\/2014\/04\/el-65-aniversario-de-amat-immobiliaris\/\"},\"wordCount\":529,\"publisher\":{\"@id\":\"https:\/\/www.amatimmobiliaris.com\/w\/#organization\"},\"keywords\":[\"AmatCultura\",\"Aniversario\",\"Cultura\",\"Econom\u00eda\",\"Fiesta\",\"Inmobiliaria\",\"Sector inmobiliario\"],\"articleSection\":[\"El mundo Amat\",\"Eventos\",\"Noticias\",\"Sector Inmobiliario\"],\"inLanguage\":\"es\"},{\"@type\":\"WebPage\",\"@id\":\"https:\/\/www.amatimmobiliaris.com\/w\/2014\/04\/el-65-aniversario-de-amat-immobiliaris\/\",\"url\":\"https:\/\/www.amatimmobiliaris.com\/w\/2014\/04\/el-65-aniversario-de-amat-immobiliaris\/\",\"name\":\"El 65 aniversario de Amat Immobiliaris | Amat Immobiliaris\",\"isPartOf\":{\"@id\":\"https:\/\/www.amatimmobiliaris.com\/w\/#website\"},\"datePublished\":\"2014-04-10T08:23:30+00:00\",\"dateModified\":\"2023-05-25T10:55:46+00:00\",\"description\":\"El pasado martes 4 de febrero celebramos en la Pedrera el 65 aniversario de Amat Immobiliaris. \u00a1Te lo contamos!\",\"breadcrumb\":{\"@id\":\"https:\/\/www.amatimmobiliaris.com\/w\/2014\/04\/el-65-aniversario-de-amat-immobiliaris\/#breadcrumb\"},\"inLanguage\":\"es\",\"potentialAction\":[{\"@type\":\"ReadAction\",\"target\":[\"https:\/\/www.amatimmobiliaris.com\/w\/2014\/04\/el-65-aniversario-de-amat-immobiliaris\/\"]}]},{\"@type\":\"BreadcrumbList\",\"@id\":\"https:\/\/www.amatimmobiliaris.com\/w\/2014\/04\/el-65-aniversario-de-amat-immobiliaris\/#breadcrumb\",\"itemListElement\":[{\"@type\":\"ListItem\",\"position\":1,\"name\":\"Home\",\"item\":\"https:\/\/www.amatimmobiliaris.com\/w\/\"},{\"@type\":\"ListItem\",\"position\":2,\"name\":\"Noticias\",\"item\":\"https:\/\/www.amatimmobiliaris.com\/w\/category\/noticias\/\"},{\"@type\":\"ListItem\",\"position\":3,\"name\":\"Sector Inmobiliario\",\"item\":\"https:\/\/www.amatimmobiliaris.com\/w\/category\/noticias\/sector-inmobiliario\/\"},{\"@type\":\"ListItem\",\"position\":4,\"name\":\"El 65 aniversario de Amat Immobiliaris\"}]},{\"@type\":\"WebSite\",\"@id\":\"https:\/\/www.amatimmobiliaris.com\/w\/#website\",\"url\":\"https:\/\/www.amatimmobiliaris.com\/w\/\",\"name\":\"Amat Immobiliaris\",\"description\":\"Empresa familiar del sector inmobiliario con oficinas en Barcelona, Sant Cugat del Vall\u00e9s y Sant Just Desvern. Te ayudamos a comprar, alquilar o vender tu casa o piso. Somos un equipo coherente con una cultura de empresa honesta, innovadora y eficaz. Tambi\u00e9n en www.amatluxury.com\",\"publisher\":{\"@id\":\"https:\/\/www.amatimmobiliaris.com\/w\/#organization\"},\"alternateName\":\"AmatImmo\",\"potentialAction\":[{\"@type\":\"SearchAction\",\"target\":{\"@type\":\"EntryPoint\",\"urlTemplate\":\"https:\/\/www.amatimmobiliaris.com\/w\/?s={search_term_string}\"},\"query-input\":{\"@type\":\"PropertyValueSpecification\",\"valueRequired\":true,\"valueName\":\"search_term_string\"}}],\"inLanguage\":\"es\"},{\"@type\":\"Organization\",\"@id\":\"https:\/\/www.amatimmobiliaris.com\/w\/#organization\",\"name\":\"Amat Immobiliaris\",\"url\":\"https:\/\/www.amatimmobiliaris.com\/w\/\",\"logo\":{\"@type\":\"ImageObject\",\"inLanguage\":\"es\",\"@id\":\"https:\/\/www.amatimmobiliaris.com\/w\/#\/schema\/logo\/image\/\",\"url\":\"https:\/\/www.amatimmobiliaris.com\/w\/wp-content\/uploads\/2022\/10\/amat-logo.jpg\",\"contentUrl\":\"https:\/\/www.amatimmobiliaris.com\/w\/wp-content\/uploads\/2022\/10\/amat-logo.jpg\",\"width\":900,\"height\":900,\"caption\":\"Amat Immobiliaris\"},\"image\":{\"@id\":\"https:\/\/www.amatimmobiliaris.com\/w\/#\/schema\/logo\/image\/\"},\"sameAs\":[\"https:\/\/www.facebook.com\/amatimmobiliaris\",\"https:\/\/x.com\/amat_cat\",\"https:\/\/www.instagram.com\/amat_immo\/\",\"https:\/\/www.linkedin.com\/company\/amat-finques\/\",\"https:\/\/www.youtube.com\/@amatimmobiliaris\"]},{\"@type\":\"Person\",\"@id\":\"https:\/\/www.amatimmobiliaris.com\/w\/#\/schema\/person\/c880da71d1e156e7ea6774ffb445e034\",\"name\":\"Amat Immobiliaris\",\"sameAs\":[\"http:\/\/amat-inmo-wp.localhost\"]}]}<\/script>\n<!-- \/ Yoast SEO plugin. -->","yoast_head_json":{"title":"El 65 aniversario de Amat Immobiliaris | Amat Immobiliaris","description":"El pasado martes 4 de febrero celebramos en la Pedrera el 65 aniversario de Amat Immobiliaris. \u00a1Te lo contamos!","robots":{"index":"index","follow":"follow","max-snippet":"max-snippet:-1","max-image-preview":"max-image-preview:large","max-video-preview":"max-video-preview:-1"},"canonical":"https:\/\/www.amatimmobiliaris.com\/w\/2014\/04\/el-65-aniversario-de-amat-immobiliaris\/","og_locale":"es_ES","og_type":"article","og_title":"El 65 aniversario de Amat Immobiliaris | Amat Immobiliaris","og_description":"El pasado martes 4 de febrero celebramos en la Pedrera el 65 aniversario de Amat Immobiliaris. \u00a1Te lo contamos!","og_url":"https:\/\/www.amatimmobiliaris.com\/w\/2014\/04\/el-65-aniversario-de-amat-immobiliaris\/","og_site_name":"Amat Immobiliaris","article_publisher":"https:\/\/www.facebook.com\/amatimmobiliaris","article_published_time":"2014-04-10T08:23:30+00:00","article_modified_time":"2023-05-25T10:55:46+00:00","og_image":[{"width":1024,"height":683,"url":"https:\/\/www.amatimmobiliaris.com\/w\/wp-content\/uploads\/2022\/01\/2014-Saga-familiar-Amat-dw-1-1024x683.jpg","type":"image\/jpeg"}],"author":"Amat Immobiliaris","twitter_card":"summary_large_image","twitter_creator":"@amat_cat","twitter_site":"@amat_cat","twitter_misc":{"Escrito por":"Amat Immobiliaris","Tiempo de lectura":"3 minutos"},"schema":{"@context":"https:\/\/schema.org","@graph":[{"@type":"Article","@id":"https:\/\/www.amatimmobiliaris.com\/w\/2014\/04\/el-65-aniversario-de-amat-immobiliaris\/#article","isPartOf":{"@id":"https:\/\/www.amatimmobiliaris.com\/w\/2014\/04\/el-65-aniversario-de-amat-immobiliaris\/"},"author":{"name":"Amat Immobiliaris","@id":"https:\/\/www.amatimmobiliaris.com\/w\/#\/schema\/person\/c880da71d1e156e7ea6774ffb445e034"},"headline":"El 65 aniversario de Amat Immobiliaris","datePublished":"2014-04-10T08:23:30+00:00","dateModified":"2023-05-25T10:55:46+00:00","mainEntityOfPage":{"@id":"https:\/\/www.amatimmobiliaris.com\/w\/2014\/04\/el-65-aniversario-de-amat-immobiliaris\/"},"wordCount":529,"publisher":{"@id":"https:\/\/www.amatimmobiliaris.com\/w\/#organization"},"keywords":["AmatCultura","Aniversario","Cultura","Econom\u00eda","Fiesta","Inmobiliaria","Sector inmobiliario"],"articleSection":["El mundo Amat","Eventos","Noticias","Sector Inmobiliario"],"inLanguage":"es"},{"@type":"WebPage","@id":"https:\/\/www.amatimmobiliaris.com\/w\/2014\/04\/el-65-aniversario-de-amat-immobiliaris\/","url":"https:\/\/www.amatimmobiliaris.com\/w\/2014\/04\/el-65-aniversario-de-amat-immobiliaris\/","name":"El 65 aniversario de Amat Immobiliaris | Amat Immobiliaris","isPartOf":{"@id":"https:\/\/www.amatimmobiliaris.com\/w\/#website"},"datePublished":"2014-04-10T08:23:30+00:00","dateModified":"2023-05-25T10:55:46+00:00","description":"El pasado martes 4 de febrero celebramos en la Pedrera el 65 aniversario de Amat Immobiliaris. \u00a1Te lo contamos!","breadcrumb":{"@id":"https:\/\/www.amatimmobiliaris.com\/w\/2014\/04\/el-65-aniversario-de-amat-immobiliaris\/#breadcrumb"},"inLanguage":"es","potentialAction":[{"@type":"ReadAction","target":["https:\/\/www.amatimmobiliaris.com\/w\/2014\/04\/el-65-aniversario-de-amat-immobiliaris\/"]}]},{"@type":"BreadcrumbList","@id":"https:\/\/www.amatimmobiliaris.com\/w\/2014\/04\/el-65-aniversario-de-amat-immobiliaris\/#breadcrumb","itemListElement":[{"@type":"ListItem","position":1,"name":"Home","item":"https:\/\/www.amatimmobiliaris.com\/w\/"},{"@type":"ListItem","position":2,"name":"Noticias","item":"https:\/\/www.amatimmobiliaris.com\/w\/category\/noticias\/"},{"@type":"ListItem","position":3,"name":"Sector Inmobiliario","item":"https:\/\/www.amatimmobiliaris.com\/w\/category\/noticias\/sector-inmobiliario\/"},{"@type":"ListItem","position":4,"name":"El 65 aniversario de Amat Immobiliaris"}]},{"@type":"WebSite","@id":"https:\/\/www.amatimmobiliaris.com\/w\/#website","url":"https:\/\/www.amatimmobiliaris.com\/w\/","name":"Amat Immobiliaris","description":"Empresa familiar del sector inmobiliario con oficinas en Barcelona, Sant Cugat del Vall\u00e9s y Sant Just Desvern. Te ayudamos a comprar, alquilar o vender tu casa o piso. Somos un equipo coherente con una cultura de empresa honesta, innovadora y eficaz. Tambi\u00e9n en www.amatluxury.com","publisher":{"@id":"https:\/\/www.amatimmobiliaris.com\/w\/#organization"},"alternateName":"AmatImmo","potentialAction":[{"@type":"SearchAction","target":{"@type":"EntryPoint","urlTemplate":"https:\/\/www.amatimmobiliaris.com\/w\/?s={search_term_string}"},"query-input":{"@type":"PropertyValueSpecification","valueRequired":true,"valueName":"search_term_string"}}],"inLanguage":"es"},{"@type":"Organization","@id":"https:\/\/www.amatimmobiliaris.com\/w\/#organization","name":"Amat Immobiliaris","url":"https:\/\/www.amatimmobiliaris.com\/w\/","logo":{"@type":"ImageObject","inLanguage":"es","@id":"https:\/\/www.amatimmobiliaris.com\/w\/#\/schema\/logo\/image\/","url":"https:\/\/www.amatimmobiliaris.com\/w\/wp-content\/uploads\/2022\/10\/amat-logo.jpg","contentUrl":"https:\/\/www.amatimmobiliaris.com\/w\/wp-content\/uploads\/2022\/10\/amat-logo.jpg","width":900,"height":900,"caption":"Amat Immobiliaris"},"image":{"@id":"https:\/\/www.amatimmobiliaris.com\/w\/#\/schema\/logo\/image\/"},"sameAs":["https:\/\/www.facebook.com\/amatimmobiliaris","https:\/\/x.com\/amat_cat","https:\/\/www.instagram.com\/amat_immo\/","https:\/\/www.linkedin.com\/company\/amat-finques\/","https:\/\/www.youtube.com\/@amatimmobiliaris"]},{"@type":"Person","@id":"https:\/\/www.amatimmobiliaris.com\/w\/#\/schema\/person\/c880da71d1e156e7ea6774ffb445e034","name":"Amat Immobiliaris","sameAs":["http:\/\/amat-inmo-wp.localhost"]}]}},"_links":{"self":[{"href":"https:\/\/www.amatimmobiliaris.com\/w\/wp-json\/wp\/v2\/posts\/1827"}],"collection":[{"href":"https:\/\/www.amatimmobiliaris.com\/w\/wp-json\/wp\/v2\/posts"}],"about":[{"href":"https:\/\/www.amatimmobiliaris.com\/w\/wp-json\/wp\/v2\/types\/post"}],"author":[{"embeddable":true,"href":"https:\/\/www.amatimmobiliaris.com\/w\/wp-json\/wp\/v2\/users\/1"}],"replies":[{"embeddable":true,"href":"https:\/\/www.amatimmobiliaris.com\/w\/wp-json\/wp\/v2\/comments?post=1827"}],"version-history":[{"count":15,"href":"https:\/\/www.amatimmobiliaris.com\/w\/wp-json\/wp\/v2\/posts\/1827\/revisions"}],"predecessor-version":[{"id":28103,"href":"https:\/\/www.amatimmobiliaris.com\/w\/wp-json\/wp\/v2\/posts\/1827\/revisions\/28103"}],"wp:attachment":[{"href":"https:\/\/www.amatimmobiliaris.com\/w\/wp-json\/wp\/v2\/media?parent=1827"}],"wp:term":[{"taxonomy":"category","embeddable":true,"href":"https:\/\/www.amatimmobiliaris.com\/w\/wp-json\/wp\/v2\/categories?post=1827"},{"taxonomy":"post_tag","embeddable":true,"href":"https:\/\/www.amatimmobiliaris.com\/w\/wp-json\/wp\/v2\/tags?post=1827"}],"curies":[{"name":"wp","href":"https:\/\/api.w.org\/{rel}","templated":true}]}}