{"id":1820,"date":"2014-03-31T08:21:13","date_gmt":"2014-03-31T08:21:13","guid":{"rendered":"https:\/\/amat-inmo-wp.localhost\/2017\/01\/24\/orquesta-fusio\/"},"modified":"2023-05-18T14:04:55","modified_gmt":"2023-05-18T14:04:55","slug":"orquesta-fusion","status":"publish","type":"post","link":"https:\/\/www.amatimmobiliaris.com\/w\/2014\/03\/orquesta-fusion\/","title":{"rendered":"Orquesta Fusi\u00f3n"},"content":{"rendered":"<p>Sant\u00a0Cugat,\u00a022\u00a0marzo\u00a02014, primer d\u00eda de primavera, hace muy buen tiempo, casi calor, voy al Teatro Auditorio de Sant\u00a0Cugat,\u00a0donde est\u00e1 el<strong> Concierto Intercambio<\/strong> organizado por la <strong><a href=\"http:\/\/orquestrafusio.weebly.com\/agenda.html\">Escuela de M\u00fasica FUSI\u00d3N<\/a><\/strong>, y que nuestra empresa <span class=\"hiddenSpellError\">Amat<\/span>\u00a0copatrocina.\u00a0Adem\u00e1s,\u00a0<strong><span class=\"hiddenSpellError\">Orquestra<\/span>\u00a0<span class=\"hiddenSpellError\">Fusi\u00f3<\/span>\u00a0particip\u00f3 en el acto de nuestro 65 aniversario.<\/strong><\/p>\n<p>Entro y quedo impresionada del montaje, est\u00e1 preparado para much\u00edsimos m\u00fasicos, es un concierto en el que tocan juntas la Orquesta Sinf\u00f3nica FUSI\u00d3N y la Orquesta de C\u00e1mara del\u00a0<span class=\"hiddenSpellError\">CIM<\/span>\u00a0Padre Soler de El Escorial.<\/p>\n<p>La primera pieza es de Mozart, act\u00faa la Orquesta de El Escorial con una solista en el Oboe sensacional, una chica joven de unos 17 a\u00f1os, que al finalizar debe salir a saludar varias veces a resultas de los interminables aplausos del p\u00fablico.<\/p>\n<p>La segunda pieza es de\u00a0<span class=\"hiddenSpellError\">Glazunov<\/span>, la solista en el Saxof\u00f3n es tambi\u00e9n una chica, toca muy bien.<\/p>\n<p>La tercera pieza es de\u00a0<span class=\"hiddenSpellError\">Haydin<\/span>, una sinfon\u00eda conocida, en el escenario m\u00e1s de 100 m\u00fasicos, impresiona a tanta gente joven tocando junta, e impresiona a tantas chicas. \u00a1All\u00ed s\u00ed que hab\u00eda paridad!<\/p>\n<p>Cuarta pieza, un vals de\u00a0<span class=\"hiddenSpellError\">Straus<\/span>, se juntan la Orquesta de El Escorial con la de FUSI\u00d3N, \u00a1todav\u00eda m\u00e1s j\u00f3venes en el escenario! Como dec\u00eda un\u00a0amigo,\u00a0\u00abpiel de gallina\u00bb.<\/p>\n<p>Y por \u00faltimo, llega una pieza desenfadada, con unos m\u00fasicos tambi\u00e9n desenfadados&#8230; gran contraste con todo lo anterior&#8230; Final espl\u00e9ndido.<\/p>\n<p>Agradecemos desde aqu\u00ed el esfuerzo de la organizaci\u00f3n, en especial a\u00a0<span class=\"hiddenSpellError\">Gemma<\/span>\u00a0Navarra, ya todos los chicos y chicas por un concierto inolvidable.<\/p>\n<p style=\"text-align: right;\"><strong>Immaculada Amat<br \/>\n<strong><strong><em>Coodirectora Gerentr de <a title=\"Amat Immobiliaris\" href=\"https:\/\/www.amatimmobiliaris.com\/w\/blog\/\">Amat Immobiliaris<\/a><\/em><\/strong><\/strong><\/strong><\/p>\n","protected":false},"excerpt":{"rendered":"<p>Sant\u00a0Cugat,\u00a022\u00a0marzo\u00a02014, primer d\u00eda de primavera, hace muy buen tiempo, casi calor, voy al Teatro Auditorio de Sant\u00a0Cugat,\u00a0donde est\u00e1 el Concierto Intercambio organizado por la Escuela de M\u00fasica FUSI\u00d3N, y que nuestra empresa Amat\u00a0copatrocina.\u00a0Adem\u00e1s,\u00a0Orquestra\u00a0Fusi\u00f3\u00a0particip\u00f3 en el acto de nuestro 65 aniversario. Entro y quedo impresionada del montaje, est\u00e1 preparado para much\u00edsimos m\u00fasicos, es un concierto en [&hellip;]<\/p>\n","protected":false},"author":1,"featured_media":0,"comment_status":"closed","ping_status":"closed","sticky":false,"template":"","format":"standard","meta":{"content-type":"","footnotes":""},"categories":[741,742],"tags":[1241,1679],"yoast_head":"<!-- This site is optimized with the Yoast SEO plugin v23.9 - https:\/\/yoast.com\/wordpress\/plugins\/seo\/ -->\n<title>Orquesta Fusi\u00f3n | Amat Immobiliaris<\/title>\n<meta name=\"description\" content=\"Orquestra\u00a0Fusi\u00f3n\u00a0particip\u00f3 en el acto de nuestro 65 aniversario. \u00a1Te lo contamos en el post de este semana!\" \/>\n<meta name=\"robots\" content=\"index, follow, max-snippet:-1, max-image-preview:large, max-video-preview:-1\" \/>\n<link rel=\"canonical\" href=\"https:\/\/www.amatimmobiliaris.com\/w\/2014\/03\/orquesta-fusion\/\" \/>\n<meta property=\"og:locale\" content=\"es_ES\" \/>\n<meta property=\"og:type\" content=\"article\" \/>\n<meta property=\"og:title\" content=\"Orquesta Fusi\u00f3n | Amat Immobiliaris\" \/>\n<meta property=\"og:description\" content=\"Orquestra\u00a0Fusi\u00f3n\u00a0particip\u00f3 en el acto de nuestro 65 aniversario. \u00a1Te lo contamos en el post de este semana!\" \/>\n<meta property=\"og:url\" content=\"https:\/\/www.amatimmobiliaris.com\/w\/2014\/03\/orquesta-fusion\/\" \/>\n<meta property=\"og:site_name\" content=\"Amat Immobiliaris\" \/>\n<meta property=\"article:publisher\" content=\"https:\/\/www.facebook.com\/amatimmobiliaris\" \/>\n<meta property=\"article:published_time\" content=\"2014-03-31T08:21:13+00:00\" \/>\n<meta property=\"article:modified_time\" content=\"2023-05-18T14:04:55+00:00\" \/>\n<meta property=\"og:image\" content=\"https:\/\/www.amatimmobiliaris.com\/w\/wp-content\/uploads\/2022\/01\/2014-Saga-familiar-Amat-dw-1-1024x683.jpg\" \/>\n\t<meta property=\"og:image:width\" content=\"1024\" \/>\n\t<meta property=\"og:image:height\" content=\"683\" \/>\n\t<meta property=\"og:image:type\" content=\"image\/jpeg\" \/>\n<meta name=\"author\" content=\"Amat Immobiliaris\" \/>\n<meta name=\"twitter:card\" content=\"summary_large_image\" \/>\n<meta name=\"twitter:creator\" content=\"@amat_cat\" \/>\n<meta name=\"twitter:site\" content=\"@amat_cat\" \/>\n<meta name=\"twitter:label1\" content=\"Escrito por\" \/>\n\t<meta name=\"twitter:data1\" content=\"Amat Immobiliaris\" \/>\n\t<meta name=\"twitter:label2\" content=\"Tiempo de lectura\" \/>\n\t<meta name=\"twitter:data2\" content=\"2 minutos\" \/>\n<script type=\"application\/ld+json\" class=\"yoast-schema-graph\">{\"@context\":\"https:\/\/schema.org\",\"@graph\":[{\"@type\":\"Article\",\"@id\":\"https:\/\/www.amatimmobiliaris.com\/w\/2014\/03\/orquesta-fusion\/#article\",\"isPartOf\":{\"@id\":\"https:\/\/www.amatimmobiliaris.com\/w\/2014\/03\/orquesta-fusion\/\"},\"author\":{\"name\":\"Amat Immobiliaris\",\"@id\":\"https:\/\/www.amatimmobiliaris.com\/w\/#\/schema\/person\/c880da71d1e156e7ea6774ffb445e034\"},\"headline\":\"Orquesta Fusi\u00f3n\",\"datePublished\":\"2014-03-31T08:21:13+00:00\",\"dateModified\":\"2023-05-18T14:04:55+00:00\",\"mainEntityOfPage\":{\"@id\":\"https:\/\/www.amatimmobiliaris.com\/w\/2014\/03\/orquesta-fusion\/\"},\"wordCount\":285,\"publisher\":{\"@id\":\"https:\/\/www.amatimmobiliaris.com\/w\/#organization\"},\"keywords\":[\"Cultura\",\"Evento\"],\"articleSection\":[\"El mundo Amat\",\"Eventos\"],\"inLanguage\":\"es\"},{\"@type\":\"WebPage\",\"@id\":\"https:\/\/www.amatimmobiliaris.com\/w\/2014\/03\/orquesta-fusion\/\",\"url\":\"https:\/\/www.amatimmobiliaris.com\/w\/2014\/03\/orquesta-fusion\/\",\"name\":\"Orquesta Fusi\u00f3n | Amat Immobiliaris\",\"isPartOf\":{\"@id\":\"https:\/\/www.amatimmobiliaris.com\/w\/#website\"},\"datePublished\":\"2014-03-31T08:21:13+00:00\",\"dateModified\":\"2023-05-18T14:04:55+00:00\",\"description\":\"Orquestra\u00a0Fusi\u00f3n\u00a0particip\u00f3 en el acto de nuestro 65 aniversario. \u00a1Te lo contamos en el post de este semana!\",\"breadcrumb\":{\"@id\":\"https:\/\/www.amatimmobiliaris.com\/w\/2014\/03\/orquesta-fusion\/#breadcrumb\"},\"inLanguage\":\"es\",\"potentialAction\":[{\"@type\":\"ReadAction\",\"target\":[\"https:\/\/www.amatimmobiliaris.com\/w\/2014\/03\/orquesta-fusion\/\"]}]},{\"@type\":\"BreadcrumbList\",\"@id\":\"https:\/\/www.amatimmobiliaris.com\/w\/2014\/03\/orquesta-fusion\/#breadcrumb\",\"itemListElement\":[{\"@type\":\"ListItem\",\"position\":1,\"name\":\"Home\",\"item\":\"https:\/\/www.amatimmobiliaris.com\/w\/\"},{\"@type\":\"ListItem\",\"position\":2,\"name\":\"Eventos\",\"item\":\"https:\/\/www.amatimmobiliaris.com\/w\/category\/eventos\/\"},{\"@type\":\"ListItem\",\"position\":3,\"name\":\"Orquesta Fusi\u00f3n\"}]},{\"@type\":\"WebSite\",\"@id\":\"https:\/\/www.amatimmobiliaris.com\/w\/#website\",\"url\":\"https:\/\/www.amatimmobiliaris.com\/w\/\",\"name\":\"Amat Immobiliaris\",\"description\":\"Empresa familiar del sector inmobiliario con oficinas en Barcelona, Sant Cugat del Vall\u00e9s y Sant Just Desvern. Te ayudamos a comprar, alquilar o vender tu casa o piso. Somos un equipo coherente con una cultura de empresa honesta, innovadora y eficaz. Tambi\u00e9n en www.amatluxury.com\",\"publisher\":{\"@id\":\"https:\/\/www.amatimmobiliaris.com\/w\/#organization\"},\"alternateName\":\"AmatImmo\",\"potentialAction\":[{\"@type\":\"SearchAction\",\"target\":{\"@type\":\"EntryPoint\",\"urlTemplate\":\"https:\/\/www.amatimmobiliaris.com\/w\/?s={search_term_string}\"},\"query-input\":{\"@type\":\"PropertyValueSpecification\",\"valueRequired\":true,\"valueName\":\"search_term_string\"}}],\"inLanguage\":\"es\"},{\"@type\":\"Organization\",\"@id\":\"https:\/\/www.amatimmobiliaris.com\/w\/#organization\",\"name\":\"Amat Immobiliaris\",\"url\":\"https:\/\/www.amatimmobiliaris.com\/w\/\",\"logo\":{\"@type\":\"ImageObject\",\"inLanguage\":\"es\",\"@id\":\"https:\/\/www.amatimmobiliaris.com\/w\/#\/schema\/logo\/image\/\",\"url\":\"https:\/\/www.amatimmobiliaris.com\/w\/wp-content\/uploads\/2022\/10\/amat-logo.jpg\",\"contentUrl\":\"https:\/\/www.amatimmobiliaris.com\/w\/wp-content\/uploads\/2022\/10\/amat-logo.jpg\",\"width\":900,\"height\":900,\"caption\":\"Amat Immobiliaris\"},\"image\":{\"@id\":\"https:\/\/www.amatimmobiliaris.com\/w\/#\/schema\/logo\/image\/\"},\"sameAs\":[\"https:\/\/www.facebook.com\/amatimmobiliaris\",\"https:\/\/x.com\/amat_cat\",\"https:\/\/www.instagram.com\/amat_immo\/\",\"https:\/\/www.linkedin.com\/company\/amat-finques\/\",\"https:\/\/www.youtube.com\/@amatimmobiliaris\"]},{\"@type\":\"Person\",\"@id\":\"https:\/\/www.amatimmobiliaris.com\/w\/#\/schema\/person\/c880da71d1e156e7ea6774ffb445e034\",\"name\":\"Amat Immobiliaris\",\"sameAs\":[\"http:\/\/amat-inmo-wp.localhost\"]}]}<\/script>\n<!-- \/ Yoast SEO plugin. -->","yoast_head_json":{"title":"Orquesta Fusi\u00f3n | Amat Immobiliaris","description":"Orquestra\u00a0Fusi\u00f3n\u00a0particip\u00f3 en el acto de nuestro 65 aniversario. \u00a1Te lo contamos en el post de este semana!","robots":{"index":"index","follow":"follow","max-snippet":"max-snippet:-1","max-image-preview":"max-image-preview:large","max-video-preview":"max-video-preview:-1"},"canonical":"https:\/\/www.amatimmobiliaris.com\/w\/2014\/03\/orquesta-fusion\/","og_locale":"es_ES","og_type":"article","og_title":"Orquesta Fusi\u00f3n | Amat Immobiliaris","og_description":"Orquestra\u00a0Fusi\u00f3n\u00a0particip\u00f3 en el acto de nuestro 65 aniversario. \u00a1Te lo contamos en el post de este semana!","og_url":"https:\/\/www.amatimmobiliaris.com\/w\/2014\/03\/orquesta-fusion\/","og_site_name":"Amat Immobiliaris","article_publisher":"https:\/\/www.facebook.com\/amatimmobiliaris","article_published_time":"2014-03-31T08:21:13+00:00","article_modified_time":"2023-05-18T14:04:55+00:00","og_image":[{"width":1024,"height":683,"url":"https:\/\/www.amatimmobiliaris.com\/w\/wp-content\/uploads\/2022\/01\/2014-Saga-familiar-Amat-dw-1-1024x683.jpg","type":"image\/jpeg"}],"author":"Amat Immobiliaris","twitter_card":"summary_large_image","twitter_creator":"@amat_cat","twitter_site":"@amat_cat","twitter_misc":{"Escrito por":"Amat Immobiliaris","Tiempo de lectura":"2 minutos"},"schema":{"@context":"https:\/\/schema.org","@graph":[{"@type":"Article","@id":"https:\/\/www.amatimmobiliaris.com\/w\/2014\/03\/orquesta-fusion\/#article","isPartOf":{"@id":"https:\/\/www.amatimmobiliaris.com\/w\/2014\/03\/orquesta-fusion\/"},"author":{"name":"Amat Immobiliaris","@id":"https:\/\/www.amatimmobiliaris.com\/w\/#\/schema\/person\/c880da71d1e156e7ea6774ffb445e034"},"headline":"Orquesta Fusi\u00f3n","datePublished":"2014-03-31T08:21:13+00:00","dateModified":"2023-05-18T14:04:55+00:00","mainEntityOfPage":{"@id":"https:\/\/www.amatimmobiliaris.com\/w\/2014\/03\/orquesta-fusion\/"},"wordCount":285,"publisher":{"@id":"https:\/\/www.amatimmobiliaris.com\/w\/#organization"},"keywords":["Cultura","Evento"],"articleSection":["El mundo Amat","Eventos"],"inLanguage":"es"},{"@type":"WebPage","@id":"https:\/\/www.amatimmobiliaris.com\/w\/2014\/03\/orquesta-fusion\/","url":"https:\/\/www.amatimmobiliaris.com\/w\/2014\/03\/orquesta-fusion\/","name":"Orquesta Fusi\u00f3n | Amat Immobiliaris","isPartOf":{"@id":"https:\/\/www.amatimmobiliaris.com\/w\/#website"},"datePublished":"2014-03-31T08:21:13+00:00","dateModified":"2023-05-18T14:04:55+00:00","description":"Orquestra\u00a0Fusi\u00f3n\u00a0particip\u00f3 en el acto de nuestro 65 aniversario. \u00a1Te lo contamos en el post de este semana!","breadcrumb":{"@id":"https:\/\/www.amatimmobiliaris.com\/w\/2014\/03\/orquesta-fusion\/#breadcrumb"},"inLanguage":"es","potentialAction":[{"@type":"ReadAction","target":["https:\/\/www.amatimmobiliaris.com\/w\/2014\/03\/orquesta-fusion\/"]}]},{"@type":"BreadcrumbList","@id":"https:\/\/www.amatimmobiliaris.com\/w\/2014\/03\/orquesta-fusion\/#breadcrumb","itemListElement":[{"@type":"ListItem","position":1,"name":"Home","item":"https:\/\/www.amatimmobiliaris.com\/w\/"},{"@type":"ListItem","position":2,"name":"Eventos","item":"https:\/\/www.amatimmobiliaris.com\/w\/category\/eventos\/"},{"@type":"ListItem","position":3,"name":"Orquesta Fusi\u00f3n"}]},{"@type":"WebSite","@id":"https:\/\/www.amatimmobiliaris.com\/w\/#website","url":"https:\/\/www.amatimmobiliaris.com\/w\/","name":"Amat Immobiliaris","description":"Empresa familiar del sector inmobiliario con oficinas en Barcelona, Sant Cugat del Vall\u00e9s y Sant Just Desvern. Te ayudamos a comprar, alquilar o vender tu casa o piso. Somos un equipo coherente con una cultura de empresa honesta, innovadora y eficaz. Tambi\u00e9n en www.amatluxury.com","publisher":{"@id":"https:\/\/www.amatimmobiliaris.com\/w\/#organization"},"alternateName":"AmatImmo","potentialAction":[{"@type":"SearchAction","target":{"@type":"EntryPoint","urlTemplate":"https:\/\/www.amatimmobiliaris.com\/w\/?s={search_term_string}"},"query-input":{"@type":"PropertyValueSpecification","valueRequired":true,"valueName":"search_term_string"}}],"inLanguage":"es"},{"@type":"Organization","@id":"https:\/\/www.amatimmobiliaris.com\/w\/#organization","name":"Amat Immobiliaris","url":"https:\/\/www.amatimmobiliaris.com\/w\/","logo":{"@type":"ImageObject","inLanguage":"es","@id":"https:\/\/www.amatimmobiliaris.com\/w\/#\/schema\/logo\/image\/","url":"https:\/\/www.amatimmobiliaris.com\/w\/wp-content\/uploads\/2022\/10\/amat-logo.jpg","contentUrl":"https:\/\/www.amatimmobiliaris.com\/w\/wp-content\/uploads\/2022\/10\/amat-logo.jpg","width":900,"height":900,"caption":"Amat Immobiliaris"},"image":{"@id":"https:\/\/www.amatimmobiliaris.com\/w\/#\/schema\/logo\/image\/"},"sameAs":["https:\/\/www.facebook.com\/amatimmobiliaris","https:\/\/x.com\/amat_cat","https:\/\/www.instagram.com\/amat_immo\/","https:\/\/www.linkedin.com\/company\/amat-finques\/","https:\/\/www.youtube.com\/@amatimmobiliaris"]},{"@type":"Person","@id":"https:\/\/www.amatimmobiliaris.com\/w\/#\/schema\/person\/c880da71d1e156e7ea6774ffb445e034","name":"Amat Immobiliaris","sameAs":["http:\/\/amat-inmo-wp.localhost"]}]}},"_links":{"self":[{"href":"https:\/\/www.amatimmobiliaris.com\/w\/wp-json\/wp\/v2\/posts\/1820"}],"collection":[{"href":"https:\/\/www.amatimmobiliaris.com\/w\/wp-json\/wp\/v2\/posts"}],"about":[{"href":"https:\/\/www.amatimmobiliaris.com\/w\/wp-json\/wp\/v2\/types\/post"}],"author":[{"embeddable":true,"href":"https:\/\/www.amatimmobiliaris.com\/w\/wp-json\/wp\/v2\/users\/1"}],"replies":[{"embeddable":true,"href":"https:\/\/www.amatimmobiliaris.com\/w\/wp-json\/wp\/v2\/comments?post=1820"}],"version-history":[{"count":8,"href":"https:\/\/www.amatimmobiliaris.com\/w\/wp-json\/wp\/v2\/posts\/1820\/revisions"}],"predecessor-version":[{"id":27935,"href":"https:\/\/www.amatimmobiliaris.com\/w\/wp-json\/wp\/v2\/posts\/1820\/revisions\/27935"}],"wp:attachment":[{"href":"https:\/\/www.amatimmobiliaris.com\/w\/wp-json\/wp\/v2\/media?parent=1820"}],"wp:term":[{"taxonomy":"category","embeddable":true,"href":"https:\/\/www.amatimmobiliaris.com\/w\/wp-json\/wp\/v2\/categories?post=1820"},{"taxonomy":"post_tag","embeddable":true,"href":"https:\/\/www.amatimmobiliaris.com\/w\/wp-json\/wp\/v2\/tags?post=1820"}],"curies":[{"name":"wp","href":"https:\/\/api.w.org\/{rel}","templated":true}]}}