{"id":1818,"date":"2014-04-15T08:20:47","date_gmt":"2014-04-15T08:20:47","guid":{"rendered":"https:\/\/amat-inmo-wp.localhost\/2017\/01\/24\/un-primer-trimestre-positiu\/"},"modified":"2023-05-11T10:06:01","modified_gmt":"2023-05-11T10:06:01","slug":"un-primer-trimestre-positivo","status":"publish","type":"post","link":"https:\/\/www.amatimmobiliaris.com\/w\/2014\/04\/un-primer-trimestre-positivo\/","title":{"rendered":"Un primer trimestre positivo"},"content":{"rendered":"<p style=\"text-align: justify;\">\n<p>Anteayer era Nadal y ayer fue Pascua, ha pasado volando un trimestre en el que poco a poco el sector inmobiliario se mueve.<\/p>\n<p>En este trimestre ha habido una serie de &#8216;se\u00f1ales&#8217; positivas, que como siempre ser\u00e1 necesario que se consoliden para marcar una tendencia. \u00bfCu\u00e1les han sido estas &#8216;se\u00f1ales&#8217;?<\/p>\n<p><strong>En el \u00c1rea Comercial<\/strong><\/p>\n<ul>\n<li>Realizar operaciones de compraventa en el segmento de precio entre 450.000 y 800.000\u202f\u20ac, el m\u00e1s castigado en los \u00faltimos a\u00f1os, lo que no se mov\u00eda.<\/li>\n<li>Vender obra nueva sobre planos<\/li>\n<li>Alg\u00fan Promotor mirando y analizando solares con ganas de comprarlos<\/li>\n<li>Aumento del n\u00famero de visitas<\/li>\n<li>Estabilidad en los precios<\/li>\n<\/ul>\n<p><strong>En el \u00c1rea Patrimonial<\/strong><\/p>\n<ul>\n<li>Llevamos 4 meses seguidos sin una bajada en los precios de alquiler de viviendas<\/li>\n<li>En el departamento de Administraci\u00f3n de Comunidades de propietarios, la morosidad ha bajado del 7% al 4&#8217;8%, es necesario agradecer a nuestra gente la constancia y el esfuerzo de seguimiento con el fin de conseguir el cobro<\/li>\n<li>Tambi\u00e9n en Comunidades por primera vez en a\u00f1os nos han aprobado varios presupuestos de mejora, que hasta ahora siempre esperaban mejores momentos&#8230; As\u00ed es que recomenzamos a rehabilitar alguna fachada, ascensores&#8230;<\/li>\n<\/ul>\n<p>Por otro lado, el sector est\u00e1 en un momento de cambio profundo, cuyo alcance todav\u00eda es dif\u00edcil de ver: la venta de varias plataformas inmobiliarias, la aparici\u00f3n de m\u00e1s y m\u00e1s agencias, la consolidaci\u00f3n del fen\u00f3meno &#8216;tengo un chino&#8217; (no pasa un d\u00eda que nos llame alguien explicando que tiene un conocido chino que quiere invertir), \u00a1es alucinante!<\/p>\n<p>Ya\u00a0veis,\u00a0los cambios en el sector son profundos, y las empresas como la nuestra se ven cada vez m\u00e1s obligadas a ser: m\u00e1s flexibles, m\u00e1s adaptables. El reto es mantener la calidad de servicio que queremos dar, la orientaci\u00f3n al cliente, &#8230; en el fondo es c\u00f3mo conseguir dar un servicio &#8216;prime&#8217; en un entorno de &#8216;<span class=\"hiddenSpellError\">low<\/span>&#8211;<span class=\"hiddenSpellError\">cost<\/span>&#8216;.<br \/>\nEncontrar\u00e1 m\u00e1s informaci\u00f3n en el <em>Market Repor<\/em>t del 2013<\/p>\n<p>Las se\u00f1ales nos hacen ser optimistas y como dice DAVID\u00a0<span class=\"hiddenSpellError\">KAHNEMAN<\/span>\u00a0en su libro &#8216;Pensar aprisa, pensar despacio&#8217;: L<strong>os optimistas se equivocan m\u00e1s, pero les va mejor la vida.<\/strong> \u00a1Nos lo queremos creer!<\/p>\n<p>NOTA: adjuntamos invitaci\u00f3n a la Feria Inmobiliaria de Lujo en Beijing (China), por si est\u00e1 por all\u00ed aquellos d\u00edas y desea visitarnos.<\/p>\n<p style=\"text-align: center;\">\n<p style=\"text-align: justify;\">\n","protected":false},"excerpt":{"rendered":"<p>Anteayer era Nadal y ayer fue Pascua, ha pasado volando un trimestre en el que poco a poco el sector inmobiliario se mueve. En este trimestre ha habido una serie de &#8216;se\u00f1ales&#8217; positivas, que como siempre ser\u00e1 necesario que se consoliden para marcar una tendencia. \u00bfCu\u00e1les han sido estas &#8216;se\u00f1ales&#8217;? En el \u00c1rea Comercial Realizar [&hellip;]<\/p>\n","protected":false},"author":1,"featured_media":0,"comment_status":"closed","ping_status":"closed","sticky":false,"template":"","format":"standard","meta":{"content-type":"","footnotes":""},"categories":[746],"tags":[958,1773,1578,1765,942,1079,1808],"yoast_head":"<!-- This site is optimized with the Yoast SEO plugin v23.9 - https:\/\/yoast.com\/wordpress\/plugins\/seo\/ -->\n<title>Un primer trimestre positivo | Amat Immobiliaris<\/title>\n<meta name=\"description\" content=\"Este primer trimestre ha sido positivo y como siempre es necesario seguir as\u00ed para marcar una tendencia. \u00bfCu\u00e1les han sido estas &#039;se\u00f1ales&#039;?\" \/>\n<meta name=\"robots\" content=\"index, follow, max-snippet:-1, max-image-preview:large, max-video-preview:-1\" \/>\n<link rel=\"canonical\" href=\"https:\/\/www.amatimmobiliaris.com\/w\/2014\/04\/un-primer-trimestre-positivo\/\" \/>\n<meta property=\"og:locale\" content=\"es_ES\" \/>\n<meta property=\"og:type\" content=\"article\" \/>\n<meta property=\"og:title\" content=\"Un primer trimestre positivo | Amat Immobiliaris\" \/>\n<meta property=\"og:description\" content=\"Este primer trimestre ha sido positivo y como siempre es necesario seguir as\u00ed para marcar una tendencia. \u00bfCu\u00e1les han sido estas &#039;se\u00f1ales&#039;?\" \/>\n<meta property=\"og:url\" content=\"https:\/\/www.amatimmobiliaris.com\/w\/2014\/04\/un-primer-trimestre-positivo\/\" \/>\n<meta property=\"og:site_name\" content=\"Amat Immobiliaris\" \/>\n<meta property=\"article:publisher\" content=\"https:\/\/www.facebook.com\/amatimmobiliaris\" \/>\n<meta property=\"article:published_time\" content=\"2014-04-15T08:20:47+00:00\" \/>\n<meta property=\"article:modified_time\" content=\"2023-05-11T10:06:01+00:00\" \/>\n<meta property=\"og:image\" content=\"https:\/\/www.amatimmobiliaris.com\/w\/wp-content\/uploads\/2022\/01\/2014-Saga-familiar-Amat-dw-1-1024x683.jpg\" \/>\n\t<meta property=\"og:image:width\" content=\"1024\" \/>\n\t<meta property=\"og:image:height\" content=\"683\" \/>\n\t<meta property=\"og:image:type\" content=\"image\/jpeg\" \/>\n<meta name=\"author\" content=\"Amat Immobiliaris\" \/>\n<meta name=\"twitter:card\" content=\"summary_large_image\" \/>\n<meta name=\"twitter:creator\" content=\"@amat_cat\" \/>\n<meta name=\"twitter:site\" content=\"@amat_cat\" \/>\n<meta name=\"twitter:label1\" content=\"Escrito por\" \/>\n\t<meta name=\"twitter:data1\" content=\"Amat Immobiliaris\" \/>\n\t<meta name=\"twitter:label2\" content=\"Tiempo de lectura\" \/>\n\t<meta name=\"twitter:data2\" content=\"3 minutos\" \/>\n<script type=\"application\/ld+json\" class=\"yoast-schema-graph\">{\"@context\":\"https:\/\/schema.org\",\"@graph\":[{\"@type\":\"Article\",\"@id\":\"https:\/\/www.amatimmobiliaris.com\/w\/2014\/04\/un-primer-trimestre-positivo\/#article\",\"isPartOf\":{\"@id\":\"https:\/\/www.amatimmobiliaris.com\/w\/2014\/04\/un-primer-trimestre-positivo\/\"},\"author\":{\"name\":\"Amat Immobiliaris\",\"@id\":\"https:\/\/www.amatimmobiliaris.com\/w\/#\/schema\/person\/c880da71d1e156e7ea6774ffb445e034\"},\"headline\":\"Un primer trimestre positivo\",\"datePublished\":\"2014-04-15T08:20:47+00:00\",\"dateModified\":\"2023-05-11T10:06:01+00:00\",\"mainEntityOfPage\":{\"@id\":\"https:\/\/www.amatimmobiliaris.com\/w\/2014\/04\/un-primer-trimestre-positivo\/\"},\"wordCount\":397,\"publisher\":{\"@id\":\"https:\/\/www.amatimmobiliaris.com\/w\/#organization\"},\"keywords\":[\"Alquiler\",\"Ascensor\",\"Departamento Comercial\",\"Entorno Inmobiliario\",\"Inmobiliaria\",\"Morosidad\",\"Reflexiones\"],\"articleSection\":[\"Reflexiones\"],\"inLanguage\":\"es\"},{\"@type\":\"WebPage\",\"@id\":\"https:\/\/www.amatimmobiliaris.com\/w\/2014\/04\/un-primer-trimestre-positivo\/\",\"url\":\"https:\/\/www.amatimmobiliaris.com\/w\/2014\/04\/un-primer-trimestre-positivo\/\",\"name\":\"Un primer trimestre positivo | Amat Immobiliaris\",\"isPartOf\":{\"@id\":\"https:\/\/www.amatimmobiliaris.com\/w\/#website\"},\"datePublished\":\"2014-04-15T08:20:47+00:00\",\"dateModified\":\"2023-05-11T10:06:01+00:00\",\"description\":\"Este primer trimestre ha sido positivo y como siempre es necesario seguir as\u00ed para marcar una tendencia. \u00bfCu\u00e1les han sido estas 'se\u00f1ales'?\",\"breadcrumb\":{\"@id\":\"https:\/\/www.amatimmobiliaris.com\/w\/2014\/04\/un-primer-trimestre-positivo\/#breadcrumb\"},\"inLanguage\":\"es\",\"potentialAction\":[{\"@type\":\"ReadAction\",\"target\":[\"https:\/\/www.amatimmobiliaris.com\/w\/2014\/04\/un-primer-trimestre-positivo\/\"]}]},{\"@type\":\"BreadcrumbList\",\"@id\":\"https:\/\/www.amatimmobiliaris.com\/w\/2014\/04\/un-primer-trimestre-positivo\/#breadcrumb\",\"itemListElement\":[{\"@type\":\"ListItem\",\"position\":1,\"name\":\"Home\",\"item\":\"https:\/\/www.amatimmobiliaris.com\/w\/\"},{\"@type\":\"ListItem\",\"position\":2,\"name\":\"El mundo Amat\",\"item\":\"https:\/\/www.amatimmobiliaris.com\/w\/category\/el-mundo-amat\/\"},{\"@type\":\"ListItem\",\"position\":3,\"name\":\"Reflexiones\",\"item\":\"https:\/\/www.amatimmobiliaris.com\/w\/category\/el-mundo-amat\/reflexiones\/\"},{\"@type\":\"ListItem\",\"position\":4,\"name\":\"Un primer trimestre positivo\"}]},{\"@type\":\"WebSite\",\"@id\":\"https:\/\/www.amatimmobiliaris.com\/w\/#website\",\"url\":\"https:\/\/www.amatimmobiliaris.com\/w\/\",\"name\":\"Amat Immobiliaris\",\"description\":\"Empresa familiar del sector inmobiliario con oficinas en Barcelona, Sant Cugat del Vall\u00e9s y Sant Just Desvern. Te ayudamos a comprar, alquilar o vender tu casa o piso. Somos un equipo coherente con una cultura de empresa honesta, innovadora y eficaz. Tambi\u00e9n en www.amatluxury.com\",\"publisher\":{\"@id\":\"https:\/\/www.amatimmobiliaris.com\/w\/#organization\"},\"alternateName\":\"AmatImmo\",\"potentialAction\":[{\"@type\":\"SearchAction\",\"target\":{\"@type\":\"EntryPoint\",\"urlTemplate\":\"https:\/\/www.amatimmobiliaris.com\/w\/?s={search_term_string}\"},\"query-input\":{\"@type\":\"PropertyValueSpecification\",\"valueRequired\":true,\"valueName\":\"search_term_string\"}}],\"inLanguage\":\"es\"},{\"@type\":\"Organization\",\"@id\":\"https:\/\/www.amatimmobiliaris.com\/w\/#organization\",\"name\":\"Amat Immobiliaris\",\"url\":\"https:\/\/www.amatimmobiliaris.com\/w\/\",\"logo\":{\"@type\":\"ImageObject\",\"inLanguage\":\"es\",\"@id\":\"https:\/\/www.amatimmobiliaris.com\/w\/#\/schema\/logo\/image\/\",\"url\":\"https:\/\/www.amatimmobiliaris.com\/w\/wp-content\/uploads\/2022\/10\/amat-logo.jpg\",\"contentUrl\":\"https:\/\/www.amatimmobiliaris.com\/w\/wp-content\/uploads\/2022\/10\/amat-logo.jpg\",\"width\":900,\"height\":900,\"caption\":\"Amat Immobiliaris\"},\"image\":{\"@id\":\"https:\/\/www.amatimmobiliaris.com\/w\/#\/schema\/logo\/image\/\"},\"sameAs\":[\"https:\/\/www.facebook.com\/amatimmobiliaris\",\"https:\/\/x.com\/amat_cat\",\"https:\/\/www.instagram.com\/amat_immo\/\",\"https:\/\/www.linkedin.com\/company\/amat-finques\/\",\"https:\/\/www.youtube.com\/@amatimmobiliaris\"]},{\"@type\":\"Person\",\"@id\":\"https:\/\/www.amatimmobiliaris.com\/w\/#\/schema\/person\/c880da71d1e156e7ea6774ffb445e034\",\"name\":\"Amat Immobiliaris\",\"sameAs\":[\"http:\/\/amat-inmo-wp.localhost\"]}]}<\/script>\n<!-- \/ Yoast SEO plugin. -->","yoast_head_json":{"title":"Un primer trimestre positivo | Amat Immobiliaris","description":"Este primer trimestre ha sido positivo y como siempre es necesario seguir as\u00ed para marcar una tendencia. \u00bfCu\u00e1les han sido estas 'se\u00f1ales'?","robots":{"index":"index","follow":"follow","max-snippet":"max-snippet:-1","max-image-preview":"max-image-preview:large","max-video-preview":"max-video-preview:-1"},"canonical":"https:\/\/www.amatimmobiliaris.com\/w\/2014\/04\/un-primer-trimestre-positivo\/","og_locale":"es_ES","og_type":"article","og_title":"Un primer trimestre positivo | Amat Immobiliaris","og_description":"Este primer trimestre ha sido positivo y como siempre es necesario seguir as\u00ed para marcar una tendencia. \u00bfCu\u00e1les han sido estas 'se\u00f1ales'?","og_url":"https:\/\/www.amatimmobiliaris.com\/w\/2014\/04\/un-primer-trimestre-positivo\/","og_site_name":"Amat Immobiliaris","article_publisher":"https:\/\/www.facebook.com\/amatimmobiliaris","article_published_time":"2014-04-15T08:20:47+00:00","article_modified_time":"2023-05-11T10:06:01+00:00","og_image":[{"width":1024,"height":683,"url":"https:\/\/www.amatimmobiliaris.com\/w\/wp-content\/uploads\/2022\/01\/2014-Saga-familiar-Amat-dw-1-1024x683.jpg","type":"image\/jpeg"}],"author":"Amat Immobiliaris","twitter_card":"summary_large_image","twitter_creator":"@amat_cat","twitter_site":"@amat_cat","twitter_misc":{"Escrito por":"Amat Immobiliaris","Tiempo de lectura":"3 minutos"},"schema":{"@context":"https:\/\/schema.org","@graph":[{"@type":"Article","@id":"https:\/\/www.amatimmobiliaris.com\/w\/2014\/04\/un-primer-trimestre-positivo\/#article","isPartOf":{"@id":"https:\/\/www.amatimmobiliaris.com\/w\/2014\/04\/un-primer-trimestre-positivo\/"},"author":{"name":"Amat Immobiliaris","@id":"https:\/\/www.amatimmobiliaris.com\/w\/#\/schema\/person\/c880da71d1e156e7ea6774ffb445e034"},"headline":"Un primer trimestre positivo","datePublished":"2014-04-15T08:20:47+00:00","dateModified":"2023-05-11T10:06:01+00:00","mainEntityOfPage":{"@id":"https:\/\/www.amatimmobiliaris.com\/w\/2014\/04\/un-primer-trimestre-positivo\/"},"wordCount":397,"publisher":{"@id":"https:\/\/www.amatimmobiliaris.com\/w\/#organization"},"keywords":["Alquiler","Ascensor","Departamento Comercial","Entorno Inmobiliario","Inmobiliaria","Morosidad","Reflexiones"],"articleSection":["Reflexiones"],"inLanguage":"es"},{"@type":"WebPage","@id":"https:\/\/www.amatimmobiliaris.com\/w\/2014\/04\/un-primer-trimestre-positivo\/","url":"https:\/\/www.amatimmobiliaris.com\/w\/2014\/04\/un-primer-trimestre-positivo\/","name":"Un primer trimestre positivo | Amat Immobiliaris","isPartOf":{"@id":"https:\/\/www.amatimmobiliaris.com\/w\/#website"},"datePublished":"2014-04-15T08:20:47+00:00","dateModified":"2023-05-11T10:06:01+00:00","description":"Este primer trimestre ha sido positivo y como siempre es necesario seguir as\u00ed para marcar una tendencia. \u00bfCu\u00e1les han sido estas 'se\u00f1ales'?","breadcrumb":{"@id":"https:\/\/www.amatimmobiliaris.com\/w\/2014\/04\/un-primer-trimestre-positivo\/#breadcrumb"},"inLanguage":"es","potentialAction":[{"@type":"ReadAction","target":["https:\/\/www.amatimmobiliaris.com\/w\/2014\/04\/un-primer-trimestre-positivo\/"]}]},{"@type":"BreadcrumbList","@id":"https:\/\/www.amatimmobiliaris.com\/w\/2014\/04\/un-primer-trimestre-positivo\/#breadcrumb","itemListElement":[{"@type":"ListItem","position":1,"name":"Home","item":"https:\/\/www.amatimmobiliaris.com\/w\/"},{"@type":"ListItem","position":2,"name":"El mundo Amat","item":"https:\/\/www.amatimmobiliaris.com\/w\/category\/el-mundo-amat\/"},{"@type":"ListItem","position":3,"name":"Reflexiones","item":"https:\/\/www.amatimmobiliaris.com\/w\/category\/el-mundo-amat\/reflexiones\/"},{"@type":"ListItem","position":4,"name":"Un primer trimestre positivo"}]},{"@type":"WebSite","@id":"https:\/\/www.amatimmobiliaris.com\/w\/#website","url":"https:\/\/www.amatimmobiliaris.com\/w\/","name":"Amat Immobiliaris","description":"Empresa familiar del sector inmobiliario con oficinas en Barcelona, Sant Cugat del Vall\u00e9s y Sant Just Desvern. Te ayudamos a comprar, alquilar o vender tu casa o piso. Somos un equipo coherente con una cultura de empresa honesta, innovadora y eficaz. Tambi\u00e9n en www.amatluxury.com","publisher":{"@id":"https:\/\/www.amatimmobiliaris.com\/w\/#organization"},"alternateName":"AmatImmo","potentialAction":[{"@type":"SearchAction","target":{"@type":"EntryPoint","urlTemplate":"https:\/\/www.amatimmobiliaris.com\/w\/?s={search_term_string}"},"query-input":{"@type":"PropertyValueSpecification","valueRequired":true,"valueName":"search_term_string"}}],"inLanguage":"es"},{"@type":"Organization","@id":"https:\/\/www.amatimmobiliaris.com\/w\/#organization","name":"Amat Immobiliaris","url":"https:\/\/www.amatimmobiliaris.com\/w\/","logo":{"@type":"ImageObject","inLanguage":"es","@id":"https:\/\/www.amatimmobiliaris.com\/w\/#\/schema\/logo\/image\/","url":"https:\/\/www.amatimmobiliaris.com\/w\/wp-content\/uploads\/2022\/10\/amat-logo.jpg","contentUrl":"https:\/\/www.amatimmobiliaris.com\/w\/wp-content\/uploads\/2022\/10\/amat-logo.jpg","width":900,"height":900,"caption":"Amat Immobiliaris"},"image":{"@id":"https:\/\/www.amatimmobiliaris.com\/w\/#\/schema\/logo\/image\/"},"sameAs":["https:\/\/www.facebook.com\/amatimmobiliaris","https:\/\/x.com\/amat_cat","https:\/\/www.instagram.com\/amat_immo\/","https:\/\/www.linkedin.com\/company\/amat-finques\/","https:\/\/www.youtube.com\/@amatimmobiliaris"]},{"@type":"Person","@id":"https:\/\/www.amatimmobiliaris.com\/w\/#\/schema\/person\/c880da71d1e156e7ea6774ffb445e034","name":"Amat Immobiliaris","sameAs":["http:\/\/amat-inmo-wp.localhost"]}]}},"_links":{"self":[{"href":"https:\/\/www.amatimmobiliaris.com\/w\/wp-json\/wp\/v2\/posts\/1818"}],"collection":[{"href":"https:\/\/www.amatimmobiliaris.com\/w\/wp-json\/wp\/v2\/posts"}],"about":[{"href":"https:\/\/www.amatimmobiliaris.com\/w\/wp-json\/wp\/v2\/types\/post"}],"author":[{"embeddable":true,"href":"https:\/\/www.amatimmobiliaris.com\/w\/wp-json\/wp\/v2\/users\/1"}],"replies":[{"embeddable":true,"href":"https:\/\/www.amatimmobiliaris.com\/w\/wp-json\/wp\/v2\/comments?post=1818"}],"version-history":[{"count":7,"href":"https:\/\/www.amatimmobiliaris.com\/w\/wp-json\/wp\/v2\/posts\/1818\/revisions"}],"predecessor-version":[{"id":24863,"href":"https:\/\/www.amatimmobiliaris.com\/w\/wp-json\/wp\/v2\/posts\/1818\/revisions\/24863"}],"wp:attachment":[{"href":"https:\/\/www.amatimmobiliaris.com\/w\/wp-json\/wp\/v2\/media?parent=1818"}],"wp:term":[{"taxonomy":"category","embeddable":true,"href":"https:\/\/www.amatimmobiliaris.com\/w\/wp-json\/wp\/v2\/categories?post=1818"},{"taxonomy":"post_tag","embeddable":true,"href":"https:\/\/www.amatimmobiliaris.com\/w\/wp-json\/wp\/v2\/tags?post=1818"}],"curies":[{"name":"wp","href":"https:\/\/api.w.org\/{rel}","templated":true}]}}