{"id":1816,"date":"2014-04-29T08:20:21","date_gmt":"2014-04-29T08:20:21","guid":{"rendered":"https:\/\/amat-inmo-wp.localhost\/2017\/01\/24\/estil-de-vida-a-vista-de-drone\/"},"modified":"2023-05-02T10:18:16","modified_gmt":"2023-05-02T10:18:16","slug":"estilo-de-vida-a-vista-de-drone","status":"publish","type":"post","link":"https:\/\/www.amatimmobiliaris.com\/w\/2014\/04\/estilo-de-vida-a-vista-de-drone\/","title":{"rendered":"Estilo de vida a vista de Drone"},"content":{"rendered":"<div class=\"ratio ratio-16x9\"><iframe loading=\"lazy\" title=\"AmatImmo 30100 Can Olvieres - Historical 14th century country house fully restored\" width=\"800\" height=\"450\" src=\"https:\/\/www.youtube.com\/embed\/5mievFxs0Qs?feature=oembed\" frameborder=\"0\" allow=\"accelerometer; autoplay; clipboard-write; encrypted-media; gyroscope; picture-in-picture; web-share\" allowfullscreen><\/iframe><\/div>\n<p>Una vez\u00a0m\u00e1s,\u00a0<a href=\"https:\/\/www.instagram.com\/amat_immo\/\"><strong><span class=\"hiddenSpellError\">Amat<\/span>\u00a0<span class=\"hiddenSpellError\">Immobiliaris<\/span><\/strong><\/a> es una empresa pionera en el mercado inmobiliario, en este caso, en marketing inmobiliario. Ahora incluiremos vista de Drone en algunas de nuestras propiedades.<\/p>\n<p>Ya hace meses que siguiendo tendencias en marketing de pa\u00edses como EEUU\u00a0decidimos que quer\u00edamos grabar propiedades con\u00a0<span class=\"hiddenSpellError\">Drone<\/span>, potenciando as\u00ed la experiencia de vivir en estas propiedades y la espectacularidad de\u00a0estas\u00a0con vistas poco habituales.<\/p>\n<p>Despu\u00e9s de un proceso de investigaci\u00f3n encontramos la empresa adecuada para poder realizar estas grabaciones.<\/p>\n<p>Inauguramos los v\u00eddeos con Drones con una <strong>fant\u00e1stica propiedad situada en Sant Just Desvern.<\/strong> Una propiedad en la que se pueden disfrutar de unas vistas espectaculares, combinando a la perfecci\u00f3n dise\u00f1o y funcionalidad en todas las estancias de la casa.<\/p>\n","protected":false},"excerpt":{"rendered":"<p>Una vez\u00a0m\u00e1s,\u00a0Amat\u00a0Immobiliaris es una empresa pionera en el mercado inmobiliario, en este caso, en marketing inmobiliario. Ahora incluiremos vista de Drone en algunas de nuestras propiedades. Ya hace meses que siguiendo tendencias en marketing de pa\u00edses como EEUU\u00a0decidimos que quer\u00edamos grabar propiedades con\u00a0Drone, potenciando as\u00ed la experiencia de vivir en estas propiedades y la espectacularidad [&hellip;]<\/p>\n","protected":false},"author":1,"featured_media":0,"comment_status":"closed","ping_status":"closed","sticky":false,"template":"","format":"standard","meta":{"content-type":"","footnotes":""},"categories":[889,866,865],"tags":[974,1662],"yoast_head":"<!-- This site is optimized with the Yoast SEO plugin v23.9 - https:\/\/yoast.com\/wordpress\/plugins\/seo\/ -->\n<title>Estilo de vida a vista de Drone | Amat Immobiliaris<\/title>\n<meta name=\"description\" content=\"Inauguramos los v\u00eddeos con vista de Drones de nuestras propiedades con una fant\u00e1stica casa situada en Sant Cugat del Vall\u00e8s.\" \/>\n<meta name=\"robots\" content=\"index, follow, max-snippet:-1, max-image-preview:large, max-video-preview:-1\" \/>\n<link rel=\"canonical\" href=\"https:\/\/www.amatimmobiliaris.com\/w\/2014\/04\/estilo-de-vida-a-vista-de-drone\/\" \/>\n<meta property=\"og:locale\" content=\"es_ES\" \/>\n<meta property=\"og:type\" content=\"article\" \/>\n<meta property=\"og:title\" content=\"Estilo de vida a vista de Drone | Amat Immobiliaris\" \/>\n<meta property=\"og:description\" content=\"Inauguramos los v\u00eddeos con vista de Drones de nuestras propiedades con una fant\u00e1stica casa situada en Sant Cugat del Vall\u00e8s.\" \/>\n<meta property=\"og:url\" content=\"https:\/\/www.amatimmobiliaris.com\/w\/2014\/04\/estilo-de-vida-a-vista-de-drone\/\" \/>\n<meta property=\"og:site_name\" content=\"Amat Immobiliaris\" \/>\n<meta property=\"article:publisher\" content=\"https:\/\/www.facebook.com\/amatimmobiliaris\" \/>\n<meta property=\"article:published_time\" content=\"2014-04-29T08:20:21+00:00\" \/>\n<meta property=\"article:modified_time\" content=\"2023-05-02T10:18:16+00:00\" \/>\n<meta property=\"og:image\" content=\"https:\/\/www.amatimmobiliaris.com\/w\/wp-content\/uploads\/2022\/01\/2014-Saga-familiar-Amat-dw-1-1024x683.jpg\" \/>\n\t<meta property=\"og:image:width\" content=\"1024\" \/>\n\t<meta property=\"og:image:height\" content=\"683\" \/>\n\t<meta property=\"og:image:type\" content=\"image\/jpeg\" \/>\n<meta name=\"author\" content=\"Amat Immobiliaris\" \/>\n<meta name=\"twitter:card\" content=\"summary_large_image\" \/>\n<meta name=\"twitter:creator\" content=\"@amat_cat\" \/>\n<meta name=\"twitter:site\" content=\"@amat_cat\" \/>\n<meta name=\"twitter:label1\" content=\"Escrito por\" \/>\n\t<meta name=\"twitter:data1\" content=\"Amat Immobiliaris\" \/>\n\t<meta name=\"twitter:label2\" content=\"Tiempo de lectura\" \/>\n\t<meta name=\"twitter:data2\" content=\"1 minuto\" \/>\n<script type=\"application\/ld+json\" class=\"yoast-schema-graph\">{\"@context\":\"https:\/\/schema.org\",\"@graph\":[{\"@type\":\"Article\",\"@id\":\"https:\/\/www.amatimmobiliaris.com\/w\/2014\/04\/estilo-de-vida-a-vista-de-drone\/#article\",\"isPartOf\":{\"@id\":\"https:\/\/www.amatimmobiliaris.com\/w\/2014\/04\/estilo-de-vida-a-vista-de-drone\/\"},\"author\":{\"name\":\"Amat Immobiliaris\",\"@id\":\"https:\/\/www.amatimmobiliaris.com\/w\/#\/schema\/person\/c880da71d1e156e7ea6774ffb445e034\"},\"headline\":\"Estilo de vida a vista de Drone\",\"datePublished\":\"2014-04-29T08:20:21+00:00\",\"dateModified\":\"2023-05-02T10:18:16+00:00\",\"mainEntityOfPage\":{\"@id\":\"https:\/\/www.amatimmobiliaris.com\/w\/2014\/04\/estilo-de-vida-a-vista-de-drone\/\"},\"wordCount\":144,\"publisher\":{\"@id\":\"https:\/\/www.amatimmobiliaris.com\/w\/#organization\"},\"keywords\":[\"Mercado inmobiliario\",\"Tecnolog\u00eda\"],\"articleSection\":[\"Noticias\",\"Pisos destacados\",\"Sector Inmobiliario\"],\"inLanguage\":\"es\"},{\"@type\":\"WebPage\",\"@id\":\"https:\/\/www.amatimmobiliaris.com\/w\/2014\/04\/estilo-de-vida-a-vista-de-drone\/\",\"url\":\"https:\/\/www.amatimmobiliaris.com\/w\/2014\/04\/estilo-de-vida-a-vista-de-drone\/\",\"name\":\"Estilo de vida a vista de Drone | Amat Immobiliaris\",\"isPartOf\":{\"@id\":\"https:\/\/www.amatimmobiliaris.com\/w\/#website\"},\"datePublished\":\"2014-04-29T08:20:21+00:00\",\"dateModified\":\"2023-05-02T10:18:16+00:00\",\"description\":\"Inauguramos los v\u00eddeos con vista de Drones de nuestras propiedades con una fant\u00e1stica casa situada en Sant Cugat del Vall\u00e8s.\",\"breadcrumb\":{\"@id\":\"https:\/\/www.amatimmobiliaris.com\/w\/2014\/04\/estilo-de-vida-a-vista-de-drone\/#breadcrumb\"},\"inLanguage\":\"es\",\"potentialAction\":[{\"@type\":\"ReadAction\",\"target\":[\"https:\/\/www.amatimmobiliaris.com\/w\/2014\/04\/estilo-de-vida-a-vista-de-drone\/\"]}]},{\"@type\":\"BreadcrumbList\",\"@id\":\"https:\/\/www.amatimmobiliaris.com\/w\/2014\/04\/estilo-de-vida-a-vista-de-drone\/#breadcrumb\",\"itemListElement\":[{\"@type\":\"ListItem\",\"position\":1,\"name\":\"Home\",\"item\":\"https:\/\/www.amatimmobiliaris.com\/w\/\"},{\"@type\":\"ListItem\",\"position\":2,\"name\":\"Noticias\",\"item\":\"https:\/\/www.amatimmobiliaris.com\/w\/category\/noticias\/\"},{\"@type\":\"ListItem\",\"position\":3,\"name\":\"Sector Inmobiliario\",\"item\":\"https:\/\/www.amatimmobiliaris.com\/w\/category\/noticias\/sector-inmobiliario\/\"},{\"@type\":\"ListItem\",\"position\":4,\"name\":\"Estilo de vida a vista de Drone\"}]},{\"@type\":\"WebSite\",\"@id\":\"https:\/\/www.amatimmobiliaris.com\/w\/#website\",\"url\":\"https:\/\/www.amatimmobiliaris.com\/w\/\",\"name\":\"Amat Immobiliaris\",\"description\":\"Empresa familiar del sector inmobiliario con oficinas en Barcelona, Sant Cugat del Vall\u00e9s y Sant Just Desvern. Te ayudamos a comprar, alquilar o vender tu casa o piso. Somos un equipo coherente con una cultura de empresa honesta, innovadora y eficaz. Tambi\u00e9n en www.amatluxury.com\",\"publisher\":{\"@id\":\"https:\/\/www.amatimmobiliaris.com\/w\/#organization\"},\"alternateName\":\"AmatImmo\",\"potentialAction\":[{\"@type\":\"SearchAction\",\"target\":{\"@type\":\"EntryPoint\",\"urlTemplate\":\"https:\/\/www.amatimmobiliaris.com\/w\/?s={search_term_string}\"},\"query-input\":{\"@type\":\"PropertyValueSpecification\",\"valueRequired\":true,\"valueName\":\"search_term_string\"}}],\"inLanguage\":\"es\"},{\"@type\":\"Organization\",\"@id\":\"https:\/\/www.amatimmobiliaris.com\/w\/#organization\",\"name\":\"Amat Immobiliaris\",\"url\":\"https:\/\/www.amatimmobiliaris.com\/w\/\",\"logo\":{\"@type\":\"ImageObject\",\"inLanguage\":\"es\",\"@id\":\"https:\/\/www.amatimmobiliaris.com\/w\/#\/schema\/logo\/image\/\",\"url\":\"https:\/\/www.amatimmobiliaris.com\/w\/wp-content\/uploads\/2022\/10\/amat-logo.jpg\",\"contentUrl\":\"https:\/\/www.amatimmobiliaris.com\/w\/wp-content\/uploads\/2022\/10\/amat-logo.jpg\",\"width\":900,\"height\":900,\"caption\":\"Amat Immobiliaris\"},\"image\":{\"@id\":\"https:\/\/www.amatimmobiliaris.com\/w\/#\/schema\/logo\/image\/\"},\"sameAs\":[\"https:\/\/www.facebook.com\/amatimmobiliaris\",\"https:\/\/x.com\/amat_cat\",\"https:\/\/www.instagram.com\/amat_immo\/\",\"https:\/\/www.linkedin.com\/company\/amat-finques\/\",\"https:\/\/www.youtube.com\/@amatimmobiliaris\"]},{\"@type\":\"Person\",\"@id\":\"https:\/\/www.amatimmobiliaris.com\/w\/#\/schema\/person\/c880da71d1e156e7ea6774ffb445e034\",\"name\":\"Amat Immobiliaris\",\"sameAs\":[\"http:\/\/amat-inmo-wp.localhost\"]}]}<\/script>\n<!-- \/ Yoast SEO plugin. -->","yoast_head_json":{"title":"Estilo de vida a vista de Drone | Amat Immobiliaris","description":"Inauguramos los v\u00eddeos con vista de Drones de nuestras propiedades con una fant\u00e1stica casa situada en Sant Cugat del Vall\u00e8s.","robots":{"index":"index","follow":"follow","max-snippet":"max-snippet:-1","max-image-preview":"max-image-preview:large","max-video-preview":"max-video-preview:-1"},"canonical":"https:\/\/www.amatimmobiliaris.com\/w\/2014\/04\/estilo-de-vida-a-vista-de-drone\/","og_locale":"es_ES","og_type":"article","og_title":"Estilo de vida a vista de Drone | Amat Immobiliaris","og_description":"Inauguramos los v\u00eddeos con vista de Drones de nuestras propiedades con una fant\u00e1stica casa situada en Sant Cugat del Vall\u00e8s.","og_url":"https:\/\/www.amatimmobiliaris.com\/w\/2014\/04\/estilo-de-vida-a-vista-de-drone\/","og_site_name":"Amat Immobiliaris","article_publisher":"https:\/\/www.facebook.com\/amatimmobiliaris","article_published_time":"2014-04-29T08:20:21+00:00","article_modified_time":"2023-05-02T10:18:16+00:00","og_image":[{"width":1024,"height":683,"url":"https:\/\/www.amatimmobiliaris.com\/w\/wp-content\/uploads\/2022\/01\/2014-Saga-familiar-Amat-dw-1-1024x683.jpg","type":"image\/jpeg"}],"author":"Amat Immobiliaris","twitter_card":"summary_large_image","twitter_creator":"@amat_cat","twitter_site":"@amat_cat","twitter_misc":{"Escrito por":"Amat Immobiliaris","Tiempo de lectura":"1 minuto"},"schema":{"@context":"https:\/\/schema.org","@graph":[{"@type":"Article","@id":"https:\/\/www.amatimmobiliaris.com\/w\/2014\/04\/estilo-de-vida-a-vista-de-drone\/#article","isPartOf":{"@id":"https:\/\/www.amatimmobiliaris.com\/w\/2014\/04\/estilo-de-vida-a-vista-de-drone\/"},"author":{"name":"Amat Immobiliaris","@id":"https:\/\/www.amatimmobiliaris.com\/w\/#\/schema\/person\/c880da71d1e156e7ea6774ffb445e034"},"headline":"Estilo de vida a vista de Drone","datePublished":"2014-04-29T08:20:21+00:00","dateModified":"2023-05-02T10:18:16+00:00","mainEntityOfPage":{"@id":"https:\/\/www.amatimmobiliaris.com\/w\/2014\/04\/estilo-de-vida-a-vista-de-drone\/"},"wordCount":144,"publisher":{"@id":"https:\/\/www.amatimmobiliaris.com\/w\/#organization"},"keywords":["Mercado inmobiliario","Tecnolog\u00eda"],"articleSection":["Noticias","Pisos destacados","Sector Inmobiliario"],"inLanguage":"es"},{"@type":"WebPage","@id":"https:\/\/www.amatimmobiliaris.com\/w\/2014\/04\/estilo-de-vida-a-vista-de-drone\/","url":"https:\/\/www.amatimmobiliaris.com\/w\/2014\/04\/estilo-de-vida-a-vista-de-drone\/","name":"Estilo de vida a vista de Drone | Amat Immobiliaris","isPartOf":{"@id":"https:\/\/www.amatimmobiliaris.com\/w\/#website"},"datePublished":"2014-04-29T08:20:21+00:00","dateModified":"2023-05-02T10:18:16+00:00","description":"Inauguramos los v\u00eddeos con vista de Drones de nuestras propiedades con una fant\u00e1stica casa situada en Sant Cugat del Vall\u00e8s.","breadcrumb":{"@id":"https:\/\/www.amatimmobiliaris.com\/w\/2014\/04\/estilo-de-vida-a-vista-de-drone\/#breadcrumb"},"inLanguage":"es","potentialAction":[{"@type":"ReadAction","target":["https:\/\/www.amatimmobiliaris.com\/w\/2014\/04\/estilo-de-vida-a-vista-de-drone\/"]}]},{"@type":"BreadcrumbList","@id":"https:\/\/www.amatimmobiliaris.com\/w\/2014\/04\/estilo-de-vida-a-vista-de-drone\/#breadcrumb","itemListElement":[{"@type":"ListItem","position":1,"name":"Home","item":"https:\/\/www.amatimmobiliaris.com\/w\/"},{"@type":"ListItem","position":2,"name":"Noticias","item":"https:\/\/www.amatimmobiliaris.com\/w\/category\/noticias\/"},{"@type":"ListItem","position":3,"name":"Sector Inmobiliario","item":"https:\/\/www.amatimmobiliaris.com\/w\/category\/noticias\/sector-inmobiliario\/"},{"@type":"ListItem","position":4,"name":"Estilo de vida a vista de Drone"}]},{"@type":"WebSite","@id":"https:\/\/www.amatimmobiliaris.com\/w\/#website","url":"https:\/\/www.amatimmobiliaris.com\/w\/","name":"Amat Immobiliaris","description":"Empresa familiar del sector inmobiliario con oficinas en Barcelona, Sant Cugat del Vall\u00e9s y Sant Just Desvern. Te ayudamos a comprar, alquilar o vender tu casa o piso. Somos un equipo coherente con una cultura de empresa honesta, innovadora y eficaz. Tambi\u00e9n en www.amatluxury.com","publisher":{"@id":"https:\/\/www.amatimmobiliaris.com\/w\/#organization"},"alternateName":"AmatImmo","potentialAction":[{"@type":"SearchAction","target":{"@type":"EntryPoint","urlTemplate":"https:\/\/www.amatimmobiliaris.com\/w\/?s={search_term_string}"},"query-input":{"@type":"PropertyValueSpecification","valueRequired":true,"valueName":"search_term_string"}}],"inLanguage":"es"},{"@type":"Organization","@id":"https:\/\/www.amatimmobiliaris.com\/w\/#organization","name":"Amat Immobiliaris","url":"https:\/\/www.amatimmobiliaris.com\/w\/","logo":{"@type":"ImageObject","inLanguage":"es","@id":"https:\/\/www.amatimmobiliaris.com\/w\/#\/schema\/logo\/image\/","url":"https:\/\/www.amatimmobiliaris.com\/w\/wp-content\/uploads\/2022\/10\/amat-logo.jpg","contentUrl":"https:\/\/www.amatimmobiliaris.com\/w\/wp-content\/uploads\/2022\/10\/amat-logo.jpg","width":900,"height":900,"caption":"Amat Immobiliaris"},"image":{"@id":"https:\/\/www.amatimmobiliaris.com\/w\/#\/schema\/logo\/image\/"},"sameAs":["https:\/\/www.facebook.com\/amatimmobiliaris","https:\/\/x.com\/amat_cat","https:\/\/www.instagram.com\/amat_immo\/","https:\/\/www.linkedin.com\/company\/amat-finques\/","https:\/\/www.youtube.com\/@amatimmobiliaris"]},{"@type":"Person","@id":"https:\/\/www.amatimmobiliaris.com\/w\/#\/schema\/person\/c880da71d1e156e7ea6774ffb445e034","name":"Amat Immobiliaris","sameAs":["http:\/\/amat-inmo-wp.localhost"]}]}},"_links":{"self":[{"href":"https:\/\/www.amatimmobiliaris.com\/w\/wp-json\/wp\/v2\/posts\/1816"}],"collection":[{"href":"https:\/\/www.amatimmobiliaris.com\/w\/wp-json\/wp\/v2\/posts"}],"about":[{"href":"https:\/\/www.amatimmobiliaris.com\/w\/wp-json\/wp\/v2\/types\/post"}],"author":[{"embeddable":true,"href":"https:\/\/www.amatimmobiliaris.com\/w\/wp-json\/wp\/v2\/users\/1"}],"replies":[{"embeddable":true,"href":"https:\/\/www.amatimmobiliaris.com\/w\/wp-json\/wp\/v2\/comments?post=1816"}],"version-history":[{"count":6,"href":"https:\/\/www.amatimmobiliaris.com\/w\/wp-json\/wp\/v2\/posts\/1816\/revisions"}],"predecessor-version":[{"id":23644,"href":"https:\/\/www.amatimmobiliaris.com\/w\/wp-json\/wp\/v2\/posts\/1816\/revisions\/23644"}],"wp:attachment":[{"href":"https:\/\/www.amatimmobiliaris.com\/w\/wp-json\/wp\/v2\/media?parent=1816"}],"wp:term":[{"taxonomy":"category","embeddable":true,"href":"https:\/\/www.amatimmobiliaris.com\/w\/wp-json\/wp\/v2\/categories?post=1816"},{"taxonomy":"post_tag","embeddable":true,"href":"https:\/\/www.amatimmobiliaris.com\/w\/wp-json\/wp\/v2\/tags?post=1816"}],"curies":[{"name":"wp","href":"https:\/\/api.w.org\/{rel}","templated":true}]}}