{"id":1815,"date":"2014-05-19T08:20:06","date_gmt":"2014-05-19T08:20:06","guid":{"rendered":"https:\/\/amat-inmo-wp.localhost\/2017\/01\/24\/avui-existeix-dema-es-una-hipotesi\/"},"modified":"2023-05-18T11:13:33","modified_gmt":"2023-05-18T11:13:33","slug":"hoy-existe-manana-es-una-hipotesis","status":"publish","type":"post","link":"https:\/\/www.amatimmobiliaris.com\/w\/2014\/05\/hoy-existe-manana-es-una-hipotesis\/","title":{"rendered":"Hoy existe, ma\u00f1ana es una hip\u00f3tesis&#8230;"},"content":{"rendered":"<p><strong>Hoy existe, ma\u00f1ana es una hip\u00f3tesis&#8230;<\/strong> fue el t\u00edtulo de la charla con la que <a href=\"https:\/\/www.instagram.com\/amat_immo\/\"><strong><span class=\"hiddenSpellError\">Amat<\/span>\u00a0<span class=\"hiddenSpellError\">Immobiliaris<\/span><\/strong><\/a>\u00a0inici\u00f3 su Reuni\u00f3n General el pasado 9 de\u00a0mayo, a la que asistieron todos los trabajadores de la empresa, m\u00e1s de 60.<\/p>\n<p>El profesor de\u00a0<span class=\"hiddenSpellError\">EADA<\/span>, Consultor y ex Directivo de diversas\u00a0multinacionales,\u00a0<strong><a href=\"http:\/\/blogs.eada.edu\/tag\/ruben-llop\/\"><span class=\"hiddenSpellError\">Ruben<\/span>\u00a0<span class=\"hiddenSpellError\">Llop<\/span><\/a><\/strong>, utiliz\u00f3 este t\u00edtulo como eje vertebrador para su intervenci\u00f3n. Esta idea tan b\u00e1sica y que a menudo olvidamos comporta: el compromiso de hoy, el trabajo bien hecho hoy, la pasi\u00f3n por el trabajo hoy, el disfrutar hoy&#8230; Estuvo m\u00e1s que brillante, cercano, cre\u00edble&#8230; nos va gust\u00f3 tanto que el tiempo se hizo corto.<\/p>\n<p>Despu\u00e9s, bajo el t\u00edtulo\u00a0<strong><span class=\"hiddenSpellError\">\u00c9rem<\/span>,\u00a0<span class=\"hiddenSpellError\">Som<\/span>\u00a0<span class=\"hiddenGrammarError\">i<\/span>\u00a0<span class=\"hiddenSpellError\">Serem<\/span><\/strong>,\u00a0la Direcci\u00f3n de\u00a0<span class=\"hiddenSpellError\">Amat<\/span>\u00a0hizo una reflexi\u00f3n sobre c\u00f3mo\u00a0<strong><span class=\"hiddenSpellError\">\u00c9rem<\/span>\u00a0<\/strong>como empresa en el 2007 (primer a\u00f1o de crisis) comparado con ahora, como\u00a0<strong><span class=\"hiddenSpellError\">Som<\/span>\u00a0<\/strong>en el 2013, y c\u00f3mo <strong>Seremos<\/strong> en el 2014 y en los pr\u00f3ximos a\u00f1os.<\/p>\n<p>El mensaje est\u00e1 claro, estamos en un mundo de incertidumbres que hay que saber gestionar, quiz\u00e1 haya m\u00e1s este 2014 que los a\u00f1os anteriores, pero\u00a0<strong><span class=\"hiddenSpellError\">Amat<\/span>\u00a0tambi\u00e9n tiene claro ad\u00f3nde quiere ir y c\u00f3mo debe hacerlo para crecer.<\/strong><\/p>\n","protected":false},"excerpt":{"rendered":"<p>Hoy existe, ma\u00f1ana es una hip\u00f3tesis&#8230; fue el t\u00edtulo de la charla con la que Amat\u00a0Immobiliaris\u00a0inici\u00f3 su Reuni\u00f3n General el pasado 9 de\u00a0mayo, a la que asistieron todos los trabajadores de la empresa, m\u00e1s de 60. El profesor de\u00a0EADA, Consultor y ex Directivo de diversas\u00a0multinacionales,\u00a0Ruben\u00a0Llop, utiliz\u00f3 este t\u00edtulo como eje vertebrador para su intervenci\u00f3n. Esta [&hellip;]<\/p>\n","protected":false},"author":1,"featured_media":0,"comment_status":"closed","ping_status":"closed","sticky":false,"template":"","format":"standard","meta":{"content-type":"","footnotes":""},"categories":[741],"tags":[1749,1809],"yoast_head":"<!-- This site is optimized with the Yoast SEO plugin v23.9 - https:\/\/yoast.com\/wordpress\/plugins\/seo\/ -->\n<title>Hoy existe, ma\u00f1ana es una hip\u00f3tesis... | Amat Immobiliaris<\/title>\n<meta name=\"description\" content=\"Hoy existe, ma\u00f1ana es una hip\u00f3tesis... fue el t\u00edtulo de la charla con la que Amat\u00a0Immobiliaris\u00a0inici\u00f3 su Reuni\u00f3n General.\" \/>\n<meta name=\"robots\" content=\"noindex, nofollow\" \/>\n<meta property=\"og:locale\" content=\"es_ES\" \/>\n<meta property=\"og:type\" content=\"article\" \/>\n<meta property=\"og:title\" content=\"Hoy existe, ma\u00f1ana es una hip\u00f3tesis... | Amat Immobiliaris\" \/>\n<meta property=\"og:description\" content=\"Hoy existe, ma\u00f1ana es una hip\u00f3tesis... fue el t\u00edtulo de la charla con la que Amat\u00a0Immobiliaris\u00a0inici\u00f3 su Reuni\u00f3n General.\" \/>\n<meta property=\"og:url\" content=\"https:\/\/www.amatimmobiliaris.com\/w\/2014\/05\/hoy-existe-manana-es-una-hipotesis\/\" \/>\n<meta property=\"og:site_name\" content=\"Amat Immobiliaris\" \/>\n<meta property=\"article:publisher\" content=\"https:\/\/www.facebook.com\/amatimmobiliaris\" \/>\n<meta property=\"article:published_time\" content=\"2014-05-19T08:20:06+00:00\" \/>\n<meta property=\"article:modified_time\" content=\"2023-05-18T11:13:33+00:00\" \/>\n<meta property=\"og:image\" content=\"https:\/\/www.amatimmobiliaris.com\/w\/wp-content\/uploads\/2022\/01\/2014-Saga-familiar-Amat-dw-1-1024x683.jpg\" \/>\n\t<meta property=\"og:image:width\" content=\"1024\" \/>\n\t<meta property=\"og:image:height\" content=\"683\" \/>\n\t<meta property=\"og:image:type\" content=\"image\/jpeg\" \/>\n<meta name=\"author\" content=\"Amat Immobiliaris\" \/>\n<meta name=\"twitter:card\" content=\"summary_large_image\" \/>\n<meta name=\"twitter:creator\" content=\"@amat_cat\" \/>\n<meta name=\"twitter:site\" content=\"@amat_cat\" \/>\n<meta name=\"twitter:label1\" content=\"Escrito por\" \/>\n\t<meta name=\"twitter:data1\" content=\"Amat Immobiliaris\" \/>\n\t<meta name=\"twitter:label2\" content=\"Tiempo de lectura\" \/>\n\t<meta name=\"twitter:data2\" content=\"1 minuto\" \/>\n<script type=\"application\/ld+json\" class=\"yoast-schema-graph\">{\"@context\":\"https:\/\/schema.org\",\"@graph\":[{\"@type\":\"Article\",\"@id\":\"https:\/\/www.amatimmobiliaris.com\/w\/2014\/05\/hoy-existe-manana-es-una-hipotesis\/#article\",\"isPartOf\":{\"@id\":\"https:\/\/www.amatimmobiliaris.com\/w\/2014\/05\/hoy-existe-manana-es-una-hipotesis\/\"},\"author\":{\"name\":\"Amat Immobiliaris\",\"@id\":\"https:\/\/www.amatimmobiliaris.com\/w\/#\/schema\/person\/c880da71d1e156e7ea6774ffb445e034\"},\"headline\":\"Hoy existe, ma\u00f1ana es una hip\u00f3tesis&#8230;\",\"datePublished\":\"2014-05-19T08:20:06+00:00\",\"dateModified\":\"2023-05-18T11:13:33+00:00\",\"mainEntityOfPage\":{\"@id\":\"https:\/\/www.amatimmobiliaris.com\/w\/2014\/05\/hoy-existe-manana-es-una-hipotesis\/\"},\"wordCount\":216,\"publisher\":{\"@id\":\"https:\/\/www.amatimmobiliaris.com\/w\/#organization\"},\"keywords\":[\"Conferencia\",\"Sector inmobiliario\"],\"articleSection\":[\"El mundo Amat\"],\"inLanguage\":\"es\"},{\"@type\":\"WebPage\",\"@id\":\"https:\/\/www.amatimmobiliaris.com\/w\/2014\/05\/hoy-existe-manana-es-una-hipotesis\/\",\"url\":\"https:\/\/www.amatimmobiliaris.com\/w\/2014\/05\/hoy-existe-manana-es-una-hipotesis\/\",\"name\":\"Hoy existe, ma\u00f1ana es una hip\u00f3tesis... | Amat Immobiliaris\",\"isPartOf\":{\"@id\":\"https:\/\/www.amatimmobiliaris.com\/w\/#website\"},\"datePublished\":\"2014-05-19T08:20:06+00:00\",\"dateModified\":\"2023-05-18T11:13:33+00:00\",\"description\":\"Hoy existe, ma\u00f1ana es una hip\u00f3tesis... fue el t\u00edtulo de la charla con la que Amat\u00a0Immobiliaris\u00a0inici\u00f3 su Reuni\u00f3n General.\",\"breadcrumb\":{\"@id\":\"https:\/\/www.amatimmobiliaris.com\/w\/2014\/05\/hoy-existe-manana-es-una-hipotesis\/#breadcrumb\"},\"inLanguage\":\"es\",\"potentialAction\":[{\"@type\":\"ReadAction\",\"target\":[\"https:\/\/www.amatimmobiliaris.com\/w\/2014\/05\/hoy-existe-manana-es-una-hipotesis\/\"]}]},{\"@type\":\"BreadcrumbList\",\"@id\":\"https:\/\/www.amatimmobiliaris.com\/w\/2014\/05\/hoy-existe-manana-es-una-hipotesis\/#breadcrumb\",\"itemListElement\":[{\"@type\":\"ListItem\",\"position\":1,\"name\":\"Home\",\"item\":\"https:\/\/www.amatimmobiliaris.com\/w\/\"},{\"@type\":\"ListItem\",\"position\":2,\"name\":\"El mundo Amat\",\"item\":\"https:\/\/www.amatimmobiliaris.com\/w\/category\/el-mundo-amat\/\"},{\"@type\":\"ListItem\",\"position\":3,\"name\":\"Hoy existe, ma\u00f1ana es una hip\u00f3tesis&#8230;\"}]},{\"@type\":\"WebSite\",\"@id\":\"https:\/\/www.amatimmobiliaris.com\/w\/#website\",\"url\":\"https:\/\/www.amatimmobiliaris.com\/w\/\",\"name\":\"Amat Immobiliaris\",\"description\":\"Empresa familiar del sector inmobiliario con oficinas en Barcelona, Sant Cugat del Vall\u00e9s y Sant Just Desvern. Te ayudamos a comprar, alquilar o vender tu casa o piso. Somos un equipo coherente con una cultura de empresa honesta, innovadora y eficaz. Tambi\u00e9n en www.amatluxury.com\",\"publisher\":{\"@id\":\"https:\/\/www.amatimmobiliaris.com\/w\/#organization\"},\"alternateName\":\"AmatImmo\",\"potentialAction\":[{\"@type\":\"SearchAction\",\"target\":{\"@type\":\"EntryPoint\",\"urlTemplate\":\"https:\/\/www.amatimmobiliaris.com\/w\/?s={search_term_string}\"},\"query-input\":{\"@type\":\"PropertyValueSpecification\",\"valueRequired\":true,\"valueName\":\"search_term_string\"}}],\"inLanguage\":\"es\"},{\"@type\":\"Organization\",\"@id\":\"https:\/\/www.amatimmobiliaris.com\/w\/#organization\",\"name\":\"Amat Immobiliaris\",\"url\":\"https:\/\/www.amatimmobiliaris.com\/w\/\",\"logo\":{\"@type\":\"ImageObject\",\"inLanguage\":\"es\",\"@id\":\"https:\/\/www.amatimmobiliaris.com\/w\/#\/schema\/logo\/image\/\",\"url\":\"https:\/\/www.amatimmobiliaris.com\/w\/wp-content\/uploads\/2022\/10\/amat-logo.jpg\",\"contentUrl\":\"https:\/\/www.amatimmobiliaris.com\/w\/wp-content\/uploads\/2022\/10\/amat-logo.jpg\",\"width\":900,\"height\":900,\"caption\":\"Amat Immobiliaris\"},\"image\":{\"@id\":\"https:\/\/www.amatimmobiliaris.com\/w\/#\/schema\/logo\/image\/\"},\"sameAs\":[\"https:\/\/www.facebook.com\/amatimmobiliaris\",\"https:\/\/x.com\/amat_cat\",\"https:\/\/www.instagram.com\/amat_immo\/\",\"https:\/\/www.linkedin.com\/company\/amat-finques\/\",\"https:\/\/www.youtube.com\/@amatimmobiliaris\"]},{\"@type\":\"Person\",\"@id\":\"https:\/\/www.amatimmobiliaris.com\/w\/#\/schema\/person\/c880da71d1e156e7ea6774ffb445e034\",\"name\":\"Amat Immobiliaris\",\"sameAs\":[\"http:\/\/amat-inmo-wp.localhost\"]}]}<\/script>\n<!-- \/ Yoast SEO plugin. -->","yoast_head_json":{"title":"Hoy existe, ma\u00f1ana es una hip\u00f3tesis... | Amat Immobiliaris","description":"Hoy existe, ma\u00f1ana es una hip\u00f3tesis... fue el t\u00edtulo de la charla con la que Amat\u00a0Immobiliaris\u00a0inici\u00f3 su Reuni\u00f3n General.","robots":{"index":"noindex","follow":"nofollow"},"og_locale":"es_ES","og_type":"article","og_title":"Hoy existe, ma\u00f1ana es una hip\u00f3tesis... | Amat Immobiliaris","og_description":"Hoy existe, ma\u00f1ana es una hip\u00f3tesis... fue el t\u00edtulo de la charla con la que Amat\u00a0Immobiliaris\u00a0inici\u00f3 su Reuni\u00f3n General.","og_url":"https:\/\/www.amatimmobiliaris.com\/w\/2014\/05\/hoy-existe-manana-es-una-hipotesis\/","og_site_name":"Amat Immobiliaris","article_publisher":"https:\/\/www.facebook.com\/amatimmobiliaris","article_published_time":"2014-05-19T08:20:06+00:00","article_modified_time":"2023-05-18T11:13:33+00:00","og_image":[{"width":1024,"height":683,"url":"https:\/\/www.amatimmobiliaris.com\/w\/wp-content\/uploads\/2022\/01\/2014-Saga-familiar-Amat-dw-1-1024x683.jpg","type":"image\/jpeg"}],"author":"Amat Immobiliaris","twitter_card":"summary_large_image","twitter_creator":"@amat_cat","twitter_site":"@amat_cat","twitter_misc":{"Escrito por":"Amat Immobiliaris","Tiempo de lectura":"1 minuto"},"schema":{"@context":"https:\/\/schema.org","@graph":[{"@type":"Article","@id":"https:\/\/www.amatimmobiliaris.com\/w\/2014\/05\/hoy-existe-manana-es-una-hipotesis\/#article","isPartOf":{"@id":"https:\/\/www.amatimmobiliaris.com\/w\/2014\/05\/hoy-existe-manana-es-una-hipotesis\/"},"author":{"name":"Amat Immobiliaris","@id":"https:\/\/www.amatimmobiliaris.com\/w\/#\/schema\/person\/c880da71d1e156e7ea6774ffb445e034"},"headline":"Hoy existe, ma\u00f1ana es una hip\u00f3tesis&#8230;","datePublished":"2014-05-19T08:20:06+00:00","dateModified":"2023-05-18T11:13:33+00:00","mainEntityOfPage":{"@id":"https:\/\/www.amatimmobiliaris.com\/w\/2014\/05\/hoy-existe-manana-es-una-hipotesis\/"},"wordCount":216,"publisher":{"@id":"https:\/\/www.amatimmobiliaris.com\/w\/#organization"},"keywords":["Conferencia","Sector inmobiliario"],"articleSection":["El mundo Amat"],"inLanguage":"es"},{"@type":"WebPage","@id":"https:\/\/www.amatimmobiliaris.com\/w\/2014\/05\/hoy-existe-manana-es-una-hipotesis\/","url":"https:\/\/www.amatimmobiliaris.com\/w\/2014\/05\/hoy-existe-manana-es-una-hipotesis\/","name":"Hoy existe, ma\u00f1ana es una hip\u00f3tesis... | Amat Immobiliaris","isPartOf":{"@id":"https:\/\/www.amatimmobiliaris.com\/w\/#website"},"datePublished":"2014-05-19T08:20:06+00:00","dateModified":"2023-05-18T11:13:33+00:00","description":"Hoy existe, ma\u00f1ana es una hip\u00f3tesis... fue el t\u00edtulo de la charla con la que Amat\u00a0Immobiliaris\u00a0inici\u00f3 su Reuni\u00f3n General.","breadcrumb":{"@id":"https:\/\/www.amatimmobiliaris.com\/w\/2014\/05\/hoy-existe-manana-es-una-hipotesis\/#breadcrumb"},"inLanguage":"es","potentialAction":[{"@type":"ReadAction","target":["https:\/\/www.amatimmobiliaris.com\/w\/2014\/05\/hoy-existe-manana-es-una-hipotesis\/"]}]},{"@type":"BreadcrumbList","@id":"https:\/\/www.amatimmobiliaris.com\/w\/2014\/05\/hoy-existe-manana-es-una-hipotesis\/#breadcrumb","itemListElement":[{"@type":"ListItem","position":1,"name":"Home","item":"https:\/\/www.amatimmobiliaris.com\/w\/"},{"@type":"ListItem","position":2,"name":"El mundo Amat","item":"https:\/\/www.amatimmobiliaris.com\/w\/category\/el-mundo-amat\/"},{"@type":"ListItem","position":3,"name":"Hoy existe, ma\u00f1ana es una hip\u00f3tesis&#8230;"}]},{"@type":"WebSite","@id":"https:\/\/www.amatimmobiliaris.com\/w\/#website","url":"https:\/\/www.amatimmobiliaris.com\/w\/","name":"Amat Immobiliaris","description":"Empresa familiar del sector inmobiliario con oficinas en Barcelona, Sant Cugat del Vall\u00e9s y Sant Just Desvern. Te ayudamos a comprar, alquilar o vender tu casa o piso. Somos un equipo coherente con una cultura de empresa honesta, innovadora y eficaz. Tambi\u00e9n en www.amatluxury.com","publisher":{"@id":"https:\/\/www.amatimmobiliaris.com\/w\/#organization"},"alternateName":"AmatImmo","potentialAction":[{"@type":"SearchAction","target":{"@type":"EntryPoint","urlTemplate":"https:\/\/www.amatimmobiliaris.com\/w\/?s={search_term_string}"},"query-input":{"@type":"PropertyValueSpecification","valueRequired":true,"valueName":"search_term_string"}}],"inLanguage":"es"},{"@type":"Organization","@id":"https:\/\/www.amatimmobiliaris.com\/w\/#organization","name":"Amat Immobiliaris","url":"https:\/\/www.amatimmobiliaris.com\/w\/","logo":{"@type":"ImageObject","inLanguage":"es","@id":"https:\/\/www.amatimmobiliaris.com\/w\/#\/schema\/logo\/image\/","url":"https:\/\/www.amatimmobiliaris.com\/w\/wp-content\/uploads\/2022\/10\/amat-logo.jpg","contentUrl":"https:\/\/www.amatimmobiliaris.com\/w\/wp-content\/uploads\/2022\/10\/amat-logo.jpg","width":900,"height":900,"caption":"Amat Immobiliaris"},"image":{"@id":"https:\/\/www.amatimmobiliaris.com\/w\/#\/schema\/logo\/image\/"},"sameAs":["https:\/\/www.facebook.com\/amatimmobiliaris","https:\/\/x.com\/amat_cat","https:\/\/www.instagram.com\/amat_immo\/","https:\/\/www.linkedin.com\/company\/amat-finques\/","https:\/\/www.youtube.com\/@amatimmobiliaris"]},{"@type":"Person","@id":"https:\/\/www.amatimmobiliaris.com\/w\/#\/schema\/person\/c880da71d1e156e7ea6774ffb445e034","name":"Amat Immobiliaris","sameAs":["http:\/\/amat-inmo-wp.localhost"]}]}},"_links":{"self":[{"href":"https:\/\/www.amatimmobiliaris.com\/w\/wp-json\/wp\/v2\/posts\/1815"}],"collection":[{"href":"https:\/\/www.amatimmobiliaris.com\/w\/wp-json\/wp\/v2\/posts"}],"about":[{"href":"https:\/\/www.amatimmobiliaris.com\/w\/wp-json\/wp\/v2\/types\/post"}],"author":[{"embeddable":true,"href":"https:\/\/www.amatimmobiliaris.com\/w\/wp-json\/wp\/v2\/users\/1"}],"replies":[{"embeddable":true,"href":"https:\/\/www.amatimmobiliaris.com\/w\/wp-json\/wp\/v2\/comments?post=1815"}],"version-history":[{"count":5,"href":"https:\/\/www.amatimmobiliaris.com\/w\/wp-json\/wp\/v2\/posts\/1815\/revisions"}],"predecessor-version":[{"id":24857,"href":"https:\/\/www.amatimmobiliaris.com\/w\/wp-json\/wp\/v2\/posts\/1815\/revisions\/24857"}],"wp:attachment":[{"href":"https:\/\/www.amatimmobiliaris.com\/w\/wp-json\/wp\/v2\/media?parent=1815"}],"wp:term":[{"taxonomy":"category","embeddable":true,"href":"https:\/\/www.amatimmobiliaris.com\/w\/wp-json\/wp\/v2\/categories?post=1815"},{"taxonomy":"post_tag","embeddable":true,"href":"https:\/\/www.amatimmobiliaris.com\/w\/wp-json\/wp\/v2\/tags?post=1815"}],"curies":[{"name":"wp","href":"https:\/\/api.w.org\/{rel}","templated":true}]}}