{"id":1796,"date":"2015-04-15T08:15:34","date_gmt":"2015-04-15T08:15:34","guid":{"rendered":"https:\/\/amat-inmo-wp.localhost\/2017\/01\/24\/el-nou-projecte-urbanistic-de-les-glories\/"},"modified":"2023-05-02T10:24:33","modified_gmt":"2023-05-02T10:24:33","slug":"el-nuevo-proyecto-urbanistico-de-les-glories","status":"publish","type":"post","link":"https:\/\/www.amatimmobiliaris.com\/w\/2015\/04\/el-nuevo-proyecto-urbanistico-de-les-glories\/","title":{"rendered":"El nuevo proyecto urban\u00edstico de Les Gl\u00f2ries"},"content":{"rendered":"<p>El ambicioso proyecto de la Plaza de Les\u00a0<span class=\"hiddenSpellError\">Gl\u00f2ries<\/span>\u00a0est\u00e1 a punto de finalizar despu\u00e9s de meses de obras.\u00a0Finalmente,\u00a0el proyecto escogido transformar\u00e1 el antiguo eslab\u00f3n de cemento en una gran zona verde que contar\u00e1 con 140.000\u00a0m\u00b2\u00a0y que enterrar\u00e1 la circulaci\u00f3n\u00a0rodada,\u00a0dando preferencia a los peatones en la superficie.<\/p>\n<p>La intenci\u00f3n \u00faltima de este proyecto es crear un segundo centro neur\u00e1lgico de la ciudad, despu\u00e9s de plaza\u00a0Catalu\u00f1a, donde las actividades culturales tendr\u00e1n un peso importante. Al menos el barrio de Les\u00a0<span class=\"hiddenSpellError\">Gl\u00f2ries<\/span>\u00a0contar\u00e1, en un radio de pocos metros, con L&#8217;<span class=\"hiddenSpellError\">Auditori<\/span>, el Teatro Nacional de Catalu\u00f1a, el\u00a0<span class=\"hiddenSpellError\">Disseny<\/span>\u00a0Hub, el mercado de\u00a0<span class=\"hiddenSpellError\">Els<\/span>\u00a0<span class=\"hiddenSpellError\">Encants<\/span>, la Torre\u00a0<span class=\"hiddenSpellError\">Agbar<\/span>\u00a0y el Centro Comercial Les\u00a0<span class=\"hiddenSpellError\">Gl\u00f2ries<\/span>.<\/p>\n<p style=\"text-align: center;\"><span style=\"font-family: Calibri;\"><span style=\"font-size: medium;\"><span style=\"color: #000000;\"><a href=\"https:\/\/www.amatimmobiliaris.com\/w\/wp-content\/uploads\/2022\/01\/glories.png\"><img loading=\"lazy\" decoding=\"async\" class=\"aligncenter wp-image-2494\" title=\"glories\" src=\"https:\/\/www.amatimmobiliaris.com\/w\/wp-content\/uploads\/2022\/01\/glories.png\" alt=\"\" width=\"418\" height=\"314\" \/><\/a><\/span><\/span><\/span><\/p>\n<p>Las inmobiliarias ya tienen un ojo puesto en la zona, ya que\u00a0la adquisici\u00f3n de inmuebles es todav\u00eda asequible y su valor crecer\u00e1 a medida que el proyecto avance. En estos momentos es un momento muy bueno para adquirir una propiedad a buen precio.<\/p>\n<p>Visto que el proyecto tiene una duraci\u00f3n prevista de unos cuatro a\u00f1os, el Ayuntamiento ha propuesto varios usos provisionales para resolver las principales carencias de espacios p\u00fablicos. Para darles a conocer se proponen itinerarios guiados gratuitos para informar a la ciudadan\u00eda no\u00a0solo\u00a0del proceso de transformaci\u00f3n de la plaza de las\u00a0<span class=\"hiddenSpellError\">Gl\u00f2ries<\/span>, sino tambi\u00e9n de la evoluci\u00f3n de este lugar a lo largo de la historia.<\/p>\n","protected":false},"excerpt":{"rendered":"<p>El ambicioso proyecto de la Plaza de Les\u00a0Gl\u00f2ries\u00a0est\u00e1 a punto de finalizar despu\u00e9s de meses de obras.\u00a0Finalmente,\u00a0el proyecto escogido transformar\u00e1 el antiguo eslab\u00f3n de cemento en una gran zona verde que contar\u00e1 con 140.000\u00a0m\u00b2\u00a0y que enterrar\u00e1 la circulaci\u00f3n\u00a0rodada,\u00a0dando preferencia a los peatones en la superficie. La intenci\u00f3n \u00faltima de este proyecto es crear un segundo [&hellip;]<\/p>\n","protected":false},"author":1,"featured_media":1797,"comment_status":"closed","ping_status":"closed","sticky":false,"template":"","format":"standard","meta":{"content-type":"","footnotes":""},"categories":[879],"tags":[1097,942,1666],"yoast_head":"<!-- This site is optimized with the Yoast SEO plugin v23.9 - https:\/\/yoast.com\/wordpress\/plugins\/seo\/ -->\n<title>El nuevo proyecto urban\u00edstico de Les Gl\u00f2ries | Amat Immobiliaris<\/title>\n<meta name=\"description\" content=\"El ambicioso proyecto urban\u00edstico de Les\u00a0Gl\u00f2ries\u00a0est\u00e1 a punto de finalizar despu\u00e9s de meses de obras.\u00a0\u00a1Ve\u00e1moslo!\" \/>\n<meta name=\"robots\" content=\"index, follow, max-snippet:-1, max-image-preview:large, max-video-preview:-1\" \/>\n<link rel=\"canonical\" href=\"https:\/\/www.amatimmobiliaris.com\/w\/2015\/04\/el-nuevo-proyecto-urbanistico-de-les-glories\/\" \/>\n<meta property=\"og:locale\" content=\"es_ES\" \/>\n<meta property=\"og:type\" content=\"article\" \/>\n<meta property=\"og:title\" content=\"El nuevo proyecto urban\u00edstico de Les Gl\u00f2ries | Amat Immobiliaris\" \/>\n<meta property=\"og:description\" content=\"El ambicioso proyecto urban\u00edstico de Les\u00a0Gl\u00f2ries\u00a0est\u00e1 a punto de finalizar despu\u00e9s de meses de obras.\u00a0\u00a1Ve\u00e1moslo!\" \/>\n<meta property=\"og:url\" content=\"https:\/\/www.amatimmobiliaris.com\/w\/2015\/04\/el-nuevo-proyecto-urbanistico-de-les-glories\/\" \/>\n<meta property=\"og:site_name\" content=\"Amat Immobiliaris\" \/>\n<meta property=\"article:publisher\" content=\"https:\/\/www.facebook.com\/amatimmobiliaris\" \/>\n<meta property=\"article:published_time\" content=\"2015-04-15T08:15:34+00:00\" \/>\n<meta property=\"article:modified_time\" content=\"2023-05-02T10:24:33+00:00\" \/>\n<meta property=\"og:image\" content=\"https:\/\/www.amatimmobiliaris.com\/w\/wp-content\/uploads\/2022\/01\/glories.png\" \/>\n\t<meta property=\"og:image:width\" content=\"932\" \/>\n\t<meta property=\"og:image:height\" content=\"700\" \/>\n\t<meta property=\"og:image:type\" content=\"image\/png\" \/>\n<meta name=\"author\" content=\"Amat Immobiliaris\" \/>\n<meta name=\"twitter:card\" content=\"summary_large_image\" \/>\n<meta name=\"twitter:creator\" content=\"@amat_cat\" \/>\n<meta name=\"twitter:site\" content=\"@amat_cat\" \/>\n<meta name=\"twitter:label1\" content=\"Escrito por\" \/>\n\t<meta name=\"twitter:data1\" content=\"Amat Immobiliaris\" \/>\n\t<meta name=\"twitter:label2\" content=\"Tiempo de lectura\" \/>\n\t<meta name=\"twitter:data2\" content=\"2 minutos\" \/>\n<script type=\"application\/ld+json\" class=\"yoast-schema-graph\">{\"@context\":\"https:\/\/schema.org\",\"@graph\":[{\"@type\":\"Article\",\"@id\":\"https:\/\/www.amatimmobiliaris.com\/w\/2015\/04\/el-nuevo-proyecto-urbanistico-de-les-glories\/#article\",\"isPartOf\":{\"@id\":\"https:\/\/www.amatimmobiliaris.com\/w\/2015\/04\/el-nuevo-proyecto-urbanistico-de-les-glories\/\"},\"author\":{\"name\":\"Amat Immobiliaris\",\"@id\":\"https:\/\/www.amatimmobiliaris.com\/w\/#\/schema\/person\/c880da71d1e156e7ea6774ffb445e034\"},\"headline\":\"El nuevo proyecto urban\u00edstico de Les Gl\u00f2ries\",\"datePublished\":\"2015-04-15T08:15:34+00:00\",\"dateModified\":\"2023-05-02T10:24:33+00:00\",\"mainEntityOfPage\":{\"@id\":\"https:\/\/www.amatimmobiliaris.com\/w\/2015\/04\/el-nuevo-proyecto-urbanistico-de-les-glories\/\"},\"wordCount\":259,\"publisher\":{\"@id\":\"https:\/\/www.amatimmobiliaris.com\/w\/#organization\"},\"image\":{\"@id\":\"https:\/\/www.amatimmobiliaris.com\/w\/2015\/04\/el-nuevo-proyecto-urbanistico-de-les-glories\/#primaryimage\"},\"thumbnailUrl\":\"https:\/\/www.amatimmobiliaris.com\/w\/wp-content\/uploads\/2022\/01\/glories.png\",\"keywords\":[\"Barcelona\",\"Inmobiliaria\",\"Urbanismo\"],\"articleSection\":[\"Arquitectura y decoraci\u00f3n\"],\"inLanguage\":\"es\"},{\"@type\":\"WebPage\",\"@id\":\"https:\/\/www.amatimmobiliaris.com\/w\/2015\/04\/el-nuevo-proyecto-urbanistico-de-les-glories\/\",\"url\":\"https:\/\/www.amatimmobiliaris.com\/w\/2015\/04\/el-nuevo-proyecto-urbanistico-de-les-glories\/\",\"name\":\"El nuevo proyecto urban\u00edstico de Les Gl\u00f2ries | Amat Immobiliaris\",\"isPartOf\":{\"@id\":\"https:\/\/www.amatimmobiliaris.com\/w\/#website\"},\"primaryImageOfPage\":{\"@id\":\"https:\/\/www.amatimmobiliaris.com\/w\/2015\/04\/el-nuevo-proyecto-urbanistico-de-les-glories\/#primaryimage\"},\"image\":{\"@id\":\"https:\/\/www.amatimmobiliaris.com\/w\/2015\/04\/el-nuevo-proyecto-urbanistico-de-les-glories\/#primaryimage\"},\"thumbnailUrl\":\"https:\/\/www.amatimmobiliaris.com\/w\/wp-content\/uploads\/2022\/01\/glories.png\",\"datePublished\":\"2015-04-15T08:15:34+00:00\",\"dateModified\":\"2023-05-02T10:24:33+00:00\",\"description\":\"El ambicioso proyecto urban\u00edstico de Les\u00a0Gl\u00f2ries\u00a0est\u00e1 a punto de finalizar despu\u00e9s de meses de obras.\u00a0\u00a1Ve\u00e1moslo!\",\"breadcrumb\":{\"@id\":\"https:\/\/www.amatimmobiliaris.com\/w\/2015\/04\/el-nuevo-proyecto-urbanistico-de-les-glories\/#breadcrumb\"},\"inLanguage\":\"es\",\"potentialAction\":[{\"@type\":\"ReadAction\",\"target\":[\"https:\/\/www.amatimmobiliaris.com\/w\/2015\/04\/el-nuevo-proyecto-urbanistico-de-les-glories\/\"]}]},{\"@type\":\"ImageObject\",\"inLanguage\":\"es\",\"@id\":\"https:\/\/www.amatimmobiliaris.com\/w\/2015\/04\/el-nuevo-proyecto-urbanistico-de-les-glories\/#primaryimage\",\"url\":\"https:\/\/www.amatimmobiliaris.com\/w\/wp-content\/uploads\/2022\/01\/glories.png\",\"contentUrl\":\"https:\/\/www.amatimmobiliaris.com\/w\/wp-content\/uploads\/2022\/01\/glories.png\",\"width\":932,\"height\":700},{\"@type\":\"BreadcrumbList\",\"@id\":\"https:\/\/www.amatimmobiliaris.com\/w\/2015\/04\/el-nuevo-proyecto-urbanistico-de-les-glories\/#breadcrumb\",\"itemListElement\":[{\"@type\":\"ListItem\",\"position\":1,\"name\":\"Home\",\"item\":\"https:\/\/www.amatimmobiliaris.com\/w\/\"},{\"@type\":\"ListItem\",\"position\":2,\"name\":\"Arquitectura y decoraci\u00f3n\",\"item\":\"https:\/\/www.amatimmobiliaris.com\/w\/category\/arquitectura-y-decoracion\/\"},{\"@type\":\"ListItem\",\"position\":3,\"name\":\"El nuevo proyecto urban\u00edstico de Les Gl\u00f2ries\"}]},{\"@type\":\"WebSite\",\"@id\":\"https:\/\/www.amatimmobiliaris.com\/w\/#website\",\"url\":\"https:\/\/www.amatimmobiliaris.com\/w\/\",\"name\":\"Amat Immobiliaris\",\"description\":\"Empresa familiar del sector inmobiliario con oficinas en Barcelona, Sant Cugat del Vall\u00e9s y Sant Just Desvern. Te ayudamos a comprar, alquilar o vender tu casa o piso. Somos un equipo coherente con una cultura de empresa honesta, innovadora y eficaz. Tambi\u00e9n en www.amatluxury.com\",\"publisher\":{\"@id\":\"https:\/\/www.amatimmobiliaris.com\/w\/#organization\"},\"alternateName\":\"AmatImmo\",\"potentialAction\":[{\"@type\":\"SearchAction\",\"target\":{\"@type\":\"EntryPoint\",\"urlTemplate\":\"https:\/\/www.amatimmobiliaris.com\/w\/?s={search_term_string}\"},\"query-input\":{\"@type\":\"PropertyValueSpecification\",\"valueRequired\":true,\"valueName\":\"search_term_string\"}}],\"inLanguage\":\"es\"},{\"@type\":\"Organization\",\"@id\":\"https:\/\/www.amatimmobiliaris.com\/w\/#organization\",\"name\":\"Amat Immobiliaris\",\"url\":\"https:\/\/www.amatimmobiliaris.com\/w\/\",\"logo\":{\"@type\":\"ImageObject\",\"inLanguage\":\"es\",\"@id\":\"https:\/\/www.amatimmobiliaris.com\/w\/#\/schema\/logo\/image\/\",\"url\":\"https:\/\/www.amatimmobiliaris.com\/w\/wp-content\/uploads\/2022\/10\/amat-logo.jpg\",\"contentUrl\":\"https:\/\/www.amatimmobiliaris.com\/w\/wp-content\/uploads\/2022\/10\/amat-logo.jpg\",\"width\":900,\"height\":900,\"caption\":\"Amat Immobiliaris\"},\"image\":{\"@id\":\"https:\/\/www.amatimmobiliaris.com\/w\/#\/schema\/logo\/image\/\"},\"sameAs\":[\"https:\/\/www.facebook.com\/amatimmobiliaris\",\"https:\/\/x.com\/amat_cat\",\"https:\/\/www.instagram.com\/amat_immo\/\",\"https:\/\/www.linkedin.com\/company\/amat-finques\/\",\"https:\/\/www.youtube.com\/@amatimmobiliaris\"]},{\"@type\":\"Person\",\"@id\":\"https:\/\/www.amatimmobiliaris.com\/w\/#\/schema\/person\/c880da71d1e156e7ea6774ffb445e034\",\"name\":\"Amat Immobiliaris\",\"sameAs\":[\"http:\/\/amat-inmo-wp.localhost\"]}]}<\/script>\n<!-- \/ Yoast SEO plugin. -->","yoast_head_json":{"title":"El nuevo proyecto urban\u00edstico de Les Gl\u00f2ries | Amat Immobiliaris","description":"El ambicioso proyecto urban\u00edstico de Les\u00a0Gl\u00f2ries\u00a0est\u00e1 a punto de finalizar despu\u00e9s de meses de obras.\u00a0\u00a1Ve\u00e1moslo!","robots":{"index":"index","follow":"follow","max-snippet":"max-snippet:-1","max-image-preview":"max-image-preview:large","max-video-preview":"max-video-preview:-1"},"canonical":"https:\/\/www.amatimmobiliaris.com\/w\/2015\/04\/el-nuevo-proyecto-urbanistico-de-les-glories\/","og_locale":"es_ES","og_type":"article","og_title":"El nuevo proyecto urban\u00edstico de Les Gl\u00f2ries | Amat Immobiliaris","og_description":"El ambicioso proyecto urban\u00edstico de Les\u00a0Gl\u00f2ries\u00a0est\u00e1 a punto de finalizar despu\u00e9s de meses de obras.\u00a0\u00a1Ve\u00e1moslo!","og_url":"https:\/\/www.amatimmobiliaris.com\/w\/2015\/04\/el-nuevo-proyecto-urbanistico-de-les-glories\/","og_site_name":"Amat Immobiliaris","article_publisher":"https:\/\/www.facebook.com\/amatimmobiliaris","article_published_time":"2015-04-15T08:15:34+00:00","article_modified_time":"2023-05-02T10:24:33+00:00","og_image":[{"width":932,"height":700,"url":"https:\/\/www.amatimmobiliaris.com\/w\/wp-content\/uploads\/2022\/01\/glories.png","type":"image\/png"}],"author":"Amat Immobiliaris","twitter_card":"summary_large_image","twitter_creator":"@amat_cat","twitter_site":"@amat_cat","twitter_misc":{"Escrito por":"Amat Immobiliaris","Tiempo de lectura":"2 minutos"},"schema":{"@context":"https:\/\/schema.org","@graph":[{"@type":"Article","@id":"https:\/\/www.amatimmobiliaris.com\/w\/2015\/04\/el-nuevo-proyecto-urbanistico-de-les-glories\/#article","isPartOf":{"@id":"https:\/\/www.amatimmobiliaris.com\/w\/2015\/04\/el-nuevo-proyecto-urbanistico-de-les-glories\/"},"author":{"name":"Amat Immobiliaris","@id":"https:\/\/www.amatimmobiliaris.com\/w\/#\/schema\/person\/c880da71d1e156e7ea6774ffb445e034"},"headline":"El nuevo proyecto urban\u00edstico de Les Gl\u00f2ries","datePublished":"2015-04-15T08:15:34+00:00","dateModified":"2023-05-02T10:24:33+00:00","mainEntityOfPage":{"@id":"https:\/\/www.amatimmobiliaris.com\/w\/2015\/04\/el-nuevo-proyecto-urbanistico-de-les-glories\/"},"wordCount":259,"publisher":{"@id":"https:\/\/www.amatimmobiliaris.com\/w\/#organization"},"image":{"@id":"https:\/\/www.amatimmobiliaris.com\/w\/2015\/04\/el-nuevo-proyecto-urbanistico-de-les-glories\/#primaryimage"},"thumbnailUrl":"https:\/\/www.amatimmobiliaris.com\/w\/wp-content\/uploads\/2022\/01\/glories.png","keywords":["Barcelona","Inmobiliaria","Urbanismo"],"articleSection":["Arquitectura y decoraci\u00f3n"],"inLanguage":"es"},{"@type":"WebPage","@id":"https:\/\/www.amatimmobiliaris.com\/w\/2015\/04\/el-nuevo-proyecto-urbanistico-de-les-glories\/","url":"https:\/\/www.amatimmobiliaris.com\/w\/2015\/04\/el-nuevo-proyecto-urbanistico-de-les-glories\/","name":"El nuevo proyecto urban\u00edstico de Les Gl\u00f2ries | Amat Immobiliaris","isPartOf":{"@id":"https:\/\/www.amatimmobiliaris.com\/w\/#website"},"primaryImageOfPage":{"@id":"https:\/\/www.amatimmobiliaris.com\/w\/2015\/04\/el-nuevo-proyecto-urbanistico-de-les-glories\/#primaryimage"},"image":{"@id":"https:\/\/www.amatimmobiliaris.com\/w\/2015\/04\/el-nuevo-proyecto-urbanistico-de-les-glories\/#primaryimage"},"thumbnailUrl":"https:\/\/www.amatimmobiliaris.com\/w\/wp-content\/uploads\/2022\/01\/glories.png","datePublished":"2015-04-15T08:15:34+00:00","dateModified":"2023-05-02T10:24:33+00:00","description":"El ambicioso proyecto urban\u00edstico de Les\u00a0Gl\u00f2ries\u00a0est\u00e1 a punto de finalizar despu\u00e9s de meses de obras.\u00a0\u00a1Ve\u00e1moslo!","breadcrumb":{"@id":"https:\/\/www.amatimmobiliaris.com\/w\/2015\/04\/el-nuevo-proyecto-urbanistico-de-les-glories\/#breadcrumb"},"inLanguage":"es","potentialAction":[{"@type":"ReadAction","target":["https:\/\/www.amatimmobiliaris.com\/w\/2015\/04\/el-nuevo-proyecto-urbanistico-de-les-glories\/"]}]},{"@type":"ImageObject","inLanguage":"es","@id":"https:\/\/www.amatimmobiliaris.com\/w\/2015\/04\/el-nuevo-proyecto-urbanistico-de-les-glories\/#primaryimage","url":"https:\/\/www.amatimmobiliaris.com\/w\/wp-content\/uploads\/2022\/01\/glories.png","contentUrl":"https:\/\/www.amatimmobiliaris.com\/w\/wp-content\/uploads\/2022\/01\/glories.png","width":932,"height":700},{"@type":"BreadcrumbList","@id":"https:\/\/www.amatimmobiliaris.com\/w\/2015\/04\/el-nuevo-proyecto-urbanistico-de-les-glories\/#breadcrumb","itemListElement":[{"@type":"ListItem","position":1,"name":"Home","item":"https:\/\/www.amatimmobiliaris.com\/w\/"},{"@type":"ListItem","position":2,"name":"Arquitectura y decoraci\u00f3n","item":"https:\/\/www.amatimmobiliaris.com\/w\/category\/arquitectura-y-decoracion\/"},{"@type":"ListItem","position":3,"name":"El nuevo proyecto urban\u00edstico de Les Gl\u00f2ries"}]},{"@type":"WebSite","@id":"https:\/\/www.amatimmobiliaris.com\/w\/#website","url":"https:\/\/www.amatimmobiliaris.com\/w\/","name":"Amat Immobiliaris","description":"Empresa familiar del sector inmobiliario con oficinas en Barcelona, Sant Cugat del Vall\u00e9s y Sant Just Desvern. Te ayudamos a comprar, alquilar o vender tu casa o piso. Somos un equipo coherente con una cultura de empresa honesta, innovadora y eficaz. Tambi\u00e9n en www.amatluxury.com","publisher":{"@id":"https:\/\/www.amatimmobiliaris.com\/w\/#organization"},"alternateName":"AmatImmo","potentialAction":[{"@type":"SearchAction","target":{"@type":"EntryPoint","urlTemplate":"https:\/\/www.amatimmobiliaris.com\/w\/?s={search_term_string}"},"query-input":{"@type":"PropertyValueSpecification","valueRequired":true,"valueName":"search_term_string"}}],"inLanguage":"es"},{"@type":"Organization","@id":"https:\/\/www.amatimmobiliaris.com\/w\/#organization","name":"Amat Immobiliaris","url":"https:\/\/www.amatimmobiliaris.com\/w\/","logo":{"@type":"ImageObject","inLanguage":"es","@id":"https:\/\/www.amatimmobiliaris.com\/w\/#\/schema\/logo\/image\/","url":"https:\/\/www.amatimmobiliaris.com\/w\/wp-content\/uploads\/2022\/10\/amat-logo.jpg","contentUrl":"https:\/\/www.amatimmobiliaris.com\/w\/wp-content\/uploads\/2022\/10\/amat-logo.jpg","width":900,"height":900,"caption":"Amat Immobiliaris"},"image":{"@id":"https:\/\/www.amatimmobiliaris.com\/w\/#\/schema\/logo\/image\/"},"sameAs":["https:\/\/www.facebook.com\/amatimmobiliaris","https:\/\/x.com\/amat_cat","https:\/\/www.instagram.com\/amat_immo\/","https:\/\/www.linkedin.com\/company\/amat-finques\/","https:\/\/www.youtube.com\/@amatimmobiliaris"]},{"@type":"Person","@id":"https:\/\/www.amatimmobiliaris.com\/w\/#\/schema\/person\/c880da71d1e156e7ea6774ffb445e034","name":"Amat Immobiliaris","sameAs":["http:\/\/amat-inmo-wp.localhost"]}]}},"_links":{"self":[{"href":"https:\/\/www.amatimmobiliaris.com\/w\/wp-json\/wp\/v2\/posts\/1796"}],"collection":[{"href":"https:\/\/www.amatimmobiliaris.com\/w\/wp-json\/wp\/v2\/posts"}],"about":[{"href":"https:\/\/www.amatimmobiliaris.com\/w\/wp-json\/wp\/v2\/types\/post"}],"author":[{"embeddable":true,"href":"https:\/\/www.amatimmobiliaris.com\/w\/wp-json\/wp\/v2\/users\/1"}],"replies":[{"embeddable":true,"href":"https:\/\/www.amatimmobiliaris.com\/w\/wp-json\/wp\/v2\/comments?post=1796"}],"version-history":[{"count":3,"href":"https:\/\/www.amatimmobiliaris.com\/w\/wp-json\/wp\/v2\/posts\/1796\/revisions"}],"predecessor-version":[{"id":21334,"href":"https:\/\/www.amatimmobiliaris.com\/w\/wp-json\/wp\/v2\/posts\/1796\/revisions\/21334"}],"wp:featuredmedia":[{"embeddable":true,"href":"https:\/\/www.amatimmobiliaris.com\/w\/wp-json\/wp\/v2\/media\/1797"}],"wp:attachment":[{"href":"https:\/\/www.amatimmobiliaris.com\/w\/wp-json\/wp\/v2\/media?parent=1796"}],"wp:term":[{"taxonomy":"category","embeddable":true,"href":"https:\/\/www.amatimmobiliaris.com\/w\/wp-json\/wp\/v2\/categories?post=1796"},{"taxonomy":"post_tag","embeddable":true,"href":"https:\/\/www.amatimmobiliaris.com\/w\/wp-json\/wp\/v2\/tags?post=1796"}],"curies":[{"name":"wp","href":"https:\/\/api.w.org\/{rel}","templated":true}]}}