{"id":1770,"date":"2015-09-01T11:57:05","date_gmt":"2015-09-01T11:57:05","guid":{"rendered":"https:\/\/amat-inmo-wp.localhost\/2017\/01\/23\/nova-llei-de-propietat-horitzontal-primeres-reaccions\/"},"modified":"2023-05-11T08:25:22","modified_gmt":"2023-05-11T08:25:22","slug":"nueva-ley-de-propiedad-horizontal-primeras-reacciones","status":"publish","type":"post","link":"https:\/\/www.amatimmobiliaris.com\/w\/2015\/09\/nueva-ley-de-propiedad-horizontal-primeras-reacciones\/","title":{"rendered":"Nueva Ley de Propiedad Horizontal: Primeras reacciones"},"content":{"rendered":"<p style=\"text-align: justify;\">Amat Immobiliaris, siguiendo su tradici\u00f3n de informar a los clientes de todo aquello que signifiquen novedades que les puedan afectar, <strong>organiz\u00f3 3 sesiones informativas por presidentes de comunidades <\/strong>de vecinos. La primera de ellas tuvo lugar en nuestras oficinas de Barcelona, \u200b\u200bm\u00e1s tarde en Sant Just y, por \u00faltimo, en el Caf\u00e9-Auditori de Sant Cugat del Vall\u00e9s.<\/p>\n<p style=\"text-align: justify;\">La presentaci\u00f3n la hicieron los dos jefes de Comunidades de Amat Inmobiliarios, Marta Arroyo y Artur Brunet, que hicieron una s\u00edntesis de todo lo m\u00e1s significativo y lo que cambia de forma sustancial entre la antigua y la <strong><a href=\"https:\/\/portaljuridic.gencat.cat\/ca\/inici\/\" target=\"_blank\" rel=\"noopener\">nueva ley catalana de Propiedad Horizontal<\/a>.<\/strong><\/p>\n<p style=\"text-align: justify;\">Lo que fue m\u00e1s importante fue el debate posterior, pues los presidentes, la mayor\u00eda personas muy activas e implicadas en la buena marcha de su comunidad, llevaban una bater\u00eda de dudas y preguntas que ayudaron a enriquecer los actos.<\/p>\n<p style=\"text-align: justify;\">Los puntos m\u00e1s discutidos y que trajeron m\u00e1s pol\u00e9mica fueron, en especial, el <strong>nuevo sistema de votaciones<\/strong> y, sobre todo, lo que significar\u00eda el abstenci\u00f3n y el voto de los no asistentes, los <strong>acuerdos de formaci\u00f3n sucesiva<\/strong> tanto de 4\/5 partes como de unanimidad y la <strong>importancia de la redacci\u00f3n del acta<\/strong> y su anexo en caso de ser necesario. Tambi\u00e9n se puso sobre la mesa nuestro criterio sobre el tema de los <strong>intereses de demora<\/strong> y c\u00f3mo tratar los puntos de recarga de veh\u00edculos.<\/p>\n<p style=\"text-align: justify;\">Nuestros administradores, mi hermana Inmaculada y yo, as\u00ed como todos los presidentes, pudimos brindar con una copa de cava por el comienzo de vacaciones y por la buena marcha de las comunidades .<\/p>\n<p style=\"text-align: justify;\">Desde aqu\u00ed les damos las gracias a todos por hacerlo posible.<\/p>\n<p style=\"text-align: right;\"><strong>Joana Amat<\/strong><\/p>\n<p style=\"text-align: right;\"><strong>Direcci\u00f3n<\/strong><\/p>\n","protected":false},"excerpt":{"rendered":"<p>Amat Immobiliaris, siguiendo su tradici\u00f3n de informar a los clientes de todo aquello que signifiquen novedades que les puedan afectar, organiz\u00f3 3 sesiones informativas por presidentes de comunidades de vecinos. La primera de ellas tuvo lugar en nuestras oficinas de Barcelona, \u200b\u200bm\u00e1s tarde en Sant Just y, por \u00faltimo, en el Caf\u00e9-Auditori de Sant Cugat [&hellip;]<\/p>\n","protected":false},"author":1,"featured_media":0,"comment_status":"closed","ping_status":"closed","sticky":false,"template":"","format":"standard","meta":{"content-type":"","footnotes":""},"categories":[746],"tags":[571,1779,945,1082,1808],"yoast_head":"<!-- This site is optimized with the Yoast SEO plugin v23.9 - https:\/\/yoast.com\/wordpress\/plugins\/seo\/ -->\n<title>Nueva Ley de Propiedad Horizontal: Primeras reacciones | Amat Immobiliaris<\/title>\n<meta name=\"robots\" content=\"index, follow, max-snippet:-1, max-image-preview:large, max-video-preview:-1\" \/>\n<link rel=\"canonical\" href=\"https:\/\/www.amatimmobiliaris.com\/w\/2015\/09\/nueva-ley-de-propiedad-horizontal-primeras-reacciones\/\" \/>\n<meta property=\"og:locale\" content=\"es_ES\" \/>\n<meta property=\"og:type\" content=\"article\" \/>\n<meta property=\"og:title\" content=\"Nueva Ley de Propiedad Horizontal: Primeras reacciones | Amat Immobiliaris\" \/>\n<meta property=\"og:description\" content=\"Amat Immobiliaris, siguiendo su tradici\u00f3n de informar a los clientes de todo aquello que signifiquen novedades que les puedan afectar, organiz\u00f3 3 sesiones informativas por presidentes de comunidades de vecinos. La primera de ellas tuvo lugar en nuestras oficinas de Barcelona, \u200b\u200bm\u00e1s tarde en Sant Just y, por \u00faltimo, en el Caf\u00e9-Auditori de Sant Cugat [&hellip;]\" \/>\n<meta property=\"og:url\" content=\"https:\/\/www.amatimmobiliaris.com\/w\/2015\/09\/nueva-ley-de-propiedad-horizontal-primeras-reacciones\/\" \/>\n<meta property=\"og:site_name\" content=\"Amat Immobiliaris\" \/>\n<meta property=\"article:publisher\" content=\"https:\/\/www.facebook.com\/amatimmobiliaris\" \/>\n<meta property=\"article:published_time\" content=\"2015-09-01T11:57:05+00:00\" \/>\n<meta property=\"article:modified_time\" content=\"2023-05-11T08:25:22+00:00\" \/>\n<meta property=\"og:image\" content=\"https:\/\/www.amatimmobiliaris.com\/w\/wp-content\/uploads\/2022\/01\/2014-Saga-familiar-Amat-dw-1-1024x683.jpg\" \/>\n\t<meta property=\"og:image:width\" content=\"1024\" \/>\n\t<meta property=\"og:image:height\" content=\"683\" \/>\n\t<meta property=\"og:image:type\" content=\"image\/jpeg\" \/>\n<meta name=\"author\" content=\"Amat Immobiliaris\" \/>\n<meta name=\"twitter:card\" content=\"summary_large_image\" \/>\n<meta name=\"twitter:creator\" content=\"@amat_cat\" \/>\n<meta name=\"twitter:site\" content=\"@amat_cat\" \/>\n<meta name=\"twitter:label1\" content=\"Escrito por\" \/>\n\t<meta name=\"twitter:data1\" content=\"Amat Immobiliaris\" \/>\n\t<meta name=\"twitter:label2\" content=\"Tiempo de lectura\" \/>\n\t<meta name=\"twitter:data2\" content=\"2 minutos\" \/>\n<script type=\"application\/ld+json\" class=\"yoast-schema-graph\">{\"@context\":\"https:\/\/schema.org\",\"@graph\":[{\"@type\":\"Article\",\"@id\":\"https:\/\/www.amatimmobiliaris.com\/w\/2015\/09\/nueva-ley-de-propiedad-horizontal-primeras-reacciones\/#article\",\"isPartOf\":{\"@id\":\"https:\/\/www.amatimmobiliaris.com\/w\/2015\/09\/nueva-ley-de-propiedad-horizontal-primeras-reacciones\/\"},\"author\":{\"name\":\"Amat Immobiliaris\",\"@id\":\"https:\/\/www.amatimmobiliaris.com\/w\/#\/schema\/person\/c880da71d1e156e7ea6774ffb445e034\"},\"headline\":\"Nueva Ley de Propiedad Horizontal: Primeras reacciones\",\"datePublished\":\"2015-09-01T11:57:05+00:00\",\"dateModified\":\"2023-05-11T08:25:22+00:00\",\"mainEntityOfPage\":{\"@id\":\"https:\/\/www.amatimmobiliaris.com\/w\/2015\/09\/nueva-ley-de-propiedad-horizontal-primeras-reacciones\/\"},\"wordCount\":297,\"publisher\":{\"@id\":\"https:\/\/www.amatimmobiliaris.com\/w\/#organization\"},\"keywords\":[\"Ley\",\"Ley de Propiedad\",\"Propiedad\",\"Propietario\",\"Reflexiones\"],\"articleSection\":[\"Reflexiones\"],\"inLanguage\":\"es\"},{\"@type\":\"WebPage\",\"@id\":\"https:\/\/www.amatimmobiliaris.com\/w\/2015\/09\/nueva-ley-de-propiedad-horizontal-primeras-reacciones\/\",\"url\":\"https:\/\/www.amatimmobiliaris.com\/w\/2015\/09\/nueva-ley-de-propiedad-horizontal-primeras-reacciones\/\",\"name\":\"Nueva Ley de Propiedad Horizontal: Primeras reacciones | Amat Immobiliaris\",\"isPartOf\":{\"@id\":\"https:\/\/www.amatimmobiliaris.com\/w\/#website\"},\"datePublished\":\"2015-09-01T11:57:05+00:00\",\"dateModified\":\"2023-05-11T08:25:22+00:00\",\"breadcrumb\":{\"@id\":\"https:\/\/www.amatimmobiliaris.com\/w\/2015\/09\/nueva-ley-de-propiedad-horizontal-primeras-reacciones\/#breadcrumb\"},\"inLanguage\":\"es\",\"potentialAction\":[{\"@type\":\"ReadAction\",\"target\":[\"https:\/\/www.amatimmobiliaris.com\/w\/2015\/09\/nueva-ley-de-propiedad-horizontal-primeras-reacciones\/\"]}]},{\"@type\":\"BreadcrumbList\",\"@id\":\"https:\/\/www.amatimmobiliaris.com\/w\/2015\/09\/nueva-ley-de-propiedad-horizontal-primeras-reacciones\/#breadcrumb\",\"itemListElement\":[{\"@type\":\"ListItem\",\"position\":1,\"name\":\"Home\",\"item\":\"https:\/\/www.amatimmobiliaris.com\/w\/\"},{\"@type\":\"ListItem\",\"position\":2,\"name\":\"El mundo Amat\",\"item\":\"https:\/\/www.amatimmobiliaris.com\/w\/category\/el-mundo-amat\/\"},{\"@type\":\"ListItem\",\"position\":3,\"name\":\"Reflexiones\",\"item\":\"https:\/\/www.amatimmobiliaris.com\/w\/category\/el-mundo-amat\/reflexiones\/\"},{\"@type\":\"ListItem\",\"position\":4,\"name\":\"Nueva Ley de Propiedad Horizontal: Primeras reacciones\"}]},{\"@type\":\"WebSite\",\"@id\":\"https:\/\/www.amatimmobiliaris.com\/w\/#website\",\"url\":\"https:\/\/www.amatimmobiliaris.com\/w\/\",\"name\":\"Amat Immobiliaris\",\"description\":\"Empresa familiar del sector inmobiliario con oficinas en Barcelona, Sant Cugat del Vall\u00e9s y Sant Just Desvern. Te ayudamos a comprar, alquilar o vender tu casa o piso. Somos un equipo coherente con una cultura de empresa honesta, innovadora y eficaz. Tambi\u00e9n en www.amatluxury.com\",\"publisher\":{\"@id\":\"https:\/\/www.amatimmobiliaris.com\/w\/#organization\"},\"alternateName\":\"AmatImmo\",\"potentialAction\":[{\"@type\":\"SearchAction\",\"target\":{\"@type\":\"EntryPoint\",\"urlTemplate\":\"https:\/\/www.amatimmobiliaris.com\/w\/?s={search_term_string}\"},\"query-input\":{\"@type\":\"PropertyValueSpecification\",\"valueRequired\":true,\"valueName\":\"search_term_string\"}}],\"inLanguage\":\"es\"},{\"@type\":\"Organization\",\"@id\":\"https:\/\/www.amatimmobiliaris.com\/w\/#organization\",\"name\":\"Amat Immobiliaris\",\"url\":\"https:\/\/www.amatimmobiliaris.com\/w\/\",\"logo\":{\"@type\":\"ImageObject\",\"inLanguage\":\"es\",\"@id\":\"https:\/\/www.amatimmobiliaris.com\/w\/#\/schema\/logo\/image\/\",\"url\":\"https:\/\/www.amatimmobiliaris.com\/w\/wp-content\/uploads\/2022\/10\/amat-logo.jpg\",\"contentUrl\":\"https:\/\/www.amatimmobiliaris.com\/w\/wp-content\/uploads\/2022\/10\/amat-logo.jpg\",\"width\":900,\"height\":900,\"caption\":\"Amat Immobiliaris\"},\"image\":{\"@id\":\"https:\/\/www.amatimmobiliaris.com\/w\/#\/schema\/logo\/image\/\"},\"sameAs\":[\"https:\/\/www.facebook.com\/amatimmobiliaris\",\"https:\/\/x.com\/amat_cat\",\"https:\/\/www.instagram.com\/amat_immo\/\",\"https:\/\/www.linkedin.com\/company\/amat-finques\/\",\"https:\/\/www.youtube.com\/@amatimmobiliaris\"]},{\"@type\":\"Person\",\"@id\":\"https:\/\/www.amatimmobiliaris.com\/w\/#\/schema\/person\/c880da71d1e156e7ea6774ffb445e034\",\"name\":\"Amat Immobiliaris\",\"sameAs\":[\"http:\/\/amat-inmo-wp.localhost\"]}]}<\/script>\n<!-- \/ Yoast SEO plugin. -->","yoast_head_json":{"title":"Nueva Ley de Propiedad Horizontal: Primeras reacciones | Amat Immobiliaris","robots":{"index":"index","follow":"follow","max-snippet":"max-snippet:-1","max-image-preview":"max-image-preview:large","max-video-preview":"max-video-preview:-1"},"canonical":"https:\/\/www.amatimmobiliaris.com\/w\/2015\/09\/nueva-ley-de-propiedad-horizontal-primeras-reacciones\/","og_locale":"es_ES","og_type":"article","og_title":"Nueva Ley de Propiedad Horizontal: Primeras reacciones | Amat Immobiliaris","og_description":"Amat Immobiliaris, siguiendo su tradici\u00f3n de informar a los clientes de todo aquello que signifiquen novedades que les puedan afectar, organiz\u00f3 3 sesiones informativas por presidentes de comunidades de vecinos. La primera de ellas tuvo lugar en nuestras oficinas de Barcelona, \u200b\u200bm\u00e1s tarde en Sant Just y, por \u00faltimo, en el Caf\u00e9-Auditori de Sant Cugat [&hellip;]","og_url":"https:\/\/www.amatimmobiliaris.com\/w\/2015\/09\/nueva-ley-de-propiedad-horizontal-primeras-reacciones\/","og_site_name":"Amat Immobiliaris","article_publisher":"https:\/\/www.facebook.com\/amatimmobiliaris","article_published_time":"2015-09-01T11:57:05+00:00","article_modified_time":"2023-05-11T08:25:22+00:00","og_image":[{"width":1024,"height":683,"url":"https:\/\/www.amatimmobiliaris.com\/w\/wp-content\/uploads\/2022\/01\/2014-Saga-familiar-Amat-dw-1-1024x683.jpg","type":"image\/jpeg"}],"author":"Amat Immobiliaris","twitter_card":"summary_large_image","twitter_creator":"@amat_cat","twitter_site":"@amat_cat","twitter_misc":{"Escrito por":"Amat Immobiliaris","Tiempo de lectura":"2 minutos"},"schema":{"@context":"https:\/\/schema.org","@graph":[{"@type":"Article","@id":"https:\/\/www.amatimmobiliaris.com\/w\/2015\/09\/nueva-ley-de-propiedad-horizontal-primeras-reacciones\/#article","isPartOf":{"@id":"https:\/\/www.amatimmobiliaris.com\/w\/2015\/09\/nueva-ley-de-propiedad-horizontal-primeras-reacciones\/"},"author":{"name":"Amat Immobiliaris","@id":"https:\/\/www.amatimmobiliaris.com\/w\/#\/schema\/person\/c880da71d1e156e7ea6774ffb445e034"},"headline":"Nueva Ley de Propiedad Horizontal: Primeras reacciones","datePublished":"2015-09-01T11:57:05+00:00","dateModified":"2023-05-11T08:25:22+00:00","mainEntityOfPage":{"@id":"https:\/\/www.amatimmobiliaris.com\/w\/2015\/09\/nueva-ley-de-propiedad-horizontal-primeras-reacciones\/"},"wordCount":297,"publisher":{"@id":"https:\/\/www.amatimmobiliaris.com\/w\/#organization"},"keywords":["Ley","Ley de Propiedad","Propiedad","Propietario","Reflexiones"],"articleSection":["Reflexiones"],"inLanguage":"es"},{"@type":"WebPage","@id":"https:\/\/www.amatimmobiliaris.com\/w\/2015\/09\/nueva-ley-de-propiedad-horizontal-primeras-reacciones\/","url":"https:\/\/www.amatimmobiliaris.com\/w\/2015\/09\/nueva-ley-de-propiedad-horizontal-primeras-reacciones\/","name":"Nueva Ley de Propiedad Horizontal: Primeras reacciones | Amat Immobiliaris","isPartOf":{"@id":"https:\/\/www.amatimmobiliaris.com\/w\/#website"},"datePublished":"2015-09-01T11:57:05+00:00","dateModified":"2023-05-11T08:25:22+00:00","breadcrumb":{"@id":"https:\/\/www.amatimmobiliaris.com\/w\/2015\/09\/nueva-ley-de-propiedad-horizontal-primeras-reacciones\/#breadcrumb"},"inLanguage":"es","potentialAction":[{"@type":"ReadAction","target":["https:\/\/www.amatimmobiliaris.com\/w\/2015\/09\/nueva-ley-de-propiedad-horizontal-primeras-reacciones\/"]}]},{"@type":"BreadcrumbList","@id":"https:\/\/www.amatimmobiliaris.com\/w\/2015\/09\/nueva-ley-de-propiedad-horizontal-primeras-reacciones\/#breadcrumb","itemListElement":[{"@type":"ListItem","position":1,"name":"Home","item":"https:\/\/www.amatimmobiliaris.com\/w\/"},{"@type":"ListItem","position":2,"name":"El mundo Amat","item":"https:\/\/www.amatimmobiliaris.com\/w\/category\/el-mundo-amat\/"},{"@type":"ListItem","position":3,"name":"Reflexiones","item":"https:\/\/www.amatimmobiliaris.com\/w\/category\/el-mundo-amat\/reflexiones\/"},{"@type":"ListItem","position":4,"name":"Nueva Ley de Propiedad Horizontal: Primeras reacciones"}]},{"@type":"WebSite","@id":"https:\/\/www.amatimmobiliaris.com\/w\/#website","url":"https:\/\/www.amatimmobiliaris.com\/w\/","name":"Amat Immobiliaris","description":"Empresa familiar del sector inmobiliario con oficinas en Barcelona, Sant Cugat del Vall\u00e9s y Sant Just Desvern. Te ayudamos a comprar, alquilar o vender tu casa o piso. Somos un equipo coherente con una cultura de empresa honesta, innovadora y eficaz. Tambi\u00e9n en www.amatluxury.com","publisher":{"@id":"https:\/\/www.amatimmobiliaris.com\/w\/#organization"},"alternateName":"AmatImmo","potentialAction":[{"@type":"SearchAction","target":{"@type":"EntryPoint","urlTemplate":"https:\/\/www.amatimmobiliaris.com\/w\/?s={search_term_string}"},"query-input":{"@type":"PropertyValueSpecification","valueRequired":true,"valueName":"search_term_string"}}],"inLanguage":"es"},{"@type":"Organization","@id":"https:\/\/www.amatimmobiliaris.com\/w\/#organization","name":"Amat Immobiliaris","url":"https:\/\/www.amatimmobiliaris.com\/w\/","logo":{"@type":"ImageObject","inLanguage":"es","@id":"https:\/\/www.amatimmobiliaris.com\/w\/#\/schema\/logo\/image\/","url":"https:\/\/www.amatimmobiliaris.com\/w\/wp-content\/uploads\/2022\/10\/amat-logo.jpg","contentUrl":"https:\/\/www.amatimmobiliaris.com\/w\/wp-content\/uploads\/2022\/10\/amat-logo.jpg","width":900,"height":900,"caption":"Amat Immobiliaris"},"image":{"@id":"https:\/\/www.amatimmobiliaris.com\/w\/#\/schema\/logo\/image\/"},"sameAs":["https:\/\/www.facebook.com\/amatimmobiliaris","https:\/\/x.com\/amat_cat","https:\/\/www.instagram.com\/amat_immo\/","https:\/\/www.linkedin.com\/company\/amat-finques\/","https:\/\/www.youtube.com\/@amatimmobiliaris"]},{"@type":"Person","@id":"https:\/\/www.amatimmobiliaris.com\/w\/#\/schema\/person\/c880da71d1e156e7ea6774ffb445e034","name":"Amat Immobiliaris","sameAs":["http:\/\/amat-inmo-wp.localhost"]}]}},"_links":{"self":[{"href":"https:\/\/www.amatimmobiliaris.com\/w\/wp-json\/wp\/v2\/posts\/1770"}],"collection":[{"href":"https:\/\/www.amatimmobiliaris.com\/w\/wp-json\/wp\/v2\/posts"}],"about":[{"href":"https:\/\/www.amatimmobiliaris.com\/w\/wp-json\/wp\/v2\/types\/post"}],"author":[{"embeddable":true,"href":"https:\/\/www.amatimmobiliaris.com\/w\/wp-json\/wp\/v2\/users\/1"}],"replies":[{"embeddable":true,"href":"https:\/\/www.amatimmobiliaris.com\/w\/wp-json\/wp\/v2\/comments?post=1770"}],"version-history":[{"count":4,"href":"https:\/\/www.amatimmobiliaris.com\/w\/wp-json\/wp\/v2\/posts\/1770\/revisions"}],"predecessor-version":[{"id":25481,"href":"https:\/\/www.amatimmobiliaris.com\/w\/wp-json\/wp\/v2\/posts\/1770\/revisions\/25481"}],"wp:attachment":[{"href":"https:\/\/www.amatimmobiliaris.com\/w\/wp-json\/wp\/v2\/media?parent=1770"}],"wp:term":[{"taxonomy":"category","embeddable":true,"href":"https:\/\/www.amatimmobiliaris.com\/w\/wp-json\/wp\/v2\/categories?post=1770"},{"taxonomy":"post_tag","embeddable":true,"href":"https:\/\/www.amatimmobiliaris.com\/w\/wp-json\/wp\/v2\/tags?post=1770"}],"curies":[{"name":"wp","href":"https:\/\/api.w.org\/{rel}","templated":true}]}}