{"id":1704,"date":"2016-01-20T11:42:07","date_gmt":"2016-01-20T11:42:07","guid":{"rendered":"https:\/\/amat-inmo-wp.localhost\/2017\/01\/23\/10e-simposium-anual-mercat-immobiliari-internacional-luxe\/"},"modified":"2023-05-18T15:41:20","modified_gmt":"2023-05-18T15:41:20","slug":"10o-simposio-anual-sobre-el-mercado-inmobiliario-internacional-de-lujo","status":"publish","type":"post","link":"https:\/\/www.amatimmobiliaris.com\/w\/2016\/01\/10o-simposio-anual-sobre-el-mercado-inmobiliario-internacional-de-lujo\/","title":{"rendered":"10\u00ba Simposio anual sobre el mercado inmobiliario internacional de lujo"},"content":{"rendered":"<p>Ayer 19 de enero y hasta ma\u00f1ana jueves, tiene lugar en Munich, Alemania, el <span style=\"color: #ff0000;\"><a style=\"color: #ff0000;\" href=\"https:\/\/www.facebook.com\/events\/1520467231603574\/\" class=\"broken_link\" rel=\"nofollow\"> 10th Annual Luxury Real Estate International Symposium<\/a><\/span>, donde<span style=\"color: #ff0000;\"> <a style=\"color: #ff0000;\" href=\"https:\/\/amatluxury.com\/es\" target=\"_blank\" rel=\"noopener\">Amat Luxury<\/a> <\/span>ser\u00e1 presiente junto con agentes inmobiliarios de hasta 10 pa\u00edses diferentes.<\/p>\n<p>Nuestra marca de alto standing estar\u00e1 representada por Guifr\u00e9 Homedes, director de nuestra oficina en Barcelona e international manager, que <strong>ofrecer\u00e1 la conferencia \u201cChanging Sales Strategy\u201d.<\/strong><\/p>\n<p>Durante los tres d\u00edas que durar\u00e1 el simposium se tratar\u00e1n temas tan diversos como estrategias de marketing, los nuevos mercados o las repercusiones en el mercado inmobiliario de los diversos factores pol\u00edticos mundiales.<\/p>\n<p><span style=\"color: #ff0000;\"><a style=\"color: #ff0000;\" href=\"https:\/\/www.facebook.com\/media\/set\/?set=a.1095263920517891.1073741860.274033052640986&amp;type=3\" class=\"broken_link\" rel=\"nofollow\">Aqu\u00ed<\/a><\/span> encontrar\u00e1 algunas im\u00e1genes de la jornada.<\/p>\n<p>&nbsp;<\/p>\n","protected":false},"excerpt":{"rendered":"<p>Ayer 19 de enero y hasta ma\u00f1ana jueves, tiene lugar en Munich, Alemania, el 10th Annual Luxury Real Estate International Symposium, donde Amat Luxury ser\u00e1 presiente junto con agentes inmobiliarios de hasta 10 pa\u00edses diferentes. Nuestra marca de alto standing estar\u00e1 representada por Guifr\u00e9 Homedes, director de nuestra oficina en Barcelona e international manager, que [&hellip;]<\/p>\n","protected":false},"author":1,"featured_media":0,"comment_status":"closed","ping_status":"closed","sticky":false,"template":"","format":"standard","meta":{"content-type":"","footnotes":""},"categories":[742,889,865],"tags":[1761,1749,1679,1754,1502,991,974,1809],"yoast_head":"<!-- This site is optimized with the Yoast SEO plugin v23.9 - https:\/\/yoast.com\/wordpress\/plugins\/seo\/ -->\n<title>10\u00ba Simposio anual sobre el mercado inmobiliario internacional de lujo | Amat Immobiliaris<\/title>\n<meta name=\"description\" content=\"Ayer 19 de enero y hasta ma\u00f1ana jueves, tiene lugar en Munich, Alemania, el 10\u00ba Simposio Internacional de Lujo. \u00a1Te lo contamos!\" \/>\n<meta name=\"robots\" content=\"index, follow, max-snippet:-1, max-image-preview:large, max-video-preview:-1\" \/>\n<link rel=\"canonical\" href=\"https:\/\/www.amatimmobiliaris.com\/w\/2016\/01\/10o-simposio-anual-sobre-el-mercado-inmobiliario-internacional-de-lujo\/\" \/>\n<meta property=\"og:locale\" content=\"es_ES\" \/>\n<meta property=\"og:type\" content=\"article\" \/>\n<meta property=\"og:title\" content=\"10\u00ba Simposio anual sobre el mercado inmobiliario internacional de lujo | Amat Immobiliaris\" \/>\n<meta property=\"og:description\" content=\"Ayer 19 de enero y hasta ma\u00f1ana jueves, tiene lugar en Munich, Alemania, el 10\u00ba Simposio Internacional de Lujo. \u00a1Te lo contamos!\" \/>\n<meta property=\"og:url\" content=\"https:\/\/www.amatimmobiliaris.com\/w\/2016\/01\/10o-simposio-anual-sobre-el-mercado-inmobiliario-internacional-de-lujo\/\" \/>\n<meta property=\"og:site_name\" content=\"Amat Immobiliaris\" \/>\n<meta property=\"article:publisher\" content=\"https:\/\/www.facebook.com\/amatimmobiliaris\" \/>\n<meta property=\"article:published_time\" content=\"2016-01-20T11:42:07+00:00\" \/>\n<meta property=\"article:modified_time\" content=\"2023-05-18T15:41:20+00:00\" \/>\n<meta property=\"og:image\" content=\"https:\/\/www.amatimmobiliaris.com\/w\/wp-content\/uploads\/2022\/01\/2014-Saga-familiar-Amat-dw-1-1024x683.jpg\" \/>\n\t<meta property=\"og:image:width\" content=\"1024\" \/>\n\t<meta property=\"og:image:height\" content=\"683\" \/>\n\t<meta property=\"og:image:type\" content=\"image\/jpeg\" \/>\n<meta name=\"author\" content=\"Amat Immobiliaris\" \/>\n<meta name=\"twitter:card\" content=\"summary_large_image\" \/>\n<meta name=\"twitter:creator\" content=\"@amat_cat\" \/>\n<meta name=\"twitter:site\" content=\"@amat_cat\" \/>\n<meta name=\"twitter:label1\" content=\"Escrito por\" \/>\n\t<meta name=\"twitter:data1\" content=\"Amat Immobiliaris\" \/>\n\t<meta name=\"twitter:label2\" content=\"Tiempo de lectura\" \/>\n\t<meta name=\"twitter:data2\" content=\"1 minuto\" \/>\n<script type=\"application\/ld+json\" class=\"yoast-schema-graph\">{\"@context\":\"https:\/\/schema.org\",\"@graph\":[{\"@type\":\"Article\",\"@id\":\"https:\/\/www.amatimmobiliaris.com\/w\/2016\/01\/10o-simposio-anual-sobre-el-mercado-inmobiliario-internacional-de-lujo\/#article\",\"isPartOf\":{\"@id\":\"https:\/\/www.amatimmobiliaris.com\/w\/2016\/01\/10o-simposio-anual-sobre-el-mercado-inmobiliario-internacional-de-lujo\/\"},\"author\":{\"name\":\"Amat Immobiliaris\",\"@id\":\"https:\/\/www.amatimmobiliaris.com\/w\/#\/schema\/person\/c880da71d1e156e7ea6774ffb445e034\"},\"headline\":\"10\u00ba Simposio anual sobre el mercado inmobiliario internacional de lujo\",\"datePublished\":\"2016-01-20T11:42:07+00:00\",\"dateModified\":\"2023-05-18T15:41:20+00:00\",\"mainEntityOfPage\":{\"@id\":\"https:\/\/www.amatimmobiliaris.com\/w\/2016\/01\/10o-simposio-anual-sobre-el-mercado-inmobiliario-internacional-de-lujo\/\"},\"wordCount\":115,\"publisher\":{\"@id\":\"https:\/\/www.amatimmobiliaris.com\/w\/#organization\"},\"keywords\":[\"Amat Luxury\",\"Conferencia\",\"Evento\",\"Guifre Homedes\",\"Internacional\",\"Lujo\",\"Mercado inmobiliario\",\"Sector inmobiliario\"],\"articleSection\":[\"Eventos\",\"Noticias\",\"Sector Inmobiliario\"],\"inLanguage\":\"es\"},{\"@type\":\"WebPage\",\"@id\":\"https:\/\/www.amatimmobiliaris.com\/w\/2016\/01\/10o-simposio-anual-sobre-el-mercado-inmobiliario-internacional-de-lujo\/\",\"url\":\"https:\/\/www.amatimmobiliaris.com\/w\/2016\/01\/10o-simposio-anual-sobre-el-mercado-inmobiliario-internacional-de-lujo\/\",\"name\":\"10\u00ba Simposio anual sobre el mercado inmobiliario internacional de lujo | Amat Immobiliaris\",\"isPartOf\":{\"@id\":\"https:\/\/www.amatimmobiliaris.com\/w\/#website\"},\"datePublished\":\"2016-01-20T11:42:07+00:00\",\"dateModified\":\"2023-05-18T15:41:20+00:00\",\"description\":\"Ayer 19 de enero y hasta ma\u00f1ana jueves, tiene lugar en Munich, Alemania, el 10\u00ba Simposio Internacional de Lujo. \u00a1Te lo contamos!\",\"breadcrumb\":{\"@id\":\"https:\/\/www.amatimmobiliaris.com\/w\/2016\/01\/10o-simposio-anual-sobre-el-mercado-inmobiliario-internacional-de-lujo\/#breadcrumb\"},\"inLanguage\":\"es\",\"potentialAction\":[{\"@type\":\"ReadAction\",\"target\":[\"https:\/\/www.amatimmobiliaris.com\/w\/2016\/01\/10o-simposio-anual-sobre-el-mercado-inmobiliario-internacional-de-lujo\/\"]}]},{\"@type\":\"BreadcrumbList\",\"@id\":\"https:\/\/www.amatimmobiliaris.com\/w\/2016\/01\/10o-simposio-anual-sobre-el-mercado-inmobiliario-internacional-de-lujo\/#breadcrumb\",\"itemListElement\":[{\"@type\":\"ListItem\",\"position\":1,\"name\":\"Home\",\"item\":\"https:\/\/www.amatimmobiliaris.com\/w\/\"},{\"@type\":\"ListItem\",\"position\":2,\"name\":\"Eventos\",\"item\":\"https:\/\/www.amatimmobiliaris.com\/w\/category\/eventos\/\"},{\"@type\":\"ListItem\",\"position\":3,\"name\":\"10\u00ba Simposio anual sobre el mercado inmobiliario internacional de lujo\"}]},{\"@type\":\"WebSite\",\"@id\":\"https:\/\/www.amatimmobiliaris.com\/w\/#website\",\"url\":\"https:\/\/www.amatimmobiliaris.com\/w\/\",\"name\":\"Amat Immobiliaris\",\"description\":\"Empresa familiar del sector inmobiliario con oficinas en Barcelona, Sant Cugat del Vall\u00e9s y Sant Just Desvern. Te ayudamos a comprar, alquilar o vender tu casa o piso. Somos un equipo coherente con una cultura de empresa honesta, innovadora y eficaz. Tambi\u00e9n en www.amatluxury.com\",\"publisher\":{\"@id\":\"https:\/\/www.amatimmobiliaris.com\/w\/#organization\"},\"alternateName\":\"AmatImmo\",\"potentialAction\":[{\"@type\":\"SearchAction\",\"target\":{\"@type\":\"EntryPoint\",\"urlTemplate\":\"https:\/\/www.amatimmobiliaris.com\/w\/?s={search_term_string}\"},\"query-input\":{\"@type\":\"PropertyValueSpecification\",\"valueRequired\":true,\"valueName\":\"search_term_string\"}}],\"inLanguage\":\"es\"},{\"@type\":\"Organization\",\"@id\":\"https:\/\/www.amatimmobiliaris.com\/w\/#organization\",\"name\":\"Amat Immobiliaris\",\"url\":\"https:\/\/www.amatimmobiliaris.com\/w\/\",\"logo\":{\"@type\":\"ImageObject\",\"inLanguage\":\"es\",\"@id\":\"https:\/\/www.amatimmobiliaris.com\/w\/#\/schema\/logo\/image\/\",\"url\":\"https:\/\/www.amatimmobiliaris.com\/w\/wp-content\/uploads\/2022\/10\/amat-logo.jpg\",\"contentUrl\":\"https:\/\/www.amatimmobiliaris.com\/w\/wp-content\/uploads\/2022\/10\/amat-logo.jpg\",\"width\":900,\"height\":900,\"caption\":\"Amat Immobiliaris\"},\"image\":{\"@id\":\"https:\/\/www.amatimmobiliaris.com\/w\/#\/schema\/logo\/image\/\"},\"sameAs\":[\"https:\/\/www.facebook.com\/amatimmobiliaris\",\"https:\/\/x.com\/amat_cat\",\"https:\/\/www.instagram.com\/amat_immo\/\",\"https:\/\/www.linkedin.com\/company\/amat-finques\/\",\"https:\/\/www.youtube.com\/@amatimmobiliaris\"]},{\"@type\":\"Person\",\"@id\":\"https:\/\/www.amatimmobiliaris.com\/w\/#\/schema\/person\/c880da71d1e156e7ea6774ffb445e034\",\"name\":\"Amat Immobiliaris\",\"sameAs\":[\"http:\/\/amat-inmo-wp.localhost\"]}]}<\/script>\n<!-- \/ Yoast SEO plugin. -->","yoast_head_json":{"title":"10\u00ba Simposio anual sobre el mercado inmobiliario internacional de lujo | Amat Immobiliaris","description":"Ayer 19 de enero y hasta ma\u00f1ana jueves, tiene lugar en Munich, Alemania, el 10\u00ba Simposio Internacional de Lujo. \u00a1Te lo contamos!","robots":{"index":"index","follow":"follow","max-snippet":"max-snippet:-1","max-image-preview":"max-image-preview:large","max-video-preview":"max-video-preview:-1"},"canonical":"https:\/\/www.amatimmobiliaris.com\/w\/2016\/01\/10o-simposio-anual-sobre-el-mercado-inmobiliario-internacional-de-lujo\/","og_locale":"es_ES","og_type":"article","og_title":"10\u00ba Simposio anual sobre el mercado inmobiliario internacional de lujo | Amat Immobiliaris","og_description":"Ayer 19 de enero y hasta ma\u00f1ana jueves, tiene lugar en Munich, Alemania, el 10\u00ba Simposio Internacional de Lujo. \u00a1Te lo contamos!","og_url":"https:\/\/www.amatimmobiliaris.com\/w\/2016\/01\/10o-simposio-anual-sobre-el-mercado-inmobiliario-internacional-de-lujo\/","og_site_name":"Amat Immobiliaris","article_publisher":"https:\/\/www.facebook.com\/amatimmobiliaris","article_published_time":"2016-01-20T11:42:07+00:00","article_modified_time":"2023-05-18T15:41:20+00:00","og_image":[{"width":1024,"height":683,"url":"https:\/\/www.amatimmobiliaris.com\/w\/wp-content\/uploads\/2022\/01\/2014-Saga-familiar-Amat-dw-1-1024x683.jpg","type":"image\/jpeg"}],"author":"Amat Immobiliaris","twitter_card":"summary_large_image","twitter_creator":"@amat_cat","twitter_site":"@amat_cat","twitter_misc":{"Escrito por":"Amat Immobiliaris","Tiempo de lectura":"1 minuto"},"schema":{"@context":"https:\/\/schema.org","@graph":[{"@type":"Article","@id":"https:\/\/www.amatimmobiliaris.com\/w\/2016\/01\/10o-simposio-anual-sobre-el-mercado-inmobiliario-internacional-de-lujo\/#article","isPartOf":{"@id":"https:\/\/www.amatimmobiliaris.com\/w\/2016\/01\/10o-simposio-anual-sobre-el-mercado-inmobiliario-internacional-de-lujo\/"},"author":{"name":"Amat Immobiliaris","@id":"https:\/\/www.amatimmobiliaris.com\/w\/#\/schema\/person\/c880da71d1e156e7ea6774ffb445e034"},"headline":"10\u00ba Simposio anual sobre el mercado inmobiliario internacional de lujo","datePublished":"2016-01-20T11:42:07+00:00","dateModified":"2023-05-18T15:41:20+00:00","mainEntityOfPage":{"@id":"https:\/\/www.amatimmobiliaris.com\/w\/2016\/01\/10o-simposio-anual-sobre-el-mercado-inmobiliario-internacional-de-lujo\/"},"wordCount":115,"publisher":{"@id":"https:\/\/www.amatimmobiliaris.com\/w\/#organization"},"keywords":["Amat Luxury","Conferencia","Evento","Guifre Homedes","Internacional","Lujo","Mercado inmobiliario","Sector inmobiliario"],"articleSection":["Eventos","Noticias","Sector Inmobiliario"],"inLanguage":"es"},{"@type":"WebPage","@id":"https:\/\/www.amatimmobiliaris.com\/w\/2016\/01\/10o-simposio-anual-sobre-el-mercado-inmobiliario-internacional-de-lujo\/","url":"https:\/\/www.amatimmobiliaris.com\/w\/2016\/01\/10o-simposio-anual-sobre-el-mercado-inmobiliario-internacional-de-lujo\/","name":"10\u00ba Simposio anual sobre el mercado inmobiliario internacional de lujo | Amat Immobiliaris","isPartOf":{"@id":"https:\/\/www.amatimmobiliaris.com\/w\/#website"},"datePublished":"2016-01-20T11:42:07+00:00","dateModified":"2023-05-18T15:41:20+00:00","description":"Ayer 19 de enero y hasta ma\u00f1ana jueves, tiene lugar en Munich, Alemania, el 10\u00ba Simposio Internacional de Lujo. \u00a1Te lo contamos!","breadcrumb":{"@id":"https:\/\/www.amatimmobiliaris.com\/w\/2016\/01\/10o-simposio-anual-sobre-el-mercado-inmobiliario-internacional-de-lujo\/#breadcrumb"},"inLanguage":"es","potentialAction":[{"@type":"ReadAction","target":["https:\/\/www.amatimmobiliaris.com\/w\/2016\/01\/10o-simposio-anual-sobre-el-mercado-inmobiliario-internacional-de-lujo\/"]}]},{"@type":"BreadcrumbList","@id":"https:\/\/www.amatimmobiliaris.com\/w\/2016\/01\/10o-simposio-anual-sobre-el-mercado-inmobiliario-internacional-de-lujo\/#breadcrumb","itemListElement":[{"@type":"ListItem","position":1,"name":"Home","item":"https:\/\/www.amatimmobiliaris.com\/w\/"},{"@type":"ListItem","position":2,"name":"Eventos","item":"https:\/\/www.amatimmobiliaris.com\/w\/category\/eventos\/"},{"@type":"ListItem","position":3,"name":"10\u00ba Simposio anual sobre el mercado inmobiliario internacional de lujo"}]},{"@type":"WebSite","@id":"https:\/\/www.amatimmobiliaris.com\/w\/#website","url":"https:\/\/www.amatimmobiliaris.com\/w\/","name":"Amat Immobiliaris","description":"Empresa familiar del sector inmobiliario con oficinas en Barcelona, Sant Cugat del Vall\u00e9s y Sant Just Desvern. Te ayudamos a comprar, alquilar o vender tu casa o piso. Somos un equipo coherente con una cultura de empresa honesta, innovadora y eficaz. Tambi\u00e9n en www.amatluxury.com","publisher":{"@id":"https:\/\/www.amatimmobiliaris.com\/w\/#organization"},"alternateName":"AmatImmo","potentialAction":[{"@type":"SearchAction","target":{"@type":"EntryPoint","urlTemplate":"https:\/\/www.amatimmobiliaris.com\/w\/?s={search_term_string}"},"query-input":{"@type":"PropertyValueSpecification","valueRequired":true,"valueName":"search_term_string"}}],"inLanguage":"es"},{"@type":"Organization","@id":"https:\/\/www.amatimmobiliaris.com\/w\/#organization","name":"Amat Immobiliaris","url":"https:\/\/www.amatimmobiliaris.com\/w\/","logo":{"@type":"ImageObject","inLanguage":"es","@id":"https:\/\/www.amatimmobiliaris.com\/w\/#\/schema\/logo\/image\/","url":"https:\/\/www.amatimmobiliaris.com\/w\/wp-content\/uploads\/2022\/10\/amat-logo.jpg","contentUrl":"https:\/\/www.amatimmobiliaris.com\/w\/wp-content\/uploads\/2022\/10\/amat-logo.jpg","width":900,"height":900,"caption":"Amat Immobiliaris"},"image":{"@id":"https:\/\/www.amatimmobiliaris.com\/w\/#\/schema\/logo\/image\/"},"sameAs":["https:\/\/www.facebook.com\/amatimmobiliaris","https:\/\/x.com\/amat_cat","https:\/\/www.instagram.com\/amat_immo\/","https:\/\/www.linkedin.com\/company\/amat-finques\/","https:\/\/www.youtube.com\/@amatimmobiliaris"]},{"@type":"Person","@id":"https:\/\/www.amatimmobiliaris.com\/w\/#\/schema\/person\/c880da71d1e156e7ea6774ffb445e034","name":"Amat Immobiliaris","sameAs":["http:\/\/amat-inmo-wp.localhost"]}]}},"_links":{"self":[{"href":"https:\/\/www.amatimmobiliaris.com\/w\/wp-json\/wp\/v2\/posts\/1704"}],"collection":[{"href":"https:\/\/www.amatimmobiliaris.com\/w\/wp-json\/wp\/v2\/posts"}],"about":[{"href":"https:\/\/www.amatimmobiliaris.com\/w\/wp-json\/wp\/v2\/types\/post"}],"author":[{"embeddable":true,"href":"https:\/\/www.amatimmobiliaris.com\/w\/wp-json\/wp\/v2\/users\/1"}],"replies":[{"embeddable":true,"href":"https:\/\/www.amatimmobiliaris.com\/w\/wp-json\/wp\/v2\/comments?post=1704"}],"version-history":[{"count":3,"href":"https:\/\/www.amatimmobiliaris.com\/w\/wp-json\/wp\/v2\/posts\/1704\/revisions"}],"predecessor-version":[{"id":25586,"href":"https:\/\/www.amatimmobiliaris.com\/w\/wp-json\/wp\/v2\/posts\/1704\/revisions\/25586"}],"wp:attachment":[{"href":"https:\/\/www.amatimmobiliaris.com\/w\/wp-json\/wp\/v2\/media?parent=1704"}],"wp:term":[{"taxonomy":"category","embeddable":true,"href":"https:\/\/www.amatimmobiliaris.com\/w\/wp-json\/wp\/v2\/categories?post=1704"},{"taxonomy":"post_tag","embeddable":true,"href":"https:\/\/www.amatimmobiliaris.com\/w\/wp-json\/wp\/v2\/tags?post=1704"}],"curies":[{"name":"wp","href":"https:\/\/api.w.org\/{rel}","templated":true}]}}