{"id":16235,"date":"2021-05-28T10:09:09","date_gmt":"2021-05-28T10:09:09","guid":{"rendered":"http:\/\/amat-inmo-wp.localhost\/2021\/05\/28\/placas-solares-naves-industriales-sale-cuenta\/"},"modified":"2024-09-13T11:23:34","modified_gmt":"2024-09-13T11:23:34","slug":"placas-solares-naves-industriales-sale-cuenta","status":"publish","type":"post","link":"https:\/\/www.amatimmobiliaris.com\/w\/2021\/05\/placas-solares-naves-industriales-sale-cuenta\/","title":{"rendered":"Placas solares en naves industriales, \u00bfsale a cuenta?"},"content":{"rendered":"<p>Ya hemos hablado antes sobre las <strong>placas solares <\/strong>y de si sale a cuenta o no en <span style=\"color: #0000ff;\"><a style=\"color: #0000ff;\" href=\"https:\/\/www.amatimmobiliaris.com\/w\/2021\/03\/nos-sale-cuenta-instalar-placas-solares\/\" target=\"_blank\" rel=\"noopener\">comunidades de propietarios<\/a><\/span>, \u00bfpero en el caso de querer hacer una instalaci\u00f3n en una <strong>nave industrial<\/strong> ser\u00eda lo mismo o los criterios cambian?<\/p>\n<figure id=\"attachment_21574\" aria-describedby=\"caption-attachment-21574\" style=\"width: 200px\" class=\"wp-caption alignleft\"><img loading=\"lazy\" decoding=\"async\" class=\"size-medium wp-image-21574\" src=\"https:\/\/www.amatimmobiliaris.com\/w\/wp-content\/uploads\/2022\/01\/photo-by-henry-co.-3-scaled.jpg\" alt=\"Photo by Henry &amp; Co.\" width=\"200\" height=\"300\" \/><figcaption id=\"caption-attachment-21574\" class=\"wp-caption-text\">Photo by Henry &amp; Co.<\/figcaption><\/figure>\n<p>A d\u00eda de hoy <strong>s\u00ed sale a cuenta instalar un sistema de generaci\u00f3n de energ\u00eda a trav\u00e9s de las placas solares<\/strong>, el criterio es casi el mismo que en los bloques de pisos. Durante las horas centrales del d\u00eda, que es cuando m\u00e1s energ\u00eda se produce, es cuando las naves industriales est\u00e1n en funcionamiento y acostumbran a tener m\u00e1s trabajo. Por tanto, tienen un alto porcentaje de <strong>autoconsumo<\/strong>, ya que la <strong>energ\u00eda que est\u00e1n generando es la que est\u00e1n utilizando<\/strong> en ese momento, casi no se vierte a la red el\u00e9ctrica, y no est\u00e1n utilizando energ\u00eda procedente de la red. Este hecho vendr\u00e1 plasmado en la factura de la luz con un precio a pagar mucho m\u00e1s bajo. As\u00ed que en el caso de las naves industriales el <strong>ahorro<\/strong> que supone viene por parte del autoconsumo y no por verter energ\u00eda a la red el\u00e9ctrica como pasa mayoritariamente en las viviendas.<\/p>\n<p>Existen <strong>dos tipos de instalaciones<\/strong> de placas solares que se pueden instalar, aunque puede que las dos no sean adecuadas para naves industriales.<\/p>\n<ul>\n<li>Instalaci\u00f3n <strong>aislada de la red el\u00e9ctrica<\/strong>. M\u00e1s recomendada para hogares y peque\u00f1as empresas con bajo consumo. En este caso se necesitar\u00edan grandes cantidades de energ\u00eda fotovoltaica para conseguir un autoconsumo eficaz para grandes empresas.<\/li>\n<li>Instalaci\u00f3n <strong>conectada con la red el\u00e9ctrica<\/strong>. Es una instalaci\u00f3n m\u00e1s pensada para edificios o empresas que tienen une levado consumo de energ\u00eda. Este es del que disponen la mayor\u00eda de empresas.<\/li>\n<\/ul>\n<p>Los <strong>puntos positivos<\/strong> de poner placas solares en naves industriales tambi\u00e9n son importantes:<\/p>\n<ul>\n<li><strong>Retorno de la inversi\u00f3n:<\/strong> aunque puede suponer un coste elevado en el momento de hacer la instalaci\u00f3n, ser\u00e1 una inversi\u00f3n a largo plazo. Adem\u00e1s, hoy en d\u00eda, hay <span style=\"color: #0000ff;\"><a style=\"color: #0000ff;\" href=\"https:\/\/www.amatimmobiliaris.com\/w\/2021\/02\/438-me-ayudas-del-fondo-europeo-la-rehabilitacion-energetica-edificios-cataluna\/\" target=\"_blank\" rel=\"noopener\">subvenciones<\/a><\/span> para instalar placas solares.<\/li>\n<li><strong>Cuida el medio ambiente:<\/strong> es una forma de reducir la contaminaci\u00f3n evitando las emisiones de CO<sub>2<\/sub> y de di\u00f3xido de azufre.<\/li>\n<li><strong>Competitividad:<\/strong> gracias al bajo coste que tiene la energ\u00eda solar comparado con la energ\u00eda el\u00e9ctrica tradicional puede hacer que la empresa reduzca el predio del producto o aumentar el beneficio. Es decir, se puede <strong>producir con la misma eficiencia y calidad un producto a un coste inferior<\/strong>.<\/li>\n<\/ul>\n<p>Pero la pregunta que nos surge es si sale a cuenta <strong>instalar bater\u00edas<\/strong> para almacenar la energ\u00eda sobrante y consumirla en momentos en que no se produce energ\u00eda a trav\u00e9s de los paneles solares. En el caso de las <span style=\"color: #0000ff;\"><a style=\"color: #0000ff;\" href=\"https:\/\/www.amatimmobiliaris.com\/w\/2021\/03\/instalar-placas-solares-vivimos-una-comunidad-vecinos\/\" target=\"_blank\" rel=\"noopener\">comunidades de propietarios<\/a><\/span>, ya comentamos, que a d\u00eda de hoy las bater\u00edas son <strong>muy caras y no compensa<\/strong> por los a\u00f1os que estas duran, y en el caso de las naves industriales pasa lo mismo. Son caras y, seguramente, almacenar\u00eda muy poca energ\u00eda porque la que se genera se est\u00e1 utilizando en el momento.<\/p>\n<figure id=\"attachment_21573\" aria-describedby=\"caption-attachment-21573\" style=\"width: 300px\" class=\"wp-caption alignright\"><img loading=\"lazy\" decoding=\"async\" class=\"size-medium wp-image-21573\" src=\"https:\/\/www.amatimmobiliaris.com\/w\/wp-content\/uploads\/2022\/01\/photo-by-nuno-marques-3-300x203.jpg\" alt=\"Photo by Nuno Marques\" width=\"300\" height=\"203\" \/><figcaption id=\"caption-attachment-21573\" class=\"wp-caption-text\">Photo by Nuno Marques<\/figcaption><\/figure>\n<p>Pero para las naves industriales a\u00fan es m\u00e1s necesario realizar un <strong>estudio de cada caso concreto<\/strong> y hacer un proyecto donde quede plasmado el consumo de energ\u00eda para poder adaptar la generaci\u00f3n a las necesidades concretas. Se hacen los proyectos a medida dependiendo de la generaci\u00f3n de energ\u00eda, la ubicaci\u00f3n, la orientaci\u00f3n y la inclinaci\u00f3n, as\u00ed como de la radiaci\u00f3n solar disponible y si hay o no elementos de sombra. El objetivo es que las instalaciones generen el m\u00e1ximo autoconsumo y rendimiento posibles desde el primer d\u00eda y durante sus 25 a\u00f1os de vida \u00fatil. Una instalaci\u00f3n fotovoltaica bien estudiada y adaptada tiene un <strong>muy buen retorno de la inversi\u00f3n<\/strong>.<\/p>\n<p>Desde Amat os\u00a0<span style=\"color: #0000ff;\"><a style=\"color: #0000ff;\" href=\"mailto:nadia.massague@amatimmo.cat?subject=Asunto\">podemos ayudar<\/a><\/span> a estudiar la mejor opci\u00f3n para cada caso, adaptando el proyecto a sus necesidades y condicionantes buscando, en caso de ser necesario, el financiamiento m\u00e1s adecuando incluso combinando con otros m\u00e9todos como las cubiertas verdes.<\/p>\n<p>Preg\u00fantenos sin ning\u00fan compromiso.<\/p>\n","protected":false},"excerpt":{"rendered":"<p>Ya hemos hablado antes sobre las placas solares y de si sale a cuenta o no en comunidades de propietarios, \u00bfpero en el caso de querer hacer una instalaci\u00f3n en una nave industrial ser\u00eda lo mismo o los criterios cambian? A d\u00eda de hoy s\u00ed sale a cuenta instalar un sistema de generaci\u00f3n de energ\u00eda [&hellip;]<\/p>\n","protected":false},"author":1,"featured_media":16236,"comment_status":"closed","ping_status":"closed","sticky":false,"template":"","format":"standard","meta":{"content-type":"","footnotes":""},"categories":[879,1166],"tags":[1818,1109,1796,1056,1001,1787,971,1783,1025,1002,1003,996,1658,1659,1652,1771],"yoast_head":"<!-- This site is optimized with the Yoast SEO plugin v23.9 - https:\/\/yoast.com\/wordpress\/plugins\/seo\/ -->\n<title>Placas solares en naves industriales, \u00bfsale a cuenta? | Amat Immobiliaris<\/title>\n<meta name=\"description\" content=\"Descubre c\u00f3mo las placas solares en naves industriales pueden reducir costos y aumentar la eficiencia energ\u00e9tica. \u00a1Ahorra y cuida el medio ambiente!\" \/>\n<meta name=\"robots\" content=\"index, follow, max-snippet:-1, max-image-preview:large, max-video-preview:-1\" \/>\n<link rel=\"canonical\" href=\"https:\/\/www.amatimmobiliaris.com\/w\/2021\/05\/placas-solares-naves-industriales-sale-cuenta\/\" \/>\n<meta property=\"og:locale\" content=\"es_ES\" \/>\n<meta property=\"og:type\" content=\"article\" \/>\n<meta property=\"og:title\" content=\"Placas solares en naves industriales, \u00bfsale a cuenta? | Amat Immobiliaris\" \/>\n<meta property=\"og:description\" content=\"Descubre c\u00f3mo las placas solares en naves industriales pueden reducir costos y aumentar la eficiencia energ\u00e9tica. \u00a1Ahorra y cuida el medio ambiente!\" \/>\n<meta property=\"og:url\" content=\"https:\/\/www.amatimmobiliaris.com\/w\/2021\/05\/placas-solares-naves-industriales-sale-cuenta\/\" \/>\n<meta property=\"og:site_name\" content=\"Amat Immobiliaris\" \/>\n<meta property=\"article:publisher\" content=\"https:\/\/www.facebook.com\/amatimmobiliaris\" \/>\n<meta property=\"article:published_time\" content=\"2021-05-28T10:09:09+00:00\" \/>\n<meta property=\"article:modified_time\" content=\"2024-09-13T11:23:34+00:00\" \/>\n<meta property=\"og:image\" content=\"https:\/\/www.amatimmobiliaris.com\/w\/wp-content\/uploads\/2022\/01\/photo-by-henry-co.-3-scaled.jpg\" \/>\n\t<meta property=\"og:image:width\" content=\"1707\" \/>\n\t<meta property=\"og:image:height\" content=\"2560\" \/>\n\t<meta property=\"og:image:type\" content=\"image\/jpeg\" \/>\n<meta name=\"author\" content=\"Amat Immobiliaris\" \/>\n<meta name=\"twitter:card\" content=\"summary_large_image\" \/>\n<meta name=\"twitter:creator\" content=\"@amat_cat\" \/>\n<meta name=\"twitter:site\" content=\"@amat_cat\" \/>\n<meta name=\"twitter:label1\" content=\"Escrito por\" \/>\n\t<meta name=\"twitter:data1\" content=\"Amat Immobiliaris\" \/>\n\t<meta name=\"twitter:label2\" content=\"Tiempo de lectura\" \/>\n\t<meta name=\"twitter:data2\" content=\"4 minutos\" \/>\n<script type=\"application\/ld+json\" class=\"yoast-schema-graph\">{\"@context\":\"https:\/\/schema.org\",\"@graph\":[{\"@type\":\"Article\",\"@id\":\"https:\/\/www.amatimmobiliaris.com\/w\/2021\/05\/placas-solares-naves-industriales-sale-cuenta\/#article\",\"isPartOf\":{\"@id\":\"https:\/\/www.amatimmobiliaris.com\/w\/2021\/05\/placas-solares-naves-industriales-sale-cuenta\/\"},\"author\":{\"name\":\"Amat Immobiliaris\",\"@id\":\"https:\/\/www.amatimmobiliaris.com\/w\/#\/schema\/person\/c880da71d1e156e7ea6774ffb445e034\"},\"headline\":\"Placas solares en naves industriales, \u00bfsale a cuenta?\",\"datePublished\":\"2021-05-28T10:09:09+00:00\",\"dateModified\":\"2024-09-13T11:23:34+00:00\",\"mainEntityOfPage\":{\"@id\":\"https:\/\/www.amatimmobiliaris.com\/w\/2021\/05\/placas-solares-naves-industriales-sale-cuenta\/\"},\"wordCount\":742,\"publisher\":{\"@id\":\"https:\/\/www.amatimmobiliaris.com\/w\/#organization\"},\"image\":{\"@id\":\"https:\/\/www.amatimmobiliaris.com\/w\/2021\/05\/placas-solares-naves-industriales-sale-cuenta\/#primaryimage\"},\"thumbnailUrl\":\"https:\/\/www.amatimmobiliaris.com\/w\/wp-content\/uploads\/2022\/01\/photo-by-henry-co.-3-scaled.jpg\",\"keywords\":[\"Ahorro\",\"Amatzonia\",\"Consumo\",\"Eficiencia energ\u00e9tica\",\"Energ\u00eda renovable\",\"Energ\u00eda solar\",\"Luz\",\"Nadia Massagu\u00e9 Amat\",\"Naves industriales\",\"Paneles fotovoltaicos\",\"placas solares\",\"Rehabilitaci\u00f3n\",\"Renovar\",\"Sol\",\"Sostenibilidad\",\"Sostenible\"],\"articleSection\":[\"Arquitectura y decoraci\u00f3n\",\"Eficiencia energ\u00e9tica\"],\"inLanguage\":\"es\"},{\"@type\":\"WebPage\",\"@id\":\"https:\/\/www.amatimmobiliaris.com\/w\/2021\/05\/placas-solares-naves-industriales-sale-cuenta\/\",\"url\":\"https:\/\/www.amatimmobiliaris.com\/w\/2021\/05\/placas-solares-naves-industriales-sale-cuenta\/\",\"name\":\"Placas solares en naves industriales, \u00bfsale a cuenta? | Amat Immobiliaris\",\"isPartOf\":{\"@id\":\"https:\/\/www.amatimmobiliaris.com\/w\/#website\"},\"primaryImageOfPage\":{\"@id\":\"https:\/\/www.amatimmobiliaris.com\/w\/2021\/05\/placas-solares-naves-industriales-sale-cuenta\/#primaryimage\"},\"image\":{\"@id\":\"https:\/\/www.amatimmobiliaris.com\/w\/2021\/05\/placas-solares-naves-industriales-sale-cuenta\/#primaryimage\"},\"thumbnailUrl\":\"https:\/\/www.amatimmobiliaris.com\/w\/wp-content\/uploads\/2022\/01\/photo-by-henry-co.-3-scaled.jpg\",\"datePublished\":\"2021-05-28T10:09:09+00:00\",\"dateModified\":\"2024-09-13T11:23:34+00:00\",\"description\":\"Descubre c\u00f3mo las placas solares en naves industriales pueden reducir costos y aumentar la eficiencia energ\u00e9tica. \u00a1Ahorra y cuida el medio ambiente!\",\"breadcrumb\":{\"@id\":\"https:\/\/www.amatimmobiliaris.com\/w\/2021\/05\/placas-solares-naves-industriales-sale-cuenta\/#breadcrumb\"},\"inLanguage\":\"es\",\"potentialAction\":[{\"@type\":\"ReadAction\",\"target\":[\"https:\/\/www.amatimmobiliaris.com\/w\/2021\/05\/placas-solares-naves-industriales-sale-cuenta\/\"]}]},{\"@type\":\"ImageObject\",\"inLanguage\":\"es\",\"@id\":\"https:\/\/www.amatimmobiliaris.com\/w\/2021\/05\/placas-solares-naves-industriales-sale-cuenta\/#primaryimage\",\"url\":\"https:\/\/www.amatimmobiliaris.com\/w\/wp-content\/uploads\/2022\/01\/photo-by-henry-co.-3-scaled.jpg\",\"contentUrl\":\"https:\/\/www.amatimmobiliaris.com\/w\/wp-content\/uploads\/2022\/01\/photo-by-henry-co.-3-scaled.jpg\",\"width\":1707,\"height\":2560,\"caption\":\"Placas solares en naves industriales, \u00bfsale a cuenta?\"},{\"@type\":\"BreadcrumbList\",\"@id\":\"https:\/\/www.amatimmobiliaris.com\/w\/2021\/05\/placas-solares-naves-industriales-sale-cuenta\/#breadcrumb\",\"itemListElement\":[{\"@type\":\"ListItem\",\"position\":1,\"name\":\"Home\",\"item\":\"https:\/\/www.amatimmobiliaris.com\/w\/\"},{\"@type\":\"ListItem\",\"position\":2,\"name\":\"Arquitectura y decoraci\u00f3n\",\"item\":\"https:\/\/www.amatimmobiliaris.com\/w\/category\/arquitectura-y-decoracion\/\"},{\"@type\":\"ListItem\",\"position\":3,\"name\":\"Placas solares en naves industriales, \u00bfsale a cuenta?\"}]},{\"@type\":\"WebSite\",\"@id\":\"https:\/\/www.amatimmobiliaris.com\/w\/#website\",\"url\":\"https:\/\/www.amatimmobiliaris.com\/w\/\",\"name\":\"Amat Immobiliaris\",\"description\":\"Empresa familiar del sector inmobiliario con oficinas en Barcelona, Sant Cugat del Vall\u00e9s y Sant Just Desvern. Te ayudamos a comprar, alquilar o vender tu casa o piso. Somos un equipo coherente con una cultura de empresa honesta, innovadora y eficaz. Tambi\u00e9n en www.amatluxury.com\",\"publisher\":{\"@id\":\"https:\/\/www.amatimmobiliaris.com\/w\/#organization\"},\"alternateName\":\"AmatImmo\",\"potentialAction\":[{\"@type\":\"SearchAction\",\"target\":{\"@type\":\"EntryPoint\",\"urlTemplate\":\"https:\/\/www.amatimmobiliaris.com\/w\/?s={search_term_string}\"},\"query-input\":{\"@type\":\"PropertyValueSpecification\",\"valueRequired\":true,\"valueName\":\"search_term_string\"}}],\"inLanguage\":\"es\"},{\"@type\":\"Organization\",\"@id\":\"https:\/\/www.amatimmobiliaris.com\/w\/#organization\",\"name\":\"Amat Immobiliaris\",\"url\":\"https:\/\/www.amatimmobiliaris.com\/w\/\",\"logo\":{\"@type\":\"ImageObject\",\"inLanguage\":\"es\",\"@id\":\"https:\/\/www.amatimmobiliaris.com\/w\/#\/schema\/logo\/image\/\",\"url\":\"https:\/\/www.amatimmobiliaris.com\/w\/wp-content\/uploads\/2022\/10\/amat-logo.jpg\",\"contentUrl\":\"https:\/\/www.amatimmobiliaris.com\/w\/wp-content\/uploads\/2022\/10\/amat-logo.jpg\",\"width\":900,\"height\":900,\"caption\":\"Amat Immobiliaris\"},\"image\":{\"@id\":\"https:\/\/www.amatimmobiliaris.com\/w\/#\/schema\/logo\/image\/\"},\"sameAs\":[\"https:\/\/www.facebook.com\/amatimmobiliaris\",\"https:\/\/x.com\/amat_cat\",\"https:\/\/www.instagram.com\/amat_immo\/\",\"https:\/\/www.linkedin.com\/company\/amat-finques\/\",\"https:\/\/www.youtube.com\/@amatimmobiliaris\"]},{\"@type\":\"Person\",\"@id\":\"https:\/\/www.amatimmobiliaris.com\/w\/#\/schema\/person\/c880da71d1e156e7ea6774ffb445e034\",\"name\":\"Amat Immobiliaris\",\"sameAs\":[\"http:\/\/amat-inmo-wp.localhost\"]}]}<\/script>\n<!-- \/ Yoast SEO plugin. -->","yoast_head_json":{"title":"Placas solares en naves industriales, \u00bfsale a cuenta? | Amat Immobiliaris","description":"Descubre c\u00f3mo las placas solares en naves industriales pueden reducir costos y aumentar la eficiencia energ\u00e9tica. \u00a1Ahorra y cuida el medio ambiente!","robots":{"index":"index","follow":"follow","max-snippet":"max-snippet:-1","max-image-preview":"max-image-preview:large","max-video-preview":"max-video-preview:-1"},"canonical":"https:\/\/www.amatimmobiliaris.com\/w\/2021\/05\/placas-solares-naves-industriales-sale-cuenta\/","og_locale":"es_ES","og_type":"article","og_title":"Placas solares en naves industriales, \u00bfsale a cuenta? | Amat Immobiliaris","og_description":"Descubre c\u00f3mo las placas solares en naves industriales pueden reducir costos y aumentar la eficiencia energ\u00e9tica. \u00a1Ahorra y cuida el medio ambiente!","og_url":"https:\/\/www.amatimmobiliaris.com\/w\/2021\/05\/placas-solares-naves-industriales-sale-cuenta\/","og_site_name":"Amat Immobiliaris","article_publisher":"https:\/\/www.facebook.com\/amatimmobiliaris","article_published_time":"2021-05-28T10:09:09+00:00","article_modified_time":"2024-09-13T11:23:34+00:00","og_image":[{"width":1707,"height":2560,"url":"https:\/\/www.amatimmobiliaris.com\/w\/wp-content\/uploads\/2022\/01\/photo-by-henry-co.-3-scaled.jpg","type":"image\/jpeg"}],"author":"Amat Immobiliaris","twitter_card":"summary_large_image","twitter_creator":"@amat_cat","twitter_site":"@amat_cat","twitter_misc":{"Escrito por":"Amat Immobiliaris","Tiempo de lectura":"4 minutos"},"schema":{"@context":"https:\/\/schema.org","@graph":[{"@type":"Article","@id":"https:\/\/www.amatimmobiliaris.com\/w\/2021\/05\/placas-solares-naves-industriales-sale-cuenta\/#article","isPartOf":{"@id":"https:\/\/www.amatimmobiliaris.com\/w\/2021\/05\/placas-solares-naves-industriales-sale-cuenta\/"},"author":{"name":"Amat Immobiliaris","@id":"https:\/\/www.amatimmobiliaris.com\/w\/#\/schema\/person\/c880da71d1e156e7ea6774ffb445e034"},"headline":"Placas solares en naves industriales, \u00bfsale a cuenta?","datePublished":"2021-05-28T10:09:09+00:00","dateModified":"2024-09-13T11:23:34+00:00","mainEntityOfPage":{"@id":"https:\/\/www.amatimmobiliaris.com\/w\/2021\/05\/placas-solares-naves-industriales-sale-cuenta\/"},"wordCount":742,"publisher":{"@id":"https:\/\/www.amatimmobiliaris.com\/w\/#organization"},"image":{"@id":"https:\/\/www.amatimmobiliaris.com\/w\/2021\/05\/placas-solares-naves-industriales-sale-cuenta\/#primaryimage"},"thumbnailUrl":"https:\/\/www.amatimmobiliaris.com\/w\/wp-content\/uploads\/2022\/01\/photo-by-henry-co.-3-scaled.jpg","keywords":["Ahorro","Amatzonia","Consumo","Eficiencia energ\u00e9tica","Energ\u00eda renovable","Energ\u00eda solar","Luz","Nadia Massagu\u00e9 Amat","Naves industriales","Paneles fotovoltaicos","placas solares","Rehabilitaci\u00f3n","Renovar","Sol","Sostenibilidad","Sostenible"],"articleSection":["Arquitectura y decoraci\u00f3n","Eficiencia energ\u00e9tica"],"inLanguage":"es"},{"@type":"WebPage","@id":"https:\/\/www.amatimmobiliaris.com\/w\/2021\/05\/placas-solares-naves-industriales-sale-cuenta\/","url":"https:\/\/www.amatimmobiliaris.com\/w\/2021\/05\/placas-solares-naves-industriales-sale-cuenta\/","name":"Placas solares en naves industriales, \u00bfsale a cuenta? | Amat Immobiliaris","isPartOf":{"@id":"https:\/\/www.amatimmobiliaris.com\/w\/#website"},"primaryImageOfPage":{"@id":"https:\/\/www.amatimmobiliaris.com\/w\/2021\/05\/placas-solares-naves-industriales-sale-cuenta\/#primaryimage"},"image":{"@id":"https:\/\/www.amatimmobiliaris.com\/w\/2021\/05\/placas-solares-naves-industriales-sale-cuenta\/#primaryimage"},"thumbnailUrl":"https:\/\/www.amatimmobiliaris.com\/w\/wp-content\/uploads\/2022\/01\/photo-by-henry-co.-3-scaled.jpg","datePublished":"2021-05-28T10:09:09+00:00","dateModified":"2024-09-13T11:23:34+00:00","description":"Descubre c\u00f3mo las placas solares en naves industriales pueden reducir costos y aumentar la eficiencia energ\u00e9tica. \u00a1Ahorra y cuida el medio ambiente!","breadcrumb":{"@id":"https:\/\/www.amatimmobiliaris.com\/w\/2021\/05\/placas-solares-naves-industriales-sale-cuenta\/#breadcrumb"},"inLanguage":"es","potentialAction":[{"@type":"ReadAction","target":["https:\/\/www.amatimmobiliaris.com\/w\/2021\/05\/placas-solares-naves-industriales-sale-cuenta\/"]}]},{"@type":"ImageObject","inLanguage":"es","@id":"https:\/\/www.amatimmobiliaris.com\/w\/2021\/05\/placas-solares-naves-industriales-sale-cuenta\/#primaryimage","url":"https:\/\/www.amatimmobiliaris.com\/w\/wp-content\/uploads\/2022\/01\/photo-by-henry-co.-3-scaled.jpg","contentUrl":"https:\/\/www.amatimmobiliaris.com\/w\/wp-content\/uploads\/2022\/01\/photo-by-henry-co.-3-scaled.jpg","width":1707,"height":2560,"caption":"Placas solares en naves industriales, \u00bfsale a cuenta?"},{"@type":"BreadcrumbList","@id":"https:\/\/www.amatimmobiliaris.com\/w\/2021\/05\/placas-solares-naves-industriales-sale-cuenta\/#breadcrumb","itemListElement":[{"@type":"ListItem","position":1,"name":"Home","item":"https:\/\/www.amatimmobiliaris.com\/w\/"},{"@type":"ListItem","position":2,"name":"Arquitectura y decoraci\u00f3n","item":"https:\/\/www.amatimmobiliaris.com\/w\/category\/arquitectura-y-decoracion\/"},{"@type":"ListItem","position":3,"name":"Placas solares en naves industriales, \u00bfsale a cuenta?"}]},{"@type":"WebSite","@id":"https:\/\/www.amatimmobiliaris.com\/w\/#website","url":"https:\/\/www.amatimmobiliaris.com\/w\/","name":"Amat Immobiliaris","description":"Empresa familiar del sector inmobiliario con oficinas en Barcelona, Sant Cugat del Vall\u00e9s y Sant Just Desvern. Te ayudamos a comprar, alquilar o vender tu casa o piso. Somos un equipo coherente con una cultura de empresa honesta, innovadora y eficaz. Tambi\u00e9n en www.amatluxury.com","publisher":{"@id":"https:\/\/www.amatimmobiliaris.com\/w\/#organization"},"alternateName":"AmatImmo","potentialAction":[{"@type":"SearchAction","target":{"@type":"EntryPoint","urlTemplate":"https:\/\/www.amatimmobiliaris.com\/w\/?s={search_term_string}"},"query-input":{"@type":"PropertyValueSpecification","valueRequired":true,"valueName":"search_term_string"}}],"inLanguage":"es"},{"@type":"Organization","@id":"https:\/\/www.amatimmobiliaris.com\/w\/#organization","name":"Amat Immobiliaris","url":"https:\/\/www.amatimmobiliaris.com\/w\/","logo":{"@type":"ImageObject","inLanguage":"es","@id":"https:\/\/www.amatimmobiliaris.com\/w\/#\/schema\/logo\/image\/","url":"https:\/\/www.amatimmobiliaris.com\/w\/wp-content\/uploads\/2022\/10\/amat-logo.jpg","contentUrl":"https:\/\/www.amatimmobiliaris.com\/w\/wp-content\/uploads\/2022\/10\/amat-logo.jpg","width":900,"height":900,"caption":"Amat Immobiliaris"},"image":{"@id":"https:\/\/www.amatimmobiliaris.com\/w\/#\/schema\/logo\/image\/"},"sameAs":["https:\/\/www.facebook.com\/amatimmobiliaris","https:\/\/x.com\/amat_cat","https:\/\/www.instagram.com\/amat_immo\/","https:\/\/www.linkedin.com\/company\/amat-finques\/","https:\/\/www.youtube.com\/@amatimmobiliaris"]},{"@type":"Person","@id":"https:\/\/www.amatimmobiliaris.com\/w\/#\/schema\/person\/c880da71d1e156e7ea6774ffb445e034","name":"Amat Immobiliaris","sameAs":["http:\/\/amat-inmo-wp.localhost"]}]}},"_links":{"self":[{"href":"https:\/\/www.amatimmobiliaris.com\/w\/wp-json\/wp\/v2\/posts\/16235"}],"collection":[{"href":"https:\/\/www.amatimmobiliaris.com\/w\/wp-json\/wp\/v2\/posts"}],"about":[{"href":"https:\/\/www.amatimmobiliaris.com\/w\/wp-json\/wp\/v2\/types\/post"}],"author":[{"embeddable":true,"href":"https:\/\/www.amatimmobiliaris.com\/w\/wp-json\/wp\/v2\/users\/1"}],"replies":[{"embeddable":true,"href":"https:\/\/www.amatimmobiliaris.com\/w\/wp-json\/wp\/v2\/comments?post=16235"}],"version-history":[{"count":5,"href":"https:\/\/www.amatimmobiliaris.com\/w\/wp-json\/wp\/v2\/posts\/16235\/revisions"}],"predecessor-version":[{"id":27152,"href":"https:\/\/www.amatimmobiliaris.com\/w\/wp-json\/wp\/v2\/posts\/16235\/revisions\/27152"}],"wp:featuredmedia":[{"embeddable":true,"href":"https:\/\/www.amatimmobiliaris.com\/w\/wp-json\/wp\/v2\/media\/16236"}],"wp:attachment":[{"href":"https:\/\/www.amatimmobiliaris.com\/w\/wp-json\/wp\/v2\/media?parent=16235"}],"wp:term":[{"taxonomy":"category","embeddable":true,"href":"https:\/\/www.amatimmobiliaris.com\/w\/wp-json\/wp\/v2\/categories?post=16235"},{"taxonomy":"post_tag","embeddable":true,"href":"https:\/\/www.amatimmobiliaris.com\/w\/wp-json\/wp\/v2\/tags?post=16235"}],"curies":[{"name":"wp","href":"https:\/\/api.w.org\/{rel}","templated":true}]}}