{"id":16189,"date":"2021-04-27T15:14:02","date_gmt":"2021-04-27T15:14:02","guid":{"rendered":"http:\/\/amat-inmo-wp.localhost\/2021\/04\/27\/las-cocinas-abiertas-mas-curiosas\/"},"modified":"2023-09-19T11:53:05","modified_gmt":"2023-09-19T11:53:05","slug":"las-cocinas-abiertas-mas-curiosas","status":"publish","type":"post","link":"https:\/\/www.amatimmobiliaris.com\/w\/2021\/04\/las-cocinas-abiertas-mas-curiosas\/","title":{"rendered":"Las cocinas abiertas m\u00e1s curiosas"},"content":{"rendered":"<p>Las <strong>cocinas abiertas<\/strong>, conocidas tambi\u00e9n como cocinas americanas, tiene sus adeptos y sus detractores, y este post est\u00e1 dedicado a todos aquellos a quienes les encantan.<\/p>\n<p>Las <strong>ventajas<\/strong> que tienen son unas cuantas como por ejemplo el hecho de ganar espacio dando <strong>amplitud<\/strong>. Al no tener paredes la estancia parece m\u00e1s grande y esto ayuda mucho a las cocinas peque\u00f1as ayudando, tambi\u00e9n, a una <strong>mayor luminosidad<\/strong> haciendo que el espacio sea m\u00e1s confortable. Como las cocinas abiertas est\u00e1n comunicadas directamente con el espacio del comedor es mucho m\u00e1s r\u00e1pido y sencillo poner la mesa y, por lo tanto, es un espacio para compartir y mantener una conversaci\u00f3n con las personas que no est\u00e9n en la cocina. En el caso de las cocinas peque\u00f1as con poca ventilaci\u00f3n tambi\u00e9n salen ganando ya que normalmente la estancia a la que est\u00e1n abiertas acostumbra a tener una <strong>buena ventilaci\u00f3n<\/strong>. En este punto puede ser que muchos vean una desventaja con los olores de la comida, pero con una buena campana extractora esto queda solucionado.<\/p>\n<p>A continuaci\u00f3n, hemos seleccionado las cocinas abiertas m\u00e1s curiosas que tenemos en nuestros inmuebles en venta.<\/p>\n<p><span style=\"color: #0000ff;\"><em>27316- Gaud\u00ed como vecino<\/em>\u00a0<\/span><\/p>\n<div class=\"ratio ratio-16x9\"><iframe loading=\"lazy\" title=\"AmatLuxury 27316 Gaud\u00ed in your hands\" width=\"800\" height=\"450\" src=\"https:\/\/www.youtube.com\/embed\/DKKIAJ90nYE?feature=oembed\" frameborder=\"0\" allow=\"accelerometer; autoplay; clipboard-write; encrypted-media; gyroscope; picture-in-picture; web-share\" allowfullscreen><\/iframe><\/div>\n<p>Al entrar en este \u00e1tico ya lo hacemos directamente a la cocina abierta que nos separa de la zona de d\u00eda y la de noche. Con un total de <strong>179m<sup>2 <\/sup>reformados<\/strong>, 3 habitaciones, 3 ba\u00f1os y con unas <strong>vistas espectaculares de la Casa Batll\u00f3<\/strong> desde el comedor se transforma en un lugar de ensue\u00f1o para vivir.<\/p>\n<p><span style=\"color: #0000ff;\"><em>28252- Cocina abierta en un piso recientemente reformado<\/em><\/span><\/p>\n<div class=\"ratio ratio-16x9\"><iframe loading=\"lazy\" title=\"AmatLuxury 28252 Beautiful ground floor with great location\" width=\"800\" height=\"450\" src=\"https:\/\/www.youtube.com\/embed\/B8TmTdZkBUI?feature=oembed\" frameborder=\"0\" allow=\"accelerometer; autoplay; clipboard-write; encrypted-media; gyroscope; picture-in-picture; web-share\" allowfullscreen><\/iframe><\/div>\n<p>180m<sup>2<\/sup> en una sola planta con acabados de alta calidad, 3 habitaciones y 2 ba\u00f1os; ubicada en una zona residencial en el centro de Sant Cugat en una finca con <strong>conserje y piscina comunitaria<\/strong>. La amplia cocina office abierta est\u00e1 totalmente equipada con <strong>electrodom\u00e9sticos de alta gama <\/strong>y tiene un dise\u00f1o que se integra con el resto del inmueble.<\/p>\n<p><a href=\"https:\/\/www.amatimmobiliaris.com\/es\/inmuebles-en-venta\"><span style=\"color: #0000ff;\"><em>29061- Luminosidad por todos lados<\/em>\u00a0<\/span><\/a><\/p>\n<div class=\"ratio ratio-16x9\"><iframe loading=\"lazy\" title=\"AmatLuxury 28137 An invitation to a new life\" width=\"800\" height=\"450\" src=\"https:\/\/www.youtube.com\/embed\/pR4EN4PCqbI?feature=oembed\" frameborder=\"0\" allow=\"accelerometer; autoplay; clipboard-write; encrypted-media; gyroscope; picture-in-picture; web-share\" allowfullscreen><\/iframe><\/div>\n<p>En la zona de Can Candeler de Sant Just\u00a0encontramos esta\u00a0espectacular casa <strong>de 547m<sup>2<\/sup> repartidos en 4 plantas<\/strong> en una parcela de 552m<sup>2<\/sup>, 6 habitaciones y 5 ba\u00f1os, jard\u00edn y piscina. Destaca por su elegancia y su luminosidad que tambi\u00e9n se cuela en la <strong>amplia cocina con una isla<\/strong> espectacular, totalmente equipada con elementos de alta gama y con salida al porche del jard\u00edn.<\/p>\n<p><em>26276- Espectacular mas\u00eda reformada<\/em><\/p>\n<p><img loading=\"lazy\" decoding=\"async\" class=\"aligncenter size-large wp-image-21261\" src=\"https:\/\/www.amatimmobiliaris.com\/w\/wp-content\/uploads\/2022\/01\/26276-34-3-1024x683.jpg\" alt=\"\" width=\"1024\" height=\"683\" \/><\/p>\n<p>En Sant Pol de Mar nos encontramos con la Mas\u00eda Can Pi con un total de 10.000m<sup>2<\/sup>. La construcci\u00f3n principal es una <strong>mas\u00eda tradicional catalana de dos plantas<\/strong> reformada conservando el esp\u00edritu tradicional y esto se nota tambi\u00e9n en la zona de la fant\u00e1stica cocina con un techo de 7 metros de alto y con aberturas para dejar entrar la luz natural. Hay un total de 7 habitaciones dobles y 5 ba\u00f1os, <strong>una piscina, un porche, un enorme jard\u00edn<\/strong>, un pozo, un dep\u00f3sito de agua propio y una casita independiente de 100m<sup>2<\/sup>.<\/p>\n<p><span style=\"color: #0000ff;\"><em>28044- Cocina reformada integrada con el comedor\u00a0<\/em><\/span><\/p>\n<div class=\"ratio ratio-16x9\"><iframe loading=\"lazy\" title=\"AmatImmo 28039 , 28044 NUEVO ESTILO DE VIDA JUNTO A FRANCESC MACI\u00c0\" width=\"800\" height=\"450\" src=\"https:\/\/www.youtube.com\/embed\/qACOwgrOEB4?feature=oembed\" frameborder=\"0\" allow=\"accelerometer; autoplay; clipboard-write; encrypted-media; gyroscope; picture-in-picture; web-share\" allowfullscreen><\/iframe><\/div>\n<p><strong>Exclusivo piso reformado <\/strong>de dise\u00f1o vers\u00e1til y funcional en el Eixample Esquerra de Barcelona de 83m<sup>2<\/sup>, 2 habitaciones, 2 ba\u00f1os y 4m<sup>2<\/sup> de vestidor con materiales de alta calidad. La <strong>cocina abierta integrada al sal\u00f3n<\/strong> con una isla forma un espacio di\u00e1fano y agradable perfecto para seguir con el dinamismo del d\u00eda a d\u00eda.<\/p>\n<p><span style=\"color: #0000ff;\"><em>26510- Casa de \u00e9poca rehabilitada\u00a0<\/em><\/span><\/p>\n<div class=\"ratio ratio-16x9\"><iframe loading=\"lazy\" title=\"AmatLuxury 26510 Completely renovated stylish house\" width=\"800\" height=\"450\" src=\"https:\/\/www.youtube.com\/embed\/g2yyh6vUq48?feature=oembed\" frameborder=\"0\" allow=\"accelerometer; autoplay; clipboard-write; encrypted-media; gyroscope; picture-in-picture; web-share\" allowfullscreen><\/iframe><\/div>\n<p>En esta casa de Sant Cugat nos encontramos con una <strong>cocina semi-abierta muy grande<\/strong> con salida a la zona del comedor en una casa de 260m<sup>2<\/sup> de dos plantas. Est\u00e1 toda la <strong>casa rehabilitada con mucho estilo<\/strong> manteniendo los suelos de mosaico y las vidrieras de \u00e9poca, encontramos 4 habitaciones dobles, 2 salas de estar con chimenea, 3 ba\u00f1os, terraza, jard\u00edn de 755m<sup>2 <\/sup>y piscina.<\/p>\n<p><a href=\"https:\/\/amatimmobiliaris.com\/es\/venta\/apartamento-piso\/barcelona\/barcelona\/clasico-lujoso-en-santa-maria-del-mar\"><span style=\"color: #0000ff;\"><em><strong class=\"refnumber\">29200<\/strong>&#8211; Piso reformado en el Born<\/em>\u00a0<\/span><\/a><\/p>\n<p><img loading=\"lazy\" decoding=\"async\" class=\"aligncenter size-large wp-image-21262\" src=\"https:\/\/www.amatimmobiliaris.com\/w\/wp-content\/uploads\/2022\/01\/27844-4-1024x683.jpg\" alt=\"\" width=\"1024\" height=\"683\" \/><\/p>\n<p>Vivir a 10 metros de la Bas\u00edlica de Santa Maria del Mar en una <strong>finca totalmente rehabilitada<\/strong> con una zona comunitaria en la azotea con una peque\u00f1a piscina, zona de barbacoa y chill-out. El piso es de 100m<sup>2<\/sup> con 2 suites, 3 ba\u00f1os y una cocina abierta al sal\u00f3n-comedor y con vistas al <strong>jard\u00edn vertical interior<\/strong>.<\/p>\n","protected":false},"excerpt":{"rendered":"<p>Las cocinas abiertas, conocidas tambi\u00e9n como cocinas americanas, tiene sus adeptos y sus detractores, y este post est\u00e1 dedicado a todos aquellos a quienes les encantan. Las ventajas que tienen son unas cuantas como por ejemplo el hecho de ganar espacio dando amplitud. Al no tener paredes la estancia parece m\u00e1s grande y esto ayuda [&hellip;]<\/p>\n","protected":false},"author":1,"featured_media":16190,"comment_status":"closed","ping_status":"closed","sticky":false,"template":"","format":"standard","meta":{"content-type":"","footnotes":""},"categories":[1634,866],"tags":[1785,1097,990,1803,1786,1802,996,1658,946],"yoast_head":"<!-- This site is optimized with the Yoast SEO plugin v23.9 - https:\/\/yoast.com\/wordpress\/plugins\/seo\/ -->\n<title>Las cocinas abiertas m\u00e1s curiosas | Amat Immobiliaris<\/title>\n<meta name=\"robots\" content=\"index, follow, max-snippet:-1, max-image-preview:large, max-video-preview:-1\" \/>\n<link rel=\"canonical\" href=\"https:\/\/www.amatimmobiliaris.com\/w\/en\/2021\/04\/the-most-curious-open-kitchens\/\" \/>\n<meta property=\"og:locale\" content=\"es_ES\" \/>\n<meta property=\"og:type\" content=\"article\" \/>\n<meta property=\"og:title\" content=\"Las cocinas abiertas m\u00e1s curiosas | Amat Immobiliaris\" \/>\n<meta property=\"og:description\" content=\"Las cocinas abiertas, conocidas tambi\u00e9n como cocinas americanas, tiene sus adeptos y sus detractores, y este post est\u00e1 dedicado a todos aquellos a quienes les encantan. Las ventajas que tienen son unas cuantas como por ejemplo el hecho de ganar espacio dando amplitud. Al no tener paredes la estancia parece m\u00e1s grande y esto ayuda [&hellip;]\" \/>\n<meta property=\"og:url\" content=\"https:\/\/www.amatimmobiliaris.com\/w\/en\/2021\/04\/the-most-curious-open-kitchens\/\" \/>\n<meta property=\"og:site_name\" content=\"Amat Immobiliaris\" \/>\n<meta property=\"article:publisher\" content=\"https:\/\/www.facebook.com\/amatimmobiliaris\" \/>\n<meta property=\"article:published_time\" content=\"2021-04-27T15:14:02+00:00\" \/>\n<meta property=\"article:modified_time\" content=\"2023-09-19T11:53:05+00:00\" \/>\n<meta property=\"og:image\" content=\"https:\/\/www.amatimmobiliaris.com\/w\/wp-content\/uploads\/2022\/01\/26276-34-3.jpg\" \/>\n\t<meta property=\"og:image:width\" content=\"1200\" \/>\n\t<meta property=\"og:image:height\" content=\"800\" \/>\n\t<meta property=\"og:image:type\" content=\"image\/jpeg\" \/>\n<meta name=\"author\" content=\"Amat Immobiliaris\" \/>\n<meta name=\"twitter:card\" content=\"summary_large_image\" \/>\n<meta name=\"twitter:creator\" content=\"@amat_cat\" \/>\n<meta name=\"twitter:site\" content=\"@amat_cat\" \/>\n<meta name=\"twitter:label1\" content=\"Escrito por\" \/>\n\t<meta name=\"twitter:data1\" content=\"Amat Immobiliaris\" \/>\n\t<meta name=\"twitter:label2\" content=\"Tiempo de lectura\" \/>\n\t<meta name=\"twitter:data2\" content=\"4 minutos\" \/>\n<script type=\"application\/ld+json\" class=\"yoast-schema-graph\">{\"@context\":\"https:\/\/schema.org\",\"@graph\":[{\"@type\":\"Article\",\"@id\":\"https:\/\/www.amatimmobiliaris.com\/w\/en\/2021\/04\/the-most-curious-open-kitchens\/#article\",\"isPartOf\":{\"@id\":\"https:\/\/www.amatimmobiliaris.com\/w\/en\/2021\/04\/the-most-curious-open-kitchens\/\"},\"author\":{\"name\":\"Amat Immobiliaris\",\"@id\":\"https:\/\/www.amatimmobiliaris.com\/w\/#\/schema\/person\/c880da71d1e156e7ea6774ffb445e034\"},\"headline\":\"Las cocinas abiertas m\u00e1s curiosas\",\"datePublished\":\"2021-04-27T15:14:02+00:00\",\"dateModified\":\"2023-09-19T11:53:05+00:00\",\"mainEntityOfPage\":{\"@id\":\"https:\/\/www.amatimmobiliaris.com\/w\/en\/2021\/04\/the-most-curious-open-kitchens\/\"},\"wordCount\":765,\"publisher\":{\"@id\":\"https:\/\/www.amatimmobiliaris.com\/w\/#organization\"},\"image\":{\"@id\":\"https:\/\/www.amatimmobiliaris.com\/w\/en\/2021\/04\/the-most-curious-open-kitchens\/#primaryimage\"},\"thumbnailUrl\":\"https:\/\/www.amatimmobiliaris.com\/w\/wp-content\/uploads\/2022\/01\/26276-34-3.jpg\",\"keywords\":[\"Apartamento\",\"Barcelona\",\"Chimenea\",\"Chimenea de fuego\",\"Eixample\",\"Habitaci\u00f3n\",\"Rehabilitaci\u00f3n\",\"Renovar\",\"Terraza\"],\"articleSection\":[\"Mensual\",\"Pisos destacados\"],\"inLanguage\":\"es\"},{\"@type\":\"WebPage\",\"@id\":\"https:\/\/www.amatimmobiliaris.com\/w\/en\/2021\/04\/the-most-curious-open-kitchens\/\",\"url\":\"https:\/\/www.amatimmobiliaris.com\/w\/en\/2021\/04\/the-most-curious-open-kitchens\/\",\"name\":\"Las cocinas abiertas m\u00e1s curiosas | Amat Immobiliaris\",\"isPartOf\":{\"@id\":\"https:\/\/www.amatimmobiliaris.com\/w\/#website\"},\"primaryImageOfPage\":{\"@id\":\"https:\/\/www.amatimmobiliaris.com\/w\/en\/2021\/04\/the-most-curious-open-kitchens\/#primaryimage\"},\"image\":{\"@id\":\"https:\/\/www.amatimmobiliaris.com\/w\/en\/2021\/04\/the-most-curious-open-kitchens\/#primaryimage\"},\"thumbnailUrl\":\"https:\/\/www.amatimmobiliaris.com\/w\/wp-content\/uploads\/2022\/01\/26276-34-3.jpg\",\"datePublished\":\"2021-04-27T15:14:02+00:00\",\"dateModified\":\"2023-09-19T11:53:05+00:00\",\"breadcrumb\":{\"@id\":\"https:\/\/www.amatimmobiliaris.com\/w\/en\/2021\/04\/the-most-curious-open-kitchens\/#breadcrumb\"},\"inLanguage\":\"es\",\"potentialAction\":[{\"@type\":\"ReadAction\",\"target\":[\"https:\/\/www.amatimmobiliaris.com\/w\/en\/2021\/04\/the-most-curious-open-kitchens\/\"]}]},{\"@type\":\"ImageObject\",\"inLanguage\":\"es\",\"@id\":\"https:\/\/www.amatimmobiliaris.com\/w\/en\/2021\/04\/the-most-curious-open-kitchens\/#primaryimage\",\"url\":\"https:\/\/www.amatimmobiliaris.com\/w\/wp-content\/uploads\/2022\/01\/26276-34-3.jpg\",\"contentUrl\":\"https:\/\/www.amatimmobiliaris.com\/w\/wp-content\/uploads\/2022\/01\/26276-34-3.jpg\",\"width\":1200,\"height\":800},{\"@type\":\"BreadcrumbList\",\"@id\":\"https:\/\/www.amatimmobiliaris.com\/w\/en\/2021\/04\/the-most-curious-open-kitchens\/#breadcrumb\",\"itemListElement\":[{\"@type\":\"ListItem\",\"position\":1,\"name\":\"Home\",\"item\":\"https:\/\/www.amatimmobiliaris.com\/w\/\"},{\"@type\":\"ListItem\",\"position\":2,\"name\":\"Pisos destacados\",\"item\":\"https:\/\/www.amatimmobiliaris.com\/w\/category\/pisos-destacados\/\"},{\"@type\":\"ListItem\",\"position\":3,\"name\":\"Las cocinas abiertas m\u00e1s curiosas\"}]},{\"@type\":\"WebSite\",\"@id\":\"https:\/\/www.amatimmobiliaris.com\/w\/#website\",\"url\":\"https:\/\/www.amatimmobiliaris.com\/w\/\",\"name\":\"Amat Immobiliaris\",\"description\":\"Empresa familiar del sector inmobiliario con oficinas en Barcelona, Sant Cugat del Vall\u00e9s y Sant Just Desvern. Te ayudamos a comprar, alquilar o vender tu casa o piso. Somos un equipo coherente con una cultura de empresa honesta, innovadora y eficaz. Tambi\u00e9n en www.amatluxury.com\",\"publisher\":{\"@id\":\"https:\/\/www.amatimmobiliaris.com\/w\/#organization\"},\"alternateName\":\"AmatImmo\",\"potentialAction\":[{\"@type\":\"SearchAction\",\"target\":{\"@type\":\"EntryPoint\",\"urlTemplate\":\"https:\/\/www.amatimmobiliaris.com\/w\/?s={search_term_string}\"},\"query-input\":{\"@type\":\"PropertyValueSpecification\",\"valueRequired\":true,\"valueName\":\"search_term_string\"}}],\"inLanguage\":\"es\"},{\"@type\":\"Organization\",\"@id\":\"https:\/\/www.amatimmobiliaris.com\/w\/#organization\",\"name\":\"Amat Immobiliaris\",\"url\":\"https:\/\/www.amatimmobiliaris.com\/w\/\",\"logo\":{\"@type\":\"ImageObject\",\"inLanguage\":\"es\",\"@id\":\"https:\/\/www.amatimmobiliaris.com\/w\/#\/schema\/logo\/image\/\",\"url\":\"https:\/\/www.amatimmobiliaris.com\/w\/wp-content\/uploads\/2022\/10\/amat-logo.jpg\",\"contentUrl\":\"https:\/\/www.amatimmobiliaris.com\/w\/wp-content\/uploads\/2022\/10\/amat-logo.jpg\",\"width\":900,\"height\":900,\"caption\":\"Amat Immobiliaris\"},\"image\":{\"@id\":\"https:\/\/www.amatimmobiliaris.com\/w\/#\/schema\/logo\/image\/\"},\"sameAs\":[\"https:\/\/www.facebook.com\/amatimmobiliaris\",\"https:\/\/x.com\/amat_cat\",\"https:\/\/www.instagram.com\/amat_immo\/\",\"https:\/\/www.linkedin.com\/company\/amat-finques\/\",\"https:\/\/www.youtube.com\/@amatimmobiliaris\"]},{\"@type\":\"Person\",\"@id\":\"https:\/\/www.amatimmobiliaris.com\/w\/#\/schema\/person\/c880da71d1e156e7ea6774ffb445e034\",\"name\":\"Amat Immobiliaris\",\"sameAs\":[\"http:\/\/amat-inmo-wp.localhost\"]}]}<\/script>\n<!-- \/ Yoast SEO plugin. -->","yoast_head_json":{"title":"Las cocinas abiertas m\u00e1s curiosas | Amat Immobiliaris","robots":{"index":"index","follow":"follow","max-snippet":"max-snippet:-1","max-image-preview":"max-image-preview:large","max-video-preview":"max-video-preview:-1"},"canonical":"https:\/\/www.amatimmobiliaris.com\/w\/en\/2021\/04\/the-most-curious-open-kitchens\/","og_locale":"es_ES","og_type":"article","og_title":"Las cocinas abiertas m\u00e1s curiosas | Amat Immobiliaris","og_description":"Las cocinas abiertas, conocidas tambi\u00e9n como cocinas americanas, tiene sus adeptos y sus detractores, y este post est\u00e1 dedicado a todos aquellos a quienes les encantan. Las ventajas que tienen son unas cuantas como por ejemplo el hecho de ganar espacio dando amplitud. Al no tener paredes la estancia parece m\u00e1s grande y esto ayuda [&hellip;]","og_url":"https:\/\/www.amatimmobiliaris.com\/w\/en\/2021\/04\/the-most-curious-open-kitchens\/","og_site_name":"Amat Immobiliaris","article_publisher":"https:\/\/www.facebook.com\/amatimmobiliaris","article_published_time":"2021-04-27T15:14:02+00:00","article_modified_time":"2023-09-19T11:53:05+00:00","og_image":[{"width":1200,"height":800,"url":"https:\/\/www.amatimmobiliaris.com\/w\/wp-content\/uploads\/2022\/01\/26276-34-3.jpg","type":"image\/jpeg"}],"author":"Amat Immobiliaris","twitter_card":"summary_large_image","twitter_creator":"@amat_cat","twitter_site":"@amat_cat","twitter_misc":{"Escrito por":"Amat Immobiliaris","Tiempo de lectura":"4 minutos"},"schema":{"@context":"https:\/\/schema.org","@graph":[{"@type":"Article","@id":"https:\/\/www.amatimmobiliaris.com\/w\/en\/2021\/04\/the-most-curious-open-kitchens\/#article","isPartOf":{"@id":"https:\/\/www.amatimmobiliaris.com\/w\/en\/2021\/04\/the-most-curious-open-kitchens\/"},"author":{"name":"Amat Immobiliaris","@id":"https:\/\/www.amatimmobiliaris.com\/w\/#\/schema\/person\/c880da71d1e156e7ea6774ffb445e034"},"headline":"Las cocinas abiertas m\u00e1s curiosas","datePublished":"2021-04-27T15:14:02+00:00","dateModified":"2023-09-19T11:53:05+00:00","mainEntityOfPage":{"@id":"https:\/\/www.amatimmobiliaris.com\/w\/en\/2021\/04\/the-most-curious-open-kitchens\/"},"wordCount":765,"publisher":{"@id":"https:\/\/www.amatimmobiliaris.com\/w\/#organization"},"image":{"@id":"https:\/\/www.amatimmobiliaris.com\/w\/en\/2021\/04\/the-most-curious-open-kitchens\/#primaryimage"},"thumbnailUrl":"https:\/\/www.amatimmobiliaris.com\/w\/wp-content\/uploads\/2022\/01\/26276-34-3.jpg","keywords":["Apartamento","Barcelona","Chimenea","Chimenea de fuego","Eixample","Habitaci\u00f3n","Rehabilitaci\u00f3n","Renovar","Terraza"],"articleSection":["Mensual","Pisos destacados"],"inLanguage":"es"},{"@type":"WebPage","@id":"https:\/\/www.amatimmobiliaris.com\/w\/en\/2021\/04\/the-most-curious-open-kitchens\/","url":"https:\/\/www.amatimmobiliaris.com\/w\/en\/2021\/04\/the-most-curious-open-kitchens\/","name":"Las cocinas abiertas m\u00e1s curiosas | Amat Immobiliaris","isPartOf":{"@id":"https:\/\/www.amatimmobiliaris.com\/w\/#website"},"primaryImageOfPage":{"@id":"https:\/\/www.amatimmobiliaris.com\/w\/en\/2021\/04\/the-most-curious-open-kitchens\/#primaryimage"},"image":{"@id":"https:\/\/www.amatimmobiliaris.com\/w\/en\/2021\/04\/the-most-curious-open-kitchens\/#primaryimage"},"thumbnailUrl":"https:\/\/www.amatimmobiliaris.com\/w\/wp-content\/uploads\/2022\/01\/26276-34-3.jpg","datePublished":"2021-04-27T15:14:02+00:00","dateModified":"2023-09-19T11:53:05+00:00","breadcrumb":{"@id":"https:\/\/www.amatimmobiliaris.com\/w\/en\/2021\/04\/the-most-curious-open-kitchens\/#breadcrumb"},"inLanguage":"es","potentialAction":[{"@type":"ReadAction","target":["https:\/\/www.amatimmobiliaris.com\/w\/en\/2021\/04\/the-most-curious-open-kitchens\/"]}]},{"@type":"ImageObject","inLanguage":"es","@id":"https:\/\/www.amatimmobiliaris.com\/w\/en\/2021\/04\/the-most-curious-open-kitchens\/#primaryimage","url":"https:\/\/www.amatimmobiliaris.com\/w\/wp-content\/uploads\/2022\/01\/26276-34-3.jpg","contentUrl":"https:\/\/www.amatimmobiliaris.com\/w\/wp-content\/uploads\/2022\/01\/26276-34-3.jpg","width":1200,"height":800},{"@type":"BreadcrumbList","@id":"https:\/\/www.amatimmobiliaris.com\/w\/en\/2021\/04\/the-most-curious-open-kitchens\/#breadcrumb","itemListElement":[{"@type":"ListItem","position":1,"name":"Home","item":"https:\/\/www.amatimmobiliaris.com\/w\/"},{"@type":"ListItem","position":2,"name":"Pisos destacados","item":"https:\/\/www.amatimmobiliaris.com\/w\/category\/pisos-destacados\/"},{"@type":"ListItem","position":3,"name":"Las cocinas abiertas m\u00e1s curiosas"}]},{"@type":"WebSite","@id":"https:\/\/www.amatimmobiliaris.com\/w\/#website","url":"https:\/\/www.amatimmobiliaris.com\/w\/","name":"Amat Immobiliaris","description":"Empresa familiar del sector inmobiliario con oficinas en Barcelona, Sant Cugat del Vall\u00e9s y Sant Just Desvern. Te ayudamos a comprar, alquilar o vender tu casa o piso. Somos un equipo coherente con una cultura de empresa honesta, innovadora y eficaz. Tambi\u00e9n en www.amatluxury.com","publisher":{"@id":"https:\/\/www.amatimmobiliaris.com\/w\/#organization"},"alternateName":"AmatImmo","potentialAction":[{"@type":"SearchAction","target":{"@type":"EntryPoint","urlTemplate":"https:\/\/www.amatimmobiliaris.com\/w\/?s={search_term_string}"},"query-input":{"@type":"PropertyValueSpecification","valueRequired":true,"valueName":"search_term_string"}}],"inLanguage":"es"},{"@type":"Organization","@id":"https:\/\/www.amatimmobiliaris.com\/w\/#organization","name":"Amat Immobiliaris","url":"https:\/\/www.amatimmobiliaris.com\/w\/","logo":{"@type":"ImageObject","inLanguage":"es","@id":"https:\/\/www.amatimmobiliaris.com\/w\/#\/schema\/logo\/image\/","url":"https:\/\/www.amatimmobiliaris.com\/w\/wp-content\/uploads\/2022\/10\/amat-logo.jpg","contentUrl":"https:\/\/www.amatimmobiliaris.com\/w\/wp-content\/uploads\/2022\/10\/amat-logo.jpg","width":900,"height":900,"caption":"Amat Immobiliaris"},"image":{"@id":"https:\/\/www.amatimmobiliaris.com\/w\/#\/schema\/logo\/image\/"},"sameAs":["https:\/\/www.facebook.com\/amatimmobiliaris","https:\/\/x.com\/amat_cat","https:\/\/www.instagram.com\/amat_immo\/","https:\/\/www.linkedin.com\/company\/amat-finques\/","https:\/\/www.youtube.com\/@amatimmobiliaris"]},{"@type":"Person","@id":"https:\/\/www.amatimmobiliaris.com\/w\/#\/schema\/person\/c880da71d1e156e7ea6774ffb445e034","name":"Amat Immobiliaris","sameAs":["http:\/\/amat-inmo-wp.localhost"]}]}},"_links":{"self":[{"href":"https:\/\/www.amatimmobiliaris.com\/w\/wp-json\/wp\/v2\/posts\/16189"}],"collection":[{"href":"https:\/\/www.amatimmobiliaris.com\/w\/wp-json\/wp\/v2\/posts"}],"about":[{"href":"https:\/\/www.amatimmobiliaris.com\/w\/wp-json\/wp\/v2\/types\/post"}],"author":[{"embeddable":true,"href":"https:\/\/www.amatimmobiliaris.com\/w\/wp-json\/wp\/v2\/users\/1"}],"replies":[{"embeddable":true,"href":"https:\/\/www.amatimmobiliaris.com\/w\/wp-json\/wp\/v2\/comments?post=16189"}],"version-history":[{"count":10,"href":"https:\/\/www.amatimmobiliaris.com\/w\/wp-json\/wp\/v2\/posts\/16189\/revisions"}],"predecessor-version":[{"id":30520,"href":"https:\/\/www.amatimmobiliaris.com\/w\/wp-json\/wp\/v2\/posts\/16189\/revisions\/30520"}],"wp:featuredmedia":[{"embeddable":true,"href":"https:\/\/www.amatimmobiliaris.com\/w\/wp-json\/wp\/v2\/media\/16190"}],"wp:attachment":[{"href":"https:\/\/www.amatimmobiliaris.com\/w\/wp-json\/wp\/v2\/media?parent=16189"}],"wp:term":[{"taxonomy":"category","embeddable":true,"href":"https:\/\/www.amatimmobiliaris.com\/w\/wp-json\/wp\/v2\/categories?post=16189"},{"taxonomy":"post_tag","embeddable":true,"href":"https:\/\/www.amatimmobiliaris.com\/w\/wp-json\/wp\/v2\/tags?post=16189"}],"curies":[{"name":"wp","href":"https:\/\/api.w.org\/{rel}","templated":true}]}}