{"id":16031,"date":"2020-10-08T14:34:28","date_gmt":"2020-10-08T14:34:28","guid":{"rendered":"http:\/\/amat-inmo-wp.localhost\/2020\/10\/08\/eixample-esquerra-mejor-barrio-del-2020\/"},"modified":"2023-05-11T09:08:51","modified_gmt":"2023-05-11T09:08:51","slug":"eixample-esquerra-mejor-barrio-del-2020","status":"publish","type":"post","link":"https:\/\/www.amatimmobiliaris.com\/w\/2020\/10\/eixample-esquerra-mejor-barrio-del-2020\/","title":{"rendered":"El Eixample Esquerra el mejor barrio del 2020"},"content":{"rendered":"<p>No hace muchos d\u00edas que desde la revista <span style=\"color: #0000ff;\"><a style=\"color: #0000ff;\" href=\"https:\/\/www.timeout.es\/barcelona\/es\/noticias\/lesquerra-de-leixample-es-el-mejor-barrio-del-mundo-del-2020-100620\" target=\"_blank\" rel=\"noopener\"><em>Time Out<\/em> <\/a><\/span><em><span style=\"color: #0000ff;\">Barcelona<\/span>\u00a0<\/em>hicieron una encuesta para saber cu\u00e1les eran los <strong>mejores barrios del mundo<\/strong> bas\u00e1ndose en las opiniones de la gente local y consultado expertos de las diferentes revista <em>Time Out<\/em> del mundo. Y este <strong>2020<\/strong>, nuestros barrios han adquirido una <strong>nueva<\/strong> <strong>dimensi\u00f3n por el confinamiento<\/strong> que han sufrido muchas ciudades, hecho que ha obligado a la gente a vivir m\u00e1s cerca de sus vecinos.<\/p>\n<p>Hay barrios y comercios que durante este tiempo <strong>se han reinventado<\/strong>, y esto ha hecho que mucha gente redescubriera el barrio donde vive y a sus vecinos aumentando su satisfacci\u00f3n. Despu\u00e9s de todo esto y recopilando la informaci\u00f3n de la encuesta, el barrio que ha resultado estar en primera posici\u00f3n de la lista ha sido el <strong>Eixample Esquerra de Barcelona<\/strong>. Se volvi\u00f3 un barrio con mucha energ\u00eda positiva a trav\u00e9s de sus balcones organizando eventos entre vecinos, se crearon redes de soporte, algunos comercios y restaurantes ofrecieron descuentos; y todo para que los vecinos pudieran pasar mucho mejor el confinamiento.<\/p>\n<p>Ahora si alguien, despu\u00e9s de saber todo esto, tiene en mente ir a vivir all\u00ed os queremos ense\u00f1ar algunos pisos que tenemos en la zona para que pod\u00e1is vivir en este ambiente maravilloso.<\/p>\n<p><strong><em>27032- Fant\u00e1stico piso en el Eixample Esquerra &#8211; VENDIDO<\/em><\/strong><\/p>\n<p><img loading=\"lazy\" decoding=\"async\" class=\"aligncenter size-large wp-image-19306\" src=\"https:\/\/www.amatimmobiliaris.com\/w\/wp-content\/uploads\/2022\/01\/27032-3-1024x683.jpg\" alt=\"\" width=\"1024\" height=\"683\" \/><\/p>\n<p>Es un piso de segunda mano de 135m<sup>2<\/sup>, 3 habitaciones, 3 ba\u00f1os y terraza ubicado en una finca se\u00f1orial de 1906. Lo han reformado y han rehabilitado algunos elementos originales a la vez que han introducido materiales modernos de m\u00e1xima calidad.<\/p>\n<p><strong><span style=\"color: #0000ff;\"><a style=\"color: #0000ff;\" href=\"https:\/\/www.amatimmobiliaris.com\/es\/venta\/apartamento-piso\/barcelona\/barcelona\/sensacional-atico-en-el-eixample\" target=\"_blank\" rel=\"noopener nofollow\" class=\"broken_link\"><em>26921- Sensacional \u00e1tico de alto standing<\/em><\/a><\/span><\/strong><\/p>\n<p><img loading=\"lazy\" decoding=\"async\" class=\"aligncenter size-large wp-image-19307\" src=\"https:\/\/www.amatimmobiliaris.com\/w\/wp-content\/uploads\/2022\/01\/26921-3-1024x680.jpg\" alt=\"\" width=\"1024\" height=\"680\" \/><\/p>\n<p>Este \u00e1tico d\u00faplex de 275m<sup>2<\/sup> con 6 habitaciones y 5 ba\u00f1os tiene una terraza espectacular en la planta superior con unas vistas magn\u00edficas de la ciudad. A dem\u00e1s, en toda la vivienda hay grandes ventanales que dan mucha luz al interior durante todo el d\u00eda. La finca donde est\u00e1 ubicado fue construida en el 1990 i tiene servicio de conserjer\u00eda y parking.<\/p>\n","protected":false},"excerpt":{"rendered":"<p>No hace muchos d\u00edas que desde la revista Time Out Barcelona\u00a0hicieron una encuesta para saber cu\u00e1les eran los mejores barrios del mundo bas\u00e1ndose en las opiniones de la gente local y consultado expertos de las diferentes revista Time Out del mundo. Y este 2020, nuestros barrios han adquirido una nueva dimensi\u00f3n por el confinamiento que [&hellip;]<\/p>\n","protected":false},"author":1,"featured_media":16032,"comment_status":"closed","ping_status":"closed","sticky":false,"template":"","format":"standard","meta":{"content-type":"","footnotes":""},"categories":[889,866],"tags":[1785,1097,1786,1802,996,1658,946],"yoast_head":"<!-- This site is optimized with the Yoast SEO plugin v23.9 - https:\/\/yoast.com\/wordpress\/plugins\/seo\/ -->\n<title>El Eixample Esquerra el mejor barrio del 2020 | Amat Immobiliaris<\/title>\n<meta name=\"robots\" content=\"index, follow, max-snippet:-1, max-image-preview:large, max-video-preview:-1\" \/>\n<link rel=\"canonical\" href=\"https:\/\/www.amatimmobiliaris.com\/w\/2020\/10\/eixample-esquerra-mejor-barrio-del-2020\/\" \/>\n<meta property=\"og:locale\" content=\"es_ES\" \/>\n<meta property=\"og:type\" content=\"article\" \/>\n<meta property=\"og:title\" content=\"El Eixample Esquerra el mejor barrio del 2020 | Amat Immobiliaris\" \/>\n<meta property=\"og:description\" content=\"No hace muchos d\u00edas que desde la revista Time Out Barcelona\u00a0hicieron una encuesta para saber cu\u00e1les eran los mejores barrios del mundo bas\u00e1ndose en las opiniones de la gente local y consultado expertos de las diferentes revista Time Out del mundo. Y este 2020, nuestros barrios han adquirido una nueva dimensi\u00f3n por el confinamiento que [&hellip;]\" \/>\n<meta property=\"og:url\" content=\"https:\/\/www.amatimmobiliaris.com\/w\/2020\/10\/eixample-esquerra-mejor-barrio-del-2020\/\" \/>\n<meta property=\"og:site_name\" content=\"Amat Immobiliaris\" \/>\n<meta property=\"article:publisher\" content=\"https:\/\/www.facebook.com\/amatimmobiliaris\" \/>\n<meta property=\"article:published_time\" content=\"2020-10-08T14:34:28+00:00\" \/>\n<meta property=\"article:modified_time\" content=\"2023-05-11T09:08:51+00:00\" \/>\n<meta property=\"og:image\" content=\"https:\/\/www.amatimmobiliaris.com\/w\/wp-content\/uploads\/2022\/01\/27032-3.jpg\" \/>\n\t<meta property=\"og:image:width\" content=\"1920\" \/>\n\t<meta property=\"og:image:height\" content=\"1280\" \/>\n\t<meta property=\"og:image:type\" content=\"image\/jpeg\" \/>\n<meta name=\"author\" content=\"Amat Immobiliaris\" \/>\n<meta name=\"twitter:card\" content=\"summary_large_image\" \/>\n<meta name=\"twitter:creator\" content=\"@amat_cat\" \/>\n<meta name=\"twitter:site\" content=\"@amat_cat\" \/>\n<meta name=\"twitter:label1\" content=\"Escrito por\" \/>\n\t<meta name=\"twitter:data1\" content=\"Amat Immobiliaris\" \/>\n\t<meta name=\"twitter:label2\" content=\"Tiempo de lectura\" \/>\n\t<meta name=\"twitter:data2\" content=\"2 minutos\" \/>\n<script type=\"application\/ld+json\" class=\"yoast-schema-graph\">{\"@context\":\"https:\/\/schema.org\",\"@graph\":[{\"@type\":\"Article\",\"@id\":\"https:\/\/www.amatimmobiliaris.com\/w\/2020\/10\/eixample-esquerra-mejor-barrio-del-2020\/#article\",\"isPartOf\":{\"@id\":\"https:\/\/www.amatimmobiliaris.com\/w\/2020\/10\/eixample-esquerra-mejor-barrio-del-2020\/\"},\"author\":{\"name\":\"Amat Immobiliaris\",\"@id\":\"https:\/\/www.amatimmobiliaris.com\/w\/#\/schema\/person\/c880da71d1e156e7ea6774ffb445e034\"},\"headline\":\"El Eixample Esquerra el mejor barrio del 2020\",\"datePublished\":\"2020-10-08T14:34:28+00:00\",\"dateModified\":\"2023-05-11T09:08:51+00:00\",\"mainEntityOfPage\":{\"@id\":\"https:\/\/www.amatimmobiliaris.com\/w\/2020\/10\/eixample-esquerra-mejor-barrio-del-2020\/\"},\"wordCount\":349,\"publisher\":{\"@id\":\"https:\/\/www.amatimmobiliaris.com\/w\/#organization\"},\"image\":{\"@id\":\"https:\/\/www.amatimmobiliaris.com\/w\/2020\/10\/eixample-esquerra-mejor-barrio-del-2020\/#primaryimage\"},\"thumbnailUrl\":\"https:\/\/www.amatimmobiliaris.com\/w\/wp-content\/uploads\/2022\/01\/27032-3.jpg\",\"keywords\":[\"Apartamento\",\"Barcelona\",\"Eixample\",\"Habitaci\u00f3n\",\"Rehabilitaci\u00f3n\",\"Renovar\",\"Terraza\"],\"articleSection\":[\"Noticias\",\"Pisos destacados\"],\"inLanguage\":\"es\"},{\"@type\":\"WebPage\",\"@id\":\"https:\/\/www.amatimmobiliaris.com\/w\/2020\/10\/eixample-esquerra-mejor-barrio-del-2020\/\",\"url\":\"https:\/\/www.amatimmobiliaris.com\/w\/2020\/10\/eixample-esquerra-mejor-barrio-del-2020\/\",\"name\":\"El Eixample Esquerra el mejor barrio del 2020 | Amat Immobiliaris\",\"isPartOf\":{\"@id\":\"https:\/\/www.amatimmobiliaris.com\/w\/#website\"},\"primaryImageOfPage\":{\"@id\":\"https:\/\/www.amatimmobiliaris.com\/w\/2020\/10\/eixample-esquerra-mejor-barrio-del-2020\/#primaryimage\"},\"image\":{\"@id\":\"https:\/\/www.amatimmobiliaris.com\/w\/2020\/10\/eixample-esquerra-mejor-barrio-del-2020\/#primaryimage\"},\"thumbnailUrl\":\"https:\/\/www.amatimmobiliaris.com\/w\/wp-content\/uploads\/2022\/01\/27032-3.jpg\",\"datePublished\":\"2020-10-08T14:34:28+00:00\",\"dateModified\":\"2023-05-11T09:08:51+00:00\",\"breadcrumb\":{\"@id\":\"https:\/\/www.amatimmobiliaris.com\/w\/2020\/10\/eixample-esquerra-mejor-barrio-del-2020\/#breadcrumb\"},\"inLanguage\":\"es\",\"potentialAction\":[{\"@type\":\"ReadAction\",\"target\":[\"https:\/\/www.amatimmobiliaris.com\/w\/2020\/10\/eixample-esquerra-mejor-barrio-del-2020\/\"]}]},{\"@type\":\"ImageObject\",\"inLanguage\":\"es\",\"@id\":\"https:\/\/www.amatimmobiliaris.com\/w\/2020\/10\/eixample-esquerra-mejor-barrio-del-2020\/#primaryimage\",\"url\":\"https:\/\/www.amatimmobiliaris.com\/w\/wp-content\/uploads\/2022\/01\/27032-3.jpg\",\"contentUrl\":\"https:\/\/www.amatimmobiliaris.com\/w\/wp-content\/uploads\/2022\/01\/27032-3.jpg\",\"width\":1920,\"height\":1280},{\"@type\":\"BreadcrumbList\",\"@id\":\"https:\/\/www.amatimmobiliaris.com\/w\/2020\/10\/eixample-esquerra-mejor-barrio-del-2020\/#breadcrumb\",\"itemListElement\":[{\"@type\":\"ListItem\",\"position\":1,\"name\":\"Home\",\"item\":\"https:\/\/www.amatimmobiliaris.com\/w\/\"},{\"@type\":\"ListItem\",\"position\":2,\"name\":\"Noticias\",\"item\":\"https:\/\/www.amatimmobiliaris.com\/w\/category\/noticias\/\"},{\"@type\":\"ListItem\",\"position\":3,\"name\":\"El Eixample Esquerra el mejor barrio del 2020\"}]},{\"@type\":\"WebSite\",\"@id\":\"https:\/\/www.amatimmobiliaris.com\/w\/#website\",\"url\":\"https:\/\/www.amatimmobiliaris.com\/w\/\",\"name\":\"Amat Immobiliaris\",\"description\":\"Empresa familiar del sector inmobiliario con oficinas en Barcelona, Sant Cugat del Vall\u00e9s y Sant Just Desvern. Te ayudamos a comprar, alquilar o vender tu casa o piso. Somos un equipo coherente con una cultura de empresa honesta, innovadora y eficaz. Tambi\u00e9n en www.amatluxury.com\",\"publisher\":{\"@id\":\"https:\/\/www.amatimmobiliaris.com\/w\/#organization\"},\"alternateName\":\"AmatImmo\",\"potentialAction\":[{\"@type\":\"SearchAction\",\"target\":{\"@type\":\"EntryPoint\",\"urlTemplate\":\"https:\/\/www.amatimmobiliaris.com\/w\/?s={search_term_string}\"},\"query-input\":{\"@type\":\"PropertyValueSpecification\",\"valueRequired\":true,\"valueName\":\"search_term_string\"}}],\"inLanguage\":\"es\"},{\"@type\":\"Organization\",\"@id\":\"https:\/\/www.amatimmobiliaris.com\/w\/#organization\",\"name\":\"Amat Immobiliaris\",\"url\":\"https:\/\/www.amatimmobiliaris.com\/w\/\",\"logo\":{\"@type\":\"ImageObject\",\"inLanguage\":\"es\",\"@id\":\"https:\/\/www.amatimmobiliaris.com\/w\/#\/schema\/logo\/image\/\",\"url\":\"https:\/\/www.amatimmobiliaris.com\/w\/wp-content\/uploads\/2022\/10\/amat-logo.jpg\",\"contentUrl\":\"https:\/\/www.amatimmobiliaris.com\/w\/wp-content\/uploads\/2022\/10\/amat-logo.jpg\",\"width\":900,\"height\":900,\"caption\":\"Amat Immobiliaris\"},\"image\":{\"@id\":\"https:\/\/www.amatimmobiliaris.com\/w\/#\/schema\/logo\/image\/\"},\"sameAs\":[\"https:\/\/www.facebook.com\/amatimmobiliaris\",\"https:\/\/x.com\/amat_cat\",\"https:\/\/www.instagram.com\/amat_immo\/\",\"https:\/\/www.linkedin.com\/company\/amat-finques\/\",\"https:\/\/www.youtube.com\/@amatimmobiliaris\"]},{\"@type\":\"Person\",\"@id\":\"https:\/\/www.amatimmobiliaris.com\/w\/#\/schema\/person\/c880da71d1e156e7ea6774ffb445e034\",\"name\":\"Amat Immobiliaris\",\"sameAs\":[\"http:\/\/amat-inmo-wp.localhost\"]}]}<\/script>\n<!-- \/ Yoast SEO plugin. -->","yoast_head_json":{"title":"El Eixample Esquerra el mejor barrio del 2020 | Amat Immobiliaris","robots":{"index":"index","follow":"follow","max-snippet":"max-snippet:-1","max-image-preview":"max-image-preview:large","max-video-preview":"max-video-preview:-1"},"canonical":"https:\/\/www.amatimmobiliaris.com\/w\/2020\/10\/eixample-esquerra-mejor-barrio-del-2020\/","og_locale":"es_ES","og_type":"article","og_title":"El Eixample Esquerra el mejor barrio del 2020 | Amat Immobiliaris","og_description":"No hace muchos d\u00edas que desde la revista Time Out Barcelona\u00a0hicieron una encuesta para saber cu\u00e1les eran los mejores barrios del mundo bas\u00e1ndose en las opiniones de la gente local y consultado expertos de las diferentes revista Time Out del mundo. Y este 2020, nuestros barrios han adquirido una nueva dimensi\u00f3n por el confinamiento que [&hellip;]","og_url":"https:\/\/www.amatimmobiliaris.com\/w\/2020\/10\/eixample-esquerra-mejor-barrio-del-2020\/","og_site_name":"Amat Immobiliaris","article_publisher":"https:\/\/www.facebook.com\/amatimmobiliaris","article_published_time":"2020-10-08T14:34:28+00:00","article_modified_time":"2023-05-11T09:08:51+00:00","og_image":[{"width":1920,"height":1280,"url":"https:\/\/www.amatimmobiliaris.com\/w\/wp-content\/uploads\/2022\/01\/27032-3.jpg","type":"image\/jpeg"}],"author":"Amat Immobiliaris","twitter_card":"summary_large_image","twitter_creator":"@amat_cat","twitter_site":"@amat_cat","twitter_misc":{"Escrito por":"Amat Immobiliaris","Tiempo de lectura":"2 minutos"},"schema":{"@context":"https:\/\/schema.org","@graph":[{"@type":"Article","@id":"https:\/\/www.amatimmobiliaris.com\/w\/2020\/10\/eixample-esquerra-mejor-barrio-del-2020\/#article","isPartOf":{"@id":"https:\/\/www.amatimmobiliaris.com\/w\/2020\/10\/eixample-esquerra-mejor-barrio-del-2020\/"},"author":{"name":"Amat Immobiliaris","@id":"https:\/\/www.amatimmobiliaris.com\/w\/#\/schema\/person\/c880da71d1e156e7ea6774ffb445e034"},"headline":"El Eixample Esquerra el mejor barrio del 2020","datePublished":"2020-10-08T14:34:28+00:00","dateModified":"2023-05-11T09:08:51+00:00","mainEntityOfPage":{"@id":"https:\/\/www.amatimmobiliaris.com\/w\/2020\/10\/eixample-esquerra-mejor-barrio-del-2020\/"},"wordCount":349,"publisher":{"@id":"https:\/\/www.amatimmobiliaris.com\/w\/#organization"},"image":{"@id":"https:\/\/www.amatimmobiliaris.com\/w\/2020\/10\/eixample-esquerra-mejor-barrio-del-2020\/#primaryimage"},"thumbnailUrl":"https:\/\/www.amatimmobiliaris.com\/w\/wp-content\/uploads\/2022\/01\/27032-3.jpg","keywords":["Apartamento","Barcelona","Eixample","Habitaci\u00f3n","Rehabilitaci\u00f3n","Renovar","Terraza"],"articleSection":["Noticias","Pisos destacados"],"inLanguage":"es"},{"@type":"WebPage","@id":"https:\/\/www.amatimmobiliaris.com\/w\/2020\/10\/eixample-esquerra-mejor-barrio-del-2020\/","url":"https:\/\/www.amatimmobiliaris.com\/w\/2020\/10\/eixample-esquerra-mejor-barrio-del-2020\/","name":"El Eixample Esquerra el mejor barrio del 2020 | Amat Immobiliaris","isPartOf":{"@id":"https:\/\/www.amatimmobiliaris.com\/w\/#website"},"primaryImageOfPage":{"@id":"https:\/\/www.amatimmobiliaris.com\/w\/2020\/10\/eixample-esquerra-mejor-barrio-del-2020\/#primaryimage"},"image":{"@id":"https:\/\/www.amatimmobiliaris.com\/w\/2020\/10\/eixample-esquerra-mejor-barrio-del-2020\/#primaryimage"},"thumbnailUrl":"https:\/\/www.amatimmobiliaris.com\/w\/wp-content\/uploads\/2022\/01\/27032-3.jpg","datePublished":"2020-10-08T14:34:28+00:00","dateModified":"2023-05-11T09:08:51+00:00","breadcrumb":{"@id":"https:\/\/www.amatimmobiliaris.com\/w\/2020\/10\/eixample-esquerra-mejor-barrio-del-2020\/#breadcrumb"},"inLanguage":"es","potentialAction":[{"@type":"ReadAction","target":["https:\/\/www.amatimmobiliaris.com\/w\/2020\/10\/eixample-esquerra-mejor-barrio-del-2020\/"]}]},{"@type":"ImageObject","inLanguage":"es","@id":"https:\/\/www.amatimmobiliaris.com\/w\/2020\/10\/eixample-esquerra-mejor-barrio-del-2020\/#primaryimage","url":"https:\/\/www.amatimmobiliaris.com\/w\/wp-content\/uploads\/2022\/01\/27032-3.jpg","contentUrl":"https:\/\/www.amatimmobiliaris.com\/w\/wp-content\/uploads\/2022\/01\/27032-3.jpg","width":1920,"height":1280},{"@type":"BreadcrumbList","@id":"https:\/\/www.amatimmobiliaris.com\/w\/2020\/10\/eixample-esquerra-mejor-barrio-del-2020\/#breadcrumb","itemListElement":[{"@type":"ListItem","position":1,"name":"Home","item":"https:\/\/www.amatimmobiliaris.com\/w\/"},{"@type":"ListItem","position":2,"name":"Noticias","item":"https:\/\/www.amatimmobiliaris.com\/w\/category\/noticias\/"},{"@type":"ListItem","position":3,"name":"El Eixample Esquerra el mejor barrio del 2020"}]},{"@type":"WebSite","@id":"https:\/\/www.amatimmobiliaris.com\/w\/#website","url":"https:\/\/www.amatimmobiliaris.com\/w\/","name":"Amat Immobiliaris","description":"Empresa familiar del sector inmobiliario con oficinas en Barcelona, Sant Cugat del Vall\u00e9s y Sant Just Desvern. Te ayudamos a comprar, alquilar o vender tu casa o piso. Somos un equipo coherente con una cultura de empresa honesta, innovadora y eficaz. Tambi\u00e9n en www.amatluxury.com","publisher":{"@id":"https:\/\/www.amatimmobiliaris.com\/w\/#organization"},"alternateName":"AmatImmo","potentialAction":[{"@type":"SearchAction","target":{"@type":"EntryPoint","urlTemplate":"https:\/\/www.amatimmobiliaris.com\/w\/?s={search_term_string}"},"query-input":{"@type":"PropertyValueSpecification","valueRequired":true,"valueName":"search_term_string"}}],"inLanguage":"es"},{"@type":"Organization","@id":"https:\/\/www.amatimmobiliaris.com\/w\/#organization","name":"Amat Immobiliaris","url":"https:\/\/www.amatimmobiliaris.com\/w\/","logo":{"@type":"ImageObject","inLanguage":"es","@id":"https:\/\/www.amatimmobiliaris.com\/w\/#\/schema\/logo\/image\/","url":"https:\/\/www.amatimmobiliaris.com\/w\/wp-content\/uploads\/2022\/10\/amat-logo.jpg","contentUrl":"https:\/\/www.amatimmobiliaris.com\/w\/wp-content\/uploads\/2022\/10\/amat-logo.jpg","width":900,"height":900,"caption":"Amat Immobiliaris"},"image":{"@id":"https:\/\/www.amatimmobiliaris.com\/w\/#\/schema\/logo\/image\/"},"sameAs":["https:\/\/www.facebook.com\/amatimmobiliaris","https:\/\/x.com\/amat_cat","https:\/\/www.instagram.com\/amat_immo\/","https:\/\/www.linkedin.com\/company\/amat-finques\/","https:\/\/www.youtube.com\/@amatimmobiliaris"]},{"@type":"Person","@id":"https:\/\/www.amatimmobiliaris.com\/w\/#\/schema\/person\/c880da71d1e156e7ea6774ffb445e034","name":"Amat Immobiliaris","sameAs":["http:\/\/amat-inmo-wp.localhost"]}]}},"_links":{"self":[{"href":"https:\/\/www.amatimmobiliaris.com\/w\/wp-json\/wp\/v2\/posts\/16031"}],"collection":[{"href":"https:\/\/www.amatimmobiliaris.com\/w\/wp-json\/wp\/v2\/posts"}],"about":[{"href":"https:\/\/www.amatimmobiliaris.com\/w\/wp-json\/wp\/v2\/types\/post"}],"author":[{"embeddable":true,"href":"https:\/\/www.amatimmobiliaris.com\/w\/wp-json\/wp\/v2\/users\/1"}],"replies":[{"embeddable":true,"href":"https:\/\/www.amatimmobiliaris.com\/w\/wp-json\/wp\/v2\/comments?post=16031"}],"version-history":[{"count":1,"href":"https:\/\/www.amatimmobiliaris.com\/w\/wp-json\/wp\/v2\/posts\/16031\/revisions"}],"predecessor-version":[{"id":25027,"href":"https:\/\/www.amatimmobiliaris.com\/w\/wp-json\/wp\/v2\/posts\/16031\/revisions\/25027"}],"wp:featuredmedia":[{"embeddable":true,"href":"https:\/\/www.amatimmobiliaris.com\/w\/wp-json\/wp\/v2\/media\/16032"}],"wp:attachment":[{"href":"https:\/\/www.amatimmobiliaris.com\/w\/wp-json\/wp\/v2\/media?parent=16031"}],"wp:term":[{"taxonomy":"category","embeddable":true,"href":"https:\/\/www.amatimmobiliaris.com\/w\/wp-json\/wp\/v2\/categories?post=16031"},{"taxonomy":"post_tag","embeddable":true,"href":"https:\/\/www.amatimmobiliaris.com\/w\/wp-json\/wp\/v2\/tags?post=16031"}],"curies":[{"name":"wp","href":"https:\/\/api.w.org\/{rel}","templated":true}]}}