{"id":15929,"date":"2020-02-07T11:16:13","date_gmt":"2020-02-07T11:16:13","guid":{"rendered":"http:\/\/amat-inmo-wp.localhost\/2020\/02\/07\/acabamos-2019-dragon-khan-empezamos-2020-perspectivas-estabilidad\/"},"modified":"2023-05-11T08:49:12","modified_gmt":"2023-05-11T08:49:12","slug":"acabamos-2019-dragon-khan-empezamos-2020-perspectivas-estabilidad","status":"publish","type":"post","link":"https:\/\/www.amatimmobiliaris.com\/w\/2020\/02\/acabamos-2019-dragon-khan-empezamos-2020-perspectivas-estabilidad\/","title":{"rendered":"Terminamos un 2019 de Dragon Khan, empezamos un 2020 con perspectivas de estabilidad"},"content":{"rendered":"<p>Analizando que ha pasado si hablamos del sector inmobiliario, desde las vacaciones hasta ahora, ha estado <strong>un sube y baja<\/strong>. Semanas en las que parec\u00eda que la actividad bajaba y bajaba, y a los quince d\u00edas volv\u00edamos a ir de cabeza con visitas y m\u00e1s visitas.<\/p>\n<p>Seguramente han intervenido muchos factores pol\u00edticos, econ\u00f3micos, rumores de crisis\u2026 y tambi\u00e9n propios del sector. El ciudadano que quiere comprar le cuesta m\u00e1s decidirse. Por un lado, hay <strong>algunas opciones m\u00e1s<\/strong> que hace unos a\u00f1os, pero no muchas m\u00e1s, y ya veremos cu\u00e1nto dura esta tendencia. Y, por otro lado, hay <strong>menos seguridades y m\u00e1s incertidumbres<\/strong> de si podr\u00e1 conseguir financiaci\u00f3n.<\/p>\n<p>En nuestro caso, este segundo trimestre del 2019 hemos vendido claramente menos que el mismo periodo del 2018, tanto en obra nueva como en segunda mano. Aproximadamente hemos hecho <strong>un 10% menos que el a\u00f1o anterior<\/strong>.<\/p>\n<p>En cuanto <strong>al alquiler, el mercado sigue estando muy activo<\/strong>, b\u00e1sicamente porque se mantiene la gran diferencia entre la demanda y la oferta. Al no generarse m\u00e1s oferta, los precios se siguen manteniendo muy elevados y los inmuebles con rentas medianas-altas siguen alquil\u00e1ndose, en general, r\u00e1pidamente. Los de rentas muy elevadas tiene otros ritmos y hace falta dedicarles m\u00e1s tiempo para alquilarlos.<\/p>\n<p>El mercado de alquiler sigue siendo <strong>muy din\u00e1mico<\/strong>, no creemos que haya cambiado mucho en un corto plazo. Como hemos dicho, las rendas siguen siendo muy elevadas, el 46% de los nuevos contratos realizados el pasado2019 se sit\u00faan entre los 1.000\u20ac i los 1.500\u20ac, cuando hist\u00f3ricamente siempre hab\u00edan estado en porcentajes del 20%.<\/p>\n<p><img loading=\"lazy\" decoding=\"async\" class=\"aligncenter size-medium wp-image-17110\" src=\"https:\/\/www.amatimmobiliaris.com\/w\/wp-content\/uploads\/2022\/01\/casa-lupa-3-300x208.jpg\" alt=\"\" width=\"300\" height=\"208\" \/><\/p>\n<p><strong>Sobredosis legislativa<\/strong><\/p>\n<p>En 12 meses hemos tenido ocho cambios de escenario en referencia al marco legislativo de la vivienda y, en especial, del alquiler. Algunos ha sido cambios aprobados y que luego no se han convalidado, otros han sido cambios anunciados y no presentados en el \u00faltimo minuto, pero que igualmente crean incertidumbre. Todos estos cambios demuestran que <strong>no hay ninguna estrategia ni consenso pol\u00edtico respecto a la vivienda<\/strong>. Se intentan resolver problemas reales que tenemos a corto plazo, pero no se asientan bases reales para el medio y largo plazo.<\/p>\n<p>Hemos acabado con la Ley 17\/2019 del 23 de diciembre, de <strong>medidas urgentes para mejorar el acceso a la vivienda<\/strong>. Esta ley modifica varias leyes, como las de la vivienda, la de urbanismo o la de emergencia habitacional. El objetivo es bueno: conseguir viviendas para las familias m\u00e1s desfavorecidas. Pero \u00bfson correctas las medidas planteadas? \u00bfDebe recaer, preferentemente, como una obligaci\u00f3n en los grandes tenedores? \u00bfEl umbral del gran tenedor es correcto? \u00bfEs normal que se legitime una forma de ocupaci\u00f3n, aunque sea en relaci\u00f3n a los tenedores financieros?<\/p>\n<p>Desde nuestro punto de vista, esta nueva ley deja en evidencia el fracaso de lo que deber\u00edamos haber conseguido: <strong>edificar viviendas sociales a trav\u00e9s de la colaboraci\u00f3n p\u00fablico-privada<\/strong> como pasa en tantos y tantos pa\u00edses europeos. Y lo sustituimos por el tanteo, retracto, aceptaci\u00f3n, ocupaci\u00f3n, etc.<\/p>\n<p>Nos preguntamos, \u00bfes un tenedor la persona f\u00edsica o jur\u00eddica que tiene 15 viviendas? \u00bfTiene que tener el mismo trato el que tiene 15 viviendas que el que tiene 500? \u00bfNo es diferente?<\/p>\n<p>Pues desde nuestro punto de vista es discutible, en Catalu\u00f1a hist\u00f3ricamente la vivienda ha sido una forma de ahorro, esto ya viene de generaciones, y seguro que hay bastantes propietarios que tiene m\u00e1s de 15 viviendas, algunos aun con renda antigua. \u00bfSon grandes tenedores?<\/p>\n<p>No queremos polemizar, queremos contribuir a la reflexi\u00f3n.<\/p>\n<p>Continuaremos\u2026<\/p>\n<p style=\"text-align: right;\"><em><strong>Immaculada Amat<\/strong><\/em><\/p>\n<p style=\"text-align: right;\"><em><strong>Presidenta de Amat Immobiliaris<\/strong><\/em><\/p>\n","protected":false},"excerpt":{"rendered":"<p>Analizando que ha pasado si hablamos del sector inmobiliario, desde las vacaciones hasta ahora, ha estado un sube y baja. Semanas en las que parec\u00eda que la actividad bajaba y bajaba, y a los quince d\u00edas volv\u00edamos a ir de cabeza con visitas y m\u00e1s visitas. Seguramente han intervenido muchos factores pol\u00edticos, econ\u00f3micos, rumores de [&hellip;]<\/p>\n","protected":false},"author":1,"featured_media":15930,"comment_status":"closed","ping_status":"closed","sticky":false,"template":"","format":"standard","meta":{"content-type":"","footnotes":""},"categories":[746],"tags":[1802,942,1808,1666],"yoast_head":"<!-- This site is optimized with the Yoast SEO plugin v23.9 - https:\/\/yoast.com\/wordpress\/plugins\/seo\/ -->\n<title>Terminamos un 2019 de Dragon Khan, empezamos un 2020 con perspectivas de estabilidad | Amat Immobiliaris<\/title>\n<meta name=\"robots\" content=\"index, follow, max-snippet:-1, max-image-preview:large, max-video-preview:-1\" \/>\n<link rel=\"canonical\" href=\"https:\/\/www.amatimmobiliaris.com\/w\/2020\/02\/acabamos-2019-dragon-khan-empezamos-2020-perspectivas-estabilidad\/\" \/>\n<meta property=\"og:locale\" content=\"es_ES\" \/>\n<meta property=\"og:type\" content=\"article\" \/>\n<meta property=\"og:title\" content=\"Terminamos un 2019 de Dragon Khan, empezamos un 2020 con perspectivas de estabilidad | Amat Immobiliaris\" \/>\n<meta property=\"og:description\" content=\"Analizando que ha pasado si hablamos del sector inmobiliario, desde las vacaciones hasta ahora, ha estado un sube y baja. Semanas en las que parec\u00eda que la actividad bajaba y bajaba, y a los quince d\u00edas volv\u00edamos a ir de cabeza con visitas y m\u00e1s visitas. Seguramente han intervenido muchos factores pol\u00edticos, econ\u00f3micos, rumores de [&hellip;]\" \/>\n<meta property=\"og:url\" content=\"https:\/\/www.amatimmobiliaris.com\/w\/2020\/02\/acabamos-2019-dragon-khan-empezamos-2020-perspectivas-estabilidad\/\" \/>\n<meta property=\"og:site_name\" content=\"Amat Immobiliaris\" \/>\n<meta property=\"article:publisher\" content=\"https:\/\/www.facebook.com\/amatimmobiliaris\" \/>\n<meta property=\"article:published_time\" content=\"2020-02-07T11:16:13+00:00\" \/>\n<meta property=\"article:modified_time\" content=\"2023-05-11T08:49:12+00:00\" \/>\n<meta property=\"og:image\" content=\"https:\/\/www.amatimmobiliaris.com\/w\/wp-content\/uploads\/2022\/01\/casa-lupa-3.jpg\" \/>\n\t<meta property=\"og:image:width\" content=\"1731\" \/>\n\t<meta property=\"og:image:height\" content=\"1202\" \/>\n\t<meta property=\"og:image:type\" content=\"image\/jpeg\" \/>\n<meta name=\"author\" content=\"Amat Immobiliaris\" \/>\n<meta name=\"twitter:card\" content=\"summary_large_image\" \/>\n<meta name=\"twitter:creator\" content=\"@amat_cat\" \/>\n<meta name=\"twitter:site\" content=\"@amat_cat\" \/>\n<meta name=\"twitter:label1\" content=\"Escrito por\" \/>\n\t<meta name=\"twitter:data1\" content=\"Amat Immobiliaris\" \/>\n\t<meta name=\"twitter:label2\" content=\"Tiempo de lectura\" \/>\n\t<meta name=\"twitter:data2\" content=\"3 minutos\" \/>\n<script type=\"application\/ld+json\" class=\"yoast-schema-graph\">{\"@context\":\"https:\/\/schema.org\",\"@graph\":[{\"@type\":\"Article\",\"@id\":\"https:\/\/www.amatimmobiliaris.com\/w\/2020\/02\/acabamos-2019-dragon-khan-empezamos-2020-perspectivas-estabilidad\/#article\",\"isPartOf\":{\"@id\":\"https:\/\/www.amatimmobiliaris.com\/w\/2020\/02\/acabamos-2019-dragon-khan-empezamos-2020-perspectivas-estabilidad\/\"},\"author\":{\"name\":\"Amat Immobiliaris\",\"@id\":\"https:\/\/www.amatimmobiliaris.com\/w\/#\/schema\/person\/c880da71d1e156e7ea6774ffb445e034\"},\"headline\":\"Terminamos un 2019 de Dragon Khan, empezamos un 2020 con perspectivas de estabilidad\",\"datePublished\":\"2020-02-07T11:16:13+00:00\",\"dateModified\":\"2023-05-11T08:49:12+00:00\",\"mainEntityOfPage\":{\"@id\":\"https:\/\/www.amatimmobiliaris.com\/w\/2020\/02\/acabamos-2019-dragon-khan-empezamos-2020-perspectivas-estabilidad\/\"},\"wordCount\":615,\"publisher\":{\"@id\":\"https:\/\/www.amatimmobiliaris.com\/w\/#organization\"},\"image\":{\"@id\":\"https:\/\/www.amatimmobiliaris.com\/w\/2020\/02\/acabamos-2019-dragon-khan-empezamos-2020-perspectivas-estabilidad\/#primaryimage\"},\"thumbnailUrl\":\"https:\/\/www.amatimmobiliaris.com\/w\/wp-content\/uploads\/2022\/01\/casa-lupa-3.jpg\",\"keywords\":[\"Habitaci\u00f3n\",\"Inmobiliaria\",\"Reflexiones\",\"Urbanismo\"],\"articleSection\":[\"Reflexiones\"],\"inLanguage\":\"es\"},{\"@type\":\"WebPage\",\"@id\":\"https:\/\/www.amatimmobiliaris.com\/w\/2020\/02\/acabamos-2019-dragon-khan-empezamos-2020-perspectivas-estabilidad\/\",\"url\":\"https:\/\/www.amatimmobiliaris.com\/w\/2020\/02\/acabamos-2019-dragon-khan-empezamos-2020-perspectivas-estabilidad\/\",\"name\":\"Terminamos un 2019 de Dragon Khan, empezamos un 2020 con perspectivas de estabilidad | Amat Immobiliaris\",\"isPartOf\":{\"@id\":\"https:\/\/www.amatimmobiliaris.com\/w\/#website\"},\"primaryImageOfPage\":{\"@id\":\"https:\/\/www.amatimmobiliaris.com\/w\/2020\/02\/acabamos-2019-dragon-khan-empezamos-2020-perspectivas-estabilidad\/#primaryimage\"},\"image\":{\"@id\":\"https:\/\/www.amatimmobiliaris.com\/w\/2020\/02\/acabamos-2019-dragon-khan-empezamos-2020-perspectivas-estabilidad\/#primaryimage\"},\"thumbnailUrl\":\"https:\/\/www.amatimmobiliaris.com\/w\/wp-content\/uploads\/2022\/01\/casa-lupa-3.jpg\",\"datePublished\":\"2020-02-07T11:16:13+00:00\",\"dateModified\":\"2023-05-11T08:49:12+00:00\",\"breadcrumb\":{\"@id\":\"https:\/\/www.amatimmobiliaris.com\/w\/2020\/02\/acabamos-2019-dragon-khan-empezamos-2020-perspectivas-estabilidad\/#breadcrumb\"},\"inLanguage\":\"es\",\"potentialAction\":[{\"@type\":\"ReadAction\",\"target\":[\"https:\/\/www.amatimmobiliaris.com\/w\/2020\/02\/acabamos-2019-dragon-khan-empezamos-2020-perspectivas-estabilidad\/\"]}]},{\"@type\":\"ImageObject\",\"inLanguage\":\"es\",\"@id\":\"https:\/\/www.amatimmobiliaris.com\/w\/2020\/02\/acabamos-2019-dragon-khan-empezamos-2020-perspectivas-estabilidad\/#primaryimage\",\"url\":\"https:\/\/www.amatimmobiliaris.com\/w\/wp-content\/uploads\/2022\/01\/casa-lupa-3.jpg\",\"contentUrl\":\"https:\/\/www.amatimmobiliaris.com\/w\/wp-content\/uploads\/2022\/01\/casa-lupa-3.jpg\",\"width\":1731,\"height\":1202},{\"@type\":\"BreadcrumbList\",\"@id\":\"https:\/\/www.amatimmobiliaris.com\/w\/2020\/02\/acabamos-2019-dragon-khan-empezamos-2020-perspectivas-estabilidad\/#breadcrumb\",\"itemListElement\":[{\"@type\":\"ListItem\",\"position\":1,\"name\":\"Home\",\"item\":\"https:\/\/www.amatimmobiliaris.com\/w\/\"},{\"@type\":\"ListItem\",\"position\":2,\"name\":\"El mundo Amat\",\"item\":\"https:\/\/www.amatimmobiliaris.com\/w\/category\/el-mundo-amat\/\"},{\"@type\":\"ListItem\",\"position\":3,\"name\":\"Reflexiones\",\"item\":\"https:\/\/www.amatimmobiliaris.com\/w\/category\/el-mundo-amat\/reflexiones\/\"},{\"@type\":\"ListItem\",\"position\":4,\"name\":\"Terminamos un 2019 de Dragon Khan, empezamos un 2020 con perspectivas de estabilidad\"}]},{\"@type\":\"WebSite\",\"@id\":\"https:\/\/www.amatimmobiliaris.com\/w\/#website\",\"url\":\"https:\/\/www.amatimmobiliaris.com\/w\/\",\"name\":\"Amat Immobiliaris\",\"description\":\"Empresa familiar del sector inmobiliario con oficinas en Barcelona, Sant Cugat del Vall\u00e9s y Sant Just Desvern. Te ayudamos a comprar, alquilar o vender tu casa o piso. Somos un equipo coherente con una cultura de empresa honesta, innovadora y eficaz. Tambi\u00e9n en www.amatluxury.com\",\"publisher\":{\"@id\":\"https:\/\/www.amatimmobiliaris.com\/w\/#organization\"},\"alternateName\":\"AmatImmo\",\"potentialAction\":[{\"@type\":\"SearchAction\",\"target\":{\"@type\":\"EntryPoint\",\"urlTemplate\":\"https:\/\/www.amatimmobiliaris.com\/w\/?s={search_term_string}\"},\"query-input\":{\"@type\":\"PropertyValueSpecification\",\"valueRequired\":true,\"valueName\":\"search_term_string\"}}],\"inLanguage\":\"es\"},{\"@type\":\"Organization\",\"@id\":\"https:\/\/www.amatimmobiliaris.com\/w\/#organization\",\"name\":\"Amat Immobiliaris\",\"url\":\"https:\/\/www.amatimmobiliaris.com\/w\/\",\"logo\":{\"@type\":\"ImageObject\",\"inLanguage\":\"es\",\"@id\":\"https:\/\/www.amatimmobiliaris.com\/w\/#\/schema\/logo\/image\/\",\"url\":\"https:\/\/www.amatimmobiliaris.com\/w\/wp-content\/uploads\/2022\/10\/amat-logo.jpg\",\"contentUrl\":\"https:\/\/www.amatimmobiliaris.com\/w\/wp-content\/uploads\/2022\/10\/amat-logo.jpg\",\"width\":900,\"height\":900,\"caption\":\"Amat Immobiliaris\"},\"image\":{\"@id\":\"https:\/\/www.amatimmobiliaris.com\/w\/#\/schema\/logo\/image\/\"},\"sameAs\":[\"https:\/\/www.facebook.com\/amatimmobiliaris\",\"https:\/\/x.com\/amat_cat\",\"https:\/\/www.instagram.com\/amat_immo\/\",\"https:\/\/www.linkedin.com\/company\/amat-finques\/\",\"https:\/\/www.youtube.com\/@amatimmobiliaris\"]},{\"@type\":\"Person\",\"@id\":\"https:\/\/www.amatimmobiliaris.com\/w\/#\/schema\/person\/c880da71d1e156e7ea6774ffb445e034\",\"name\":\"Amat Immobiliaris\",\"sameAs\":[\"http:\/\/amat-inmo-wp.localhost\"]}]}<\/script>\n<!-- \/ Yoast SEO plugin. -->","yoast_head_json":{"title":"Terminamos un 2019 de Dragon Khan, empezamos un 2020 con perspectivas de estabilidad | Amat Immobiliaris","robots":{"index":"index","follow":"follow","max-snippet":"max-snippet:-1","max-image-preview":"max-image-preview:large","max-video-preview":"max-video-preview:-1"},"canonical":"https:\/\/www.amatimmobiliaris.com\/w\/2020\/02\/acabamos-2019-dragon-khan-empezamos-2020-perspectivas-estabilidad\/","og_locale":"es_ES","og_type":"article","og_title":"Terminamos un 2019 de Dragon Khan, empezamos un 2020 con perspectivas de estabilidad | Amat Immobiliaris","og_description":"Analizando que ha pasado si hablamos del sector inmobiliario, desde las vacaciones hasta ahora, ha estado un sube y baja. Semanas en las que parec\u00eda que la actividad bajaba y bajaba, y a los quince d\u00edas volv\u00edamos a ir de cabeza con visitas y m\u00e1s visitas. Seguramente han intervenido muchos factores pol\u00edticos, econ\u00f3micos, rumores de [&hellip;]","og_url":"https:\/\/www.amatimmobiliaris.com\/w\/2020\/02\/acabamos-2019-dragon-khan-empezamos-2020-perspectivas-estabilidad\/","og_site_name":"Amat Immobiliaris","article_publisher":"https:\/\/www.facebook.com\/amatimmobiliaris","article_published_time":"2020-02-07T11:16:13+00:00","article_modified_time":"2023-05-11T08:49:12+00:00","og_image":[{"width":1731,"height":1202,"url":"https:\/\/www.amatimmobiliaris.com\/w\/wp-content\/uploads\/2022\/01\/casa-lupa-3.jpg","type":"image\/jpeg"}],"author":"Amat Immobiliaris","twitter_card":"summary_large_image","twitter_creator":"@amat_cat","twitter_site":"@amat_cat","twitter_misc":{"Escrito por":"Amat Immobiliaris","Tiempo de lectura":"3 minutos"},"schema":{"@context":"https:\/\/schema.org","@graph":[{"@type":"Article","@id":"https:\/\/www.amatimmobiliaris.com\/w\/2020\/02\/acabamos-2019-dragon-khan-empezamos-2020-perspectivas-estabilidad\/#article","isPartOf":{"@id":"https:\/\/www.amatimmobiliaris.com\/w\/2020\/02\/acabamos-2019-dragon-khan-empezamos-2020-perspectivas-estabilidad\/"},"author":{"name":"Amat Immobiliaris","@id":"https:\/\/www.amatimmobiliaris.com\/w\/#\/schema\/person\/c880da71d1e156e7ea6774ffb445e034"},"headline":"Terminamos un 2019 de Dragon Khan, empezamos un 2020 con perspectivas de estabilidad","datePublished":"2020-02-07T11:16:13+00:00","dateModified":"2023-05-11T08:49:12+00:00","mainEntityOfPage":{"@id":"https:\/\/www.amatimmobiliaris.com\/w\/2020\/02\/acabamos-2019-dragon-khan-empezamos-2020-perspectivas-estabilidad\/"},"wordCount":615,"publisher":{"@id":"https:\/\/www.amatimmobiliaris.com\/w\/#organization"},"image":{"@id":"https:\/\/www.amatimmobiliaris.com\/w\/2020\/02\/acabamos-2019-dragon-khan-empezamos-2020-perspectivas-estabilidad\/#primaryimage"},"thumbnailUrl":"https:\/\/www.amatimmobiliaris.com\/w\/wp-content\/uploads\/2022\/01\/casa-lupa-3.jpg","keywords":["Habitaci\u00f3n","Inmobiliaria","Reflexiones","Urbanismo"],"articleSection":["Reflexiones"],"inLanguage":"es"},{"@type":"WebPage","@id":"https:\/\/www.amatimmobiliaris.com\/w\/2020\/02\/acabamos-2019-dragon-khan-empezamos-2020-perspectivas-estabilidad\/","url":"https:\/\/www.amatimmobiliaris.com\/w\/2020\/02\/acabamos-2019-dragon-khan-empezamos-2020-perspectivas-estabilidad\/","name":"Terminamos un 2019 de Dragon Khan, empezamos un 2020 con perspectivas de estabilidad | Amat Immobiliaris","isPartOf":{"@id":"https:\/\/www.amatimmobiliaris.com\/w\/#website"},"primaryImageOfPage":{"@id":"https:\/\/www.amatimmobiliaris.com\/w\/2020\/02\/acabamos-2019-dragon-khan-empezamos-2020-perspectivas-estabilidad\/#primaryimage"},"image":{"@id":"https:\/\/www.amatimmobiliaris.com\/w\/2020\/02\/acabamos-2019-dragon-khan-empezamos-2020-perspectivas-estabilidad\/#primaryimage"},"thumbnailUrl":"https:\/\/www.amatimmobiliaris.com\/w\/wp-content\/uploads\/2022\/01\/casa-lupa-3.jpg","datePublished":"2020-02-07T11:16:13+00:00","dateModified":"2023-05-11T08:49:12+00:00","breadcrumb":{"@id":"https:\/\/www.amatimmobiliaris.com\/w\/2020\/02\/acabamos-2019-dragon-khan-empezamos-2020-perspectivas-estabilidad\/#breadcrumb"},"inLanguage":"es","potentialAction":[{"@type":"ReadAction","target":["https:\/\/www.amatimmobiliaris.com\/w\/2020\/02\/acabamos-2019-dragon-khan-empezamos-2020-perspectivas-estabilidad\/"]}]},{"@type":"ImageObject","inLanguage":"es","@id":"https:\/\/www.amatimmobiliaris.com\/w\/2020\/02\/acabamos-2019-dragon-khan-empezamos-2020-perspectivas-estabilidad\/#primaryimage","url":"https:\/\/www.amatimmobiliaris.com\/w\/wp-content\/uploads\/2022\/01\/casa-lupa-3.jpg","contentUrl":"https:\/\/www.amatimmobiliaris.com\/w\/wp-content\/uploads\/2022\/01\/casa-lupa-3.jpg","width":1731,"height":1202},{"@type":"BreadcrumbList","@id":"https:\/\/www.amatimmobiliaris.com\/w\/2020\/02\/acabamos-2019-dragon-khan-empezamos-2020-perspectivas-estabilidad\/#breadcrumb","itemListElement":[{"@type":"ListItem","position":1,"name":"Home","item":"https:\/\/www.amatimmobiliaris.com\/w\/"},{"@type":"ListItem","position":2,"name":"El mundo Amat","item":"https:\/\/www.amatimmobiliaris.com\/w\/category\/el-mundo-amat\/"},{"@type":"ListItem","position":3,"name":"Reflexiones","item":"https:\/\/www.amatimmobiliaris.com\/w\/category\/el-mundo-amat\/reflexiones\/"},{"@type":"ListItem","position":4,"name":"Terminamos un 2019 de Dragon Khan, empezamos un 2020 con perspectivas de estabilidad"}]},{"@type":"WebSite","@id":"https:\/\/www.amatimmobiliaris.com\/w\/#website","url":"https:\/\/www.amatimmobiliaris.com\/w\/","name":"Amat Immobiliaris","description":"Empresa familiar del sector inmobiliario con oficinas en Barcelona, Sant Cugat del Vall\u00e9s y Sant Just Desvern. Te ayudamos a comprar, alquilar o vender tu casa o piso. Somos un equipo coherente con una cultura de empresa honesta, innovadora y eficaz. Tambi\u00e9n en www.amatluxury.com","publisher":{"@id":"https:\/\/www.amatimmobiliaris.com\/w\/#organization"},"alternateName":"AmatImmo","potentialAction":[{"@type":"SearchAction","target":{"@type":"EntryPoint","urlTemplate":"https:\/\/www.amatimmobiliaris.com\/w\/?s={search_term_string}"},"query-input":{"@type":"PropertyValueSpecification","valueRequired":true,"valueName":"search_term_string"}}],"inLanguage":"es"},{"@type":"Organization","@id":"https:\/\/www.amatimmobiliaris.com\/w\/#organization","name":"Amat Immobiliaris","url":"https:\/\/www.amatimmobiliaris.com\/w\/","logo":{"@type":"ImageObject","inLanguage":"es","@id":"https:\/\/www.amatimmobiliaris.com\/w\/#\/schema\/logo\/image\/","url":"https:\/\/www.amatimmobiliaris.com\/w\/wp-content\/uploads\/2022\/10\/amat-logo.jpg","contentUrl":"https:\/\/www.amatimmobiliaris.com\/w\/wp-content\/uploads\/2022\/10\/amat-logo.jpg","width":900,"height":900,"caption":"Amat Immobiliaris"},"image":{"@id":"https:\/\/www.amatimmobiliaris.com\/w\/#\/schema\/logo\/image\/"},"sameAs":["https:\/\/www.facebook.com\/amatimmobiliaris","https:\/\/x.com\/amat_cat","https:\/\/www.instagram.com\/amat_immo\/","https:\/\/www.linkedin.com\/company\/amat-finques\/","https:\/\/www.youtube.com\/@amatimmobiliaris"]},{"@type":"Person","@id":"https:\/\/www.amatimmobiliaris.com\/w\/#\/schema\/person\/c880da71d1e156e7ea6774ffb445e034","name":"Amat Immobiliaris","sameAs":["http:\/\/amat-inmo-wp.localhost"]}]}},"_links":{"self":[{"href":"https:\/\/www.amatimmobiliaris.com\/w\/wp-json\/wp\/v2\/posts\/15929"}],"collection":[{"href":"https:\/\/www.amatimmobiliaris.com\/w\/wp-json\/wp\/v2\/posts"}],"about":[{"href":"https:\/\/www.amatimmobiliaris.com\/w\/wp-json\/wp\/v2\/types\/post"}],"author":[{"embeddable":true,"href":"https:\/\/www.amatimmobiliaris.com\/w\/wp-json\/wp\/v2\/users\/1"}],"replies":[{"embeddable":true,"href":"https:\/\/www.amatimmobiliaris.com\/w\/wp-json\/wp\/v2\/comments?post=15929"}],"version-history":[{"count":1,"href":"https:\/\/www.amatimmobiliaris.com\/w\/wp-json\/wp\/v2\/posts\/15929\/revisions"}],"predecessor-version":[{"id":17461,"href":"https:\/\/www.amatimmobiliaris.com\/w\/wp-json\/wp\/v2\/posts\/15929\/revisions\/17461"}],"wp:featuredmedia":[{"embeddable":true,"href":"https:\/\/www.amatimmobiliaris.com\/w\/wp-json\/wp\/v2\/media\/15930"}],"wp:attachment":[{"href":"https:\/\/www.amatimmobiliaris.com\/w\/wp-json\/wp\/v2\/media?parent=15929"}],"wp:term":[{"taxonomy":"category","embeddable":true,"href":"https:\/\/www.amatimmobiliaris.com\/w\/wp-json\/wp\/v2\/categories?post=15929"},{"taxonomy":"post_tag","embeddable":true,"href":"https:\/\/www.amatimmobiliaris.com\/w\/wp-json\/wp\/v2\/tags?post=15929"}],"curies":[{"name":"wp","href":"https:\/\/api.w.org\/{rel}","templated":true}]}}