{"id":15917,"date":"2020-01-24T08:00:17","date_gmt":"2020-01-24T08:00:17","guid":{"rendered":"http:\/\/amat-inmo-wp.localhost\/2020\/01\/24\/calendario-amat-2020-autismo\/"},"modified":"2023-05-11T09:57:54","modified_gmt":"2023-05-11T09:57:54","slug":"calendario-amat-2020-autismo","status":"publish","type":"post","link":"https:\/\/www.amatimmobiliaris.com\/w\/2020\/01\/calendario-amat-2020-autismo\/","title":{"rendered":"El Calendario AMAT 2020 y el autismo"},"content":{"rendered":"<p>Hemos iniciado un nuevo a\u00f1o con <span style=\"color: #0000ff;\"><span style=\"color: #000000;\">el<\/span> <a style=\"color: #0000ff;\" href=\"https:\/\/issuu.com\/amatimmobiliaris\/docs\/calendari_amat_2020_issuu\">Calendario AMAT 2020<\/a><\/span> y en esta ocasi\u00f3n lo hemos hecho colaborando con la <span style=\"color: #0000ff;\"><a style=\"color: #0000ff;\" href=\"https:\/\/www.aprenemautisme.org\/\">asociaci\u00f3n<em> APRENEM<\/em><\/a> <\/span>para dar a conocer el trastorno y para huir de los tab\u00fas.<\/p>\n<p>Cada a\u00f1o el <strong>Calendario AMAT<\/strong> trata una tem\u00e1tica diferente, y para este 2020 nos hemos centrado en el <strong>trastorno del espectro autista<\/strong>. Cada mes hay una frase y una imagen que ayuda a <strong>romper los estereotipos<\/strong> que se puedan tener sobre el trastorno y a informar un poco m\u00e1s sobre el autismo. Se trata de un <strong>trastorno neurol\u00f3gico<\/strong> que afecta a la percepci\u00f3n y al procesamiento de la informaci\u00f3n; el trastorno se hace evidente antes de los 3 a\u00f1os, pero se acostumbra a diagnosticar m\u00e1s tarde, y persiste a lo largo de la vida.<\/p>\n<p><a href=\"https:\/\/issuu.com\/amatimmobiliaris\/docs\/calendari_amat_2020_issuu\"><img loading=\"lazy\" decoding=\"async\" class=\"aligncenter wp-image-17000 size-medium\" src=\"https:\/\/www.amatimmobiliaris.com\/w\/wp-content\/uploads\/2022\/01\/calendari-amat_2020-3-300x239.jpg\" width=\"300\" height=\"239\" \/><\/a><\/p>\n<p>La <strong>asociaci\u00f3n <em>APRENEM<\/em><\/strong> es una iniciativa para la <strong>inclusi\u00f3n<\/strong> de las persones con el trastorno del espectro autista que reivindica el derecho de las personas y defiende la atenci\u00f3n adecuada a su especificidad. Lo hacen evaluando las necesidades de los ni\u00f1os y adolescentes con autismo, recogiendo experiencias y estudiando informes y documentaci\u00f3n cient\u00edfica internacional. De esta forma pueden dise\u00f1ar servicios y proyectos adaptados a las necesidades reales de las personas con autismo y a sus familias.<\/p>\n<blockquote>\n<h4 style=\"text-align: center;\"><strong>\u201cLa inclusi\u00f3n de las personas con autismo es responsabilidad de todos, hag\u00e1moslo posible.\u201d<\/strong><\/h4>\n<\/blockquote>\n<p><a href=\"http:\/\/iframe%20allowfullscreen%20allow=fullscreen%20style=border:none;width:100%;height:326px;%20src=\/\/e.issuu.com\/embed.html?d=calendari_amat_2020_issuu&amp;u=amatimmobiliaris\/iframe\"><iframe loading=\"lazy\" style=\"border: none; width: 100%; height: 326px;\" src=\"\/\/e.issuu.com\/embed.html?d=calendari_amat_2020_issuu&amp;u=amatimmobiliaris\" width=\"300\" height=\"150\" allowfullscreen=\"allowfullscreen\"><\/iframe><\/a><\/p>\n","protected":false},"excerpt":{"rendered":"<p>Hemos iniciado un nuevo a\u00f1o con el Calendario AMAT 2020 y en esta ocasi\u00f3n lo hemos hecho colaborando con la asociaci\u00f3n APRENEM para dar a conocer el trastorno y para huir de los tab\u00fas. Cada a\u00f1o el Calendario AMAT trata una tem\u00e1tica diferente, y para este 2020 nos hemos centrado en el trastorno del espectro [&hellip;]<\/p>\n","protected":false},"author":1,"featured_media":15918,"comment_status":"closed","ping_status":"open","sticky":false,"template":"","format":"standard","meta":{"content-type":"","footnotes":""},"categories":[1147],"tags":[1738,949,950],"yoast_head":"<!-- This site is optimized with the Yoast SEO plugin v23.9 - https:\/\/yoast.com\/wordpress\/plugins\/seo\/ -->\n<title>El Calendario AMAT 2020 y el autismo | Amat Immobiliaris<\/title>\n<meta name=\"robots\" content=\"index, follow, max-snippet:-1, max-image-preview:large, max-video-preview:-1\" \/>\n<link rel=\"canonical\" href=\"https:\/\/www.amatimmobiliaris.com\/w\/2020\/01\/calendario-amat-2020-autismo\/\" \/>\n<meta property=\"og:locale\" content=\"es_ES\" \/>\n<meta property=\"og:type\" content=\"article\" \/>\n<meta property=\"og:title\" content=\"El Calendario AMAT 2020 y el autismo | Amat Immobiliaris\" \/>\n<meta property=\"og:description\" content=\"Hemos iniciado un nuevo a\u00f1o con el Calendario AMAT 2020 y en esta ocasi\u00f3n lo hemos hecho colaborando con la asociaci\u00f3n APRENEM para dar a conocer el trastorno y para huir de los tab\u00fas. Cada a\u00f1o el Calendario AMAT trata una tem\u00e1tica diferente, y para este 2020 nos hemos centrado en el trastorno del espectro [&hellip;]\" \/>\n<meta property=\"og:url\" content=\"https:\/\/www.amatimmobiliaris.com\/w\/2020\/01\/calendario-amat-2020-autismo\/\" \/>\n<meta property=\"og:site_name\" content=\"Amat Immobiliaris\" \/>\n<meta property=\"article:publisher\" content=\"https:\/\/www.facebook.com\/amatimmobiliaris\" \/>\n<meta property=\"article:published_time\" content=\"2020-01-24T08:00:17+00:00\" \/>\n<meta property=\"article:modified_time\" content=\"2023-05-11T09:57:54+00:00\" \/>\n<meta property=\"og:image\" content=\"https:\/\/www.amatimmobiliaris.com\/w\/wp-content\/uploads\/2022\/01\/calendari-amat_2020-3.jpg\" \/>\n\t<meta property=\"og:image:width\" content=\"1064\" \/>\n\t<meta property=\"og:image:height\" content=\"847\" \/>\n\t<meta property=\"og:image:type\" content=\"image\/jpeg\" \/>\n<meta name=\"author\" content=\"Amat Immobiliaris\" \/>\n<meta name=\"twitter:card\" content=\"summary_large_image\" \/>\n<meta name=\"twitter:creator\" content=\"@amat_cat\" \/>\n<meta name=\"twitter:site\" content=\"@amat_cat\" \/>\n<meta name=\"twitter:label1\" content=\"Escrito por\" \/>\n\t<meta name=\"twitter:data1\" content=\"Amat Immobiliaris\" \/>\n\t<meta name=\"twitter:label2\" content=\"Tiempo de lectura\" \/>\n\t<meta name=\"twitter:data2\" content=\"1 minuto\" \/>\n<script type=\"application\/ld+json\" class=\"yoast-schema-graph\">{\"@context\":\"https:\/\/schema.org\",\"@graph\":[{\"@type\":\"Article\",\"@id\":\"https:\/\/www.amatimmobiliaris.com\/w\/2020\/01\/calendario-amat-2020-autismo\/#article\",\"isPartOf\":{\"@id\":\"https:\/\/www.amatimmobiliaris.com\/w\/2020\/01\/calendario-amat-2020-autismo\/\"},\"author\":{\"name\":\"Amat Immobiliaris\",\"@id\":\"https:\/\/www.amatimmobiliaris.com\/w\/#\/schema\/person\/c880da71d1e156e7ea6774ffb445e034\"},\"headline\":\"El Calendario AMAT 2020 y el autismo\",\"datePublished\":\"2020-01-24T08:00:17+00:00\",\"dateModified\":\"2023-05-11T09:57:54+00:00\",\"mainEntityOfPage\":{\"@id\":\"https:\/\/www.amatimmobiliaris.com\/w\/2020\/01\/calendario-amat-2020-autismo\/\"},\"wordCount\":241,\"publisher\":{\"@id\":\"https:\/\/www.amatimmobiliaris.com\/w\/#organization\"},\"image\":{\"@id\":\"https:\/\/www.amatimmobiliaris.com\/w\/2020\/01\/calendario-amat-2020-autismo\/#primaryimage\"},\"thumbnailUrl\":\"https:\/\/www.amatimmobiliaris.com\/w\/wp-content\/uploads\/2022\/01\/calendari-amat_2020-3.jpg\",\"keywords\":[\"A\u00f1o nuevo\",\"Autismo\",\"Calendario\"],\"articleSection\":[\"El m\u00f3n Amat\"],\"inLanguage\":\"es\"},{\"@type\":\"WebPage\",\"@id\":\"https:\/\/www.amatimmobiliaris.com\/w\/2020\/01\/calendario-amat-2020-autismo\/\",\"url\":\"https:\/\/www.amatimmobiliaris.com\/w\/2020\/01\/calendario-amat-2020-autismo\/\",\"name\":\"El Calendario AMAT 2020 y el autismo | Amat Immobiliaris\",\"isPartOf\":{\"@id\":\"https:\/\/www.amatimmobiliaris.com\/w\/#website\"},\"primaryImageOfPage\":{\"@id\":\"https:\/\/www.amatimmobiliaris.com\/w\/2020\/01\/calendario-amat-2020-autismo\/#primaryimage\"},\"image\":{\"@id\":\"https:\/\/www.amatimmobiliaris.com\/w\/2020\/01\/calendario-amat-2020-autismo\/#primaryimage\"},\"thumbnailUrl\":\"https:\/\/www.amatimmobiliaris.com\/w\/wp-content\/uploads\/2022\/01\/calendari-amat_2020-3.jpg\",\"datePublished\":\"2020-01-24T08:00:17+00:00\",\"dateModified\":\"2023-05-11T09:57:54+00:00\",\"breadcrumb\":{\"@id\":\"https:\/\/www.amatimmobiliaris.com\/w\/2020\/01\/calendario-amat-2020-autismo\/#breadcrumb\"},\"inLanguage\":\"es\",\"potentialAction\":[{\"@type\":\"ReadAction\",\"target\":[\"https:\/\/www.amatimmobiliaris.com\/w\/2020\/01\/calendario-amat-2020-autismo\/\"]}]},{\"@type\":\"ImageObject\",\"inLanguage\":\"es\",\"@id\":\"https:\/\/www.amatimmobiliaris.com\/w\/2020\/01\/calendario-amat-2020-autismo\/#primaryimage\",\"url\":\"https:\/\/www.amatimmobiliaris.com\/w\/wp-content\/uploads\/2022\/01\/calendari-amat_2020-3.jpg\",\"contentUrl\":\"https:\/\/www.amatimmobiliaris.com\/w\/wp-content\/uploads\/2022\/01\/calendari-amat_2020-3.jpg\",\"width\":1064,\"height\":847},{\"@type\":\"BreadcrumbList\",\"@id\":\"https:\/\/www.amatimmobiliaris.com\/w\/2020\/01\/calendario-amat-2020-autismo\/#breadcrumb\",\"itemListElement\":[{\"@type\":\"ListItem\",\"position\":1,\"name\":\"Home\",\"item\":\"https:\/\/www.amatimmobiliaris.com\/w\/\"},{\"@type\":\"ListItem\",\"position\":2,\"name\":\"El m\u00f3n Amat\",\"item\":\"https:\/\/www.amatimmobiliaris.com\/w\/ca\/categoria-ca\/el-mon-amat-ca\/\"},{\"@type\":\"ListItem\",\"position\":3,\"name\":\"El Calendario AMAT 2020 y el autismo\"}]},{\"@type\":\"WebSite\",\"@id\":\"https:\/\/www.amatimmobiliaris.com\/w\/#website\",\"url\":\"https:\/\/www.amatimmobiliaris.com\/w\/\",\"name\":\"Amat Immobiliaris\",\"description\":\"Empresa familiar del sector inmobiliario con oficinas en Barcelona, Sant Cugat del Vall\u00e9s y Sant Just Desvern. Te ayudamos a comprar, alquilar o vender tu casa o piso. Somos un equipo coherente con una cultura de empresa honesta, innovadora y eficaz. Tambi\u00e9n en www.amatluxury.com\",\"publisher\":{\"@id\":\"https:\/\/www.amatimmobiliaris.com\/w\/#organization\"},\"alternateName\":\"AmatImmo\",\"potentialAction\":[{\"@type\":\"SearchAction\",\"target\":{\"@type\":\"EntryPoint\",\"urlTemplate\":\"https:\/\/www.amatimmobiliaris.com\/w\/?s={search_term_string}\"},\"query-input\":{\"@type\":\"PropertyValueSpecification\",\"valueRequired\":true,\"valueName\":\"search_term_string\"}}],\"inLanguage\":\"es\"},{\"@type\":\"Organization\",\"@id\":\"https:\/\/www.amatimmobiliaris.com\/w\/#organization\",\"name\":\"Amat Immobiliaris\",\"url\":\"https:\/\/www.amatimmobiliaris.com\/w\/\",\"logo\":{\"@type\":\"ImageObject\",\"inLanguage\":\"es\",\"@id\":\"https:\/\/www.amatimmobiliaris.com\/w\/#\/schema\/logo\/image\/\",\"url\":\"https:\/\/www.amatimmobiliaris.com\/w\/wp-content\/uploads\/2022\/10\/amat-logo.jpg\",\"contentUrl\":\"https:\/\/www.amatimmobiliaris.com\/w\/wp-content\/uploads\/2022\/10\/amat-logo.jpg\",\"width\":900,\"height\":900,\"caption\":\"Amat Immobiliaris\"},\"image\":{\"@id\":\"https:\/\/www.amatimmobiliaris.com\/w\/#\/schema\/logo\/image\/\"},\"sameAs\":[\"https:\/\/www.facebook.com\/amatimmobiliaris\",\"https:\/\/x.com\/amat_cat\",\"https:\/\/www.instagram.com\/amat_immo\/\",\"https:\/\/www.linkedin.com\/company\/amat-finques\/\",\"https:\/\/www.youtube.com\/@amatimmobiliaris\"]},{\"@type\":\"Person\",\"@id\":\"https:\/\/www.amatimmobiliaris.com\/w\/#\/schema\/person\/c880da71d1e156e7ea6774ffb445e034\",\"name\":\"Amat Immobiliaris\",\"sameAs\":[\"http:\/\/amat-inmo-wp.localhost\"]}]}<\/script>\n<!-- \/ Yoast SEO plugin. -->","yoast_head_json":{"title":"El Calendario AMAT 2020 y el autismo | Amat Immobiliaris","robots":{"index":"index","follow":"follow","max-snippet":"max-snippet:-1","max-image-preview":"max-image-preview:large","max-video-preview":"max-video-preview:-1"},"canonical":"https:\/\/www.amatimmobiliaris.com\/w\/2020\/01\/calendario-amat-2020-autismo\/","og_locale":"es_ES","og_type":"article","og_title":"El Calendario AMAT 2020 y el autismo | Amat Immobiliaris","og_description":"Hemos iniciado un nuevo a\u00f1o con el Calendario AMAT 2020 y en esta ocasi\u00f3n lo hemos hecho colaborando con la asociaci\u00f3n APRENEM para dar a conocer el trastorno y para huir de los tab\u00fas. Cada a\u00f1o el Calendario AMAT trata una tem\u00e1tica diferente, y para este 2020 nos hemos centrado en el trastorno del espectro [&hellip;]","og_url":"https:\/\/www.amatimmobiliaris.com\/w\/2020\/01\/calendario-amat-2020-autismo\/","og_site_name":"Amat Immobiliaris","article_publisher":"https:\/\/www.facebook.com\/amatimmobiliaris","article_published_time":"2020-01-24T08:00:17+00:00","article_modified_time":"2023-05-11T09:57:54+00:00","og_image":[{"width":1064,"height":847,"url":"https:\/\/www.amatimmobiliaris.com\/w\/wp-content\/uploads\/2022\/01\/calendari-amat_2020-3.jpg","type":"image\/jpeg"}],"author":"Amat Immobiliaris","twitter_card":"summary_large_image","twitter_creator":"@amat_cat","twitter_site":"@amat_cat","twitter_misc":{"Escrito por":"Amat Immobiliaris","Tiempo de lectura":"1 minuto"},"schema":{"@context":"https:\/\/schema.org","@graph":[{"@type":"Article","@id":"https:\/\/www.amatimmobiliaris.com\/w\/2020\/01\/calendario-amat-2020-autismo\/#article","isPartOf":{"@id":"https:\/\/www.amatimmobiliaris.com\/w\/2020\/01\/calendario-amat-2020-autismo\/"},"author":{"name":"Amat Immobiliaris","@id":"https:\/\/www.amatimmobiliaris.com\/w\/#\/schema\/person\/c880da71d1e156e7ea6774ffb445e034"},"headline":"El Calendario AMAT 2020 y el autismo","datePublished":"2020-01-24T08:00:17+00:00","dateModified":"2023-05-11T09:57:54+00:00","mainEntityOfPage":{"@id":"https:\/\/www.amatimmobiliaris.com\/w\/2020\/01\/calendario-amat-2020-autismo\/"},"wordCount":241,"publisher":{"@id":"https:\/\/www.amatimmobiliaris.com\/w\/#organization"},"image":{"@id":"https:\/\/www.amatimmobiliaris.com\/w\/2020\/01\/calendario-amat-2020-autismo\/#primaryimage"},"thumbnailUrl":"https:\/\/www.amatimmobiliaris.com\/w\/wp-content\/uploads\/2022\/01\/calendari-amat_2020-3.jpg","keywords":["A\u00f1o nuevo","Autismo","Calendario"],"articleSection":["El m\u00f3n Amat"],"inLanguage":"es"},{"@type":"WebPage","@id":"https:\/\/www.amatimmobiliaris.com\/w\/2020\/01\/calendario-amat-2020-autismo\/","url":"https:\/\/www.amatimmobiliaris.com\/w\/2020\/01\/calendario-amat-2020-autismo\/","name":"El Calendario AMAT 2020 y el autismo | Amat Immobiliaris","isPartOf":{"@id":"https:\/\/www.amatimmobiliaris.com\/w\/#website"},"primaryImageOfPage":{"@id":"https:\/\/www.amatimmobiliaris.com\/w\/2020\/01\/calendario-amat-2020-autismo\/#primaryimage"},"image":{"@id":"https:\/\/www.amatimmobiliaris.com\/w\/2020\/01\/calendario-amat-2020-autismo\/#primaryimage"},"thumbnailUrl":"https:\/\/www.amatimmobiliaris.com\/w\/wp-content\/uploads\/2022\/01\/calendari-amat_2020-3.jpg","datePublished":"2020-01-24T08:00:17+00:00","dateModified":"2023-05-11T09:57:54+00:00","breadcrumb":{"@id":"https:\/\/www.amatimmobiliaris.com\/w\/2020\/01\/calendario-amat-2020-autismo\/#breadcrumb"},"inLanguage":"es","potentialAction":[{"@type":"ReadAction","target":["https:\/\/www.amatimmobiliaris.com\/w\/2020\/01\/calendario-amat-2020-autismo\/"]}]},{"@type":"ImageObject","inLanguage":"es","@id":"https:\/\/www.amatimmobiliaris.com\/w\/2020\/01\/calendario-amat-2020-autismo\/#primaryimage","url":"https:\/\/www.amatimmobiliaris.com\/w\/wp-content\/uploads\/2022\/01\/calendari-amat_2020-3.jpg","contentUrl":"https:\/\/www.amatimmobiliaris.com\/w\/wp-content\/uploads\/2022\/01\/calendari-amat_2020-3.jpg","width":1064,"height":847},{"@type":"BreadcrumbList","@id":"https:\/\/www.amatimmobiliaris.com\/w\/2020\/01\/calendario-amat-2020-autismo\/#breadcrumb","itemListElement":[{"@type":"ListItem","position":1,"name":"Home","item":"https:\/\/www.amatimmobiliaris.com\/w\/"},{"@type":"ListItem","position":2,"name":"El m\u00f3n Amat","item":"https:\/\/www.amatimmobiliaris.com\/w\/ca\/categoria-ca\/el-mon-amat-ca\/"},{"@type":"ListItem","position":3,"name":"El Calendario AMAT 2020 y el autismo"}]},{"@type":"WebSite","@id":"https:\/\/www.amatimmobiliaris.com\/w\/#website","url":"https:\/\/www.amatimmobiliaris.com\/w\/","name":"Amat Immobiliaris","description":"Empresa familiar del sector inmobiliario con oficinas en Barcelona, Sant Cugat del Vall\u00e9s y Sant Just Desvern. Te ayudamos a comprar, alquilar o vender tu casa o piso. Somos un equipo coherente con una cultura de empresa honesta, innovadora y eficaz. Tambi\u00e9n en www.amatluxury.com","publisher":{"@id":"https:\/\/www.amatimmobiliaris.com\/w\/#organization"},"alternateName":"AmatImmo","potentialAction":[{"@type":"SearchAction","target":{"@type":"EntryPoint","urlTemplate":"https:\/\/www.amatimmobiliaris.com\/w\/?s={search_term_string}"},"query-input":{"@type":"PropertyValueSpecification","valueRequired":true,"valueName":"search_term_string"}}],"inLanguage":"es"},{"@type":"Organization","@id":"https:\/\/www.amatimmobiliaris.com\/w\/#organization","name":"Amat Immobiliaris","url":"https:\/\/www.amatimmobiliaris.com\/w\/","logo":{"@type":"ImageObject","inLanguage":"es","@id":"https:\/\/www.amatimmobiliaris.com\/w\/#\/schema\/logo\/image\/","url":"https:\/\/www.amatimmobiliaris.com\/w\/wp-content\/uploads\/2022\/10\/amat-logo.jpg","contentUrl":"https:\/\/www.amatimmobiliaris.com\/w\/wp-content\/uploads\/2022\/10\/amat-logo.jpg","width":900,"height":900,"caption":"Amat Immobiliaris"},"image":{"@id":"https:\/\/www.amatimmobiliaris.com\/w\/#\/schema\/logo\/image\/"},"sameAs":["https:\/\/www.facebook.com\/amatimmobiliaris","https:\/\/x.com\/amat_cat","https:\/\/www.instagram.com\/amat_immo\/","https:\/\/www.linkedin.com\/company\/amat-finques\/","https:\/\/www.youtube.com\/@amatimmobiliaris"]},{"@type":"Person","@id":"https:\/\/www.amatimmobiliaris.com\/w\/#\/schema\/person\/c880da71d1e156e7ea6774ffb445e034","name":"Amat Immobiliaris","sameAs":["http:\/\/amat-inmo-wp.localhost"]}]}},"_links":{"self":[{"href":"https:\/\/www.amatimmobiliaris.com\/w\/wp-json\/wp\/v2\/posts\/15917"}],"collection":[{"href":"https:\/\/www.amatimmobiliaris.com\/w\/wp-json\/wp\/v2\/posts"}],"about":[{"href":"https:\/\/www.amatimmobiliaris.com\/w\/wp-json\/wp\/v2\/types\/post"}],"author":[{"embeddable":true,"href":"https:\/\/www.amatimmobiliaris.com\/w\/wp-json\/wp\/v2\/users\/1"}],"replies":[{"embeddable":true,"href":"https:\/\/www.amatimmobiliaris.com\/w\/wp-json\/wp\/v2\/comments?post=15917"}],"version-history":[{"count":1,"href":"https:\/\/www.amatimmobiliaris.com\/w\/wp-json\/wp\/v2\/posts\/15917\/revisions"}],"predecessor-version":[{"id":23205,"href":"https:\/\/www.amatimmobiliaris.com\/w\/wp-json\/wp\/v2\/posts\/15917\/revisions\/23205"}],"wp:featuredmedia":[{"embeddable":true,"href":"https:\/\/www.amatimmobiliaris.com\/w\/wp-json\/wp\/v2\/media\/15918"}],"wp:attachment":[{"href":"https:\/\/www.amatimmobiliaris.com\/w\/wp-json\/wp\/v2\/media?parent=15917"}],"wp:term":[{"taxonomy":"category","embeddable":true,"href":"https:\/\/www.amatimmobiliaris.com\/w\/wp-json\/wp\/v2\/categories?post=15917"},{"taxonomy":"post_tag","embeddable":true,"href":"https:\/\/www.amatimmobiliaris.com\/w\/wp-json\/wp\/v2\/tags?post=15917"}],"curies":[{"name":"wp","href":"https:\/\/api.w.org\/{rel}","templated":true}]}}