{"id":15810,"date":"2019-05-17T10:57:08","date_gmt":"2019-05-17T10:57:08","guid":{"rendered":"http:\/\/amat-inmo-wp.localhost\/2019\/05\/17\/joana-amat-creu-de-sant-jordi\/"},"modified":"2023-05-11T10:07:40","modified_gmt":"2023-05-11T10:07:40","slug":"joana-amat-creu-de-sant-jordi","status":"publish","type":"post","link":"https:\/\/www.amatimmobiliaris.com\/w\/2019\/05\/joana-amat-creu-de-sant-jordi\/","title":{"rendered":"Joana Amat recoge la Creu de Sant Jordi por su trayectoria profesional"},"content":{"rendered":"<p style=\"text-align: justify;\">El pasado 2 de mayo conocimos la noticia de la concesi\u00f3n de la <strong><a href=\"https:\/\/presidencia.gencat.cat\/ca\/ambits_d_actuacio\/premis\/creus-de-sant-jordi\/\">Creu de Sant Jordi<\/a><\/strong> por parte de la Generalitat a la vicepresidenta de Amat Inmobiliarios, Joana Amat, por su destacada participaci\u00f3n en el sector inmobiliario desde la empresa que fund\u00f3 su padre, <strong><a href=\"https:\/\/issuu.com\/amatimmobiliaris\/docs\/70anys_historia_amatimmobiliaris-ca\">Joan Amat, en 1948<\/a><\/strong>.<\/p>\n<p style=\"text-align: justify;\"><img loading=\"lazy\" decoding=\"async\" class=\"alignleft size-medium wp-image-14959\" src=\"https:\/\/www.amatimmobiliaris.com\/w\/wp-content\/uploads\/2022\/01\/2-8-2-300x200.jpg\" alt=\"\" width=\"300\" height=\"200\" \/>La entrega se hizo la tarde del jueves con la presencia del Presidente de la Generalitat, Quim Torra; el Vicepresidente de la Generalitat, Pere Aragon\u00e9s y la Consejera de Cultura, Mari\u00e0ngela Villalonga, en el Auditorio del Forum.<\/p>\n<blockquote>\n<p style=\"text-align: justify;\"><strong>La Creu de Sant Jordi es la m\u00e1xima distinci\u00f3n que otorga la Generalidad de Catalu\u00f1a a aquellas personas que, por sus m\u00e9ritos, han prestado servicios destacados a Catalu\u00f1a en la defensa de su identidad o en el plano c\u00edvico y cultural.<\/strong><\/p>\n<p style=\"text-align: justify;\"><strong>La distinci\u00f3n se cre\u00f3 en 1981 y cualquier ciudadano, grupo de ciudadanos o entidad puede pedir que se otorgue este galard\u00f3n a alguna persona, ya sea f\u00edsica o jur\u00eddica.<\/strong><\/p>\n<\/blockquote>\n","protected":false},"excerpt":{"rendered":"<p>El pasado 2 de mayo conocimos la noticia de la concesi\u00f3n de la Creu de Sant Jordi por parte de la Generalitat a la vicepresidenta de Amat Inmobiliarios, Joana Amat, por su destacada participaci\u00f3n en el sector inmobiliario desde la empresa que fund\u00f3 su padre, Joan Amat, en 1948. La entrega se hizo la tarde [&hellip;]<\/p>\n","protected":false},"author":1,"featured_media":15811,"comment_status":"closed","ping_status":"closed","sticky":false,"template":"","format":"standard","meta":{"content-type":"","footnotes":""},"categories":[741],"tags":[1097,1222,1241,1122,1651,1753,1197],"yoast_head":"<!-- This site is optimized with the Yoast SEO plugin v23.9 - https:\/\/yoast.com\/wordpress\/plugins\/seo\/ -->\n<title>Joana Amat recoge la Creu de Sant Jordi por su trayectoria profesional | Amat Immobiliaris<\/title>\n<meta name=\"robots\" content=\"index, follow, max-snippet:-1, max-image-preview:large, max-video-preview:-1\" \/>\n<link rel=\"canonical\" href=\"https:\/\/www.amatimmobiliaris.com\/w\/2019\/05\/joana-amat-creu-de-sant-jordi\/\" \/>\n<meta property=\"og:locale\" content=\"es_ES\" \/>\n<meta property=\"og:type\" content=\"article\" \/>\n<meta property=\"og:title\" content=\"Joana Amat recoge la Creu de Sant Jordi por su trayectoria profesional | Amat Immobiliaris\" \/>\n<meta property=\"og:description\" content=\"El pasado 2 de mayo conocimos la noticia de la concesi\u00f3n de la Creu de Sant Jordi por parte de la Generalitat a la vicepresidenta de Amat Inmobiliarios, Joana Amat, por su destacada participaci\u00f3n en el sector inmobiliario desde la empresa que fund\u00f3 su padre, Joan Amat, en 1948. La entrega se hizo la tarde [&hellip;]\" \/>\n<meta property=\"og:url\" content=\"https:\/\/www.amatimmobiliaris.com\/w\/2019\/05\/joana-amat-creu-de-sant-jordi\/\" \/>\n<meta property=\"og:site_name\" content=\"Amat Immobiliaris\" \/>\n<meta property=\"article:publisher\" content=\"https:\/\/www.facebook.com\/amatimmobiliaris\" \/>\n<meta property=\"article:published_time\" content=\"2019-05-17T10:57:08+00:00\" \/>\n<meta property=\"article:modified_time\" content=\"2023-05-11T10:07:40+00:00\" \/>\n<meta property=\"og:image\" content=\"https:\/\/www.amatimmobiliaris.com\/w\/wp-content\/uploads\/2022\/01\/2-8-2.jpg\" \/>\n\t<meta property=\"og:image:width\" content=\"2500\" \/>\n\t<meta property=\"og:image:height\" content=\"1667\" \/>\n\t<meta property=\"og:image:type\" content=\"image\/jpeg\" \/>\n<meta name=\"author\" content=\"Amat Immobiliaris\" \/>\n<meta name=\"twitter:card\" content=\"summary_large_image\" \/>\n<meta name=\"twitter:creator\" content=\"@amat_cat\" \/>\n<meta name=\"twitter:site\" content=\"@amat_cat\" \/>\n<meta name=\"twitter:label1\" content=\"Escrito por\" \/>\n\t<meta name=\"twitter:data1\" content=\"Amat Immobiliaris\" \/>\n\t<meta name=\"twitter:label2\" content=\"Tiempo de lectura\" \/>\n\t<meta name=\"twitter:data2\" content=\"1 minuto\" \/>\n<script type=\"application\/ld+json\" class=\"yoast-schema-graph\">{\"@context\":\"https:\/\/schema.org\",\"@graph\":[{\"@type\":\"Article\",\"@id\":\"https:\/\/www.amatimmobiliaris.com\/w\/2019\/05\/joana-amat-creu-de-sant-jordi\/#article\",\"isPartOf\":{\"@id\":\"https:\/\/www.amatimmobiliaris.com\/w\/2019\/05\/joana-amat-creu-de-sant-jordi\/\"},\"author\":{\"name\":\"Amat Immobiliaris\",\"@id\":\"https:\/\/www.amatimmobiliaris.com\/w\/#\/schema\/person\/c880da71d1e156e7ea6774ffb445e034\"},\"headline\":\"Joana Amat recoge la Creu de Sant Jordi por su trayectoria profesional\",\"datePublished\":\"2019-05-17T10:57:08+00:00\",\"dateModified\":\"2023-05-11T10:07:40+00:00\",\"mainEntityOfPage\":{\"@id\":\"https:\/\/www.amatimmobiliaris.com\/w\/2019\/05\/joana-amat-creu-de-sant-jordi\/\"},\"wordCount\":179,\"publisher\":{\"@id\":\"https:\/\/www.amatimmobiliaris.com\/w\/#organization\"},\"image\":{\"@id\":\"https:\/\/www.amatimmobiliaris.com\/w\/2019\/05\/joana-amat-creu-de-sant-jordi\/#primaryimage\"},\"thumbnailUrl\":\"https:\/\/www.amatimmobiliaris.com\/w\/wp-content\/uploads\/2022\/01\/2-8-2.jpg\",\"keywords\":[\"Barcelona\",\"Catalu\u00f1a\",\"Cultura\",\"Joana Amat\",\"Mujer\",\"Mujeres empresarias\",\"Sant Jordi\"],\"articleSection\":[\"El mundo Amat\"],\"inLanguage\":\"es\"},{\"@type\":\"WebPage\",\"@id\":\"https:\/\/www.amatimmobiliaris.com\/w\/2019\/05\/joana-amat-creu-de-sant-jordi\/\",\"url\":\"https:\/\/www.amatimmobiliaris.com\/w\/2019\/05\/joana-amat-creu-de-sant-jordi\/\",\"name\":\"Joana Amat recoge la Creu de Sant Jordi por su trayectoria profesional | Amat Immobiliaris\",\"isPartOf\":{\"@id\":\"https:\/\/www.amatimmobiliaris.com\/w\/#website\"},\"primaryImageOfPage\":{\"@id\":\"https:\/\/www.amatimmobiliaris.com\/w\/2019\/05\/joana-amat-creu-de-sant-jordi\/#primaryimage\"},\"image\":{\"@id\":\"https:\/\/www.amatimmobiliaris.com\/w\/2019\/05\/joana-amat-creu-de-sant-jordi\/#primaryimage\"},\"thumbnailUrl\":\"https:\/\/www.amatimmobiliaris.com\/w\/wp-content\/uploads\/2022\/01\/2-8-2.jpg\",\"datePublished\":\"2019-05-17T10:57:08+00:00\",\"dateModified\":\"2023-05-11T10:07:40+00:00\",\"breadcrumb\":{\"@id\":\"https:\/\/www.amatimmobiliaris.com\/w\/2019\/05\/joana-amat-creu-de-sant-jordi\/#breadcrumb\"},\"inLanguage\":\"es\",\"potentialAction\":[{\"@type\":\"ReadAction\",\"target\":[\"https:\/\/www.amatimmobiliaris.com\/w\/2019\/05\/joana-amat-creu-de-sant-jordi\/\"]}]},{\"@type\":\"ImageObject\",\"inLanguage\":\"es\",\"@id\":\"https:\/\/www.amatimmobiliaris.com\/w\/2019\/05\/joana-amat-creu-de-sant-jordi\/#primaryimage\",\"url\":\"https:\/\/www.amatimmobiliaris.com\/w\/wp-content\/uploads\/2022\/01\/2-8-2.jpg\",\"contentUrl\":\"https:\/\/www.amatimmobiliaris.com\/w\/wp-content\/uploads\/2022\/01\/2-8-2.jpg\",\"width\":2500,\"height\":1667},{\"@type\":\"BreadcrumbList\",\"@id\":\"https:\/\/www.amatimmobiliaris.com\/w\/2019\/05\/joana-amat-creu-de-sant-jordi\/#breadcrumb\",\"itemListElement\":[{\"@type\":\"ListItem\",\"position\":1,\"name\":\"Home\",\"item\":\"https:\/\/www.amatimmobiliaris.com\/w\/\"},{\"@type\":\"ListItem\",\"position\":2,\"name\":\"El mundo Amat\",\"item\":\"https:\/\/www.amatimmobiliaris.com\/w\/category\/el-mundo-amat\/\"},{\"@type\":\"ListItem\",\"position\":3,\"name\":\"Joana Amat recoge la Creu de Sant Jordi por su trayectoria profesional\"}]},{\"@type\":\"WebSite\",\"@id\":\"https:\/\/www.amatimmobiliaris.com\/w\/#website\",\"url\":\"https:\/\/www.amatimmobiliaris.com\/w\/\",\"name\":\"Amat Immobiliaris\",\"description\":\"Empresa familiar del sector inmobiliario con oficinas en Barcelona, Sant Cugat del Vall\u00e9s y Sant Just Desvern. Te ayudamos a comprar, alquilar o vender tu casa o piso. Somos un equipo coherente con una cultura de empresa honesta, innovadora y eficaz. Tambi\u00e9n en www.amatluxury.com\",\"publisher\":{\"@id\":\"https:\/\/www.amatimmobiliaris.com\/w\/#organization\"},\"alternateName\":\"AmatImmo\",\"potentialAction\":[{\"@type\":\"SearchAction\",\"target\":{\"@type\":\"EntryPoint\",\"urlTemplate\":\"https:\/\/www.amatimmobiliaris.com\/w\/?s={search_term_string}\"},\"query-input\":{\"@type\":\"PropertyValueSpecification\",\"valueRequired\":true,\"valueName\":\"search_term_string\"}}],\"inLanguage\":\"es\"},{\"@type\":\"Organization\",\"@id\":\"https:\/\/www.amatimmobiliaris.com\/w\/#organization\",\"name\":\"Amat Immobiliaris\",\"url\":\"https:\/\/www.amatimmobiliaris.com\/w\/\",\"logo\":{\"@type\":\"ImageObject\",\"inLanguage\":\"es\",\"@id\":\"https:\/\/www.amatimmobiliaris.com\/w\/#\/schema\/logo\/image\/\",\"url\":\"https:\/\/www.amatimmobiliaris.com\/w\/wp-content\/uploads\/2022\/10\/amat-logo.jpg\",\"contentUrl\":\"https:\/\/www.amatimmobiliaris.com\/w\/wp-content\/uploads\/2022\/10\/amat-logo.jpg\",\"width\":900,\"height\":900,\"caption\":\"Amat Immobiliaris\"},\"image\":{\"@id\":\"https:\/\/www.amatimmobiliaris.com\/w\/#\/schema\/logo\/image\/\"},\"sameAs\":[\"https:\/\/www.facebook.com\/amatimmobiliaris\",\"https:\/\/x.com\/amat_cat\",\"https:\/\/www.instagram.com\/amat_immo\/\",\"https:\/\/www.linkedin.com\/company\/amat-finques\/\",\"https:\/\/www.youtube.com\/@amatimmobiliaris\"]},{\"@type\":\"Person\",\"@id\":\"https:\/\/www.amatimmobiliaris.com\/w\/#\/schema\/person\/c880da71d1e156e7ea6774ffb445e034\",\"name\":\"Amat Immobiliaris\",\"sameAs\":[\"http:\/\/amat-inmo-wp.localhost\"]}]}<\/script>\n<!-- \/ Yoast SEO plugin. -->","yoast_head_json":{"title":"Joana Amat recoge la Creu de Sant Jordi por su trayectoria profesional | Amat Immobiliaris","robots":{"index":"index","follow":"follow","max-snippet":"max-snippet:-1","max-image-preview":"max-image-preview:large","max-video-preview":"max-video-preview:-1"},"canonical":"https:\/\/www.amatimmobiliaris.com\/w\/2019\/05\/joana-amat-creu-de-sant-jordi\/","og_locale":"es_ES","og_type":"article","og_title":"Joana Amat recoge la Creu de Sant Jordi por su trayectoria profesional | Amat Immobiliaris","og_description":"El pasado 2 de mayo conocimos la noticia de la concesi\u00f3n de la Creu de Sant Jordi por parte de la Generalitat a la vicepresidenta de Amat Inmobiliarios, Joana Amat, por su destacada participaci\u00f3n en el sector inmobiliario desde la empresa que fund\u00f3 su padre, Joan Amat, en 1948. La entrega se hizo la tarde [&hellip;]","og_url":"https:\/\/www.amatimmobiliaris.com\/w\/2019\/05\/joana-amat-creu-de-sant-jordi\/","og_site_name":"Amat Immobiliaris","article_publisher":"https:\/\/www.facebook.com\/amatimmobiliaris","article_published_time":"2019-05-17T10:57:08+00:00","article_modified_time":"2023-05-11T10:07:40+00:00","og_image":[{"width":2500,"height":1667,"url":"https:\/\/www.amatimmobiliaris.com\/w\/wp-content\/uploads\/2022\/01\/2-8-2.jpg","type":"image\/jpeg"}],"author":"Amat Immobiliaris","twitter_card":"summary_large_image","twitter_creator":"@amat_cat","twitter_site":"@amat_cat","twitter_misc":{"Escrito por":"Amat Immobiliaris","Tiempo de lectura":"1 minuto"},"schema":{"@context":"https:\/\/schema.org","@graph":[{"@type":"Article","@id":"https:\/\/www.amatimmobiliaris.com\/w\/2019\/05\/joana-amat-creu-de-sant-jordi\/#article","isPartOf":{"@id":"https:\/\/www.amatimmobiliaris.com\/w\/2019\/05\/joana-amat-creu-de-sant-jordi\/"},"author":{"name":"Amat Immobiliaris","@id":"https:\/\/www.amatimmobiliaris.com\/w\/#\/schema\/person\/c880da71d1e156e7ea6774ffb445e034"},"headline":"Joana Amat recoge la Creu de Sant Jordi por su trayectoria profesional","datePublished":"2019-05-17T10:57:08+00:00","dateModified":"2023-05-11T10:07:40+00:00","mainEntityOfPage":{"@id":"https:\/\/www.amatimmobiliaris.com\/w\/2019\/05\/joana-amat-creu-de-sant-jordi\/"},"wordCount":179,"publisher":{"@id":"https:\/\/www.amatimmobiliaris.com\/w\/#organization"},"image":{"@id":"https:\/\/www.amatimmobiliaris.com\/w\/2019\/05\/joana-amat-creu-de-sant-jordi\/#primaryimage"},"thumbnailUrl":"https:\/\/www.amatimmobiliaris.com\/w\/wp-content\/uploads\/2022\/01\/2-8-2.jpg","keywords":["Barcelona","Catalu\u00f1a","Cultura","Joana Amat","Mujer","Mujeres empresarias","Sant Jordi"],"articleSection":["El mundo Amat"],"inLanguage":"es"},{"@type":"WebPage","@id":"https:\/\/www.amatimmobiliaris.com\/w\/2019\/05\/joana-amat-creu-de-sant-jordi\/","url":"https:\/\/www.amatimmobiliaris.com\/w\/2019\/05\/joana-amat-creu-de-sant-jordi\/","name":"Joana Amat recoge la Creu de Sant Jordi por su trayectoria profesional | Amat Immobiliaris","isPartOf":{"@id":"https:\/\/www.amatimmobiliaris.com\/w\/#website"},"primaryImageOfPage":{"@id":"https:\/\/www.amatimmobiliaris.com\/w\/2019\/05\/joana-amat-creu-de-sant-jordi\/#primaryimage"},"image":{"@id":"https:\/\/www.amatimmobiliaris.com\/w\/2019\/05\/joana-amat-creu-de-sant-jordi\/#primaryimage"},"thumbnailUrl":"https:\/\/www.amatimmobiliaris.com\/w\/wp-content\/uploads\/2022\/01\/2-8-2.jpg","datePublished":"2019-05-17T10:57:08+00:00","dateModified":"2023-05-11T10:07:40+00:00","breadcrumb":{"@id":"https:\/\/www.amatimmobiliaris.com\/w\/2019\/05\/joana-amat-creu-de-sant-jordi\/#breadcrumb"},"inLanguage":"es","potentialAction":[{"@type":"ReadAction","target":["https:\/\/www.amatimmobiliaris.com\/w\/2019\/05\/joana-amat-creu-de-sant-jordi\/"]}]},{"@type":"ImageObject","inLanguage":"es","@id":"https:\/\/www.amatimmobiliaris.com\/w\/2019\/05\/joana-amat-creu-de-sant-jordi\/#primaryimage","url":"https:\/\/www.amatimmobiliaris.com\/w\/wp-content\/uploads\/2022\/01\/2-8-2.jpg","contentUrl":"https:\/\/www.amatimmobiliaris.com\/w\/wp-content\/uploads\/2022\/01\/2-8-2.jpg","width":2500,"height":1667},{"@type":"BreadcrumbList","@id":"https:\/\/www.amatimmobiliaris.com\/w\/2019\/05\/joana-amat-creu-de-sant-jordi\/#breadcrumb","itemListElement":[{"@type":"ListItem","position":1,"name":"Home","item":"https:\/\/www.amatimmobiliaris.com\/w\/"},{"@type":"ListItem","position":2,"name":"El mundo Amat","item":"https:\/\/www.amatimmobiliaris.com\/w\/category\/el-mundo-amat\/"},{"@type":"ListItem","position":3,"name":"Joana Amat recoge la Creu de Sant Jordi por su trayectoria profesional"}]},{"@type":"WebSite","@id":"https:\/\/www.amatimmobiliaris.com\/w\/#website","url":"https:\/\/www.amatimmobiliaris.com\/w\/","name":"Amat Immobiliaris","description":"Empresa familiar del sector inmobiliario con oficinas en Barcelona, Sant Cugat del Vall\u00e9s y Sant Just Desvern. Te ayudamos a comprar, alquilar o vender tu casa o piso. Somos un equipo coherente con una cultura de empresa honesta, innovadora y eficaz. Tambi\u00e9n en www.amatluxury.com","publisher":{"@id":"https:\/\/www.amatimmobiliaris.com\/w\/#organization"},"alternateName":"AmatImmo","potentialAction":[{"@type":"SearchAction","target":{"@type":"EntryPoint","urlTemplate":"https:\/\/www.amatimmobiliaris.com\/w\/?s={search_term_string}"},"query-input":{"@type":"PropertyValueSpecification","valueRequired":true,"valueName":"search_term_string"}}],"inLanguage":"es"},{"@type":"Organization","@id":"https:\/\/www.amatimmobiliaris.com\/w\/#organization","name":"Amat Immobiliaris","url":"https:\/\/www.amatimmobiliaris.com\/w\/","logo":{"@type":"ImageObject","inLanguage":"es","@id":"https:\/\/www.amatimmobiliaris.com\/w\/#\/schema\/logo\/image\/","url":"https:\/\/www.amatimmobiliaris.com\/w\/wp-content\/uploads\/2022\/10\/amat-logo.jpg","contentUrl":"https:\/\/www.amatimmobiliaris.com\/w\/wp-content\/uploads\/2022\/10\/amat-logo.jpg","width":900,"height":900,"caption":"Amat Immobiliaris"},"image":{"@id":"https:\/\/www.amatimmobiliaris.com\/w\/#\/schema\/logo\/image\/"},"sameAs":["https:\/\/www.facebook.com\/amatimmobiliaris","https:\/\/x.com\/amat_cat","https:\/\/www.instagram.com\/amat_immo\/","https:\/\/www.linkedin.com\/company\/amat-finques\/","https:\/\/www.youtube.com\/@amatimmobiliaris"]},{"@type":"Person","@id":"https:\/\/www.amatimmobiliaris.com\/w\/#\/schema\/person\/c880da71d1e156e7ea6774ffb445e034","name":"Amat Immobiliaris","sameAs":["http:\/\/amat-inmo-wp.localhost"]}]}},"_links":{"self":[{"href":"https:\/\/www.amatimmobiliaris.com\/w\/wp-json\/wp\/v2\/posts\/15810"}],"collection":[{"href":"https:\/\/www.amatimmobiliaris.com\/w\/wp-json\/wp\/v2\/posts"}],"about":[{"href":"https:\/\/www.amatimmobiliaris.com\/w\/wp-json\/wp\/v2\/types\/post"}],"author":[{"embeddable":true,"href":"https:\/\/www.amatimmobiliaris.com\/w\/wp-json\/wp\/v2\/users\/1"}],"replies":[{"embeddable":true,"href":"https:\/\/www.amatimmobiliaris.com\/w\/wp-json\/wp\/v2\/comments?post=15810"}],"version-history":[{"count":2,"href":"https:\/\/www.amatimmobiliaris.com\/w\/wp-json\/wp\/v2\/posts\/15810\/revisions"}],"predecessor-version":[{"id":26549,"href":"https:\/\/www.amatimmobiliaris.com\/w\/wp-json\/wp\/v2\/posts\/15810\/revisions\/26549"}],"wp:featuredmedia":[{"embeddable":true,"href":"https:\/\/www.amatimmobiliaris.com\/w\/wp-json\/wp\/v2\/media\/15811"}],"wp:attachment":[{"href":"https:\/\/www.amatimmobiliaris.com\/w\/wp-json\/wp\/v2\/media?parent=15810"}],"wp:term":[{"taxonomy":"category","embeddable":true,"href":"https:\/\/www.amatimmobiliaris.com\/w\/wp-json\/wp\/v2\/categories?post=15810"},{"taxonomy":"post_tag","embeddable":true,"href":"https:\/\/www.amatimmobiliaris.com\/w\/wp-json\/wp\/v2\/tags?post=15810"}],"curies":[{"name":"wp","href":"https:\/\/api.w.org\/{rel}","templated":true}]}}