{"id":15785,"date":"2019-01-28T16:22:08","date_gmt":"2019-01-28T16:22:08","guid":{"rendered":"http:\/\/amat-inmo-wp.localhost\/2019\/01\/28\/alquiler-viviendas-tema-importante-muchas-derivadas\/"},"modified":"2023-05-11T10:04:52","modified_gmt":"2023-05-11T10:04:52","slug":"alquiler-viviendas-tema-importante-muchas-derivadas","status":"publish","type":"post","link":"https:\/\/www.amatimmobiliaris.com\/w\/2019\/01\/alquiler-viviendas-tema-importante-muchas-derivadas\/","title":{"rendered":"El alquiler de viviendas, un tema importante con muchas derivadas"},"content":{"rendered":"<p style=\"text-align: justify;\"><span class=\"tlid-translation translation\">Si tiene paciencia y relee los peri\u00f3dicos, hace tiempo que el tema del alquiler es uno de los m\u00e1s recurrentes. El alquiler de viviendas es objeto de un gran debate desde hace a\u00f1os. No hay semana en la que no se hable de ello en los medios, no hay elecciones en las que no sea uno de los temas m\u00e1s debatidos. De hecho, se ha convertido en un arma que se\u00a0arrojan unos partidos contra otros, es sujeto de normativas que ahora favorecen unos grupos de presi\u00f3n, luego a otros y, entre tanto, el problema no se resuelve, al contrario, se hace cada d\u00eda m\u00e1s grande.<\/span><\/p>\n<p style=\"text-align: justify;\">El colmo lo hemos sufrido hace pocos d\u00edas. El pasado 18 de diciembre entr\u00f3 en vigor una <strong><a href=\"https:\/\/www.amatimmobiliaris.com\/w\/2019\/01\/cambios-importantes-la-lau-ley-arrendamientos-urbanos\/\">reforma de la LAU<\/a><\/strong> con la publicaci\u00f3n en el BOE del Real Decreto de 14 de Diciembre de medidas urgentes en materia de vivienda y alquiler. Este Decreto Ley modificaba cosas tan importantes como la duraci\u00f3n de los contratos, hac\u00eda distinci\u00f3n entre si el inquilino es persona f\u00edsica o jur\u00eddica, modificaba tema de garant\u00edas y temas relativos a honorarios, etc.<\/p>\n<p style=\"text-align: justify;\">El 22 de enero, por lo tanto 35 d\u00edas despu\u00e9s, el Real Decreto Ley quedaba anulado al no conseguir la aprobaci\u00f3n por mayor\u00eda en el Congreso de los Diputados. Y aqu\u00ed no pasa nada! Pues s\u00ed que pasa, porque, de entrada, las personas que firmaron contratos de arrendamiento en estos 35 d\u00edas de vigor del Real Decreto han tenido que someterse a unas condiciones que no tendr\u00e1n ni los que han firmado el d\u00eda antes ni el d\u00eda posterior. Desde nuestro punto de vista, es de una inseguridad y frivolidad que creemos que no nos merecemos como sociedad!<\/p>\n<p style=\"text-align: justify;\">Y otra derivada!<\/p>\n<p style=\"text-align: justify;\">\u00daltimamente, cuando nos encontramos empresas como la nuestra de servicios inmobiliarios, y entre ellos la Administraci\u00f3n de fincas, uno de los temas que se ponen sobre la mesa es la persecuci\u00f3n que todos sufrimos por parte del sindicato de inquilinos, sobre todo porque todas somos empresas con una fuerte sensibilidad social, empresas preocupadas y ocupadas en participar con la Administraci\u00f3n en la soluci\u00f3n del problema del alquiler en Barcelona y alrededores, empresas que nos distinguimos por hacer las cosas bien, para cumplir todas las normativas, para intentar reducir al m\u00ednimo el problema los desahucios, &#8230; No somos empresas especulativas, somos <a href=\"https:\/\/www.amatimmobiliaris.com\/w\/servicios\/\" target=\"_blank\" rel=\"noopener\"><strong>empresas de servicio<\/strong><\/a> como tantas hay en el pa\u00eds pero que, por el solo hecho que los servicios son inmobiliarios, se nos coloca la etiqueta de \u00abmalas\u00bb. Somos empresas con un buen n\u00famero de trabajadores (los servicios tienen eso, necesitan personas), todas tenemos los trabajadores asegurados y puedo asegurar que hacemos bien el trabajo, que de vez en cuando hay problemas con inquilinos,\u00a0claro! Sucede tambi\u00e9n con las aseguradoras, que tienen problemas con alg\u00fan asegurado; como con las empresas de mantenimiento, que tienen problemas con alguno de sus clientes!<\/p>\n<p style=\"text-align: justify;\">No estamos en contra de que haya organizaciones que velen por los derechos de los inquilinos, lo que nos duele es que etiqueten, que se permitan tener una actitud beligerante per se y no respeten el buen hacer de muchos profesionales.<\/p>\n<p style=\"text-align: right;\"><strong>Immaculada Amat<\/strong><\/p>\n<p style=\"text-align: right;\"><strong>Presidenta Amat Immobiliaris<\/strong><\/p>\n<p style=\"text-align: left;\"><em>Extra\u00eddo\u00a0<strong><a href=\"https:\/\/issuu.com\/amatimmobiliaris\/docs\/diario_del_cambio?e=3144876\/1107110\">Diario del Cambio\u00a0Enero 2019<\/a><\/strong><\/em><\/p>\n","protected":false},"excerpt":{"rendered":"<p>Si tiene paciencia y relee los peri\u00f3dicos, hace tiempo que el tema del alquiler es uno de los m\u00e1s recurrentes. El alquiler de viviendas es objeto de un gran debate desde hace a\u00f1os. No hay semana en la que no se hable de ello en los medios, no hay elecciones en las que no sea [&hellip;]<\/p>\n","protected":false},"author":1,"featured_media":0,"comment_status":"closed","ping_status":"closed","sticky":false,"template":"","format":"standard","meta":{"content-type":"","footnotes":""},"categories":[746],"tags":[958,1760,571,1778,1758,1564,1808,1809],"yoast_head":"<!-- This site is optimized with the Yoast SEO plugin v23.9 - https:\/\/yoast.com\/wordpress\/plugins\/seo\/ -->\n<title>El alquiler de viviendas, un tema importante con muchas derivadas | Amat Immobiliaris<\/title>\n<meta name=\"robots\" content=\"index, follow, max-snippet:-1, max-image-preview:large, max-video-preview:-1\" \/>\n<link rel=\"canonical\" href=\"https:\/\/www.amatimmobiliaris.com\/w\/2019\/01\/alquiler-viviendas-tema-importante-muchas-derivadas\/\" \/>\n<meta property=\"og:locale\" content=\"es_ES\" \/>\n<meta property=\"og:type\" content=\"article\" \/>\n<meta property=\"og:title\" content=\"El alquiler de viviendas, un tema importante con muchas derivadas | Amat Immobiliaris\" \/>\n<meta property=\"og:description\" content=\"Si tiene paciencia y relee los peri\u00f3dicos, hace tiempo que el tema del alquiler es uno de los m\u00e1s recurrentes. El alquiler de viviendas es objeto de un gran debate desde hace a\u00f1os. No hay semana en la que no se hable de ello en los medios, no hay elecciones en las que no sea [&hellip;]\" \/>\n<meta property=\"og:url\" content=\"https:\/\/www.amatimmobiliaris.com\/w\/2019\/01\/alquiler-viviendas-tema-importante-muchas-derivadas\/\" \/>\n<meta property=\"og:site_name\" content=\"Amat Immobiliaris\" \/>\n<meta property=\"article:publisher\" content=\"https:\/\/www.facebook.com\/amatimmobiliaris\" \/>\n<meta property=\"article:published_time\" content=\"2019-01-28T16:22:08+00:00\" \/>\n<meta property=\"article:modified_time\" content=\"2023-05-11T10:04:52+00:00\" \/>\n<meta property=\"og:image\" content=\"https:\/\/www.amatimmobiliaris.com\/w\/wp-content\/uploads\/2022\/01\/2014-Saga-familiar-Amat-dw-1-1024x683.jpg\" \/>\n\t<meta property=\"og:image:width\" content=\"1024\" \/>\n\t<meta property=\"og:image:height\" content=\"683\" \/>\n\t<meta property=\"og:image:type\" content=\"image\/jpeg\" \/>\n<meta name=\"author\" content=\"Amat Immobiliaris\" \/>\n<meta name=\"twitter:card\" content=\"summary_large_image\" \/>\n<meta name=\"twitter:creator\" content=\"@amat_cat\" \/>\n<meta name=\"twitter:site\" content=\"@amat_cat\" \/>\n<meta name=\"twitter:label1\" content=\"Escrito por\" \/>\n\t<meta name=\"twitter:data1\" content=\"Amat Immobiliaris\" \/>\n\t<meta name=\"twitter:label2\" content=\"Tiempo de lectura\" \/>\n\t<meta name=\"twitter:data2\" content=\"3 minutos\" \/>\n<script type=\"application\/ld+json\" class=\"yoast-schema-graph\">{\"@context\":\"https:\/\/schema.org\",\"@graph\":[{\"@type\":\"Article\",\"@id\":\"https:\/\/www.amatimmobiliaris.com\/w\/2019\/01\/alquiler-viviendas-tema-importante-muchas-derivadas\/#article\",\"isPartOf\":{\"@id\":\"https:\/\/www.amatimmobiliaris.com\/w\/2019\/01\/alquiler-viviendas-tema-importante-muchas-derivadas\/\"},\"author\":{\"name\":\"Amat Immobiliaris\",\"@id\":\"https:\/\/www.amatimmobiliaris.com\/w\/#\/schema\/person\/c880da71d1e156e7ea6774ffb445e034\"},\"headline\":\"El alquiler de viviendas, un tema importante con muchas derivadas\",\"datePublished\":\"2019-01-28T16:22:08+00:00\",\"dateModified\":\"2023-05-11T10:04:52+00:00\",\"mainEntityOfPage\":{\"@id\":\"https:\/\/www.amatimmobiliaris.com\/w\/2019\/01\/alquiler-viviendas-tema-importante-muchas-derivadas\/\"},\"wordCount\":561,\"publisher\":{\"@id\":\"https:\/\/www.amatimmobiliaris.com\/w\/#organization\"},\"keywords\":[\"Alquiler\",\"Desahucios\",\"Ley\",\"Ley de Partidos\",\"Mantenimiento\",\"Normativas\",\"Reflexiones\",\"Sector inmobiliario\"],\"articleSection\":[\"Reflexiones\"],\"inLanguage\":\"es\"},{\"@type\":\"WebPage\",\"@id\":\"https:\/\/www.amatimmobiliaris.com\/w\/2019\/01\/alquiler-viviendas-tema-importante-muchas-derivadas\/\",\"url\":\"https:\/\/www.amatimmobiliaris.com\/w\/2019\/01\/alquiler-viviendas-tema-importante-muchas-derivadas\/\",\"name\":\"El alquiler de viviendas, un tema importante con muchas derivadas | Amat Immobiliaris\",\"isPartOf\":{\"@id\":\"https:\/\/www.amatimmobiliaris.com\/w\/#website\"},\"datePublished\":\"2019-01-28T16:22:08+00:00\",\"dateModified\":\"2023-05-11T10:04:52+00:00\",\"breadcrumb\":{\"@id\":\"https:\/\/www.amatimmobiliaris.com\/w\/2019\/01\/alquiler-viviendas-tema-importante-muchas-derivadas\/#breadcrumb\"},\"inLanguage\":\"es\",\"potentialAction\":[{\"@type\":\"ReadAction\",\"target\":[\"https:\/\/www.amatimmobiliaris.com\/w\/2019\/01\/alquiler-viviendas-tema-importante-muchas-derivadas\/\"]}]},{\"@type\":\"BreadcrumbList\",\"@id\":\"https:\/\/www.amatimmobiliaris.com\/w\/2019\/01\/alquiler-viviendas-tema-importante-muchas-derivadas\/#breadcrumb\",\"itemListElement\":[{\"@type\":\"ListItem\",\"position\":1,\"name\":\"Home\",\"item\":\"https:\/\/www.amatimmobiliaris.com\/w\/\"},{\"@type\":\"ListItem\",\"position\":2,\"name\":\"El mundo Amat\",\"item\":\"https:\/\/www.amatimmobiliaris.com\/w\/category\/el-mundo-amat\/\"},{\"@type\":\"ListItem\",\"position\":3,\"name\":\"Reflexiones\",\"item\":\"https:\/\/www.amatimmobiliaris.com\/w\/category\/el-mundo-amat\/reflexiones\/\"},{\"@type\":\"ListItem\",\"position\":4,\"name\":\"El alquiler de viviendas, un tema importante con muchas derivadas\"}]},{\"@type\":\"WebSite\",\"@id\":\"https:\/\/www.amatimmobiliaris.com\/w\/#website\",\"url\":\"https:\/\/www.amatimmobiliaris.com\/w\/\",\"name\":\"Amat Immobiliaris\",\"description\":\"Empresa familiar del sector inmobiliario con oficinas en Barcelona, Sant Cugat del Vall\u00e9s y Sant Just Desvern. Te ayudamos a comprar, alquilar o vender tu casa o piso. Somos un equipo coherente con una cultura de empresa honesta, innovadora y eficaz. Tambi\u00e9n en www.amatluxury.com\",\"publisher\":{\"@id\":\"https:\/\/www.amatimmobiliaris.com\/w\/#organization\"},\"alternateName\":\"AmatImmo\",\"potentialAction\":[{\"@type\":\"SearchAction\",\"target\":{\"@type\":\"EntryPoint\",\"urlTemplate\":\"https:\/\/www.amatimmobiliaris.com\/w\/?s={search_term_string}\"},\"query-input\":{\"@type\":\"PropertyValueSpecification\",\"valueRequired\":true,\"valueName\":\"search_term_string\"}}],\"inLanguage\":\"es\"},{\"@type\":\"Organization\",\"@id\":\"https:\/\/www.amatimmobiliaris.com\/w\/#organization\",\"name\":\"Amat Immobiliaris\",\"url\":\"https:\/\/www.amatimmobiliaris.com\/w\/\",\"logo\":{\"@type\":\"ImageObject\",\"inLanguage\":\"es\",\"@id\":\"https:\/\/www.amatimmobiliaris.com\/w\/#\/schema\/logo\/image\/\",\"url\":\"https:\/\/www.amatimmobiliaris.com\/w\/wp-content\/uploads\/2022\/10\/amat-logo.jpg\",\"contentUrl\":\"https:\/\/www.amatimmobiliaris.com\/w\/wp-content\/uploads\/2022\/10\/amat-logo.jpg\",\"width\":900,\"height\":900,\"caption\":\"Amat Immobiliaris\"},\"image\":{\"@id\":\"https:\/\/www.amatimmobiliaris.com\/w\/#\/schema\/logo\/image\/\"},\"sameAs\":[\"https:\/\/www.facebook.com\/amatimmobiliaris\",\"https:\/\/x.com\/amat_cat\",\"https:\/\/www.instagram.com\/amat_immo\/\",\"https:\/\/www.linkedin.com\/company\/amat-finques\/\",\"https:\/\/www.youtube.com\/@amatimmobiliaris\"]},{\"@type\":\"Person\",\"@id\":\"https:\/\/www.amatimmobiliaris.com\/w\/#\/schema\/person\/c880da71d1e156e7ea6774ffb445e034\",\"name\":\"Amat Immobiliaris\",\"sameAs\":[\"http:\/\/amat-inmo-wp.localhost\"]}]}<\/script>\n<!-- \/ Yoast SEO plugin. -->","yoast_head_json":{"title":"El alquiler de viviendas, un tema importante con muchas derivadas | Amat Immobiliaris","robots":{"index":"index","follow":"follow","max-snippet":"max-snippet:-1","max-image-preview":"max-image-preview:large","max-video-preview":"max-video-preview:-1"},"canonical":"https:\/\/www.amatimmobiliaris.com\/w\/2019\/01\/alquiler-viviendas-tema-importante-muchas-derivadas\/","og_locale":"es_ES","og_type":"article","og_title":"El alquiler de viviendas, un tema importante con muchas derivadas | Amat Immobiliaris","og_description":"Si tiene paciencia y relee los peri\u00f3dicos, hace tiempo que el tema del alquiler es uno de los m\u00e1s recurrentes. El alquiler de viviendas es objeto de un gran debate desde hace a\u00f1os. No hay semana en la que no se hable de ello en los medios, no hay elecciones en las que no sea [&hellip;]","og_url":"https:\/\/www.amatimmobiliaris.com\/w\/2019\/01\/alquiler-viviendas-tema-importante-muchas-derivadas\/","og_site_name":"Amat Immobiliaris","article_publisher":"https:\/\/www.facebook.com\/amatimmobiliaris","article_published_time":"2019-01-28T16:22:08+00:00","article_modified_time":"2023-05-11T10:04:52+00:00","og_image":[{"width":1024,"height":683,"url":"https:\/\/www.amatimmobiliaris.com\/w\/wp-content\/uploads\/2022\/01\/2014-Saga-familiar-Amat-dw-1-1024x683.jpg","type":"image\/jpeg"}],"author":"Amat Immobiliaris","twitter_card":"summary_large_image","twitter_creator":"@amat_cat","twitter_site":"@amat_cat","twitter_misc":{"Escrito por":"Amat Immobiliaris","Tiempo de lectura":"3 minutos"},"schema":{"@context":"https:\/\/schema.org","@graph":[{"@type":"Article","@id":"https:\/\/www.amatimmobiliaris.com\/w\/2019\/01\/alquiler-viviendas-tema-importante-muchas-derivadas\/#article","isPartOf":{"@id":"https:\/\/www.amatimmobiliaris.com\/w\/2019\/01\/alquiler-viviendas-tema-importante-muchas-derivadas\/"},"author":{"name":"Amat Immobiliaris","@id":"https:\/\/www.amatimmobiliaris.com\/w\/#\/schema\/person\/c880da71d1e156e7ea6774ffb445e034"},"headline":"El alquiler de viviendas, un tema importante con muchas derivadas","datePublished":"2019-01-28T16:22:08+00:00","dateModified":"2023-05-11T10:04:52+00:00","mainEntityOfPage":{"@id":"https:\/\/www.amatimmobiliaris.com\/w\/2019\/01\/alquiler-viviendas-tema-importante-muchas-derivadas\/"},"wordCount":561,"publisher":{"@id":"https:\/\/www.amatimmobiliaris.com\/w\/#organization"},"keywords":["Alquiler","Desahucios","Ley","Ley de Partidos","Mantenimiento","Normativas","Reflexiones","Sector inmobiliario"],"articleSection":["Reflexiones"],"inLanguage":"es"},{"@type":"WebPage","@id":"https:\/\/www.amatimmobiliaris.com\/w\/2019\/01\/alquiler-viviendas-tema-importante-muchas-derivadas\/","url":"https:\/\/www.amatimmobiliaris.com\/w\/2019\/01\/alquiler-viviendas-tema-importante-muchas-derivadas\/","name":"El alquiler de viviendas, un tema importante con muchas derivadas | Amat Immobiliaris","isPartOf":{"@id":"https:\/\/www.amatimmobiliaris.com\/w\/#website"},"datePublished":"2019-01-28T16:22:08+00:00","dateModified":"2023-05-11T10:04:52+00:00","breadcrumb":{"@id":"https:\/\/www.amatimmobiliaris.com\/w\/2019\/01\/alquiler-viviendas-tema-importante-muchas-derivadas\/#breadcrumb"},"inLanguage":"es","potentialAction":[{"@type":"ReadAction","target":["https:\/\/www.amatimmobiliaris.com\/w\/2019\/01\/alquiler-viviendas-tema-importante-muchas-derivadas\/"]}]},{"@type":"BreadcrumbList","@id":"https:\/\/www.amatimmobiliaris.com\/w\/2019\/01\/alquiler-viviendas-tema-importante-muchas-derivadas\/#breadcrumb","itemListElement":[{"@type":"ListItem","position":1,"name":"Home","item":"https:\/\/www.amatimmobiliaris.com\/w\/"},{"@type":"ListItem","position":2,"name":"El mundo Amat","item":"https:\/\/www.amatimmobiliaris.com\/w\/category\/el-mundo-amat\/"},{"@type":"ListItem","position":3,"name":"Reflexiones","item":"https:\/\/www.amatimmobiliaris.com\/w\/category\/el-mundo-amat\/reflexiones\/"},{"@type":"ListItem","position":4,"name":"El alquiler de viviendas, un tema importante con muchas derivadas"}]},{"@type":"WebSite","@id":"https:\/\/www.amatimmobiliaris.com\/w\/#website","url":"https:\/\/www.amatimmobiliaris.com\/w\/","name":"Amat Immobiliaris","description":"Empresa familiar del sector inmobiliario con oficinas en Barcelona, Sant Cugat del Vall\u00e9s y Sant Just Desvern. Te ayudamos a comprar, alquilar o vender tu casa o piso. Somos un equipo coherente con una cultura de empresa honesta, innovadora y eficaz. Tambi\u00e9n en www.amatluxury.com","publisher":{"@id":"https:\/\/www.amatimmobiliaris.com\/w\/#organization"},"alternateName":"AmatImmo","potentialAction":[{"@type":"SearchAction","target":{"@type":"EntryPoint","urlTemplate":"https:\/\/www.amatimmobiliaris.com\/w\/?s={search_term_string}"},"query-input":{"@type":"PropertyValueSpecification","valueRequired":true,"valueName":"search_term_string"}}],"inLanguage":"es"},{"@type":"Organization","@id":"https:\/\/www.amatimmobiliaris.com\/w\/#organization","name":"Amat Immobiliaris","url":"https:\/\/www.amatimmobiliaris.com\/w\/","logo":{"@type":"ImageObject","inLanguage":"es","@id":"https:\/\/www.amatimmobiliaris.com\/w\/#\/schema\/logo\/image\/","url":"https:\/\/www.amatimmobiliaris.com\/w\/wp-content\/uploads\/2022\/10\/amat-logo.jpg","contentUrl":"https:\/\/www.amatimmobiliaris.com\/w\/wp-content\/uploads\/2022\/10\/amat-logo.jpg","width":900,"height":900,"caption":"Amat Immobiliaris"},"image":{"@id":"https:\/\/www.amatimmobiliaris.com\/w\/#\/schema\/logo\/image\/"},"sameAs":["https:\/\/www.facebook.com\/amatimmobiliaris","https:\/\/x.com\/amat_cat","https:\/\/www.instagram.com\/amat_immo\/","https:\/\/www.linkedin.com\/company\/amat-finques\/","https:\/\/www.youtube.com\/@amatimmobiliaris"]},{"@type":"Person","@id":"https:\/\/www.amatimmobiliaris.com\/w\/#\/schema\/person\/c880da71d1e156e7ea6774ffb445e034","name":"Amat Immobiliaris","sameAs":["http:\/\/amat-inmo-wp.localhost"]}]}},"_links":{"self":[{"href":"https:\/\/www.amatimmobiliaris.com\/w\/wp-json\/wp\/v2\/posts\/15785"}],"collection":[{"href":"https:\/\/www.amatimmobiliaris.com\/w\/wp-json\/wp\/v2\/posts"}],"about":[{"href":"https:\/\/www.amatimmobiliaris.com\/w\/wp-json\/wp\/v2\/types\/post"}],"author":[{"embeddable":true,"href":"https:\/\/www.amatimmobiliaris.com\/w\/wp-json\/wp\/v2\/users\/1"}],"replies":[{"embeddable":true,"href":"https:\/\/www.amatimmobiliaris.com\/w\/wp-json\/wp\/v2\/comments?post=15785"}],"version-history":[{"count":4,"href":"https:\/\/www.amatimmobiliaris.com\/w\/wp-json\/wp\/v2\/posts\/15785\/revisions"}],"predecessor-version":[{"id":27087,"href":"https:\/\/www.amatimmobiliaris.com\/w\/wp-json\/wp\/v2\/posts\/15785\/revisions\/27087"}],"wp:attachment":[{"href":"https:\/\/www.amatimmobiliaris.com\/w\/wp-json\/wp\/v2\/media?parent=15785"}],"wp:term":[{"taxonomy":"category","embeddable":true,"href":"https:\/\/www.amatimmobiliaris.com\/w\/wp-json\/wp\/v2\/categories?post=15785"},{"taxonomy":"post_tag","embeddable":true,"href":"https:\/\/www.amatimmobiliaris.com\/w\/wp-json\/wp\/v2\/tags?post=15785"}],"curies":[{"name":"wp","href":"https:\/\/api.w.org\/{rel}","templated":true}]}}