{"id":15722,"date":"2018-12-14T11:26:28","date_gmt":"2018-12-14T11:26:28","guid":{"rendered":"http:\/\/amat-inmo-wp.localhost\/2018\/12\/14\/premios-fidem-homenaje-nuestras-mujeres-referentes\/"},"modified":"2023-05-11T10:03:46","modified_gmt":"2023-05-11T10:03:46","slug":"premios-fidem-homenaje-nuestras-mujeres-referentes","status":"publish","type":"post","link":"https:\/\/www.amatimmobiliaris.com\/w\/2018\/12\/premios-fidem-homenaje-nuestras-mujeres-referentes\/","title":{"rendered":"Premios Fidem: Homenaje a nuestras mujeres referentes"},"content":{"rendered":"<p style=\"text-align: justify;\">El pasado 29 de noviembre se celebraron los <a href=\"https:\/\/www.fidem.info\/es\/\">21s Premios FIDEM 2018<\/a> donde las mujeres referentes fueron el lema de este a\u00f1o.<\/p>\n<p style=\"text-align: justify;\"><img loading=\"lazy\" decoding=\"async\" class=\"alignleft size-medium wp-image-13623\" src=\"https:\/\/www.amatimmobiliaris.com\/w\/wp-content\/uploads\/2022\/01\/2018.11.29-xxi-premis-fidem-foto-premiades-2-300x200.jpg\" alt=\"\" width=\"300\" height=\"200\" \/>Cuando preguntas a un hombre cu\u00e1les son sus referentes, \u00a1nunca sale una mujer! Y si haces la misma pregunta a una mujer, la primera que sale lo hace en la posici\u00f3n n\u00famero 4. \u00bfD\u00f3nde est\u00e1n las mujeres referentes? Por este motivo decidimos dedicar los Premios de este a\u00f1o a las mujeres referentes de todas nuestras premiadas: la General Manager de GSMA Mobile World Capital, Therese Jamaa; la directora de Pallapupas, Angie Rosales; la directora general de la Farga, Inka Guix\u00e0; la socia fundadora de Compas Private Equity &amp; Compas Professional Expertise, \u00c0ngels Roqueta; la Co-founder y Ceo de la empresa GoodGut, Mariona Serra; la consejera ejecutiva de PGI ENGINEERING, Aina Juliol; la CEO &amp; Cofounder de Agroptima, Em\u00edlia Vila; y la fundadora de Eya Bach, Mireia Banega.<\/p>\n<p style=\"text-align: justify;\">Todas ellas tienen mujeres referentes potent\u00edsimas y\u00a0muchas desconocidas para todas nosotras. Dimos a conocer mujeres que dentro del mundo de la medicina, la literatura y de muchos sectores hab\u00edan influido en un momento u otro en sus vidas y, seguramente, en donde est\u00e1n hoy en d\u00eda. Nuestras premiadas hoy ya son mujeres referentes de FIDEM y se han ganado serlo en la sociedad catalana.<\/p>\n<p style=\"text-align: justify;\">As\u00ed mismo vivimos en directo una experiencia fant\u00e1stica de entrevistar a dos mujeres como son la Honorable Consellera Sra. Elsa Artadi\u00a0y la Honorable Consellera Sra. M. \u00c0ngels Chac\u00f3n. Se prestaron a mantener una conversaci\u00f3n en la intimidad delante de las 300 personas que nos acompa\u00f1aban esa noche en el Caixa Forum, una conversaci\u00f3n donde se habl\u00f3 de sus vidas, de las mujeres de sus familias y del rol sociales de las mujeres, donde no hizo falta hablar de pol\u00edtica para conocer dos mujeres brillantes con un cerebro privilegiado.<\/p>\n<p><strong>\u00a1FELICIDADES PREMIADAS!<\/strong><\/p>\n<p style=\"text-align: right;\"><strong>Joana Amat<\/strong><\/p>\n<p style=\"text-align: right;\"><strong>Vice-Presidenta de Amat Immobiliaris\u00a0<\/strong><\/p>\n<p style=\"text-align: right;\"><strong>Presidenta de FIDEM<\/strong><\/p>\n","protected":false},"excerpt":{"rendered":"<p>El pasado 29 de noviembre se celebraron los 21s Premios FIDEM 2018 donde las mujeres referentes fueron el lema de este a\u00f1o. Cuando preguntas a un hombre cu\u00e1les son sus referentes, \u00a1nunca sale una mujer! Y si haces la misma pregunta a una mujer, la primera que sale lo hace en la posici\u00f3n n\u00famero 4. [&hellip;]<\/p>\n","protected":false},"author":1,"featured_media":15723,"comment_status":"closed","ping_status":"closed","sticky":false,"template":"","format":"standard","meta":{"content-type":"","footnotes":""},"categories":[741],"tags":[1788,955,1131,1651,1121],"yoast_head":"<!-- This site is optimized with the Yoast SEO plugin v23.9 - https:\/\/yoast.com\/wordpress\/plugins\/seo\/ -->\n<title>Premios Fidem: Homenaje a nuestras mujeres referentes | Amat Immobiliaris<\/title>\n<meta name=\"robots\" content=\"index, follow, max-snippet:-1, max-image-preview:large, max-video-preview:-1\" \/>\n<link rel=\"canonical\" href=\"https:\/\/www.amatimmobiliaris.com\/w\/2018\/12\/premios-fidem-homenaje-nuestras-mujeres-referentes\/\" \/>\n<meta property=\"og:locale\" content=\"es_ES\" \/>\n<meta property=\"og:type\" content=\"article\" \/>\n<meta property=\"og:title\" content=\"Premios Fidem: Homenaje a nuestras mujeres referentes | Amat Immobiliaris\" \/>\n<meta property=\"og:description\" content=\"El pasado 29 de noviembre se celebraron los 21s Premios FIDEM 2018 donde las mujeres referentes fueron el lema de este a\u00f1o. Cuando preguntas a un hombre cu\u00e1les son sus referentes, \u00a1nunca sale una mujer! Y si haces la misma pregunta a una mujer, la primera que sale lo hace en la posici\u00f3n n\u00famero 4. [&hellip;]\" \/>\n<meta property=\"og:url\" content=\"https:\/\/www.amatimmobiliaris.com\/w\/2018\/12\/premios-fidem-homenaje-nuestras-mujeres-referentes\/\" \/>\n<meta property=\"og:site_name\" content=\"Amat Immobiliaris\" \/>\n<meta property=\"article:publisher\" content=\"https:\/\/www.facebook.com\/amatimmobiliaris\" \/>\n<meta property=\"article:published_time\" content=\"2018-12-14T11:26:28+00:00\" \/>\n<meta property=\"article:modified_time\" content=\"2023-05-11T10:03:46+00:00\" \/>\n<meta property=\"og:image\" content=\"https:\/\/www.amatimmobiliaris.com\/w\/wp-content\/uploads\/2022\/01\/2018.11.29-xxi-premis-fidem-foto-premiades-2.jpg\" \/>\n\t<meta property=\"og:image:width\" content=\"1800\" \/>\n\t<meta property=\"og:image:height\" content=\"1200\" \/>\n\t<meta property=\"og:image:type\" content=\"image\/jpeg\" \/>\n<meta name=\"author\" content=\"Amat Immobiliaris\" \/>\n<meta name=\"twitter:card\" content=\"summary_large_image\" \/>\n<meta name=\"twitter:creator\" content=\"@amat_cat\" \/>\n<meta name=\"twitter:site\" content=\"@amat_cat\" \/>\n<meta name=\"twitter:label1\" content=\"Escrito por\" \/>\n\t<meta name=\"twitter:data1\" content=\"Amat Immobiliaris\" \/>\n\t<meta name=\"twitter:label2\" content=\"Tiempo de lectura\" \/>\n\t<meta name=\"twitter:data2\" content=\"2 minutos\" \/>\n<script type=\"application\/ld+json\" class=\"yoast-schema-graph\">{\"@context\":\"https:\/\/schema.org\",\"@graph\":[{\"@type\":\"Article\",\"@id\":\"https:\/\/www.amatimmobiliaris.com\/w\/2018\/12\/premios-fidem-homenaje-nuestras-mujeres-referentes\/#article\",\"isPartOf\":{\"@id\":\"https:\/\/www.amatimmobiliaris.com\/w\/2018\/12\/premios-fidem-homenaje-nuestras-mujeres-referentes\/\"},\"author\":{\"name\":\"Amat Immobiliaris\",\"@id\":\"https:\/\/www.amatimmobiliaris.com\/w\/#\/schema\/person\/c880da71d1e156e7ea6774ffb445e034\"},\"headline\":\"Premios Fidem: Homenaje a nuestras mujeres referentes\",\"datePublished\":\"2018-12-14T11:26:28+00:00\",\"dateModified\":\"2023-05-11T10:03:46+00:00\",\"mainEntityOfPage\":{\"@id\":\"https:\/\/www.amatimmobiliaris.com\/w\/2018\/12\/premios-fidem-homenaje-nuestras-mujeres-referentes\/\"},\"wordCount\":335,\"publisher\":{\"@id\":\"https:\/\/www.amatimmobiliaris.com\/w\/#organization\"},\"image\":{\"@id\":\"https:\/\/www.amatimmobiliaris.com\/w\/2018\/12\/premios-fidem-homenaje-nuestras-mujeres-referentes\/#primaryimage\"},\"thumbnailUrl\":\"https:\/\/www.amatimmobiliaris.com\/w\/wp-content\/uploads\/2022\/01\/2018.11.29-xxi-premis-fidem-foto-premiades-2.jpg\",\"keywords\":[\"Entrevista\",\"Feminismo\",\"FIDEM\",\"Mujer\",\"Premio\"],\"articleSection\":[\"El mundo Amat\"],\"inLanguage\":\"es\"},{\"@type\":\"WebPage\",\"@id\":\"https:\/\/www.amatimmobiliaris.com\/w\/2018\/12\/premios-fidem-homenaje-nuestras-mujeres-referentes\/\",\"url\":\"https:\/\/www.amatimmobiliaris.com\/w\/2018\/12\/premios-fidem-homenaje-nuestras-mujeres-referentes\/\",\"name\":\"Premios Fidem: Homenaje a nuestras mujeres referentes | Amat Immobiliaris\",\"isPartOf\":{\"@id\":\"https:\/\/www.amatimmobiliaris.com\/w\/#website\"},\"primaryImageOfPage\":{\"@id\":\"https:\/\/www.amatimmobiliaris.com\/w\/2018\/12\/premios-fidem-homenaje-nuestras-mujeres-referentes\/#primaryimage\"},\"image\":{\"@id\":\"https:\/\/www.amatimmobiliaris.com\/w\/2018\/12\/premios-fidem-homenaje-nuestras-mujeres-referentes\/#primaryimage\"},\"thumbnailUrl\":\"https:\/\/www.amatimmobiliaris.com\/w\/wp-content\/uploads\/2022\/01\/2018.11.29-xxi-premis-fidem-foto-premiades-2.jpg\",\"datePublished\":\"2018-12-14T11:26:28+00:00\",\"dateModified\":\"2023-05-11T10:03:46+00:00\",\"breadcrumb\":{\"@id\":\"https:\/\/www.amatimmobiliaris.com\/w\/2018\/12\/premios-fidem-homenaje-nuestras-mujeres-referentes\/#breadcrumb\"},\"inLanguage\":\"es\",\"potentialAction\":[{\"@type\":\"ReadAction\",\"target\":[\"https:\/\/www.amatimmobiliaris.com\/w\/2018\/12\/premios-fidem-homenaje-nuestras-mujeres-referentes\/\"]}]},{\"@type\":\"ImageObject\",\"inLanguage\":\"es\",\"@id\":\"https:\/\/www.amatimmobiliaris.com\/w\/2018\/12\/premios-fidem-homenaje-nuestras-mujeres-referentes\/#primaryimage\",\"url\":\"https:\/\/www.amatimmobiliaris.com\/w\/wp-content\/uploads\/2022\/01\/2018.11.29-xxi-premis-fidem-foto-premiades-2.jpg\",\"contentUrl\":\"https:\/\/www.amatimmobiliaris.com\/w\/wp-content\/uploads\/2022\/01\/2018.11.29-xxi-premis-fidem-foto-premiades-2.jpg\",\"width\":1800,\"height\":1200},{\"@type\":\"BreadcrumbList\",\"@id\":\"https:\/\/www.amatimmobiliaris.com\/w\/2018\/12\/premios-fidem-homenaje-nuestras-mujeres-referentes\/#breadcrumb\",\"itemListElement\":[{\"@type\":\"ListItem\",\"position\":1,\"name\":\"Home\",\"item\":\"https:\/\/www.amatimmobiliaris.com\/w\/\"},{\"@type\":\"ListItem\",\"position\":2,\"name\":\"El mundo Amat\",\"item\":\"https:\/\/www.amatimmobiliaris.com\/w\/category\/el-mundo-amat\/\"},{\"@type\":\"ListItem\",\"position\":3,\"name\":\"Premios Fidem: Homenaje a nuestras mujeres referentes\"}]},{\"@type\":\"WebSite\",\"@id\":\"https:\/\/www.amatimmobiliaris.com\/w\/#website\",\"url\":\"https:\/\/www.amatimmobiliaris.com\/w\/\",\"name\":\"Amat Immobiliaris\",\"description\":\"Empresa familiar del sector inmobiliario con oficinas en Barcelona, Sant Cugat del Vall\u00e9s y Sant Just Desvern. Te ayudamos a comprar, alquilar o vender tu casa o piso. Somos un equipo coherente con una cultura de empresa honesta, innovadora y eficaz. Tambi\u00e9n en www.amatluxury.com\",\"publisher\":{\"@id\":\"https:\/\/www.amatimmobiliaris.com\/w\/#organization\"},\"alternateName\":\"AmatImmo\",\"potentialAction\":[{\"@type\":\"SearchAction\",\"target\":{\"@type\":\"EntryPoint\",\"urlTemplate\":\"https:\/\/www.amatimmobiliaris.com\/w\/?s={search_term_string}\"},\"query-input\":{\"@type\":\"PropertyValueSpecification\",\"valueRequired\":true,\"valueName\":\"search_term_string\"}}],\"inLanguage\":\"es\"},{\"@type\":\"Organization\",\"@id\":\"https:\/\/www.amatimmobiliaris.com\/w\/#organization\",\"name\":\"Amat Immobiliaris\",\"url\":\"https:\/\/www.amatimmobiliaris.com\/w\/\",\"logo\":{\"@type\":\"ImageObject\",\"inLanguage\":\"es\",\"@id\":\"https:\/\/www.amatimmobiliaris.com\/w\/#\/schema\/logo\/image\/\",\"url\":\"https:\/\/www.amatimmobiliaris.com\/w\/wp-content\/uploads\/2022\/10\/amat-logo.jpg\",\"contentUrl\":\"https:\/\/www.amatimmobiliaris.com\/w\/wp-content\/uploads\/2022\/10\/amat-logo.jpg\",\"width\":900,\"height\":900,\"caption\":\"Amat Immobiliaris\"},\"image\":{\"@id\":\"https:\/\/www.amatimmobiliaris.com\/w\/#\/schema\/logo\/image\/\"},\"sameAs\":[\"https:\/\/www.facebook.com\/amatimmobiliaris\",\"https:\/\/x.com\/amat_cat\",\"https:\/\/www.instagram.com\/amat_immo\/\",\"https:\/\/www.linkedin.com\/company\/amat-finques\/\",\"https:\/\/www.youtube.com\/@amatimmobiliaris\"]},{\"@type\":\"Person\",\"@id\":\"https:\/\/www.amatimmobiliaris.com\/w\/#\/schema\/person\/c880da71d1e156e7ea6774ffb445e034\",\"name\":\"Amat Immobiliaris\",\"sameAs\":[\"http:\/\/amat-inmo-wp.localhost\"]}]}<\/script>\n<!-- \/ Yoast SEO plugin. -->","yoast_head_json":{"title":"Premios Fidem: Homenaje a nuestras mujeres referentes | Amat Immobiliaris","robots":{"index":"index","follow":"follow","max-snippet":"max-snippet:-1","max-image-preview":"max-image-preview:large","max-video-preview":"max-video-preview:-1"},"canonical":"https:\/\/www.amatimmobiliaris.com\/w\/2018\/12\/premios-fidem-homenaje-nuestras-mujeres-referentes\/","og_locale":"es_ES","og_type":"article","og_title":"Premios Fidem: Homenaje a nuestras mujeres referentes | Amat Immobiliaris","og_description":"El pasado 29 de noviembre se celebraron los 21s Premios FIDEM 2018 donde las mujeres referentes fueron el lema de este a\u00f1o. Cuando preguntas a un hombre cu\u00e1les son sus referentes, \u00a1nunca sale una mujer! Y si haces la misma pregunta a una mujer, la primera que sale lo hace en la posici\u00f3n n\u00famero 4. [&hellip;]","og_url":"https:\/\/www.amatimmobiliaris.com\/w\/2018\/12\/premios-fidem-homenaje-nuestras-mujeres-referentes\/","og_site_name":"Amat Immobiliaris","article_publisher":"https:\/\/www.facebook.com\/amatimmobiliaris","article_published_time":"2018-12-14T11:26:28+00:00","article_modified_time":"2023-05-11T10:03:46+00:00","og_image":[{"width":1800,"height":1200,"url":"https:\/\/www.amatimmobiliaris.com\/w\/wp-content\/uploads\/2022\/01\/2018.11.29-xxi-premis-fidem-foto-premiades-2.jpg","type":"image\/jpeg"}],"author":"Amat Immobiliaris","twitter_card":"summary_large_image","twitter_creator":"@amat_cat","twitter_site":"@amat_cat","twitter_misc":{"Escrito por":"Amat Immobiliaris","Tiempo de lectura":"2 minutos"},"schema":{"@context":"https:\/\/schema.org","@graph":[{"@type":"Article","@id":"https:\/\/www.amatimmobiliaris.com\/w\/2018\/12\/premios-fidem-homenaje-nuestras-mujeres-referentes\/#article","isPartOf":{"@id":"https:\/\/www.amatimmobiliaris.com\/w\/2018\/12\/premios-fidem-homenaje-nuestras-mujeres-referentes\/"},"author":{"name":"Amat Immobiliaris","@id":"https:\/\/www.amatimmobiliaris.com\/w\/#\/schema\/person\/c880da71d1e156e7ea6774ffb445e034"},"headline":"Premios Fidem: Homenaje a nuestras mujeres referentes","datePublished":"2018-12-14T11:26:28+00:00","dateModified":"2023-05-11T10:03:46+00:00","mainEntityOfPage":{"@id":"https:\/\/www.amatimmobiliaris.com\/w\/2018\/12\/premios-fidem-homenaje-nuestras-mujeres-referentes\/"},"wordCount":335,"publisher":{"@id":"https:\/\/www.amatimmobiliaris.com\/w\/#organization"},"image":{"@id":"https:\/\/www.amatimmobiliaris.com\/w\/2018\/12\/premios-fidem-homenaje-nuestras-mujeres-referentes\/#primaryimage"},"thumbnailUrl":"https:\/\/www.amatimmobiliaris.com\/w\/wp-content\/uploads\/2022\/01\/2018.11.29-xxi-premis-fidem-foto-premiades-2.jpg","keywords":["Entrevista","Feminismo","FIDEM","Mujer","Premio"],"articleSection":["El mundo Amat"],"inLanguage":"es"},{"@type":"WebPage","@id":"https:\/\/www.amatimmobiliaris.com\/w\/2018\/12\/premios-fidem-homenaje-nuestras-mujeres-referentes\/","url":"https:\/\/www.amatimmobiliaris.com\/w\/2018\/12\/premios-fidem-homenaje-nuestras-mujeres-referentes\/","name":"Premios Fidem: Homenaje a nuestras mujeres referentes | Amat Immobiliaris","isPartOf":{"@id":"https:\/\/www.amatimmobiliaris.com\/w\/#website"},"primaryImageOfPage":{"@id":"https:\/\/www.amatimmobiliaris.com\/w\/2018\/12\/premios-fidem-homenaje-nuestras-mujeres-referentes\/#primaryimage"},"image":{"@id":"https:\/\/www.amatimmobiliaris.com\/w\/2018\/12\/premios-fidem-homenaje-nuestras-mujeres-referentes\/#primaryimage"},"thumbnailUrl":"https:\/\/www.amatimmobiliaris.com\/w\/wp-content\/uploads\/2022\/01\/2018.11.29-xxi-premis-fidem-foto-premiades-2.jpg","datePublished":"2018-12-14T11:26:28+00:00","dateModified":"2023-05-11T10:03:46+00:00","breadcrumb":{"@id":"https:\/\/www.amatimmobiliaris.com\/w\/2018\/12\/premios-fidem-homenaje-nuestras-mujeres-referentes\/#breadcrumb"},"inLanguage":"es","potentialAction":[{"@type":"ReadAction","target":["https:\/\/www.amatimmobiliaris.com\/w\/2018\/12\/premios-fidem-homenaje-nuestras-mujeres-referentes\/"]}]},{"@type":"ImageObject","inLanguage":"es","@id":"https:\/\/www.amatimmobiliaris.com\/w\/2018\/12\/premios-fidem-homenaje-nuestras-mujeres-referentes\/#primaryimage","url":"https:\/\/www.amatimmobiliaris.com\/w\/wp-content\/uploads\/2022\/01\/2018.11.29-xxi-premis-fidem-foto-premiades-2.jpg","contentUrl":"https:\/\/www.amatimmobiliaris.com\/w\/wp-content\/uploads\/2022\/01\/2018.11.29-xxi-premis-fidem-foto-premiades-2.jpg","width":1800,"height":1200},{"@type":"BreadcrumbList","@id":"https:\/\/www.amatimmobiliaris.com\/w\/2018\/12\/premios-fidem-homenaje-nuestras-mujeres-referentes\/#breadcrumb","itemListElement":[{"@type":"ListItem","position":1,"name":"Home","item":"https:\/\/www.amatimmobiliaris.com\/w\/"},{"@type":"ListItem","position":2,"name":"El mundo Amat","item":"https:\/\/www.amatimmobiliaris.com\/w\/category\/el-mundo-amat\/"},{"@type":"ListItem","position":3,"name":"Premios Fidem: Homenaje a nuestras mujeres referentes"}]},{"@type":"WebSite","@id":"https:\/\/www.amatimmobiliaris.com\/w\/#website","url":"https:\/\/www.amatimmobiliaris.com\/w\/","name":"Amat Immobiliaris","description":"Empresa familiar del sector inmobiliario con oficinas en Barcelona, Sant Cugat del Vall\u00e9s y Sant Just Desvern. Te ayudamos a comprar, alquilar o vender tu casa o piso. Somos un equipo coherente con una cultura de empresa honesta, innovadora y eficaz. Tambi\u00e9n en www.amatluxury.com","publisher":{"@id":"https:\/\/www.amatimmobiliaris.com\/w\/#organization"},"alternateName":"AmatImmo","potentialAction":[{"@type":"SearchAction","target":{"@type":"EntryPoint","urlTemplate":"https:\/\/www.amatimmobiliaris.com\/w\/?s={search_term_string}"},"query-input":{"@type":"PropertyValueSpecification","valueRequired":true,"valueName":"search_term_string"}}],"inLanguage":"es"},{"@type":"Organization","@id":"https:\/\/www.amatimmobiliaris.com\/w\/#organization","name":"Amat Immobiliaris","url":"https:\/\/www.amatimmobiliaris.com\/w\/","logo":{"@type":"ImageObject","inLanguage":"es","@id":"https:\/\/www.amatimmobiliaris.com\/w\/#\/schema\/logo\/image\/","url":"https:\/\/www.amatimmobiliaris.com\/w\/wp-content\/uploads\/2022\/10\/amat-logo.jpg","contentUrl":"https:\/\/www.amatimmobiliaris.com\/w\/wp-content\/uploads\/2022\/10\/amat-logo.jpg","width":900,"height":900,"caption":"Amat Immobiliaris"},"image":{"@id":"https:\/\/www.amatimmobiliaris.com\/w\/#\/schema\/logo\/image\/"},"sameAs":["https:\/\/www.facebook.com\/amatimmobiliaris","https:\/\/x.com\/amat_cat","https:\/\/www.instagram.com\/amat_immo\/","https:\/\/www.linkedin.com\/company\/amat-finques\/","https:\/\/www.youtube.com\/@amatimmobiliaris"]},{"@type":"Person","@id":"https:\/\/www.amatimmobiliaris.com\/w\/#\/schema\/person\/c880da71d1e156e7ea6774ffb445e034","name":"Amat Immobiliaris","sameAs":["http:\/\/amat-inmo-wp.localhost"]}]}},"_links":{"self":[{"href":"https:\/\/www.amatimmobiliaris.com\/w\/wp-json\/wp\/v2\/posts\/15722"}],"collection":[{"href":"https:\/\/www.amatimmobiliaris.com\/w\/wp-json\/wp\/v2\/posts"}],"about":[{"href":"https:\/\/www.amatimmobiliaris.com\/w\/wp-json\/wp\/v2\/types\/post"}],"author":[{"embeddable":true,"href":"https:\/\/www.amatimmobiliaris.com\/w\/wp-json\/wp\/v2\/users\/1"}],"replies":[{"embeddable":true,"href":"https:\/\/www.amatimmobiliaris.com\/w\/wp-json\/wp\/v2\/comments?post=15722"}],"version-history":[{"count":2,"href":"https:\/\/www.amatimmobiliaris.com\/w\/wp-json\/wp\/v2\/posts\/15722\/revisions"}],"predecessor-version":[{"id":25118,"href":"https:\/\/www.amatimmobiliaris.com\/w\/wp-json\/wp\/v2\/posts\/15722\/revisions\/25118"}],"wp:featuredmedia":[{"embeddable":true,"href":"https:\/\/www.amatimmobiliaris.com\/w\/wp-json\/wp\/v2\/media\/15723"}],"wp:attachment":[{"href":"https:\/\/www.amatimmobiliaris.com\/w\/wp-json\/wp\/v2\/media?parent=15722"}],"wp:term":[{"taxonomy":"category","embeddable":true,"href":"https:\/\/www.amatimmobiliaris.com\/w\/wp-json\/wp\/v2\/categories?post=15722"},{"taxonomy":"post_tag","embeddable":true,"href":"https:\/\/www.amatimmobiliaris.com\/w\/wp-json\/wp\/v2\/tags?post=15722"}],"curies":[{"name":"wp","href":"https:\/\/api.w.org\/{rel}","templated":true}]}}