{"id":15721,"date":"2018-12-11T12:02:59","date_gmt":"2018-12-11T12:02:59","guid":{"rendered":"http:\/\/amat-inmo-wp.localhost\/2018\/12\/11\/reflexiones-post-meeting-point-mas\/"},"modified":"2023-05-11T10:03:47","modified_gmt":"2023-05-11T10:03:47","slug":"reflexiones-post-meeting-point-mas","status":"publish","type":"post","link":"https:\/\/www.amatimmobiliaris.com\/w\/2018\/12\/reflexiones-post-meeting-point-mas\/","title":{"rendered":"Reflexiones post Meeting Point, y m\u00e1s"},"content":{"rendered":"<p>He tardado m\u00e1s de lo habitual en hacer este \u00faltimo <a href=\"https:\/\/issuu.com\/amatimmobiliaris\/docs\/diari_del_canvi\" target=\"_blank\" rel=\"noopener\">Diario del Cambio<\/a> ya que esper\u00e1bamos valorar los resultados del <a href=\"https:\/\/www.facebook.com\/pg\/amatimmobiliaris\/photos\/?tab=album&amp;album_id=2123470544363885\" class=\"broken_link\" rel=\"nofollow\">Meeting Point<\/a> del mes de octubre i conocer las \u00faltimas decisiones de la Administraci\u00f3n que tanto afectan al sector.<\/p>\n<p>Este pasado Meeting Point nos ha producido sensaciones contradictorias. Por un lado, es verdad que el BMP daba gusto ya que la disposici\u00f3n de los stands era diferente de otros a\u00f1os y pensamos que se ve\u00edan m\u00e1s. Adem\u00e1s, han sido m\u00e1s grandes y luminosos. \u00a1Se ve que vamos a mejor! Por otro lado, los paneles del Simposio han sido muy interesantes y, al ser un d\u00eda menos, nos ha permitido concentrar mejor los esfuerzos.<\/p>\n<p>Como siempre, hay dos \u201cMeeting Point\u201d: el profesional y el del gran p\u00fablico. Los dos d\u00edas del sal\u00f3n profesional han sido de much\u00edsima actividad, de much\u00edsimas relaciones y, para nosotros, han sido muy provechosos. En cambio, los d\u00edas destinados al gran p\u00fablico han sido m\u00e1s flojos que otros a\u00f1os ya que ha habido menos visitas. Si lo analizamos desde el unto de vista comercial, la reflexi\u00f3n es que hoy en d\u00eda quiz\u00e1s tiene menos sentido para los posibles demandantes ir a una feria. \u00bfQu\u00e9 encuentran? \u00bfConcentraci\u00f3n de oferta cuando tambi\u00e9n la tienen las webs inmobiliarias y los portales? A\u00fan as\u00ed, hoy podemos decir que hemos hecho 3 ventas surgidas directamente del BMP.<\/p>\n<p>Tambi\u00e9n para nosotros, para AMAT, fue el espacio donde pudimos presentar dos innovaciones:<\/p>\n<ul>\n<li><a href=\"https:\/\/www.amatimmobiliaris.com\/w\/2018\/10\/greendex-valor-anadido-clientes\/\"><strong>GreenDEX<\/strong><\/a>, se trata de un indicador verde que relaciona vivienda y salud. Con el GreenDEX y el GreenMAP informamos en todos los inmuebles que comercializamos en la ciudad de Barcelona de la calidad y cantidad del verde que tienen en su entorno. Desde nuestro punto de vista, la existencia de zonas verdes en el entorno de una vivienda mejora la salud medioambiental y el bienestar de las familias.<\/li>\n<\/ul>\n<p>De momento somos los \u00fanicos que hemos hecho esta apuesta para informar a nuestros clientes, pero esperamos que el resto del sector se sume poco a poco.<\/p>\n<ul>\n<li><strong>La nueva normativa del 30% de vivienda social<\/strong><\/li>\n<\/ul>\n<p>Despu\u00e9s de meses de hablar, de llenar p\u00e1ginas y p\u00e1ginas en los medios de informaci\u00f3n, el pasado 5 de diciembre hubo acuerdo entre del Ayuntamiento y la Generalitat. Seguramente podr\u00edamos llegar a estar de acuerdo con el fondo pero seguro que no lo estamos con las formas.<\/p>\n<p>Se necesitar\u00e1 tiempo para valorar las consecuencias para el sector inmobiliario y tambi\u00e9n los beneficios sociales pero como primera reflexi\u00f3n nos llama la atenci\u00f3n varias cosas:<\/p>\n<ul>\n<li><em>Que un tema tan importante y trascendental como este se apruebe a 6 meses de las elecciones municipales.<\/em><\/li>\n<li><em>Que no haya habido un gran debate. Curiosamente ha habido debates a posteriori de la aprobaci\u00f3n por el Ayuntamiento.<\/em><\/li>\n<li><em>Que el l\u00edmite donde sea necesaria la aplicaci\u00f3n de esta normativa sean 600 m2. <\/em><\/li>\n<li><em>Que se imponga esta carga a los promotores como consecuencia de haber sido la Administraci\u00f3n incapaz de conseguir una colaboraci\u00f3n publico-privada para desarrollar vivienda social, como existe en temas de educaci\u00f3n y sanidad. <\/em><\/li>\n<\/ul>\n<p>Nos preocupa el tema, como nos ha preocupado hist\u00f3ricamente la falta de viviendas de alquiler en Barcelona y la desconfianza, tambi\u00e9n hist\u00f3rica, en relaci\u00f3n al sector inmobiliario ( y nunca hemos sido promotores\u2026).<\/p>\n<p><strong>LOS MEDIOS HABLAN DE NOSOTROS<\/strong><\/p>\n<p>Los medios han contado con nosotros para hablar del sector despu\u00e9s del BMP. Esto es lo que se ha publicado:<\/p>\n<ul>\n<li>10.208 El Pa\u00eds:\u00a0<a href=\"https:\/\/elpais.com\/cat\/2018\/10\/27\/economia\/1540659560_098239.html?fbclid=IwAR1kU2xrpwD6-rMMaPnA_vS54WGgspMy0E9S-hU8-S5yL4nXrbun7OP-6Ng\">La inversi\u00f3 estrangera en pisos de Barcelona cau el 10% i afeixuga el sector del luxe<\/a><\/li>\n<li>10.2018 El Pa\u00eds:\u00a0<a href=\"https:\/\/elpais.com\/cat\/2018\/10\/25\/catalunya\/1540488778_796787.html?fbclid=IwAR3RVgXnKPdNozkuhlZcyE3NER49I3bJWYc45-wdlja_6SgQdmIb6qJCBmw\">Els promotors construiran 15.000 habitatges aquest any a Catalunya, un 32% m\u00e9s<\/a><\/li>\n<li>Entrevista en InmocanalTv: <a href=\"https:\/\/www.youtube.com\/watch?v=4fm3xgsV7ic&amp;t=33s&amp;fbclid=IwAR2ckBLCF7ytvime9Yygfb4ci3K24gdhgDxu1UYKGW4xn3iWUVBIBaHufF8\">Meeting Point 2018\u00a0<\/a><\/li>\n<\/ul>\n<p style=\"text-align: right;\"><strong>Immaculada Amat<\/strong><\/p>\n<p style=\"text-align: right;\"><strong>Presidenta Amat Immobiliaris<\/strong><\/p>\n","protected":false},"excerpt":{"rendered":"<p>He tardado m\u00e1s de lo habitual en hacer este \u00faltimo Diario del Cambio ya que esper\u00e1bamos valorar los resultados del Meeting Point del mes de octubre i conocer las \u00faltimas decisiones de la Administraci\u00f3n que tanto afectan al sector. Este pasado Meeting Point nos ha producido sensaciones contradictorias. Por un lado, es verdad que el [&hellip;]<\/p>\n","protected":false},"author":1,"featured_media":0,"comment_status":"closed","ping_status":"closed","sticky":false,"template":"","format":"standard","meta":{"content-type":"","footnotes":""},"categories":[741],"tags":[1097,1794,1824,1235,1056,1765,1788,1679,1790,942,1612,944,1782,974,984,1809,985,1660],"yoast_head":"<!-- This site is optimized with the Yoast SEO plugin v23.9 - https:\/\/yoast.com\/wordpress\/plugins\/seo\/ -->\n<title>Reflexiones post Meeting Point, y m\u00e1s | Amat Immobiliaris<\/title>\n<meta name=\"description\" content=\"Reflexiones post Meeting Point llevado a cabo el mes de octubre de 2018 y las decisiones de la Administraci\u00f3n que tanto afectan al sector.\" \/>\n<meta name=\"robots\" content=\"index, follow, max-snippet:-1, max-image-preview:large, max-video-preview:-1\" \/>\n<link rel=\"canonical\" href=\"https:\/\/www.amatimmobiliaris.com\/w\/2018\/12\/reflexiones-post-meeting-point-mas\/\" \/>\n<meta property=\"og:locale\" content=\"es_ES\" \/>\n<meta property=\"og:type\" content=\"article\" \/>\n<meta property=\"og:title\" content=\"Reflexiones post Meeting Point, y m\u00e1s | Amat Immobiliaris\" \/>\n<meta property=\"og:description\" content=\"Reflexiones post Meeting Point llevado a cabo el mes de octubre de 2018 y las decisiones de la Administraci\u00f3n que tanto afectan al sector.\" \/>\n<meta property=\"og:url\" content=\"https:\/\/www.amatimmobiliaris.com\/w\/2018\/12\/reflexiones-post-meeting-point-mas\/\" \/>\n<meta property=\"og:site_name\" content=\"Amat Immobiliaris\" \/>\n<meta property=\"article:publisher\" content=\"https:\/\/www.facebook.com\/amatimmobiliaris\" \/>\n<meta property=\"article:published_time\" content=\"2018-12-11T12:02:59+00:00\" \/>\n<meta property=\"article:modified_time\" content=\"2023-05-11T10:03:47+00:00\" \/>\n<meta property=\"og:image\" content=\"https:\/\/www.amatimmobiliaris.com\/w\/wp-content\/uploads\/2022\/01\/2014-Saga-familiar-Amat-dw-1-1024x683.jpg\" \/>\n\t<meta property=\"og:image:width\" content=\"1024\" \/>\n\t<meta property=\"og:image:height\" content=\"683\" \/>\n\t<meta property=\"og:image:type\" content=\"image\/jpeg\" \/>\n<meta name=\"author\" content=\"Amat Immobiliaris\" \/>\n<meta name=\"twitter:card\" content=\"summary_large_image\" \/>\n<meta name=\"twitter:creator\" content=\"@amat_cat\" \/>\n<meta name=\"twitter:site\" content=\"@amat_cat\" \/>\n<meta name=\"twitter:label1\" content=\"Escrito por\" \/>\n\t<meta name=\"twitter:data1\" content=\"Amat Immobiliaris\" \/>\n\t<meta name=\"twitter:label2\" content=\"Tiempo de lectura\" \/>\n\t<meta name=\"twitter:data2\" content=\"3 minutos\" \/>\n<script type=\"application\/ld+json\" class=\"yoast-schema-graph\">{\"@context\":\"https:\/\/schema.org\",\"@graph\":[{\"@type\":\"Article\",\"@id\":\"https:\/\/www.amatimmobiliaris.com\/w\/2018\/12\/reflexiones-post-meeting-point-mas\/#article\",\"isPartOf\":{\"@id\":\"https:\/\/www.amatimmobiliaris.com\/w\/2018\/12\/reflexiones-post-meeting-point-mas\/\"},\"author\":{\"name\":\"Amat Immobiliaris\",\"@id\":\"https:\/\/www.amatimmobiliaris.com\/w\/#\/schema\/person\/c880da71d1e156e7ea6774ffb445e034\"},\"headline\":\"Reflexiones post Meeting Point, y m\u00e1s\",\"datePublished\":\"2018-12-11T12:02:59+00:00\",\"dateModified\":\"2023-05-11T10:03:47+00:00\",\"mainEntityOfPage\":{\"@id\":\"https:\/\/www.amatimmobiliaris.com\/w\/2018\/12\/reflexiones-post-meeting-point-mas\/\"},\"wordCount\":644,\"publisher\":{\"@id\":\"https:\/\/www.amatimmobiliaris.com\/w\/#organization\"},\"keywords\":[\"Barcelona\",\"Beneficios\",\"Confianza\",\"Econom\u00eda\",\"Eficiencia energ\u00e9tica\",\"Entorno Inmobiliario\",\"Entrevista\",\"Evento\",\"Greendex\",\"Inmobiliaria\",\"Innovaci\u00f3n\",\"Jard\u00edn\",\"Meeting Point\",\"Mercado inmobiliario\",\"Naturaleza\",\"Sector inmobiliario\",\"Vegetaci\u00f3n\",\"Zonas Verde\"],\"articleSection\":[\"El mundo Amat\"],\"inLanguage\":\"es\"},{\"@type\":\"WebPage\",\"@id\":\"https:\/\/www.amatimmobiliaris.com\/w\/2018\/12\/reflexiones-post-meeting-point-mas\/\",\"url\":\"https:\/\/www.amatimmobiliaris.com\/w\/2018\/12\/reflexiones-post-meeting-point-mas\/\",\"name\":\"Reflexiones post Meeting Point, y m\u00e1s | Amat Immobiliaris\",\"isPartOf\":{\"@id\":\"https:\/\/www.amatimmobiliaris.com\/w\/#website\"},\"datePublished\":\"2018-12-11T12:02:59+00:00\",\"dateModified\":\"2023-05-11T10:03:47+00:00\",\"description\":\"Reflexiones post Meeting Point llevado a cabo el mes de octubre de 2018 y las decisiones de la Administraci\u00f3n que tanto afectan al sector.\",\"breadcrumb\":{\"@id\":\"https:\/\/www.amatimmobiliaris.com\/w\/2018\/12\/reflexiones-post-meeting-point-mas\/#breadcrumb\"},\"inLanguage\":\"es\",\"potentialAction\":[{\"@type\":\"ReadAction\",\"target\":[\"https:\/\/www.amatimmobiliaris.com\/w\/2018\/12\/reflexiones-post-meeting-point-mas\/\"]}]},{\"@type\":\"BreadcrumbList\",\"@id\":\"https:\/\/www.amatimmobiliaris.com\/w\/2018\/12\/reflexiones-post-meeting-point-mas\/#breadcrumb\",\"itemListElement\":[{\"@type\":\"ListItem\",\"position\":1,\"name\":\"Home\",\"item\":\"https:\/\/www.amatimmobiliaris.com\/w\/\"},{\"@type\":\"ListItem\",\"position\":2,\"name\":\"El mundo Amat\",\"item\":\"https:\/\/www.amatimmobiliaris.com\/w\/category\/el-mundo-amat\/\"},{\"@type\":\"ListItem\",\"position\":3,\"name\":\"Reflexiones post Meeting Point, y m\u00e1s\"}]},{\"@type\":\"WebSite\",\"@id\":\"https:\/\/www.amatimmobiliaris.com\/w\/#website\",\"url\":\"https:\/\/www.amatimmobiliaris.com\/w\/\",\"name\":\"Amat Immobiliaris\",\"description\":\"Empresa familiar del sector inmobiliario con oficinas en Barcelona, Sant Cugat del Vall\u00e9s y Sant Just Desvern. Te ayudamos a comprar, alquilar o vender tu casa o piso. Somos un equipo coherente con una cultura de empresa honesta, innovadora y eficaz. Tambi\u00e9n en www.amatluxury.com\",\"publisher\":{\"@id\":\"https:\/\/www.amatimmobiliaris.com\/w\/#organization\"},\"alternateName\":\"AmatImmo\",\"potentialAction\":[{\"@type\":\"SearchAction\",\"target\":{\"@type\":\"EntryPoint\",\"urlTemplate\":\"https:\/\/www.amatimmobiliaris.com\/w\/?s={search_term_string}\"},\"query-input\":{\"@type\":\"PropertyValueSpecification\",\"valueRequired\":true,\"valueName\":\"search_term_string\"}}],\"inLanguage\":\"es\"},{\"@type\":\"Organization\",\"@id\":\"https:\/\/www.amatimmobiliaris.com\/w\/#organization\",\"name\":\"Amat Immobiliaris\",\"url\":\"https:\/\/www.amatimmobiliaris.com\/w\/\",\"logo\":{\"@type\":\"ImageObject\",\"inLanguage\":\"es\",\"@id\":\"https:\/\/www.amatimmobiliaris.com\/w\/#\/schema\/logo\/image\/\",\"url\":\"https:\/\/www.amatimmobiliaris.com\/w\/wp-content\/uploads\/2022\/10\/amat-logo.jpg\",\"contentUrl\":\"https:\/\/www.amatimmobiliaris.com\/w\/wp-content\/uploads\/2022\/10\/amat-logo.jpg\",\"width\":900,\"height\":900,\"caption\":\"Amat Immobiliaris\"},\"image\":{\"@id\":\"https:\/\/www.amatimmobiliaris.com\/w\/#\/schema\/logo\/image\/\"},\"sameAs\":[\"https:\/\/www.facebook.com\/amatimmobiliaris\",\"https:\/\/x.com\/amat_cat\",\"https:\/\/www.instagram.com\/amat_immo\/\",\"https:\/\/www.linkedin.com\/company\/amat-finques\/\",\"https:\/\/www.youtube.com\/@amatimmobiliaris\"]},{\"@type\":\"Person\",\"@id\":\"https:\/\/www.amatimmobiliaris.com\/w\/#\/schema\/person\/c880da71d1e156e7ea6774ffb445e034\",\"name\":\"Amat Immobiliaris\",\"sameAs\":[\"http:\/\/amat-inmo-wp.localhost\"]}]}<\/script>\n<!-- \/ Yoast SEO plugin. -->","yoast_head_json":{"title":"Reflexiones post Meeting Point, y m\u00e1s | Amat Immobiliaris","description":"Reflexiones post Meeting Point llevado a cabo el mes de octubre de 2018 y las decisiones de la Administraci\u00f3n que tanto afectan al sector.","robots":{"index":"index","follow":"follow","max-snippet":"max-snippet:-1","max-image-preview":"max-image-preview:large","max-video-preview":"max-video-preview:-1"},"canonical":"https:\/\/www.amatimmobiliaris.com\/w\/2018\/12\/reflexiones-post-meeting-point-mas\/","og_locale":"es_ES","og_type":"article","og_title":"Reflexiones post Meeting Point, y m\u00e1s | Amat Immobiliaris","og_description":"Reflexiones post Meeting Point llevado a cabo el mes de octubre de 2018 y las decisiones de la Administraci\u00f3n que tanto afectan al sector.","og_url":"https:\/\/www.amatimmobiliaris.com\/w\/2018\/12\/reflexiones-post-meeting-point-mas\/","og_site_name":"Amat Immobiliaris","article_publisher":"https:\/\/www.facebook.com\/amatimmobiliaris","article_published_time":"2018-12-11T12:02:59+00:00","article_modified_time":"2023-05-11T10:03:47+00:00","og_image":[{"width":1024,"height":683,"url":"https:\/\/www.amatimmobiliaris.com\/w\/wp-content\/uploads\/2022\/01\/2014-Saga-familiar-Amat-dw-1-1024x683.jpg","type":"image\/jpeg"}],"author":"Amat Immobiliaris","twitter_card":"summary_large_image","twitter_creator":"@amat_cat","twitter_site":"@amat_cat","twitter_misc":{"Escrito por":"Amat Immobiliaris","Tiempo de lectura":"3 minutos"},"schema":{"@context":"https:\/\/schema.org","@graph":[{"@type":"Article","@id":"https:\/\/www.amatimmobiliaris.com\/w\/2018\/12\/reflexiones-post-meeting-point-mas\/#article","isPartOf":{"@id":"https:\/\/www.amatimmobiliaris.com\/w\/2018\/12\/reflexiones-post-meeting-point-mas\/"},"author":{"name":"Amat Immobiliaris","@id":"https:\/\/www.amatimmobiliaris.com\/w\/#\/schema\/person\/c880da71d1e156e7ea6774ffb445e034"},"headline":"Reflexiones post Meeting Point, y m\u00e1s","datePublished":"2018-12-11T12:02:59+00:00","dateModified":"2023-05-11T10:03:47+00:00","mainEntityOfPage":{"@id":"https:\/\/www.amatimmobiliaris.com\/w\/2018\/12\/reflexiones-post-meeting-point-mas\/"},"wordCount":644,"publisher":{"@id":"https:\/\/www.amatimmobiliaris.com\/w\/#organization"},"keywords":["Barcelona","Beneficios","Confianza","Econom\u00eda","Eficiencia energ\u00e9tica","Entorno Inmobiliario","Entrevista","Evento","Greendex","Inmobiliaria","Innovaci\u00f3n","Jard\u00edn","Meeting Point","Mercado inmobiliario","Naturaleza","Sector inmobiliario","Vegetaci\u00f3n","Zonas Verde"],"articleSection":["El mundo Amat"],"inLanguage":"es"},{"@type":"WebPage","@id":"https:\/\/www.amatimmobiliaris.com\/w\/2018\/12\/reflexiones-post-meeting-point-mas\/","url":"https:\/\/www.amatimmobiliaris.com\/w\/2018\/12\/reflexiones-post-meeting-point-mas\/","name":"Reflexiones post Meeting Point, y m\u00e1s | Amat Immobiliaris","isPartOf":{"@id":"https:\/\/www.amatimmobiliaris.com\/w\/#website"},"datePublished":"2018-12-11T12:02:59+00:00","dateModified":"2023-05-11T10:03:47+00:00","description":"Reflexiones post Meeting Point llevado a cabo el mes de octubre de 2018 y las decisiones de la Administraci\u00f3n que tanto afectan al sector.","breadcrumb":{"@id":"https:\/\/www.amatimmobiliaris.com\/w\/2018\/12\/reflexiones-post-meeting-point-mas\/#breadcrumb"},"inLanguage":"es","potentialAction":[{"@type":"ReadAction","target":["https:\/\/www.amatimmobiliaris.com\/w\/2018\/12\/reflexiones-post-meeting-point-mas\/"]}]},{"@type":"BreadcrumbList","@id":"https:\/\/www.amatimmobiliaris.com\/w\/2018\/12\/reflexiones-post-meeting-point-mas\/#breadcrumb","itemListElement":[{"@type":"ListItem","position":1,"name":"Home","item":"https:\/\/www.amatimmobiliaris.com\/w\/"},{"@type":"ListItem","position":2,"name":"El mundo Amat","item":"https:\/\/www.amatimmobiliaris.com\/w\/category\/el-mundo-amat\/"},{"@type":"ListItem","position":3,"name":"Reflexiones post Meeting Point, y m\u00e1s"}]},{"@type":"WebSite","@id":"https:\/\/www.amatimmobiliaris.com\/w\/#website","url":"https:\/\/www.amatimmobiliaris.com\/w\/","name":"Amat Immobiliaris","description":"Empresa familiar del sector inmobiliario con oficinas en Barcelona, Sant Cugat del Vall\u00e9s y Sant Just Desvern. Te ayudamos a comprar, alquilar o vender tu casa o piso. Somos un equipo coherente con una cultura de empresa honesta, innovadora y eficaz. Tambi\u00e9n en www.amatluxury.com","publisher":{"@id":"https:\/\/www.amatimmobiliaris.com\/w\/#organization"},"alternateName":"AmatImmo","potentialAction":[{"@type":"SearchAction","target":{"@type":"EntryPoint","urlTemplate":"https:\/\/www.amatimmobiliaris.com\/w\/?s={search_term_string}"},"query-input":{"@type":"PropertyValueSpecification","valueRequired":true,"valueName":"search_term_string"}}],"inLanguage":"es"},{"@type":"Organization","@id":"https:\/\/www.amatimmobiliaris.com\/w\/#organization","name":"Amat Immobiliaris","url":"https:\/\/www.amatimmobiliaris.com\/w\/","logo":{"@type":"ImageObject","inLanguage":"es","@id":"https:\/\/www.amatimmobiliaris.com\/w\/#\/schema\/logo\/image\/","url":"https:\/\/www.amatimmobiliaris.com\/w\/wp-content\/uploads\/2022\/10\/amat-logo.jpg","contentUrl":"https:\/\/www.amatimmobiliaris.com\/w\/wp-content\/uploads\/2022\/10\/amat-logo.jpg","width":900,"height":900,"caption":"Amat Immobiliaris"},"image":{"@id":"https:\/\/www.amatimmobiliaris.com\/w\/#\/schema\/logo\/image\/"},"sameAs":["https:\/\/www.facebook.com\/amatimmobiliaris","https:\/\/x.com\/amat_cat","https:\/\/www.instagram.com\/amat_immo\/","https:\/\/www.linkedin.com\/company\/amat-finques\/","https:\/\/www.youtube.com\/@amatimmobiliaris"]},{"@type":"Person","@id":"https:\/\/www.amatimmobiliaris.com\/w\/#\/schema\/person\/c880da71d1e156e7ea6774ffb445e034","name":"Amat Immobiliaris","sameAs":["http:\/\/amat-inmo-wp.localhost"]}]}},"_links":{"self":[{"href":"https:\/\/www.amatimmobiliaris.com\/w\/wp-json\/wp\/v2\/posts\/15721"}],"collection":[{"href":"https:\/\/www.amatimmobiliaris.com\/w\/wp-json\/wp\/v2\/posts"}],"about":[{"href":"https:\/\/www.amatimmobiliaris.com\/w\/wp-json\/wp\/v2\/types\/post"}],"author":[{"embeddable":true,"href":"https:\/\/www.amatimmobiliaris.com\/w\/wp-json\/wp\/v2\/users\/1"}],"replies":[{"embeddable":true,"href":"https:\/\/www.amatimmobiliaris.com\/w\/wp-json\/wp\/v2\/comments?post=15721"}],"version-history":[{"count":6,"href":"https:\/\/www.amatimmobiliaris.com\/w\/wp-json\/wp\/v2\/posts\/15721\/revisions"}],"predecessor-version":[{"id":27112,"href":"https:\/\/www.amatimmobiliaris.com\/w\/wp-json\/wp\/v2\/posts\/15721\/revisions\/27112"}],"wp:attachment":[{"href":"https:\/\/www.amatimmobiliaris.com\/w\/wp-json\/wp\/v2\/media?parent=15721"}],"wp:term":[{"taxonomy":"category","embeddable":true,"href":"https:\/\/www.amatimmobiliaris.com\/w\/wp-json\/wp\/v2\/categories?post=15721"},{"taxonomy":"post_tag","embeddable":true,"href":"https:\/\/www.amatimmobiliaris.com\/w\/wp-json\/wp\/v2\/tags?post=15721"}],"curies":[{"name":"wp","href":"https:\/\/api.w.org\/{rel}","templated":true}]}}