{"id":15632,"date":"2018-08-21T13:52:52","date_gmt":"2018-08-21T13:52:52","guid":{"rendered":"http:\/\/amat-inmo-wp.localhost\/2018\/08\/21\/3-escaleras-diseno-te-sorprenderan\/"},"modified":"2023-05-11T10:10:53","modified_gmt":"2023-05-11T10:10:53","slug":"3-escaleras-diseno-te-sorprenderan","status":"publish","type":"post","link":"https:\/\/www.amatimmobiliaris.com\/w\/2018\/08\/3-escaleras-diseno-te-sorprenderan\/","title":{"rendered":"3 escaleras de dise\u00f1o que te sorprenderan"},"content":{"rendered":"<p>Las\u00a0escaleras de dise\u00f1o son tan variadas como la arquitectura de cada una de las propiedades donde se encuentran. Por eso, hemos querido seleccionar diferentes estilos que se encuentran en las propiedades que actualmente tenemos en cartera.<\/p>\n<ul>\n<li>\n<h3><strong>La cl\u00e1sica<\/strong><\/h3>\n<\/li>\n<\/ul>\n<p><img loading=\"lazy\" decoding=\"async\" class=\"alignleft wp-image-12733 size-large\" src=\"https:\/\/www.amatimmobiliaris.com\/w\/wp-content\/uploads\/2022\/01\/23322-4-scaled.jpg\" width=\"1024\" height=\"680\" \/><\/p>\n<p>Una escalera preciosa con barandillas de hierro forjado con motivos cl\u00e1sicos que seria perfecta en casas con decoraci\u00f3n cl\u00e1sica. Los escalones son de m\u00e1rmol, de una calidad excepcional y no podr\u00eda ser de otra manera por tal de complementar el estilo de toda la estructura. La escalera se encuentra en una <strong>casa de Sant Cugat del Vall\u00e9s<\/strong>\u00a0 con m\u00e1s de 500 m2.<\/p>\n<ul>\n<li>\n<h3><strong>La moderna<\/strong><\/h3>\n<\/li>\n<\/ul>\n<p><img loading=\"lazy\" decoding=\"async\" class=\"alignleft size-large wp-image-12731\" src=\"https:\/\/www.amatimmobiliaris.com\/w\/wp-content\/uploads\/2022\/01\/23034-3-scaled.jpg\" alt=\"\" width=\"1024\" height=\"683\" \/><\/p>\n<p>En este caso la escalera forma parte de la misma decoraci\u00f3n ya que ocupa una parte del sal\u00f3n comedor. As\u00ed pues, se ha optado por un dise\u00f1o moderno y lo m\u00e1s parecido posible al espacio que ocupa. De hecho, el parquet y la escalera se mimetizan por tal de parecer parte de una sola pieza. Adem\u00e1s,el hecho de no tener barandilla a ambo lados tambi\u00e9n disfraza su estructura como una escalera en el mismo espacio.<\/p>\n<p>Esta propiedad se encuentra en el barrio de Pedralbes\u00a0<strong>propietat al barri de Pedralbes,<\/strong>\u00a0la zona alta de Barcelona. Una casa de m\u00e1s de 600 m2 de terreno con jard\u00edn y piscina privados.<\/p>\n<ul>\n<li>\n<h3><strong>La original<\/strong><\/h3>\n<\/li>\n<\/ul>\n<p><img loading=\"lazy\" decoding=\"async\" class=\"alignleft size-large wp-image-12737\" src=\"https:\/\/www.amatimmobiliaris.com\/w\/wp-content\/uploads\/2022\/01\/24712-3-1024x680.jpg\" alt=\"\" width=\"1024\" height=\"680\" \/><\/p>\n<p>Aunque su estructura la podr\u00edamos clasificar como \u00abvintage\u00bb, no deja de ser original. No es una escalera de caracol al uso, aunque podr\u00eda incluirse dentro de su estilo. Lo m\u00e1s original es la cadena que pasa por el hueco de la escalera, que crea un efecto decorativo aunque se trata de una l\u00e1mpara que baja hasta la planta baja.<\/p>\n<p>Esta casa se encuentra en Sant Cugat en una zona residencial y se trata de una maravillosa\u00a0<strong>villa con mucha personalidad<\/strong>.<\/p>\n","protected":false},"excerpt":{"rendered":"<p>Las\u00a0escaleras de dise\u00f1o son tan variadas como la arquitectura de cada una de las propiedades donde se encuentran. Por eso, hemos querido seleccionar diferentes estilos que se encuentran en las propiedades que actualmente tenemos en cartera. La cl\u00e1sica Una escalera preciosa con barandillas de hierro forjado con motivos cl\u00e1sicos que seria perfecta en casas con [&hellip;]<\/p>\n","protected":false},"author":1,"featured_media":15633,"comment_status":"closed","ping_status":"closed","sticky":false,"template":"","format":"standard","meta":{"content-type":"","footnotes":""},"categories":[879],"tags":[1742,1797,1817,1260],"yoast_head":"<!-- This site is optimized with the Yoast SEO plugin v23.9 - https:\/\/yoast.com\/wordpress\/plugins\/seo\/ -->\n<title>3 escaleras de dise\u00f1o que te sorprenderan | Amat Immobiliaris<\/title>\n<meta name=\"description\" content=\"Las\u00a0escaleras de dise\u00f1o son tan variadas como la arquitectura de cada una de las propiedades donde se encuentran.\" \/>\n<meta name=\"robots\" content=\"index, follow, max-snippet:-1, max-image-preview:large, max-video-preview:-1\" \/>\n<link rel=\"canonical\" href=\"https:\/\/www.amatimmobiliaris.com\/w\/2018\/08\/3-escaleras-diseno-te-sorprenderan\/\" \/>\n<meta property=\"og:locale\" content=\"es_ES\" \/>\n<meta property=\"og:type\" content=\"article\" \/>\n<meta property=\"og:title\" content=\"3 escaleras de dise\u00f1o que te sorprenderan | Amat Immobiliaris\" \/>\n<meta property=\"og:description\" content=\"Las\u00a0escaleras de dise\u00f1o son tan variadas como la arquitectura de cada una de las propiedades donde se encuentran.\" \/>\n<meta property=\"og:url\" content=\"https:\/\/www.amatimmobiliaris.com\/w\/2018\/08\/3-escaleras-diseno-te-sorprenderan\/\" \/>\n<meta property=\"og:site_name\" content=\"Amat Immobiliaris\" \/>\n<meta property=\"article:publisher\" content=\"https:\/\/www.facebook.com\/amatimmobiliaris\" \/>\n<meta property=\"article:published_time\" content=\"2018-08-21T13:52:52+00:00\" \/>\n<meta property=\"article:modified_time\" content=\"2023-05-11T10:10:53+00:00\" \/>\n<meta property=\"og:image\" content=\"https:\/\/www.amatimmobiliaris.com\/w\/wp-content\/uploads\/2022\/01\/23322-4-scaled.jpg\" \/>\n\t<meta property=\"og:image:width\" content=\"2560\" \/>\n\t<meta property=\"og:image:height\" content=\"1700\" \/>\n\t<meta property=\"og:image:type\" content=\"image\/jpeg\" \/>\n<meta name=\"author\" content=\"Amat Immobiliaris\" \/>\n<meta name=\"twitter:card\" content=\"summary_large_image\" \/>\n<meta name=\"twitter:creator\" content=\"@amat_cat\" \/>\n<meta name=\"twitter:site\" content=\"@amat_cat\" \/>\n<meta name=\"twitter:label1\" content=\"Escrito por\" \/>\n\t<meta name=\"twitter:data1\" content=\"Amat Immobiliaris\" \/>\n\t<meta name=\"twitter:label2\" content=\"Tiempo de lectura\" \/>\n\t<meta name=\"twitter:data2\" content=\"2 minutos\" \/>\n<script type=\"application\/ld+json\" class=\"yoast-schema-graph\">{\"@context\":\"https:\/\/schema.org\",\"@graph\":[{\"@type\":\"Article\",\"@id\":\"https:\/\/www.amatimmobiliaris.com\/w\/2018\/08\/3-escaleras-diseno-te-sorprenderan\/#article\",\"isPartOf\":{\"@id\":\"https:\/\/www.amatimmobiliaris.com\/w\/2018\/08\/3-escaleras-diseno-te-sorprenderan\/\"},\"author\":{\"name\":\"Amat Immobiliaris\",\"@id\":\"https:\/\/www.amatimmobiliaris.com\/w\/#\/schema\/person\/c880da71d1e156e7ea6774ffb445e034\"},\"headline\":\"3 escaleras de dise\u00f1o que te sorprenderan\",\"datePublished\":\"2018-08-21T13:52:52+00:00\",\"dateModified\":\"2023-05-11T10:10:53+00:00\",\"mainEntityOfPage\":{\"@id\":\"https:\/\/www.amatimmobiliaris.com\/w\/2018\/08\/3-escaleras-diseno-te-sorprenderan\/\"},\"wordCount\":320,\"publisher\":{\"@id\":\"https:\/\/www.amatimmobiliaris.com\/w\/#organization\"},\"image\":{\"@id\":\"https:\/\/www.amatimmobiliaris.com\/w\/2018\/08\/3-escaleras-diseno-te-sorprenderan\/#primaryimage\"},\"thumbnailUrl\":\"https:\/\/www.amatimmobiliaris.com\/w\/wp-content\/uploads\/2022\/01\/23322-4-scaled.jpg\",\"keywords\":[\"Arquitectura\",\"Decoraci\u00f3n\",\"Interiorismo\",\"Vivienda\"],\"articleSection\":[\"Arquitectura y decoraci\u00f3n\"],\"inLanguage\":\"es\"},{\"@type\":\"WebPage\",\"@id\":\"https:\/\/www.amatimmobiliaris.com\/w\/2018\/08\/3-escaleras-diseno-te-sorprenderan\/\",\"url\":\"https:\/\/www.amatimmobiliaris.com\/w\/2018\/08\/3-escaleras-diseno-te-sorprenderan\/\",\"name\":\"3 escaleras de dise\u00f1o que te sorprenderan | Amat Immobiliaris\",\"isPartOf\":{\"@id\":\"https:\/\/www.amatimmobiliaris.com\/w\/#website\"},\"primaryImageOfPage\":{\"@id\":\"https:\/\/www.amatimmobiliaris.com\/w\/2018\/08\/3-escaleras-diseno-te-sorprenderan\/#primaryimage\"},\"image\":{\"@id\":\"https:\/\/www.amatimmobiliaris.com\/w\/2018\/08\/3-escaleras-diseno-te-sorprenderan\/#primaryimage\"},\"thumbnailUrl\":\"https:\/\/www.amatimmobiliaris.com\/w\/wp-content\/uploads\/2022\/01\/23322-4-scaled.jpg\",\"datePublished\":\"2018-08-21T13:52:52+00:00\",\"dateModified\":\"2023-05-11T10:10:53+00:00\",\"description\":\"Las\u00a0escaleras de dise\u00f1o son tan variadas como la arquitectura de cada una de las propiedades donde se encuentran.\",\"breadcrumb\":{\"@id\":\"https:\/\/www.amatimmobiliaris.com\/w\/2018\/08\/3-escaleras-diseno-te-sorprenderan\/#breadcrumb\"},\"inLanguage\":\"es\",\"potentialAction\":[{\"@type\":\"ReadAction\",\"target\":[\"https:\/\/www.amatimmobiliaris.com\/w\/2018\/08\/3-escaleras-diseno-te-sorprenderan\/\"]}]},{\"@type\":\"ImageObject\",\"inLanguage\":\"es\",\"@id\":\"https:\/\/www.amatimmobiliaris.com\/w\/2018\/08\/3-escaleras-diseno-te-sorprenderan\/#primaryimage\",\"url\":\"https:\/\/www.amatimmobiliaris.com\/w\/wp-content\/uploads\/2022\/01\/23322-4-scaled.jpg\",\"contentUrl\":\"https:\/\/www.amatimmobiliaris.com\/w\/wp-content\/uploads\/2022\/01\/23322-4-scaled.jpg\",\"width\":2560,\"height\":1700},{\"@type\":\"BreadcrumbList\",\"@id\":\"https:\/\/www.amatimmobiliaris.com\/w\/2018\/08\/3-escaleras-diseno-te-sorprenderan\/#breadcrumb\",\"itemListElement\":[{\"@type\":\"ListItem\",\"position\":1,\"name\":\"Home\",\"item\":\"https:\/\/www.amatimmobiliaris.com\/w\/\"},{\"@type\":\"ListItem\",\"position\":2,\"name\":\"Arquitectura y decoraci\u00f3n\",\"item\":\"https:\/\/www.amatimmobiliaris.com\/w\/category\/arquitectura-y-decoracion\/\"},{\"@type\":\"ListItem\",\"position\":3,\"name\":\"3 escaleras de dise\u00f1o que te sorprenderan\"}]},{\"@type\":\"WebSite\",\"@id\":\"https:\/\/www.amatimmobiliaris.com\/w\/#website\",\"url\":\"https:\/\/www.amatimmobiliaris.com\/w\/\",\"name\":\"Amat Immobiliaris\",\"description\":\"Empresa familiar del sector inmobiliario con oficinas en Barcelona, Sant Cugat del Vall\u00e9s y Sant Just Desvern. Te ayudamos a comprar, alquilar o vender tu casa o piso. Somos un equipo coherente con una cultura de empresa honesta, innovadora y eficaz. Tambi\u00e9n en www.amatluxury.com\",\"publisher\":{\"@id\":\"https:\/\/www.amatimmobiliaris.com\/w\/#organization\"},\"alternateName\":\"AmatImmo\",\"potentialAction\":[{\"@type\":\"SearchAction\",\"target\":{\"@type\":\"EntryPoint\",\"urlTemplate\":\"https:\/\/www.amatimmobiliaris.com\/w\/?s={search_term_string}\"},\"query-input\":{\"@type\":\"PropertyValueSpecification\",\"valueRequired\":true,\"valueName\":\"search_term_string\"}}],\"inLanguage\":\"es\"},{\"@type\":\"Organization\",\"@id\":\"https:\/\/www.amatimmobiliaris.com\/w\/#organization\",\"name\":\"Amat Immobiliaris\",\"url\":\"https:\/\/www.amatimmobiliaris.com\/w\/\",\"logo\":{\"@type\":\"ImageObject\",\"inLanguage\":\"es\",\"@id\":\"https:\/\/www.amatimmobiliaris.com\/w\/#\/schema\/logo\/image\/\",\"url\":\"https:\/\/www.amatimmobiliaris.com\/w\/wp-content\/uploads\/2022\/10\/amat-logo.jpg\",\"contentUrl\":\"https:\/\/www.amatimmobiliaris.com\/w\/wp-content\/uploads\/2022\/10\/amat-logo.jpg\",\"width\":900,\"height\":900,\"caption\":\"Amat Immobiliaris\"},\"image\":{\"@id\":\"https:\/\/www.amatimmobiliaris.com\/w\/#\/schema\/logo\/image\/\"},\"sameAs\":[\"https:\/\/www.facebook.com\/amatimmobiliaris\",\"https:\/\/x.com\/amat_cat\",\"https:\/\/www.instagram.com\/amat_immo\/\",\"https:\/\/www.linkedin.com\/company\/amat-finques\/\",\"https:\/\/www.youtube.com\/@amatimmobiliaris\"]},{\"@type\":\"Person\",\"@id\":\"https:\/\/www.amatimmobiliaris.com\/w\/#\/schema\/person\/c880da71d1e156e7ea6774ffb445e034\",\"name\":\"Amat Immobiliaris\",\"sameAs\":[\"http:\/\/amat-inmo-wp.localhost\"]}]}<\/script>\n<!-- \/ Yoast SEO plugin. -->","yoast_head_json":{"title":"3 escaleras de dise\u00f1o que te sorprenderan | Amat Immobiliaris","description":"Las\u00a0escaleras de dise\u00f1o son tan variadas como la arquitectura de cada una de las propiedades donde se encuentran.","robots":{"index":"index","follow":"follow","max-snippet":"max-snippet:-1","max-image-preview":"max-image-preview:large","max-video-preview":"max-video-preview:-1"},"canonical":"https:\/\/www.amatimmobiliaris.com\/w\/2018\/08\/3-escaleras-diseno-te-sorprenderan\/","og_locale":"es_ES","og_type":"article","og_title":"3 escaleras de dise\u00f1o que te sorprenderan | Amat Immobiliaris","og_description":"Las\u00a0escaleras de dise\u00f1o son tan variadas como la arquitectura de cada una de las propiedades donde se encuentran.","og_url":"https:\/\/www.amatimmobiliaris.com\/w\/2018\/08\/3-escaleras-diseno-te-sorprenderan\/","og_site_name":"Amat Immobiliaris","article_publisher":"https:\/\/www.facebook.com\/amatimmobiliaris","article_published_time":"2018-08-21T13:52:52+00:00","article_modified_time":"2023-05-11T10:10:53+00:00","og_image":[{"width":2560,"height":1700,"url":"https:\/\/www.amatimmobiliaris.com\/w\/wp-content\/uploads\/2022\/01\/23322-4-scaled.jpg","type":"image\/jpeg"}],"author":"Amat Immobiliaris","twitter_card":"summary_large_image","twitter_creator":"@amat_cat","twitter_site":"@amat_cat","twitter_misc":{"Escrito por":"Amat Immobiliaris","Tiempo de lectura":"2 minutos"},"schema":{"@context":"https:\/\/schema.org","@graph":[{"@type":"Article","@id":"https:\/\/www.amatimmobiliaris.com\/w\/2018\/08\/3-escaleras-diseno-te-sorprenderan\/#article","isPartOf":{"@id":"https:\/\/www.amatimmobiliaris.com\/w\/2018\/08\/3-escaleras-diseno-te-sorprenderan\/"},"author":{"name":"Amat Immobiliaris","@id":"https:\/\/www.amatimmobiliaris.com\/w\/#\/schema\/person\/c880da71d1e156e7ea6774ffb445e034"},"headline":"3 escaleras de dise\u00f1o que te sorprenderan","datePublished":"2018-08-21T13:52:52+00:00","dateModified":"2023-05-11T10:10:53+00:00","mainEntityOfPage":{"@id":"https:\/\/www.amatimmobiliaris.com\/w\/2018\/08\/3-escaleras-diseno-te-sorprenderan\/"},"wordCount":320,"publisher":{"@id":"https:\/\/www.amatimmobiliaris.com\/w\/#organization"},"image":{"@id":"https:\/\/www.amatimmobiliaris.com\/w\/2018\/08\/3-escaleras-diseno-te-sorprenderan\/#primaryimage"},"thumbnailUrl":"https:\/\/www.amatimmobiliaris.com\/w\/wp-content\/uploads\/2022\/01\/23322-4-scaled.jpg","keywords":["Arquitectura","Decoraci\u00f3n","Interiorismo","Vivienda"],"articleSection":["Arquitectura y decoraci\u00f3n"],"inLanguage":"es"},{"@type":"WebPage","@id":"https:\/\/www.amatimmobiliaris.com\/w\/2018\/08\/3-escaleras-diseno-te-sorprenderan\/","url":"https:\/\/www.amatimmobiliaris.com\/w\/2018\/08\/3-escaleras-diseno-te-sorprenderan\/","name":"3 escaleras de dise\u00f1o que te sorprenderan | Amat Immobiliaris","isPartOf":{"@id":"https:\/\/www.amatimmobiliaris.com\/w\/#website"},"primaryImageOfPage":{"@id":"https:\/\/www.amatimmobiliaris.com\/w\/2018\/08\/3-escaleras-diseno-te-sorprenderan\/#primaryimage"},"image":{"@id":"https:\/\/www.amatimmobiliaris.com\/w\/2018\/08\/3-escaleras-diseno-te-sorprenderan\/#primaryimage"},"thumbnailUrl":"https:\/\/www.amatimmobiliaris.com\/w\/wp-content\/uploads\/2022\/01\/23322-4-scaled.jpg","datePublished":"2018-08-21T13:52:52+00:00","dateModified":"2023-05-11T10:10:53+00:00","description":"Las\u00a0escaleras de dise\u00f1o son tan variadas como la arquitectura de cada una de las propiedades donde se encuentran.","breadcrumb":{"@id":"https:\/\/www.amatimmobiliaris.com\/w\/2018\/08\/3-escaleras-diseno-te-sorprenderan\/#breadcrumb"},"inLanguage":"es","potentialAction":[{"@type":"ReadAction","target":["https:\/\/www.amatimmobiliaris.com\/w\/2018\/08\/3-escaleras-diseno-te-sorprenderan\/"]}]},{"@type":"ImageObject","inLanguage":"es","@id":"https:\/\/www.amatimmobiliaris.com\/w\/2018\/08\/3-escaleras-diseno-te-sorprenderan\/#primaryimage","url":"https:\/\/www.amatimmobiliaris.com\/w\/wp-content\/uploads\/2022\/01\/23322-4-scaled.jpg","contentUrl":"https:\/\/www.amatimmobiliaris.com\/w\/wp-content\/uploads\/2022\/01\/23322-4-scaled.jpg","width":2560,"height":1700},{"@type":"BreadcrumbList","@id":"https:\/\/www.amatimmobiliaris.com\/w\/2018\/08\/3-escaleras-diseno-te-sorprenderan\/#breadcrumb","itemListElement":[{"@type":"ListItem","position":1,"name":"Home","item":"https:\/\/www.amatimmobiliaris.com\/w\/"},{"@type":"ListItem","position":2,"name":"Arquitectura y decoraci\u00f3n","item":"https:\/\/www.amatimmobiliaris.com\/w\/category\/arquitectura-y-decoracion\/"},{"@type":"ListItem","position":3,"name":"3 escaleras de dise\u00f1o que te sorprenderan"}]},{"@type":"WebSite","@id":"https:\/\/www.amatimmobiliaris.com\/w\/#website","url":"https:\/\/www.amatimmobiliaris.com\/w\/","name":"Amat Immobiliaris","description":"Empresa familiar del sector inmobiliario con oficinas en Barcelona, Sant Cugat del Vall\u00e9s y Sant Just Desvern. Te ayudamos a comprar, alquilar o vender tu casa o piso. Somos un equipo coherente con una cultura de empresa honesta, innovadora y eficaz. Tambi\u00e9n en www.amatluxury.com","publisher":{"@id":"https:\/\/www.amatimmobiliaris.com\/w\/#organization"},"alternateName":"AmatImmo","potentialAction":[{"@type":"SearchAction","target":{"@type":"EntryPoint","urlTemplate":"https:\/\/www.amatimmobiliaris.com\/w\/?s={search_term_string}"},"query-input":{"@type":"PropertyValueSpecification","valueRequired":true,"valueName":"search_term_string"}}],"inLanguage":"es"},{"@type":"Organization","@id":"https:\/\/www.amatimmobiliaris.com\/w\/#organization","name":"Amat Immobiliaris","url":"https:\/\/www.amatimmobiliaris.com\/w\/","logo":{"@type":"ImageObject","inLanguage":"es","@id":"https:\/\/www.amatimmobiliaris.com\/w\/#\/schema\/logo\/image\/","url":"https:\/\/www.amatimmobiliaris.com\/w\/wp-content\/uploads\/2022\/10\/amat-logo.jpg","contentUrl":"https:\/\/www.amatimmobiliaris.com\/w\/wp-content\/uploads\/2022\/10\/amat-logo.jpg","width":900,"height":900,"caption":"Amat Immobiliaris"},"image":{"@id":"https:\/\/www.amatimmobiliaris.com\/w\/#\/schema\/logo\/image\/"},"sameAs":["https:\/\/www.facebook.com\/amatimmobiliaris","https:\/\/x.com\/amat_cat","https:\/\/www.instagram.com\/amat_immo\/","https:\/\/www.linkedin.com\/company\/amat-finques\/","https:\/\/www.youtube.com\/@amatimmobiliaris"]},{"@type":"Person","@id":"https:\/\/www.amatimmobiliaris.com\/w\/#\/schema\/person\/c880da71d1e156e7ea6774ffb445e034","name":"Amat Immobiliaris","sameAs":["http:\/\/amat-inmo-wp.localhost"]}]}},"_links":{"self":[{"href":"https:\/\/www.amatimmobiliaris.com\/w\/wp-json\/wp\/v2\/posts\/15632"}],"collection":[{"href":"https:\/\/www.amatimmobiliaris.com\/w\/wp-json\/wp\/v2\/posts"}],"about":[{"href":"https:\/\/www.amatimmobiliaris.com\/w\/wp-json\/wp\/v2\/types\/post"}],"author":[{"embeddable":true,"href":"https:\/\/www.amatimmobiliaris.com\/w\/wp-json\/wp\/v2\/users\/1"}],"replies":[{"embeddable":true,"href":"https:\/\/www.amatimmobiliaris.com\/w\/wp-json\/wp\/v2\/comments?post=15632"}],"version-history":[{"count":4,"href":"https:\/\/www.amatimmobiliaris.com\/w\/wp-json\/wp\/v2\/posts\/15632\/revisions"}],"predecessor-version":[{"id":24459,"href":"https:\/\/www.amatimmobiliaris.com\/w\/wp-json\/wp\/v2\/posts\/15632\/revisions\/24459"}],"wp:featuredmedia":[{"embeddable":true,"href":"https:\/\/www.amatimmobiliaris.com\/w\/wp-json\/wp\/v2\/media\/15633"}],"wp:attachment":[{"href":"https:\/\/www.amatimmobiliaris.com\/w\/wp-json\/wp\/v2\/media?parent=15632"}],"wp:term":[{"taxonomy":"category","embeddable":true,"href":"https:\/\/www.amatimmobiliaris.com\/w\/wp-json\/wp\/v2\/categories?post=15632"},{"taxonomy":"post_tag","embeddable":true,"href":"https:\/\/www.amatimmobiliaris.com\/w\/wp-json\/wp\/v2\/tags?post=15632"}],"curies":[{"name":"wp","href":"https:\/\/api.w.org\/{rel}","templated":true}]}}