{"id":15391,"date":"2018-05-29T09:09:35","date_gmt":"2018-05-29T09:09:35","guid":{"rendered":"http:\/\/amat-inmo-wp.localhost\/2018\/05\/29\/utilizar-aparcamiento-trastero\/"},"modified":"2023-05-11T09:21:40","modified_gmt":"2023-05-11T09:21:40","slug":"utilizar-aparcamiento-trastero","status":"publish","type":"post","link":"https:\/\/www.amatimmobiliaris.com\/w\/2018\/05\/utilizar-aparcamiento-trastero\/","title":{"rendered":"\u00bfUtilizar un aparcamiento como trastero?"},"content":{"rendered":"<p><em><strong>Tengo una plaza de aparcamiento en mi comunidad y \u00faltimamente veo que todo el mundo la utiliza como un almac\u00e9n para dejar todo tipo de objetos. \u00bfNo existe alguna norma que lo proh\u00edba?<\/strong><\/em><\/p>\n<p style=\"text-align: justify;\">Al margen de lo que tenga estipulada la comunidad (ya sea en escritura, ya sea en normas estatutarias), creemos que hay un factor todav\u00eda m\u00e1s importante que hay que tener en cuenta: la seguridad de todos \u2013c\u00f3mo sabe el riesgo de incendio es alto en un aparcamiento\u2013, por eso la normativa es estricta en el caso de mantener alejado de los veh\u00edculos cualquier material que pueda ayudar a propagar el fuego.<\/p>\n<p style=\"text-align: justify;\">Otro factor importante que hay que tener en cuenta y que ayuda en el cumplimiento de las normativas anti-incendio es que las compa\u00f1\u00edas aseguradoras pueden negarse, en el caso que desgraciadamente se produjera un siniestro, a hacerse cargo de los da\u00f1os, ya que todas las compa\u00f1\u00edas establecen, en su clausulado, normas muy restrictivas en esta materia.<\/p>\n","protected":false},"excerpt":{"rendered":"<p>Tengo una plaza de aparcamiento en mi comunidad y \u00faltimamente veo que todo el mundo la utiliza como un almac\u00e9n para dejar todo tipo de objetos. \u00bfNo existe alguna norma que lo proh\u00edba? Al margen de lo que tenga estipulada la comunidad (ya sea en escritura, ya sea en normas estatutarias), creemos que hay un [&hellip;]<\/p>\n","protected":false},"author":1,"featured_media":0,"comment_status":"closed","ping_status":"closed","sticky":false,"template":"","format":"standard","meta":{"content-type":"","footnotes":""},"categories":[745],"tags":[1797,1800,1564,1807,1260],"yoast_head":"<!-- This site is optimized with the Yoast SEO plugin v23.9 - https:\/\/yoast.com\/wordpress\/plugins\/seo\/ -->\n<title>\u00bfUtilizar un aparcamiento como trastero? | Amat Immobiliaris<\/title>\n<meta name=\"robots\" content=\"index, follow, max-snippet:-1, max-image-preview:large, max-video-preview:-1\" \/>\n<link rel=\"canonical\" href=\"https:\/\/www.amatimmobiliaris.com\/w\/2018\/05\/utilizar-aparcamiento-trastero\/\" \/>\n<meta property=\"og:locale\" content=\"es_ES\" \/>\n<meta property=\"og:type\" content=\"article\" \/>\n<meta property=\"og:title\" content=\"\u00bfUtilizar un aparcamiento como trastero? | Amat Immobiliaris\" \/>\n<meta property=\"og:description\" content=\"Tengo una plaza de aparcamiento en mi comunidad y \u00faltimamente veo que todo el mundo la utiliza como un almac\u00e9n para dejar todo tipo de objetos. \u00bfNo existe alguna norma que lo proh\u00edba? Al margen de lo que tenga estipulada la comunidad (ya sea en escritura, ya sea en normas estatutarias), creemos que hay un [&hellip;]\" \/>\n<meta property=\"og:url\" content=\"https:\/\/www.amatimmobiliaris.com\/w\/2018\/05\/utilizar-aparcamiento-trastero\/\" \/>\n<meta property=\"og:site_name\" content=\"Amat Immobiliaris\" \/>\n<meta property=\"article:publisher\" content=\"https:\/\/www.facebook.com\/amatimmobiliaris\" \/>\n<meta property=\"article:published_time\" content=\"2018-05-29T09:09:35+00:00\" \/>\n<meta property=\"article:modified_time\" content=\"2023-05-11T09:21:40+00:00\" \/>\n<meta property=\"og:image\" content=\"https:\/\/www.amatimmobiliaris.com\/w\/wp-content\/uploads\/2022\/01\/2014-Saga-familiar-Amat-dw-1-1024x683.jpg\" \/>\n\t<meta property=\"og:image:width\" content=\"1024\" \/>\n\t<meta property=\"og:image:height\" content=\"683\" \/>\n\t<meta property=\"og:image:type\" content=\"image\/jpeg\" \/>\n<meta name=\"author\" content=\"Amat Immobiliaris\" \/>\n<meta name=\"twitter:card\" content=\"summary_large_image\" \/>\n<meta name=\"twitter:creator\" content=\"@amat_cat\" \/>\n<meta name=\"twitter:site\" content=\"@amat_cat\" \/>\n<meta name=\"twitter:label1\" content=\"Escrito por\" \/>\n\t<meta name=\"twitter:data1\" content=\"Amat Immobiliaris\" \/>\n\t<meta name=\"twitter:label2\" content=\"Tiempo de lectura\" \/>\n\t<meta name=\"twitter:data2\" content=\"1 minuto\" \/>\n<script type=\"application\/ld+json\" class=\"yoast-schema-graph\">{\"@context\":\"https:\/\/schema.org\",\"@graph\":[{\"@type\":\"Article\",\"@id\":\"https:\/\/www.amatimmobiliaris.com\/w\/2018\/05\/utilizar-aparcamiento-trastero\/#article\",\"isPartOf\":{\"@id\":\"https:\/\/www.amatimmobiliaris.com\/w\/2018\/05\/utilizar-aparcamiento-trastero\/\"},\"author\":{\"name\":\"Amat Immobiliaris\",\"@id\":\"https:\/\/www.amatimmobiliaris.com\/w\/#\/schema\/person\/c880da71d1e156e7ea6774ffb445e034\"},\"headline\":\"\u00bfUtilizar un aparcamiento como trastero?\",\"datePublished\":\"2018-05-29T09:09:35+00:00\",\"dateModified\":\"2023-05-11T09:21:40+00:00\",\"mainEntityOfPage\":{\"@id\":\"https:\/\/www.amatimmobiliaris.com\/w\/2018\/05\/utilizar-aparcamiento-trastero\/\"},\"wordCount\":174,\"publisher\":{\"@id\":\"https:\/\/www.amatimmobiliaris.com\/w\/#organization\"},\"keywords\":[\"Decoraci\u00f3n\",\"Escritura\",\"Normativas\",\"Parking\",\"Vivienda\"],\"articleSection\":[\"El usuario pregunta\"],\"inLanguage\":\"es\"},{\"@type\":\"WebPage\",\"@id\":\"https:\/\/www.amatimmobiliaris.com\/w\/2018\/05\/utilizar-aparcamiento-trastero\/\",\"url\":\"https:\/\/www.amatimmobiliaris.com\/w\/2018\/05\/utilizar-aparcamiento-trastero\/\",\"name\":\"\u00bfUtilizar un aparcamiento como trastero? | Amat Immobiliaris\",\"isPartOf\":{\"@id\":\"https:\/\/www.amatimmobiliaris.com\/w\/#website\"},\"datePublished\":\"2018-05-29T09:09:35+00:00\",\"dateModified\":\"2023-05-11T09:21:40+00:00\",\"breadcrumb\":{\"@id\":\"https:\/\/www.amatimmobiliaris.com\/w\/2018\/05\/utilizar-aparcamiento-trastero\/#breadcrumb\"},\"inLanguage\":\"es\",\"potentialAction\":[{\"@type\":\"ReadAction\",\"target\":[\"https:\/\/www.amatimmobiliaris.com\/w\/2018\/05\/utilizar-aparcamiento-trastero\/\"]}]},{\"@type\":\"BreadcrumbList\",\"@id\":\"https:\/\/www.amatimmobiliaris.com\/w\/2018\/05\/utilizar-aparcamiento-trastero\/#breadcrumb\",\"itemListElement\":[{\"@type\":\"ListItem\",\"position\":1,\"name\":\"Home\",\"item\":\"https:\/\/www.amatimmobiliaris.com\/w\/\"},{\"@type\":\"ListItem\",\"position\":2,\"name\":\"Consejos\",\"item\":\"https:\/\/www.amatimmobiliaris.com\/w\/category\/consejos\/\"},{\"@type\":\"ListItem\",\"position\":3,\"name\":\"El usuario pregunta\",\"item\":\"https:\/\/www.amatimmobiliaris.com\/w\/category\/consejos\/el-usuario-pregunta\/\"},{\"@type\":\"ListItem\",\"position\":4,\"name\":\"\u00bfUtilizar un aparcamiento como trastero?\"}]},{\"@type\":\"WebSite\",\"@id\":\"https:\/\/www.amatimmobiliaris.com\/w\/#website\",\"url\":\"https:\/\/www.amatimmobiliaris.com\/w\/\",\"name\":\"Amat Immobiliaris\",\"description\":\"Empresa familiar del sector inmobiliario con oficinas en Barcelona, Sant Cugat del Vall\u00e9s y Sant Just Desvern. Te ayudamos a comprar, alquilar o vender tu casa o piso. Somos un equipo coherente con una cultura de empresa honesta, innovadora y eficaz. Tambi\u00e9n en www.amatluxury.com\",\"publisher\":{\"@id\":\"https:\/\/www.amatimmobiliaris.com\/w\/#organization\"},\"alternateName\":\"AmatImmo\",\"potentialAction\":[{\"@type\":\"SearchAction\",\"target\":{\"@type\":\"EntryPoint\",\"urlTemplate\":\"https:\/\/www.amatimmobiliaris.com\/w\/?s={search_term_string}\"},\"query-input\":{\"@type\":\"PropertyValueSpecification\",\"valueRequired\":true,\"valueName\":\"search_term_string\"}}],\"inLanguage\":\"es\"},{\"@type\":\"Organization\",\"@id\":\"https:\/\/www.amatimmobiliaris.com\/w\/#organization\",\"name\":\"Amat Immobiliaris\",\"url\":\"https:\/\/www.amatimmobiliaris.com\/w\/\",\"logo\":{\"@type\":\"ImageObject\",\"inLanguage\":\"es\",\"@id\":\"https:\/\/www.amatimmobiliaris.com\/w\/#\/schema\/logo\/image\/\",\"url\":\"https:\/\/www.amatimmobiliaris.com\/w\/wp-content\/uploads\/2022\/10\/amat-logo.jpg\",\"contentUrl\":\"https:\/\/www.amatimmobiliaris.com\/w\/wp-content\/uploads\/2022\/10\/amat-logo.jpg\",\"width\":900,\"height\":900,\"caption\":\"Amat Immobiliaris\"},\"image\":{\"@id\":\"https:\/\/www.amatimmobiliaris.com\/w\/#\/schema\/logo\/image\/\"},\"sameAs\":[\"https:\/\/www.facebook.com\/amatimmobiliaris\",\"https:\/\/x.com\/amat_cat\",\"https:\/\/www.instagram.com\/amat_immo\/\",\"https:\/\/www.linkedin.com\/company\/amat-finques\/\",\"https:\/\/www.youtube.com\/@amatimmobiliaris\"]},{\"@type\":\"Person\",\"@id\":\"https:\/\/www.amatimmobiliaris.com\/w\/#\/schema\/person\/c880da71d1e156e7ea6774ffb445e034\",\"name\":\"Amat Immobiliaris\",\"sameAs\":[\"http:\/\/amat-inmo-wp.localhost\"]}]}<\/script>\n<!-- \/ Yoast SEO plugin. -->","yoast_head_json":{"title":"\u00bfUtilizar un aparcamiento como trastero? | Amat Immobiliaris","robots":{"index":"index","follow":"follow","max-snippet":"max-snippet:-1","max-image-preview":"max-image-preview:large","max-video-preview":"max-video-preview:-1"},"canonical":"https:\/\/www.amatimmobiliaris.com\/w\/2018\/05\/utilizar-aparcamiento-trastero\/","og_locale":"es_ES","og_type":"article","og_title":"\u00bfUtilizar un aparcamiento como trastero? | Amat Immobiliaris","og_description":"Tengo una plaza de aparcamiento en mi comunidad y \u00faltimamente veo que todo el mundo la utiliza como un almac\u00e9n para dejar todo tipo de objetos. \u00bfNo existe alguna norma que lo proh\u00edba? Al margen de lo que tenga estipulada la comunidad (ya sea en escritura, ya sea en normas estatutarias), creemos que hay un [&hellip;]","og_url":"https:\/\/www.amatimmobiliaris.com\/w\/2018\/05\/utilizar-aparcamiento-trastero\/","og_site_name":"Amat Immobiliaris","article_publisher":"https:\/\/www.facebook.com\/amatimmobiliaris","article_published_time":"2018-05-29T09:09:35+00:00","article_modified_time":"2023-05-11T09:21:40+00:00","og_image":[{"width":1024,"height":683,"url":"https:\/\/www.amatimmobiliaris.com\/w\/wp-content\/uploads\/2022\/01\/2014-Saga-familiar-Amat-dw-1-1024x683.jpg","type":"image\/jpeg"}],"author":"Amat Immobiliaris","twitter_card":"summary_large_image","twitter_creator":"@amat_cat","twitter_site":"@amat_cat","twitter_misc":{"Escrito por":"Amat Immobiliaris","Tiempo de lectura":"1 minuto"},"schema":{"@context":"https:\/\/schema.org","@graph":[{"@type":"Article","@id":"https:\/\/www.amatimmobiliaris.com\/w\/2018\/05\/utilizar-aparcamiento-trastero\/#article","isPartOf":{"@id":"https:\/\/www.amatimmobiliaris.com\/w\/2018\/05\/utilizar-aparcamiento-trastero\/"},"author":{"name":"Amat Immobiliaris","@id":"https:\/\/www.amatimmobiliaris.com\/w\/#\/schema\/person\/c880da71d1e156e7ea6774ffb445e034"},"headline":"\u00bfUtilizar un aparcamiento como trastero?","datePublished":"2018-05-29T09:09:35+00:00","dateModified":"2023-05-11T09:21:40+00:00","mainEntityOfPage":{"@id":"https:\/\/www.amatimmobiliaris.com\/w\/2018\/05\/utilizar-aparcamiento-trastero\/"},"wordCount":174,"publisher":{"@id":"https:\/\/www.amatimmobiliaris.com\/w\/#organization"},"keywords":["Decoraci\u00f3n","Escritura","Normativas","Parking","Vivienda"],"articleSection":["El usuario pregunta"],"inLanguage":"es"},{"@type":"WebPage","@id":"https:\/\/www.amatimmobiliaris.com\/w\/2018\/05\/utilizar-aparcamiento-trastero\/","url":"https:\/\/www.amatimmobiliaris.com\/w\/2018\/05\/utilizar-aparcamiento-trastero\/","name":"\u00bfUtilizar un aparcamiento como trastero? | Amat Immobiliaris","isPartOf":{"@id":"https:\/\/www.amatimmobiliaris.com\/w\/#website"},"datePublished":"2018-05-29T09:09:35+00:00","dateModified":"2023-05-11T09:21:40+00:00","breadcrumb":{"@id":"https:\/\/www.amatimmobiliaris.com\/w\/2018\/05\/utilizar-aparcamiento-trastero\/#breadcrumb"},"inLanguage":"es","potentialAction":[{"@type":"ReadAction","target":["https:\/\/www.amatimmobiliaris.com\/w\/2018\/05\/utilizar-aparcamiento-trastero\/"]}]},{"@type":"BreadcrumbList","@id":"https:\/\/www.amatimmobiliaris.com\/w\/2018\/05\/utilizar-aparcamiento-trastero\/#breadcrumb","itemListElement":[{"@type":"ListItem","position":1,"name":"Home","item":"https:\/\/www.amatimmobiliaris.com\/w\/"},{"@type":"ListItem","position":2,"name":"Consejos","item":"https:\/\/www.amatimmobiliaris.com\/w\/category\/consejos\/"},{"@type":"ListItem","position":3,"name":"El usuario pregunta","item":"https:\/\/www.amatimmobiliaris.com\/w\/category\/consejos\/el-usuario-pregunta\/"},{"@type":"ListItem","position":4,"name":"\u00bfUtilizar un aparcamiento como trastero?"}]},{"@type":"WebSite","@id":"https:\/\/www.amatimmobiliaris.com\/w\/#website","url":"https:\/\/www.amatimmobiliaris.com\/w\/","name":"Amat Immobiliaris","description":"Empresa familiar del sector inmobiliario con oficinas en Barcelona, Sant Cugat del Vall\u00e9s y Sant Just Desvern. Te ayudamos a comprar, alquilar o vender tu casa o piso. Somos un equipo coherente con una cultura de empresa honesta, innovadora y eficaz. Tambi\u00e9n en www.amatluxury.com","publisher":{"@id":"https:\/\/www.amatimmobiliaris.com\/w\/#organization"},"alternateName":"AmatImmo","potentialAction":[{"@type":"SearchAction","target":{"@type":"EntryPoint","urlTemplate":"https:\/\/www.amatimmobiliaris.com\/w\/?s={search_term_string}"},"query-input":{"@type":"PropertyValueSpecification","valueRequired":true,"valueName":"search_term_string"}}],"inLanguage":"es"},{"@type":"Organization","@id":"https:\/\/www.amatimmobiliaris.com\/w\/#organization","name":"Amat Immobiliaris","url":"https:\/\/www.amatimmobiliaris.com\/w\/","logo":{"@type":"ImageObject","inLanguage":"es","@id":"https:\/\/www.amatimmobiliaris.com\/w\/#\/schema\/logo\/image\/","url":"https:\/\/www.amatimmobiliaris.com\/w\/wp-content\/uploads\/2022\/10\/amat-logo.jpg","contentUrl":"https:\/\/www.amatimmobiliaris.com\/w\/wp-content\/uploads\/2022\/10\/amat-logo.jpg","width":900,"height":900,"caption":"Amat Immobiliaris"},"image":{"@id":"https:\/\/www.amatimmobiliaris.com\/w\/#\/schema\/logo\/image\/"},"sameAs":["https:\/\/www.facebook.com\/amatimmobiliaris","https:\/\/x.com\/amat_cat","https:\/\/www.instagram.com\/amat_immo\/","https:\/\/www.linkedin.com\/company\/amat-finques\/","https:\/\/www.youtube.com\/@amatimmobiliaris"]},{"@type":"Person","@id":"https:\/\/www.amatimmobiliaris.com\/w\/#\/schema\/person\/c880da71d1e156e7ea6774ffb445e034","name":"Amat Immobiliaris","sameAs":["http:\/\/amat-inmo-wp.localhost"]}]}},"_links":{"self":[{"href":"https:\/\/www.amatimmobiliaris.com\/w\/wp-json\/wp\/v2\/posts\/15391"}],"collection":[{"href":"https:\/\/www.amatimmobiliaris.com\/w\/wp-json\/wp\/v2\/posts"}],"about":[{"href":"https:\/\/www.amatimmobiliaris.com\/w\/wp-json\/wp\/v2\/types\/post"}],"author":[{"embeddable":true,"href":"https:\/\/www.amatimmobiliaris.com\/w\/wp-json\/wp\/v2\/users\/1"}],"replies":[{"embeddable":true,"href":"https:\/\/www.amatimmobiliaris.com\/w\/wp-json\/wp\/v2\/comments?post=15391"}],"version-history":[{"count":1,"href":"https:\/\/www.amatimmobiliaris.com\/w\/wp-json\/wp\/v2\/posts\/15391\/revisions"}],"predecessor-version":[{"id":27541,"href":"https:\/\/www.amatimmobiliaris.com\/w\/wp-json\/wp\/v2\/posts\/15391\/revisions\/27541"}],"wp:attachment":[{"href":"https:\/\/www.amatimmobiliaris.com\/w\/wp-json\/wp\/v2\/media?parent=15391"}],"wp:term":[{"taxonomy":"category","embeddable":true,"href":"https:\/\/www.amatimmobiliaris.com\/w\/wp-json\/wp\/v2\/categories?post=15391"},{"taxonomy":"post_tag","embeddable":true,"href":"https:\/\/www.amatimmobiliaris.com\/w\/wp-json\/wp\/v2\/tags?post=15391"}],"curies":[{"name":"wp","href":"https:\/\/api.w.org\/{rel}","templated":true}]}}